{"id":13853,"date":"2022-04-28T11:39:08","date_gmt":"2022-04-28T09:39:08","guid":{"rendered":"https:\/\/www.sindicaturabarcelona.cat\/?p=13853"},"modified":"2022-04-28T11:39:11","modified_gmt":"2022-04-28T09:39:11","slug":"sindicatura-greuges-barcelona-abre-actuacion-oficio-condiciones-cap-gotic-salud","status":"publish","type":"post","link":"https:\/\/www.sindicaturabarcelona.cat\/es\/sindicatura-greuges-barcelona-abre-actuacion-oficio-condiciones-cap-gotic-salud\/","title":{"rendered":"La Sindicatura de Greuges de Barcelona abre una actuaci\u00f3n de oficio para conocer las previsiones de mejora de las condiciones actuales del CAP G\u00f2tic"},"content":{"rendered":"\n<p class=\"has-text-align-justify\">Despu\u00e9s de llevar a cabo dos visitas en el CAP G\u00f2tic durante el mes de abril de este a\u00f1o, la Sindicatura de Greuges de Barcelona ha abierto una actuaci\u00f3n de oficio para pedir <strong>informaci\u00f3n al consistorio sobre la previsi\u00f3n del nuevo emplazamiento y las medidas impulsadas para mejorar la falta de espacio y los problemas recurrentes con las filtraciones de aguas residuales<\/strong> que sufren en la ubicaci\u00f3n actual.<\/p>\n\n\n\n<p><strong><mark style=\"background-color:rgba(0, 0, 0, 0)\" class=\"has-inline-color has-vivid-cyan-blue-color\"><span style=\"text-decoration: underline;\" class=\"ek-underline\">La falta de espacio<\/span><\/mark><\/strong><\/p>\n\n\n\n<p class=\"has-text-align-justify\">El equipo directivo del CAP G\u00f2tic ha expuesto a la Sindicatura de Greuges de Barcelona que el principal problema con el que se encuentran es la <strong>falta de espacio para desarrollar su tarea con normalidad, situaci\u00f3n que genera afectaciones importantes en la atenci\u00f3n a las personas usuarias y en las condiciones de trabajo.<\/strong><\/p>\n\n\n\n<p class=\"has-text-align-justify\"><strong>Las problem\u00e1ticas generadas por la falta de espacio son diversas:<\/strong> dificultades para almacenar todos los elementos de atenci\u00f3n m\u00e9dica; espacios previstos para trabajo interno (salas de reuniones o biblioteca) que tienen m\u00faltiples funciones; los despachos de trabajo tienen cajas y objetos de almac\u00e9n; las consultas son compartidas por diferentes profesionales en diferentes franjas horarias o d\u00edas; los vestuarios tienen unas dimensiones totalmente inadecuadas, y las personas trabajadoras no disponen de taquilla propia.<\/p>\n\n\n\n<figure class=\"wp-block-image size-large\"><img decoding=\"async\" src=\"https:\/\/www.sindicaturabarcelona.cat\/wp-content\/uploads\/2022\/04\/Ok3-1024x683.jpg\" alt=\"\" class=\"wp-image-13855\"\/><figcaption>Despacho del equipo professional<\/figcaption><\/figure>\n\n\n\n<p class=\"has-text-align-justify\"><strong>La <a href=\"https:\/\/www.sindicaturabarcelona.cat\/es\/\" target=\"_blank\" aria-label=\"Sindicatura de Greuges de Barcelona (opens in a new tab)\" rel=\"noreferrer noopener\" class=\"ek-link\">Sindicatura de Greuges de Barcelona<\/a> tambi\u00e9n visit\u00f3 los m\u00f3dulos habilitados delante del CAP G\u00f2tic<\/strong>, donde se hizo la atenci\u00f3n Covid-19 y que ahora se ha recuperado para las diferentes especialidades m\u00e9dicas. <strong>En este emplazamiento, las consultas no tienen las medidas ni las condiciones necesarias para hacer una atenci\u00f3n m\u00e9dica adecuada.<\/strong><\/p>\n\n\n\n<p class=\"has-text-align-justify\">Por ejemplo, en el caso de atenci\u00f3n a urgencias, hace falta que la litera donde el paciente est\u00e1 estirado sea accesible desde derecha e izquierda. Aqu\u00ed no es posible. Otros d\u00e9ficits son la inexistencia de una superficie sobre la cual puedan preparar los medicamentos o tratamientos a aplicar, o la inadecuada atenci\u00f3n que pueden recibir las personas usuarias de sillas de ruedas.<\/p>\n\n\n\n<figure class=\"wp-block-image is-resized\"><img loading=\"lazy\" decoding=\"async\" src=\"https:\/\/www.sindicaturabarcelona.cat\/wp-content\/uploads\/2022\/04\/Ok6-1024x683.jpg\" alt=\"Aquesta imatge t\u00e9 l'atribut alt buit; el seu nom \u00e9s Ok6-1024x683.jpg\" width=\"840\" height=\"560\"\/><figcaption>Consulta m\u00e9dica. La litera no tiene espacio por los dos lados.<\/figcaption><\/figure>\n\n\n\n<p class=\"has-text-align-justify\">El <em><a aria-label=\"Convenio entre la Generalitat de Catalu\u00f1a, el Consorcio Sanitario de Barcelona y el Ayuntamiento de Barcelona para la mejora de la calidad de la red sanitaria de la ciudad (opens in a new tab)\" href=\"https:\/\/bcnroc.ajuntament.barcelona.cat\/jspui\/bitstream\/11703\/108899\/1\/Conveni%20qualitat%20xarxa%20sanit%C3%A0ria%20Barcelona_2008.pdf\" target=\"_blank\" rel=\"noreferrer noopener\" class=\"ek-link\">Convenio entre la Generalitat de Catalu\u00f1a, el Consorcio Sanitario de Barcelona y el Ayuntamiento de Barcelona para la mejora de la calidad de la red sanitaria de la ciudad<\/a><\/em>, de 8 de octubre de 2008, aprob\u00f3 la reserva de espacio para un nuevo CAP en sustituci\u00f3n del actual. Ya han transcurrido catorce a\u00f1os y seg\u00fan las \u00faltimas informaciones recibidas, el nuevo emplazamiento estar\u00eda previsto en las dependencias municipales de la plaza de Carles Pi i Sunyer en el a\u00f1o 2028.<\/p>\n\n\n\n<figure class=\"wp-block-image size-large\"><img decoding=\"async\" src=\"https:\/\/www.sindicaturabarcelona.cat\/wp-content\/uploads\/2022\/04\/Ok-1024x683.jpg\" alt=\"\" class=\"wp-image-13859\"\/><\/figure>\n\n\n\n<figure class=\"wp-block-image size-large\"><img decoding=\"async\" src=\"https:\/\/www.sindicaturabarcelona.cat\/wp-content\/uploads\/2022\/04\/Ok2-1024x683.jpg\" alt=\"\" class=\"wp-image-13858\"\/><\/figure>\n\n\n\n<p><\/p>\n\n\n\n<p class=\"has-text-align-justify\"><strong><mark style=\"background-color:rgba(0, 0, 0, 0)\" class=\"has-inline-color has-vivid-cyan-blue-color\"><span style=\"text-decoration: underline;\" class=\"ek-underline\">Las filtraciones de aguas residuales<\/span><\/mark><\/strong><\/p>\n\n\n\n<p class=\"has-text-align-justify\"><strong>Desde a\u00f1os atr\u00e1s, el CAP G\u00f2tic sufre filtraciones de aguas residuales, <\/strong>situaci\u00f3n que ha provocado incluso el cierre temporal del centro por no poder llevarse a cabo la actividad con normalidad. El ICS (Institut Catal\u00e0 de la Salut) ubica el origen de estas filtraciones en los pisos situados encima del CAP, unas viviendas gestionadas por la Ag\u00e8ncia de l\u2019Habitatge de Catalunya.<\/p>\n\n\n\n<figure class=\"wp-block-image size-large\"><img decoding=\"async\" src=\"https:\/\/www.sindicaturabarcelona.cat\/wp-content\/uploads\/2022\/04\/Ok4-1024x683.jpg\" alt=\"\" class=\"wp-image-13857\"\/><\/figure>\n\n\n\n<p><\/p>\n\n\n\n<p><strong><mark style=\"background-color:rgba(0, 0, 0, 0)\" class=\"has-inline-color has-vivid-cyan-blue-color\"><span style=\"text-decoration: underline;\" class=\"ek-underline\">El CAP G\u00f2tic recibe la Medalla de Honor de Barcelona 2021<\/span><\/mark><\/strong><\/p>\n\n\n\n<p><strong>La Sindicatura de Greuges de Barcelona quiere reconocer la tarea de todas las personas trabajadoras del CAP G\u00f2tic, que llevan a cabo un gran esfuerzo para que todas las problem\u00e1ticas que sufren en su d\u00eda a d\u00eda laboral no lleguen a la ciudadan\u00eda<\/strong>. <\/p>\n\n\n\n<p>El CAP G\u00f2tic recibi\u00f3 la Medalla de Honor de Barcelona 2021, una distinci\u00f3n del Ayuntamiento por su implicaci\u00f3n en los problemas sanitarios, pero tambi\u00e9n en el abordaje de problemas sociales, econ\u00f3micos y comunitarios.<\/p>\n","protected":false},"excerpt":{"rendered":"<p>Despu\u00e9s de llevar a cabo dos visitas en el CAP G\u00f2tic durante el mes de abril de este a\u00f1o, la Sindicatura de Greuges de Barcelona ha abierto una actuaci\u00f3n de [&hellip;]<\/p>\n","protected":false},"author":2,"featured_media":13851,"comment_status":"closed","ping_status":"open","sticky":false,"template":"","format":"standard","meta":{"_acf_changed":false,"footnotes":""},"tags":[],"drets":[1475],"class_list":["post-13853","post","type-post","status-publish","format-standard","has-post-thumbnail","hentry","drets-ciudad-equitativa"],"acf":[],"yoast_head":"<!-- This site is optimized with the Yoast SEO plugin v27.5 - https:\/\/yoast.com\/product\/yoast-seo-wordpress\/ -->\n<title>La Sindicatura de Greuges de Barcelona abre una actuaci\u00f3n de oficio para conocer las previsiones de mejora de las condiciones actuales del CAP G\u00f2tic - Sindicatura de Greuges de Barcelona<\/title>\n<meta name=\"description\" content=\"La defensoria pide informaci\u00f3n al consistorio sobre la previsi\u00f3n del nuevo emplazamiento y las medidas impulsadas para mejorar la falta de espacio y\" \/>\n<meta name=\"robots\" content=\"index, follow, max-snippet:-1, max-image-preview:large, max-video-preview:-1\" \/>\n<link rel=\"canonical\" href=\"https:\/\/www.sindicaturabarcelona.cat\/es\/sindicatura-greuges-barcelona-abre-actuacion-oficio-condiciones-cap-gotic-salud\/\" \/>\n<meta property=\"og:locale\" content=\"es_ES\" \/>\n<meta property=\"og:type\" content=\"article\" \/>\n<meta property=\"og:title\" content=\"La Sindicatura de Greuges de Barcelona abre una actuaci\u00f3n de oficio para conocer las previsiones de mejora de las condiciones actuales del CAP G\u00f2tic - Sindicatura de Greuges de Barcelona\" \/>\n<meta property=\"og:description\" content=\"La defensoria pide informaci\u00f3n al consistorio sobre la previsi\u00f3n del nuevo emplazamiento y las medidas impulsadas para mejorar la falta de espacio y\" \/>\n<meta property=\"og:url\" content=\"https:\/\/www.sindicaturabarcelona.cat\/es\/sindicatura-greuges-barcelona-abre-actuacion-oficio-condiciones-cap-gotic-salud\/\" \/>\n<meta property=\"og:site_name\" content=\"Sindicatura de Greuges de Barcelona\" \/>\n<meta property=\"article:published_time\" content=\"2022-04-28T09:39:08+00:00\" \/>\n<meta property=\"article:modified_time\" content=\"2022-04-28T09:39:11+00:00\" \/>\n<meta property=\"og:image\" content=\"https:\/\/www.sindicaturabarcelona.cat\/wp-content\/uploads\/2022\/04\/VisitaCap-scaled.jpg\" \/>\n\t<meta property=\"og:image:width\" content=\"2560\" \/>\n\t<meta property=\"og:image:height\" content=\"1707\" \/>\n\t<meta property=\"og:image:type\" content=\"image\/jpeg\" \/>\n<meta name=\"author\" content=\"Pablo\" \/>\n<meta name=\"twitter:card\" content=\"summary_large_image\" \/>\n<meta name=\"twitter:creator\" content=\"@sindicbarcelona\" \/>\n<meta name=\"twitter:site\" content=\"@sindicbarcelona\" \/>\n<meta name=\"twitter:label1\" content=\"Escrito por\" \/>\n\t<meta name=\"twitter:data1\" content=\"Pablo\" \/>\n\t<meta name=\"twitter:label2\" content=\"Tiempo de lectura\" \/>\n\t<meta name=\"twitter:data2\" content=\"5 minutos\" \/>\n<script type=\"application\/ld+json\" class=\"yoast-schema-graph\">{\"@context\":\"https:\\\/\\\/schema.org\",\"@graph\":[{\"@type\":\"Article\",\"@id\":\"https:\\\/\\\/www.sindicaturabarcelona.cat\\\/es\\\/sindicatura-greuges-barcelona-abre-actuacion-oficio-condiciones-cap-gotic-salud\\\/#article\",\"isPartOf\":{\"@id\":\"https:\\\/\\\/www.sindicaturabarcelona.cat\\\/es\\\/sindicatura-greuges-barcelona-abre-actuacion-oficio-condiciones-cap-gotic-salud\\\/\"},\"author\":{\"name\":\"Pablo\",\"@id\":\"https:\\\/\\\/www.sindicaturabarcelona.cat\\\/es\\\/#\\\/schema\\\/person\\\/0e5acffc350ffdbc97578159322c9452\"},\"headline\":\"La Sindicatura de Greuges de Barcelona abre una actuaci\u00f3n de oficio para conocer las previsiones de mejora de las condiciones actuales del CAP G\u00f2tic\",\"datePublished\":\"2022-04-28T09:39:08+00:00\",\"dateModified\":\"2022-04-28T09:39:11+00:00\",\"mainEntityOfPage\":{\"@id\":\"https:\\\/\\\/www.sindicaturabarcelona.cat\\\/es\\\/sindicatura-greuges-barcelona-abre-actuacion-oficio-condiciones-cap-gotic-salud\\\/\"},\"wordCount\":630,\"publisher\":{\"@id\":\"https:\\\/\\\/www.sindicaturabarcelona.cat\\\/es\\\/#organization\"},\"image\":{\"@id\":\"https:\\\/\\\/www.sindicaturabarcelona.cat\\\/es\\\/sindicatura-greuges-barcelona-abre-actuacion-oficio-condiciones-cap-gotic-salud\\\/#primaryimage\"},\"thumbnailUrl\":\"https:\\\/\\\/www.sindicaturabarcelona.cat\\\/wp-content\\\/uploads\\\/2022\\\/04\\\/VisitaCap-scaled.jpg\",\"articleSection\":[\"General\"],\"inLanguage\":\"es\"},{\"@type\":\"WebPage\",\"@id\":\"https:\\\/\\\/www.sindicaturabarcelona.cat\\\/es\\\/sindicatura-greuges-barcelona-abre-actuacion-oficio-condiciones-cap-gotic-salud\\\/\",\"url\":\"https:\\\/\\\/www.sindicaturabarcelona.cat\\\/es\\\/sindicatura-greuges-barcelona-abre-actuacion-oficio-condiciones-cap-gotic-salud\\\/\",\"name\":\"La Sindicatura de Greuges de Barcelona abre una actuaci\u00f3n de oficio para conocer las previsiones de mejora de las condiciones actuales del CAP G\u00f2tic - Sindicatura de Greuges de Barcelona\",\"isPartOf\":{\"@id\":\"https:\\\/\\\/www.sindicaturabarcelona.cat\\\/es\\\/#website\"},\"primaryImageOfPage\":{\"@id\":\"https:\\\/\\\/www.sindicaturabarcelona.cat\\\/es\\\/sindicatura-greuges-barcelona-abre-actuacion-oficio-condiciones-cap-gotic-salud\\\/#primaryimage\"},\"image\":{\"@id\":\"https:\\\/\\\/www.sindicaturabarcelona.cat\\\/es\\\/sindicatura-greuges-barcelona-abre-actuacion-oficio-condiciones-cap-gotic-salud\\\/#primaryimage\"},\"thumbnailUrl\":\"https:\\\/\\\/www.sindicaturabarcelona.cat\\\/wp-content\\\/uploads\\\/2022\\\/04\\\/VisitaCap-scaled.jpg\",\"datePublished\":\"2022-04-28T09:39:08+00:00\",\"dateModified\":\"2022-04-28T09:39:11+00:00\",\"description\":\"La defensoria pide informaci\u00f3n al consistorio sobre la previsi\u00f3n del nuevo emplazamiento y las medidas impulsadas para mejorar la falta de espacio y\",\"breadcrumb\":{\"@id\":\"https:\\\/\\\/www.sindicaturabarcelona.cat\\\/es\\\/sindicatura-greuges-barcelona-abre-actuacion-oficio-condiciones-cap-gotic-salud\\\/#breadcrumb\"},\"inLanguage\":\"es\",\"potentialAction\":[{\"@type\":\"ReadAction\",\"target\":[\"https:\\\/\\\/www.sindicaturabarcelona.cat\\\/es\\\/sindicatura-greuges-barcelona-abre-actuacion-oficio-condiciones-cap-gotic-salud\\\/\"]}]},{\"@type\":\"ImageObject\",\"inLanguage\":\"es\",\"@id\":\"https:\\\/\\\/www.sindicaturabarcelona.cat\\\/es\\\/sindicatura-greuges-barcelona-abre-actuacion-oficio-condiciones-cap-gotic-salud\\\/#primaryimage\",\"url\":\"https:\\\/\\\/www.sindicaturabarcelona.cat\\\/wp-content\\\/uploads\\\/2022\\\/04\\\/VisitaCap-scaled.jpg\",\"contentUrl\":\"https:\\\/\\\/www.sindicaturabarcelona.cat\\\/wp-content\\\/uploads\\\/2022\\\/04\\\/VisitaCap-scaled.jpg\",\"width\":2560,\"height\":1707,\"caption\":\"Visita Cap Gotic\"},{\"@type\":\"BreadcrumbList\",\"@id\":\"https:\\\/\\\/www.sindicaturabarcelona.cat\\\/es\\\/sindicatura-greuges-barcelona-abre-actuacion-oficio-condiciones-cap-gotic-salud\\\/#breadcrumb\",\"itemListElement\":[{\"@type\":\"ListItem\",\"position\":1,\"name\":\"Inici\",\"item\":\"https:\\\/\\\/www.sindicaturabarcelona.cat\\\/es\\\/\"},{\"@type\":\"ListItem\",\"position\":2,\"name\":\"La Sindicatura de Greuges de Barcelona abre una actuaci\u00f3n de oficio para conocer las previsiones de mejora de las condiciones actuales del CAP G\u00f2tic\"}]},{\"@type\":\"WebSite\",\"@id\":\"https:\\\/\\\/www.sindicaturabarcelona.cat\\\/es\\\/#website\",\"url\":\"https:\\\/\\\/www.sindicaturabarcelona.cat\\\/es\\\/\",\"name\":\"Sindicatura de Greuges de Barcelona\",\"description\":\"La defensoria dels teus drets\",\"publisher\":{\"@id\":\"https:\\\/\\\/www.sindicaturabarcelona.cat\\\/es\\\/#organization\"},\"potentialAction\":[{\"@type\":\"SearchAction\",\"target\":{\"@type\":\"EntryPoint\",\"urlTemplate\":\"https:\\\/\\\/www.sindicaturabarcelona.cat\\\/es\\\/?s={search_term_string}\"},\"query-input\":{\"@type\":\"PropertyValueSpecification\",\"valueRequired\":true,\"valueName\":\"search_term_string\"}}],\"inLanguage\":\"es\"},{\"@type\":\"Organization\",\"@id\":\"https:\\\/\\\/www.sindicaturabarcelona.cat\\\/es\\\/#organization\",\"name\":\"Sindicatura de Greuges de Barcelona\",\"url\":\"https:\\\/\\\/www.sindicaturabarcelona.cat\\\/es\\\/\",\"logo\":{\"@type\":\"ImageObject\",\"inLanguage\":\"es\",\"@id\":\"https:\\\/\\\/www.sindicaturabarcelona.cat\\\/es\\\/#\\\/schema\\\/logo\\\/image\\\/\",\"url\":\"https:\\\/\\\/www.sindicaturabarcelona.cat\\\/wp-content\\\/uploads\\\/2023\\\/02\\\/logo_sindicatura.svg\",\"contentUrl\":\"https:\\\/\\\/www.sindicaturabarcelona.cat\\\/wp-content\\\/uploads\\\/2023\\\/02\\\/logo_sindicatura.svg\",\"caption\":\"Sindicatura de Greuges de Barcelona\"},\"image\":{\"@id\":\"https:\\\/\\\/www.sindicaturabarcelona.cat\\\/es\\\/#\\\/schema\\\/logo\\\/image\\\/\"},\"sameAs\":[\"https:\\\/\\\/x.com\\\/sindicbarcelona\",\"https:\\\/\\\/www.instagram.com\\\/sindicbarcelona\\\/\",\"https:\\\/\\\/www.tiktok.com\\\/@sindicaturabcn\",\"https:\\\/\\\/t.me\\\/sindicaturabarcelona\"]},{\"@type\":\"Person\",\"@id\":\"https:\\\/\\\/www.sindicaturabarcelona.cat\\\/es\\\/#\\\/schema\\\/person\\\/0e5acffc350ffdbc97578159322c9452\",\"name\":\"Pablo\",\"image\":{\"@type\":\"ImageObject\",\"inLanguage\":\"es\",\"@id\":\"https:\\\/\\\/secure.gravatar.com\\\/avatar\\\/c948169b402ef9492afde705c3dfd5e90e1a6a84ef6840a91124f805a25a480f?s=96&d=mm&r=g\",\"url\":\"https:\\\/\\\/secure.gravatar.com\\\/avatar\\\/c948169b402ef9492afde705c3dfd5e90e1a6a84ef6840a91124f805a25a480f?s=96&d=mm&r=g\",\"contentUrl\":\"https:\\\/\\\/secure.gravatar.com\\\/avatar\\\/c948169b402ef9492afde705c3dfd5e90e1a6a84ef6840a91124f805a25a480f?s=96&d=mm&r=g\",\"caption\":\"Pablo\"},\"url\":\"https:\\\/\\\/www.sindicaturabarcelona.cat\\\/es\\\/author\\\/pablo\\\/\"}]}<\/script>\n<!-- \/ Yoast SEO plugin. -->","yoast_head_json":{"title":"La Sindicatura de Greuges de Barcelona abre una actuaci\u00f3n de oficio para conocer las previsiones de mejora de las condiciones actuales del CAP G\u00f2tic - Sindicatura de Greuges de Barcelona","description":"La defensoria pide informaci\u00f3n al consistorio sobre la previsi\u00f3n del nuevo emplazamiento y las medidas impulsadas para mejorar la falta de espacio y","robots":{"index":"index","follow":"follow","max-snippet":"max-snippet:-1","max-image-preview":"max-image-preview:large","max-video-preview":"max-video-preview:-1"},"canonical":"https:\/\/www.sindicaturabarcelona.cat\/es\/sindicatura-greuges-barcelona-abre-actuacion-oficio-condiciones-cap-gotic-salud\/","og_locale":"es_ES","og_type":"article","og_title":"La Sindicatura de Greuges de Barcelona abre una actuaci\u00f3n de oficio para conocer las previsiones de mejora de las condiciones actuales del CAP G\u00f2tic - Sindicatura de Greuges de Barcelona","og_description":"La defensoria pide informaci\u00f3n al consistorio sobre la previsi\u00f3n del nuevo emplazamiento y las medidas impulsadas para mejorar la falta de espacio y","og_url":"https:\/\/www.sindicaturabarcelona.cat\/es\/sindicatura-greuges-barcelona-abre-actuacion-oficio-condiciones-cap-gotic-salud\/","og_site_name":"Sindicatura de Greuges de Barcelona","article_published_time":"2022-04-28T09:39:08+00:00","article_modified_time":"2022-04-28T09:39:11+00:00","og_image":[{"width":2560,"height":1707,"url":"https:\/\/www.sindicaturabarcelona.cat\/wp-content\/uploads\/2022\/04\/VisitaCap-scaled.jpg","type":"image\/jpeg"}],"author":"Pablo","twitter_card":"summary_large_image","twitter_creator":"@sindicbarcelona","twitter_site":"@sindicbarcelona","twitter_misc":{"Escrito por":"Pablo","Tiempo de lectura":"5 minutos"},"schema":{"@context":"https:\/\/schema.org","@graph":[{"@type":"Article","@id":"https:\/\/www.sindicaturabarcelona.cat\/es\/sindicatura-greuges-barcelona-abre-actuacion-oficio-condiciones-cap-gotic-salud\/#article","isPartOf":{"@id":"https:\/\/www.sindicaturabarcelona.cat\/es\/sindicatura-greuges-barcelona-abre-actuacion-oficio-condiciones-cap-gotic-salud\/"},"author":{"name":"Pablo","@id":"https:\/\/www.sindicaturabarcelona.cat\/es\/#\/schema\/person\/0e5acffc350ffdbc97578159322c9452"},"headline":"La Sindicatura de Greuges de Barcelona abre una actuaci\u00f3n de oficio para conocer las previsiones de mejora de las condiciones actuales del CAP G\u00f2tic","datePublished":"2022-04-28T09:39:08+00:00","dateModified":"2022-04-28T09:39:11+00:00","mainEntityOfPage":{"@id":"https:\/\/www.sindicaturabarcelona.cat\/es\/sindicatura-greuges-barcelona-abre-actuacion-oficio-condiciones-cap-gotic-salud\/"},"wordCount":630,"publisher":{"@id":"https:\/\/www.sindicaturabarcelona.cat\/es\/#organization"},"image":{"@id":"https:\/\/www.sindicaturabarcelona.cat\/es\/sindicatura-greuges-barcelona-abre-actuacion-oficio-condiciones-cap-gotic-salud\/#primaryimage"},"thumbnailUrl":"https:\/\/www.sindicaturabarcelona.cat\/wp-content\/uploads\/2022\/04\/VisitaCap-scaled.jpg","articleSection":["General"],"inLanguage":"es"},{"@type":"WebPage","@id":"https:\/\/www.sindicaturabarcelona.cat\/es\/sindicatura-greuges-barcelona-abre-actuacion-oficio-condiciones-cap-gotic-salud\/","url":"https:\/\/www.sindicaturabarcelona.cat\/es\/sindicatura-greuges-barcelona-abre-actuacion-oficio-condiciones-cap-gotic-salud\/","name":"La Sindicatura de Greuges de Barcelona abre una actuaci\u00f3n de oficio para conocer las previsiones de mejora de las condiciones actuales del CAP G\u00f2tic - Sindicatura de Greuges de Barcelona","isPartOf":{"@id":"https:\/\/www.sindicaturabarcelona.cat\/es\/#website"},"primaryImageOfPage":{"@id":"https:\/\/www.sindicaturabarcelona.cat\/es\/sindicatura-greuges-barcelona-abre-actuacion-oficio-condiciones-cap-gotic-salud\/#primaryimage"},"image":{"@id":"https:\/\/www.sindicaturabarcelona.cat\/es\/sindicatura-greuges-barcelona-abre-actuacion-oficio-condiciones-cap-gotic-salud\/#primaryimage"},"thumbnailUrl":"https:\/\/www.sindicaturabarcelona.cat\/wp-content\/uploads\/2022\/04\/VisitaCap-scaled.jpg","datePublished":"2022-04-28T09:39:08+00:00","dateModified":"2022-04-28T09:39:11+00:00","description":"La defensoria pide informaci\u00f3n al consistorio sobre la previsi\u00f3n del nuevo emplazamiento y las medidas impulsadas para mejorar la falta de espacio y","breadcrumb":{"@id":"https:\/\/www.sindicaturabarcelona.cat\/es\/sindicatura-greuges-barcelona-abre-actuacion-oficio-condiciones-cap-gotic-salud\/#breadcrumb"},"inLanguage":"es","potentialAction":[{"@type":"ReadAction","target":["https:\/\/www.sindicaturabarcelona.cat\/es\/sindicatura-greuges-barcelona-abre-actuacion-oficio-condiciones-cap-gotic-salud\/"]}]},{"@type":"ImageObject","inLanguage":"es","@id":"https:\/\/www.sindicaturabarcelona.cat\/es\/sindicatura-greuges-barcelona-abre-actuacion-oficio-condiciones-cap-gotic-salud\/#primaryimage","url":"https:\/\/www.sindicaturabarcelona.cat\/wp-content\/uploads\/2022\/04\/VisitaCap-scaled.jpg","contentUrl":"https:\/\/www.sindicaturabarcelona.cat\/wp-content\/uploads\/2022\/04\/VisitaCap-scaled.jpg","width":2560,"height":1707,"caption":"Visita Cap Gotic"},{"@type":"BreadcrumbList","@id":"https:\/\/www.sindicaturabarcelona.cat\/es\/sindicatura-greuges-barcelona-abre-actuacion-oficio-condiciones-cap-gotic-salud\/#breadcrumb","itemListElement":[{"@type":"ListItem","position":1,"name":"Inici","item":"https:\/\/www.sindicaturabarcelona.cat\/es\/"},{"@type":"ListItem","position":2,"name":"La Sindicatura de Greuges de Barcelona abre una actuaci\u00f3n de oficio para conocer las previsiones de mejora de las condiciones actuales del CAP G\u00f2tic"}]},{"@type":"WebSite","@id":"https:\/\/www.sindicaturabarcelona.cat\/es\/#website","url":"https:\/\/www.sindicaturabarcelona.cat\/es\/","name":"Sindicatura de Greuges de Barcelona","description":"La defensoria dels teus drets","publisher":{"@id":"https:\/\/www.sindicaturabarcelona.cat\/es\/#organization"},"potentialAction":[{"@type":"SearchAction","target":{"@type":"EntryPoint","urlTemplate":"https:\/\/www.sindicaturabarcelona.cat\/es\/?s={search_term_string}"},"query-input":{"@type":"PropertyValueSpecification","valueRequired":true,"valueName":"search_term_string"}}],"inLanguage":"es"},{"@type":"Organization","@id":"https:\/\/www.sindicaturabarcelona.cat\/es\/#organization","name":"Sindicatura de Greuges de Barcelona","url":"https:\/\/www.sindicaturabarcelona.cat\/es\/","logo":{"@type":"ImageObject","inLanguage":"es","@id":"https:\/\/www.sindicaturabarcelona.cat\/es\/#\/schema\/logo\/image\/","url":"https:\/\/www.sindicaturabarcelona.cat\/wp-content\/uploads\/2023\/02\/logo_sindicatura.svg","contentUrl":"https:\/\/www.sindicaturabarcelona.cat\/wp-content\/uploads\/2023\/02\/logo_sindicatura.svg","caption":"Sindicatura de Greuges de Barcelona"},"image":{"@id":"https:\/\/www.sindicaturabarcelona.cat\/es\/#\/schema\/logo\/image\/"},"sameAs":["https:\/\/x.com\/sindicbarcelona","https:\/\/www.instagram.com\/sindicbarcelona\/","https:\/\/www.tiktok.com\/@sindicaturabcn","https:\/\/t.me\/sindicaturabarcelona"]},{"@type":"Person","@id":"https:\/\/www.sindicaturabarcelona.cat\/es\/#\/schema\/person\/0e5acffc350ffdbc97578159322c9452","name":"Pablo","image":{"@type":"ImageObject","inLanguage":"es","@id":"https:\/\/secure.gravatar.com\/avatar\/c948169b402ef9492afde705c3dfd5e90e1a6a84ef6840a91124f805a25a480f?s=96&d=mm&r=g","url":"https:\/\/secure.gravatar.com\/avatar\/c948169b402ef9492afde705c3dfd5e90e1a6a84ef6840a91124f805a25a480f?s=96&d=mm&r=g","contentUrl":"https:\/\/secure.gravatar.com\/avatar\/c948169b402ef9492afde705c3dfd5e90e1a6a84ef6840a91124f805a25a480f?s=96&d=mm&r=g","caption":"Pablo"},"url":"https:\/\/www.sindicaturabarcelona.cat\/es\/author\/pablo\/"}]}},"_links":{"self":[{"href":"https:\/\/www.sindicaturabarcelona.cat\/es\/wp-json\/wp\/v2\/posts\/13853","targetHints":{"allow":["GET"]}}],"collection":[{"href":"https:\/\/www.sindicaturabarcelona.cat\/es\/wp-json\/wp\/v2\/posts"}],"about":[{"href":"https:\/\/www.sindicaturabarcelona.cat\/es\/wp-json\/wp\/v2\/types\/post"}],"author":[{"embeddable":true,"href":"https:\/\/www.sindicaturabarcelona.cat\/es\/wp-json\/wp\/v2\/users\/2"}],"replies":[{"embeddable":true,"href":"https:\/\/www.sindicaturabarcelona.cat\/es\/wp-json\/wp\/v2\/comments?post=13853"}],"version-history":[{"count":0,"href":"https:\/\/www.sindicaturabarcelona.cat\/es\/wp-json\/wp\/v2\/posts\/13853\/revisions"}],"wp:featuredmedia":[{"embeddable":true,"href":"https:\/\/www.sindicaturabarcelona.cat\/es\/wp-json\/wp\/v2\/media\/13851"}],"wp:attachment":[{"href":"https:\/\/www.sindicaturabarcelona.cat\/es\/wp-json\/wp\/v2\/media?parent=13853"}],"wp:term":[{"taxonomy":"post_tag","embeddable":true,"href":"https:\/\/www.sindicaturabarcelona.cat\/es\/wp-json\/wp\/v2\/tags?post=13853"},{"taxonomy":"drets","embeddable":true,"href":"https:\/\/www.sindicaturabarcelona.cat\/es\/wp-json\/wp\/v2\/drets?post=13853"}],"curies":[{"name":"wp","href":"https:\/\/api.w.org\/{rel}","templated":true}]}}