{"id":13601,"date":"2022-03-01T12:46:58","date_gmt":"2022-03-01T10:46:58","guid":{"rendered":"https:\/\/www.sindicabarcelona.cat\/?p=13601"},"modified":"2022-03-01T12:46:59","modified_gmt":"2022-03-01T10:46:59","slug":"sindic-visita-baix-guinardo-y-raval-a-pie-de-calle","status":"publish","type":"post","link":"https:\/\/www.sindicaturabarcelona.cat\/es\/sindic-visita-baix-guinardo-y-raval-a-pie-de-calle\/","title":{"rendered":"Baix Guinard\u00f3 y Raval, los dos \u00faltimos barrios que el s\u00edndic visita en el marco de \u2018A pie de calle\u2019"},"content":{"rendered":"\n<p class=\"has-text-align-justify\">Durante el mes de febrero, el s\u00edndic de greuges de Barcelona, David Bondia, y miembros de su equipo han continuado con el proyecto \u2018A pie de calle\u2019, que tiene el objetivo de acercar la Sindicatura a los vecinos y vecinas de los 73 barrios de la ciudad. En este caso, ha sido el turno para el Baix Guinard\u00f3 y el Raval.<\/p>\n\n\n\n<h4 class=\"wp-block-heading\"><strong><a href=\"https:\/\/ajuntament.barcelona.cat\/horta-guinardo\/es\/el-distrito-y-sus-barrios\/el-baix-guinardo\" target=\"_blank\" aria-label=\"Baix Guinard\u00f3 (opens in a new tab)\" rel=\"noreferrer noopener\" class=\"ek-link\">Baix Guinard\u00f3<\/a><\/strong><\/h4>\n\n\n\n<p class=\"has-text-align-justify\">El jueves 17 de febrero la <a href=\"https:\/\/www.sindicaturabarcelona.cat\/es\/\" target=\"_blank\" aria-label=\"Sindicatura de Greuges de Barcelona (opens in a new tab)\" rel=\"noreferrer noopener\" class=\"ek-link\">Sindicatura de Greuges de Barcelona<\/a> desplaz\u00f3 su actividad al barrio del Baix Guinard\u00f3, donde empez\u00f3 la jornada con una reuni\u00f3n con la direcci\u00f3n de la <strong>Escola Mas Casanovas<\/strong>. Explican que la escuela participa en el proyecto Magnet, impulsado por la Fundaci\u00f3n Jaume Bofill para acompa\u00f1ar a las escuelas en el desarrollo de un proyecto educativo de referencia. Esta tarea, llevada cabo por el actual equipo directivo los \u00faltimos a\u00f1os, tiene el prop\u00f3sito de revertir la segregaci\u00f3n escolar.<\/p>\n\n\n\n<p class=\"has-text-align-justify\">A continuaci\u00f3n, el s\u00edndic y su equipo se desplazaron a la calle Taxdirt, donde se vieron con representantes de la <strong>AFA de la Escola de les Aig\u00fces<\/strong>, que considera problem\u00e1tica la pacificaci\u00f3n de la misma calle Taxdirt. Manifiestan que \u00abno puede ser una soluci\u00f3n definitiva\u00bb y que \u00abgenera conflictos de seguridad para todo el vecindario, y especialmente para las familias de la escuela\u00bb.<\/p>\n\n\n\n<p class=\"has-text-align-justify\">La ma\u00f1ana finaliza con una visita a la <strong>Rebost Baix Guinard\u00f3-Can Bar\u00f3<\/strong>, una red de apoyo ubicada en la Av. Mare de D\u00e9u de Montserrat, y que distribuye comida procedente del Banco de Alimentos, de C\u00e1ritas y de la Uni\u00f3n Europea, a las personas que lo necesitan.<\/p>\n\n\n\n<p class=\"has-text-align-justify\">Por la tarde, la Sindicatura se encontr\u00f3 con la <strong>Asociaci\u00f3n de Vecinos y Vecinas del Baix Guinard\u00f3<\/strong> para visitar dos puntos que consideran claves: el cruce de las calles Cartagena y Mas Casanovas, y el interior de isla del Torrent del Lligalb\u00e9. En el primer cruce confluyen diferentes circunstancias que hacen compleja la circulaci\u00f3n y producen problemas de seguridad viaria, as\u00ed como molestias ac\u00fasticas. En cuanto al Torrent del Lligalb\u00e9, hay proyectado un plan urban\u00edstico con una nueva construcci\u00f3n de viviendas que genera molestias entre los tres edificios contiguos, que manifiestan que perder\u00e1n luz y horizonte visual.<\/p>\n\n\n\n<p class=\"has-text-align-justify\">A continuaci\u00f3n, el s\u00edndic y su equipo se reunieron con la <strong>Comisi\u00f3n Escuela digna de la Escola Mas Casanovas<\/strong>, que mostr\u00f3 su preocupaci\u00f3n por la ubicaci\u00f3n del Centro de Acogida Baix Guinard\u00f3, muy pr\u00f3xima al centro escolar. Tambi\u00e9n esperan que los recursos de prevenci\u00f3n cuenten con un horario m\u00e1s amplio que el de la misma escuela, puesto que hay otros grupos de ni\u00f1os que hacen uso de las instalaciones del centro fuera del horario meramente acad\u00e9mico.<\/p>\n\n\n\n<p class=\"has-text-align-justify\">\u2018A pie de calle\u2019 en el Baix Guinard\u00f3 finaliz\u00f3 con una visita al <strong>Casal de Gent Gran<\/strong> de la calle Marina. Se trata de un equipamiento muy concurrido, en el que cuentan con m\u00e1s de 100 personas voluntarias haciendo tareas de formaci\u00f3n, talleres, etc.<\/p>\n\n\n\n<h4 class=\"wp-block-heading\"><strong><a href=\"https:\/\/ajuntament.barcelona.cat\/ciutatvella\/es\/el-distrito-y-sus-barrios\/el-raval\" target=\"_blank\" aria-label=\"El Raval (opens in a new tab)\" rel=\"noreferrer noopener\" class=\"ek-link\">El Raval<\/a><\/strong><\/h4>\n\n\n\n<p class=\"has-text-align-justify\">El 24 de febrero, el s\u00edndic de greuges de Barcelona, David Bondia, y miembros de su equipo asesor visitaron el barrio del Raval con varias entidades sociales y movimientos vecinales.<\/p>\n\n\n\n<p class=\"has-text-align-justify\">El d\u00eda empez\u00f3 con un encuentro con <strong>Punt de Referencia<\/strong>, la entidad sin \u00e1nimo de lucro que trabaja en el acompa\u00f1amiento a juventud tutelada y extutelada entre 16 y 23 a\u00f1os en su proceso de emancipaci\u00f3n, una vez salen del sistema de protecci\u00f3n de menores.<\/p>\n\n\n\n<p class=\"has-text-align-justify\">Seguidamente, los representantes de la Sindicatura de Greuges de Barcelona dieron un paseo por el barrio con la <strong>Xarxa Veinal del Raval<\/strong>, que traslad\u00f3 los principales puntos de conflicto del ocio nocturno en el espacio p\u00fablico y las afectaciones en el vecindario, que sufre molestias ac\u00fasticas y ve como su derecho al descanso no queda garantizado.<\/p>\n\n\n\n<p class=\"has-text-align-justify\">\u2018A pie de calle\u2019 en el Raval continuaba y lo hac\u00eda con una reuni\u00f3n con <strong>Top Manta Barcelona<\/strong>, que detall\u00f3 las principales problem\u00e1ticas del colectivo: el colapso de los servicios sociales y la dificultad para conseguir hora; la carencia de disponibilidad de citas de extranjer\u00eda, y la necesidad del informe de arraigo.<\/p>\n\n\n\n<p class=\"has-text-align-justify\">La parte matinal finaliz\u00f3 con un encuentro con representantes de la <strong>Federaci\u00f3n Catalana de Criquet<\/strong>, que explican la carencia de espacios en la ciudad para llevar a cabo su deporte, una pr\u00e1ctica que cuenta con muchos adeptos en Barcelona.<\/p>\n\n\n\n<p class=\"has-text-align-justify\">Por la tarde, la acci\u00f3n de la Sindicatura se centr\u00f3 en conocer el proyecto social y educativo del <strong>Casal dels Infants<\/strong>, que desde 1983 ayuda a los ni\u00f1os, adolescentes y j\u00f3venes en riesgo de exclusi\u00f3n social. Las personas trabajadoras de esta entidad desglosan, entre otros, los proyectos que llevan a cabo en su sede de la calle Reina Amalia: la UEC (Unidad de Escolarizaci\u00f3n Compartida) y el COA (Centro Abierto de Adolescentes).<\/p>\n","protected":false},"excerpt":{"rendered":"<p>Durante el mes de febrero, el s\u00edndic de greuges de Barcelona, David Bondia, y miembros de su equipo han continuado con el proyecto \u2018A pie de calle\u2019, que tiene el [&hellip;]<\/p>\n","protected":false},"author":2,"featured_media":13602,"comment_status":"closed","ping_status":"open","sticky":false,"template":"","format":"standard","meta":{"_acf_changed":false,"footnotes":""},"tags":[],"drets":[],"class_list":["post-13601","post","type-post","status-publish","format-standard","has-post-thumbnail","hentry"],"acf":[],"yoast_head":"<!-- This site is optimized with the Yoast SEO plugin v27.5 - https:\/\/yoast.com\/product\/yoast-seo-wordpress\/ -->\n<title>Baix Guinard\u00f3 y Raval, los dos \u00faltimos barrios que el s\u00edndic visita en el marco de \u2018A pie de calle\u2019 - Sindicatura de Greuges de Barcelona<\/title>\n<meta name=\"description\" content=\"Durante el mes de febrero, el s\u00edndic de greuges de Barcelona, David Bondia, y su equipo han continuado con el proyecto \u2018A pie de calle\u2019.\" \/>\n<meta name=\"robots\" content=\"index, follow, max-snippet:-1, max-image-preview:large, max-video-preview:-1\" \/>\n<link rel=\"canonical\" href=\"https:\/\/www.sindicaturabarcelona.cat\/es\/sindic-visita-baix-guinardo-y-raval-a-pie-de-calle\/\" \/>\n<meta property=\"og:locale\" content=\"es_ES\" \/>\n<meta property=\"og:type\" content=\"article\" \/>\n<meta property=\"og:title\" content=\"Baix Guinard\u00f3 y Raval, los dos \u00faltimos barrios que el s\u00edndic visita en el marco de \u2018A pie de calle\u2019 - Sindicatura de Greuges de Barcelona\" \/>\n<meta property=\"og:description\" content=\"Durante el mes de febrero, el s\u00edndic de greuges de Barcelona, David Bondia, y su equipo han continuado con el proyecto \u2018A pie de calle\u2019.\" \/>\n<meta property=\"og:url\" content=\"https:\/\/www.sindicaturabarcelona.cat\/es\/sindic-visita-baix-guinardo-y-raval-a-pie-de-calle\/\" \/>\n<meta property=\"og:site_name\" content=\"Sindicatura de Greuges de Barcelona\" \/>\n<meta property=\"article:published_time\" content=\"2022-03-01T10:46:58+00:00\" \/>\n<meta property=\"article:modified_time\" content=\"2022-03-01T10:46:59+00:00\" \/>\n<meta property=\"og:image\" content=\"https:\/\/www.sindicaturabarcelona.cat\/wp-content\/uploads\/2022\/03\/Sindic-BCN-A-peu-de-carrer-1.jpg\" \/>\n\t<meta property=\"og:image:width\" content=\"2048\" \/>\n\t<meta property=\"og:image:height\" content=\"1532\" \/>\n\t<meta property=\"og:image:type\" content=\"image\/jpeg\" \/>\n<meta name=\"author\" content=\"Pablo\" \/>\n<meta name=\"twitter:card\" content=\"summary_large_image\" \/>\n<meta name=\"twitter:creator\" content=\"@sindicbarcelona\" \/>\n<meta name=\"twitter:site\" content=\"@sindicbarcelona\" \/>\n<meta name=\"twitter:label1\" content=\"Escrito por\" \/>\n\t<meta name=\"twitter:data1\" content=\"Pablo\" \/>\n\t<meta name=\"twitter:label2\" content=\"Tiempo de lectura\" \/>\n\t<meta name=\"twitter:data2\" content=\"4 minutos\" \/>\n<script type=\"application\/ld+json\" class=\"yoast-schema-graph\">{\"@context\":\"https:\\\/\\\/schema.org\",\"@graph\":[{\"@type\":\"Article\",\"@id\":\"https:\\\/\\\/www.sindicaturabarcelona.cat\\\/es\\\/sindic-visita-baix-guinardo-y-raval-a-pie-de-calle\\\/#article\",\"isPartOf\":{\"@id\":\"https:\\\/\\\/www.sindicaturabarcelona.cat\\\/es\\\/sindic-visita-baix-guinardo-y-raval-a-pie-de-calle\\\/\"},\"author\":{\"name\":\"Pablo\",\"@id\":\"https:\\\/\\\/www.sindicaturabarcelona.cat\\\/es\\\/#\\\/schema\\\/person\\\/0e5acffc350ffdbc97578159322c9452\"},\"headline\":\"Baix Guinard\u00f3 y Raval, los dos \u00faltimos barrios que el s\u00edndic visita en el marco de \u2018A pie de calle\u2019\",\"datePublished\":\"2022-03-01T10:46:58+00:00\",\"dateModified\":\"2022-03-01T10:46:59+00:00\",\"mainEntityOfPage\":{\"@id\":\"https:\\\/\\\/www.sindicaturabarcelona.cat\\\/es\\\/sindic-visita-baix-guinardo-y-raval-a-pie-de-calle\\\/\"},\"wordCount\":840,\"publisher\":{\"@id\":\"https:\\\/\\\/www.sindicaturabarcelona.cat\\\/es\\\/#organization\"},\"image\":{\"@id\":\"https:\\\/\\\/www.sindicaturabarcelona.cat\\\/es\\\/sindic-visita-baix-guinardo-y-raval-a-pie-de-calle\\\/#primaryimage\"},\"thumbnailUrl\":\"https:\\\/\\\/www.sindicaturabarcelona.cat\\\/wp-content\\\/uploads\\\/2022\\\/03\\\/Sindic-BCN-A-peu-de-carrer-1.jpg\",\"inLanguage\":\"es\"},{\"@type\":\"WebPage\",\"@id\":\"https:\\\/\\\/www.sindicaturabarcelona.cat\\\/es\\\/sindic-visita-baix-guinardo-y-raval-a-pie-de-calle\\\/\",\"url\":\"https:\\\/\\\/www.sindicaturabarcelona.cat\\\/es\\\/sindic-visita-baix-guinardo-y-raval-a-pie-de-calle\\\/\",\"name\":\"Baix Guinard\u00f3 y Raval, los dos \u00faltimos barrios que el s\u00edndic visita en el marco de \u2018A pie de calle\u2019 - Sindicatura de Greuges de Barcelona\",\"isPartOf\":{\"@id\":\"https:\\\/\\\/www.sindicaturabarcelona.cat\\\/es\\\/#website\"},\"primaryImageOfPage\":{\"@id\":\"https:\\\/\\\/www.sindicaturabarcelona.cat\\\/es\\\/sindic-visita-baix-guinardo-y-raval-a-pie-de-calle\\\/#primaryimage\"},\"image\":{\"@id\":\"https:\\\/\\\/www.sindicaturabarcelona.cat\\\/es\\\/sindic-visita-baix-guinardo-y-raval-a-pie-de-calle\\\/#primaryimage\"},\"thumbnailUrl\":\"https:\\\/\\\/www.sindicaturabarcelona.cat\\\/wp-content\\\/uploads\\\/2022\\\/03\\\/Sindic-BCN-A-peu-de-carrer-1.jpg\",\"datePublished\":\"2022-03-01T10:46:58+00:00\",\"dateModified\":\"2022-03-01T10:46:59+00:00\",\"description\":\"Durante el mes de febrero, el s\u00edndic de greuges de Barcelona, David Bondia, y su equipo han continuado con el proyecto \u2018A pie de calle\u2019.\",\"breadcrumb\":{\"@id\":\"https:\\\/\\\/www.sindicaturabarcelona.cat\\\/es\\\/sindic-visita-baix-guinardo-y-raval-a-pie-de-calle\\\/#breadcrumb\"},\"inLanguage\":\"es\",\"potentialAction\":[{\"@type\":\"ReadAction\",\"target\":[\"https:\\\/\\\/www.sindicaturabarcelona.cat\\\/es\\\/sindic-visita-baix-guinardo-y-raval-a-pie-de-calle\\\/\"]}]},{\"@type\":\"ImageObject\",\"inLanguage\":\"es\",\"@id\":\"https:\\\/\\\/www.sindicaturabarcelona.cat\\\/es\\\/sindic-visita-baix-guinardo-y-raval-a-pie-de-calle\\\/#primaryimage\",\"url\":\"https:\\\/\\\/www.sindicaturabarcelona.cat\\\/wp-content\\\/uploads\\\/2022\\\/03\\\/Sindic-BCN-A-peu-de-carrer-1.jpg\",\"contentUrl\":\"https:\\\/\\\/www.sindicaturabarcelona.cat\\\/wp-content\\\/uploads\\\/2022\\\/03\\\/Sindic-BCN-A-peu-de-carrer-1.jpg\",\"width\":2048,\"height\":1532,\"caption\":\"Sindic-BCN-A-pie-de-calle\"},{\"@type\":\"BreadcrumbList\",\"@id\":\"https:\\\/\\\/www.sindicaturabarcelona.cat\\\/es\\\/sindic-visita-baix-guinardo-y-raval-a-pie-de-calle\\\/#breadcrumb\",\"itemListElement\":[{\"@type\":\"ListItem\",\"position\":1,\"name\":\"Inici\",\"item\":\"https:\\\/\\\/www.sindicaturabarcelona.cat\\\/es\\\/\"},{\"@type\":\"ListItem\",\"position\":2,\"name\":\"Baix Guinard\u00f3 y Raval, los dos \u00faltimos barrios que el s\u00edndic visita en el marco de \u2018A pie de calle\u2019\"}]},{\"@type\":\"WebSite\",\"@id\":\"https:\\\/\\\/www.sindicaturabarcelona.cat\\\/es\\\/#website\",\"url\":\"https:\\\/\\\/www.sindicaturabarcelona.cat\\\/es\\\/\",\"name\":\"Sindicatura de Greuges de Barcelona\",\"description\":\"La defensoria dels teus drets\",\"publisher\":{\"@id\":\"https:\\\/\\\/www.sindicaturabarcelona.cat\\\/es\\\/#organization\"},\"potentialAction\":[{\"@type\":\"SearchAction\",\"target\":{\"@type\":\"EntryPoint\",\"urlTemplate\":\"https:\\\/\\\/www.sindicaturabarcelona.cat\\\/es\\\/?s={search_term_string}\"},\"query-input\":{\"@type\":\"PropertyValueSpecification\",\"valueRequired\":true,\"valueName\":\"search_term_string\"}}],\"inLanguage\":\"es\"},{\"@type\":\"Organization\",\"@id\":\"https:\\\/\\\/www.sindicaturabarcelona.cat\\\/es\\\/#organization\",\"name\":\"Sindicatura de Greuges de Barcelona\",\"url\":\"https:\\\/\\\/www.sindicaturabarcelona.cat\\\/es\\\/\",\"logo\":{\"@type\":\"ImageObject\",\"inLanguage\":\"es\",\"@id\":\"https:\\\/\\\/www.sindicaturabarcelona.cat\\\/es\\\/#\\\/schema\\\/logo\\\/image\\\/\",\"url\":\"https:\\\/\\\/www.sindicaturabarcelona.cat\\\/wp-content\\\/uploads\\\/2023\\\/02\\\/logo_sindicatura.svg\",\"contentUrl\":\"https:\\\/\\\/www.sindicaturabarcelona.cat\\\/wp-content\\\/uploads\\\/2023\\\/02\\\/logo_sindicatura.svg\",\"caption\":\"Sindicatura de Greuges de Barcelona\"},\"image\":{\"@id\":\"https:\\\/\\\/www.sindicaturabarcelona.cat\\\/es\\\/#\\\/schema\\\/logo\\\/image\\\/\"},\"sameAs\":[\"https:\\\/\\\/x.com\\\/sindicbarcelona\",\"https:\\\/\\\/www.instagram.com\\\/sindicbarcelona\\\/\",\"https:\\\/\\\/www.tiktok.com\\\/@sindicaturabcn\",\"https:\\\/\\\/t.me\\\/sindicaturabarcelona\"]},{\"@type\":\"Person\",\"@id\":\"https:\\\/\\\/www.sindicaturabarcelona.cat\\\/es\\\/#\\\/schema\\\/person\\\/0e5acffc350ffdbc97578159322c9452\",\"name\":\"Pablo\",\"image\":{\"@type\":\"ImageObject\",\"inLanguage\":\"es\",\"@id\":\"https:\\\/\\\/secure.gravatar.com\\\/avatar\\\/c948169b402ef9492afde705c3dfd5e90e1a6a84ef6840a91124f805a25a480f?s=96&d=mm&r=g\",\"url\":\"https:\\\/\\\/secure.gravatar.com\\\/avatar\\\/c948169b402ef9492afde705c3dfd5e90e1a6a84ef6840a91124f805a25a480f?s=96&d=mm&r=g\",\"contentUrl\":\"https:\\\/\\\/secure.gravatar.com\\\/avatar\\\/c948169b402ef9492afde705c3dfd5e90e1a6a84ef6840a91124f805a25a480f?s=96&d=mm&r=g\",\"caption\":\"Pablo\"},\"url\":\"https:\\\/\\\/www.sindicaturabarcelona.cat\\\/es\\\/author\\\/pablo\\\/\"}]}<\/script>\n<!-- \/ Yoast SEO plugin. -->","yoast_head_json":{"title":"Baix Guinard\u00f3 y Raval, los dos \u00faltimos barrios que el s\u00edndic visita en el marco de \u2018A pie de calle\u2019 - Sindicatura de Greuges de Barcelona","description":"Durante el mes de febrero, el s\u00edndic de greuges de Barcelona, David Bondia, y su equipo han continuado con el proyecto \u2018A pie de calle\u2019.","robots":{"index":"index","follow":"follow","max-snippet":"max-snippet:-1","max-image-preview":"max-image-preview:large","max-video-preview":"max-video-preview:-1"},"canonical":"https:\/\/www.sindicaturabarcelona.cat\/es\/sindic-visita-baix-guinardo-y-raval-a-pie-de-calle\/","og_locale":"es_ES","og_type":"article","og_title":"Baix Guinard\u00f3 y Raval, los dos \u00faltimos barrios que el s\u00edndic visita en el marco de \u2018A pie de calle\u2019 - Sindicatura de Greuges de Barcelona","og_description":"Durante el mes de febrero, el s\u00edndic de greuges de Barcelona, David Bondia, y su equipo han continuado con el proyecto \u2018A pie de calle\u2019.","og_url":"https:\/\/www.sindicaturabarcelona.cat\/es\/sindic-visita-baix-guinardo-y-raval-a-pie-de-calle\/","og_site_name":"Sindicatura de Greuges de Barcelona","article_published_time":"2022-03-01T10:46:58+00:00","article_modified_time":"2022-03-01T10:46:59+00:00","og_image":[{"width":2048,"height":1532,"url":"https:\/\/www.sindicaturabarcelona.cat\/wp-content\/uploads\/2022\/03\/Sindic-BCN-A-peu-de-carrer-1.jpg","type":"image\/jpeg"}],"author":"Pablo","twitter_card":"summary_large_image","twitter_creator":"@sindicbarcelona","twitter_site":"@sindicbarcelona","twitter_misc":{"Escrito por":"Pablo","Tiempo de lectura":"4 minutos"},"schema":{"@context":"https:\/\/schema.org","@graph":[{"@type":"Article","@id":"https:\/\/www.sindicaturabarcelona.cat\/es\/sindic-visita-baix-guinardo-y-raval-a-pie-de-calle\/#article","isPartOf":{"@id":"https:\/\/www.sindicaturabarcelona.cat\/es\/sindic-visita-baix-guinardo-y-raval-a-pie-de-calle\/"},"author":{"name":"Pablo","@id":"https:\/\/www.sindicaturabarcelona.cat\/es\/#\/schema\/person\/0e5acffc350ffdbc97578159322c9452"},"headline":"Baix Guinard\u00f3 y Raval, los dos \u00faltimos barrios que el s\u00edndic visita en el marco de \u2018A pie de calle\u2019","datePublished":"2022-03-01T10:46:58+00:00","dateModified":"2022-03-01T10:46:59+00:00","mainEntityOfPage":{"@id":"https:\/\/www.sindicaturabarcelona.cat\/es\/sindic-visita-baix-guinardo-y-raval-a-pie-de-calle\/"},"wordCount":840,"publisher":{"@id":"https:\/\/www.sindicaturabarcelona.cat\/es\/#organization"},"image":{"@id":"https:\/\/www.sindicaturabarcelona.cat\/es\/sindic-visita-baix-guinardo-y-raval-a-pie-de-calle\/#primaryimage"},"thumbnailUrl":"https:\/\/www.sindicaturabarcelona.cat\/wp-content\/uploads\/2022\/03\/Sindic-BCN-A-peu-de-carrer-1.jpg","inLanguage":"es"},{"@type":"WebPage","@id":"https:\/\/www.sindicaturabarcelona.cat\/es\/sindic-visita-baix-guinardo-y-raval-a-pie-de-calle\/","url":"https:\/\/www.sindicaturabarcelona.cat\/es\/sindic-visita-baix-guinardo-y-raval-a-pie-de-calle\/","name":"Baix Guinard\u00f3 y Raval, los dos \u00faltimos barrios que el s\u00edndic visita en el marco de \u2018A pie de calle\u2019 - Sindicatura de Greuges de Barcelona","isPartOf":{"@id":"https:\/\/www.sindicaturabarcelona.cat\/es\/#website"},"primaryImageOfPage":{"@id":"https:\/\/www.sindicaturabarcelona.cat\/es\/sindic-visita-baix-guinardo-y-raval-a-pie-de-calle\/#primaryimage"},"image":{"@id":"https:\/\/www.sindicaturabarcelona.cat\/es\/sindic-visita-baix-guinardo-y-raval-a-pie-de-calle\/#primaryimage"},"thumbnailUrl":"https:\/\/www.sindicaturabarcelona.cat\/wp-content\/uploads\/2022\/03\/Sindic-BCN-A-peu-de-carrer-1.jpg","datePublished":"2022-03-01T10:46:58+00:00","dateModified":"2022-03-01T10:46:59+00:00","description":"Durante el mes de febrero, el s\u00edndic de greuges de Barcelona, David Bondia, y su equipo han continuado con el proyecto \u2018A pie de calle\u2019.","breadcrumb":{"@id":"https:\/\/www.sindicaturabarcelona.cat\/es\/sindic-visita-baix-guinardo-y-raval-a-pie-de-calle\/#breadcrumb"},"inLanguage":"es","potentialAction":[{"@type":"ReadAction","target":["https:\/\/www.sindicaturabarcelona.cat\/es\/sindic-visita-baix-guinardo-y-raval-a-pie-de-calle\/"]}]},{"@type":"ImageObject","inLanguage":"es","@id":"https:\/\/www.sindicaturabarcelona.cat\/es\/sindic-visita-baix-guinardo-y-raval-a-pie-de-calle\/#primaryimage","url":"https:\/\/www.sindicaturabarcelona.cat\/wp-content\/uploads\/2022\/03\/Sindic-BCN-A-peu-de-carrer-1.jpg","contentUrl":"https:\/\/www.sindicaturabarcelona.cat\/wp-content\/uploads\/2022\/03\/Sindic-BCN-A-peu-de-carrer-1.jpg","width":2048,"height":1532,"caption":"Sindic-BCN-A-pie-de-calle"},{"@type":"BreadcrumbList","@id":"https:\/\/www.sindicaturabarcelona.cat\/es\/sindic-visita-baix-guinardo-y-raval-a-pie-de-calle\/#breadcrumb","itemListElement":[{"@type":"ListItem","position":1,"name":"Inici","item":"https:\/\/www.sindicaturabarcelona.cat\/es\/"},{"@type":"ListItem","position":2,"name":"Baix Guinard\u00f3 y Raval, los dos \u00faltimos barrios que el s\u00edndic visita en el marco de \u2018A pie de calle\u2019"}]},{"@type":"WebSite","@id":"https:\/\/www.sindicaturabarcelona.cat\/es\/#website","url":"https:\/\/www.sindicaturabarcelona.cat\/es\/","name":"Sindicatura de Greuges de Barcelona","description":"La defensoria dels teus drets","publisher":{"@id":"https:\/\/www.sindicaturabarcelona.cat\/es\/#organization"},"potentialAction":[{"@type":"SearchAction","target":{"@type":"EntryPoint","urlTemplate":"https:\/\/www.sindicaturabarcelona.cat\/es\/?s={search_term_string}"},"query-input":{"@type":"PropertyValueSpecification","valueRequired":true,"valueName":"search_term_string"}}],"inLanguage":"es"},{"@type":"Organization","@id":"https:\/\/www.sindicaturabarcelona.cat\/es\/#organization","name":"Sindicatura de Greuges de Barcelona","url":"https:\/\/www.sindicaturabarcelona.cat\/es\/","logo":{"@type":"ImageObject","inLanguage":"es","@id":"https:\/\/www.sindicaturabarcelona.cat\/es\/#\/schema\/logo\/image\/","url":"https:\/\/www.sindicaturabarcelona.cat\/wp-content\/uploads\/2023\/02\/logo_sindicatura.svg","contentUrl":"https:\/\/www.sindicaturabarcelona.cat\/wp-content\/uploads\/2023\/02\/logo_sindicatura.svg","caption":"Sindicatura de Greuges de Barcelona"},"image":{"@id":"https:\/\/www.sindicaturabarcelona.cat\/es\/#\/schema\/logo\/image\/"},"sameAs":["https:\/\/x.com\/sindicbarcelona","https:\/\/www.instagram.com\/sindicbarcelona\/","https:\/\/www.tiktok.com\/@sindicaturabcn","https:\/\/t.me\/sindicaturabarcelona"]},{"@type":"Person","@id":"https:\/\/www.sindicaturabarcelona.cat\/es\/#\/schema\/person\/0e5acffc350ffdbc97578159322c9452","name":"Pablo","image":{"@type":"ImageObject","inLanguage":"es","@id":"https:\/\/secure.gravatar.com\/avatar\/c948169b402ef9492afde705c3dfd5e90e1a6a84ef6840a91124f805a25a480f?s=96&d=mm&r=g","url":"https:\/\/secure.gravatar.com\/avatar\/c948169b402ef9492afde705c3dfd5e90e1a6a84ef6840a91124f805a25a480f?s=96&d=mm&r=g","contentUrl":"https:\/\/secure.gravatar.com\/avatar\/c948169b402ef9492afde705c3dfd5e90e1a6a84ef6840a91124f805a25a480f?s=96&d=mm&r=g","caption":"Pablo"},"url":"https:\/\/www.sindicaturabarcelona.cat\/es\/author\/pablo\/"}]}},"_links":{"self":[{"href":"https:\/\/www.sindicaturabarcelona.cat\/es\/wp-json\/wp\/v2\/posts\/13601","targetHints":{"allow":["GET"]}}],"collection":[{"href":"https:\/\/www.sindicaturabarcelona.cat\/es\/wp-json\/wp\/v2\/posts"}],"about":[{"href":"https:\/\/www.sindicaturabarcelona.cat\/es\/wp-json\/wp\/v2\/types\/post"}],"author":[{"embeddable":true,"href":"https:\/\/www.sindicaturabarcelona.cat\/es\/wp-json\/wp\/v2\/users\/2"}],"replies":[{"embeddable":true,"href":"https:\/\/www.sindicaturabarcelona.cat\/es\/wp-json\/wp\/v2\/comments?post=13601"}],"version-history":[{"count":0,"href":"https:\/\/www.sindicaturabarcelona.cat\/es\/wp-json\/wp\/v2\/posts\/13601\/revisions"}],"wp:featuredmedia":[{"embeddable":true,"href":"https:\/\/www.sindicaturabarcelona.cat\/es\/wp-json\/wp\/v2\/media\/13602"}],"wp:attachment":[{"href":"https:\/\/www.sindicaturabarcelona.cat\/es\/wp-json\/wp\/v2\/media?parent=13601"}],"wp:term":[{"taxonomy":"post_tag","embeddable":true,"href":"https:\/\/www.sindicaturabarcelona.cat\/es\/wp-json\/wp\/v2\/tags?post=13601"},{"taxonomy":"drets","embeddable":true,"href":"https:\/\/www.sindicaturabarcelona.cat\/es\/wp-json\/wp\/v2\/drets?post=13601"}],"curies":[{"name":"wp","href":"https:\/\/api.w.org\/{rel}","templated":true}]}}