{"id":13453,"date":"2022-02-01T12:51:25","date_gmt":"2022-02-01T10:51:25","guid":{"rendered":"https:\/\/www.sindicabarcelona.cat\/?p=13453"},"modified":"2022-02-01T12:51:26","modified_gmt":"2022-02-01T10:51:26","slug":"sindic-barcelona-inicia-a-peu-de-carrer","status":"publish","type":"post","link":"https:\/\/www.sindicaturabarcelona.cat\/es\/sindic-barcelona-inicia-a-peu-de-carrer\/","title":{"rendered":"El s\u00edndic de Barcelona inicia \u2018A peu de carrer\u2019, el proyecto para acercar la Sindicatura a los vecinos y vecinas de los 73 barrios de la ciudad"},"content":{"rendered":"\n<p class=\"has-text-align-justify\">El pasado 25 de enero la Sindicatura de Greuges de Barcelona convirti\u00f3 en realidad <strong>\u2018A peu de carrer\u2019, el proyecto de David Bondia para acercar la instituci\u00f3n al vecindario de los 73 barrios de la ciudad<\/strong>. La primera visita de esta nueva iniciativa se llev\u00f3 a cabo en dos barrios del Distrito de Sant Mart\u00ed: Sant Mart\u00ed de Proven\u00e7als, y la Verneda i la Pau.<\/p>\n\n\n\n<p class=\"has-text-align-justify\"><strong>\u201cArranca uno de los proyectos que ya ten\u00eda en mi programa de 7 ejes y 33 propuestas, que permitir\u00e1 crear una <a href=\"https:\/\/www.sindicaturabarcelona.cat\" target=\"_blank\" aria-label=\"Sindicatura  (opens in a new tab)\" rel=\"noreferrer noopener\" class=\"ek-link\">Sindicatura <\/a>itinerante, que sea un territorio y no solo una ubicaci\u00f3n\u201d<\/strong>, ha explicado Bondia, que ha a\u00f1adido que <strong>\u201cdebemos acercarnos a la ciudadan\u00eda, al tejido asociativo y al tejido empresarial, puesto que es la manera de conocer e intervenir en las problem\u00e1ticas de los vecinos y vecinas de la ciudad\u201d<\/strong>.<\/p>\n\n\n\n<p class=\"has-text-align-justify\">El s\u00edndic de greuges de Barcelona, David Bondia, y miembros de su equipo que lo acompa\u00f1aban, se encontraron con Toni Santos, el presidente de la <a href=\"http:\/\/www.avsantmartiprovencals.cat\/\" target=\"_blank\" aria-label=\"AV de Sant Mart\u00ed de Proven\u00e7als (opens in a new tab)\" rel=\"noreferrer noopener\" class=\"ek-link\">AV de Sant Mart\u00ed de Proven\u00e7als<\/a>. Recorriendo las calles del barrio, visitaron las obras de reurbanizaci\u00f3n de la estaci\u00f3n y el entorno de la Sagrera, y las promociones de viviendas p\u00fablicas y privadas del sector Prim y el sector Cobega. <strong>Estas construcciones supondr\u00e1n un fuerte impacto en el barrio, tanto por el incremento de personas en tr\u00e1fico como por el nuevo vecindario que se instalar\u00e1.<\/strong><\/p>\n\n\n\n<p class=\"has-text-align-justify\">\u2018A peu de carrer\u2019 continu\u00f3 con una reuni\u00f3n con Roger Torrell, presidente de la <strong><a href=\"https:\/\/www.evern.org\/\" target=\"_blank\" aria-label=\"Coordinadora d\u2019Entitats VERN (opens in a new tab)\" rel=\"noreferrer noopener\" class=\"ek-link\">Coordinadora d\u2019Entitats VERN<\/a>, que gestiona y dinamiza el Casal de barrio de la Verneda, y cuenta con m\u00e1s de 70 entidades adheridas<\/strong>. Actualmente, abordan la gran mayor\u00eda de conflictos que surgen en el barrio.<\/p>\n\n\n\n<p class=\"has-text-align-justify\">El s\u00edndic de greuges, David Bondia, tambi\u00e9n descubri\u00f3 el proyecto de la <strong><a href=\"http:\/\/www.edaverneda.org\/edaverneda8\/es\" target=\"_blank\" aria-label=\"Escola d\u2019Adults de la Verneda (opens in a new tab)\" rel=\"noreferrer noopener\" class=\"ek-link\">Escola d\u2019Adults de la Verneda<\/a><\/strong>, que naci\u00f3 a finales de la d\u00e9cada 70 a ra\u00edz de la autoorganizaci\u00f3n del vecindario del barrio que quer\u00eda aprender y acceder a la educaci\u00f3n. Esta comunidad de aprendizaje se fundamenta en: grupos interactivos; tertulias; formaci\u00f3n de familias; gesti\u00f3n democr\u00e1tica; espacios de decisi\u00f3n; comisiones y grupos.<\/p>\n\n\n\n<p class=\"has-text-align-justify\">La tarde empez\u00f3 con un encuentro con las personas directoras de la <strong><a href=\"https:\/\/www.asme.cat\/\" target=\"_blank\" aria-label=\"ASME (Associaci\u00f3 Sant Mart\u00ed Esport) (opens in a new tab)\" rel=\"noreferrer noopener\" class=\"ek-link\">ASME (Associaci\u00f3 Sant Mart\u00ed Esport)<\/a><\/strong>, en la instalaci\u00f3n del CEM Verneda. Adem\u00e1s de este centro deportivo municipal, el ASME tambi\u00e9n gestiona el CEM Vintr\u00f3, el CEM Trinitat Vella y las Pistas La Pau.<\/p>\n\n\n\n<p class=\"has-text-align-justify\"><strong>La Asociaci\u00f3n trabaja varios proyectos de inserci\u00f3n social en el barrio de la Verneda<\/strong> a trav\u00e9s de diferentes deportes: baloncesto, balonmano, hockey l\u00ednea, gimnasia r\u00edtmica, trampol\u00edn y taekwondo. La idea de la entidad es practicar el deporte de manera mixta desde la infancia, hasta que las normativas de las diferentes federaciones se lo impide. Tambi\u00e9n cuentan con proyectos de cooperaci\u00f3n internacional con infancia y adolescencia refugiada del S\u00e1hara Occidental.<\/p>\n\n\n\n<p class=\"has-text-align-justify\">El d\u00eda finaliz\u00f3 con una visita a las <strong>pistas deportivas de La Pau<\/strong>, donde se practica el hockey l\u00ednea. El equipo que juega se llama Tucans y fueron pioneros en la lucha contra el abuso y el acoso a infancia y adolescencia, adem\u00e1s de combatir la violencia machista.<\/p>\n","protected":false},"excerpt":{"rendered":"<p>El pasado 25 de enero la Sindicatura de Greuges de Barcelona convirti\u00f3 en realidad \u2018A peu de carrer\u2019, el proyecto de David Bondia para acercar la instituci\u00f3n al vecindario de [&hellip;]<\/p>\n","protected":false},"author":2,"featured_media":13450,"comment_status":"closed","ping_status":"open","sticky":false,"template":"","format":"standard","meta":{"_acf_changed":false,"footnotes":""},"tags":[],"drets":[],"class_list":["post-13453","post","type-post","status-publish","format-standard","has-post-thumbnail","hentry"],"acf":[],"yoast_head":"<!-- This site is optimized with the Yoast SEO plugin v27.5 - https:\/\/yoast.com\/product\/yoast-seo-wordpress\/ -->\n<title>El s\u00edndic de Barcelona inicia \u2018A peu de carrer\u2019, el proyecto para acercar la Sindicatura a los vecinos y vecinas de los 73 barrios de la ciudad - Sindicatura de Greuges de Barcelona<\/title>\n<meta name=\"description\" content=\"La primera visita de esta nueva iniciativa se llev\u00f3 a cabo en dos barrios del Distrito de Sant Mart\u00ed: Sant Mart\u00ed de Proven\u00e7als, y la Verne...\" \/>\n<meta name=\"robots\" content=\"index, follow, max-snippet:-1, max-image-preview:large, max-video-preview:-1\" \/>\n<link rel=\"canonical\" href=\"https:\/\/www.sindicaturabarcelona.cat\/es\/sindic-barcelona-inicia-a-peu-de-carrer\/\" \/>\n<meta property=\"og:locale\" content=\"es_ES\" \/>\n<meta property=\"og:type\" content=\"article\" \/>\n<meta property=\"og:title\" content=\"El s\u00edndic de Barcelona inicia \u2018A peu de carrer\u2019, el proyecto para acercar la Sindicatura a los vecinos y vecinas de los 73 barrios de la ciudad - Sindicatura de Greuges de Barcelona\" \/>\n<meta property=\"og:description\" content=\"La primera visita de esta nueva iniciativa se llev\u00f3 a cabo en dos barrios del Distrito de Sant Mart\u00ed: Sant Mart\u00ed de Proven\u00e7als, y la Verne...\" \/>\n<meta property=\"og:url\" content=\"https:\/\/www.sindicaturabarcelona.cat\/es\/sindic-barcelona-inicia-a-peu-de-carrer\/\" \/>\n<meta property=\"og:site_name\" content=\"Sindicatura de Greuges de Barcelona\" \/>\n<meta property=\"article:published_time\" content=\"2022-02-01T10:51:25+00:00\" \/>\n<meta property=\"article:modified_time\" content=\"2022-02-01T10:51:26+00:00\" \/>\n<meta property=\"og:image\" content=\"https:\/\/www.sindicaturabarcelona.cat\/wp-content\/uploads\/2022\/01\/Foto-8770-retallada-scaled.jpg\" \/>\n\t<meta property=\"og:image:width\" content=\"2560\" \/>\n\t<meta property=\"og:image:height\" content=\"2016\" \/>\n\t<meta property=\"og:image:type\" content=\"image\/jpeg\" \/>\n<meta name=\"author\" content=\"Pablo\" \/>\n<meta name=\"twitter:card\" content=\"summary_large_image\" \/>\n<meta name=\"twitter:creator\" content=\"@sindicbarcelona\" \/>\n<meta name=\"twitter:site\" content=\"@sindicbarcelona\" \/>\n<meta name=\"twitter:label1\" content=\"Escrito por\" \/>\n\t<meta name=\"twitter:data1\" content=\"Pablo\" \/>\n\t<meta name=\"twitter:label2\" content=\"Tiempo de lectura\" \/>\n\t<meta name=\"twitter:data2\" content=\"3 minutos\" \/>\n<script type=\"application\/ld+json\" class=\"yoast-schema-graph\">{\"@context\":\"https:\\\/\\\/schema.org\",\"@graph\":[{\"@type\":\"Article\",\"@id\":\"https:\\\/\\\/www.sindicaturabarcelona.cat\\\/es\\\/sindic-barcelona-inicia-a-peu-de-carrer\\\/#article\",\"isPartOf\":{\"@id\":\"https:\\\/\\\/www.sindicaturabarcelona.cat\\\/es\\\/sindic-barcelona-inicia-a-peu-de-carrer\\\/\"},\"author\":{\"name\":\"Pablo\",\"@id\":\"https:\\\/\\\/www.sindicaturabarcelona.cat\\\/es\\\/#\\\/schema\\\/person\\\/0e5acffc350ffdbc97578159322c9452\"},\"headline\":\"El s\u00edndic de Barcelona inicia \u2018A peu de carrer\u2019, el proyecto para acercar la Sindicatura a los vecinos y vecinas de los 73 barrios de la ciudad\",\"datePublished\":\"2022-02-01T10:51:25+00:00\",\"dateModified\":\"2022-02-01T10:51:26+00:00\",\"mainEntityOfPage\":{\"@id\":\"https:\\\/\\\/www.sindicaturabarcelona.cat\\\/es\\\/sindic-barcelona-inicia-a-peu-de-carrer\\\/\"},\"wordCount\":566,\"publisher\":{\"@id\":\"https:\\\/\\\/www.sindicaturabarcelona.cat\\\/es\\\/#organization\"},\"image\":{\"@id\":\"https:\\\/\\\/www.sindicaturabarcelona.cat\\\/es\\\/sindic-barcelona-inicia-a-peu-de-carrer\\\/#primaryimage\"},\"thumbnailUrl\":\"https:\\\/\\\/www.sindicaturabarcelona.cat\\\/wp-content\\\/uploads\\\/2022\\\/01\\\/Foto-8770-retallada-scaled.jpg\",\"inLanguage\":\"es\"},{\"@type\":\"WebPage\",\"@id\":\"https:\\\/\\\/www.sindicaturabarcelona.cat\\\/es\\\/sindic-barcelona-inicia-a-peu-de-carrer\\\/\",\"url\":\"https:\\\/\\\/www.sindicaturabarcelona.cat\\\/es\\\/sindic-barcelona-inicia-a-peu-de-carrer\\\/\",\"name\":\"El s\u00edndic de Barcelona inicia \u2018A peu de carrer\u2019, el proyecto para acercar la Sindicatura a los vecinos y vecinas de los 73 barrios de la ciudad - Sindicatura de Greuges de Barcelona\",\"isPartOf\":{\"@id\":\"https:\\\/\\\/www.sindicaturabarcelona.cat\\\/es\\\/#website\"},\"primaryImageOfPage\":{\"@id\":\"https:\\\/\\\/www.sindicaturabarcelona.cat\\\/es\\\/sindic-barcelona-inicia-a-peu-de-carrer\\\/#primaryimage\"},\"image\":{\"@id\":\"https:\\\/\\\/www.sindicaturabarcelona.cat\\\/es\\\/sindic-barcelona-inicia-a-peu-de-carrer\\\/#primaryimage\"},\"thumbnailUrl\":\"https:\\\/\\\/www.sindicaturabarcelona.cat\\\/wp-content\\\/uploads\\\/2022\\\/01\\\/Foto-8770-retallada-scaled.jpg\",\"datePublished\":\"2022-02-01T10:51:25+00:00\",\"dateModified\":\"2022-02-01T10:51:26+00:00\",\"description\":\"La primera visita de esta nueva iniciativa se llev\u00f3 a cabo en dos barrios del Distrito de Sant Mart\u00ed: Sant Mart\u00ed de Proven\u00e7als, y la Verne...\",\"breadcrumb\":{\"@id\":\"https:\\\/\\\/www.sindicaturabarcelona.cat\\\/es\\\/sindic-barcelona-inicia-a-peu-de-carrer\\\/#breadcrumb\"},\"inLanguage\":\"es\",\"potentialAction\":[{\"@type\":\"ReadAction\",\"target\":[\"https:\\\/\\\/www.sindicaturabarcelona.cat\\\/es\\\/sindic-barcelona-inicia-a-peu-de-carrer\\\/\"]}]},{\"@type\":\"ImageObject\",\"inLanguage\":\"es\",\"@id\":\"https:\\\/\\\/www.sindicaturabarcelona.cat\\\/es\\\/sindic-barcelona-inicia-a-peu-de-carrer\\\/#primaryimage\",\"url\":\"https:\\\/\\\/www.sindicaturabarcelona.cat\\\/wp-content\\\/uploads\\\/2022\\\/01\\\/Foto-8770-retallada-scaled.jpg\",\"contentUrl\":\"https:\\\/\\\/www.sindicaturabarcelona.cat\\\/wp-content\\\/uploads\\\/2022\\\/01\\\/Foto-8770-retallada-scaled.jpg\",\"width\":2560,\"height\":2016,\"caption\":\"S\u00edndic Bondia i Toni Santos\"},{\"@type\":\"BreadcrumbList\",\"@id\":\"https:\\\/\\\/www.sindicaturabarcelona.cat\\\/es\\\/sindic-barcelona-inicia-a-peu-de-carrer\\\/#breadcrumb\",\"itemListElement\":[{\"@type\":\"ListItem\",\"position\":1,\"name\":\"Inici\",\"item\":\"https:\\\/\\\/www.sindicaturabarcelona.cat\\\/es\\\/\"},{\"@type\":\"ListItem\",\"position\":2,\"name\":\"El s\u00edndic de Barcelona inicia \u2018A peu de carrer\u2019, el proyecto para acercar la Sindicatura a los vecinos y vecinas de los 73 barrios de la ciudad\"}]},{\"@type\":\"WebSite\",\"@id\":\"https:\\\/\\\/www.sindicaturabarcelona.cat\\\/es\\\/#website\",\"url\":\"https:\\\/\\\/www.sindicaturabarcelona.cat\\\/es\\\/\",\"name\":\"Sindicatura de Greuges de Barcelona\",\"description\":\"La defensoria dels teus drets\",\"publisher\":{\"@id\":\"https:\\\/\\\/www.sindicaturabarcelona.cat\\\/es\\\/#organization\"},\"potentialAction\":[{\"@type\":\"SearchAction\",\"target\":{\"@type\":\"EntryPoint\",\"urlTemplate\":\"https:\\\/\\\/www.sindicaturabarcelona.cat\\\/es\\\/?s={search_term_string}\"},\"query-input\":{\"@type\":\"PropertyValueSpecification\",\"valueRequired\":true,\"valueName\":\"search_term_string\"}}],\"inLanguage\":\"es\"},{\"@type\":\"Organization\",\"@id\":\"https:\\\/\\\/www.sindicaturabarcelona.cat\\\/es\\\/#organization\",\"name\":\"Sindicatura de Greuges de Barcelona\",\"url\":\"https:\\\/\\\/www.sindicaturabarcelona.cat\\\/es\\\/\",\"logo\":{\"@type\":\"ImageObject\",\"inLanguage\":\"es\",\"@id\":\"https:\\\/\\\/www.sindicaturabarcelona.cat\\\/es\\\/#\\\/schema\\\/logo\\\/image\\\/\",\"url\":\"https:\\\/\\\/www.sindicaturabarcelona.cat\\\/wp-content\\\/uploads\\\/2023\\\/02\\\/logo_sindicatura.svg\",\"contentUrl\":\"https:\\\/\\\/www.sindicaturabarcelona.cat\\\/wp-content\\\/uploads\\\/2023\\\/02\\\/logo_sindicatura.svg\",\"caption\":\"Sindicatura de Greuges de Barcelona\"},\"image\":{\"@id\":\"https:\\\/\\\/www.sindicaturabarcelona.cat\\\/es\\\/#\\\/schema\\\/logo\\\/image\\\/\"},\"sameAs\":[\"https:\\\/\\\/x.com\\\/sindicbarcelona\",\"https:\\\/\\\/www.instagram.com\\\/sindicbarcelona\\\/\",\"https:\\\/\\\/www.tiktok.com\\\/@sindicaturabcn\",\"https:\\\/\\\/t.me\\\/sindicaturabarcelona\"]},{\"@type\":\"Person\",\"@id\":\"https:\\\/\\\/www.sindicaturabarcelona.cat\\\/es\\\/#\\\/schema\\\/person\\\/0e5acffc350ffdbc97578159322c9452\",\"name\":\"Pablo\",\"image\":{\"@type\":\"ImageObject\",\"inLanguage\":\"es\",\"@id\":\"https:\\\/\\\/secure.gravatar.com\\\/avatar\\\/c948169b402ef9492afde705c3dfd5e90e1a6a84ef6840a91124f805a25a480f?s=96&d=mm&r=g\",\"url\":\"https:\\\/\\\/secure.gravatar.com\\\/avatar\\\/c948169b402ef9492afde705c3dfd5e90e1a6a84ef6840a91124f805a25a480f?s=96&d=mm&r=g\",\"contentUrl\":\"https:\\\/\\\/secure.gravatar.com\\\/avatar\\\/c948169b402ef9492afde705c3dfd5e90e1a6a84ef6840a91124f805a25a480f?s=96&d=mm&r=g\",\"caption\":\"Pablo\"},\"url\":\"https:\\\/\\\/www.sindicaturabarcelona.cat\\\/es\\\/author\\\/pablo\\\/\"}]}<\/script>\n<!-- \/ Yoast SEO plugin. -->","yoast_head_json":{"title":"El s\u00edndic de Barcelona inicia \u2018A peu de carrer\u2019, el proyecto para acercar la Sindicatura a los vecinos y vecinas de los 73 barrios de la ciudad - Sindicatura de Greuges de Barcelona","description":"La primera visita de esta nueva iniciativa se llev\u00f3 a cabo en dos barrios del Distrito de Sant Mart\u00ed: Sant Mart\u00ed de Proven\u00e7als, y la Verne...","robots":{"index":"index","follow":"follow","max-snippet":"max-snippet:-1","max-image-preview":"max-image-preview:large","max-video-preview":"max-video-preview:-1"},"canonical":"https:\/\/www.sindicaturabarcelona.cat\/es\/sindic-barcelona-inicia-a-peu-de-carrer\/","og_locale":"es_ES","og_type":"article","og_title":"El s\u00edndic de Barcelona inicia \u2018A peu de carrer\u2019, el proyecto para acercar la Sindicatura a los vecinos y vecinas de los 73 barrios de la ciudad - Sindicatura de Greuges de Barcelona","og_description":"La primera visita de esta nueva iniciativa se llev\u00f3 a cabo en dos barrios del Distrito de Sant Mart\u00ed: Sant Mart\u00ed de Proven\u00e7als, y la Verne...","og_url":"https:\/\/www.sindicaturabarcelona.cat\/es\/sindic-barcelona-inicia-a-peu-de-carrer\/","og_site_name":"Sindicatura de Greuges de Barcelona","article_published_time":"2022-02-01T10:51:25+00:00","article_modified_time":"2022-02-01T10:51:26+00:00","og_image":[{"width":2560,"height":2016,"url":"https:\/\/www.sindicaturabarcelona.cat\/wp-content\/uploads\/2022\/01\/Foto-8770-retallada-scaled.jpg","type":"image\/jpeg"}],"author":"Pablo","twitter_card":"summary_large_image","twitter_creator":"@sindicbarcelona","twitter_site":"@sindicbarcelona","twitter_misc":{"Escrito por":"Pablo","Tiempo de lectura":"3 minutos"},"schema":{"@context":"https:\/\/schema.org","@graph":[{"@type":"Article","@id":"https:\/\/www.sindicaturabarcelona.cat\/es\/sindic-barcelona-inicia-a-peu-de-carrer\/#article","isPartOf":{"@id":"https:\/\/www.sindicaturabarcelona.cat\/es\/sindic-barcelona-inicia-a-peu-de-carrer\/"},"author":{"name":"Pablo","@id":"https:\/\/www.sindicaturabarcelona.cat\/es\/#\/schema\/person\/0e5acffc350ffdbc97578159322c9452"},"headline":"El s\u00edndic de Barcelona inicia \u2018A peu de carrer\u2019, el proyecto para acercar la Sindicatura a los vecinos y vecinas de los 73 barrios de la ciudad","datePublished":"2022-02-01T10:51:25+00:00","dateModified":"2022-02-01T10:51:26+00:00","mainEntityOfPage":{"@id":"https:\/\/www.sindicaturabarcelona.cat\/es\/sindic-barcelona-inicia-a-peu-de-carrer\/"},"wordCount":566,"publisher":{"@id":"https:\/\/www.sindicaturabarcelona.cat\/es\/#organization"},"image":{"@id":"https:\/\/www.sindicaturabarcelona.cat\/es\/sindic-barcelona-inicia-a-peu-de-carrer\/#primaryimage"},"thumbnailUrl":"https:\/\/www.sindicaturabarcelona.cat\/wp-content\/uploads\/2022\/01\/Foto-8770-retallada-scaled.jpg","inLanguage":"es"},{"@type":"WebPage","@id":"https:\/\/www.sindicaturabarcelona.cat\/es\/sindic-barcelona-inicia-a-peu-de-carrer\/","url":"https:\/\/www.sindicaturabarcelona.cat\/es\/sindic-barcelona-inicia-a-peu-de-carrer\/","name":"El s\u00edndic de Barcelona inicia \u2018A peu de carrer\u2019, el proyecto para acercar la Sindicatura a los vecinos y vecinas de los 73 barrios de la ciudad - Sindicatura de Greuges de Barcelona","isPartOf":{"@id":"https:\/\/www.sindicaturabarcelona.cat\/es\/#website"},"primaryImageOfPage":{"@id":"https:\/\/www.sindicaturabarcelona.cat\/es\/sindic-barcelona-inicia-a-peu-de-carrer\/#primaryimage"},"image":{"@id":"https:\/\/www.sindicaturabarcelona.cat\/es\/sindic-barcelona-inicia-a-peu-de-carrer\/#primaryimage"},"thumbnailUrl":"https:\/\/www.sindicaturabarcelona.cat\/wp-content\/uploads\/2022\/01\/Foto-8770-retallada-scaled.jpg","datePublished":"2022-02-01T10:51:25+00:00","dateModified":"2022-02-01T10:51:26+00:00","description":"La primera visita de esta nueva iniciativa se llev\u00f3 a cabo en dos barrios del Distrito de Sant Mart\u00ed: Sant Mart\u00ed de Proven\u00e7als, y la Verne...","breadcrumb":{"@id":"https:\/\/www.sindicaturabarcelona.cat\/es\/sindic-barcelona-inicia-a-peu-de-carrer\/#breadcrumb"},"inLanguage":"es","potentialAction":[{"@type":"ReadAction","target":["https:\/\/www.sindicaturabarcelona.cat\/es\/sindic-barcelona-inicia-a-peu-de-carrer\/"]}]},{"@type":"ImageObject","inLanguage":"es","@id":"https:\/\/www.sindicaturabarcelona.cat\/es\/sindic-barcelona-inicia-a-peu-de-carrer\/#primaryimage","url":"https:\/\/www.sindicaturabarcelona.cat\/wp-content\/uploads\/2022\/01\/Foto-8770-retallada-scaled.jpg","contentUrl":"https:\/\/www.sindicaturabarcelona.cat\/wp-content\/uploads\/2022\/01\/Foto-8770-retallada-scaled.jpg","width":2560,"height":2016,"caption":"S\u00edndic Bondia i Toni Santos"},{"@type":"BreadcrumbList","@id":"https:\/\/www.sindicaturabarcelona.cat\/es\/sindic-barcelona-inicia-a-peu-de-carrer\/#breadcrumb","itemListElement":[{"@type":"ListItem","position":1,"name":"Inici","item":"https:\/\/www.sindicaturabarcelona.cat\/es\/"},{"@type":"ListItem","position":2,"name":"El s\u00edndic de Barcelona inicia \u2018A peu de carrer\u2019, el proyecto para acercar la Sindicatura a los vecinos y vecinas de los 73 barrios de la ciudad"}]},{"@type":"WebSite","@id":"https:\/\/www.sindicaturabarcelona.cat\/es\/#website","url":"https:\/\/www.sindicaturabarcelona.cat\/es\/","name":"Sindicatura de Greuges de Barcelona","description":"La defensoria dels teus drets","publisher":{"@id":"https:\/\/www.sindicaturabarcelona.cat\/es\/#organization"},"potentialAction":[{"@type":"SearchAction","target":{"@type":"EntryPoint","urlTemplate":"https:\/\/www.sindicaturabarcelona.cat\/es\/?s={search_term_string}"},"query-input":{"@type":"PropertyValueSpecification","valueRequired":true,"valueName":"search_term_string"}}],"inLanguage":"es"},{"@type":"Organization","@id":"https:\/\/www.sindicaturabarcelona.cat\/es\/#organization","name":"Sindicatura de Greuges de Barcelona","url":"https:\/\/www.sindicaturabarcelona.cat\/es\/","logo":{"@type":"ImageObject","inLanguage":"es","@id":"https:\/\/www.sindicaturabarcelona.cat\/es\/#\/schema\/logo\/image\/","url":"https:\/\/www.sindicaturabarcelona.cat\/wp-content\/uploads\/2023\/02\/logo_sindicatura.svg","contentUrl":"https:\/\/www.sindicaturabarcelona.cat\/wp-content\/uploads\/2023\/02\/logo_sindicatura.svg","caption":"Sindicatura de Greuges de Barcelona"},"image":{"@id":"https:\/\/www.sindicaturabarcelona.cat\/es\/#\/schema\/logo\/image\/"},"sameAs":["https:\/\/x.com\/sindicbarcelona","https:\/\/www.instagram.com\/sindicbarcelona\/","https:\/\/www.tiktok.com\/@sindicaturabcn","https:\/\/t.me\/sindicaturabarcelona"]},{"@type":"Person","@id":"https:\/\/www.sindicaturabarcelona.cat\/es\/#\/schema\/person\/0e5acffc350ffdbc97578159322c9452","name":"Pablo","image":{"@type":"ImageObject","inLanguage":"es","@id":"https:\/\/secure.gravatar.com\/avatar\/c948169b402ef9492afde705c3dfd5e90e1a6a84ef6840a91124f805a25a480f?s=96&d=mm&r=g","url":"https:\/\/secure.gravatar.com\/avatar\/c948169b402ef9492afde705c3dfd5e90e1a6a84ef6840a91124f805a25a480f?s=96&d=mm&r=g","contentUrl":"https:\/\/secure.gravatar.com\/avatar\/c948169b402ef9492afde705c3dfd5e90e1a6a84ef6840a91124f805a25a480f?s=96&d=mm&r=g","caption":"Pablo"},"url":"https:\/\/www.sindicaturabarcelona.cat\/es\/author\/pablo\/"}]}},"_links":{"self":[{"href":"https:\/\/www.sindicaturabarcelona.cat\/es\/wp-json\/wp\/v2\/posts\/13453","targetHints":{"allow":["GET"]}}],"collection":[{"href":"https:\/\/www.sindicaturabarcelona.cat\/es\/wp-json\/wp\/v2\/posts"}],"about":[{"href":"https:\/\/www.sindicaturabarcelona.cat\/es\/wp-json\/wp\/v2\/types\/post"}],"author":[{"embeddable":true,"href":"https:\/\/www.sindicaturabarcelona.cat\/es\/wp-json\/wp\/v2\/users\/2"}],"replies":[{"embeddable":true,"href":"https:\/\/www.sindicaturabarcelona.cat\/es\/wp-json\/wp\/v2\/comments?post=13453"}],"version-history":[{"count":0,"href":"https:\/\/www.sindicaturabarcelona.cat\/es\/wp-json\/wp\/v2\/posts\/13453\/revisions"}],"wp:featuredmedia":[{"embeddable":true,"href":"https:\/\/www.sindicaturabarcelona.cat\/es\/wp-json\/wp\/v2\/media\/13450"}],"wp:attachment":[{"href":"https:\/\/www.sindicaturabarcelona.cat\/es\/wp-json\/wp\/v2\/media?parent=13453"}],"wp:term":[{"taxonomy":"post_tag","embeddable":true,"href":"https:\/\/www.sindicaturabarcelona.cat\/es\/wp-json\/wp\/v2\/tags?post=13453"},{"taxonomy":"drets","embeddable":true,"href":"https:\/\/www.sindicaturabarcelona.cat\/es\/wp-json\/wp\/v2\/drets?post=13453"}],"curies":[{"name":"wp","href":"https:\/\/api.w.org\/{rel}","templated":true}]}}