{"id":13427,"date":"2022-01-28T12:17:11","date_gmt":"2022-01-28T10:17:11","guid":{"rendered":"https:\/\/www.sindicabarcelona.cat\/?p=13427"},"modified":"2022-01-28T12:17:11","modified_gmt":"2022-01-28T10:17:11","slug":"eva-garcia-chueca-nueva-adjunta-sindicatura-greuges-barcelona","status":"publish","type":"post","link":"https:\/\/www.sindicaturabarcelona.cat\/es\/eva-garcia-chueca-nueva-adjunta-sindicatura-greuges-barcelona\/","title":{"rendered":"Eva Garcia Chueca, nombrada nueva adjunta de la Sindicatura de Greuges de Barcelona"},"content":{"rendered":"\n<p class=\"has-text-align-justify\">El Plenario del Consejo Municipal ha aprobado el nombramiento de Eva Garc\u00eda Chueca como nueva adjunta de la <a href=\"https:\/\/www.sindicaturabarcelona.cat\/es\/\" target=\"_blank\" aria-label=\"Sindicatura de Greuges de Barcelona (opens in a new tab)\" rel=\"noreferrer noopener\" class=\"ek-link\">Sindicatura de Greuges de Barcelona<\/a>, que sustituye en el cargo a Nat\u00e0lia&nbsp;Ferr\u00e9&nbsp;Gir\u00f3, quien ha tenido esta responsabilidad desde el mes de febrero del a\u00f1o 2019.<\/p>\n\n\n\n<p class=\"has-text-align-justify\">Eva Garcia Chueca es jurista, licenciada en Derecho por la Universitat de Barcelona (2004). Cuenta con un <em>M\u00e1ster Europeo en Derechos Humanos y Democratizaci\u00f3n por <\/em>la&nbsp;European&nbsp;Inter-University&nbsp;Centre for&nbsp;Human&nbsp;Rights&nbsp;and&nbsp;Democratisation&nbsp;(2005), y un <em>M\u00e1ster en Ciudadan\u00eda y Derechos Humanos: \u00c9tica y pol\u00edtica<\/em> por la Universitat de Barcelona (2010). Tambi\u00e9n es Doctora Cum Laude en <em>Postcolonialismos y Ciudadan\u00eda Global<\/em> por la Universidad de Co\u00edmbra.<\/p>\n\n\n\n<p class=\"has-text-align-justify\">En cuanto a su vertiente profesional, ha sido investigadora s\u00e9nior del programa <em>Ciudades Globales<\/em> del&nbsp;<a href=\"https:\/\/www.cidob.org\/es\/\" target=\"_blank\" aria-label=\"CIDOB (opens in a new tab)\" rel=\"noreferrer noopener\" class=\"ek-link\">CIDOB<\/a>&nbsp;desde 2017. De 2011 a 2018 tambi\u00e9n ejerci\u00f3 como investigadora en el Centro de Estudios Sociales (CES) de la Universidad de Co\u00edmbra. Durante diez a\u00f1os, form\u00f3 parte de Ciudades y Gobiernos Locales Unidos, desde donde asesor\u00f3 en ciudades de todo el mundo en materia de derechos humanos, pol\u00edticas sociales y participaci\u00f3n ciudadana. Anteriormente, trabaj\u00f3 para la Diputaci\u00f3n de Barcelona en proyectos de derechos humanos.<\/p>\n\n\n\n<p class=\"has-text-align-justify\">Durante su trayectoria, ha combinado la praxis profesional y la investigaci\u00f3n con la docencia en varios centros universitarios: en el&nbsp;IBEI&nbsp;(Instituto Barcelona de Estudios Internacionales) ha impartido clases sobre las relaciones internacionales de las ciudades globales; en la UOC (Universitat Oberta de Catalunya) es profesora colaboradora de Derechos Humanos, y en la Universidad de Coimbra ha ejercido como docente invitada en el doctorado \u2018Sociolog\u00eda del Estado, del derecho y de la justicia\u2019.<\/p>\n\n\n\n<p class=\"has-text-align-justify\">Sus principales \u00e1reas de trabajo han sido los derechos humanos, el derecho en la ciudad, las pol\u00edticas urbanas, la inclusi\u00f3n social, la participaci\u00f3n ciudadana, los estudios poscoloniales y los feminismos. <strong>\u201cEncaro este nuevo reto con ilusi\u00f3n y compromiso. Despu\u00e9s de toda una trayectoria profesional dedicada a promover los derechos humanos a trav\u00e9s de las pol\u00edticas locales, ser\u00e1 un privilegio poner esta experiencia al servicio de mi ciudad\u201d<\/strong>, ha manifestado Eva Garcia Chueca, que ha a\u00f1adido que \u201c<strong>la Sindicatura es una instituci\u00f3n con un gran potencial para hacer realidad el derecho en la ciudad de todos los barceloneses y barcelonesas\u201d.<\/strong><br><br>El s\u00edndic de greuges, David Bondia, ha valorado la nueva incorporaci\u00f3n: <strong>\u201cEncaja perfectamente con el proyecto de Sindicatura con experiencia y comprometida con los derechos humanos de proximidad que present\u00e9 desde el inicio del proceso participativo\u201d.<\/strong><\/p>\n","protected":false},"excerpt":{"rendered":"<p>El Plenario del Consejo Municipal ha aprobado el nombramiento de Eva Garc\u00eda Chueca como nueva adjunta de la Sindicatura de Greuges de Barcelona, que sustituye en el cargo a Nat\u00e0lia&nbsp;Ferr\u00e9&nbsp;Gir\u00f3, [&hellip;]<\/p>\n","protected":false},"author":2,"featured_media":13444,"comment_status":"closed","ping_status":"open","sticky":false,"template":"","format":"standard","meta":{"_acf_changed":false,"footnotes":""},"tags":[],"drets":[],"class_list":["post-13427","post","type-post","status-publish","format-standard","has-post-thumbnail","hentry"],"acf":[],"yoast_head":"<!-- This site is optimized with the Yoast SEO plugin v27.5 - https:\/\/yoast.com\/product\/yoast-seo-wordpress\/ -->\n<title>Eva Garcia Chueca, nombrada nueva adjunta de la Sindicatura de Greuges de Barcelona - Sindicatura de Greuges de Barcelona<\/title>\n<meta name=\"description\" content=\"El Plenario del Ayuntamiento ha aprobado el nombramiento de Eva Garc\u00eda Chueca como nueva adjunta de la Sindicatura de Greuges de Barcelona.\" \/>\n<meta name=\"robots\" content=\"index, follow, max-snippet:-1, max-image-preview:large, max-video-preview:-1\" \/>\n<link rel=\"canonical\" href=\"https:\/\/www.sindicaturabarcelona.cat\/es\/eva-garcia-chueca-nueva-adjunta-sindicatura-greuges-barcelona\/\" \/>\n<meta property=\"og:locale\" content=\"es_ES\" \/>\n<meta property=\"og:type\" content=\"article\" \/>\n<meta property=\"og:title\" content=\"Eva Garcia Chueca, nombrada nueva adjunta de la Sindicatura de Greuges de Barcelona - Sindicatura de Greuges de Barcelona\" \/>\n<meta property=\"og:description\" content=\"El Plenario del Ayuntamiento ha aprobado el nombramiento de Eva Garc\u00eda Chueca como nueva adjunta de la Sindicatura de Greuges de Barcelona.\" \/>\n<meta property=\"og:url\" content=\"https:\/\/www.sindicaturabarcelona.cat\/es\/eva-garcia-chueca-nueva-adjunta-sindicatura-greuges-barcelona\/\" \/>\n<meta property=\"og:site_name\" content=\"Sindicatura de Greuges de Barcelona\" \/>\n<meta property=\"article:published_time\" content=\"2022-01-28T10:17:11+00:00\" \/>\n<meta property=\"og:image\" content=\"https:\/\/www.sindicaturabarcelona.cat\/wp-content\/uploads\/2022\/01\/Eva-Garcia-Chueca-nova-adjunta-Sindicatura-1.jpg\" \/>\n\t<meta property=\"og:image:width\" content=\"400\" \/>\n\t<meta property=\"og:image:height\" content=\"400\" \/>\n\t<meta property=\"og:image:type\" content=\"image\/jpeg\" \/>\n<meta name=\"author\" content=\"Pablo\" \/>\n<meta name=\"twitter:card\" content=\"summary_large_image\" \/>\n<meta name=\"twitter:creator\" content=\"@sindicbarcelona\" \/>\n<meta name=\"twitter:site\" content=\"@sindicbarcelona\" \/>\n<meta name=\"twitter:label1\" content=\"Escrito por\" \/>\n\t<meta name=\"twitter:data1\" content=\"Pablo\" \/>\n\t<meta name=\"twitter:label2\" content=\"Tiempo de lectura\" \/>\n\t<meta name=\"twitter:data2\" content=\"2 minutos\" \/>\n<script type=\"application\/ld+json\" class=\"yoast-schema-graph\">{\"@context\":\"https:\\\/\\\/schema.org\",\"@graph\":[{\"@type\":\"Article\",\"@id\":\"https:\\\/\\\/www.sindicaturabarcelona.cat\\\/es\\\/eva-garcia-chueca-nueva-adjunta-sindicatura-greuges-barcelona\\\/#article\",\"isPartOf\":{\"@id\":\"https:\\\/\\\/www.sindicaturabarcelona.cat\\\/es\\\/eva-garcia-chueca-nueva-adjunta-sindicatura-greuges-barcelona\\\/\"},\"author\":{\"name\":\"Pablo\",\"@id\":\"https:\\\/\\\/www.sindicaturabarcelona.cat\\\/es\\\/#\\\/schema\\\/person\\\/0e5acffc350ffdbc97578159322c9452\"},\"headline\":\"Eva Garcia Chueca, nombrada nueva adjunta de la Sindicatura de Greuges de Barcelona\",\"datePublished\":\"2022-01-28T10:17:11+00:00\",\"mainEntityOfPage\":{\"@id\":\"https:\\\/\\\/www.sindicaturabarcelona.cat\\\/es\\\/eva-garcia-chueca-nueva-adjunta-sindicatura-greuges-barcelona\\\/\"},\"wordCount\":451,\"publisher\":{\"@id\":\"https:\\\/\\\/www.sindicaturabarcelona.cat\\\/es\\\/#organization\"},\"image\":{\"@id\":\"https:\\\/\\\/www.sindicaturabarcelona.cat\\\/es\\\/eva-garcia-chueca-nueva-adjunta-sindicatura-greuges-barcelona\\\/#primaryimage\"},\"thumbnailUrl\":\"https:\\\/\\\/www.sindicaturabarcelona.cat\\\/wp-content\\\/uploads\\\/2022\\\/01\\\/Eva-Garcia-Chueca-nova-adjunta-Sindicatura-1.jpg\",\"inLanguage\":\"es\"},{\"@type\":\"WebPage\",\"@id\":\"https:\\\/\\\/www.sindicaturabarcelona.cat\\\/es\\\/eva-garcia-chueca-nueva-adjunta-sindicatura-greuges-barcelona\\\/\",\"url\":\"https:\\\/\\\/www.sindicaturabarcelona.cat\\\/es\\\/eva-garcia-chueca-nueva-adjunta-sindicatura-greuges-barcelona\\\/\",\"name\":\"Eva Garcia Chueca, nombrada nueva adjunta de la Sindicatura de Greuges de Barcelona - Sindicatura de Greuges de Barcelona\",\"isPartOf\":{\"@id\":\"https:\\\/\\\/www.sindicaturabarcelona.cat\\\/es\\\/#website\"},\"primaryImageOfPage\":{\"@id\":\"https:\\\/\\\/www.sindicaturabarcelona.cat\\\/es\\\/eva-garcia-chueca-nueva-adjunta-sindicatura-greuges-barcelona\\\/#primaryimage\"},\"image\":{\"@id\":\"https:\\\/\\\/www.sindicaturabarcelona.cat\\\/es\\\/eva-garcia-chueca-nueva-adjunta-sindicatura-greuges-barcelona\\\/#primaryimage\"},\"thumbnailUrl\":\"https:\\\/\\\/www.sindicaturabarcelona.cat\\\/wp-content\\\/uploads\\\/2022\\\/01\\\/Eva-Garcia-Chueca-nova-adjunta-Sindicatura-1.jpg\",\"datePublished\":\"2022-01-28T10:17:11+00:00\",\"description\":\"El Plenario del Ayuntamiento ha aprobado el nombramiento de Eva Garc\u00eda Chueca como nueva adjunta de la Sindicatura de Greuges de Barcelona.\",\"breadcrumb\":{\"@id\":\"https:\\\/\\\/www.sindicaturabarcelona.cat\\\/es\\\/eva-garcia-chueca-nueva-adjunta-sindicatura-greuges-barcelona\\\/#breadcrumb\"},\"inLanguage\":\"es\",\"potentialAction\":[{\"@type\":\"ReadAction\",\"target\":[\"https:\\\/\\\/www.sindicaturabarcelona.cat\\\/es\\\/eva-garcia-chueca-nueva-adjunta-sindicatura-greuges-barcelona\\\/\"]}]},{\"@type\":\"ImageObject\",\"inLanguage\":\"es\",\"@id\":\"https:\\\/\\\/www.sindicaturabarcelona.cat\\\/es\\\/eva-garcia-chueca-nueva-adjunta-sindicatura-greuges-barcelona\\\/#primaryimage\",\"url\":\"https:\\\/\\\/www.sindicaturabarcelona.cat\\\/wp-content\\\/uploads\\\/2022\\\/01\\\/Eva-Garcia-Chueca-nova-adjunta-Sindicatura-1.jpg\",\"contentUrl\":\"https:\\\/\\\/www.sindicaturabarcelona.cat\\\/wp-content\\\/uploads\\\/2022\\\/01\\\/Eva-Garcia-Chueca-nova-adjunta-Sindicatura-1.jpg\",\"width\":400,\"height\":400},{\"@type\":\"BreadcrumbList\",\"@id\":\"https:\\\/\\\/www.sindicaturabarcelona.cat\\\/es\\\/eva-garcia-chueca-nueva-adjunta-sindicatura-greuges-barcelona\\\/#breadcrumb\",\"itemListElement\":[{\"@type\":\"ListItem\",\"position\":1,\"name\":\"Inici\",\"item\":\"https:\\\/\\\/www.sindicaturabarcelona.cat\\\/es\\\/\"},{\"@type\":\"ListItem\",\"position\":2,\"name\":\"Eva Garcia Chueca, nombrada nueva adjunta de la Sindicatura de Greuges de Barcelona\"}]},{\"@type\":\"WebSite\",\"@id\":\"https:\\\/\\\/www.sindicaturabarcelona.cat\\\/es\\\/#website\",\"url\":\"https:\\\/\\\/www.sindicaturabarcelona.cat\\\/es\\\/\",\"name\":\"Sindicatura de Greuges de Barcelona\",\"description\":\"La defensoria dels teus drets\",\"publisher\":{\"@id\":\"https:\\\/\\\/www.sindicaturabarcelona.cat\\\/es\\\/#organization\"},\"potentialAction\":[{\"@type\":\"SearchAction\",\"target\":{\"@type\":\"EntryPoint\",\"urlTemplate\":\"https:\\\/\\\/www.sindicaturabarcelona.cat\\\/es\\\/?s={search_term_string}\"},\"query-input\":{\"@type\":\"PropertyValueSpecification\",\"valueRequired\":true,\"valueName\":\"search_term_string\"}}],\"inLanguage\":\"es\"},{\"@type\":\"Organization\",\"@id\":\"https:\\\/\\\/www.sindicaturabarcelona.cat\\\/es\\\/#organization\",\"name\":\"Sindicatura de Greuges de Barcelona\",\"url\":\"https:\\\/\\\/www.sindicaturabarcelona.cat\\\/es\\\/\",\"logo\":{\"@type\":\"ImageObject\",\"inLanguage\":\"es\",\"@id\":\"https:\\\/\\\/www.sindicaturabarcelona.cat\\\/es\\\/#\\\/schema\\\/logo\\\/image\\\/\",\"url\":\"https:\\\/\\\/www.sindicaturabarcelona.cat\\\/wp-content\\\/uploads\\\/2023\\\/02\\\/logo_sindicatura.svg\",\"contentUrl\":\"https:\\\/\\\/www.sindicaturabarcelona.cat\\\/wp-content\\\/uploads\\\/2023\\\/02\\\/logo_sindicatura.svg\",\"caption\":\"Sindicatura de Greuges de Barcelona\"},\"image\":{\"@id\":\"https:\\\/\\\/www.sindicaturabarcelona.cat\\\/es\\\/#\\\/schema\\\/logo\\\/image\\\/\"},\"sameAs\":[\"https:\\\/\\\/x.com\\\/sindicbarcelona\",\"https:\\\/\\\/www.instagram.com\\\/sindicbarcelona\\\/\",\"https:\\\/\\\/www.tiktok.com\\\/@sindicaturabcn\",\"https:\\\/\\\/t.me\\\/sindicaturabarcelona\"]},{\"@type\":\"Person\",\"@id\":\"https:\\\/\\\/www.sindicaturabarcelona.cat\\\/es\\\/#\\\/schema\\\/person\\\/0e5acffc350ffdbc97578159322c9452\",\"name\":\"Pablo\",\"image\":{\"@type\":\"ImageObject\",\"inLanguage\":\"es\",\"@id\":\"https:\\\/\\\/secure.gravatar.com\\\/avatar\\\/c948169b402ef9492afde705c3dfd5e90e1a6a84ef6840a91124f805a25a480f?s=96&d=mm&r=g\",\"url\":\"https:\\\/\\\/secure.gravatar.com\\\/avatar\\\/c948169b402ef9492afde705c3dfd5e90e1a6a84ef6840a91124f805a25a480f?s=96&d=mm&r=g\",\"contentUrl\":\"https:\\\/\\\/secure.gravatar.com\\\/avatar\\\/c948169b402ef9492afde705c3dfd5e90e1a6a84ef6840a91124f805a25a480f?s=96&d=mm&r=g\",\"caption\":\"Pablo\"},\"url\":\"https:\\\/\\\/www.sindicaturabarcelona.cat\\\/es\\\/author\\\/pablo\\\/\"}]}<\/script>\n<!-- \/ Yoast SEO plugin. -->","yoast_head_json":{"title":"Eva Garcia Chueca, nombrada nueva adjunta de la Sindicatura de Greuges de Barcelona - Sindicatura de Greuges de Barcelona","description":"El Plenario del Ayuntamiento ha aprobado el nombramiento de Eva Garc\u00eda Chueca como nueva adjunta de la Sindicatura de Greuges de Barcelona.","robots":{"index":"index","follow":"follow","max-snippet":"max-snippet:-1","max-image-preview":"max-image-preview:large","max-video-preview":"max-video-preview:-1"},"canonical":"https:\/\/www.sindicaturabarcelona.cat\/es\/eva-garcia-chueca-nueva-adjunta-sindicatura-greuges-barcelona\/","og_locale":"es_ES","og_type":"article","og_title":"Eva Garcia Chueca, nombrada nueva adjunta de la Sindicatura de Greuges de Barcelona - Sindicatura de Greuges de Barcelona","og_description":"El Plenario del Ayuntamiento ha aprobado el nombramiento de Eva Garc\u00eda Chueca como nueva adjunta de la Sindicatura de Greuges de Barcelona.","og_url":"https:\/\/www.sindicaturabarcelona.cat\/es\/eva-garcia-chueca-nueva-adjunta-sindicatura-greuges-barcelona\/","og_site_name":"Sindicatura de Greuges de Barcelona","article_published_time":"2022-01-28T10:17:11+00:00","og_image":[{"width":400,"height":400,"url":"https:\/\/www.sindicaturabarcelona.cat\/wp-content\/uploads\/2022\/01\/Eva-Garcia-Chueca-nova-adjunta-Sindicatura-1.jpg","type":"image\/jpeg"}],"author":"Pablo","twitter_card":"summary_large_image","twitter_creator":"@sindicbarcelona","twitter_site":"@sindicbarcelona","twitter_misc":{"Escrito por":"Pablo","Tiempo de lectura":"2 minutos"},"schema":{"@context":"https:\/\/schema.org","@graph":[{"@type":"Article","@id":"https:\/\/www.sindicaturabarcelona.cat\/es\/eva-garcia-chueca-nueva-adjunta-sindicatura-greuges-barcelona\/#article","isPartOf":{"@id":"https:\/\/www.sindicaturabarcelona.cat\/es\/eva-garcia-chueca-nueva-adjunta-sindicatura-greuges-barcelona\/"},"author":{"name":"Pablo","@id":"https:\/\/www.sindicaturabarcelona.cat\/es\/#\/schema\/person\/0e5acffc350ffdbc97578159322c9452"},"headline":"Eva Garcia Chueca, nombrada nueva adjunta de la Sindicatura de Greuges de Barcelona","datePublished":"2022-01-28T10:17:11+00:00","mainEntityOfPage":{"@id":"https:\/\/www.sindicaturabarcelona.cat\/es\/eva-garcia-chueca-nueva-adjunta-sindicatura-greuges-barcelona\/"},"wordCount":451,"publisher":{"@id":"https:\/\/www.sindicaturabarcelona.cat\/es\/#organization"},"image":{"@id":"https:\/\/www.sindicaturabarcelona.cat\/es\/eva-garcia-chueca-nueva-adjunta-sindicatura-greuges-barcelona\/#primaryimage"},"thumbnailUrl":"https:\/\/www.sindicaturabarcelona.cat\/wp-content\/uploads\/2022\/01\/Eva-Garcia-Chueca-nova-adjunta-Sindicatura-1.jpg","inLanguage":"es"},{"@type":"WebPage","@id":"https:\/\/www.sindicaturabarcelona.cat\/es\/eva-garcia-chueca-nueva-adjunta-sindicatura-greuges-barcelona\/","url":"https:\/\/www.sindicaturabarcelona.cat\/es\/eva-garcia-chueca-nueva-adjunta-sindicatura-greuges-barcelona\/","name":"Eva Garcia Chueca, nombrada nueva adjunta de la Sindicatura de Greuges de Barcelona - Sindicatura de Greuges de Barcelona","isPartOf":{"@id":"https:\/\/www.sindicaturabarcelona.cat\/es\/#website"},"primaryImageOfPage":{"@id":"https:\/\/www.sindicaturabarcelona.cat\/es\/eva-garcia-chueca-nueva-adjunta-sindicatura-greuges-barcelona\/#primaryimage"},"image":{"@id":"https:\/\/www.sindicaturabarcelona.cat\/es\/eva-garcia-chueca-nueva-adjunta-sindicatura-greuges-barcelona\/#primaryimage"},"thumbnailUrl":"https:\/\/www.sindicaturabarcelona.cat\/wp-content\/uploads\/2022\/01\/Eva-Garcia-Chueca-nova-adjunta-Sindicatura-1.jpg","datePublished":"2022-01-28T10:17:11+00:00","description":"El Plenario del Ayuntamiento ha aprobado el nombramiento de Eva Garc\u00eda Chueca como nueva adjunta de la Sindicatura de Greuges de Barcelona.","breadcrumb":{"@id":"https:\/\/www.sindicaturabarcelona.cat\/es\/eva-garcia-chueca-nueva-adjunta-sindicatura-greuges-barcelona\/#breadcrumb"},"inLanguage":"es","potentialAction":[{"@type":"ReadAction","target":["https:\/\/www.sindicaturabarcelona.cat\/es\/eva-garcia-chueca-nueva-adjunta-sindicatura-greuges-barcelona\/"]}]},{"@type":"ImageObject","inLanguage":"es","@id":"https:\/\/www.sindicaturabarcelona.cat\/es\/eva-garcia-chueca-nueva-adjunta-sindicatura-greuges-barcelona\/#primaryimage","url":"https:\/\/www.sindicaturabarcelona.cat\/wp-content\/uploads\/2022\/01\/Eva-Garcia-Chueca-nova-adjunta-Sindicatura-1.jpg","contentUrl":"https:\/\/www.sindicaturabarcelona.cat\/wp-content\/uploads\/2022\/01\/Eva-Garcia-Chueca-nova-adjunta-Sindicatura-1.jpg","width":400,"height":400},{"@type":"BreadcrumbList","@id":"https:\/\/www.sindicaturabarcelona.cat\/es\/eva-garcia-chueca-nueva-adjunta-sindicatura-greuges-barcelona\/#breadcrumb","itemListElement":[{"@type":"ListItem","position":1,"name":"Inici","item":"https:\/\/www.sindicaturabarcelona.cat\/es\/"},{"@type":"ListItem","position":2,"name":"Eva Garcia Chueca, nombrada nueva adjunta de la Sindicatura de Greuges de Barcelona"}]},{"@type":"WebSite","@id":"https:\/\/www.sindicaturabarcelona.cat\/es\/#website","url":"https:\/\/www.sindicaturabarcelona.cat\/es\/","name":"Sindicatura de Greuges de Barcelona","description":"La defensoria dels teus drets","publisher":{"@id":"https:\/\/www.sindicaturabarcelona.cat\/es\/#organization"},"potentialAction":[{"@type":"SearchAction","target":{"@type":"EntryPoint","urlTemplate":"https:\/\/www.sindicaturabarcelona.cat\/es\/?s={search_term_string}"},"query-input":{"@type":"PropertyValueSpecification","valueRequired":true,"valueName":"search_term_string"}}],"inLanguage":"es"},{"@type":"Organization","@id":"https:\/\/www.sindicaturabarcelona.cat\/es\/#organization","name":"Sindicatura de Greuges de Barcelona","url":"https:\/\/www.sindicaturabarcelona.cat\/es\/","logo":{"@type":"ImageObject","inLanguage":"es","@id":"https:\/\/www.sindicaturabarcelona.cat\/es\/#\/schema\/logo\/image\/","url":"https:\/\/www.sindicaturabarcelona.cat\/wp-content\/uploads\/2023\/02\/logo_sindicatura.svg","contentUrl":"https:\/\/www.sindicaturabarcelona.cat\/wp-content\/uploads\/2023\/02\/logo_sindicatura.svg","caption":"Sindicatura de Greuges de Barcelona"},"image":{"@id":"https:\/\/www.sindicaturabarcelona.cat\/es\/#\/schema\/logo\/image\/"},"sameAs":["https:\/\/x.com\/sindicbarcelona","https:\/\/www.instagram.com\/sindicbarcelona\/","https:\/\/www.tiktok.com\/@sindicaturabcn","https:\/\/t.me\/sindicaturabarcelona"]},{"@type":"Person","@id":"https:\/\/www.sindicaturabarcelona.cat\/es\/#\/schema\/person\/0e5acffc350ffdbc97578159322c9452","name":"Pablo","image":{"@type":"ImageObject","inLanguage":"es","@id":"https:\/\/secure.gravatar.com\/avatar\/c948169b402ef9492afde705c3dfd5e90e1a6a84ef6840a91124f805a25a480f?s=96&d=mm&r=g","url":"https:\/\/secure.gravatar.com\/avatar\/c948169b402ef9492afde705c3dfd5e90e1a6a84ef6840a91124f805a25a480f?s=96&d=mm&r=g","contentUrl":"https:\/\/secure.gravatar.com\/avatar\/c948169b402ef9492afde705c3dfd5e90e1a6a84ef6840a91124f805a25a480f?s=96&d=mm&r=g","caption":"Pablo"},"url":"https:\/\/www.sindicaturabarcelona.cat\/es\/author\/pablo\/"}]}},"_links":{"self":[{"href":"https:\/\/www.sindicaturabarcelona.cat\/es\/wp-json\/wp\/v2\/posts\/13427","targetHints":{"allow":["GET"]}}],"collection":[{"href":"https:\/\/www.sindicaturabarcelona.cat\/es\/wp-json\/wp\/v2\/posts"}],"about":[{"href":"https:\/\/www.sindicaturabarcelona.cat\/es\/wp-json\/wp\/v2\/types\/post"}],"author":[{"embeddable":true,"href":"https:\/\/www.sindicaturabarcelona.cat\/es\/wp-json\/wp\/v2\/users\/2"}],"replies":[{"embeddable":true,"href":"https:\/\/www.sindicaturabarcelona.cat\/es\/wp-json\/wp\/v2\/comments?post=13427"}],"version-history":[{"count":0,"href":"https:\/\/www.sindicaturabarcelona.cat\/es\/wp-json\/wp\/v2\/posts\/13427\/revisions"}],"wp:featuredmedia":[{"embeddable":true,"href":"https:\/\/www.sindicaturabarcelona.cat\/es\/wp-json\/wp\/v2\/media\/13444"}],"wp:attachment":[{"href":"https:\/\/www.sindicaturabarcelona.cat\/es\/wp-json\/wp\/v2\/media?parent=13427"}],"wp:term":[{"taxonomy":"post_tag","embeddable":true,"href":"https:\/\/www.sindicaturabarcelona.cat\/es\/wp-json\/wp\/v2\/tags?post=13427"},{"taxonomy":"drets","embeddable":true,"href":"https:\/\/www.sindicaturabarcelona.cat\/es\/wp-json\/wp\/v2\/drets?post=13427"}],"curies":[{"name":"wp","href":"https:\/\/api.w.org\/{rel}","templated":true}]}}