{"id":13348,"date":"2022-01-11T18:00:36","date_gmt":"2022-01-11T16:00:36","guid":{"rendered":"https:\/\/www.sindicabarcelona.cat\/?p=13348"},"modified":"2022-01-11T18:16:28","modified_gmt":"2022-01-11T16:16:28","slug":"sindic-recomienda-al-ibe-medidas-control-que-eviten-discriminaciones","status":"publish","type":"post","link":"https:\/\/www.sindicaturabarcelona.cat\/es\/sindic-recomienda-al-ibe-medidas-control-que-eviten-discriminaciones\/","title":{"rendered":"El s\u00edndic recomienda al IBE que establezca medidas de control para evitar la repetici\u00f3n de situaciones discriminatorias"},"content":{"rendered":"\n<blockquote class=\"wp-block-quote is-style-large is-layout-flow wp-block-quote-is-layout-flow\"><p><strong>La Sindicatura de Greuges de Barcelona ha concluido que la expulsi\u00f3n del ni\u00f1o de la actividad el primer d\u00eda es una situaci\u00f3n discriminatoria que vulnera sus derechos.<\/strong><\/p><\/blockquote>\n\n\n\n<p class=\"has-text-align-justify\">La Sindicatura de Greuges de Barcelona ha recomendado al Institut Barcelona Esports (IBE) que establezca las medidas de control oportunas para evitar la repetici\u00f3n de situaciones discriminatorias, adem\u00e1s de valorar si los hechos de esta desigualdad son susceptibles de infracci\u00f3n administrativa.<\/p>\n\n\n\n<h3 class=\"wp-block-heading\"><strong>Discriminaci\u00f3n de un ni\u00f1o en un casal de verano<\/strong><\/h3>\n\n\n\n<p class=\"has-text-align-justify\">Una familia barcelonesa se dirigi\u00f3 a la <a href=\"https:\/\/www.sindicaturabarcelona.cat\/es\/\" target=\"_blank\" aria-label=\"Sindicatura de Greuges de Barcelona  (opens in a new tab)\" rel=\"noreferrer noopener\" class=\"ek-link\">Sindicatura de Greuges de Barcelona <\/a>para trasladar el malestar por el trato recibido por su hijo a un casal de verano organizado por un centro deportivo municipal (CEM)\u00a0gestionado por una entidad privada.<\/p>\n\n\n\n<p class=\"has-text-align-justify\">Expon\u00eda que su hijo de 6 a\u00f1os presenta dificultades en el aprendizaje, situaci\u00f3n que no ha impedido seguir la escolarizaci\u00f3n y llevar a cabo cualquier actividad. Tiene ciertos problemas en cuanto a la lectura, la escritura o las matem\u00e1ticas, en las que cuenta con una persona de apoyo en la escuela, pero actividades como la psicomotricidad, la piscina, el ingl\u00e9s, la m\u00fasica o la pl\u00e1stica las gestiona solo.<\/p>\n\n\n\n<p class=\"has-text-align-justify\">De acuerdo con las recomendaciones recibidas, tanto de la psic\u00f3loga de la escuela como de la psicopedagoga del Centro de Salud Mental Infantil y Juvenil, la familia apunt\u00f3 su hijo a un casal de verano para facilitar la socializaci\u00f3n del ni\u00f1o y compartir el juego. Primero asisti\u00f3 al casal de la escuela durante dos semanas, donde todo fue bien, y posteriormente lo inscribieron una semana a este casal de verano.<\/p>\n\n\n\n<p class=\"has-text-align-justify\">Antes de iniciar la actividad, la familia contact\u00f3 con el responsable del casal para explicar la situaci\u00f3n de su hijo, y se les respondi\u00f3 que no hab\u00eda ninguna dificultad porque ten\u00edan un equipo preparado. Sin embargo, el primer d\u00eda, en el momento de recoger el ni\u00f1o, el responsable les dijo que su hijo hab\u00eda dado muchos problemas; que hac\u00eda atrasar el grupo en las actividades; que no podr\u00eda asistir a la salida l\u00fadica en un parque acu\u00e1tico porque no se le pod\u00eda dejar solo, y que no pod\u00edan tener un monitor solo para un ni\u00f1o, de forma que la opci\u00f3n seria que el d\u00eda siguiente no volviera al Casal.<\/p>\n\n\n\n<p class=\"has-text-align-justify\"><strong>La familia considera inadmisible la vulneraci\u00f3n de derechos que sufri\u00f3 su hijo en una instalaci\u00f3n p\u00fablica del Ayuntamiento de Barcelona, adem\u00e1s del da\u00f1o moral y la afectaci\u00f3n para su autoestima<\/strong>, motivo por el cual decidieron presentar una queja por escrito en el centro.<\/p>\n\n\n\n<h3 class=\"wp-block-heading\"><strong>La actuaci\u00f3n municipal<\/strong><\/h3>\n\n\n\n<p class=\"has-text-align-justify\">El <a href=\"https:\/\/ajuntament.barcelona.cat\/esports\/es\" target=\"_blank\" aria-label=\"Institut Barcelona Esports (opens in a new tab)\" rel=\"noreferrer noopener\" class=\"ek-link\">Institut Barcelona Esports<\/a> ha informado a la Sindicatura de Greuges de Barcelona que, inmediatamente despu\u00e9s de tener conocimiento de estos hechos, se puso en contacto con la familia y con el gerente de la entidad. Desde el IBE se a\u00f1ade que no hay constancia de hechos similares en todos los a\u00f1os que esta entidad lleva gestionando el centro deportivo municipal.<\/p>\n\n\n\n<p class=\"has-text-align-justify\">Por \u00faltimo, el IBE contact\u00f3 con la familia, lament\u00f3 los hechos sucedidos y expuso la voluntad de seguir trabajando con el club en el marco del programa <em>Esport Inclou<\/em>, para evitar que vuelva a repetirse una situaci\u00f3n como esta.<\/p>\n\n\n\n<h3 class=\"wp-block-heading\"><strong>Las valoraciones de la Sindicatura<\/strong><\/h3>\n\n\n\n<p class=\"has-text-align-justify\">Esta actividad de verano para ni\u00f1os tiene lugar en el contexto del <em>Protocolo de la campa\u00f1a de actividades de vacaciones de verano para ni\u00f1os y adolescentes<\/em> del Ayuntamiento, que tiene el objetivo de que todas las actividades de la campa\u00f1a sean inclusivas. Por este motivo, se tendr\u00e1n que hacer efectivos los medios para la participaci\u00f3n de todos los ni\u00f1os con independencia de sus condiciones f\u00edsicas, ps\u00edquicas o sensoriales.<\/p>\n\n\n\n<p class=\"has-text-align-justify\">Para esta finalidad, el Protocolo requiere que las actividades dispongan de los recursos t\u00e9cnicos y humanos necesarios para garantizar la inclusi\u00f3n. En caso de que el ni\u00f1o presente unas necesidades de atenci\u00f3n espec\u00edficas, el Ayuntamiento apoya a la entidad promotora complementando el equipo de monitores, e incluso prev\u00e9 un tanto por ciento de reservas de plazas.<\/p>\n\n\n\n<p class=\"has-text-align-justify\"><strong>Desde la Sindicatura de Greuges de Barcelona se ha concluido que la expulsi\u00f3n del ni\u00f1o de la actividad el primer d\u00eda es una situaci\u00f3n discriminatoria y que vulnera sus derechos<\/strong>, tal como lo han reconocido la entidad gestora y el IBE, que ofrecieron disculpas a la familia desde el primer momento, con la indicaci\u00f3n que no volver\u00eda a pasar.<\/p>\n\n\n\n<p class=\"has-text-align-justify\">Las pol\u00edticas del Ayuntamiento hacen \u00e9nfasis y trabajan por un deporte inclusivo que permita disfrutar a todo el mundo, especialmente a los ni\u00f1os y adolescentes. La Sindicatura de Greuges de Barcelona quiere destacar que, m\u00e1s all\u00e1 de las disculpas, para que situaciones como esta no se vuelvan a repetir y establecer mecanismos de control para evitarlo, <strong>se debe valorar si la actuaci\u00f3n de la entidad gestora supone la vulneraci\u00f3n del ordenamiento jur\u00eddico y la comisi\u00f3n de alguna infracci\u00f3n administrativa que requiera sanci\u00f3n.<\/strong><\/p>\n","protected":false},"excerpt":{"rendered":"<p>La Sindicatura de Greuges de Barcelona ha concluido que la expulsi\u00f3n del ni\u00f1o de la actividad el primer d\u00eda es una situaci\u00f3n discriminatoria que vulnera sus derechos. La Sindicatura de [&hellip;]<\/p>\n","protected":false},"author":2,"featured_media":13343,"comment_status":"closed","ping_status":"open","sticky":false,"template":"","format":"standard","meta":{"_acf_changed":false,"footnotes":""},"tags":[],"drets":[1475],"class_list":["post-13348","post","type-post","status-publish","format-standard","has-post-thumbnail","hentry","drets-ciudad-equitativa"],"acf":[],"yoast_head":"<!-- This site is optimized with the Yoast SEO plugin v27.5 - https:\/\/yoast.com\/product\/yoast-seo-wordpress\/ -->\n<title>El s\u00edndic recomienda al IBE que establezca medidas de control para evitar la repetici\u00f3n de situaciones discriminatorias - Sindicatura de Greuges de Barcelona<\/title>\n<meta name=\"description\" content=\"La Sindicatura ha concluido que la expulsi\u00f3n del ni\u00f1o de la actividad el primer d\u00eda es una situaci\u00f3n discriminatoria que vulnera sus derechos\" \/>\n<meta name=\"robots\" content=\"index, follow, max-snippet:-1, max-image-preview:large, max-video-preview:-1\" \/>\n<link rel=\"canonical\" href=\"https:\/\/www.sindicaturabarcelona.cat\/es\/sindic-recomienda-al-ibe-medidas-control-que-eviten-discriminaciones\/\" \/>\n<meta property=\"og:locale\" content=\"es_ES\" \/>\n<meta property=\"og:type\" content=\"article\" \/>\n<meta property=\"og:title\" content=\"El s\u00edndic recomienda al IBE que establezca medidas de control para evitar la repetici\u00f3n de situaciones discriminatorias - Sindicatura de Greuges de Barcelona\" \/>\n<meta property=\"og:description\" content=\"La Sindicatura ha concluido que la expulsi\u00f3n del ni\u00f1o de la actividad el primer d\u00eda es una situaci\u00f3n discriminatoria que vulnera sus derechos\" \/>\n<meta property=\"og:url\" content=\"https:\/\/www.sindicaturabarcelona.cat\/es\/sindic-recomienda-al-ibe-medidas-control-que-eviten-discriminaciones\/\" \/>\n<meta property=\"og:site_name\" content=\"Sindicatura de Greuges de Barcelona\" \/>\n<meta property=\"article:published_time\" content=\"2022-01-11T16:00:36+00:00\" \/>\n<meta property=\"article:modified_time\" content=\"2022-01-11T16:16:28+00:00\" \/>\n<meta property=\"og:image\" content=\"https:\/\/www.sindicaturabarcelona.cat\/wp-content\/uploads\/2022\/01\/19420_200622_AF_PrimerDiaActivitatEstiu_0035.jpg\" \/>\n\t<meta property=\"og:image:width\" content=\"1024\" \/>\n\t<meta property=\"og:image:height\" content=\"684\" \/>\n\t<meta property=\"og:image:type\" content=\"image\/jpeg\" \/>\n<meta name=\"author\" content=\"Pablo\" \/>\n<meta name=\"twitter:card\" content=\"summary_large_image\" \/>\n<meta name=\"twitter:creator\" content=\"@sindicbarcelona\" \/>\n<meta name=\"twitter:site\" content=\"@sindicbarcelona\" \/>\n<meta name=\"twitter:label1\" content=\"Escrito por\" \/>\n\t<meta name=\"twitter:data1\" content=\"Pablo\" \/>\n\t<meta name=\"twitter:label2\" content=\"Tiempo de lectura\" \/>\n\t<meta name=\"twitter:data2\" content=\"4 minutos\" \/>\n<script type=\"application\/ld+json\" class=\"yoast-schema-graph\">{\"@context\":\"https:\\\/\\\/schema.org\",\"@graph\":[{\"@type\":\"Article\",\"@id\":\"https:\\\/\\\/www.sindicaturabarcelona.cat\\\/es\\\/sindic-recomienda-al-ibe-medidas-control-que-eviten-discriminaciones\\\/#article\",\"isPartOf\":{\"@id\":\"https:\\\/\\\/www.sindicaturabarcelona.cat\\\/es\\\/sindic-recomienda-al-ibe-medidas-control-que-eviten-discriminaciones\\\/\"},\"author\":{\"name\":\"Pablo\",\"@id\":\"https:\\\/\\\/www.sindicaturabarcelona.cat\\\/es\\\/#\\\/schema\\\/person\\\/0e5acffc350ffdbc97578159322c9452\"},\"headline\":\"El s\u00edndic recomienda al IBE que establezca medidas de control para evitar la repetici\u00f3n de situaciones discriminatorias\",\"datePublished\":\"2022-01-11T16:00:36+00:00\",\"dateModified\":\"2022-01-11T16:16:28+00:00\",\"mainEntityOfPage\":{\"@id\":\"https:\\\/\\\/www.sindicaturabarcelona.cat\\\/es\\\/sindic-recomienda-al-ibe-medidas-control-que-eviten-discriminaciones\\\/\"},\"wordCount\":873,\"publisher\":{\"@id\":\"https:\\\/\\\/www.sindicaturabarcelona.cat\\\/es\\\/#organization\"},\"image\":{\"@id\":\"https:\\\/\\\/www.sindicaturabarcelona.cat\\\/es\\\/sindic-recomienda-al-ibe-medidas-control-que-eviten-discriminaciones\\\/#primaryimage\"},\"thumbnailUrl\":\"https:\\\/\\\/www.sindicaturabarcelona.cat\\\/wp-content\\\/uploads\\\/2022\\\/01\\\/19420_200622_AF_PrimerDiaActivitatEstiu_0035.jpg\",\"articleSection\":[\"General\"],\"inLanguage\":\"es\"},{\"@type\":\"WebPage\",\"@id\":\"https:\\\/\\\/www.sindicaturabarcelona.cat\\\/es\\\/sindic-recomienda-al-ibe-medidas-control-que-eviten-discriminaciones\\\/\",\"url\":\"https:\\\/\\\/www.sindicaturabarcelona.cat\\\/es\\\/sindic-recomienda-al-ibe-medidas-control-que-eviten-discriminaciones\\\/\",\"name\":\"El s\u00edndic recomienda al IBE que establezca medidas de control para evitar la repetici\u00f3n de situaciones discriminatorias - Sindicatura de Greuges de Barcelona\",\"isPartOf\":{\"@id\":\"https:\\\/\\\/www.sindicaturabarcelona.cat\\\/es\\\/#website\"},\"primaryImageOfPage\":{\"@id\":\"https:\\\/\\\/www.sindicaturabarcelona.cat\\\/es\\\/sindic-recomienda-al-ibe-medidas-control-que-eviten-discriminaciones\\\/#primaryimage\"},\"image\":{\"@id\":\"https:\\\/\\\/www.sindicaturabarcelona.cat\\\/es\\\/sindic-recomienda-al-ibe-medidas-control-que-eviten-discriminaciones\\\/#primaryimage\"},\"thumbnailUrl\":\"https:\\\/\\\/www.sindicaturabarcelona.cat\\\/wp-content\\\/uploads\\\/2022\\\/01\\\/19420_200622_AF_PrimerDiaActivitatEstiu_0035.jpg\",\"datePublished\":\"2022-01-11T16:00:36+00:00\",\"dateModified\":\"2022-01-11T16:16:28+00:00\",\"description\":\"La Sindicatura ha concluido que la expulsi\u00f3n del ni\u00f1o de la actividad el primer d\u00eda es una situaci\u00f3n discriminatoria que vulnera sus derechos\",\"breadcrumb\":{\"@id\":\"https:\\\/\\\/www.sindicaturabarcelona.cat\\\/es\\\/sindic-recomienda-al-ibe-medidas-control-que-eviten-discriminaciones\\\/#breadcrumb\"},\"inLanguage\":\"es\",\"potentialAction\":[{\"@type\":\"ReadAction\",\"target\":[\"https:\\\/\\\/www.sindicaturabarcelona.cat\\\/es\\\/sindic-recomienda-al-ibe-medidas-control-que-eviten-discriminaciones\\\/\"]}]},{\"@type\":\"ImageObject\",\"inLanguage\":\"es\",\"@id\":\"https:\\\/\\\/www.sindicaturabarcelona.cat\\\/es\\\/sindic-recomienda-al-ibe-medidas-control-que-eviten-discriminaciones\\\/#primaryimage\",\"url\":\"https:\\\/\\\/www.sindicaturabarcelona.cat\\\/wp-content\\\/uploads\\\/2022\\\/01\\\/19420_200622_AF_PrimerDiaActivitatEstiu_0035.jpg\",\"contentUrl\":\"https:\\\/\\\/www.sindicaturabarcelona.cat\\\/wp-content\\\/uploads\\\/2022\\\/01\\\/19420_200622_AF_PrimerDiaActivitatEstiu_0035.jpg\",\"width\":1024,\"height\":684,\"caption\":\"Discriminacio infancia casal estiu\"},{\"@type\":\"BreadcrumbList\",\"@id\":\"https:\\\/\\\/www.sindicaturabarcelona.cat\\\/es\\\/sindic-recomienda-al-ibe-medidas-control-que-eviten-discriminaciones\\\/#breadcrumb\",\"itemListElement\":[{\"@type\":\"ListItem\",\"position\":1,\"name\":\"Inici\",\"item\":\"https:\\\/\\\/www.sindicaturabarcelona.cat\\\/es\\\/\"},{\"@type\":\"ListItem\",\"position\":2,\"name\":\"El s\u00edndic recomienda al IBE que establezca medidas de control para evitar la repetici\u00f3n de situaciones discriminatorias\"}]},{\"@type\":\"WebSite\",\"@id\":\"https:\\\/\\\/www.sindicaturabarcelona.cat\\\/es\\\/#website\",\"url\":\"https:\\\/\\\/www.sindicaturabarcelona.cat\\\/es\\\/\",\"name\":\"Sindicatura de Greuges de Barcelona\",\"description\":\"La defensoria dels teus drets\",\"publisher\":{\"@id\":\"https:\\\/\\\/www.sindicaturabarcelona.cat\\\/es\\\/#organization\"},\"potentialAction\":[{\"@type\":\"SearchAction\",\"target\":{\"@type\":\"EntryPoint\",\"urlTemplate\":\"https:\\\/\\\/www.sindicaturabarcelona.cat\\\/es\\\/?s={search_term_string}\"},\"query-input\":{\"@type\":\"PropertyValueSpecification\",\"valueRequired\":true,\"valueName\":\"search_term_string\"}}],\"inLanguage\":\"es\"},{\"@type\":\"Organization\",\"@id\":\"https:\\\/\\\/www.sindicaturabarcelona.cat\\\/es\\\/#organization\",\"name\":\"Sindicatura de Greuges de Barcelona\",\"url\":\"https:\\\/\\\/www.sindicaturabarcelona.cat\\\/es\\\/\",\"logo\":{\"@type\":\"ImageObject\",\"inLanguage\":\"es\",\"@id\":\"https:\\\/\\\/www.sindicaturabarcelona.cat\\\/es\\\/#\\\/schema\\\/logo\\\/image\\\/\",\"url\":\"https:\\\/\\\/www.sindicaturabarcelona.cat\\\/wp-content\\\/uploads\\\/2023\\\/02\\\/logo_sindicatura.svg\",\"contentUrl\":\"https:\\\/\\\/www.sindicaturabarcelona.cat\\\/wp-content\\\/uploads\\\/2023\\\/02\\\/logo_sindicatura.svg\",\"caption\":\"Sindicatura de Greuges de Barcelona\"},\"image\":{\"@id\":\"https:\\\/\\\/www.sindicaturabarcelona.cat\\\/es\\\/#\\\/schema\\\/logo\\\/image\\\/\"},\"sameAs\":[\"https:\\\/\\\/x.com\\\/sindicbarcelona\",\"https:\\\/\\\/www.instagram.com\\\/sindicbarcelona\\\/\",\"https:\\\/\\\/www.tiktok.com\\\/@sindicaturabcn\",\"https:\\\/\\\/t.me\\\/sindicaturabarcelona\"]},{\"@type\":\"Person\",\"@id\":\"https:\\\/\\\/www.sindicaturabarcelona.cat\\\/es\\\/#\\\/schema\\\/person\\\/0e5acffc350ffdbc97578159322c9452\",\"name\":\"Pablo\",\"image\":{\"@type\":\"ImageObject\",\"inLanguage\":\"es\",\"@id\":\"https:\\\/\\\/secure.gravatar.com\\\/avatar\\\/c948169b402ef9492afde705c3dfd5e90e1a6a84ef6840a91124f805a25a480f?s=96&d=mm&r=g\",\"url\":\"https:\\\/\\\/secure.gravatar.com\\\/avatar\\\/c948169b402ef9492afde705c3dfd5e90e1a6a84ef6840a91124f805a25a480f?s=96&d=mm&r=g\",\"contentUrl\":\"https:\\\/\\\/secure.gravatar.com\\\/avatar\\\/c948169b402ef9492afde705c3dfd5e90e1a6a84ef6840a91124f805a25a480f?s=96&d=mm&r=g\",\"caption\":\"Pablo\"},\"url\":\"https:\\\/\\\/www.sindicaturabarcelona.cat\\\/es\\\/author\\\/pablo\\\/\"}]}<\/script>\n<!-- \/ Yoast SEO plugin. -->","yoast_head_json":{"title":"El s\u00edndic recomienda al IBE que establezca medidas de control para evitar la repetici\u00f3n de situaciones discriminatorias - Sindicatura de Greuges de Barcelona","description":"La Sindicatura ha concluido que la expulsi\u00f3n del ni\u00f1o de la actividad el primer d\u00eda es una situaci\u00f3n discriminatoria que vulnera sus derechos","robots":{"index":"index","follow":"follow","max-snippet":"max-snippet:-1","max-image-preview":"max-image-preview:large","max-video-preview":"max-video-preview:-1"},"canonical":"https:\/\/www.sindicaturabarcelona.cat\/es\/sindic-recomienda-al-ibe-medidas-control-que-eviten-discriminaciones\/","og_locale":"es_ES","og_type":"article","og_title":"El s\u00edndic recomienda al IBE que establezca medidas de control para evitar la repetici\u00f3n de situaciones discriminatorias - Sindicatura de Greuges de Barcelona","og_description":"La Sindicatura ha concluido que la expulsi\u00f3n del ni\u00f1o de la actividad el primer d\u00eda es una situaci\u00f3n discriminatoria que vulnera sus derechos","og_url":"https:\/\/www.sindicaturabarcelona.cat\/es\/sindic-recomienda-al-ibe-medidas-control-que-eviten-discriminaciones\/","og_site_name":"Sindicatura de Greuges de Barcelona","article_published_time":"2022-01-11T16:00:36+00:00","article_modified_time":"2022-01-11T16:16:28+00:00","og_image":[{"width":1024,"height":684,"url":"https:\/\/www.sindicaturabarcelona.cat\/wp-content\/uploads\/2022\/01\/19420_200622_AF_PrimerDiaActivitatEstiu_0035.jpg","type":"image\/jpeg"}],"author":"Pablo","twitter_card":"summary_large_image","twitter_creator":"@sindicbarcelona","twitter_site":"@sindicbarcelona","twitter_misc":{"Escrito por":"Pablo","Tiempo de lectura":"4 minutos"},"schema":{"@context":"https:\/\/schema.org","@graph":[{"@type":"Article","@id":"https:\/\/www.sindicaturabarcelona.cat\/es\/sindic-recomienda-al-ibe-medidas-control-que-eviten-discriminaciones\/#article","isPartOf":{"@id":"https:\/\/www.sindicaturabarcelona.cat\/es\/sindic-recomienda-al-ibe-medidas-control-que-eviten-discriminaciones\/"},"author":{"name":"Pablo","@id":"https:\/\/www.sindicaturabarcelona.cat\/es\/#\/schema\/person\/0e5acffc350ffdbc97578159322c9452"},"headline":"El s\u00edndic recomienda al IBE que establezca medidas de control para evitar la repetici\u00f3n de situaciones discriminatorias","datePublished":"2022-01-11T16:00:36+00:00","dateModified":"2022-01-11T16:16:28+00:00","mainEntityOfPage":{"@id":"https:\/\/www.sindicaturabarcelona.cat\/es\/sindic-recomienda-al-ibe-medidas-control-que-eviten-discriminaciones\/"},"wordCount":873,"publisher":{"@id":"https:\/\/www.sindicaturabarcelona.cat\/es\/#organization"},"image":{"@id":"https:\/\/www.sindicaturabarcelona.cat\/es\/sindic-recomienda-al-ibe-medidas-control-que-eviten-discriminaciones\/#primaryimage"},"thumbnailUrl":"https:\/\/www.sindicaturabarcelona.cat\/wp-content\/uploads\/2022\/01\/19420_200622_AF_PrimerDiaActivitatEstiu_0035.jpg","articleSection":["General"],"inLanguage":"es"},{"@type":"WebPage","@id":"https:\/\/www.sindicaturabarcelona.cat\/es\/sindic-recomienda-al-ibe-medidas-control-que-eviten-discriminaciones\/","url":"https:\/\/www.sindicaturabarcelona.cat\/es\/sindic-recomienda-al-ibe-medidas-control-que-eviten-discriminaciones\/","name":"El s\u00edndic recomienda al IBE que establezca medidas de control para evitar la repetici\u00f3n de situaciones discriminatorias - Sindicatura de Greuges de Barcelona","isPartOf":{"@id":"https:\/\/www.sindicaturabarcelona.cat\/es\/#website"},"primaryImageOfPage":{"@id":"https:\/\/www.sindicaturabarcelona.cat\/es\/sindic-recomienda-al-ibe-medidas-control-que-eviten-discriminaciones\/#primaryimage"},"image":{"@id":"https:\/\/www.sindicaturabarcelona.cat\/es\/sindic-recomienda-al-ibe-medidas-control-que-eviten-discriminaciones\/#primaryimage"},"thumbnailUrl":"https:\/\/www.sindicaturabarcelona.cat\/wp-content\/uploads\/2022\/01\/19420_200622_AF_PrimerDiaActivitatEstiu_0035.jpg","datePublished":"2022-01-11T16:00:36+00:00","dateModified":"2022-01-11T16:16:28+00:00","description":"La Sindicatura ha concluido que la expulsi\u00f3n del ni\u00f1o de la actividad el primer d\u00eda es una situaci\u00f3n discriminatoria que vulnera sus derechos","breadcrumb":{"@id":"https:\/\/www.sindicaturabarcelona.cat\/es\/sindic-recomienda-al-ibe-medidas-control-que-eviten-discriminaciones\/#breadcrumb"},"inLanguage":"es","potentialAction":[{"@type":"ReadAction","target":["https:\/\/www.sindicaturabarcelona.cat\/es\/sindic-recomienda-al-ibe-medidas-control-que-eviten-discriminaciones\/"]}]},{"@type":"ImageObject","inLanguage":"es","@id":"https:\/\/www.sindicaturabarcelona.cat\/es\/sindic-recomienda-al-ibe-medidas-control-que-eviten-discriminaciones\/#primaryimage","url":"https:\/\/www.sindicaturabarcelona.cat\/wp-content\/uploads\/2022\/01\/19420_200622_AF_PrimerDiaActivitatEstiu_0035.jpg","contentUrl":"https:\/\/www.sindicaturabarcelona.cat\/wp-content\/uploads\/2022\/01\/19420_200622_AF_PrimerDiaActivitatEstiu_0035.jpg","width":1024,"height":684,"caption":"Discriminacio infancia casal estiu"},{"@type":"BreadcrumbList","@id":"https:\/\/www.sindicaturabarcelona.cat\/es\/sindic-recomienda-al-ibe-medidas-control-que-eviten-discriminaciones\/#breadcrumb","itemListElement":[{"@type":"ListItem","position":1,"name":"Inici","item":"https:\/\/www.sindicaturabarcelona.cat\/es\/"},{"@type":"ListItem","position":2,"name":"El s\u00edndic recomienda al IBE que establezca medidas de control para evitar la repetici\u00f3n de situaciones discriminatorias"}]},{"@type":"WebSite","@id":"https:\/\/www.sindicaturabarcelona.cat\/es\/#website","url":"https:\/\/www.sindicaturabarcelona.cat\/es\/","name":"Sindicatura de Greuges de Barcelona","description":"La defensoria dels teus drets","publisher":{"@id":"https:\/\/www.sindicaturabarcelona.cat\/es\/#organization"},"potentialAction":[{"@type":"SearchAction","target":{"@type":"EntryPoint","urlTemplate":"https:\/\/www.sindicaturabarcelona.cat\/es\/?s={search_term_string}"},"query-input":{"@type":"PropertyValueSpecification","valueRequired":true,"valueName":"search_term_string"}}],"inLanguage":"es"},{"@type":"Organization","@id":"https:\/\/www.sindicaturabarcelona.cat\/es\/#organization","name":"Sindicatura de Greuges de Barcelona","url":"https:\/\/www.sindicaturabarcelona.cat\/es\/","logo":{"@type":"ImageObject","inLanguage":"es","@id":"https:\/\/www.sindicaturabarcelona.cat\/es\/#\/schema\/logo\/image\/","url":"https:\/\/www.sindicaturabarcelona.cat\/wp-content\/uploads\/2023\/02\/logo_sindicatura.svg","contentUrl":"https:\/\/www.sindicaturabarcelona.cat\/wp-content\/uploads\/2023\/02\/logo_sindicatura.svg","caption":"Sindicatura de Greuges de Barcelona"},"image":{"@id":"https:\/\/www.sindicaturabarcelona.cat\/es\/#\/schema\/logo\/image\/"},"sameAs":["https:\/\/x.com\/sindicbarcelona","https:\/\/www.instagram.com\/sindicbarcelona\/","https:\/\/www.tiktok.com\/@sindicaturabcn","https:\/\/t.me\/sindicaturabarcelona"]},{"@type":"Person","@id":"https:\/\/www.sindicaturabarcelona.cat\/es\/#\/schema\/person\/0e5acffc350ffdbc97578159322c9452","name":"Pablo","image":{"@type":"ImageObject","inLanguage":"es","@id":"https:\/\/secure.gravatar.com\/avatar\/c948169b402ef9492afde705c3dfd5e90e1a6a84ef6840a91124f805a25a480f?s=96&d=mm&r=g","url":"https:\/\/secure.gravatar.com\/avatar\/c948169b402ef9492afde705c3dfd5e90e1a6a84ef6840a91124f805a25a480f?s=96&d=mm&r=g","contentUrl":"https:\/\/secure.gravatar.com\/avatar\/c948169b402ef9492afde705c3dfd5e90e1a6a84ef6840a91124f805a25a480f?s=96&d=mm&r=g","caption":"Pablo"},"url":"https:\/\/www.sindicaturabarcelona.cat\/es\/author\/pablo\/"}]}},"_links":{"self":[{"href":"https:\/\/www.sindicaturabarcelona.cat\/es\/wp-json\/wp\/v2\/posts\/13348","targetHints":{"allow":["GET"]}}],"collection":[{"href":"https:\/\/www.sindicaturabarcelona.cat\/es\/wp-json\/wp\/v2\/posts"}],"about":[{"href":"https:\/\/www.sindicaturabarcelona.cat\/es\/wp-json\/wp\/v2\/types\/post"}],"author":[{"embeddable":true,"href":"https:\/\/www.sindicaturabarcelona.cat\/es\/wp-json\/wp\/v2\/users\/2"}],"replies":[{"embeddable":true,"href":"https:\/\/www.sindicaturabarcelona.cat\/es\/wp-json\/wp\/v2\/comments?post=13348"}],"version-history":[{"count":0,"href":"https:\/\/www.sindicaturabarcelona.cat\/es\/wp-json\/wp\/v2\/posts\/13348\/revisions"}],"wp:featuredmedia":[{"embeddable":true,"href":"https:\/\/www.sindicaturabarcelona.cat\/es\/wp-json\/wp\/v2\/media\/13343"}],"wp:attachment":[{"href":"https:\/\/www.sindicaturabarcelona.cat\/es\/wp-json\/wp\/v2\/media?parent=13348"}],"wp:term":[{"taxonomy":"post_tag","embeddable":true,"href":"https:\/\/www.sindicaturabarcelona.cat\/es\/wp-json\/wp\/v2\/tags?post=13348"},{"taxonomy":"drets","embeddable":true,"href":"https:\/\/www.sindicaturabarcelona.cat\/es\/wp-json\/wp\/v2\/drets?post=13348"}],"curies":[{"name":"wp","href":"https:\/\/api.w.org\/{rel}","templated":true}]}}