{"id":13281,"date":"2021-12-10T10:56:26","date_gmt":"2021-12-10T08:56:26","guid":{"rendered":"https:\/\/www.sindicabarcelona.cat\/?p=13281"},"modified":"2021-12-10T10:56:27","modified_gmt":"2021-12-10T08:56:27","slug":"dia-mundial-derechos-humanos-postpandemia","status":"publish","type":"post","link":"https:\/\/www.sindicaturabarcelona.cat\/es\/dia-mundial-derechos-humanos-postpandemia\/","title":{"rendered":"Los derechos humanos en la era postpandemia; a las puertas de nuevas incertidumbres"},"content":{"rendered":"\n<p class=\"has-text-align-justify\">Si dos a\u00f1os atr\u00e1s me hubieran pedido definir qu\u00e9 entend\u00eda por derechos humanos, sin dudarlo, habr\u00eda dicho que representaban \u201cel conjunto de necesidades b\u00e1sicas o aspiraciones leg\u00edtimas inherentes a las personas que tienen que ser cubiertas para garantizar el derecho a una vida digna de ser vivida\u201d. <strong>Ahora es momento de pensar c\u00f3mo ha modificado la pandemia Covid-19 esta definici\u00f3n, y me atrever\u00eda a decir que ni lo m\u00e1s m\u00ednimo.<\/strong> M\u00e1s bien, esta compleja emergencia nos ha puesto ante el espejo y nos ha hecho ver situaciones que no quer\u00edamos enfrentar, que estaban ante nosotros, pero con unas din\u00e1micas que no nos permit\u00edan considerar las muchas carencias que ten\u00edamos.<\/p>\n\n\n\n<p class=\"has-text-align-justify\">En este momento, que no sabemos si ya hemos superado esta pandemia o nos encontramos a las puertas de nuevas incertidumbres, puedo afirmar, sin miedo a equivocarme, que los derechos humanos contin\u00faan siendo \u201cel conjunto de necesidades b\u00e1sicas o aspiraciones leg\u00edtimas inherentes a las personas que tienen que ser cubiertas para garantizar el derecho a una vida digna de ser vivida\u201d.<\/p>\n\n\n\n<p class=\"has-text-align-justify\">La reivindicaci\u00f3n de este derecho a una vida digna de ser vivida, despu\u00e9s de todo lo que ha pasado, <strong>nos interpela a plantearnos que no estamos en una \u00e9poca de cambios, sino en un cambio de \u00e9poca. En este, los derechos humanos no pueden ser solo un discurso sino que deben ser una pr\u00e1ctica urgente y necesaria<\/strong>. Los derechos humanos no pueden ser \u00fanicamente una lluvia fina que moja un poco, sino que hace falta que conviertan en una lluvia que empapa.<\/p>\n\n\n\n<p class=\"has-text-align-justify\">Para hacer frente a esta nueva situaci\u00f3n que nos ha tocado vivir, crisis sanitaria (de la que todav\u00eda parece que no hemos salido) acompa\u00f1ada de una grave crisis social (de la que tardaremos mucho en salirnos), <strong>tenemos que creer firmemente que la reconstrucci\u00f3n de sociedades m\u00e1s justas solo se podr\u00e1 hacer desde la emancipaci\u00f3n y la transformaci\u00f3n social propia del mundo de los derechos humanos<\/strong>.<\/p>\n\n\n\n<p class=\"has-text-align-justify\">Durante la pandemia, en la postpandemia y a las puertas de nuevas incertidumbres, <strong>se est\u00e1n generando tres posibles relatos frente a los retos presentes y futuros. <\/strong>Desgraciadamente, hay dos que est\u00e1n calando mucho en el \u00e1mbito pol\u00edtico y medi\u00e1tico.<\/p>\n\n\n\n<p class=\"has-text-align-justify\">El relato catastrofista que solo genera desconfianza y miedo, generando la sensaci\u00f3n de que no podemos hacer nada y que tenemos que ir parcheando para ver c\u00f3mo salimos de esta situaci\u00f3n en el futuro.<\/p>\n\n\n\n<p class=\"has-text-align-justify\">El relato del hipercontrol, que hace inciso en la necesidad de poner la seguridad por ante todo, y que pide renunciar a derechos y a garant\u00edas democr\u00e1ticas para conseguir m\u00e1s control social.<\/p>\n\n\n\n<p class=\"has-text-align-justify\">Y, finalmente, un tercer relato, que es el que necesariamente debemos defender, consistente en lo que podr\u00edamos definir como la imaginaci\u00f3n de la aventura humana. <strong>Este relato rechaza la reconstrucci\u00f3n desde el discurso del miedo y de la seguridad y defiende que el humanismo de la interdependencia fundamentado en los derechos humanos tiene que ser el motor de la reconstrucci\u00f3n social.<\/strong><\/p>\n\n\n\n<p class=\"has-text-align-justify\">Esta reconstrucci\u00f3n social pasa por la imprescindible conexi\u00f3n entre el \u00e1mbito global y el \u00e1mbito local. Empezar a trabajar desde el \u00e1mbito local para revertir situaciones que nos afectan a todas y todos a escala global.<\/p>\n\n\n\n<p class=\"has-text-align-justify\"><strong>Este discurso renovador no puede quedarse solo en unas declaraciones de intenciones<\/strong>, sino que tiene que ser el futuro programa de acci\u00f3n para cualquier pol\u00edtica p\u00fablica en materia de derechos humanos y, naturalmente, el programa de acci\u00f3n de la <a href=\"https:\/\/www.sindicaturabarcelona.cat\/es\/\" target=\"_blank\" aria-label=\"Sindicatura de Greuges de Barcelona (opens in a new tab)\" rel=\"noreferrer noopener\" class=\"ek-link\">Sindicatura de Greuges de Barcelona<\/a>.<\/p>\n\n\n\n<h5 class=\"wp-block-heading\">David Bondia, s\u00edndic de greuges de Barcelona.<\/h5>\n\n\n\n<h5 class=\"wp-block-heading\">D\u00eda Mundial de los Derechos Humanos <\/h5>\n","protected":false},"excerpt":{"rendered":"<p>Si dos a\u00f1os atr\u00e1s me hubieran pedido definir qu\u00e9 entend\u00eda por derechos humanos, sin dudarlo, habr\u00eda dicho que representaban \u201cel conjunto de necesidades b\u00e1sicas o aspiraciones leg\u00edtimas inherentes a las [&hellip;]<\/p>\n","protected":false},"author":2,"featured_media":13282,"comment_status":"closed","ping_status":"open","sticky":false,"template":"","format":"standard","meta":{"_acf_changed":false,"footnotes":""},"tags":[1292,1294,1293],"drets":[],"class_list":["post-13281","post","type-post","status-publish","format-standard","has-post-thumbnail","hentry","tag-ddhh-barcelona","tag-derechos-humanos-de-proximidad","tag-dia-derechos-humanos"],"acf":[],"yoast_head":"<!-- This site is optimized with the Yoast SEO plugin v27.5 - https:\/\/yoast.com\/product\/yoast-seo-wordpress\/ -->\n<title>Los derechos humanos en la era postpandemia; a las puertas de nuevas incertidumbres - Sindicatura de Greuges de Barcelona<\/title>\n<meta name=\"description\" content=\"La reconstrucci\u00f3n de sociedades m\u00e1s justas solo se podr\u00e1 hacer desde la emancipaci\u00f3n y la transformaci\u00f3n social de los derechos humanos.\" \/>\n<meta name=\"robots\" content=\"index, follow, max-snippet:-1, max-image-preview:large, max-video-preview:-1\" \/>\n<link rel=\"canonical\" href=\"https:\/\/www.sindicaturabarcelona.cat\/es\/dia-mundial-derechos-humanos-postpandemia\/\" \/>\n<meta property=\"og:locale\" content=\"es_ES\" \/>\n<meta property=\"og:type\" content=\"article\" \/>\n<meta property=\"og:title\" content=\"Los derechos humanos en la era postpandemia; a las puertas de nuevas incertidumbres - Sindicatura de Greuges de Barcelona\" \/>\n<meta property=\"og:description\" content=\"La reconstrucci\u00f3n de sociedades m\u00e1s justas solo se podr\u00e1 hacer desde la emancipaci\u00f3n y la transformaci\u00f3n social de los derechos humanos.\" \/>\n<meta property=\"og:url\" content=\"https:\/\/www.sindicaturabarcelona.cat\/es\/dia-mundial-derechos-humanos-postpandemia\/\" \/>\n<meta property=\"og:site_name\" content=\"Sindicatura de Greuges de Barcelona\" \/>\n<meta property=\"article:published_time\" content=\"2021-12-10T08:56:26+00:00\" \/>\n<meta property=\"article:modified_time\" content=\"2021-12-10T08:56:27+00:00\" \/>\n<meta property=\"og:image\" content=\"https:\/\/www.sindicaturabarcelona.cat\/wp-content\/uploads\/2021\/12\/8856_DISE-Placa-de-Joan-Coromines-MACBA-14-4-14-VZ-09-1.jpg\" \/>\n\t<meta property=\"og:image:width\" content=\"1024\" \/>\n\t<meta property=\"og:image:height\" content=\"683\" \/>\n\t<meta property=\"og:image:type\" content=\"image\/jpeg\" \/>\n<meta name=\"author\" content=\"Pablo\" \/>\n<meta name=\"twitter:card\" content=\"summary_large_image\" \/>\n<meta name=\"twitter:creator\" content=\"@sindicbarcelona\" \/>\n<meta name=\"twitter:site\" content=\"@sindicbarcelona\" \/>\n<meta name=\"twitter:label1\" content=\"Escrito por\" \/>\n\t<meta name=\"twitter:data1\" content=\"Pablo\" \/>\n\t<meta name=\"twitter:label2\" content=\"Tiempo de lectura\" \/>\n\t<meta name=\"twitter:data2\" content=\"3 minutos\" \/>\n<script type=\"application\/ld+json\" class=\"yoast-schema-graph\">{\"@context\":\"https:\\\/\\\/schema.org\",\"@graph\":[{\"@type\":\"Article\",\"@id\":\"https:\\\/\\\/www.sindicaturabarcelona.cat\\\/es\\\/dia-mundial-derechos-humanos-postpandemia\\\/#article\",\"isPartOf\":{\"@id\":\"https:\\\/\\\/www.sindicaturabarcelona.cat\\\/es\\\/dia-mundial-derechos-humanos-postpandemia\\\/\"},\"author\":{\"name\":\"Pablo\",\"@id\":\"https:\\\/\\\/www.sindicaturabarcelona.cat\\\/es\\\/#\\\/schema\\\/person\\\/0e5acffc350ffdbc97578159322c9452\"},\"headline\":\"Los derechos humanos en la era postpandemia; a las puertas de nuevas incertidumbres\",\"datePublished\":\"2021-12-10T08:56:26+00:00\",\"dateModified\":\"2021-12-10T08:56:27+00:00\",\"mainEntityOfPage\":{\"@id\":\"https:\\\/\\\/www.sindicaturabarcelona.cat\\\/es\\\/dia-mundial-derechos-humanos-postpandemia\\\/\"},\"wordCount\":640,\"publisher\":{\"@id\":\"https:\\\/\\\/www.sindicaturabarcelona.cat\\\/es\\\/#organization\"},\"image\":{\"@id\":\"https:\\\/\\\/www.sindicaturabarcelona.cat\\\/es\\\/dia-mundial-derechos-humanos-postpandemia\\\/#primaryimage\"},\"thumbnailUrl\":\"https:\\\/\\\/www.sindicaturabarcelona.cat\\\/wp-content\\\/uploads\\\/2021\\\/12\\\/8856_DISE-Placa-de-Joan-Coromines-MACBA-14-4-14-VZ-09-1.jpg\",\"keywords\":[\"ddhh barcelona\",\"derechos humanos de proximidad\",\"dia derechos humanos\"],\"articleSection\":[\"Buen gobierno\",\"Institucional\"],\"inLanguage\":\"es\"},{\"@type\":\"WebPage\",\"@id\":\"https:\\\/\\\/www.sindicaturabarcelona.cat\\\/es\\\/dia-mundial-derechos-humanos-postpandemia\\\/\",\"url\":\"https:\\\/\\\/www.sindicaturabarcelona.cat\\\/es\\\/dia-mundial-derechos-humanos-postpandemia\\\/\",\"name\":\"Los derechos humanos en la era postpandemia; a las puertas de nuevas incertidumbres - Sindicatura de Greuges de Barcelona\",\"isPartOf\":{\"@id\":\"https:\\\/\\\/www.sindicaturabarcelona.cat\\\/es\\\/#website\"},\"primaryImageOfPage\":{\"@id\":\"https:\\\/\\\/www.sindicaturabarcelona.cat\\\/es\\\/dia-mundial-derechos-humanos-postpandemia\\\/#primaryimage\"},\"image\":{\"@id\":\"https:\\\/\\\/www.sindicaturabarcelona.cat\\\/es\\\/dia-mundial-derechos-humanos-postpandemia\\\/#primaryimage\"},\"thumbnailUrl\":\"https:\\\/\\\/www.sindicaturabarcelona.cat\\\/wp-content\\\/uploads\\\/2021\\\/12\\\/8856_DISE-Placa-de-Joan-Coromines-MACBA-14-4-14-VZ-09-1.jpg\",\"datePublished\":\"2021-12-10T08:56:26+00:00\",\"dateModified\":\"2021-12-10T08:56:27+00:00\",\"description\":\"La reconstrucci\u00f3n de sociedades m\u00e1s justas solo se podr\u00e1 hacer desde la emancipaci\u00f3n y la transformaci\u00f3n social de los derechos humanos.\",\"breadcrumb\":{\"@id\":\"https:\\\/\\\/www.sindicaturabarcelona.cat\\\/es\\\/dia-mundial-derechos-humanos-postpandemia\\\/#breadcrumb\"},\"inLanguage\":\"es\",\"potentialAction\":[{\"@type\":\"ReadAction\",\"target\":[\"https:\\\/\\\/www.sindicaturabarcelona.cat\\\/es\\\/dia-mundial-derechos-humanos-postpandemia\\\/\"]}]},{\"@type\":\"ImageObject\",\"inLanguage\":\"es\",\"@id\":\"https:\\\/\\\/www.sindicaturabarcelona.cat\\\/es\\\/dia-mundial-derechos-humanos-postpandemia\\\/#primaryimage\",\"url\":\"https:\\\/\\\/www.sindicaturabarcelona.cat\\\/wp-content\\\/uploads\\\/2021\\\/12\\\/8856_DISE-Placa-de-Joan-Coromines-MACBA-14-4-14-VZ-09-1.jpg\",\"contentUrl\":\"https:\\\/\\\/www.sindicaturabarcelona.cat\\\/wp-content\\\/uploads\\\/2021\\\/12\\\/8856_DISE-Placa-de-Joan-Coromines-MACBA-14-4-14-VZ-09-1.jpg\",\"width\":1024,\"height\":683,\"caption\":\"D\u00eda Derechos Humanos\"},{\"@type\":\"BreadcrumbList\",\"@id\":\"https:\\\/\\\/www.sindicaturabarcelona.cat\\\/es\\\/dia-mundial-derechos-humanos-postpandemia\\\/#breadcrumb\",\"itemListElement\":[{\"@type\":\"ListItem\",\"position\":1,\"name\":\"Inici\",\"item\":\"https:\\\/\\\/www.sindicaturabarcelona.cat\\\/es\\\/\"},{\"@type\":\"ListItem\",\"position\":2,\"name\":\"Los derechos humanos en la era postpandemia; a las puertas de nuevas incertidumbres\"}]},{\"@type\":\"WebSite\",\"@id\":\"https:\\\/\\\/www.sindicaturabarcelona.cat\\\/es\\\/#website\",\"url\":\"https:\\\/\\\/www.sindicaturabarcelona.cat\\\/es\\\/\",\"name\":\"Sindicatura de Greuges de Barcelona\",\"description\":\"La defensoria dels teus drets\",\"publisher\":{\"@id\":\"https:\\\/\\\/www.sindicaturabarcelona.cat\\\/es\\\/#organization\"},\"potentialAction\":[{\"@type\":\"SearchAction\",\"target\":{\"@type\":\"EntryPoint\",\"urlTemplate\":\"https:\\\/\\\/www.sindicaturabarcelona.cat\\\/es\\\/?s={search_term_string}\"},\"query-input\":{\"@type\":\"PropertyValueSpecification\",\"valueRequired\":true,\"valueName\":\"search_term_string\"}}],\"inLanguage\":\"es\"},{\"@type\":\"Organization\",\"@id\":\"https:\\\/\\\/www.sindicaturabarcelona.cat\\\/es\\\/#organization\",\"name\":\"Sindicatura de Greuges de Barcelona\",\"url\":\"https:\\\/\\\/www.sindicaturabarcelona.cat\\\/es\\\/\",\"logo\":{\"@type\":\"ImageObject\",\"inLanguage\":\"es\",\"@id\":\"https:\\\/\\\/www.sindicaturabarcelona.cat\\\/es\\\/#\\\/schema\\\/logo\\\/image\\\/\",\"url\":\"https:\\\/\\\/www.sindicaturabarcelona.cat\\\/wp-content\\\/uploads\\\/2023\\\/02\\\/logo_sindicatura.svg\",\"contentUrl\":\"https:\\\/\\\/www.sindicaturabarcelona.cat\\\/wp-content\\\/uploads\\\/2023\\\/02\\\/logo_sindicatura.svg\",\"caption\":\"Sindicatura de Greuges de Barcelona\"},\"image\":{\"@id\":\"https:\\\/\\\/www.sindicaturabarcelona.cat\\\/es\\\/#\\\/schema\\\/logo\\\/image\\\/\"},\"sameAs\":[\"https:\\\/\\\/x.com\\\/sindicbarcelona\",\"https:\\\/\\\/www.instagram.com\\\/sindicbarcelona\\\/\",\"https:\\\/\\\/www.tiktok.com\\\/@sindicaturabcn\",\"https:\\\/\\\/t.me\\\/sindicaturabarcelona\"]},{\"@type\":\"Person\",\"@id\":\"https:\\\/\\\/www.sindicaturabarcelona.cat\\\/es\\\/#\\\/schema\\\/person\\\/0e5acffc350ffdbc97578159322c9452\",\"name\":\"Pablo\",\"image\":{\"@type\":\"ImageObject\",\"inLanguage\":\"es\",\"@id\":\"https:\\\/\\\/secure.gravatar.com\\\/avatar\\\/c948169b402ef9492afde705c3dfd5e90e1a6a84ef6840a91124f805a25a480f?s=96&d=mm&r=g\",\"url\":\"https:\\\/\\\/secure.gravatar.com\\\/avatar\\\/c948169b402ef9492afde705c3dfd5e90e1a6a84ef6840a91124f805a25a480f?s=96&d=mm&r=g\",\"contentUrl\":\"https:\\\/\\\/secure.gravatar.com\\\/avatar\\\/c948169b402ef9492afde705c3dfd5e90e1a6a84ef6840a91124f805a25a480f?s=96&d=mm&r=g\",\"caption\":\"Pablo\"},\"url\":\"https:\\\/\\\/www.sindicaturabarcelona.cat\\\/es\\\/author\\\/pablo\\\/\"}]}<\/script>\n<!-- \/ Yoast SEO plugin. -->","yoast_head_json":{"title":"Los derechos humanos en la era postpandemia; a las puertas de nuevas incertidumbres - Sindicatura de Greuges de Barcelona","description":"La reconstrucci\u00f3n de sociedades m\u00e1s justas solo se podr\u00e1 hacer desde la emancipaci\u00f3n y la transformaci\u00f3n social de los derechos humanos.","robots":{"index":"index","follow":"follow","max-snippet":"max-snippet:-1","max-image-preview":"max-image-preview:large","max-video-preview":"max-video-preview:-1"},"canonical":"https:\/\/www.sindicaturabarcelona.cat\/es\/dia-mundial-derechos-humanos-postpandemia\/","og_locale":"es_ES","og_type":"article","og_title":"Los derechos humanos en la era postpandemia; a las puertas de nuevas incertidumbres - Sindicatura de Greuges de Barcelona","og_description":"La reconstrucci\u00f3n de sociedades m\u00e1s justas solo se podr\u00e1 hacer desde la emancipaci\u00f3n y la transformaci\u00f3n social de los derechos humanos.","og_url":"https:\/\/www.sindicaturabarcelona.cat\/es\/dia-mundial-derechos-humanos-postpandemia\/","og_site_name":"Sindicatura de Greuges de Barcelona","article_published_time":"2021-12-10T08:56:26+00:00","article_modified_time":"2021-12-10T08:56:27+00:00","og_image":[{"width":1024,"height":683,"url":"https:\/\/www.sindicaturabarcelona.cat\/wp-content\/uploads\/2021\/12\/8856_DISE-Placa-de-Joan-Coromines-MACBA-14-4-14-VZ-09-1.jpg","type":"image\/jpeg"}],"author":"Pablo","twitter_card":"summary_large_image","twitter_creator":"@sindicbarcelona","twitter_site":"@sindicbarcelona","twitter_misc":{"Escrito por":"Pablo","Tiempo de lectura":"3 minutos"},"schema":{"@context":"https:\/\/schema.org","@graph":[{"@type":"Article","@id":"https:\/\/www.sindicaturabarcelona.cat\/es\/dia-mundial-derechos-humanos-postpandemia\/#article","isPartOf":{"@id":"https:\/\/www.sindicaturabarcelona.cat\/es\/dia-mundial-derechos-humanos-postpandemia\/"},"author":{"name":"Pablo","@id":"https:\/\/www.sindicaturabarcelona.cat\/es\/#\/schema\/person\/0e5acffc350ffdbc97578159322c9452"},"headline":"Los derechos humanos en la era postpandemia; a las puertas de nuevas incertidumbres","datePublished":"2021-12-10T08:56:26+00:00","dateModified":"2021-12-10T08:56:27+00:00","mainEntityOfPage":{"@id":"https:\/\/www.sindicaturabarcelona.cat\/es\/dia-mundial-derechos-humanos-postpandemia\/"},"wordCount":640,"publisher":{"@id":"https:\/\/www.sindicaturabarcelona.cat\/es\/#organization"},"image":{"@id":"https:\/\/www.sindicaturabarcelona.cat\/es\/dia-mundial-derechos-humanos-postpandemia\/#primaryimage"},"thumbnailUrl":"https:\/\/www.sindicaturabarcelona.cat\/wp-content\/uploads\/2021\/12\/8856_DISE-Placa-de-Joan-Coromines-MACBA-14-4-14-VZ-09-1.jpg","keywords":["ddhh barcelona","derechos humanos de proximidad","dia derechos humanos"],"articleSection":["Buen gobierno","Institucional"],"inLanguage":"es"},{"@type":"WebPage","@id":"https:\/\/www.sindicaturabarcelona.cat\/es\/dia-mundial-derechos-humanos-postpandemia\/","url":"https:\/\/www.sindicaturabarcelona.cat\/es\/dia-mundial-derechos-humanos-postpandemia\/","name":"Los derechos humanos en la era postpandemia; a las puertas de nuevas incertidumbres - Sindicatura de Greuges de Barcelona","isPartOf":{"@id":"https:\/\/www.sindicaturabarcelona.cat\/es\/#website"},"primaryImageOfPage":{"@id":"https:\/\/www.sindicaturabarcelona.cat\/es\/dia-mundial-derechos-humanos-postpandemia\/#primaryimage"},"image":{"@id":"https:\/\/www.sindicaturabarcelona.cat\/es\/dia-mundial-derechos-humanos-postpandemia\/#primaryimage"},"thumbnailUrl":"https:\/\/www.sindicaturabarcelona.cat\/wp-content\/uploads\/2021\/12\/8856_DISE-Placa-de-Joan-Coromines-MACBA-14-4-14-VZ-09-1.jpg","datePublished":"2021-12-10T08:56:26+00:00","dateModified":"2021-12-10T08:56:27+00:00","description":"La reconstrucci\u00f3n de sociedades m\u00e1s justas solo se podr\u00e1 hacer desde la emancipaci\u00f3n y la transformaci\u00f3n social de los derechos humanos.","breadcrumb":{"@id":"https:\/\/www.sindicaturabarcelona.cat\/es\/dia-mundial-derechos-humanos-postpandemia\/#breadcrumb"},"inLanguage":"es","potentialAction":[{"@type":"ReadAction","target":["https:\/\/www.sindicaturabarcelona.cat\/es\/dia-mundial-derechos-humanos-postpandemia\/"]}]},{"@type":"ImageObject","inLanguage":"es","@id":"https:\/\/www.sindicaturabarcelona.cat\/es\/dia-mundial-derechos-humanos-postpandemia\/#primaryimage","url":"https:\/\/www.sindicaturabarcelona.cat\/wp-content\/uploads\/2021\/12\/8856_DISE-Placa-de-Joan-Coromines-MACBA-14-4-14-VZ-09-1.jpg","contentUrl":"https:\/\/www.sindicaturabarcelona.cat\/wp-content\/uploads\/2021\/12\/8856_DISE-Placa-de-Joan-Coromines-MACBA-14-4-14-VZ-09-1.jpg","width":1024,"height":683,"caption":"D\u00eda Derechos Humanos"},{"@type":"BreadcrumbList","@id":"https:\/\/www.sindicaturabarcelona.cat\/es\/dia-mundial-derechos-humanos-postpandemia\/#breadcrumb","itemListElement":[{"@type":"ListItem","position":1,"name":"Inici","item":"https:\/\/www.sindicaturabarcelona.cat\/es\/"},{"@type":"ListItem","position":2,"name":"Los derechos humanos en la era postpandemia; a las puertas de nuevas incertidumbres"}]},{"@type":"WebSite","@id":"https:\/\/www.sindicaturabarcelona.cat\/es\/#website","url":"https:\/\/www.sindicaturabarcelona.cat\/es\/","name":"Sindicatura de Greuges de Barcelona","description":"La defensoria dels teus drets","publisher":{"@id":"https:\/\/www.sindicaturabarcelona.cat\/es\/#organization"},"potentialAction":[{"@type":"SearchAction","target":{"@type":"EntryPoint","urlTemplate":"https:\/\/www.sindicaturabarcelona.cat\/es\/?s={search_term_string}"},"query-input":{"@type":"PropertyValueSpecification","valueRequired":true,"valueName":"search_term_string"}}],"inLanguage":"es"},{"@type":"Organization","@id":"https:\/\/www.sindicaturabarcelona.cat\/es\/#organization","name":"Sindicatura de Greuges de Barcelona","url":"https:\/\/www.sindicaturabarcelona.cat\/es\/","logo":{"@type":"ImageObject","inLanguage":"es","@id":"https:\/\/www.sindicaturabarcelona.cat\/es\/#\/schema\/logo\/image\/","url":"https:\/\/www.sindicaturabarcelona.cat\/wp-content\/uploads\/2023\/02\/logo_sindicatura.svg","contentUrl":"https:\/\/www.sindicaturabarcelona.cat\/wp-content\/uploads\/2023\/02\/logo_sindicatura.svg","caption":"Sindicatura de Greuges de Barcelona"},"image":{"@id":"https:\/\/www.sindicaturabarcelona.cat\/es\/#\/schema\/logo\/image\/"},"sameAs":["https:\/\/x.com\/sindicbarcelona","https:\/\/www.instagram.com\/sindicbarcelona\/","https:\/\/www.tiktok.com\/@sindicaturabcn","https:\/\/t.me\/sindicaturabarcelona"]},{"@type":"Person","@id":"https:\/\/www.sindicaturabarcelona.cat\/es\/#\/schema\/person\/0e5acffc350ffdbc97578159322c9452","name":"Pablo","image":{"@type":"ImageObject","inLanguage":"es","@id":"https:\/\/secure.gravatar.com\/avatar\/c948169b402ef9492afde705c3dfd5e90e1a6a84ef6840a91124f805a25a480f?s=96&d=mm&r=g","url":"https:\/\/secure.gravatar.com\/avatar\/c948169b402ef9492afde705c3dfd5e90e1a6a84ef6840a91124f805a25a480f?s=96&d=mm&r=g","contentUrl":"https:\/\/secure.gravatar.com\/avatar\/c948169b402ef9492afde705c3dfd5e90e1a6a84ef6840a91124f805a25a480f?s=96&d=mm&r=g","caption":"Pablo"},"url":"https:\/\/www.sindicaturabarcelona.cat\/es\/author\/pablo\/"}]}},"_links":{"self":[{"href":"https:\/\/www.sindicaturabarcelona.cat\/es\/wp-json\/wp\/v2\/posts\/13281","targetHints":{"allow":["GET"]}}],"collection":[{"href":"https:\/\/www.sindicaturabarcelona.cat\/es\/wp-json\/wp\/v2\/posts"}],"about":[{"href":"https:\/\/www.sindicaturabarcelona.cat\/es\/wp-json\/wp\/v2\/types\/post"}],"author":[{"embeddable":true,"href":"https:\/\/www.sindicaturabarcelona.cat\/es\/wp-json\/wp\/v2\/users\/2"}],"replies":[{"embeddable":true,"href":"https:\/\/www.sindicaturabarcelona.cat\/es\/wp-json\/wp\/v2\/comments?post=13281"}],"version-history":[{"count":0,"href":"https:\/\/www.sindicaturabarcelona.cat\/es\/wp-json\/wp\/v2\/posts\/13281\/revisions"}],"wp:featuredmedia":[{"embeddable":true,"href":"https:\/\/www.sindicaturabarcelona.cat\/es\/wp-json\/wp\/v2\/media\/13282"}],"wp:attachment":[{"href":"https:\/\/www.sindicaturabarcelona.cat\/es\/wp-json\/wp\/v2\/media?parent=13281"}],"wp:term":[{"taxonomy":"post_tag","embeddable":true,"href":"https:\/\/www.sindicaturabarcelona.cat\/es\/wp-json\/wp\/v2\/tags?post=13281"},{"taxonomy":"drets","embeddable":true,"href":"https:\/\/www.sindicaturabarcelona.cat\/es\/wp-json\/wp\/v2\/drets?post=13281"}],"curies":[{"name":"wp","href":"https:\/\/api.w.org\/{rel}","templated":true}]}}