{"id":13250,"date":"2021-11-30T14:29:30","date_gmt":"2021-11-30T12:29:30","guid":{"rendered":"https:\/\/www.sindicabarcelona.cat\/?p=13250"},"modified":"2021-11-30T14:36:12","modified_gmt":"2021-11-30T12:36:12","slug":"sindic-reclama-abordaje-integral-para-garantizar-derechos-basicos","status":"publish","type":"post","link":"https:\/\/www.sindicaturabarcelona.cat\/es\/sindic-reclama-abordaje-integral-para-garantizar-derechos-basicos\/","title":{"rendered":"El s\u00edndic de Barcelona alerta que el incendio del local de plaza Tetuan no es un hecho aislado y reclama un abordaje integral para garantizar los derechos b\u00e1sicos de la ciudadan\u00eda"},"content":{"rendered":"\n<p class=\"has-text-align-justify\">Desde la Sindicatura de Greuges de Barcelona lamentamos la p\u00e9rdida de cuatro personas en nuestra ciudad, dos de ellas menores de edad, en un incendio que ha tenido lugar hoy en un local con uso de vivienda en la plaza Tetu\u00e1n. Queremos expresar todo nuestro apoyo a los familiares y amistades de las v\u00edctimas, y nuestro agradecimiento al trabajo de las ocho dotaciones de Bomberos de Barcelona que han trabajado, junto con las unidades de la Guardia Urbana y del Servicio de Emergencias M\u00e9dicas (SEM), y otros servicios municipales que hab\u00edan actuado con anterioridad, como el CUES o el SISFAM.<\/p>\n\n\n\n<p class=\"has-text-align-justify\"><strong>Nos encontramos ante una situaci\u00f3n que re\u00fane varias condiciones de complejidad extrema: colectivo vulnerabilizado; pobreza estructural; infravivienda, o pobreza energ\u00e9tica<\/strong>, entre otras. Queremos recordar que <strong>no se trata de un contexto aislado y puntual, sino que es una circunstancia que es visible en varios puntos de la ciudad y que requiere un abordaje integral de las problem\u00e1ticas por parte de todas las administraciones implicadas<\/strong>.<\/p>\n\n\n\n<p class=\"has-text-align-justify\">El tr\u00e1gico incidente de hoy vuelve <strong>a dejar patente que el derecho a una vivienda digna y el derecho a los suministros b\u00e1sicos tienen que ser accesibles para todas las personas<\/strong>. Por este motivo, desde la Sindicatura de Greuges de Barcelona reclamamos acciones decididas para garantizar el cumplimiento de los derechos humanos de proximidad, e insistimos en la colaboraci\u00f3n entre todas las administraciones involucradas con el objetivo de salvaguardar los derechos b\u00e1sicos de las personas.<\/p>\n","protected":false},"excerpt":{"rendered":"<p>Desde la Sindicatura de Greuges de Barcelona lamentamos la p\u00e9rdida de cuatro personas en nuestra ciudad, dos de ellas menores de edad, en un incendio que ha tenido lugar hoy [&hellip;]<\/p>\n","protected":false},"author":2,"featured_media":13251,"comment_status":"closed","ping_status":"open","sticky":false,"template":"","format":"standard","meta":{"_acf_changed":false,"footnotes":""},"tags":[],"drets":[1475,1476],"class_list":["post-13250","post","type-post","status-publish","format-standard","has-post-thumbnail","hentry","drets-ciudad-equitativa","drets-derecho-a-los-servicios-de-proteccion-social"],"acf":[],"yoast_head":"<!-- This site is optimized with the Yoast SEO plugin v27.5 - https:\/\/yoast.com\/product\/yoast-seo-wordpress\/ -->\n<title>El s\u00edndic de Barcelona alerta que el incendio del local de plaza Tetuan no es un hecho aislado y reclama un abordaje integral para garantizar los derechos b\u00e1sicos de la ciudadan\u00eda - Sindicatura de Greuges de Barcelona<\/title>\n<meta name=\"description\" content=\"Nos encontramos ante una situaci\u00f3n que re\u00fane varias condiciones de complejidad extrema: colectivo vulnerabilizado; pobreza estructural; infravivienda, o...\" \/>\n<meta name=\"robots\" content=\"index, follow, max-snippet:-1, max-image-preview:large, max-video-preview:-1\" \/>\n<link rel=\"canonical\" href=\"https:\/\/www.sindicaturabarcelona.cat\/es\/sindic-reclama-abordaje-integral-para-garantizar-derechos-basicos\/\" \/>\n<meta property=\"og:locale\" content=\"es_ES\" \/>\n<meta property=\"og:type\" content=\"article\" \/>\n<meta property=\"og:title\" content=\"El s\u00edndic de Barcelona alerta que el incendio del local de plaza Tetuan no es un hecho aislado y reclama un abordaje integral para garantizar los derechos b\u00e1sicos de la ciudadan\u00eda - Sindicatura de Greuges de Barcelona\" \/>\n<meta property=\"og:description\" content=\"Nos encontramos ante una situaci\u00f3n que re\u00fane varias condiciones de complejidad extrema: colectivo vulnerabilizado; pobreza estructural; infravivienda, o...\" \/>\n<meta property=\"og:url\" content=\"https:\/\/www.sindicaturabarcelona.cat\/es\/sindic-reclama-abordaje-integral-para-garantizar-derechos-basicos\/\" \/>\n<meta property=\"og:site_name\" content=\"Sindicatura de Greuges de Barcelona\" \/>\n<meta property=\"article:published_time\" content=\"2021-11-30T12:29:30+00:00\" \/>\n<meta property=\"article:modified_time\" content=\"2021-11-30T12:36:12+00:00\" \/>\n<meta property=\"og:image\" content=\"https:\/\/www.sindicaturabarcelona.cat\/wp-content\/uploads\/2021\/11\/Pl-Tetuan-1.jpg\" \/>\n\t<meta property=\"og:image:width\" content=\"2048\" \/>\n\t<meta property=\"og:image:height\" content=\"1536\" \/>\n\t<meta property=\"og:image:type\" content=\"image\/jpeg\" \/>\n<meta name=\"author\" content=\"Pablo\" \/>\n<meta name=\"twitter:card\" content=\"summary_large_image\" \/>\n<meta name=\"twitter:creator\" content=\"@sindicbarcelona\" \/>\n<meta name=\"twitter:site\" content=\"@sindicbarcelona\" \/>\n<meta name=\"twitter:label1\" content=\"Escrito por\" \/>\n\t<meta name=\"twitter:data1\" content=\"Pablo\" \/>\n\t<meta name=\"twitter:label2\" content=\"Tiempo de lectura\" \/>\n\t<meta name=\"twitter:data2\" content=\"1 minuto\" \/>\n<script type=\"application\/ld+json\" class=\"yoast-schema-graph\">{\"@context\":\"https:\\\/\\\/schema.org\",\"@graph\":[{\"@type\":\"Article\",\"@id\":\"https:\\\/\\\/www.sindicaturabarcelona.cat\\\/es\\\/sindic-reclama-abordaje-integral-para-garantizar-derechos-basicos\\\/#article\",\"isPartOf\":{\"@id\":\"https:\\\/\\\/www.sindicaturabarcelona.cat\\\/es\\\/sindic-reclama-abordaje-integral-para-garantizar-derechos-basicos\\\/\"},\"author\":{\"name\":\"Pablo\",\"@id\":\"https:\\\/\\\/www.sindicaturabarcelona.cat\\\/es\\\/#\\\/schema\\\/person\\\/0e5acffc350ffdbc97578159322c9452\"},\"headline\":\"El s\u00edndic de Barcelona alerta que el incendio del local de plaza Tetuan no es un hecho aislado y reclama un abordaje integral para garantizar los derechos b\u00e1sicos de la ciudadan\u00eda\",\"datePublished\":\"2021-11-30T12:29:30+00:00\",\"dateModified\":\"2021-11-30T12:36:12+00:00\",\"mainEntityOfPage\":{\"@id\":\"https:\\\/\\\/www.sindicaturabarcelona.cat\\\/es\\\/sindic-reclama-abordaje-integral-para-garantizar-derechos-basicos\\\/\"},\"wordCount\":286,\"publisher\":{\"@id\":\"https:\\\/\\\/www.sindicaturabarcelona.cat\\\/es\\\/#organization\"},\"image\":{\"@id\":\"https:\\\/\\\/www.sindicaturabarcelona.cat\\\/es\\\/sindic-reclama-abordaje-integral-para-garantizar-derechos-basicos\\\/#primaryimage\"},\"thumbnailUrl\":\"https:\\\/\\\/www.sindicaturabarcelona.cat\\\/wp-content\\\/uploads\\\/2021\\\/11\\\/Pl-Tetuan-1.jpg\",\"articleSection\":[\"General\"],\"inLanguage\":\"es\"},{\"@type\":\"WebPage\",\"@id\":\"https:\\\/\\\/www.sindicaturabarcelona.cat\\\/es\\\/sindic-reclama-abordaje-integral-para-garantizar-derechos-basicos\\\/\",\"url\":\"https:\\\/\\\/www.sindicaturabarcelona.cat\\\/es\\\/sindic-reclama-abordaje-integral-para-garantizar-derechos-basicos\\\/\",\"name\":\"El s\u00edndic de Barcelona alerta que el incendio del local de plaza Tetuan no es un hecho aislado y reclama un abordaje integral para garantizar los derechos b\u00e1sicos de la ciudadan\u00eda - Sindicatura de Greuges de Barcelona\",\"isPartOf\":{\"@id\":\"https:\\\/\\\/www.sindicaturabarcelona.cat\\\/es\\\/#website\"},\"primaryImageOfPage\":{\"@id\":\"https:\\\/\\\/www.sindicaturabarcelona.cat\\\/es\\\/sindic-reclama-abordaje-integral-para-garantizar-derechos-basicos\\\/#primaryimage\"},\"image\":{\"@id\":\"https:\\\/\\\/www.sindicaturabarcelona.cat\\\/es\\\/sindic-reclama-abordaje-integral-para-garantizar-derechos-basicos\\\/#primaryimage\"},\"thumbnailUrl\":\"https:\\\/\\\/www.sindicaturabarcelona.cat\\\/wp-content\\\/uploads\\\/2021\\\/11\\\/Pl-Tetuan-1.jpg\",\"datePublished\":\"2021-11-30T12:29:30+00:00\",\"dateModified\":\"2021-11-30T12:36:12+00:00\",\"description\":\"Nos encontramos ante una situaci\u00f3n que re\u00fane varias condiciones de complejidad extrema: colectivo vulnerabilizado; pobreza estructural; infravivienda, o...\",\"breadcrumb\":{\"@id\":\"https:\\\/\\\/www.sindicaturabarcelona.cat\\\/es\\\/sindic-reclama-abordaje-integral-para-garantizar-derechos-basicos\\\/#breadcrumb\"},\"inLanguage\":\"es\",\"potentialAction\":[{\"@type\":\"ReadAction\",\"target\":[\"https:\\\/\\\/www.sindicaturabarcelona.cat\\\/es\\\/sindic-reclama-abordaje-integral-para-garantizar-derechos-basicos\\\/\"]}]},{\"@type\":\"ImageObject\",\"inLanguage\":\"es\",\"@id\":\"https:\\\/\\\/www.sindicaturabarcelona.cat\\\/es\\\/sindic-reclama-abordaje-integral-para-garantizar-derechos-basicos\\\/#primaryimage\",\"url\":\"https:\\\/\\\/www.sindicaturabarcelona.cat\\\/wp-content\\\/uploads\\\/2021\\\/11\\\/Pl-Tetuan-1.jpg\",\"contentUrl\":\"https:\\\/\\\/www.sindicaturabarcelona.cat\\\/wp-content\\\/uploads\\\/2021\\\/11\\\/Pl-Tetuan-1.jpg\",\"width\":2048,\"height\":1536,\"caption\":\"Pl Tetuan\"},{\"@type\":\"BreadcrumbList\",\"@id\":\"https:\\\/\\\/www.sindicaturabarcelona.cat\\\/es\\\/sindic-reclama-abordaje-integral-para-garantizar-derechos-basicos\\\/#breadcrumb\",\"itemListElement\":[{\"@type\":\"ListItem\",\"position\":1,\"name\":\"Inici\",\"item\":\"https:\\\/\\\/www.sindicaturabarcelona.cat\\\/es\\\/\"},{\"@type\":\"ListItem\",\"position\":2,\"name\":\"El s\u00edndic de Barcelona alerta que el incendio del local de plaza Tetuan no es un hecho aislado y reclama un abordaje integral para garantizar los derechos b\u00e1sicos de la ciudadan\u00eda\"}]},{\"@type\":\"WebSite\",\"@id\":\"https:\\\/\\\/www.sindicaturabarcelona.cat\\\/es\\\/#website\",\"url\":\"https:\\\/\\\/www.sindicaturabarcelona.cat\\\/es\\\/\",\"name\":\"Sindicatura de Greuges de Barcelona\",\"description\":\"La defensoria dels teus drets\",\"publisher\":{\"@id\":\"https:\\\/\\\/www.sindicaturabarcelona.cat\\\/es\\\/#organization\"},\"potentialAction\":[{\"@type\":\"SearchAction\",\"target\":{\"@type\":\"EntryPoint\",\"urlTemplate\":\"https:\\\/\\\/www.sindicaturabarcelona.cat\\\/es\\\/?s={search_term_string}\"},\"query-input\":{\"@type\":\"PropertyValueSpecification\",\"valueRequired\":true,\"valueName\":\"search_term_string\"}}],\"inLanguage\":\"es\"},{\"@type\":\"Organization\",\"@id\":\"https:\\\/\\\/www.sindicaturabarcelona.cat\\\/es\\\/#organization\",\"name\":\"Sindicatura de Greuges de Barcelona\",\"url\":\"https:\\\/\\\/www.sindicaturabarcelona.cat\\\/es\\\/\",\"logo\":{\"@type\":\"ImageObject\",\"inLanguage\":\"es\",\"@id\":\"https:\\\/\\\/www.sindicaturabarcelona.cat\\\/es\\\/#\\\/schema\\\/logo\\\/image\\\/\",\"url\":\"https:\\\/\\\/www.sindicaturabarcelona.cat\\\/wp-content\\\/uploads\\\/2023\\\/02\\\/logo_sindicatura.svg\",\"contentUrl\":\"https:\\\/\\\/www.sindicaturabarcelona.cat\\\/wp-content\\\/uploads\\\/2023\\\/02\\\/logo_sindicatura.svg\",\"caption\":\"Sindicatura de Greuges de Barcelona\"},\"image\":{\"@id\":\"https:\\\/\\\/www.sindicaturabarcelona.cat\\\/es\\\/#\\\/schema\\\/logo\\\/image\\\/\"},\"sameAs\":[\"https:\\\/\\\/x.com\\\/sindicbarcelona\",\"https:\\\/\\\/www.instagram.com\\\/sindicbarcelona\\\/\",\"https:\\\/\\\/www.tiktok.com\\\/@sindicaturabcn\",\"https:\\\/\\\/t.me\\\/sindicaturabarcelona\"]},{\"@type\":\"Person\",\"@id\":\"https:\\\/\\\/www.sindicaturabarcelona.cat\\\/es\\\/#\\\/schema\\\/person\\\/0e5acffc350ffdbc97578159322c9452\",\"name\":\"Pablo\",\"image\":{\"@type\":\"ImageObject\",\"inLanguage\":\"es\",\"@id\":\"https:\\\/\\\/secure.gravatar.com\\\/avatar\\\/c948169b402ef9492afde705c3dfd5e90e1a6a84ef6840a91124f805a25a480f?s=96&d=mm&r=g\",\"url\":\"https:\\\/\\\/secure.gravatar.com\\\/avatar\\\/c948169b402ef9492afde705c3dfd5e90e1a6a84ef6840a91124f805a25a480f?s=96&d=mm&r=g\",\"contentUrl\":\"https:\\\/\\\/secure.gravatar.com\\\/avatar\\\/c948169b402ef9492afde705c3dfd5e90e1a6a84ef6840a91124f805a25a480f?s=96&d=mm&r=g\",\"caption\":\"Pablo\"},\"url\":\"https:\\\/\\\/www.sindicaturabarcelona.cat\\\/es\\\/author\\\/pablo\\\/\"}]}<\/script>\n<!-- \/ Yoast SEO plugin. -->","yoast_head_json":{"title":"El s\u00edndic de Barcelona alerta que el incendio del local de plaza Tetuan no es un hecho aislado y reclama un abordaje integral para garantizar los derechos b\u00e1sicos de la ciudadan\u00eda - Sindicatura de Greuges de Barcelona","description":"Nos encontramos ante una situaci\u00f3n que re\u00fane varias condiciones de complejidad extrema: colectivo vulnerabilizado; pobreza estructural; infravivienda, o...","robots":{"index":"index","follow":"follow","max-snippet":"max-snippet:-1","max-image-preview":"max-image-preview:large","max-video-preview":"max-video-preview:-1"},"canonical":"https:\/\/www.sindicaturabarcelona.cat\/es\/sindic-reclama-abordaje-integral-para-garantizar-derechos-basicos\/","og_locale":"es_ES","og_type":"article","og_title":"El s\u00edndic de Barcelona alerta que el incendio del local de plaza Tetuan no es un hecho aislado y reclama un abordaje integral para garantizar los derechos b\u00e1sicos de la ciudadan\u00eda - Sindicatura de Greuges de Barcelona","og_description":"Nos encontramos ante una situaci\u00f3n que re\u00fane varias condiciones de complejidad extrema: colectivo vulnerabilizado; pobreza estructural; infravivienda, o...","og_url":"https:\/\/www.sindicaturabarcelona.cat\/es\/sindic-reclama-abordaje-integral-para-garantizar-derechos-basicos\/","og_site_name":"Sindicatura de Greuges de Barcelona","article_published_time":"2021-11-30T12:29:30+00:00","article_modified_time":"2021-11-30T12:36:12+00:00","og_image":[{"width":2048,"height":1536,"url":"https:\/\/www.sindicaturabarcelona.cat\/wp-content\/uploads\/2021\/11\/Pl-Tetuan-1.jpg","type":"image\/jpeg"}],"author":"Pablo","twitter_card":"summary_large_image","twitter_creator":"@sindicbarcelona","twitter_site":"@sindicbarcelona","twitter_misc":{"Escrito por":"Pablo","Tiempo de lectura":"1 minuto"},"schema":{"@context":"https:\/\/schema.org","@graph":[{"@type":"Article","@id":"https:\/\/www.sindicaturabarcelona.cat\/es\/sindic-reclama-abordaje-integral-para-garantizar-derechos-basicos\/#article","isPartOf":{"@id":"https:\/\/www.sindicaturabarcelona.cat\/es\/sindic-reclama-abordaje-integral-para-garantizar-derechos-basicos\/"},"author":{"name":"Pablo","@id":"https:\/\/www.sindicaturabarcelona.cat\/es\/#\/schema\/person\/0e5acffc350ffdbc97578159322c9452"},"headline":"El s\u00edndic de Barcelona alerta que el incendio del local de plaza Tetuan no es un hecho aislado y reclama un abordaje integral para garantizar los derechos b\u00e1sicos de la ciudadan\u00eda","datePublished":"2021-11-30T12:29:30+00:00","dateModified":"2021-11-30T12:36:12+00:00","mainEntityOfPage":{"@id":"https:\/\/www.sindicaturabarcelona.cat\/es\/sindic-reclama-abordaje-integral-para-garantizar-derechos-basicos\/"},"wordCount":286,"publisher":{"@id":"https:\/\/www.sindicaturabarcelona.cat\/es\/#organization"},"image":{"@id":"https:\/\/www.sindicaturabarcelona.cat\/es\/sindic-reclama-abordaje-integral-para-garantizar-derechos-basicos\/#primaryimage"},"thumbnailUrl":"https:\/\/www.sindicaturabarcelona.cat\/wp-content\/uploads\/2021\/11\/Pl-Tetuan-1.jpg","articleSection":["General"],"inLanguage":"es"},{"@type":"WebPage","@id":"https:\/\/www.sindicaturabarcelona.cat\/es\/sindic-reclama-abordaje-integral-para-garantizar-derechos-basicos\/","url":"https:\/\/www.sindicaturabarcelona.cat\/es\/sindic-reclama-abordaje-integral-para-garantizar-derechos-basicos\/","name":"El s\u00edndic de Barcelona alerta que el incendio del local de plaza Tetuan no es un hecho aislado y reclama un abordaje integral para garantizar los derechos b\u00e1sicos de la ciudadan\u00eda - Sindicatura de Greuges de Barcelona","isPartOf":{"@id":"https:\/\/www.sindicaturabarcelona.cat\/es\/#website"},"primaryImageOfPage":{"@id":"https:\/\/www.sindicaturabarcelona.cat\/es\/sindic-reclama-abordaje-integral-para-garantizar-derechos-basicos\/#primaryimage"},"image":{"@id":"https:\/\/www.sindicaturabarcelona.cat\/es\/sindic-reclama-abordaje-integral-para-garantizar-derechos-basicos\/#primaryimage"},"thumbnailUrl":"https:\/\/www.sindicaturabarcelona.cat\/wp-content\/uploads\/2021\/11\/Pl-Tetuan-1.jpg","datePublished":"2021-11-30T12:29:30+00:00","dateModified":"2021-11-30T12:36:12+00:00","description":"Nos encontramos ante una situaci\u00f3n que re\u00fane varias condiciones de complejidad extrema: colectivo vulnerabilizado; pobreza estructural; infravivienda, o...","breadcrumb":{"@id":"https:\/\/www.sindicaturabarcelona.cat\/es\/sindic-reclama-abordaje-integral-para-garantizar-derechos-basicos\/#breadcrumb"},"inLanguage":"es","potentialAction":[{"@type":"ReadAction","target":["https:\/\/www.sindicaturabarcelona.cat\/es\/sindic-reclama-abordaje-integral-para-garantizar-derechos-basicos\/"]}]},{"@type":"ImageObject","inLanguage":"es","@id":"https:\/\/www.sindicaturabarcelona.cat\/es\/sindic-reclama-abordaje-integral-para-garantizar-derechos-basicos\/#primaryimage","url":"https:\/\/www.sindicaturabarcelona.cat\/wp-content\/uploads\/2021\/11\/Pl-Tetuan-1.jpg","contentUrl":"https:\/\/www.sindicaturabarcelona.cat\/wp-content\/uploads\/2021\/11\/Pl-Tetuan-1.jpg","width":2048,"height":1536,"caption":"Pl Tetuan"},{"@type":"BreadcrumbList","@id":"https:\/\/www.sindicaturabarcelona.cat\/es\/sindic-reclama-abordaje-integral-para-garantizar-derechos-basicos\/#breadcrumb","itemListElement":[{"@type":"ListItem","position":1,"name":"Inici","item":"https:\/\/www.sindicaturabarcelona.cat\/es\/"},{"@type":"ListItem","position":2,"name":"El s\u00edndic de Barcelona alerta que el incendio del local de plaza Tetuan no es un hecho aislado y reclama un abordaje integral para garantizar los derechos b\u00e1sicos de la ciudadan\u00eda"}]},{"@type":"WebSite","@id":"https:\/\/www.sindicaturabarcelona.cat\/es\/#website","url":"https:\/\/www.sindicaturabarcelona.cat\/es\/","name":"Sindicatura de Greuges de Barcelona","description":"La defensoria dels teus drets","publisher":{"@id":"https:\/\/www.sindicaturabarcelona.cat\/es\/#organization"},"potentialAction":[{"@type":"SearchAction","target":{"@type":"EntryPoint","urlTemplate":"https:\/\/www.sindicaturabarcelona.cat\/es\/?s={search_term_string}"},"query-input":{"@type":"PropertyValueSpecification","valueRequired":true,"valueName":"search_term_string"}}],"inLanguage":"es"},{"@type":"Organization","@id":"https:\/\/www.sindicaturabarcelona.cat\/es\/#organization","name":"Sindicatura de Greuges de Barcelona","url":"https:\/\/www.sindicaturabarcelona.cat\/es\/","logo":{"@type":"ImageObject","inLanguage":"es","@id":"https:\/\/www.sindicaturabarcelona.cat\/es\/#\/schema\/logo\/image\/","url":"https:\/\/www.sindicaturabarcelona.cat\/wp-content\/uploads\/2023\/02\/logo_sindicatura.svg","contentUrl":"https:\/\/www.sindicaturabarcelona.cat\/wp-content\/uploads\/2023\/02\/logo_sindicatura.svg","caption":"Sindicatura de Greuges de Barcelona"},"image":{"@id":"https:\/\/www.sindicaturabarcelona.cat\/es\/#\/schema\/logo\/image\/"},"sameAs":["https:\/\/x.com\/sindicbarcelona","https:\/\/www.instagram.com\/sindicbarcelona\/","https:\/\/www.tiktok.com\/@sindicaturabcn","https:\/\/t.me\/sindicaturabarcelona"]},{"@type":"Person","@id":"https:\/\/www.sindicaturabarcelona.cat\/es\/#\/schema\/person\/0e5acffc350ffdbc97578159322c9452","name":"Pablo","image":{"@type":"ImageObject","inLanguage":"es","@id":"https:\/\/secure.gravatar.com\/avatar\/c948169b402ef9492afde705c3dfd5e90e1a6a84ef6840a91124f805a25a480f?s=96&d=mm&r=g","url":"https:\/\/secure.gravatar.com\/avatar\/c948169b402ef9492afde705c3dfd5e90e1a6a84ef6840a91124f805a25a480f?s=96&d=mm&r=g","contentUrl":"https:\/\/secure.gravatar.com\/avatar\/c948169b402ef9492afde705c3dfd5e90e1a6a84ef6840a91124f805a25a480f?s=96&d=mm&r=g","caption":"Pablo"},"url":"https:\/\/www.sindicaturabarcelona.cat\/es\/author\/pablo\/"}]}},"_links":{"self":[{"href":"https:\/\/www.sindicaturabarcelona.cat\/es\/wp-json\/wp\/v2\/posts\/13250","targetHints":{"allow":["GET"]}}],"collection":[{"href":"https:\/\/www.sindicaturabarcelona.cat\/es\/wp-json\/wp\/v2\/posts"}],"about":[{"href":"https:\/\/www.sindicaturabarcelona.cat\/es\/wp-json\/wp\/v2\/types\/post"}],"author":[{"embeddable":true,"href":"https:\/\/www.sindicaturabarcelona.cat\/es\/wp-json\/wp\/v2\/users\/2"}],"replies":[{"embeddable":true,"href":"https:\/\/www.sindicaturabarcelona.cat\/es\/wp-json\/wp\/v2\/comments?post=13250"}],"version-history":[{"count":0,"href":"https:\/\/www.sindicaturabarcelona.cat\/es\/wp-json\/wp\/v2\/posts\/13250\/revisions"}],"wp:featuredmedia":[{"embeddable":true,"href":"https:\/\/www.sindicaturabarcelona.cat\/es\/wp-json\/wp\/v2\/media\/13251"}],"wp:attachment":[{"href":"https:\/\/www.sindicaturabarcelona.cat\/es\/wp-json\/wp\/v2\/media?parent=13250"}],"wp:term":[{"taxonomy":"post_tag","embeddable":true,"href":"https:\/\/www.sindicaturabarcelona.cat\/es\/wp-json\/wp\/v2\/tags?post=13250"},{"taxonomy":"drets","embeddable":true,"href":"https:\/\/www.sindicaturabarcelona.cat\/es\/wp-json\/wp\/v2\/drets?post=13250"}],"curies":[{"name":"wp","href":"https:\/\/api.w.org\/{rel}","templated":true}]}}