{"id":13087,"date":"2021-10-25T10:09:20","date_gmt":"2021-10-25T08:09:20","guid":{"rendered":"https:\/\/www.sindicabarcelona.cat\/?p=13087"},"modified":"2021-10-25T10:09:21","modified_gmt":"2021-10-25T08:09:21","slug":"personas-jovenes-migradas-sin-referentes-familiares-oficio-sindicatura","status":"publish","type":"post","link":"https:\/\/www.sindicaturabarcelona.cat\/es\/personas-jovenes-migradas-sin-referentes-familiares-oficio-sindicatura\/","title":{"rendered":"La realidad de las personas j\u00f3venes migradas, asunto de oficio de la Sindicatura de Greuges de Barcelona"},"content":{"rendered":"\n<p class=\"has-text-align-justify\">La Sindicatura de Greuges de Barcelona ha abierto una actuaci\u00f3n de oficio para abordar la realidad de las personas j\u00f3venes migradas sin referentes familiares desde una perspectiva de garant\u00eda de sus derechos humanos. Se trata de un colectivo que precisa un apoyo y un acompa\u00f1amiento espec\u00edfico para ayudarlos a hacer su proyecto de vida.<\/p>\n\n\n\n<p class=\"has-text-align-justify\">El objetivo de este estudio es obtener una radiograf\u00eda de la situaci\u00f3n de este colectivo en Barcelona; identificar las acciones, los programas y las estrategias implementadas por el Ayuntamiento; encontrar espacios de mejora y oportunidades municipales para la atenci\u00f3n de estas personas, y por \u00faltimo, <strong>hacer propuestas de acci\u00f3n al consistorio<\/strong>.<\/p>\n\n\n\n<p class=\"has-text-align-justify\">David Bondia, s\u00edndic de greuges de Barcelona, ha insistido en el hecho que <strong>\u201clos servicios destinados a la atenci\u00f3n de este colectivo vulnerabilizado no pueden ser meramente asistencialistas\u201d<\/strong> y ha a\u00f1adido que \u201cesperamos que la reciente reforma del reglamento pueda ayudar verdaderamente a estos j\u00f3venes a continuar sus itinerarios personales, educativos y laborales\u201d.<\/p>\n\n\n\n<p class=\"has-text-align-justify\">La <a href=\"https:\/\/www.sindicaturabarcelona.cat\/es\/\" target=\"_blank\" aria-label=\"Sindicatura de Greuges (opens in a new tab)\" rel=\"noreferrer noopener\" class=\"ek-link\">Sindicatura de Greuges<\/a> buscar\u00e1 c\u00f3mo el Ayuntamiento de Barcelona, dentro de las limitadas competencias que tiene en este \u00e1mbito, puede garantizar el derecho de estas personas a tener una vida digna de ser vivida.<\/p>\n\n\n\n<h3 class=\"wp-block-heading\"><strong>La reciente reforma del reglamento de extranjer\u00eda<\/strong><\/h3>\n\n\n\n<p class=\"has-text-align-justify\">El martes 19 de octubre del 2021 el Consejo de Ministros aprob\u00f3 una reforma del reglamento de extranjer\u00eda para hacer posible la regularizaci\u00f3n de las personas menores no acompa\u00f1adas cuando llegan a la mayor\u00eda de edad. El objetivo de esta reforma es flexibilizar los requisitos exigidos para obtener los permisos de residencia y de trabajo.<\/p>\n\n\n\n<p class=\"has-text-align-justify\">Una de las principales modificaciones del reglamento de extranjer\u00eda que introduce el real decreto aprobado el martes pasado es que <strong>se reduce de 9 a 3 meses el plazo<\/strong> para obtener el primer permiso de residencia. Adem\u00e1s, obtendr\u00e1n el permiso de trabajo y se alargar\u00e1 <strong>de 1 a 2 a\u00f1os el primer permiso de residencia<\/strong>. Hay un \u00faltimo cambio importante que pretende esta reforma: podr\u00e1n completar los tr\u00e1mites de residencia o trabajo hasta los 23 a\u00f1os, situaci\u00f3n que ahora se agotaba cuando cumpl\u00edan 21.<\/p>\n\n\n\n<h3 class=\"wp-block-heading\"><strong>Los datos en Barcelona<\/strong><\/h3>\n\n\n\n<p class=\"has-text-align-justify\">En nuestra ciudad, desde el a\u00f1o 1999, <a href=\"https:\/\/ajuntament.barcelona.cat\/serveissocials\/es\/canal\/infancia-i-adolescencia\" target=\"_blank\" aria-label=\"act\u00faa el Servei de Detecci\u00f3 i Intervenci\u00f3 social (SDI) (opens in a new tab)\" rel=\"noreferrer noopener\" class=\"ek-link\">act\u00faa el Servei de Detecci\u00f3 i Intervenci\u00f3 social (SDI)<\/a> con ni\u00f1os, adolescentes y j\u00f3venes migrados solos que viven en las calles y espacios p\u00fablicos de Barcelona y se encuentran en situaci\u00f3n de riesgo social grave. Este servicio tambi\u00e9n interviene con los j\u00f3venes en las mismas circunstancias hasta que se los deriva definitivamente a los servicios sociales b\u00e1sicos de atenci\u00f3n primaria o a otros recursos, y en todo caso, hasta que alcanzan la edad de 21 a\u00f1os.<\/p>\n","protected":false},"excerpt":{"rendered":"<p>La Sindicatura de Greuges de Barcelona ha abierto una actuaci\u00f3n de oficio para abordar la realidad de las personas j\u00f3venes migradas sin referentes familiares desde una perspectiva de garant\u00eda de [&hellip;]<\/p>\n","protected":false},"author":2,"featured_media":13088,"comment_status":"closed","ping_status":"open","sticky":false,"template":"","format":"standard","meta":{"_acf_changed":false,"footnotes":""},"tags":[],"drets":[],"class_list":["post-13087","post","type-post","status-publish","format-standard","has-post-thumbnail","hentry"],"acf":[],"yoast_head":"<!-- This site is optimized with the Yoast SEO plugin v27.5 - https:\/\/yoast.com\/product\/yoast-seo-wordpress\/ -->\n<title>La realidad de las personas j\u00f3venes migradas, asunto de oficio de la Sindicatura de Greuges de Barcelona - Sindicatura de Greuges de Barcelona<\/title>\n<meta name=\"description\" content=\"El s\u00edndic de Barcelona quiere abordar la realidad de las personas j\u00f3venes migradas sin referentes familiares desde una perspectiva de...\" \/>\n<meta name=\"robots\" content=\"index, follow, max-snippet:-1, max-image-preview:large, max-video-preview:-1\" \/>\n<link rel=\"canonical\" href=\"https:\/\/www.sindicaturabarcelona.cat\/es\/personas-jovenes-migradas-sin-referentes-familiares-oficio-sindicatura\/\" \/>\n<meta property=\"og:locale\" content=\"es_ES\" \/>\n<meta property=\"og:type\" content=\"article\" \/>\n<meta property=\"og:title\" content=\"La realidad de las personas j\u00f3venes migradas, asunto de oficio de la Sindicatura de Greuges de Barcelona - Sindicatura de Greuges de Barcelona\" \/>\n<meta property=\"og:description\" content=\"El s\u00edndic de Barcelona quiere abordar la realidad de las personas j\u00f3venes migradas sin referentes familiares desde una perspectiva de...\" \/>\n<meta property=\"og:url\" content=\"https:\/\/www.sindicaturabarcelona.cat\/es\/personas-jovenes-migradas-sin-referentes-familiares-oficio-sindicatura\/\" \/>\n<meta property=\"og:site_name\" content=\"Sindicatura de Greuges de Barcelona\" \/>\n<meta property=\"article:published_time\" content=\"2021-10-25T08:09:20+00:00\" \/>\n<meta property=\"article:modified_time\" content=\"2021-10-25T08:09:21+00:00\" \/>\n<meta property=\"og:image\" content=\"https:\/\/www.sindicaturabarcelona.cat\/wp-content\/uploads\/2021\/10\/Persones-menors-sense-referents-familiars-1.jpg\" \/>\n\t<meta property=\"og:image:width\" content=\"760\" \/>\n\t<meta property=\"og:image:height\" content=\"428\" \/>\n\t<meta property=\"og:image:type\" content=\"image\/jpeg\" \/>\n<meta name=\"author\" content=\"Pablo\" \/>\n<meta name=\"twitter:card\" content=\"summary_large_image\" \/>\n<meta name=\"twitter:creator\" content=\"@sindicbarcelona\" \/>\n<meta name=\"twitter:site\" content=\"@sindicbarcelona\" \/>\n<meta name=\"twitter:label1\" content=\"Escrito por\" \/>\n\t<meta name=\"twitter:data1\" content=\"Pablo\" \/>\n\t<meta name=\"twitter:label2\" content=\"Tiempo de lectura\" \/>\n\t<meta name=\"twitter:data2\" content=\"2 minutos\" \/>\n<script type=\"application\/ld+json\" class=\"yoast-schema-graph\">{\"@context\":\"https:\\\/\\\/schema.org\",\"@graph\":[{\"@type\":\"Article\",\"@id\":\"https:\\\/\\\/www.sindicaturabarcelona.cat\\\/es\\\/personas-jovenes-migradas-sin-referentes-familiares-oficio-sindicatura\\\/#article\",\"isPartOf\":{\"@id\":\"https:\\\/\\\/www.sindicaturabarcelona.cat\\\/es\\\/personas-jovenes-migradas-sin-referentes-familiares-oficio-sindicatura\\\/\"},\"author\":{\"name\":\"Pablo\",\"@id\":\"https:\\\/\\\/www.sindicaturabarcelona.cat\\\/es\\\/#\\\/schema\\\/person\\\/0e5acffc350ffdbc97578159322c9452\"},\"headline\":\"La realidad de las personas j\u00f3venes migradas, asunto de oficio de la Sindicatura de Greuges de Barcelona\",\"datePublished\":\"2021-10-25T08:09:20+00:00\",\"dateModified\":\"2021-10-25T08:09:21+00:00\",\"mainEntityOfPage\":{\"@id\":\"https:\\\/\\\/www.sindicaturabarcelona.cat\\\/es\\\/personas-jovenes-migradas-sin-referentes-familiares-oficio-sindicatura\\\/\"},\"wordCount\":473,\"publisher\":{\"@id\":\"https:\\\/\\\/www.sindicaturabarcelona.cat\\\/es\\\/#organization\"},\"image\":{\"@id\":\"https:\\\/\\\/www.sindicaturabarcelona.cat\\\/es\\\/personas-jovenes-migradas-sin-referentes-familiares-oficio-sindicatura\\\/#primaryimage\"},\"thumbnailUrl\":\"https:\\\/\\\/www.sindicaturabarcelona.cat\\\/wp-content\\\/uploads\\\/2021\\\/10\\\/Persones-menors-sense-referents-familiars-1.jpg\",\"articleSection\":[\"Buen gobierno\",\"Servicios sociales\"],\"inLanguage\":\"es\"},{\"@type\":\"WebPage\",\"@id\":\"https:\\\/\\\/www.sindicaturabarcelona.cat\\\/es\\\/personas-jovenes-migradas-sin-referentes-familiares-oficio-sindicatura\\\/\",\"url\":\"https:\\\/\\\/www.sindicaturabarcelona.cat\\\/es\\\/personas-jovenes-migradas-sin-referentes-familiares-oficio-sindicatura\\\/\",\"name\":\"La realidad de las personas j\u00f3venes migradas, asunto de oficio de la Sindicatura de Greuges de Barcelona - Sindicatura de Greuges de Barcelona\",\"isPartOf\":{\"@id\":\"https:\\\/\\\/www.sindicaturabarcelona.cat\\\/es\\\/#website\"},\"primaryImageOfPage\":{\"@id\":\"https:\\\/\\\/www.sindicaturabarcelona.cat\\\/es\\\/personas-jovenes-migradas-sin-referentes-familiares-oficio-sindicatura\\\/#primaryimage\"},\"image\":{\"@id\":\"https:\\\/\\\/www.sindicaturabarcelona.cat\\\/es\\\/personas-jovenes-migradas-sin-referentes-familiares-oficio-sindicatura\\\/#primaryimage\"},\"thumbnailUrl\":\"https:\\\/\\\/www.sindicaturabarcelona.cat\\\/wp-content\\\/uploads\\\/2021\\\/10\\\/Persones-menors-sense-referents-familiars-1.jpg\",\"datePublished\":\"2021-10-25T08:09:20+00:00\",\"dateModified\":\"2021-10-25T08:09:21+00:00\",\"description\":\"El s\u00edndic de Barcelona quiere abordar la realidad de las personas j\u00f3venes migradas sin referentes familiares desde una perspectiva de...\",\"breadcrumb\":{\"@id\":\"https:\\\/\\\/www.sindicaturabarcelona.cat\\\/es\\\/personas-jovenes-migradas-sin-referentes-familiares-oficio-sindicatura\\\/#breadcrumb\"},\"inLanguage\":\"es\",\"potentialAction\":[{\"@type\":\"ReadAction\",\"target\":[\"https:\\\/\\\/www.sindicaturabarcelona.cat\\\/es\\\/personas-jovenes-migradas-sin-referentes-familiares-oficio-sindicatura\\\/\"]}]},{\"@type\":\"ImageObject\",\"inLanguage\":\"es\",\"@id\":\"https:\\\/\\\/www.sindicaturabarcelona.cat\\\/es\\\/personas-jovenes-migradas-sin-referentes-familiares-oficio-sindicatura\\\/#primaryimage\",\"url\":\"https:\\\/\\\/www.sindicaturabarcelona.cat\\\/wp-content\\\/uploads\\\/2021\\\/10\\\/Persones-menors-sense-referents-familiars-1.jpg\",\"contentUrl\":\"https:\\\/\\\/www.sindicaturabarcelona.cat\\\/wp-content\\\/uploads\\\/2021\\\/10\\\/Persones-menors-sense-referents-familiars-1.jpg\",\"width\":760,\"height\":428,\"caption\":\"Personas menores sin referentes familiares\"},{\"@type\":\"BreadcrumbList\",\"@id\":\"https:\\\/\\\/www.sindicaturabarcelona.cat\\\/es\\\/personas-jovenes-migradas-sin-referentes-familiares-oficio-sindicatura\\\/#breadcrumb\",\"itemListElement\":[{\"@type\":\"ListItem\",\"position\":1,\"name\":\"Inici\",\"item\":\"https:\\\/\\\/www.sindicaturabarcelona.cat\\\/es\\\/\"},{\"@type\":\"ListItem\",\"position\":2,\"name\":\"La realidad de las personas j\u00f3venes migradas, asunto de oficio de la Sindicatura de Greuges de Barcelona\"}]},{\"@type\":\"WebSite\",\"@id\":\"https:\\\/\\\/www.sindicaturabarcelona.cat\\\/es\\\/#website\",\"url\":\"https:\\\/\\\/www.sindicaturabarcelona.cat\\\/es\\\/\",\"name\":\"Sindicatura de Greuges de Barcelona\",\"description\":\"La defensoria dels teus drets\",\"publisher\":{\"@id\":\"https:\\\/\\\/www.sindicaturabarcelona.cat\\\/es\\\/#organization\"},\"potentialAction\":[{\"@type\":\"SearchAction\",\"target\":{\"@type\":\"EntryPoint\",\"urlTemplate\":\"https:\\\/\\\/www.sindicaturabarcelona.cat\\\/es\\\/?s={search_term_string}\"},\"query-input\":{\"@type\":\"PropertyValueSpecification\",\"valueRequired\":true,\"valueName\":\"search_term_string\"}}],\"inLanguage\":\"es\"},{\"@type\":\"Organization\",\"@id\":\"https:\\\/\\\/www.sindicaturabarcelona.cat\\\/es\\\/#organization\",\"name\":\"Sindicatura de Greuges de Barcelona\",\"url\":\"https:\\\/\\\/www.sindicaturabarcelona.cat\\\/es\\\/\",\"logo\":{\"@type\":\"ImageObject\",\"inLanguage\":\"es\",\"@id\":\"https:\\\/\\\/www.sindicaturabarcelona.cat\\\/es\\\/#\\\/schema\\\/logo\\\/image\\\/\",\"url\":\"https:\\\/\\\/www.sindicaturabarcelona.cat\\\/wp-content\\\/uploads\\\/2023\\\/02\\\/logo_sindicatura.svg\",\"contentUrl\":\"https:\\\/\\\/www.sindicaturabarcelona.cat\\\/wp-content\\\/uploads\\\/2023\\\/02\\\/logo_sindicatura.svg\",\"caption\":\"Sindicatura de Greuges de Barcelona\"},\"image\":{\"@id\":\"https:\\\/\\\/www.sindicaturabarcelona.cat\\\/es\\\/#\\\/schema\\\/logo\\\/image\\\/\"},\"sameAs\":[\"https:\\\/\\\/x.com\\\/sindicbarcelona\",\"https:\\\/\\\/www.instagram.com\\\/sindicbarcelona\\\/\",\"https:\\\/\\\/www.tiktok.com\\\/@sindicaturabcn\",\"https:\\\/\\\/t.me\\\/sindicaturabarcelona\"]},{\"@type\":\"Person\",\"@id\":\"https:\\\/\\\/www.sindicaturabarcelona.cat\\\/es\\\/#\\\/schema\\\/person\\\/0e5acffc350ffdbc97578159322c9452\",\"name\":\"Pablo\",\"image\":{\"@type\":\"ImageObject\",\"inLanguage\":\"es\",\"@id\":\"https:\\\/\\\/secure.gravatar.com\\\/avatar\\\/c948169b402ef9492afde705c3dfd5e90e1a6a84ef6840a91124f805a25a480f?s=96&d=mm&r=g\",\"url\":\"https:\\\/\\\/secure.gravatar.com\\\/avatar\\\/c948169b402ef9492afde705c3dfd5e90e1a6a84ef6840a91124f805a25a480f?s=96&d=mm&r=g\",\"contentUrl\":\"https:\\\/\\\/secure.gravatar.com\\\/avatar\\\/c948169b402ef9492afde705c3dfd5e90e1a6a84ef6840a91124f805a25a480f?s=96&d=mm&r=g\",\"caption\":\"Pablo\"},\"url\":\"https:\\\/\\\/www.sindicaturabarcelona.cat\\\/es\\\/author\\\/pablo\\\/\"}]}<\/script>\n<!-- \/ Yoast SEO plugin. -->","yoast_head_json":{"title":"La realidad de las personas j\u00f3venes migradas, asunto de oficio de la Sindicatura de Greuges de Barcelona - Sindicatura de Greuges de Barcelona","description":"El s\u00edndic de Barcelona quiere abordar la realidad de las personas j\u00f3venes migradas sin referentes familiares desde una perspectiva de...","robots":{"index":"index","follow":"follow","max-snippet":"max-snippet:-1","max-image-preview":"max-image-preview:large","max-video-preview":"max-video-preview:-1"},"canonical":"https:\/\/www.sindicaturabarcelona.cat\/es\/personas-jovenes-migradas-sin-referentes-familiares-oficio-sindicatura\/","og_locale":"es_ES","og_type":"article","og_title":"La realidad de las personas j\u00f3venes migradas, asunto de oficio de la Sindicatura de Greuges de Barcelona - Sindicatura de Greuges de Barcelona","og_description":"El s\u00edndic de Barcelona quiere abordar la realidad de las personas j\u00f3venes migradas sin referentes familiares desde una perspectiva de...","og_url":"https:\/\/www.sindicaturabarcelona.cat\/es\/personas-jovenes-migradas-sin-referentes-familiares-oficio-sindicatura\/","og_site_name":"Sindicatura de Greuges de Barcelona","article_published_time":"2021-10-25T08:09:20+00:00","article_modified_time":"2021-10-25T08:09:21+00:00","og_image":[{"width":760,"height":428,"url":"https:\/\/www.sindicaturabarcelona.cat\/wp-content\/uploads\/2021\/10\/Persones-menors-sense-referents-familiars-1.jpg","type":"image\/jpeg"}],"author":"Pablo","twitter_card":"summary_large_image","twitter_creator":"@sindicbarcelona","twitter_site":"@sindicbarcelona","twitter_misc":{"Escrito por":"Pablo","Tiempo de lectura":"2 minutos"},"schema":{"@context":"https:\/\/schema.org","@graph":[{"@type":"Article","@id":"https:\/\/www.sindicaturabarcelona.cat\/es\/personas-jovenes-migradas-sin-referentes-familiares-oficio-sindicatura\/#article","isPartOf":{"@id":"https:\/\/www.sindicaturabarcelona.cat\/es\/personas-jovenes-migradas-sin-referentes-familiares-oficio-sindicatura\/"},"author":{"name":"Pablo","@id":"https:\/\/www.sindicaturabarcelona.cat\/es\/#\/schema\/person\/0e5acffc350ffdbc97578159322c9452"},"headline":"La realidad de las personas j\u00f3venes migradas, asunto de oficio de la Sindicatura de Greuges de Barcelona","datePublished":"2021-10-25T08:09:20+00:00","dateModified":"2021-10-25T08:09:21+00:00","mainEntityOfPage":{"@id":"https:\/\/www.sindicaturabarcelona.cat\/es\/personas-jovenes-migradas-sin-referentes-familiares-oficio-sindicatura\/"},"wordCount":473,"publisher":{"@id":"https:\/\/www.sindicaturabarcelona.cat\/es\/#organization"},"image":{"@id":"https:\/\/www.sindicaturabarcelona.cat\/es\/personas-jovenes-migradas-sin-referentes-familiares-oficio-sindicatura\/#primaryimage"},"thumbnailUrl":"https:\/\/www.sindicaturabarcelona.cat\/wp-content\/uploads\/2021\/10\/Persones-menors-sense-referents-familiars-1.jpg","articleSection":["Buen gobierno","Servicios sociales"],"inLanguage":"es"},{"@type":"WebPage","@id":"https:\/\/www.sindicaturabarcelona.cat\/es\/personas-jovenes-migradas-sin-referentes-familiares-oficio-sindicatura\/","url":"https:\/\/www.sindicaturabarcelona.cat\/es\/personas-jovenes-migradas-sin-referentes-familiares-oficio-sindicatura\/","name":"La realidad de las personas j\u00f3venes migradas, asunto de oficio de la Sindicatura de Greuges de Barcelona - Sindicatura de Greuges de Barcelona","isPartOf":{"@id":"https:\/\/www.sindicaturabarcelona.cat\/es\/#website"},"primaryImageOfPage":{"@id":"https:\/\/www.sindicaturabarcelona.cat\/es\/personas-jovenes-migradas-sin-referentes-familiares-oficio-sindicatura\/#primaryimage"},"image":{"@id":"https:\/\/www.sindicaturabarcelona.cat\/es\/personas-jovenes-migradas-sin-referentes-familiares-oficio-sindicatura\/#primaryimage"},"thumbnailUrl":"https:\/\/www.sindicaturabarcelona.cat\/wp-content\/uploads\/2021\/10\/Persones-menors-sense-referents-familiars-1.jpg","datePublished":"2021-10-25T08:09:20+00:00","dateModified":"2021-10-25T08:09:21+00:00","description":"El s\u00edndic de Barcelona quiere abordar la realidad de las personas j\u00f3venes migradas sin referentes familiares desde una perspectiva de...","breadcrumb":{"@id":"https:\/\/www.sindicaturabarcelona.cat\/es\/personas-jovenes-migradas-sin-referentes-familiares-oficio-sindicatura\/#breadcrumb"},"inLanguage":"es","potentialAction":[{"@type":"ReadAction","target":["https:\/\/www.sindicaturabarcelona.cat\/es\/personas-jovenes-migradas-sin-referentes-familiares-oficio-sindicatura\/"]}]},{"@type":"ImageObject","inLanguage":"es","@id":"https:\/\/www.sindicaturabarcelona.cat\/es\/personas-jovenes-migradas-sin-referentes-familiares-oficio-sindicatura\/#primaryimage","url":"https:\/\/www.sindicaturabarcelona.cat\/wp-content\/uploads\/2021\/10\/Persones-menors-sense-referents-familiars-1.jpg","contentUrl":"https:\/\/www.sindicaturabarcelona.cat\/wp-content\/uploads\/2021\/10\/Persones-menors-sense-referents-familiars-1.jpg","width":760,"height":428,"caption":"Personas menores sin referentes familiares"},{"@type":"BreadcrumbList","@id":"https:\/\/www.sindicaturabarcelona.cat\/es\/personas-jovenes-migradas-sin-referentes-familiares-oficio-sindicatura\/#breadcrumb","itemListElement":[{"@type":"ListItem","position":1,"name":"Inici","item":"https:\/\/www.sindicaturabarcelona.cat\/es\/"},{"@type":"ListItem","position":2,"name":"La realidad de las personas j\u00f3venes migradas, asunto de oficio de la Sindicatura de Greuges de Barcelona"}]},{"@type":"WebSite","@id":"https:\/\/www.sindicaturabarcelona.cat\/es\/#website","url":"https:\/\/www.sindicaturabarcelona.cat\/es\/","name":"Sindicatura de Greuges de Barcelona","description":"La defensoria dels teus drets","publisher":{"@id":"https:\/\/www.sindicaturabarcelona.cat\/es\/#organization"},"potentialAction":[{"@type":"SearchAction","target":{"@type":"EntryPoint","urlTemplate":"https:\/\/www.sindicaturabarcelona.cat\/es\/?s={search_term_string}"},"query-input":{"@type":"PropertyValueSpecification","valueRequired":true,"valueName":"search_term_string"}}],"inLanguage":"es"},{"@type":"Organization","@id":"https:\/\/www.sindicaturabarcelona.cat\/es\/#organization","name":"Sindicatura de Greuges de Barcelona","url":"https:\/\/www.sindicaturabarcelona.cat\/es\/","logo":{"@type":"ImageObject","inLanguage":"es","@id":"https:\/\/www.sindicaturabarcelona.cat\/es\/#\/schema\/logo\/image\/","url":"https:\/\/www.sindicaturabarcelona.cat\/wp-content\/uploads\/2023\/02\/logo_sindicatura.svg","contentUrl":"https:\/\/www.sindicaturabarcelona.cat\/wp-content\/uploads\/2023\/02\/logo_sindicatura.svg","caption":"Sindicatura de Greuges de Barcelona"},"image":{"@id":"https:\/\/www.sindicaturabarcelona.cat\/es\/#\/schema\/logo\/image\/"},"sameAs":["https:\/\/x.com\/sindicbarcelona","https:\/\/www.instagram.com\/sindicbarcelona\/","https:\/\/www.tiktok.com\/@sindicaturabcn","https:\/\/t.me\/sindicaturabarcelona"]},{"@type":"Person","@id":"https:\/\/www.sindicaturabarcelona.cat\/es\/#\/schema\/person\/0e5acffc350ffdbc97578159322c9452","name":"Pablo","image":{"@type":"ImageObject","inLanguage":"es","@id":"https:\/\/secure.gravatar.com\/avatar\/c948169b402ef9492afde705c3dfd5e90e1a6a84ef6840a91124f805a25a480f?s=96&d=mm&r=g","url":"https:\/\/secure.gravatar.com\/avatar\/c948169b402ef9492afde705c3dfd5e90e1a6a84ef6840a91124f805a25a480f?s=96&d=mm&r=g","contentUrl":"https:\/\/secure.gravatar.com\/avatar\/c948169b402ef9492afde705c3dfd5e90e1a6a84ef6840a91124f805a25a480f?s=96&d=mm&r=g","caption":"Pablo"},"url":"https:\/\/www.sindicaturabarcelona.cat\/es\/author\/pablo\/"}]}},"_links":{"self":[{"href":"https:\/\/www.sindicaturabarcelona.cat\/es\/wp-json\/wp\/v2\/posts\/13087","targetHints":{"allow":["GET"]}}],"collection":[{"href":"https:\/\/www.sindicaturabarcelona.cat\/es\/wp-json\/wp\/v2\/posts"}],"about":[{"href":"https:\/\/www.sindicaturabarcelona.cat\/es\/wp-json\/wp\/v2\/types\/post"}],"author":[{"embeddable":true,"href":"https:\/\/www.sindicaturabarcelona.cat\/es\/wp-json\/wp\/v2\/users\/2"}],"replies":[{"embeddable":true,"href":"https:\/\/www.sindicaturabarcelona.cat\/es\/wp-json\/wp\/v2\/comments?post=13087"}],"version-history":[{"count":0,"href":"https:\/\/www.sindicaturabarcelona.cat\/es\/wp-json\/wp\/v2\/posts\/13087\/revisions"}],"wp:featuredmedia":[{"embeddable":true,"href":"https:\/\/www.sindicaturabarcelona.cat\/es\/wp-json\/wp\/v2\/media\/13088"}],"wp:attachment":[{"href":"https:\/\/www.sindicaturabarcelona.cat\/es\/wp-json\/wp\/v2\/media?parent=13087"}],"wp:term":[{"taxonomy":"post_tag","embeddable":true,"href":"https:\/\/www.sindicaturabarcelona.cat\/es\/wp-json\/wp\/v2\/tags?post=13087"},{"taxonomy":"drets","embeddable":true,"href":"https:\/\/www.sindicaturabarcelona.cat\/es\/wp-json\/wp\/v2\/drets?post=13087"}],"curies":[{"name":"wp","href":"https:\/\/api.w.org\/{rel}","templated":true}]}}