{"id":13059,"date":"2021-10-19T11:22:47","date_gmt":"2021-10-19T09:22:47","guid":{"rendered":"https:\/\/www.sindicabarcelona.cat\/?p=13059"},"modified":"2021-10-19T11:22:48","modified_gmt":"2021-10-19T09:22:48","slug":"sindic-barcelona-actuacion-oficio-incremento-precio-lu","status":"publish","type":"post","link":"https:\/\/www.sindicaturabarcelona.cat\/es\/sindic-barcelona-actuacion-oficio-incremento-precio-lu\/","title":{"rendered":"El s\u00edndic de Barcelona abre una actuaci\u00f3n de oficio para evaluar el impacto del incremento del precio de la luz"},"content":{"rendered":"\n<p class=\"has-text-align-justify\">El s\u00edndic de greuges de Barcelona, David Bondia, ha anunciado la apertura de una actuaci\u00f3n de oficio para identificar el impacto econ\u00f3mico que el incremento del precio de las tarifas el\u00e9ctricas est\u00e1 teniendo en la ciudadan\u00eda de Barcelona, y en el consistorio y sus entidades municipales.<\/p>\n\n\n\n<h3 class=\"wp-block-heading\"><strong>Aumento del precio de la luz sin precedentes<\/strong><\/h3>\n\n\n\n<p class=\"has-text-align-justify\">El coste de la electricidad es una variable econ\u00f3mica que afecta directamente a las familias, empresas, personas aut\u00f3nomas y, tambi\u00e9n, al conjunto de la Administraci\u00f3n. Desde el mes de febrero de este a\u00f1o se ha producido un aumento sostenido del precio de la electricidad en el mercado mayorista. Durante septiembre de 2021, este precio marc\u00f3 un m\u00e1ximo hist\u00f3rico y casi triplic\u00f3 los precios del a\u00f1o anterior. Adem\u00e1s, no parece que esta exorbitante escalada de precios tenga una mejor perspectiva en los pr\u00f3ximos meses.<\/p>\n\n\n\n<h3 class=\"wp-block-heading\"><strong>La electricidad, un suministro b\u00e1sico<\/strong><\/h3>\n\n\n\n<p class=\"has-text-align-justify\">Los elevados precios derivados del consumo el\u00e9ctrico generan un alto grado de preocupaci\u00f3n e incertidumbre en la ciudadan\u00eda. Hablamos de un consumo b\u00e1sico de primera necesidad con una importancia muy destacada en las econom\u00edas dom\u00e9sticas de nuestra ciudad, en la que impacta de manera negativa, con especial incidencia en los colectivos m\u00e1s vulnerabilizados.<\/p>\n\n\n\n<p class=\"has-text-align-justify\">Los principios de universalidad, igualdad de oportunidades y cohesi\u00f3n social exigen que los servicios b\u00e1sicos sean accesibles y asequibles para toda la ciudadan\u00eda. La privaci\u00f3n de algunos de estos servicios esenciales para un sector de la poblaci\u00f3n podr\u00eda vulnerar la dignidad de las personas y su leg\u00edtimo derecho al desarrollo social. Por estos motivos, desde la Sindicatura de Greuges de Barcelona se ha iniciado un expediente de oficio que permita evaluar la situaci\u00f3n actual y conocer qu\u00e9 acciones municipales se est\u00e1n llevando a cabo para paliar los efectos de este aumento del precio de la electricidad.<\/p>\n\n\n\n<h3 class=\"wp-block-heading\"><strong>La intervenci\u00f3n de la Sindicatura<\/strong><\/h3>\n\n\n\n<p class=\"has-text-align-justify\">El <a href=\"https:\/\/www.sindicaturabarcelona.cat\/es\/quien-es-sindic-de-greuges\/\" target=\"_blank\" aria-label=\"nuevo s\u00edndic de greuges de Barcelona (opens in a new tab)\" rel=\"noreferrer noopener\" class=\"ek-link\">nuevo s\u00edndic de greuges de Barcelona<\/a>, David Bondia, ha anticipado que el expediente de oficio pretende analizar si este aumento del importe de la tarifa el\u00e9ctrica ha supuesto un incremento de ayudas econ\u00f3micas y si se est\u00e1n planteando medidas gubernamentales desde el consistorio para afrontar esta realidad. Bondia ha a\u00f1adido que \u201ces necesario saber c\u00f3mo se est\u00e1 coordinando esta situaci\u00f3n en el \u00e1mbito municipal y tambi\u00e9n investigar cu\u00e1l ha sido el impacto para el <a href=\"https:\/\/ajuntament.barcelona.cat\/es\/\" target=\"_blank\" aria-label=\"Ayuntamiento (opens in a new tab)\" rel=\"noreferrer noopener\" class=\"ek-link\">Ayuntamiento<\/a> y sus entidades municipales\u201d.<\/p>\n","protected":false},"excerpt":{"rendered":"<p>El s\u00edndic de greuges de Barcelona, David Bondia, ha anunciado la apertura de una actuaci\u00f3n de oficio para identificar el impacto econ\u00f3mico que el incremento del precio de las tarifas [&hellip;]<\/p>\n","protected":false},"author":2,"featured_media":13060,"comment_status":"closed","ping_status":"open","sticky":false,"template":"","format":"standard","meta":{"_acf_changed":false,"footnotes":""},"tags":[],"drets":[],"class_list":["post-13059","post","type-post","status-publish","format-standard","has-post-thumbnail","hentry"],"acf":[],"yoast_head":"<!-- This site is optimized with the Yoast SEO plugin v27.5 - https:\/\/yoast.com\/product\/yoast-seo-wordpress\/ -->\n<title>El s\u00edndic de Barcelona abre una actuaci\u00f3n de oficio para evaluar el impacto del incremento del precio de la luz - Sindicatura de Greuges de Barcelona<\/title>\n<meta name=\"description\" content=\"Bondia ha anunciado la apertura de una actuaci\u00f3n de oficio para identificar el impacto del incremento del precio de la luz en la...\" \/>\n<meta name=\"robots\" content=\"index, follow, max-snippet:-1, max-image-preview:large, max-video-preview:-1\" \/>\n<link rel=\"canonical\" href=\"https:\/\/www.sindicaturabarcelona.cat\/es\/sindic-barcelona-actuacion-oficio-incremento-precio-lu\/\" \/>\n<meta property=\"og:locale\" content=\"es_ES\" \/>\n<meta property=\"og:type\" content=\"article\" \/>\n<meta property=\"og:title\" content=\"El s\u00edndic de Barcelona abre una actuaci\u00f3n de oficio para evaluar el impacto del incremento del precio de la luz - Sindicatura de Greuges de Barcelona\" \/>\n<meta property=\"og:description\" content=\"Bondia ha anunciado la apertura de una actuaci\u00f3n de oficio para identificar el impacto del incremento del precio de la luz en la...\" \/>\n<meta property=\"og:url\" content=\"https:\/\/www.sindicaturabarcelona.cat\/es\/sindic-barcelona-actuacion-oficio-incremento-precio-lu\/\" \/>\n<meta property=\"og:site_name\" content=\"Sindicatura de Greuges de Barcelona\" \/>\n<meta property=\"article:published_time\" content=\"2021-10-19T09:22:47+00:00\" \/>\n<meta property=\"article:modified_time\" content=\"2021-10-19T09:22:48+00:00\" \/>\n<meta property=\"og:image\" content=\"https:\/\/www.sindicaturabarcelona.cat\/wp-content\/uploads\/2021\/10\/14164_DISE_Energia_20171117_VZ_01-1.jpg\" \/>\n\t<meta property=\"og:image:width\" content=\"1024\" \/>\n\t<meta property=\"og:image:height\" content=\"768\" \/>\n\t<meta property=\"og:image:type\" content=\"image\/jpeg\" \/>\n<meta name=\"author\" content=\"Pablo\" \/>\n<meta name=\"twitter:card\" content=\"summary_large_image\" \/>\n<meta name=\"twitter:creator\" content=\"@sindicbarcelona\" \/>\n<meta name=\"twitter:site\" content=\"@sindicbarcelona\" \/>\n<meta name=\"twitter:label1\" content=\"Escrito por\" \/>\n\t<meta name=\"twitter:data1\" content=\"Pablo\" \/>\n\t<meta name=\"twitter:label2\" content=\"Tiempo de lectura\" \/>\n\t<meta name=\"twitter:data2\" content=\"2 minutos\" \/>\n<script type=\"application\/ld+json\" class=\"yoast-schema-graph\">{\"@context\":\"https:\\\/\\\/schema.org\",\"@graph\":[{\"@type\":\"Article\",\"@id\":\"https:\\\/\\\/www.sindicaturabarcelona.cat\\\/es\\\/sindic-barcelona-actuacion-oficio-incremento-precio-lu\\\/#article\",\"isPartOf\":{\"@id\":\"https:\\\/\\\/www.sindicaturabarcelona.cat\\\/es\\\/sindic-barcelona-actuacion-oficio-incremento-precio-lu\\\/\"},\"author\":{\"name\":\"Pablo\",\"@id\":\"https:\\\/\\\/www.sindicaturabarcelona.cat\\\/es\\\/#\\\/schema\\\/person\\\/0e5acffc350ffdbc97578159322c9452\"},\"headline\":\"El s\u00edndic de Barcelona abre una actuaci\u00f3n de oficio para evaluar el impacto del incremento del precio de la luz\",\"datePublished\":\"2021-10-19T09:22:47+00:00\",\"dateModified\":\"2021-10-19T09:22:48+00:00\",\"mainEntityOfPage\":{\"@id\":\"https:\\\/\\\/www.sindicaturabarcelona.cat\\\/es\\\/sindic-barcelona-actuacion-oficio-incremento-precio-lu\\\/\"},\"wordCount\":439,\"publisher\":{\"@id\":\"https:\\\/\\\/www.sindicaturabarcelona.cat\\\/es\\\/#organization\"},\"image\":{\"@id\":\"https:\\\/\\\/www.sindicaturabarcelona.cat\\\/es\\\/sindic-barcelona-actuacion-oficio-incremento-precio-lu\\\/#primaryimage\"},\"thumbnailUrl\":\"https:\\\/\\\/www.sindicaturabarcelona.cat\\\/wp-content\\\/uploads\\\/2021\\\/10\\\/14164_DISE_Energia_20171117_VZ_01-1.jpg\",\"articleSection\":[\"Buen gobierno\",\"Medio ambiente y salud p\u00fablica\"],\"inLanguage\":\"es\"},{\"@type\":\"WebPage\",\"@id\":\"https:\\\/\\\/www.sindicaturabarcelona.cat\\\/es\\\/sindic-barcelona-actuacion-oficio-incremento-precio-lu\\\/\",\"url\":\"https:\\\/\\\/www.sindicaturabarcelona.cat\\\/es\\\/sindic-barcelona-actuacion-oficio-incremento-precio-lu\\\/\",\"name\":\"El s\u00edndic de Barcelona abre una actuaci\u00f3n de oficio para evaluar el impacto del incremento del precio de la luz - Sindicatura de Greuges de Barcelona\",\"isPartOf\":{\"@id\":\"https:\\\/\\\/www.sindicaturabarcelona.cat\\\/es\\\/#website\"},\"primaryImageOfPage\":{\"@id\":\"https:\\\/\\\/www.sindicaturabarcelona.cat\\\/es\\\/sindic-barcelona-actuacion-oficio-incremento-precio-lu\\\/#primaryimage\"},\"image\":{\"@id\":\"https:\\\/\\\/www.sindicaturabarcelona.cat\\\/es\\\/sindic-barcelona-actuacion-oficio-incremento-precio-lu\\\/#primaryimage\"},\"thumbnailUrl\":\"https:\\\/\\\/www.sindicaturabarcelona.cat\\\/wp-content\\\/uploads\\\/2021\\\/10\\\/14164_DISE_Energia_20171117_VZ_01-1.jpg\",\"datePublished\":\"2021-10-19T09:22:47+00:00\",\"dateModified\":\"2021-10-19T09:22:48+00:00\",\"description\":\"Bondia ha anunciado la apertura de una actuaci\u00f3n de oficio para identificar el impacto del incremento del precio de la luz en la...\",\"breadcrumb\":{\"@id\":\"https:\\\/\\\/www.sindicaturabarcelona.cat\\\/es\\\/sindic-barcelona-actuacion-oficio-incremento-precio-lu\\\/#breadcrumb\"},\"inLanguage\":\"es\",\"potentialAction\":[{\"@type\":\"ReadAction\",\"target\":[\"https:\\\/\\\/www.sindicaturabarcelona.cat\\\/es\\\/sindic-barcelona-actuacion-oficio-incremento-precio-lu\\\/\"]}]},{\"@type\":\"ImageObject\",\"inLanguage\":\"es\",\"@id\":\"https:\\\/\\\/www.sindicaturabarcelona.cat\\\/es\\\/sindic-barcelona-actuacion-oficio-incremento-precio-lu\\\/#primaryimage\",\"url\":\"https:\\\/\\\/www.sindicaturabarcelona.cat\\\/wp-content\\\/uploads\\\/2021\\\/10\\\/14164_DISE_Energia_20171117_VZ_01-1.jpg\",\"contentUrl\":\"https:\\\/\\\/www.sindicaturabarcelona.cat\\\/wp-content\\\/uploads\\\/2021\\\/10\\\/14164_DISE_Energia_20171117_VZ_01-1.jpg\",\"width\":1024,\"height\":768,\"caption\":\"Incremento precio luz\"},{\"@type\":\"BreadcrumbList\",\"@id\":\"https:\\\/\\\/www.sindicaturabarcelona.cat\\\/es\\\/sindic-barcelona-actuacion-oficio-incremento-precio-lu\\\/#breadcrumb\",\"itemListElement\":[{\"@type\":\"ListItem\",\"position\":1,\"name\":\"Inici\",\"item\":\"https:\\\/\\\/www.sindicaturabarcelona.cat\\\/es\\\/\"},{\"@type\":\"ListItem\",\"position\":2,\"name\":\"El s\u00edndic de Barcelona abre una actuaci\u00f3n de oficio para evaluar el impacto del incremento del precio de la luz\"}]},{\"@type\":\"WebSite\",\"@id\":\"https:\\\/\\\/www.sindicaturabarcelona.cat\\\/es\\\/#website\",\"url\":\"https:\\\/\\\/www.sindicaturabarcelona.cat\\\/es\\\/\",\"name\":\"Sindicatura de Greuges de Barcelona\",\"description\":\"La defensoria dels teus drets\",\"publisher\":{\"@id\":\"https:\\\/\\\/www.sindicaturabarcelona.cat\\\/es\\\/#organization\"},\"potentialAction\":[{\"@type\":\"SearchAction\",\"target\":{\"@type\":\"EntryPoint\",\"urlTemplate\":\"https:\\\/\\\/www.sindicaturabarcelona.cat\\\/es\\\/?s={search_term_string}\"},\"query-input\":{\"@type\":\"PropertyValueSpecification\",\"valueRequired\":true,\"valueName\":\"search_term_string\"}}],\"inLanguage\":\"es\"},{\"@type\":\"Organization\",\"@id\":\"https:\\\/\\\/www.sindicaturabarcelona.cat\\\/es\\\/#organization\",\"name\":\"Sindicatura de Greuges de Barcelona\",\"url\":\"https:\\\/\\\/www.sindicaturabarcelona.cat\\\/es\\\/\",\"logo\":{\"@type\":\"ImageObject\",\"inLanguage\":\"es\",\"@id\":\"https:\\\/\\\/www.sindicaturabarcelona.cat\\\/es\\\/#\\\/schema\\\/logo\\\/image\\\/\",\"url\":\"https:\\\/\\\/www.sindicaturabarcelona.cat\\\/wp-content\\\/uploads\\\/2023\\\/02\\\/logo_sindicatura.svg\",\"contentUrl\":\"https:\\\/\\\/www.sindicaturabarcelona.cat\\\/wp-content\\\/uploads\\\/2023\\\/02\\\/logo_sindicatura.svg\",\"caption\":\"Sindicatura de Greuges de Barcelona\"},\"image\":{\"@id\":\"https:\\\/\\\/www.sindicaturabarcelona.cat\\\/es\\\/#\\\/schema\\\/logo\\\/image\\\/\"},\"sameAs\":[\"https:\\\/\\\/x.com\\\/sindicbarcelona\",\"https:\\\/\\\/www.instagram.com\\\/sindicbarcelona\\\/\",\"https:\\\/\\\/www.tiktok.com\\\/@sindicaturabcn\",\"https:\\\/\\\/t.me\\\/sindicaturabarcelona\"]},{\"@type\":\"Person\",\"@id\":\"https:\\\/\\\/www.sindicaturabarcelona.cat\\\/es\\\/#\\\/schema\\\/person\\\/0e5acffc350ffdbc97578159322c9452\",\"name\":\"Pablo\",\"image\":{\"@type\":\"ImageObject\",\"inLanguage\":\"es\",\"@id\":\"https:\\\/\\\/secure.gravatar.com\\\/avatar\\\/c948169b402ef9492afde705c3dfd5e90e1a6a84ef6840a91124f805a25a480f?s=96&d=mm&r=g\",\"url\":\"https:\\\/\\\/secure.gravatar.com\\\/avatar\\\/c948169b402ef9492afde705c3dfd5e90e1a6a84ef6840a91124f805a25a480f?s=96&d=mm&r=g\",\"contentUrl\":\"https:\\\/\\\/secure.gravatar.com\\\/avatar\\\/c948169b402ef9492afde705c3dfd5e90e1a6a84ef6840a91124f805a25a480f?s=96&d=mm&r=g\",\"caption\":\"Pablo\"},\"url\":\"https:\\\/\\\/www.sindicaturabarcelona.cat\\\/es\\\/author\\\/pablo\\\/\"}]}<\/script>\n<!-- \/ Yoast SEO plugin. -->","yoast_head_json":{"title":"El s\u00edndic de Barcelona abre una actuaci\u00f3n de oficio para evaluar el impacto del incremento del precio de la luz - Sindicatura de Greuges de Barcelona","description":"Bondia ha anunciado la apertura de una actuaci\u00f3n de oficio para identificar el impacto del incremento del precio de la luz en la...","robots":{"index":"index","follow":"follow","max-snippet":"max-snippet:-1","max-image-preview":"max-image-preview:large","max-video-preview":"max-video-preview:-1"},"canonical":"https:\/\/www.sindicaturabarcelona.cat\/es\/sindic-barcelona-actuacion-oficio-incremento-precio-lu\/","og_locale":"es_ES","og_type":"article","og_title":"El s\u00edndic de Barcelona abre una actuaci\u00f3n de oficio para evaluar el impacto del incremento del precio de la luz - Sindicatura de Greuges de Barcelona","og_description":"Bondia ha anunciado la apertura de una actuaci\u00f3n de oficio para identificar el impacto del incremento del precio de la luz en la...","og_url":"https:\/\/www.sindicaturabarcelona.cat\/es\/sindic-barcelona-actuacion-oficio-incremento-precio-lu\/","og_site_name":"Sindicatura de Greuges de Barcelona","article_published_time":"2021-10-19T09:22:47+00:00","article_modified_time":"2021-10-19T09:22:48+00:00","og_image":[{"width":1024,"height":768,"url":"https:\/\/www.sindicaturabarcelona.cat\/wp-content\/uploads\/2021\/10\/14164_DISE_Energia_20171117_VZ_01-1.jpg","type":"image\/jpeg"}],"author":"Pablo","twitter_card":"summary_large_image","twitter_creator":"@sindicbarcelona","twitter_site":"@sindicbarcelona","twitter_misc":{"Escrito por":"Pablo","Tiempo de lectura":"2 minutos"},"schema":{"@context":"https:\/\/schema.org","@graph":[{"@type":"Article","@id":"https:\/\/www.sindicaturabarcelona.cat\/es\/sindic-barcelona-actuacion-oficio-incremento-precio-lu\/#article","isPartOf":{"@id":"https:\/\/www.sindicaturabarcelona.cat\/es\/sindic-barcelona-actuacion-oficio-incremento-precio-lu\/"},"author":{"name":"Pablo","@id":"https:\/\/www.sindicaturabarcelona.cat\/es\/#\/schema\/person\/0e5acffc350ffdbc97578159322c9452"},"headline":"El s\u00edndic de Barcelona abre una actuaci\u00f3n de oficio para evaluar el impacto del incremento del precio de la luz","datePublished":"2021-10-19T09:22:47+00:00","dateModified":"2021-10-19T09:22:48+00:00","mainEntityOfPage":{"@id":"https:\/\/www.sindicaturabarcelona.cat\/es\/sindic-barcelona-actuacion-oficio-incremento-precio-lu\/"},"wordCount":439,"publisher":{"@id":"https:\/\/www.sindicaturabarcelona.cat\/es\/#organization"},"image":{"@id":"https:\/\/www.sindicaturabarcelona.cat\/es\/sindic-barcelona-actuacion-oficio-incremento-precio-lu\/#primaryimage"},"thumbnailUrl":"https:\/\/www.sindicaturabarcelona.cat\/wp-content\/uploads\/2021\/10\/14164_DISE_Energia_20171117_VZ_01-1.jpg","articleSection":["Buen gobierno","Medio ambiente y salud p\u00fablica"],"inLanguage":"es"},{"@type":"WebPage","@id":"https:\/\/www.sindicaturabarcelona.cat\/es\/sindic-barcelona-actuacion-oficio-incremento-precio-lu\/","url":"https:\/\/www.sindicaturabarcelona.cat\/es\/sindic-barcelona-actuacion-oficio-incremento-precio-lu\/","name":"El s\u00edndic de Barcelona abre una actuaci\u00f3n de oficio para evaluar el impacto del incremento del precio de la luz - Sindicatura de Greuges de Barcelona","isPartOf":{"@id":"https:\/\/www.sindicaturabarcelona.cat\/es\/#website"},"primaryImageOfPage":{"@id":"https:\/\/www.sindicaturabarcelona.cat\/es\/sindic-barcelona-actuacion-oficio-incremento-precio-lu\/#primaryimage"},"image":{"@id":"https:\/\/www.sindicaturabarcelona.cat\/es\/sindic-barcelona-actuacion-oficio-incremento-precio-lu\/#primaryimage"},"thumbnailUrl":"https:\/\/www.sindicaturabarcelona.cat\/wp-content\/uploads\/2021\/10\/14164_DISE_Energia_20171117_VZ_01-1.jpg","datePublished":"2021-10-19T09:22:47+00:00","dateModified":"2021-10-19T09:22:48+00:00","description":"Bondia ha anunciado la apertura de una actuaci\u00f3n de oficio para identificar el impacto del incremento del precio de la luz en la...","breadcrumb":{"@id":"https:\/\/www.sindicaturabarcelona.cat\/es\/sindic-barcelona-actuacion-oficio-incremento-precio-lu\/#breadcrumb"},"inLanguage":"es","potentialAction":[{"@type":"ReadAction","target":["https:\/\/www.sindicaturabarcelona.cat\/es\/sindic-barcelona-actuacion-oficio-incremento-precio-lu\/"]}]},{"@type":"ImageObject","inLanguage":"es","@id":"https:\/\/www.sindicaturabarcelona.cat\/es\/sindic-barcelona-actuacion-oficio-incremento-precio-lu\/#primaryimage","url":"https:\/\/www.sindicaturabarcelona.cat\/wp-content\/uploads\/2021\/10\/14164_DISE_Energia_20171117_VZ_01-1.jpg","contentUrl":"https:\/\/www.sindicaturabarcelona.cat\/wp-content\/uploads\/2021\/10\/14164_DISE_Energia_20171117_VZ_01-1.jpg","width":1024,"height":768,"caption":"Incremento precio luz"},{"@type":"BreadcrumbList","@id":"https:\/\/www.sindicaturabarcelona.cat\/es\/sindic-barcelona-actuacion-oficio-incremento-precio-lu\/#breadcrumb","itemListElement":[{"@type":"ListItem","position":1,"name":"Inici","item":"https:\/\/www.sindicaturabarcelona.cat\/es\/"},{"@type":"ListItem","position":2,"name":"El s\u00edndic de Barcelona abre una actuaci\u00f3n de oficio para evaluar el impacto del incremento del precio de la luz"}]},{"@type":"WebSite","@id":"https:\/\/www.sindicaturabarcelona.cat\/es\/#website","url":"https:\/\/www.sindicaturabarcelona.cat\/es\/","name":"Sindicatura de Greuges de Barcelona","description":"La defensoria dels teus drets","publisher":{"@id":"https:\/\/www.sindicaturabarcelona.cat\/es\/#organization"},"potentialAction":[{"@type":"SearchAction","target":{"@type":"EntryPoint","urlTemplate":"https:\/\/www.sindicaturabarcelona.cat\/es\/?s={search_term_string}"},"query-input":{"@type":"PropertyValueSpecification","valueRequired":true,"valueName":"search_term_string"}}],"inLanguage":"es"},{"@type":"Organization","@id":"https:\/\/www.sindicaturabarcelona.cat\/es\/#organization","name":"Sindicatura de Greuges de Barcelona","url":"https:\/\/www.sindicaturabarcelona.cat\/es\/","logo":{"@type":"ImageObject","inLanguage":"es","@id":"https:\/\/www.sindicaturabarcelona.cat\/es\/#\/schema\/logo\/image\/","url":"https:\/\/www.sindicaturabarcelona.cat\/wp-content\/uploads\/2023\/02\/logo_sindicatura.svg","contentUrl":"https:\/\/www.sindicaturabarcelona.cat\/wp-content\/uploads\/2023\/02\/logo_sindicatura.svg","caption":"Sindicatura de Greuges de Barcelona"},"image":{"@id":"https:\/\/www.sindicaturabarcelona.cat\/es\/#\/schema\/logo\/image\/"},"sameAs":["https:\/\/x.com\/sindicbarcelona","https:\/\/www.instagram.com\/sindicbarcelona\/","https:\/\/www.tiktok.com\/@sindicaturabcn","https:\/\/t.me\/sindicaturabarcelona"]},{"@type":"Person","@id":"https:\/\/www.sindicaturabarcelona.cat\/es\/#\/schema\/person\/0e5acffc350ffdbc97578159322c9452","name":"Pablo","image":{"@type":"ImageObject","inLanguage":"es","@id":"https:\/\/secure.gravatar.com\/avatar\/c948169b402ef9492afde705c3dfd5e90e1a6a84ef6840a91124f805a25a480f?s=96&d=mm&r=g","url":"https:\/\/secure.gravatar.com\/avatar\/c948169b402ef9492afde705c3dfd5e90e1a6a84ef6840a91124f805a25a480f?s=96&d=mm&r=g","contentUrl":"https:\/\/secure.gravatar.com\/avatar\/c948169b402ef9492afde705c3dfd5e90e1a6a84ef6840a91124f805a25a480f?s=96&d=mm&r=g","caption":"Pablo"},"url":"https:\/\/www.sindicaturabarcelona.cat\/es\/author\/pablo\/"}]}},"_links":{"self":[{"href":"https:\/\/www.sindicaturabarcelona.cat\/es\/wp-json\/wp\/v2\/posts\/13059","targetHints":{"allow":["GET"]}}],"collection":[{"href":"https:\/\/www.sindicaturabarcelona.cat\/es\/wp-json\/wp\/v2\/posts"}],"about":[{"href":"https:\/\/www.sindicaturabarcelona.cat\/es\/wp-json\/wp\/v2\/types\/post"}],"author":[{"embeddable":true,"href":"https:\/\/www.sindicaturabarcelona.cat\/es\/wp-json\/wp\/v2\/users\/2"}],"replies":[{"embeddable":true,"href":"https:\/\/www.sindicaturabarcelona.cat\/es\/wp-json\/wp\/v2\/comments?post=13059"}],"version-history":[{"count":0,"href":"https:\/\/www.sindicaturabarcelona.cat\/es\/wp-json\/wp\/v2\/posts\/13059\/revisions"}],"wp:featuredmedia":[{"embeddable":true,"href":"https:\/\/www.sindicaturabarcelona.cat\/es\/wp-json\/wp\/v2\/media\/13060"}],"wp:attachment":[{"href":"https:\/\/www.sindicaturabarcelona.cat\/es\/wp-json\/wp\/v2\/media?parent=13059"}],"wp:term":[{"taxonomy":"post_tag","embeddable":true,"href":"https:\/\/www.sindicaturabarcelona.cat\/es\/wp-json\/wp\/v2\/tags?post=13059"},{"taxonomy":"drets","embeddable":true,"href":"https:\/\/www.sindicaturabarcelona.cat\/es\/wp-json\/wp\/v2\/drets?post=13059"}],"curies":[{"name":"wp","href":"https:\/\/api.w.org\/{rel}","templated":true}]}}