{"id":12908,"date":"2021-10-05T18:00:00","date_gmt":"2021-10-05T16:00:00","guid":{"rendered":"https:\/\/www.sindicabarcelona.cat\/?p=12908"},"modified":"2021-10-04T17:55:05","modified_gmt":"2021-10-04T15:55:05","slug":"carta-de-despedida-sindica-vila","status":"publish","type":"post","link":"https:\/\/www.sindicaturabarcelona.cat\/es\/carta-de-despedida-sindica-vila\/","title":{"rendered":"Carta de despedida de la s\u00edndica Vil\u00e0"},"content":{"rendered":"\n<p class=\"has-text-align-justify\">Hoy me despido de la responsabilidad de s\u00edndica con la que he cumplido durante los \u00faltimos once a\u00f1os de mi trayectoria profesional. Despu\u00e9s de dos mandatos como s\u00edndica de greuges defendiendo los derechos fundamentales y las libertades p\u00fablicas de la ciudadan\u00eda barcelonesa, es el momento de dar paso a una nueva persona, tal como establece el reglamento de la Sindicatura.<\/p>\n\n\n\n<p class=\"has-text-align-justify\">Es dif\u00edcil decir adi\u00f3s cuando tu trabajo es tu pasi\u00f3n y tu motor de vida. Ayudar a las personas que, de una manera u otra, forman parte del d\u00eda a d\u00eda de nuestra ciudad es una de las sensaciones m\u00e1s gratificantes que he vivido nunca. He sido una afortunada por poder presenciar la evoluci\u00f3n de la ciudad desde una posici\u00f3n que me ha permitido participar de manera directa. Sin ning\u00fan tipo de duda, para m\u00ed esta etapa ha supuesto un sue\u00f1o hecho realidad.<\/p>\n\n\n\n<p class=\"has-text-align-justify\">Cuando acced\u00ed en mayo de 2010 a este cargo, me encontr\u00e9 ante un reto muy ilusionante y que a su vez exig\u00eda una gran responsabilidad. De aquellas que pueden llegar a impresionar y generar dudas sobre la capacidad de una misma para llevarla a cabo. Soy una mujer, como otras muchas, que he trabajado toda la vida. Esta realidad me ha forjado un criterio, un punto de vista, un sentido que se corresponde probablemente con el de los vecinos y las vecinas de Barcelona. Este criterio ha madurado con el aprecio a las personas, la vida y la ciudad donde vivo, siempre con un compromiso de mejorar este mundo en las peque\u00f1as cosas que han estado a mi alcance. Ser la defensora de la ciudadan\u00eda barcelonesa no pod\u00eda ser una tarea f\u00e1cil, pero mi convencimiento de hacerlo bien y hacer crecer la instituci\u00f3n era superior a las posibles dudas y temores relacionados con la presi\u00f3n. No soy yo quien tengo que poner nota a mis dos mandatos, pero s\u00ed que puedo afirmar que he centrado todos mis esfuerzos a procurar mejorar la Administraci\u00f3n mediante nuestras intervenciones.<\/p>\n\n\n\n<p class=\"has-text-align-justify\">Siempre he querido estar presente en las calles de los barrios barceloneses, de la mano de su vecindario y sus entidades. Primero en la lucha contra el c\u00e1ncer, despu\u00e9s en las entidades del Tercer Sector, y estos \u00faltimos a\u00f1os en la Sindicatura de Greuges de Barcelona. Por eso he considerado que la tarea de una s\u00edndica es la inmersi\u00f3n en los problemas que surgen a la ciudadan\u00eda, con el objetivo de aportar soluciones a todas las personas y entidades con quienes hemos tratado los agravios y buscado las formas en que la Administraci\u00f3n puede arreglarlos. Haberme encerrado en un despacho a esperar quejas, o no dedicar toda mi atenci\u00f3n y trabajo y tiempo, hubiera sido fallar al compromiso alcanzado con las entidades que me propusieron, con la confianza que tambi\u00e9n representaba la elecci\u00f3n un\u00e1nime por parte del consistorio.<\/p>\n\n\n\n<p class=\"has-text-align-justify\">Cuando aceptas la responsabilidad de ser s\u00edndica de Barcelona sabes qu\u00e9 papel te toca jugar: el de la supervisi\u00f3n de la actividad municipal y de la buena administraci\u00f3n, teniendo en cuenta las leyes, la \u00e9tica y la equidad, y a su vez una gran estima a la ciudad. Esta situaci\u00f3n puede generar una sensaci\u00f3n negativa de fiscalizaci\u00f3n del trabajo, tanto en altos cargos como en los t\u00e9cnicos del Ayuntamiento con quien he tratado d\u00eda tras d\u00eda. Sin embargo, creo que todo el mundo ha tenido claro que el \u00fanico objetivo de nuestra instituci\u00f3n es el de mejorar los servicios municipales y que la ciudadan\u00eda pueda disfrutar de sus derechos con una mejor administraci\u00f3n.<\/p>\n\n\n\n<p class=\"has-text-align-justify\">Para m\u00ed han sido once a\u00f1os al frente de la Sindicatura de Greuges de Barcelona, con tres gobiernos diferentes. Siempre, y quiero remarcar este siempre, hemos demostrado que somos una instituci\u00f3n independiente y objetiva que atiende a toda persona, colectivo o entidad jur\u00eddica que se sienta agraviada por el <a href=\"https:\/\/ajuntament.barcelona.cat\/es\/\" target=\"_blank\" aria-label=\"Ayuntamiento (opens in a new tab)\" rel=\"noreferrer noopener\" class=\"ek-link\">Ayuntamiento<\/a>. Nunca me he fijado en el color del grupo pol\u00edtico municipal que ha estado al frente del consistorio, puesto que lo \u00fanico importante para m\u00ed ha sido la lucha por la defensa de los derechos fundamentales de la ciudadan\u00eda.<\/p>\n\n\n\n<p class=\"has-text-align-justify\">Estoy muy satisfecha porque la <a href=\"https:\/\/www.sindicaturabarcelona.cat\/\" target=\"_blank\" aria-label=\"Sindicatura de Greuges de Barcelona  (opens in a new tab)\" rel=\"noreferrer noopener\" class=\"ek-link\">Sindicatura de Greuges de Barcelona <\/a>avanza y se consolida desde su creaci\u00f3n en 2005. Hemos podido ejecutar nuestra tarea gracias al trabajo serio y comprometido de un equipo de profesionales del cual me enorgullezco, tanto de haber aprendido, y mucho, de su profesionalidad, como del placer de haberlo liderado. La direcci\u00f3n de la Sindicatura ahora estar\u00e1 en manos de David Bondia, a quien le deseo todos los \u00e9xitos, porque su suerte ser\u00e1 la de toda la ciudad. David ya sabe, como as\u00ed ya le he transmitido, que estoy y estar\u00e9 a su disposici\u00f3n para lo que haga falta, igual que yo he contado siempre que lo he necesitado con Pilar Malla, la primera s\u00edndica de la ciudad.<\/p>\n\n\n\n<p class=\"has-text-align-justify\">Ciudadan\u00eda; toda persona residente, reci\u00e9n llegada o pasajera; entidades vecinales y sectoriales; regidoras; trabajadoras municipales; sindicaturas otras localidades; periodistas; compa\u00f1eras, gracias. Muchas gracias. Solo puedo agradeceros que hayamos sido compa\u00f1eras de viaje durante m\u00e1s de una d\u00e9cada. Por la profesionalidad con la que hemos tratado todos los asuntos; por el respeto que siempre ha imperado en nuestras discusiones o desavenencias, y en definitiva, por remar todas en la misma direcci\u00f3n: hacer de Barcelona una ciudad m\u00e1s justa y equitativa, respetuosa con los derechos y libertades de la ciudadan\u00eda. Tambi\u00e9n quiero agradecer muy especialmente a mi familia por todo el apoyo que me ha dado durante todo este tiempo. Porque sin su apoyo incondicional esto no habr\u00eda estado posible.<\/p>\n\n\n\n<p class=\"has-text-align-justify\">Quienes me conoc\u00e9is ya sab\u00e9is que no soy persona de estar quieta durante mucho tiempo. Igual que he hecho hasta ahora, como mujer y como barcelonesa, seguir\u00e9 implicada en la lucha social, contribuyendo a construir una sociedad m\u00e1s justa y sin discriminaciones.<\/p>\n\n\n\n<p>\u00a1Nos vemos en las calles de nuestra querida ciudad!<\/p>\n\n\n\n<p class=\"has-text-align-justify\"><strong>Maria Assumpci\u00f3 Vil\u00e0 i Planas, s\u00edndica de greuges de Barcelona (2010-2021).<\/strong><\/p>\n","protected":false},"excerpt":{"rendered":"<p>Hoy me despido de la responsabilidad de s\u00edndica con la que he cumplido durante los \u00faltimos once a\u00f1os de mi trayectoria profesional. Despu\u00e9s de dos mandatos como s\u00edndica de greuges [&hellip;]<\/p>\n","protected":false},"author":2,"featured_media":12910,"comment_status":"closed","ping_status":"open","sticky":false,"template":"","format":"standard","meta":{"_acf_changed":false,"footnotes":""},"tags":[],"drets":[],"class_list":["post-12908","post","type-post","status-publish","format-standard","has-post-thumbnail","hentry"],"acf":[],"yoast_head":"<!-- This site is optimized with the Yoast SEO plugin v27.5 - https:\/\/yoast.com\/product\/yoast-seo-wordpress\/ -->\n<title>Carta de despedida de la s\u00edndica Vil\u00e0 - Sindicatura de Greuges de Barcelona<\/title>\n<meta name=\"description\" content=\"Hoy me despido de la responsabilidad de s\u00edndica con la que he cumplido durante los \u00faltimos once a\u00f1os de mi trayectoria profesional.\" \/>\n<meta name=\"robots\" content=\"index, follow, max-snippet:-1, max-image-preview:large, max-video-preview:-1\" \/>\n<link rel=\"canonical\" href=\"https:\/\/www.sindicaturabarcelona.cat\/es\/carta-de-despedida-sindica-vila\/\" \/>\n<meta property=\"og:locale\" content=\"es_ES\" \/>\n<meta property=\"og:type\" content=\"article\" \/>\n<meta property=\"og:title\" content=\"Carta de despedida de la s\u00edndica Vil\u00e0 - Sindicatura de Greuges de Barcelona\" \/>\n<meta property=\"og:description\" content=\"Hoy me despido de la responsabilidad de s\u00edndica con la que he cumplido durante los \u00faltimos once a\u00f1os de mi trayectoria profesional.\" \/>\n<meta property=\"og:url\" content=\"https:\/\/www.sindicaturabarcelona.cat\/es\/carta-de-despedida-sindica-vila\/\" \/>\n<meta property=\"og:site_name\" content=\"Sindicatura de Greuges de Barcelona\" \/>\n<meta property=\"article:published_time\" content=\"2021-10-05T16:00:00+00:00\" \/>\n<meta property=\"og:image\" content=\"https:\/\/www.sindicaturabarcelona.cat\/wp-content\/uploads\/2021\/10\/D_mEIRUXUAEJ9jf-1.jpeg\" \/>\n\t<meta property=\"og:image:width\" content=\"1500\" \/>\n\t<meta property=\"og:image:height\" content=\"1000\" \/>\n\t<meta property=\"og:image:type\" content=\"image\/jpeg\" \/>\n<meta name=\"author\" content=\"Pablo\" \/>\n<meta name=\"twitter:card\" content=\"summary_large_image\" \/>\n<meta name=\"twitter:creator\" content=\"@sindicbarcelona\" \/>\n<meta name=\"twitter:site\" content=\"@sindicbarcelona\" \/>\n<meta name=\"twitter:label1\" content=\"Escrito por\" \/>\n\t<meta name=\"twitter:data1\" content=\"Pablo\" \/>\n\t<meta name=\"twitter:label2\" content=\"Tiempo de lectura\" \/>\n\t<meta name=\"twitter:data2\" content=\"5 minutos\" \/>\n<script type=\"application\/ld+json\" class=\"yoast-schema-graph\">{\"@context\":\"https:\\\/\\\/schema.org\",\"@graph\":[{\"@type\":\"Article\",\"@id\":\"https:\\\/\\\/www.sindicaturabarcelona.cat\\\/es\\\/carta-de-despedida-sindica-vila\\\/#article\",\"isPartOf\":{\"@id\":\"https:\\\/\\\/www.sindicaturabarcelona.cat\\\/es\\\/carta-de-despedida-sindica-vila\\\/\"},\"author\":{\"name\":\"Pablo\",\"@id\":\"https:\\\/\\\/www.sindicaturabarcelona.cat\\\/es\\\/#\\\/schema\\\/person\\\/0e5acffc350ffdbc97578159322c9452\"},\"headline\":\"Carta de despedida de la s\u00edndica Vil\u00e0\",\"datePublished\":\"2021-10-05T16:00:00+00:00\",\"mainEntityOfPage\":{\"@id\":\"https:\\\/\\\/www.sindicaturabarcelona.cat\\\/es\\\/carta-de-despedida-sindica-vila\\\/\"},\"wordCount\":1048,\"publisher\":{\"@id\":\"https:\\\/\\\/www.sindicaturabarcelona.cat\\\/es\\\/#organization\"},\"image\":{\"@id\":\"https:\\\/\\\/www.sindicaturabarcelona.cat\\\/es\\\/carta-de-despedida-sindica-vila\\\/#primaryimage\"},\"thumbnailUrl\":\"https:\\\/\\\/www.sindicaturabarcelona.cat\\\/wp-content\\\/uploads\\\/2021\\\/10\\\/D_mEIRUXUAEJ9jf-1.jpeg\",\"inLanguage\":\"es\"},{\"@type\":\"WebPage\",\"@id\":\"https:\\\/\\\/www.sindicaturabarcelona.cat\\\/es\\\/carta-de-despedida-sindica-vila\\\/\",\"url\":\"https:\\\/\\\/www.sindicaturabarcelona.cat\\\/es\\\/carta-de-despedida-sindica-vila\\\/\",\"name\":\"Carta de despedida de la s\u00edndica Vil\u00e0 - Sindicatura de Greuges de Barcelona\",\"isPartOf\":{\"@id\":\"https:\\\/\\\/www.sindicaturabarcelona.cat\\\/es\\\/#website\"},\"primaryImageOfPage\":{\"@id\":\"https:\\\/\\\/www.sindicaturabarcelona.cat\\\/es\\\/carta-de-despedida-sindica-vila\\\/#primaryimage\"},\"image\":{\"@id\":\"https:\\\/\\\/www.sindicaturabarcelona.cat\\\/es\\\/carta-de-despedida-sindica-vila\\\/#primaryimage\"},\"thumbnailUrl\":\"https:\\\/\\\/www.sindicaturabarcelona.cat\\\/wp-content\\\/uploads\\\/2021\\\/10\\\/D_mEIRUXUAEJ9jf-1.jpeg\",\"datePublished\":\"2021-10-05T16:00:00+00:00\",\"description\":\"Hoy me despido de la responsabilidad de s\u00edndica con la que he cumplido durante los \u00faltimos once a\u00f1os de mi trayectoria profesional.\",\"breadcrumb\":{\"@id\":\"https:\\\/\\\/www.sindicaturabarcelona.cat\\\/es\\\/carta-de-despedida-sindica-vila\\\/#breadcrumb\"},\"inLanguage\":\"es\",\"potentialAction\":[{\"@type\":\"ReadAction\",\"target\":[\"https:\\\/\\\/www.sindicaturabarcelona.cat\\\/es\\\/carta-de-despedida-sindica-vila\\\/\"]}]},{\"@type\":\"ImageObject\",\"inLanguage\":\"es\",\"@id\":\"https:\\\/\\\/www.sindicaturabarcelona.cat\\\/es\\\/carta-de-despedida-sindica-vila\\\/#primaryimage\",\"url\":\"https:\\\/\\\/www.sindicaturabarcelona.cat\\\/wp-content\\\/uploads\\\/2021\\\/10\\\/D_mEIRUXUAEJ9jf-1.jpeg\",\"contentUrl\":\"https:\\\/\\\/www.sindicaturabarcelona.cat\\\/wp-content\\\/uploads\\\/2021\\\/10\\\/D_mEIRUXUAEJ9jf-1.jpeg\",\"width\":1500,\"height\":1000,\"caption\":\"despedida sindica vila\"},{\"@type\":\"BreadcrumbList\",\"@id\":\"https:\\\/\\\/www.sindicaturabarcelona.cat\\\/es\\\/carta-de-despedida-sindica-vila\\\/#breadcrumb\",\"itemListElement\":[{\"@type\":\"ListItem\",\"position\":1,\"name\":\"Inici\",\"item\":\"https:\\\/\\\/www.sindicaturabarcelona.cat\\\/es\\\/\"},{\"@type\":\"ListItem\",\"position\":2,\"name\":\"Carta de despedida de la s\u00edndica Vil\u00e0\"}]},{\"@type\":\"WebSite\",\"@id\":\"https:\\\/\\\/www.sindicaturabarcelona.cat\\\/es\\\/#website\",\"url\":\"https:\\\/\\\/www.sindicaturabarcelona.cat\\\/es\\\/\",\"name\":\"Sindicatura de Greuges de Barcelona\",\"description\":\"La defensoria dels teus drets\",\"publisher\":{\"@id\":\"https:\\\/\\\/www.sindicaturabarcelona.cat\\\/es\\\/#organization\"},\"potentialAction\":[{\"@type\":\"SearchAction\",\"target\":{\"@type\":\"EntryPoint\",\"urlTemplate\":\"https:\\\/\\\/www.sindicaturabarcelona.cat\\\/es\\\/?s={search_term_string}\"},\"query-input\":{\"@type\":\"PropertyValueSpecification\",\"valueRequired\":true,\"valueName\":\"search_term_string\"}}],\"inLanguage\":\"es\"},{\"@type\":\"Organization\",\"@id\":\"https:\\\/\\\/www.sindicaturabarcelona.cat\\\/es\\\/#organization\",\"name\":\"Sindicatura de Greuges de Barcelona\",\"url\":\"https:\\\/\\\/www.sindicaturabarcelona.cat\\\/es\\\/\",\"logo\":{\"@type\":\"ImageObject\",\"inLanguage\":\"es\",\"@id\":\"https:\\\/\\\/www.sindicaturabarcelona.cat\\\/es\\\/#\\\/schema\\\/logo\\\/image\\\/\",\"url\":\"https:\\\/\\\/www.sindicaturabarcelona.cat\\\/wp-content\\\/uploads\\\/2023\\\/02\\\/logo_sindicatura.svg\",\"contentUrl\":\"https:\\\/\\\/www.sindicaturabarcelona.cat\\\/wp-content\\\/uploads\\\/2023\\\/02\\\/logo_sindicatura.svg\",\"caption\":\"Sindicatura de Greuges de Barcelona\"},\"image\":{\"@id\":\"https:\\\/\\\/www.sindicaturabarcelona.cat\\\/es\\\/#\\\/schema\\\/logo\\\/image\\\/\"},\"sameAs\":[\"https:\\\/\\\/x.com\\\/sindicbarcelona\",\"https:\\\/\\\/www.instagram.com\\\/sindicbarcelona\\\/\",\"https:\\\/\\\/www.tiktok.com\\\/@sindicaturabcn\",\"https:\\\/\\\/t.me\\\/sindicaturabarcelona\"]},{\"@type\":\"Person\",\"@id\":\"https:\\\/\\\/www.sindicaturabarcelona.cat\\\/es\\\/#\\\/schema\\\/person\\\/0e5acffc350ffdbc97578159322c9452\",\"name\":\"Pablo\",\"image\":{\"@type\":\"ImageObject\",\"inLanguage\":\"es\",\"@id\":\"https:\\\/\\\/secure.gravatar.com\\\/avatar\\\/c948169b402ef9492afde705c3dfd5e90e1a6a84ef6840a91124f805a25a480f?s=96&d=mm&r=g\",\"url\":\"https:\\\/\\\/secure.gravatar.com\\\/avatar\\\/c948169b402ef9492afde705c3dfd5e90e1a6a84ef6840a91124f805a25a480f?s=96&d=mm&r=g\",\"contentUrl\":\"https:\\\/\\\/secure.gravatar.com\\\/avatar\\\/c948169b402ef9492afde705c3dfd5e90e1a6a84ef6840a91124f805a25a480f?s=96&d=mm&r=g\",\"caption\":\"Pablo\"},\"url\":\"https:\\\/\\\/www.sindicaturabarcelona.cat\\\/es\\\/author\\\/pablo\\\/\"}]}<\/script>\n<!-- \/ Yoast SEO plugin. -->","yoast_head_json":{"title":"Carta de despedida de la s\u00edndica Vil\u00e0 - Sindicatura de Greuges de Barcelona","description":"Hoy me despido de la responsabilidad de s\u00edndica con la que he cumplido durante los \u00faltimos once a\u00f1os de mi trayectoria profesional.","robots":{"index":"index","follow":"follow","max-snippet":"max-snippet:-1","max-image-preview":"max-image-preview:large","max-video-preview":"max-video-preview:-1"},"canonical":"https:\/\/www.sindicaturabarcelona.cat\/es\/carta-de-despedida-sindica-vila\/","og_locale":"es_ES","og_type":"article","og_title":"Carta de despedida de la s\u00edndica Vil\u00e0 - Sindicatura de Greuges de Barcelona","og_description":"Hoy me despido de la responsabilidad de s\u00edndica con la que he cumplido durante los \u00faltimos once a\u00f1os de mi trayectoria profesional.","og_url":"https:\/\/www.sindicaturabarcelona.cat\/es\/carta-de-despedida-sindica-vila\/","og_site_name":"Sindicatura de Greuges de Barcelona","article_published_time":"2021-10-05T16:00:00+00:00","og_image":[{"width":1500,"height":1000,"url":"https:\/\/www.sindicaturabarcelona.cat\/wp-content\/uploads\/2021\/10\/D_mEIRUXUAEJ9jf-1.jpeg","type":"image\/jpeg"}],"author":"Pablo","twitter_card":"summary_large_image","twitter_creator":"@sindicbarcelona","twitter_site":"@sindicbarcelona","twitter_misc":{"Escrito por":"Pablo","Tiempo de lectura":"5 minutos"},"schema":{"@context":"https:\/\/schema.org","@graph":[{"@type":"Article","@id":"https:\/\/www.sindicaturabarcelona.cat\/es\/carta-de-despedida-sindica-vila\/#article","isPartOf":{"@id":"https:\/\/www.sindicaturabarcelona.cat\/es\/carta-de-despedida-sindica-vila\/"},"author":{"name":"Pablo","@id":"https:\/\/www.sindicaturabarcelona.cat\/es\/#\/schema\/person\/0e5acffc350ffdbc97578159322c9452"},"headline":"Carta de despedida de la s\u00edndica Vil\u00e0","datePublished":"2021-10-05T16:00:00+00:00","mainEntityOfPage":{"@id":"https:\/\/www.sindicaturabarcelona.cat\/es\/carta-de-despedida-sindica-vila\/"},"wordCount":1048,"publisher":{"@id":"https:\/\/www.sindicaturabarcelona.cat\/es\/#organization"},"image":{"@id":"https:\/\/www.sindicaturabarcelona.cat\/es\/carta-de-despedida-sindica-vila\/#primaryimage"},"thumbnailUrl":"https:\/\/www.sindicaturabarcelona.cat\/wp-content\/uploads\/2021\/10\/D_mEIRUXUAEJ9jf-1.jpeg","inLanguage":"es"},{"@type":"WebPage","@id":"https:\/\/www.sindicaturabarcelona.cat\/es\/carta-de-despedida-sindica-vila\/","url":"https:\/\/www.sindicaturabarcelona.cat\/es\/carta-de-despedida-sindica-vila\/","name":"Carta de despedida de la s\u00edndica Vil\u00e0 - Sindicatura de Greuges de Barcelona","isPartOf":{"@id":"https:\/\/www.sindicaturabarcelona.cat\/es\/#website"},"primaryImageOfPage":{"@id":"https:\/\/www.sindicaturabarcelona.cat\/es\/carta-de-despedida-sindica-vila\/#primaryimage"},"image":{"@id":"https:\/\/www.sindicaturabarcelona.cat\/es\/carta-de-despedida-sindica-vila\/#primaryimage"},"thumbnailUrl":"https:\/\/www.sindicaturabarcelona.cat\/wp-content\/uploads\/2021\/10\/D_mEIRUXUAEJ9jf-1.jpeg","datePublished":"2021-10-05T16:00:00+00:00","description":"Hoy me despido de la responsabilidad de s\u00edndica con la que he cumplido durante los \u00faltimos once a\u00f1os de mi trayectoria profesional.","breadcrumb":{"@id":"https:\/\/www.sindicaturabarcelona.cat\/es\/carta-de-despedida-sindica-vila\/#breadcrumb"},"inLanguage":"es","potentialAction":[{"@type":"ReadAction","target":["https:\/\/www.sindicaturabarcelona.cat\/es\/carta-de-despedida-sindica-vila\/"]}]},{"@type":"ImageObject","inLanguage":"es","@id":"https:\/\/www.sindicaturabarcelona.cat\/es\/carta-de-despedida-sindica-vila\/#primaryimage","url":"https:\/\/www.sindicaturabarcelona.cat\/wp-content\/uploads\/2021\/10\/D_mEIRUXUAEJ9jf-1.jpeg","contentUrl":"https:\/\/www.sindicaturabarcelona.cat\/wp-content\/uploads\/2021\/10\/D_mEIRUXUAEJ9jf-1.jpeg","width":1500,"height":1000,"caption":"despedida sindica vila"},{"@type":"BreadcrumbList","@id":"https:\/\/www.sindicaturabarcelona.cat\/es\/carta-de-despedida-sindica-vila\/#breadcrumb","itemListElement":[{"@type":"ListItem","position":1,"name":"Inici","item":"https:\/\/www.sindicaturabarcelona.cat\/es\/"},{"@type":"ListItem","position":2,"name":"Carta de despedida de la s\u00edndica Vil\u00e0"}]},{"@type":"WebSite","@id":"https:\/\/www.sindicaturabarcelona.cat\/es\/#website","url":"https:\/\/www.sindicaturabarcelona.cat\/es\/","name":"Sindicatura de Greuges de Barcelona","description":"La defensoria dels teus drets","publisher":{"@id":"https:\/\/www.sindicaturabarcelona.cat\/es\/#organization"},"potentialAction":[{"@type":"SearchAction","target":{"@type":"EntryPoint","urlTemplate":"https:\/\/www.sindicaturabarcelona.cat\/es\/?s={search_term_string}"},"query-input":{"@type":"PropertyValueSpecification","valueRequired":true,"valueName":"search_term_string"}}],"inLanguage":"es"},{"@type":"Organization","@id":"https:\/\/www.sindicaturabarcelona.cat\/es\/#organization","name":"Sindicatura de Greuges de Barcelona","url":"https:\/\/www.sindicaturabarcelona.cat\/es\/","logo":{"@type":"ImageObject","inLanguage":"es","@id":"https:\/\/www.sindicaturabarcelona.cat\/es\/#\/schema\/logo\/image\/","url":"https:\/\/www.sindicaturabarcelona.cat\/wp-content\/uploads\/2023\/02\/logo_sindicatura.svg","contentUrl":"https:\/\/www.sindicaturabarcelona.cat\/wp-content\/uploads\/2023\/02\/logo_sindicatura.svg","caption":"Sindicatura de Greuges de Barcelona"},"image":{"@id":"https:\/\/www.sindicaturabarcelona.cat\/es\/#\/schema\/logo\/image\/"},"sameAs":["https:\/\/x.com\/sindicbarcelona","https:\/\/www.instagram.com\/sindicbarcelona\/","https:\/\/www.tiktok.com\/@sindicaturabcn","https:\/\/t.me\/sindicaturabarcelona"]},{"@type":"Person","@id":"https:\/\/www.sindicaturabarcelona.cat\/es\/#\/schema\/person\/0e5acffc350ffdbc97578159322c9452","name":"Pablo","image":{"@type":"ImageObject","inLanguage":"es","@id":"https:\/\/secure.gravatar.com\/avatar\/c948169b402ef9492afde705c3dfd5e90e1a6a84ef6840a91124f805a25a480f?s=96&d=mm&r=g","url":"https:\/\/secure.gravatar.com\/avatar\/c948169b402ef9492afde705c3dfd5e90e1a6a84ef6840a91124f805a25a480f?s=96&d=mm&r=g","contentUrl":"https:\/\/secure.gravatar.com\/avatar\/c948169b402ef9492afde705c3dfd5e90e1a6a84ef6840a91124f805a25a480f?s=96&d=mm&r=g","caption":"Pablo"},"url":"https:\/\/www.sindicaturabarcelona.cat\/es\/author\/pablo\/"}]}},"_links":{"self":[{"href":"https:\/\/www.sindicaturabarcelona.cat\/es\/wp-json\/wp\/v2\/posts\/12908","targetHints":{"allow":["GET"]}}],"collection":[{"href":"https:\/\/www.sindicaturabarcelona.cat\/es\/wp-json\/wp\/v2\/posts"}],"about":[{"href":"https:\/\/www.sindicaturabarcelona.cat\/es\/wp-json\/wp\/v2\/types\/post"}],"author":[{"embeddable":true,"href":"https:\/\/www.sindicaturabarcelona.cat\/es\/wp-json\/wp\/v2\/users\/2"}],"replies":[{"embeddable":true,"href":"https:\/\/www.sindicaturabarcelona.cat\/es\/wp-json\/wp\/v2\/comments?post=12908"}],"version-history":[{"count":0,"href":"https:\/\/www.sindicaturabarcelona.cat\/es\/wp-json\/wp\/v2\/posts\/12908\/revisions"}],"wp:featuredmedia":[{"embeddable":true,"href":"https:\/\/www.sindicaturabarcelona.cat\/es\/wp-json\/wp\/v2\/media\/12910"}],"wp:attachment":[{"href":"https:\/\/www.sindicaturabarcelona.cat\/es\/wp-json\/wp\/v2\/media?parent=12908"}],"wp:term":[{"taxonomy":"post_tag","embeddable":true,"href":"https:\/\/www.sindicaturabarcelona.cat\/es\/wp-json\/wp\/v2\/tags?post=12908"},{"taxonomy":"drets","embeddable":true,"href":"https:\/\/www.sindicaturabarcelona.cat\/es\/wp-json\/wp\/v2\/drets?post=12908"}],"curies":[{"name":"wp","href":"https:\/\/api.w.org\/{rel}","templated":true}]}}