{"id":12892,"date":"2021-09-29T15:37:54","date_gmt":"2021-09-29T13:37:54","guid":{"rendered":"https:\/\/www.sindicabarcelona.cat\/?p=12892"},"modified":"2025-10-07T10:22:37","modified_gmt":"2025-10-07T08:22:37","slug":"david-bondia-nuevo-sindic-greuges-barcelona","status":"publish","type":"post","link":"https:\/\/www.sindicaturabarcelona.cat\/es\/david-bondia-nuevo-sindic-greuges-barcelona\/","title":{"rendered":"David Bondia, nombrado nuevo s\u00edndic de greuges de Barcelona"},"content":{"rendered":"\n<h3 class=\"wp-block-heading\"><strong>El pleno del Ayuntamiento ha nombrado hoy a David Bondia como nuevo s\u00edndic de greuges de Barcelona. En los pr\u00f3ximos d\u00edas tomar\u00e1 posesi\u00f3n del cargo. <\/strong><\/h3>\n\n\n\n<p class=\"has-text-align-justify\">En el marco del pleno del Ayuntamiento de Barcelona, los grupos pol\u00edticos municipales han nombrado a David Bondia como nuevo s\u00edndic de greuges de Barcelona para el periodo 2021-2026, en sustituci\u00f3n de Maria Assumpci\u00f3 Vil\u00e0, que ha estado al frente de la Sindicatura durante dos mandatos (2010-2015 y 2016-2021), con los votos a favor de Barcelona en Com\u00fa; PSC; ERC, y Junts per Catalunya, y los votos en contra de Ciutadans, PP, Barcelona pel Canvi y la regidora no adscrita.<\/p>\n\n\n\n<h3 class=\"wp-block-heading\"><strong>La trayectoria de David Bondia<\/strong><\/h3>\n\n\n\n<p class=\"has-text-align-justify\"><a href=\"http:\/\/davidbondia.cat\/\" target=\"_blank\" aria-label=\"David Bondia (opens in a new tab)\" rel=\"noreferrer noopener\" class=\"ek-link\">David Bondia<\/a> es presidente del Institut de Drets Humans de Catalunya y Profesor titular de Derecho internacional p\u00fablico y Relaciones internacionales en la Universitat de Barcelona.<\/p>\n\n\n\n<p class=\"has-text-align-justify\">Particip\u00f3 en la redacci\u00f3n y adopci\u00f3n de la Carta Europea de Salvaguardia de Derechos Humanos de la Ciudad y del Pla de Drets Humans de Catalunya. Ha asesorado sindicaturas locales, varios municipios y al Forum de S\u00edndics i S\u00edndiques, Defensors i Defensores Locales.<\/p>\n\n\n\n<p class=\"has-text-align-justify\">Tambi\u00e9n es miembro de la Comisi\u00f3n de Amparo del Reglamento de Participaci\u00f3n Ciudadana y del Consejo Acad\u00e9mico Asesor de la Agenda 2030 del Ayuntamiento de Barcelona.<\/p>\n\n\n\n<h3 class=\"wp-block-heading\"><strong>C\u00f3mo se ha elegido al nuevo s\u00edndic<\/strong><\/h3>\n\n\n\n<p class=\"has-text-align-justify\">Entre los meses de enero y marzo de este a\u00f1o, las diferentes entidades de la ciudad inscritas en el Fitxer d\u2019Entitats municipals presentaron hasta ocho candidaturas diferentes para ocupar el cargo de nuevo s\u00edndic o nueva s\u00edndica de greuges de la ciudad: David Bondia; Ramon Nicolau; Jordi Gir\u00f3, Zaida Mux\u00ed, Isabel Alonso, Ricard de la Rosa, Rosa Ca\u00f1adell y Rafel L\u00f3pez.<\/p>\n\n\n\n<p class=\"has-text-align-justify\">Posteriormente, entre el 19 de abril y el 19 de mayo de 2021, se llev\u00f3 a cabo la fase de apoyo ciudadano a las candidaturas a la <a href=\"https:\/\/www.sindicaturabarcelona.cat\/\" target=\"_blank\" aria-label=\"Sindicatura de Greuges de Barcelona (opens in a new tab)\" rel=\"noreferrer noopener\" class=\"ek-link\">Sindicatura de Greuges de Barcelona<\/a> mediante la plataforma en l\u00ednea Decidim.Barcelona y un sistema de verificaci\u00f3n integrado con el padr\u00f3n municipal, donde pod\u00edan participar todas las personas mayores de 16 a\u00f1os empadronadas en Barcelona. Este proceso de apoyo ciudadano, con car\u00e1cter no vinculante, cont\u00f3 con <strong>la participaci\u00f3n de 3.034 personas y la adhesi\u00f3n de 189 entidades a las diferentes candidaturas<\/strong>.<\/p>\n\n\n\n<p class=\"has-text-align-justify\">Si bien el mecanismo para apoyar a alguna de las ocho candidaturas se hizo exclusivamente por internet, se habilitaron tambi\u00e9n cinco puntos de acompa\u00f1amiento presencial para aquellas personas sin recursos inform\u00e1ticos o conocimiento para participar y salvar as\u00ed la brecha digital.<\/p>\n\n\n\n<figure class=\"wp-block-table\"><table><tbody><tr><td><strong>Candidato\/a<\/strong><\/td><td><strong>Votos de la ciudadan\u00eda<\/strong><\/td><td><strong>Votos de les entidades<\/strong> <strong>&nbsp;<\/strong><\/td><\/tr><tr><td>David Bondia &nbsp;<\/td><td>1.414 apoyos ciudadanos<\/td><td>57 entidades adheridas<\/td><\/tr><tr><td>Ramon Nicolau &nbsp;<\/td><td>410 apoyos ciudadanos<\/td><td>73 entidades adheridas<\/td><\/tr><tr><td>Jordi Gir\u00f3 &nbsp;<\/td><td>288 apoyos ciudadanos<\/td><td>23 entidades adheridas<\/td><\/tr><tr><td>Zaida Mux\u00ed &nbsp;<\/td><td>270 apoyos ciudadanos<\/td><td>10 entidades adheridas<\/td><\/tr><tr><td>Isabel Alonso &nbsp;<\/td><td>215 apoyos ciudadanos<\/td><td>6 entidades adheridas<\/td><\/tr><tr><td>Ricard de la Rosa &nbsp;<\/td><td>186 apoyos ciudadanos<\/td><td>9 entidades adheridas<\/td><\/tr><tr><td>Rosa Ca\u00f1adell &nbsp;<\/td><td>167 apoyos ciudadanos<\/td><td>3 entidades adheridas<\/td><\/tr><tr><td>Rafel L\u00f3pez &nbsp;<\/td><td>84 apoyos ciudadanos<\/td><td>8 entidades adheridas<\/td><\/tr><\/tbody><\/table><figcaption class=\"wp-element-caption\"><strong><em>Resultados del proceso de apoyo ciudadano<\/em><\/strong><\/figcaption><\/figure>\n\n\n\n<p class=\"has-text-align-justify\">Despu\u00e9s del procedimiento de apoyo ciudadano llevado a cabo durante los meses de abril y mayo, es el Plenario del Consejo Municipal el que debe nombrar al nuevo s\u00edndic o la nueva s\u00edndica mediante un acuerdo adoptado por las dos terceras partes de los 41 regidores y regidoras que forman el Ayuntamiento de Barcelona. Los miembros del Plenario del Consejo Municipal han llegado a un consenso que permite el nombramiento de David Bondia como nuevo s\u00edndic de greugess de la ciudad, con los votos a favor de Barcelona en Com\u00fa, PSC, ERC y Junts per Catalunya, y los votos en contra de Ciudadanos, PP, Barcelona por el Cambio y la concejala no adscrita.<\/p>\n\n\n\n<p class=\"has-text-align-justify\">Los miembros del Plenario del Consejo Municipal han llegado a un consenso que permite el nombramiento de David Bondia como nuevo s\u00edndic de greuges de la ciudad.<\/p>\n","protected":false},"excerpt":{"rendered":"<p>El pleno del Ayuntamiento ha nombrado hoy a David Bondia como nuevo s\u00edndic de greuges de Barcelona. En los pr\u00f3ximos d\u00edas tomar\u00e1 posesi\u00f3n del cargo. En el marco del pleno [&hellip;]<\/p>\n","protected":false},"author":2,"featured_media":12893,"comment_status":"closed","ping_status":"closed","sticky":false,"template":"","format":"standard","meta":{"_acf_changed":false,"footnotes":""},"tags":[],"drets":[],"class_list":["post-12892","post","type-post","status-publish","format-standard","has-post-thumbnail","hentry"],"acf":[],"yoast_head":"<!-- This site is optimized with the Yoast SEO plugin v27.5 - https:\/\/yoast.com\/product\/yoast-seo-wordpress\/ -->\n<title>David Bondia, nombrado nuevo s\u00edndic de greuges de Barcelona - Sindicatura de Greuges de Barcelona<\/title>\n<meta name=\"description\" content=\"El plenario del Ayuntamiento ha nombrado a David Bondia como nuevo s\u00edndic de agravios de Barcelona. En los pr\u00f3ximos d\u00edas tomar\u00e1 posesi\u00f3n.\" \/>\n<meta name=\"robots\" content=\"index, follow, max-snippet:-1, max-image-preview:large, max-video-preview:-1\" \/>\n<link rel=\"canonical\" href=\"https:\/\/www.sindicaturabarcelona.cat\/es\/david-bondia-nuevo-sindic-greuges-barcelona\/\" \/>\n<meta property=\"og:locale\" content=\"es_ES\" \/>\n<meta property=\"og:type\" content=\"article\" \/>\n<meta property=\"og:title\" content=\"David Bondia, nombrado nuevo s\u00edndic de greuges de Barcelona - Sindicatura de Greuges de Barcelona\" \/>\n<meta property=\"og:description\" content=\"El plenario del Ayuntamiento ha nombrado a David Bondia como nuevo s\u00edndic de agravios de Barcelona. En los pr\u00f3ximos d\u00edas tomar\u00e1 posesi\u00f3n.\" \/>\n<meta property=\"og:url\" content=\"https:\/\/www.sindicaturabarcelona.cat\/es\/david-bondia-nuevo-sindic-greuges-barcelona\/\" \/>\n<meta property=\"og:site_name\" content=\"Sindicatura de Greuges de Barcelona\" \/>\n<meta property=\"article:published_time\" content=\"2021-09-29T13:37:54+00:00\" \/>\n<meta property=\"article:modified_time\" content=\"2025-10-07T08:22:37+00:00\" \/>\n<meta property=\"og:image\" content=\"https:\/\/www.sindicaturabarcelona.cat\/wp-content\/uploads\/2021\/09\/david-bondia-1.jpg\" \/>\n\t<meta property=\"og:image:width\" content=\"836\" \/>\n\t<meta property=\"og:image:height\" content=\"640\" \/>\n\t<meta property=\"og:image:type\" content=\"image\/jpeg\" \/>\n<meta name=\"author\" content=\"Pablo\" \/>\n<meta name=\"twitter:card\" content=\"summary_large_image\" \/>\n<meta name=\"twitter:creator\" content=\"@sindicbarcelona\" \/>\n<meta name=\"twitter:site\" content=\"@sindicbarcelona\" \/>\n<meta name=\"twitter:label1\" content=\"Escrito por\" \/>\n\t<meta name=\"twitter:data1\" content=\"Pablo\" \/>\n\t<meta name=\"twitter:label2\" content=\"Tiempo de lectura\" \/>\n\t<meta name=\"twitter:data2\" content=\"4 minutos\" \/>\n<script type=\"application\/ld+json\" class=\"yoast-schema-graph\">{\"@context\":\"https:\\\/\\\/schema.org\",\"@graph\":[{\"@type\":\"Article\",\"@id\":\"https:\\\/\\\/www.sindicaturabarcelona.cat\\\/es\\\/david-bondia-nuevo-sindic-greuges-barcelona\\\/#article\",\"isPartOf\":{\"@id\":\"https:\\\/\\\/www.sindicaturabarcelona.cat\\\/es\\\/david-bondia-nuevo-sindic-greuges-barcelona\\\/\"},\"author\":{\"name\":\"Pablo\",\"@id\":\"https:\\\/\\\/www.sindicaturabarcelona.cat\\\/es\\\/#\\\/schema\\\/person\\\/0e5acffc350ffdbc97578159322c9452\"},\"headline\":\"David Bondia, nombrado nuevo s\u00edndic de greuges de Barcelona\",\"datePublished\":\"2021-09-29T13:37:54+00:00\",\"dateModified\":\"2025-10-07T08:22:37+00:00\",\"mainEntityOfPage\":{\"@id\":\"https:\\\/\\\/www.sindicaturabarcelona.cat\\\/es\\\/david-bondia-nuevo-sindic-greuges-barcelona\\\/\"},\"wordCount\":662,\"publisher\":{\"@id\":\"https:\\\/\\\/www.sindicaturabarcelona.cat\\\/es\\\/#organization\"},\"image\":{\"@id\":\"https:\\\/\\\/www.sindicaturabarcelona.cat\\\/es\\\/david-bondia-nuevo-sindic-greuges-barcelona\\\/#primaryimage\"},\"thumbnailUrl\":\"https:\\\/\\\/www.sindicaturabarcelona.cat\\\/wp-content\\\/uploads\\\/2021\\\/09\\\/david-bondia-1.jpg\",\"inLanguage\":\"es\"},{\"@type\":\"WebPage\",\"@id\":\"https:\\\/\\\/www.sindicaturabarcelona.cat\\\/es\\\/david-bondia-nuevo-sindic-greuges-barcelona\\\/\",\"url\":\"https:\\\/\\\/www.sindicaturabarcelona.cat\\\/es\\\/david-bondia-nuevo-sindic-greuges-barcelona\\\/\",\"name\":\"David Bondia, nombrado nuevo s\u00edndic de greuges de Barcelona - Sindicatura de Greuges de Barcelona\",\"isPartOf\":{\"@id\":\"https:\\\/\\\/www.sindicaturabarcelona.cat\\\/es\\\/#website\"},\"primaryImageOfPage\":{\"@id\":\"https:\\\/\\\/www.sindicaturabarcelona.cat\\\/es\\\/david-bondia-nuevo-sindic-greuges-barcelona\\\/#primaryimage\"},\"image\":{\"@id\":\"https:\\\/\\\/www.sindicaturabarcelona.cat\\\/es\\\/david-bondia-nuevo-sindic-greuges-barcelona\\\/#primaryimage\"},\"thumbnailUrl\":\"https:\\\/\\\/www.sindicaturabarcelona.cat\\\/wp-content\\\/uploads\\\/2021\\\/09\\\/david-bondia-1.jpg\",\"datePublished\":\"2021-09-29T13:37:54+00:00\",\"dateModified\":\"2025-10-07T08:22:37+00:00\",\"description\":\"El plenario del Ayuntamiento ha nombrado a David Bondia como nuevo s\u00edndic de agravios de Barcelona. En los pr\u00f3ximos d\u00edas tomar\u00e1 posesi\u00f3n.\",\"breadcrumb\":{\"@id\":\"https:\\\/\\\/www.sindicaturabarcelona.cat\\\/es\\\/david-bondia-nuevo-sindic-greuges-barcelona\\\/#breadcrumb\"},\"inLanguage\":\"es\",\"potentialAction\":[{\"@type\":\"ReadAction\",\"target\":[\"https:\\\/\\\/www.sindicaturabarcelona.cat\\\/es\\\/david-bondia-nuevo-sindic-greuges-barcelona\\\/\"]}]},{\"@type\":\"ImageObject\",\"inLanguage\":\"es\",\"@id\":\"https:\\\/\\\/www.sindicaturabarcelona.cat\\\/es\\\/david-bondia-nuevo-sindic-greuges-barcelona\\\/#primaryimage\",\"url\":\"https:\\\/\\\/www.sindicaturabarcelona.cat\\\/wp-content\\\/uploads\\\/2021\\\/09\\\/david-bondia-1.jpg\",\"contentUrl\":\"https:\\\/\\\/www.sindicaturabarcelona.cat\\\/wp-content\\\/uploads\\\/2021\\\/09\\\/david-bondia-1.jpg\",\"width\":836,\"height\":640,\"caption\":\"bondia nuevo sindic\"},{\"@type\":\"BreadcrumbList\",\"@id\":\"https:\\\/\\\/www.sindicaturabarcelona.cat\\\/es\\\/david-bondia-nuevo-sindic-greuges-barcelona\\\/#breadcrumb\",\"itemListElement\":[{\"@type\":\"ListItem\",\"position\":1,\"name\":\"Inici\",\"item\":\"https:\\\/\\\/www.sindicaturabarcelona.cat\\\/es\\\/\"},{\"@type\":\"ListItem\",\"position\":2,\"name\":\"David Bondia, nombrado nuevo s\u00edndic de greuges de Barcelona\"}]},{\"@type\":\"WebSite\",\"@id\":\"https:\\\/\\\/www.sindicaturabarcelona.cat\\\/es\\\/#website\",\"url\":\"https:\\\/\\\/www.sindicaturabarcelona.cat\\\/es\\\/\",\"name\":\"Sindicatura de Greuges de Barcelona\",\"description\":\"La defensoria dels teus drets\",\"publisher\":{\"@id\":\"https:\\\/\\\/www.sindicaturabarcelona.cat\\\/es\\\/#organization\"},\"potentialAction\":[{\"@type\":\"SearchAction\",\"target\":{\"@type\":\"EntryPoint\",\"urlTemplate\":\"https:\\\/\\\/www.sindicaturabarcelona.cat\\\/es\\\/?s={search_term_string}\"},\"query-input\":{\"@type\":\"PropertyValueSpecification\",\"valueRequired\":true,\"valueName\":\"search_term_string\"}}],\"inLanguage\":\"es\"},{\"@type\":\"Organization\",\"@id\":\"https:\\\/\\\/www.sindicaturabarcelona.cat\\\/es\\\/#organization\",\"name\":\"Sindicatura de Greuges de Barcelona\",\"url\":\"https:\\\/\\\/www.sindicaturabarcelona.cat\\\/es\\\/\",\"logo\":{\"@type\":\"ImageObject\",\"inLanguage\":\"es\",\"@id\":\"https:\\\/\\\/www.sindicaturabarcelona.cat\\\/es\\\/#\\\/schema\\\/logo\\\/image\\\/\",\"url\":\"https:\\\/\\\/www.sindicaturabarcelona.cat\\\/wp-content\\\/uploads\\\/2023\\\/02\\\/logo_sindicatura.svg\",\"contentUrl\":\"https:\\\/\\\/www.sindicaturabarcelona.cat\\\/wp-content\\\/uploads\\\/2023\\\/02\\\/logo_sindicatura.svg\",\"caption\":\"Sindicatura de Greuges de Barcelona\"},\"image\":{\"@id\":\"https:\\\/\\\/www.sindicaturabarcelona.cat\\\/es\\\/#\\\/schema\\\/logo\\\/image\\\/\"},\"sameAs\":[\"https:\\\/\\\/x.com\\\/sindicbarcelona\",\"https:\\\/\\\/www.instagram.com\\\/sindicbarcelona\\\/\",\"https:\\\/\\\/www.tiktok.com\\\/@sindicaturabcn\",\"https:\\\/\\\/t.me\\\/sindicaturabarcelona\"]},{\"@type\":\"Person\",\"@id\":\"https:\\\/\\\/www.sindicaturabarcelona.cat\\\/es\\\/#\\\/schema\\\/person\\\/0e5acffc350ffdbc97578159322c9452\",\"name\":\"Pablo\",\"image\":{\"@type\":\"ImageObject\",\"inLanguage\":\"es\",\"@id\":\"https:\\\/\\\/secure.gravatar.com\\\/avatar\\\/c948169b402ef9492afde705c3dfd5e90e1a6a84ef6840a91124f805a25a480f?s=96&d=mm&r=g\",\"url\":\"https:\\\/\\\/secure.gravatar.com\\\/avatar\\\/c948169b402ef9492afde705c3dfd5e90e1a6a84ef6840a91124f805a25a480f?s=96&d=mm&r=g\",\"contentUrl\":\"https:\\\/\\\/secure.gravatar.com\\\/avatar\\\/c948169b402ef9492afde705c3dfd5e90e1a6a84ef6840a91124f805a25a480f?s=96&d=mm&r=g\",\"caption\":\"Pablo\"},\"url\":\"https:\\\/\\\/www.sindicaturabarcelona.cat\\\/es\\\/author\\\/pablo\\\/\"}]}<\/script>\n<!-- \/ Yoast SEO plugin. -->","yoast_head_json":{"title":"David Bondia, nombrado nuevo s\u00edndic de greuges de Barcelona - Sindicatura de Greuges de Barcelona","description":"El plenario del Ayuntamiento ha nombrado a David Bondia como nuevo s\u00edndic de agravios de Barcelona. En los pr\u00f3ximos d\u00edas tomar\u00e1 posesi\u00f3n.","robots":{"index":"index","follow":"follow","max-snippet":"max-snippet:-1","max-image-preview":"max-image-preview:large","max-video-preview":"max-video-preview:-1"},"canonical":"https:\/\/www.sindicaturabarcelona.cat\/es\/david-bondia-nuevo-sindic-greuges-barcelona\/","og_locale":"es_ES","og_type":"article","og_title":"David Bondia, nombrado nuevo s\u00edndic de greuges de Barcelona - Sindicatura de Greuges de Barcelona","og_description":"El plenario del Ayuntamiento ha nombrado a David Bondia como nuevo s\u00edndic de agravios de Barcelona. En los pr\u00f3ximos d\u00edas tomar\u00e1 posesi\u00f3n.","og_url":"https:\/\/www.sindicaturabarcelona.cat\/es\/david-bondia-nuevo-sindic-greuges-barcelona\/","og_site_name":"Sindicatura de Greuges de Barcelona","article_published_time":"2021-09-29T13:37:54+00:00","article_modified_time":"2025-10-07T08:22:37+00:00","og_image":[{"width":836,"height":640,"url":"https:\/\/www.sindicaturabarcelona.cat\/wp-content\/uploads\/2021\/09\/david-bondia-1.jpg","type":"image\/jpeg"}],"author":"Pablo","twitter_card":"summary_large_image","twitter_creator":"@sindicbarcelona","twitter_site":"@sindicbarcelona","twitter_misc":{"Escrito por":"Pablo","Tiempo de lectura":"4 minutos"},"schema":{"@context":"https:\/\/schema.org","@graph":[{"@type":"Article","@id":"https:\/\/www.sindicaturabarcelona.cat\/es\/david-bondia-nuevo-sindic-greuges-barcelona\/#article","isPartOf":{"@id":"https:\/\/www.sindicaturabarcelona.cat\/es\/david-bondia-nuevo-sindic-greuges-barcelona\/"},"author":{"name":"Pablo","@id":"https:\/\/www.sindicaturabarcelona.cat\/es\/#\/schema\/person\/0e5acffc350ffdbc97578159322c9452"},"headline":"David Bondia, nombrado nuevo s\u00edndic de greuges de Barcelona","datePublished":"2021-09-29T13:37:54+00:00","dateModified":"2025-10-07T08:22:37+00:00","mainEntityOfPage":{"@id":"https:\/\/www.sindicaturabarcelona.cat\/es\/david-bondia-nuevo-sindic-greuges-barcelona\/"},"wordCount":662,"publisher":{"@id":"https:\/\/www.sindicaturabarcelona.cat\/es\/#organization"},"image":{"@id":"https:\/\/www.sindicaturabarcelona.cat\/es\/david-bondia-nuevo-sindic-greuges-barcelona\/#primaryimage"},"thumbnailUrl":"https:\/\/www.sindicaturabarcelona.cat\/wp-content\/uploads\/2021\/09\/david-bondia-1.jpg","inLanguage":"es"},{"@type":"WebPage","@id":"https:\/\/www.sindicaturabarcelona.cat\/es\/david-bondia-nuevo-sindic-greuges-barcelona\/","url":"https:\/\/www.sindicaturabarcelona.cat\/es\/david-bondia-nuevo-sindic-greuges-barcelona\/","name":"David Bondia, nombrado nuevo s\u00edndic de greuges de Barcelona - Sindicatura de Greuges de Barcelona","isPartOf":{"@id":"https:\/\/www.sindicaturabarcelona.cat\/es\/#website"},"primaryImageOfPage":{"@id":"https:\/\/www.sindicaturabarcelona.cat\/es\/david-bondia-nuevo-sindic-greuges-barcelona\/#primaryimage"},"image":{"@id":"https:\/\/www.sindicaturabarcelona.cat\/es\/david-bondia-nuevo-sindic-greuges-barcelona\/#primaryimage"},"thumbnailUrl":"https:\/\/www.sindicaturabarcelona.cat\/wp-content\/uploads\/2021\/09\/david-bondia-1.jpg","datePublished":"2021-09-29T13:37:54+00:00","dateModified":"2025-10-07T08:22:37+00:00","description":"El plenario del Ayuntamiento ha nombrado a David Bondia como nuevo s\u00edndic de agravios de Barcelona. En los pr\u00f3ximos d\u00edas tomar\u00e1 posesi\u00f3n.","breadcrumb":{"@id":"https:\/\/www.sindicaturabarcelona.cat\/es\/david-bondia-nuevo-sindic-greuges-barcelona\/#breadcrumb"},"inLanguage":"es","potentialAction":[{"@type":"ReadAction","target":["https:\/\/www.sindicaturabarcelona.cat\/es\/david-bondia-nuevo-sindic-greuges-barcelona\/"]}]},{"@type":"ImageObject","inLanguage":"es","@id":"https:\/\/www.sindicaturabarcelona.cat\/es\/david-bondia-nuevo-sindic-greuges-barcelona\/#primaryimage","url":"https:\/\/www.sindicaturabarcelona.cat\/wp-content\/uploads\/2021\/09\/david-bondia-1.jpg","contentUrl":"https:\/\/www.sindicaturabarcelona.cat\/wp-content\/uploads\/2021\/09\/david-bondia-1.jpg","width":836,"height":640,"caption":"bondia nuevo sindic"},{"@type":"BreadcrumbList","@id":"https:\/\/www.sindicaturabarcelona.cat\/es\/david-bondia-nuevo-sindic-greuges-barcelona\/#breadcrumb","itemListElement":[{"@type":"ListItem","position":1,"name":"Inici","item":"https:\/\/www.sindicaturabarcelona.cat\/es\/"},{"@type":"ListItem","position":2,"name":"David Bondia, nombrado nuevo s\u00edndic de greuges de Barcelona"}]},{"@type":"WebSite","@id":"https:\/\/www.sindicaturabarcelona.cat\/es\/#website","url":"https:\/\/www.sindicaturabarcelona.cat\/es\/","name":"Sindicatura de Greuges de Barcelona","description":"La defensoria dels teus drets","publisher":{"@id":"https:\/\/www.sindicaturabarcelona.cat\/es\/#organization"},"potentialAction":[{"@type":"SearchAction","target":{"@type":"EntryPoint","urlTemplate":"https:\/\/www.sindicaturabarcelona.cat\/es\/?s={search_term_string}"},"query-input":{"@type":"PropertyValueSpecification","valueRequired":true,"valueName":"search_term_string"}}],"inLanguage":"es"},{"@type":"Organization","@id":"https:\/\/www.sindicaturabarcelona.cat\/es\/#organization","name":"Sindicatura de Greuges de Barcelona","url":"https:\/\/www.sindicaturabarcelona.cat\/es\/","logo":{"@type":"ImageObject","inLanguage":"es","@id":"https:\/\/www.sindicaturabarcelona.cat\/es\/#\/schema\/logo\/image\/","url":"https:\/\/www.sindicaturabarcelona.cat\/wp-content\/uploads\/2023\/02\/logo_sindicatura.svg","contentUrl":"https:\/\/www.sindicaturabarcelona.cat\/wp-content\/uploads\/2023\/02\/logo_sindicatura.svg","caption":"Sindicatura de Greuges de Barcelona"},"image":{"@id":"https:\/\/www.sindicaturabarcelona.cat\/es\/#\/schema\/logo\/image\/"},"sameAs":["https:\/\/x.com\/sindicbarcelona","https:\/\/www.instagram.com\/sindicbarcelona\/","https:\/\/www.tiktok.com\/@sindicaturabcn","https:\/\/t.me\/sindicaturabarcelona"]},{"@type":"Person","@id":"https:\/\/www.sindicaturabarcelona.cat\/es\/#\/schema\/person\/0e5acffc350ffdbc97578159322c9452","name":"Pablo","image":{"@type":"ImageObject","inLanguage":"es","@id":"https:\/\/secure.gravatar.com\/avatar\/c948169b402ef9492afde705c3dfd5e90e1a6a84ef6840a91124f805a25a480f?s=96&d=mm&r=g","url":"https:\/\/secure.gravatar.com\/avatar\/c948169b402ef9492afde705c3dfd5e90e1a6a84ef6840a91124f805a25a480f?s=96&d=mm&r=g","contentUrl":"https:\/\/secure.gravatar.com\/avatar\/c948169b402ef9492afde705c3dfd5e90e1a6a84ef6840a91124f805a25a480f?s=96&d=mm&r=g","caption":"Pablo"},"url":"https:\/\/www.sindicaturabarcelona.cat\/es\/author\/pablo\/"}]}},"_links":{"self":[{"href":"https:\/\/www.sindicaturabarcelona.cat\/es\/wp-json\/wp\/v2\/posts\/12892","targetHints":{"allow":["GET"]}}],"collection":[{"href":"https:\/\/www.sindicaturabarcelona.cat\/es\/wp-json\/wp\/v2\/posts"}],"about":[{"href":"https:\/\/www.sindicaturabarcelona.cat\/es\/wp-json\/wp\/v2\/types\/post"}],"author":[{"embeddable":true,"href":"https:\/\/www.sindicaturabarcelona.cat\/es\/wp-json\/wp\/v2\/users\/2"}],"replies":[{"embeddable":true,"href":"https:\/\/www.sindicaturabarcelona.cat\/es\/wp-json\/wp\/v2\/comments?post=12892"}],"version-history":[{"count":2,"href":"https:\/\/www.sindicaturabarcelona.cat\/es\/wp-json\/wp\/v2\/posts\/12892\/revisions"}],"predecessor-version":[{"id":39536,"href":"https:\/\/www.sindicaturabarcelona.cat\/es\/wp-json\/wp\/v2\/posts\/12892\/revisions\/39536"}],"wp:featuredmedia":[{"embeddable":true,"href":"https:\/\/www.sindicaturabarcelona.cat\/es\/wp-json\/wp\/v2\/media\/12893"}],"wp:attachment":[{"href":"https:\/\/www.sindicaturabarcelona.cat\/es\/wp-json\/wp\/v2\/media?parent=12892"}],"wp:term":[{"taxonomy":"post_tag","embeddable":true,"href":"https:\/\/www.sindicaturabarcelona.cat\/es\/wp-json\/wp\/v2\/tags?post=12892"},{"taxonomy":"drets","embeddable":true,"href":"https:\/\/www.sindicaturabarcelona.cat\/es\/wp-json\/wp\/v2\/drets?post=12892"}],"curies":[{"name":"wp","href":"https:\/\/api.w.org\/{rel}","templated":true}]}}