{"id":12743,"date":"2021-08-24T13:30:00","date_gmt":"2021-08-24T11:30:00","guid":{"rendered":"https:\/\/www.sindicabarcelona.cat\/?p=12743"},"modified":"2021-09-14T12:15:57","modified_gmt":"2021-09-14T10:15:57","slug":"recuperacion-barandillas-historicas-metro-palau-robert-y-casa-batllo","status":"publish","type":"post","link":"https:\/\/www.sindicaturabarcelona.cat\/es\/recuperacion-barandillas-historicas-metro-palau-robert-y-casa-batllo\/","title":{"rendered":"Vil\u00e0 se\u00f1ala la necesidad de planificar las acciones concretas para la recuperaci\u00f3n de las barandillas hist\u00f3ricas del acceso al metro de Palau Robert y la Casa Batll\u00f3"},"content":{"rendered":"\n<p class=\"has-text-align-justify\">Despu\u00e9s dem\u00e1s de seis a\u00f1os desde la existencia del proyecto ejecutivo para la recuperaci\u00f3n de las barandillas hist\u00f3ricas del Palau Robert y la Casa&nbsp;Batll\u00f3, la s\u00edndica de greuges de Barcelona, Maria Assumpci\u00f3&nbsp;Vil\u00e0, se\u00f1ala la necesidad de planificar las acciones concretas para llevar a cabo la recuperaci\u00f3n de estas dos barandillas hist\u00f3ricas.<\/p>\n\n\n\n<p class=\"has-text-align-justify\">El a\u00f1o 2014 la s\u00edndica ya mostr\u00f3 inter\u00e9s en la recuperaci\u00f3n de estas dos barandillas hist\u00f3ricas, y la primera respuesta municipal desestim\u00f3 esta iniciativa por el elevado coste que supon\u00eda. Pero <strong>durante el mes de julio de aquel mismo a\u00f1o la situaci\u00f3n cambi\u00f3 y el Departamento de Proyectos Urbanos encarg\u00f3 el proyecto ejecutivo de renovaci\u00f3n de barandillas en dos accesos hist\u00f3ricos al metro: Palau Robert y Casa\u00a0Batll\u00f3,<\/strong> que supon\u00eda un gasto de 425.759,52 euros. En aquel momento, la <a href=\"https:\/\/www.sindicaturabarcelona.cat\/es\/\" target=\"_blank\" aria-label=\"Sindicatura de Greuges de Barcelona (opens in a new tab)\" rel=\"noreferrer noopener\" class=\"ek-link\">Sindicatura de Greuges de Barcelona<\/a> valor\u00f3 positivamente la recuperaci\u00f3n de estos elementos ornamentales, teniendo en cuenta el hecho que el Ayuntamiento cumpl\u00eda con el mandato legal de preservar y mantener el patrimonio art\u00edstico e hist\u00f3rico de la ciudad.<\/p>\n\n\n\n<p class=\"has-text-align-justify\">Posteriormente, en 2015, la\u00a0<a href=\"https:\/\/ajuntament.barcelona.cat\/ecologiaurbana\/es\/quienes-somos\" target=\"_blank\" aria-label=\"Tenencia\u00a0de Ecolog\u00eda, Urbanismo y Movilidad (opens in a new tab)\" rel=\"noreferrer noopener\" class=\"ek-link\">Tenencia\u00a0de Ecolog\u00eda, Urbanismo y Movilidad<\/a> expon\u00eda que la ejecuci\u00f3n del proyecto de recuperaci\u00f3n de los accesos del metro del Palau Robert y la Casa\u00a0Batll\u00f3 restaba a la espera de la partida presupuestaria correspondiente. Desde la Sindicatura se segu\u00eda destacando positivamente que se hubiera elaborado un estudio al respeto y que hubiera previsi\u00f3n de actuaci\u00f3n. Sin embargo, se lamentaba que actuaciones anteriores, menos cuidadosas con el patrimonio de la ciudad, tuvieran que generar un gasto en aquellos momentos y por eso se recomendaba al consistorio, que para evitar que se reprodujeran situaciones similares, se velara adecuadamente por la conservaci\u00f3n de los elementos patrimoniales o singulares en la ciudad.<\/p>\n\n\n\n<p class=\"has-text-align-justify\">Sin embargo, <strong>nos encontramos en agosto del a\u00f1o 2021 y persiste la misma situaci\u00f3n, ante la falta de asignaci\u00f3n presupuestar\u00eda para el proyecto. Se observa, por lo tanto, que han transcurrido m\u00e1s de 6 a\u00f1os desde la existencia del proyecto ejecutivo para la recuperaci\u00f3n de las barandillas hist\u00f3ricas de Palacio Robert y Casa\u00a0Batll\u00f3<\/strong>. Este es un plazo excesivamente dilatado para desarrollar una actuaci\u00f3n, sobre la cual se recibe similar explicaci\u00f3n a lo largo de los a\u00f1os: la falta de presupuesto. <strong>Un periodo de seis a\u00f1os sin que se haya asignado el presupuesto necesario pone de manifiesto la carencia de una voluntad municipal clara para su ejecuci\u00f3n, hecho que preocupa a la s\u00edndica.<\/strong><\/p>\n\n\n\n<p class=\"has-text-align-justify\">Tanto la normativa b\u00e1sica como la tarea que el mismo Ayuntamiento de Barcelona asume como propia, indican la necesidad de preservar y promover el patrimonio de la ciudad. La falta de actuaci\u00f3n en la reposici\u00f3n de las barandillas de metro hist\u00f3ricas del Palau Robert y la Casa\u00a0Batll\u00f3, establece una distancia clara hacia aquello que prescribe la normativa y los compromisos municipales.<br>Por este motivo, la s\u00edndica quiere se\u00f1alar la necesidad que <strong>se planifique de forma concreta cuando se podr\u00e1n desarrollar las acciones sobre las cuales ya existen estudios y proyecto, para la cierta y pronta recuperaci\u00f3n de las barandillas hist\u00f3ricas de acceso al metro del Palau Robert y la Casa\u00a0Batll\u00f3.<\/strong><\/p>\n","protected":false},"excerpt":{"rendered":"<p>Despu\u00e9s dem\u00e1s de seis a\u00f1os desde la existencia del proyecto ejecutivo para la recuperaci\u00f3n de las barandillas hist\u00f3ricas del Palau Robert y la Casa&nbsp;Batll\u00f3, la s\u00edndica de greuges de Barcelona, [&hellip;]<\/p>\n","protected":false},"author":2,"featured_media":12744,"comment_status":"closed","ping_status":"open","sticky":false,"template":"","format":"standard","meta":{"_acf_changed":false,"footnotes":""},"tags":[],"drets":[],"class_list":["post-12743","post","type-post","status-publish","format-standard","has-post-thumbnail","hentry"],"acf":[],"yoast_head":"<!-- This site is optimized with the Yoast SEO plugin v27.5 - https:\/\/yoast.com\/product\/yoast-seo-wordpress\/ -->\n<title>Vil\u00e0 se\u00f1ala la necesidad de planificar las acciones concretas para la recuperaci\u00f3n de las barandillas hist\u00f3ricas del acceso al metro de Palau Robert y la Casa Batll\u00f3 - Sindicatura de Greuges de Barcelona<\/title>\n<meta name=\"description\" content=\"Necesidad de planificar acciones concretas para recuperar las barandillas hist\u00f3ricas del acceso al metro de Palau Robert y la Casa Batll\u00f3.\" \/>\n<meta name=\"robots\" content=\"index, follow, max-snippet:-1, max-image-preview:large, max-video-preview:-1\" \/>\n<link rel=\"canonical\" href=\"https:\/\/www.sindicaturabarcelona.cat\/es\/recuperacion-barandillas-historicas-metro-palau-robert-y-casa-batllo\/\" \/>\n<meta property=\"og:locale\" content=\"es_ES\" \/>\n<meta property=\"og:type\" content=\"article\" \/>\n<meta property=\"og:title\" content=\"Vil\u00e0 se\u00f1ala la necesidad de planificar las acciones concretas para la recuperaci\u00f3n de las barandillas hist\u00f3ricas del acceso al metro de Palau Robert y la Casa Batll\u00f3 - Sindicatura de Greuges de Barcelona\" \/>\n<meta property=\"og:description\" content=\"Necesidad de planificar acciones concretas para recuperar las barandillas hist\u00f3ricas del acceso al metro de Palau Robert y la Casa Batll\u00f3.\" \/>\n<meta property=\"og:url\" content=\"https:\/\/www.sindicaturabarcelona.cat\/es\/recuperacion-barandillas-historicas-metro-palau-robert-y-casa-batllo\/\" \/>\n<meta property=\"og:site_name\" content=\"Sindicatura de Greuges de Barcelona\" \/>\n<meta property=\"article:published_time\" content=\"2021-08-24T11:30:00+00:00\" \/>\n<meta property=\"article:modified_time\" content=\"2021-09-14T10:15:57+00:00\" \/>\n<meta property=\"og:image\" content=\"https:\/\/www.sindicaturabarcelona.cat\/wp-content\/uploads\/2021\/08\/9626_HBCN-Enllumenat-Passeig-de-Gracia-18-06-2014-LC01-1.jpg\" \/>\n\t<meta property=\"og:image:width\" content=\"1024\" \/>\n\t<meta property=\"og:image:height\" content=\"682\" \/>\n\t<meta property=\"og:image:type\" content=\"image\/jpeg\" \/>\n<meta name=\"author\" content=\"Pablo\" \/>\n<meta name=\"twitter:card\" content=\"summary_large_image\" \/>\n<meta name=\"twitter:creator\" content=\"@sindicbarcelona\" \/>\n<meta name=\"twitter:site\" content=\"@sindicbarcelona\" \/>\n<meta name=\"twitter:label1\" content=\"Escrito por\" \/>\n\t<meta name=\"twitter:data1\" content=\"Pablo\" \/>\n\t<meta name=\"twitter:label2\" content=\"Tiempo de lectura\" \/>\n\t<meta name=\"twitter:data2\" content=\"3 minutos\" \/>\n<script type=\"application\/ld+json\" class=\"yoast-schema-graph\">{\"@context\":\"https:\\\/\\\/schema.org\",\"@graph\":[{\"@type\":\"Article\",\"@id\":\"https:\\\/\\\/www.sindicaturabarcelona.cat\\\/es\\\/recuperacion-barandillas-historicas-metro-palau-robert-y-casa-batllo\\\/#article\",\"isPartOf\":{\"@id\":\"https:\\\/\\\/www.sindicaturabarcelona.cat\\\/es\\\/recuperacion-barandillas-historicas-metro-palau-robert-y-casa-batllo\\\/\"},\"author\":{\"name\":\"Pablo\",\"@id\":\"https:\\\/\\\/www.sindicaturabarcelona.cat\\\/es\\\/#\\\/schema\\\/person\\\/0e5acffc350ffdbc97578159322c9452\"},\"headline\":\"Vil\u00e0 se\u00f1ala la necesidad de planificar las acciones concretas para la recuperaci\u00f3n de las barandillas hist\u00f3ricas del acceso al metro de Palau Robert y la Casa Batll\u00f3\",\"datePublished\":\"2021-08-24T11:30:00+00:00\",\"dateModified\":\"2021-09-14T10:15:57+00:00\",\"mainEntityOfPage\":{\"@id\":\"https:\\\/\\\/www.sindicaturabarcelona.cat\\\/es\\\/recuperacion-barandillas-historicas-metro-palau-robert-y-casa-batllo\\\/\"},\"wordCount\":590,\"publisher\":{\"@id\":\"https:\\\/\\\/www.sindicaturabarcelona.cat\\\/es\\\/#organization\"},\"image\":{\"@id\":\"https:\\\/\\\/www.sindicaturabarcelona.cat\\\/es\\\/recuperacion-barandillas-historicas-metro-palau-robert-y-casa-batllo\\\/#primaryimage\"},\"thumbnailUrl\":\"https:\\\/\\\/www.sindicaturabarcelona.cat\\\/wp-content\\\/uploads\\\/2021\\\/08\\\/9626_HBCN-Enllumenat-Passeig-de-Gracia-18-06-2014-LC01-1.jpg\",\"inLanguage\":\"es\"},{\"@type\":\"WebPage\",\"@id\":\"https:\\\/\\\/www.sindicaturabarcelona.cat\\\/es\\\/recuperacion-barandillas-historicas-metro-palau-robert-y-casa-batllo\\\/\",\"url\":\"https:\\\/\\\/www.sindicaturabarcelona.cat\\\/es\\\/recuperacion-barandillas-historicas-metro-palau-robert-y-casa-batllo\\\/\",\"name\":\"Vil\u00e0 se\u00f1ala la necesidad de planificar las acciones concretas para la recuperaci\u00f3n de las barandillas hist\u00f3ricas del acceso al metro de Palau Robert y la Casa Batll\u00f3 - Sindicatura de Greuges de Barcelona\",\"isPartOf\":{\"@id\":\"https:\\\/\\\/www.sindicaturabarcelona.cat\\\/es\\\/#website\"},\"primaryImageOfPage\":{\"@id\":\"https:\\\/\\\/www.sindicaturabarcelona.cat\\\/es\\\/recuperacion-barandillas-historicas-metro-palau-robert-y-casa-batllo\\\/#primaryimage\"},\"image\":{\"@id\":\"https:\\\/\\\/www.sindicaturabarcelona.cat\\\/es\\\/recuperacion-barandillas-historicas-metro-palau-robert-y-casa-batllo\\\/#primaryimage\"},\"thumbnailUrl\":\"https:\\\/\\\/www.sindicaturabarcelona.cat\\\/wp-content\\\/uploads\\\/2021\\\/08\\\/9626_HBCN-Enllumenat-Passeig-de-Gracia-18-06-2014-LC01-1.jpg\",\"datePublished\":\"2021-08-24T11:30:00+00:00\",\"dateModified\":\"2021-09-14T10:15:57+00:00\",\"description\":\"Necesidad de planificar acciones concretas para recuperar las barandillas hist\u00f3ricas del acceso al metro de Palau Robert y la Casa Batll\u00f3.\",\"breadcrumb\":{\"@id\":\"https:\\\/\\\/www.sindicaturabarcelona.cat\\\/es\\\/recuperacion-barandillas-historicas-metro-palau-robert-y-casa-batllo\\\/#breadcrumb\"},\"inLanguage\":\"es\",\"potentialAction\":[{\"@type\":\"ReadAction\",\"target\":[\"https:\\\/\\\/www.sindicaturabarcelona.cat\\\/es\\\/recuperacion-barandillas-historicas-metro-palau-robert-y-casa-batllo\\\/\"]}]},{\"@type\":\"ImageObject\",\"inLanguage\":\"es\",\"@id\":\"https:\\\/\\\/www.sindicaturabarcelona.cat\\\/es\\\/recuperacion-barandillas-historicas-metro-palau-robert-y-casa-batllo\\\/#primaryimage\",\"url\":\"https:\\\/\\\/www.sindicaturabarcelona.cat\\\/wp-content\\\/uploads\\\/2021\\\/08\\\/9626_HBCN-Enllumenat-Passeig-de-Gracia-18-06-2014-LC01-1.jpg\",\"contentUrl\":\"https:\\\/\\\/www.sindicaturabarcelona.cat\\\/wp-content\\\/uploads\\\/2021\\\/08\\\/9626_HBCN-Enllumenat-Passeig-de-Gracia-18-06-2014-LC01-1.jpg\",\"width\":1024,\"height\":682,\"caption\":\"Barandillas historicas\"},{\"@type\":\"BreadcrumbList\",\"@id\":\"https:\\\/\\\/www.sindicaturabarcelona.cat\\\/es\\\/recuperacion-barandillas-historicas-metro-palau-robert-y-casa-batllo\\\/#breadcrumb\",\"itemListElement\":[{\"@type\":\"ListItem\",\"position\":1,\"name\":\"Inici\",\"item\":\"https:\\\/\\\/www.sindicaturabarcelona.cat\\\/es\\\/\"},{\"@type\":\"ListItem\",\"position\":2,\"name\":\"Vil\u00e0 se\u00f1ala la necesidad de planificar las acciones concretas para la recuperaci\u00f3n de las barandillas hist\u00f3ricas del acceso al metro de Palau Robert y la Casa Batll\u00f3\"}]},{\"@type\":\"WebSite\",\"@id\":\"https:\\\/\\\/www.sindicaturabarcelona.cat\\\/es\\\/#website\",\"url\":\"https:\\\/\\\/www.sindicaturabarcelona.cat\\\/es\\\/\",\"name\":\"Sindicatura de Greuges de Barcelona\",\"description\":\"La defensoria dels teus drets\",\"publisher\":{\"@id\":\"https:\\\/\\\/www.sindicaturabarcelona.cat\\\/es\\\/#organization\"},\"potentialAction\":[{\"@type\":\"SearchAction\",\"target\":{\"@type\":\"EntryPoint\",\"urlTemplate\":\"https:\\\/\\\/www.sindicaturabarcelona.cat\\\/es\\\/?s={search_term_string}\"},\"query-input\":{\"@type\":\"PropertyValueSpecification\",\"valueRequired\":true,\"valueName\":\"search_term_string\"}}],\"inLanguage\":\"es\"},{\"@type\":\"Organization\",\"@id\":\"https:\\\/\\\/www.sindicaturabarcelona.cat\\\/es\\\/#organization\",\"name\":\"Sindicatura de Greuges de Barcelona\",\"url\":\"https:\\\/\\\/www.sindicaturabarcelona.cat\\\/es\\\/\",\"logo\":{\"@type\":\"ImageObject\",\"inLanguage\":\"es\",\"@id\":\"https:\\\/\\\/www.sindicaturabarcelona.cat\\\/es\\\/#\\\/schema\\\/logo\\\/image\\\/\",\"url\":\"https:\\\/\\\/www.sindicaturabarcelona.cat\\\/wp-content\\\/uploads\\\/2023\\\/02\\\/logo_sindicatura.svg\",\"contentUrl\":\"https:\\\/\\\/www.sindicaturabarcelona.cat\\\/wp-content\\\/uploads\\\/2023\\\/02\\\/logo_sindicatura.svg\",\"caption\":\"Sindicatura de Greuges de Barcelona\"},\"image\":{\"@id\":\"https:\\\/\\\/www.sindicaturabarcelona.cat\\\/es\\\/#\\\/schema\\\/logo\\\/image\\\/\"},\"sameAs\":[\"https:\\\/\\\/x.com\\\/sindicbarcelona\",\"https:\\\/\\\/www.instagram.com\\\/sindicbarcelona\\\/\",\"https:\\\/\\\/www.tiktok.com\\\/@sindicaturabcn\",\"https:\\\/\\\/t.me\\\/sindicaturabarcelona\"]},{\"@type\":\"Person\",\"@id\":\"https:\\\/\\\/www.sindicaturabarcelona.cat\\\/es\\\/#\\\/schema\\\/person\\\/0e5acffc350ffdbc97578159322c9452\",\"name\":\"Pablo\",\"image\":{\"@type\":\"ImageObject\",\"inLanguage\":\"es\",\"@id\":\"https:\\\/\\\/secure.gravatar.com\\\/avatar\\\/c948169b402ef9492afde705c3dfd5e90e1a6a84ef6840a91124f805a25a480f?s=96&d=mm&r=g\",\"url\":\"https:\\\/\\\/secure.gravatar.com\\\/avatar\\\/c948169b402ef9492afde705c3dfd5e90e1a6a84ef6840a91124f805a25a480f?s=96&d=mm&r=g\",\"contentUrl\":\"https:\\\/\\\/secure.gravatar.com\\\/avatar\\\/c948169b402ef9492afde705c3dfd5e90e1a6a84ef6840a91124f805a25a480f?s=96&d=mm&r=g\",\"caption\":\"Pablo\"},\"url\":\"https:\\\/\\\/www.sindicaturabarcelona.cat\\\/es\\\/author\\\/pablo\\\/\"}]}<\/script>\n<!-- \/ Yoast SEO plugin. -->","yoast_head_json":{"title":"Vil\u00e0 se\u00f1ala la necesidad de planificar las acciones concretas para la recuperaci\u00f3n de las barandillas hist\u00f3ricas del acceso al metro de Palau Robert y la Casa Batll\u00f3 - Sindicatura de Greuges de Barcelona","description":"Necesidad de planificar acciones concretas para recuperar las barandillas hist\u00f3ricas del acceso al metro de Palau Robert y la Casa Batll\u00f3.","robots":{"index":"index","follow":"follow","max-snippet":"max-snippet:-1","max-image-preview":"max-image-preview:large","max-video-preview":"max-video-preview:-1"},"canonical":"https:\/\/www.sindicaturabarcelona.cat\/es\/recuperacion-barandillas-historicas-metro-palau-robert-y-casa-batllo\/","og_locale":"es_ES","og_type":"article","og_title":"Vil\u00e0 se\u00f1ala la necesidad de planificar las acciones concretas para la recuperaci\u00f3n de las barandillas hist\u00f3ricas del acceso al metro de Palau Robert y la Casa Batll\u00f3 - Sindicatura de Greuges de Barcelona","og_description":"Necesidad de planificar acciones concretas para recuperar las barandillas hist\u00f3ricas del acceso al metro de Palau Robert y la Casa Batll\u00f3.","og_url":"https:\/\/www.sindicaturabarcelona.cat\/es\/recuperacion-barandillas-historicas-metro-palau-robert-y-casa-batllo\/","og_site_name":"Sindicatura de Greuges de Barcelona","article_published_time":"2021-08-24T11:30:00+00:00","article_modified_time":"2021-09-14T10:15:57+00:00","og_image":[{"width":1024,"height":682,"url":"https:\/\/www.sindicaturabarcelona.cat\/wp-content\/uploads\/2021\/08\/9626_HBCN-Enllumenat-Passeig-de-Gracia-18-06-2014-LC01-1.jpg","type":"image\/jpeg"}],"author":"Pablo","twitter_card":"summary_large_image","twitter_creator":"@sindicbarcelona","twitter_site":"@sindicbarcelona","twitter_misc":{"Escrito por":"Pablo","Tiempo de lectura":"3 minutos"},"schema":{"@context":"https:\/\/schema.org","@graph":[{"@type":"Article","@id":"https:\/\/www.sindicaturabarcelona.cat\/es\/recuperacion-barandillas-historicas-metro-palau-robert-y-casa-batllo\/#article","isPartOf":{"@id":"https:\/\/www.sindicaturabarcelona.cat\/es\/recuperacion-barandillas-historicas-metro-palau-robert-y-casa-batllo\/"},"author":{"name":"Pablo","@id":"https:\/\/www.sindicaturabarcelona.cat\/es\/#\/schema\/person\/0e5acffc350ffdbc97578159322c9452"},"headline":"Vil\u00e0 se\u00f1ala la necesidad de planificar las acciones concretas para la recuperaci\u00f3n de las barandillas hist\u00f3ricas del acceso al metro de Palau Robert y la Casa Batll\u00f3","datePublished":"2021-08-24T11:30:00+00:00","dateModified":"2021-09-14T10:15:57+00:00","mainEntityOfPage":{"@id":"https:\/\/www.sindicaturabarcelona.cat\/es\/recuperacion-barandillas-historicas-metro-palau-robert-y-casa-batllo\/"},"wordCount":590,"publisher":{"@id":"https:\/\/www.sindicaturabarcelona.cat\/es\/#organization"},"image":{"@id":"https:\/\/www.sindicaturabarcelona.cat\/es\/recuperacion-barandillas-historicas-metro-palau-robert-y-casa-batllo\/#primaryimage"},"thumbnailUrl":"https:\/\/www.sindicaturabarcelona.cat\/wp-content\/uploads\/2021\/08\/9626_HBCN-Enllumenat-Passeig-de-Gracia-18-06-2014-LC01-1.jpg","inLanguage":"es"},{"@type":"WebPage","@id":"https:\/\/www.sindicaturabarcelona.cat\/es\/recuperacion-barandillas-historicas-metro-palau-robert-y-casa-batllo\/","url":"https:\/\/www.sindicaturabarcelona.cat\/es\/recuperacion-barandillas-historicas-metro-palau-robert-y-casa-batllo\/","name":"Vil\u00e0 se\u00f1ala la necesidad de planificar las acciones concretas para la recuperaci\u00f3n de las barandillas hist\u00f3ricas del acceso al metro de Palau Robert y la Casa Batll\u00f3 - Sindicatura de Greuges de Barcelona","isPartOf":{"@id":"https:\/\/www.sindicaturabarcelona.cat\/es\/#website"},"primaryImageOfPage":{"@id":"https:\/\/www.sindicaturabarcelona.cat\/es\/recuperacion-barandillas-historicas-metro-palau-robert-y-casa-batllo\/#primaryimage"},"image":{"@id":"https:\/\/www.sindicaturabarcelona.cat\/es\/recuperacion-barandillas-historicas-metro-palau-robert-y-casa-batllo\/#primaryimage"},"thumbnailUrl":"https:\/\/www.sindicaturabarcelona.cat\/wp-content\/uploads\/2021\/08\/9626_HBCN-Enllumenat-Passeig-de-Gracia-18-06-2014-LC01-1.jpg","datePublished":"2021-08-24T11:30:00+00:00","dateModified":"2021-09-14T10:15:57+00:00","description":"Necesidad de planificar acciones concretas para recuperar las barandillas hist\u00f3ricas del acceso al metro de Palau Robert y la Casa Batll\u00f3.","breadcrumb":{"@id":"https:\/\/www.sindicaturabarcelona.cat\/es\/recuperacion-barandillas-historicas-metro-palau-robert-y-casa-batllo\/#breadcrumb"},"inLanguage":"es","potentialAction":[{"@type":"ReadAction","target":["https:\/\/www.sindicaturabarcelona.cat\/es\/recuperacion-barandillas-historicas-metro-palau-robert-y-casa-batllo\/"]}]},{"@type":"ImageObject","inLanguage":"es","@id":"https:\/\/www.sindicaturabarcelona.cat\/es\/recuperacion-barandillas-historicas-metro-palau-robert-y-casa-batllo\/#primaryimage","url":"https:\/\/www.sindicaturabarcelona.cat\/wp-content\/uploads\/2021\/08\/9626_HBCN-Enllumenat-Passeig-de-Gracia-18-06-2014-LC01-1.jpg","contentUrl":"https:\/\/www.sindicaturabarcelona.cat\/wp-content\/uploads\/2021\/08\/9626_HBCN-Enllumenat-Passeig-de-Gracia-18-06-2014-LC01-1.jpg","width":1024,"height":682,"caption":"Barandillas historicas"},{"@type":"BreadcrumbList","@id":"https:\/\/www.sindicaturabarcelona.cat\/es\/recuperacion-barandillas-historicas-metro-palau-robert-y-casa-batllo\/#breadcrumb","itemListElement":[{"@type":"ListItem","position":1,"name":"Inici","item":"https:\/\/www.sindicaturabarcelona.cat\/es\/"},{"@type":"ListItem","position":2,"name":"Vil\u00e0 se\u00f1ala la necesidad de planificar las acciones concretas para la recuperaci\u00f3n de las barandillas hist\u00f3ricas del acceso al metro de Palau Robert y la Casa Batll\u00f3"}]},{"@type":"WebSite","@id":"https:\/\/www.sindicaturabarcelona.cat\/es\/#website","url":"https:\/\/www.sindicaturabarcelona.cat\/es\/","name":"Sindicatura de Greuges de Barcelona","description":"La defensoria dels teus drets","publisher":{"@id":"https:\/\/www.sindicaturabarcelona.cat\/es\/#organization"},"potentialAction":[{"@type":"SearchAction","target":{"@type":"EntryPoint","urlTemplate":"https:\/\/www.sindicaturabarcelona.cat\/es\/?s={search_term_string}"},"query-input":{"@type":"PropertyValueSpecification","valueRequired":true,"valueName":"search_term_string"}}],"inLanguage":"es"},{"@type":"Organization","@id":"https:\/\/www.sindicaturabarcelona.cat\/es\/#organization","name":"Sindicatura de Greuges de Barcelona","url":"https:\/\/www.sindicaturabarcelona.cat\/es\/","logo":{"@type":"ImageObject","inLanguage":"es","@id":"https:\/\/www.sindicaturabarcelona.cat\/es\/#\/schema\/logo\/image\/","url":"https:\/\/www.sindicaturabarcelona.cat\/wp-content\/uploads\/2023\/02\/logo_sindicatura.svg","contentUrl":"https:\/\/www.sindicaturabarcelona.cat\/wp-content\/uploads\/2023\/02\/logo_sindicatura.svg","caption":"Sindicatura de Greuges de Barcelona"},"image":{"@id":"https:\/\/www.sindicaturabarcelona.cat\/es\/#\/schema\/logo\/image\/"},"sameAs":["https:\/\/x.com\/sindicbarcelona","https:\/\/www.instagram.com\/sindicbarcelona\/","https:\/\/www.tiktok.com\/@sindicaturabcn","https:\/\/t.me\/sindicaturabarcelona"]},{"@type":"Person","@id":"https:\/\/www.sindicaturabarcelona.cat\/es\/#\/schema\/person\/0e5acffc350ffdbc97578159322c9452","name":"Pablo","image":{"@type":"ImageObject","inLanguage":"es","@id":"https:\/\/secure.gravatar.com\/avatar\/c948169b402ef9492afde705c3dfd5e90e1a6a84ef6840a91124f805a25a480f?s=96&d=mm&r=g","url":"https:\/\/secure.gravatar.com\/avatar\/c948169b402ef9492afde705c3dfd5e90e1a6a84ef6840a91124f805a25a480f?s=96&d=mm&r=g","contentUrl":"https:\/\/secure.gravatar.com\/avatar\/c948169b402ef9492afde705c3dfd5e90e1a6a84ef6840a91124f805a25a480f?s=96&d=mm&r=g","caption":"Pablo"},"url":"https:\/\/www.sindicaturabarcelona.cat\/es\/author\/pablo\/"}]}},"_links":{"self":[{"href":"https:\/\/www.sindicaturabarcelona.cat\/es\/wp-json\/wp\/v2\/posts\/12743","targetHints":{"allow":["GET"]}}],"collection":[{"href":"https:\/\/www.sindicaturabarcelona.cat\/es\/wp-json\/wp\/v2\/posts"}],"about":[{"href":"https:\/\/www.sindicaturabarcelona.cat\/es\/wp-json\/wp\/v2\/types\/post"}],"author":[{"embeddable":true,"href":"https:\/\/www.sindicaturabarcelona.cat\/es\/wp-json\/wp\/v2\/users\/2"}],"replies":[{"embeddable":true,"href":"https:\/\/www.sindicaturabarcelona.cat\/es\/wp-json\/wp\/v2\/comments?post=12743"}],"version-history":[{"count":0,"href":"https:\/\/www.sindicaturabarcelona.cat\/es\/wp-json\/wp\/v2\/posts\/12743\/revisions"}],"wp:featuredmedia":[{"embeddable":true,"href":"https:\/\/www.sindicaturabarcelona.cat\/es\/wp-json\/wp\/v2\/media\/12744"}],"wp:attachment":[{"href":"https:\/\/www.sindicaturabarcelona.cat\/es\/wp-json\/wp\/v2\/media?parent=12743"}],"wp:term":[{"taxonomy":"post_tag","embeddable":true,"href":"https:\/\/www.sindicaturabarcelona.cat\/es\/wp-json\/wp\/v2\/tags?post=12743"},{"taxonomy":"drets","embeddable":true,"href":"https:\/\/www.sindicaturabarcelona.cat\/es\/wp-json\/wp\/v2\/drets?post=12743"}],"curies":[{"name":"wp","href":"https:\/\/api.w.org\/{rel}","templated":true}]}}