{"id":12734,"date":"2021-08-13T12:23:39","date_gmt":"2021-08-13T10:23:39","guid":{"rendered":"https:\/\/www.sindicabarcelona.cat\/?p=12734"},"modified":"2021-09-14T12:16:32","modified_gmt":"2021-09-14T10:16:32","slug":"potencial-zona-verde-les-corts","status":"publish","type":"post","link":"https:\/\/www.sindicaturabarcelona.cat\/es\/potencial-zona-verde-les-corts\/","title":{"rendered":"La s\u00edndica pide el replanteamiento futuro de una potencial zona verde en un espacio de les Corts que actualmente cumple la funci\u00f3n de aparcamiento"},"content":{"rendered":"\n<p class=\"has-text-align-justify\">Despu\u00e9s de la denuncia del vecindario de les Corts, la s\u00edndica de greuges de Barcelona ha recomendado que se adec\u00fae la planificaci\u00f3n de un espacio del Distrito que actualmente cumple la funci\u00f3n de aparcamiento, para convertirlo en verde y dotarlo de coherencia con el objetivo de tener una ciudad m\u00e1s sostenible y verde.<br><br>La <a href=\"https:\/\/www.sindicaturabarcelona.cat\/es\/\" target=\"_blank\" aria-label=\"Sindicatura de Greuges de Barcelona (opens in a new tab)\" rel=\"noreferrer noopener\" class=\"ek-link\">Sindicatura de Greuges de Barcelona<\/a> ha recibido el malestar ciudadano en el que se expone la <strong>disconformidad con el Ayuntamiento por el no desarrollo de un espacio calificado de zona verde en la isla formada por las calles Benavent, Felipe de Paz, Comandant Ben\u00edtez y travessera de les Corts, donde hay un parking provisional de coches, con deficiencias de conservaci\u00f3n<\/strong>. El ciudadano explica que el Distrito lo inform\u00f3 que no se encontraba previsto desarrollar la zona verde que el planeamiento hace a\u00f1os que prev\u00e9, situaci\u00f3n que considera un grave perjuicio para el vecindario de la zona, que en lugar de disfrutar de la zona verde prevista tienen que sufrir un parking con las molestias que comporta y un espacio que no se encuentra debidamente mantenido.<strong><br><\/strong><\/p>\n\n\n\n<h4 class=\"wp-block-heading\"><strong>Actuaciones previstas en les Corts<\/strong><\/h4>\n\n\n\n<p class=\"has-text-align-justify\">Es necesario citar que todos los distritos de Barcelona est\u00e1n adoptando medidas de Gobierno de declaraci\u00f3n de emergencia clim\u00e1tica, en las que la ciudad plantea siete grandes cambios de modelo. Dentro de estos cambios se destaca, como retos m\u00e1s relevantes, incrementar el verde urbano y conseguir que se distribuya de manera equilibrada en todo el territorio, a la vez que transformar el espacio p\u00fablico para mejorar las condiciones ambientales y de salud. Tambi\u00e9n se manifiesta en este cambio de modelo que se debe recuperar el espacio destinado al veh\u00edculo privado para el uso social, como ha sido por ejemplo la implementaci\u00f3n de las\u00a0superilles\u00a0y el incremento de verde urbano.<\/p>\n\n\n\n<p class=\"has-text-align-justify\">En <a href=\"https:\/\/ajuntament.barcelona.cat\/lescorts\/es\" target=\"_blank\" aria-label=\"les Corts (opens in a new tab)\" rel=\"noreferrer noopener\" class=\"ek-link\">les Corts<\/a>, dentro de las actuaciones clave de verde urbano, destaca: mejorar el mantenimiento de los parques del Distrito, sus condiciones y sus usos, como es el parque Cervantes, los jardines de\u00a0Bacard\u00ed\u00a0y los jardines de Clara Campoamor; redactar el nuevo espacio verde p\u00fablico en la calle de John M. Keynes, y urbanizar la nueva zona verde de la avenida de la Mare de D\u00e9u de Lorda y el nuevo espacio verde de Europa-Anglesola.<\/p>\n\n\n\n<h4 class=\"wp-block-heading\"><strong>La isla de calles protagonista de la queja<\/strong><\/h4>\n\n\n\n<p class=\"has-text-align-justify\">Dentro de la isla formada por las calles Benavent, Felipe de Paz, Comandant Ben\u00edtez y travessera de las Cortes, falta por urbanizar un solar destinado a zona verde. Este espacio tiene una calificaci\u00f3n de&nbsp;6b&nbsp;Parcs i Jardins de nueva creaci\u00f3n de car\u00e1cter local desde hace muchos a\u00f1os, que se mantuvo en la \u00faltima Modificaci\u00f3n del Plan Especial de Reforma Interior del sector&nbsp;Bacard\u00ed&nbsp;del a\u00f1o 1999.<\/p>\n\n\n\n<p class=\"has-text-align-justify\"><strong>Esta provisionalidad como parking, seg\u00fan ha informado el Ayuntamiento, no tiene fecha de finalizaci\u00f3n, puesto que no hay ninguna previsi\u00f3n y no se encuentra entre las actuaciones a priorizar para crear zona verde, de acuerdo con el Plan de Actuaci\u00f3n del Distrito para el periodo 2020-2024.<br>Sin embargo, a pesar de que, como se ha comentado en el punto anterior, el espacio objeto de an\u00e1lisis est\u00e1 calificado de espacio verde en el planeamiento especial, nada se dice de este espacio en las medidas municipales. Por lo tanto, parece que se renuncie a su implementaci\u00f3n como zona verde en un futuro, a pesar de que hacerlo reforzar\u00eda todas las l\u00edneas estrat\u00e9gicas y objetivos que ha marcado el Ayuntamiento. Adem\u00e1s, se dar\u00eda cumplimiento al planeamiento previsto desde hace muchos a\u00f1os.<\/strong><br><br>Finalmente, se tiene que remarcar tambi\u00e9n la mejora en el paisaje urbano que supondr\u00eda para el vecindario de la zona, puesto que no solo se trata de posibles deficiencias en el mantenimiento del espacio (que el Ayuntamiento informa que han sido corregidas), sino del derecho de la ciudadan\u00eda a disfrutar de un paisaje urbano arm\u00f3nico, y a la mejora, protecci\u00f3n y mantenimiento de este y de la imagen de la ciudad, que queda desvirtuado actualmente con el uso que se hace del espacio como aparcamiento de coches.<\/p>\n","protected":false},"excerpt":{"rendered":"<p>Despu\u00e9s de la denuncia del vecindario de les Corts, la s\u00edndica de greuges de Barcelona ha recomendado que se adec\u00fae la planificaci\u00f3n de un espacio del Distrito que actualmente cumple [&hellip;]<\/p>\n","protected":false},"author":2,"featured_media":12735,"comment_status":"closed","ping_status":"open","sticky":false,"template":"","format":"standard","meta":{"_acf_changed":false,"footnotes":""},"tags":[],"drets":[],"class_list":["post-12734","post","type-post","status-publish","format-standard","has-post-thumbnail","hentry"],"acf":[],"yoast_head":"<!-- This site is optimized with the Yoast SEO plugin v27.5 - https:\/\/yoast.com\/product\/yoast-seo-wordpress\/ -->\n<title>La s\u00edndica pide el replanteamiento futuro de una potencial zona verde en un espacio de les Corts que actualmente cumple la funci\u00f3n de aparcamiento - Sindicatura de Greuges de Barcelona<\/title>\n<meta name=\"description\" content=\"Replanteamiento futuro de una potencial zona verde en un espacio de les Corts que actualmente cumple la funci\u00f3n de aparcamiento.\" \/>\n<meta name=\"robots\" content=\"index, follow, max-snippet:-1, max-image-preview:large, max-video-preview:-1\" \/>\n<link rel=\"canonical\" href=\"https:\/\/www.sindicaturabarcelona.cat\/es\/potencial-zona-verde-les-corts\/\" \/>\n<meta property=\"og:locale\" content=\"es_ES\" \/>\n<meta property=\"og:type\" content=\"article\" \/>\n<meta property=\"og:title\" content=\"La s\u00edndica pide el replanteamiento futuro de una potencial zona verde en un espacio de les Corts que actualmente cumple la funci\u00f3n de aparcamiento - Sindicatura de Greuges de Barcelona\" \/>\n<meta property=\"og:description\" content=\"Replanteamiento futuro de una potencial zona verde en un espacio de les Corts que actualmente cumple la funci\u00f3n de aparcamiento.\" \/>\n<meta property=\"og:url\" content=\"https:\/\/www.sindicaturabarcelona.cat\/es\/potencial-zona-verde-les-corts\/\" \/>\n<meta property=\"og:site_name\" content=\"Sindicatura de Greuges de Barcelona\" \/>\n<meta property=\"article:published_time\" content=\"2021-08-13T10:23:39+00:00\" \/>\n<meta property=\"article:modified_time\" content=\"2021-09-14T10:16:32+00:00\" \/>\n<meta property=\"og:image\" content=\"https:\/\/www.sindicaturabarcelona.cat\/wp-content\/uploads\/2021\/08\/Espai-verd-Les-Corts-1.png\" \/>\n\t<meta property=\"og:image:width\" content=\"941\" \/>\n\t<meta property=\"og:image:height\" content=\"565\" \/>\n\t<meta property=\"og:image:type\" content=\"image\/png\" \/>\n<meta name=\"author\" content=\"Pablo\" \/>\n<meta name=\"twitter:card\" content=\"summary_large_image\" \/>\n<meta name=\"twitter:creator\" content=\"@sindicbarcelona\" \/>\n<meta name=\"twitter:site\" content=\"@sindicbarcelona\" \/>\n<meta name=\"twitter:label1\" content=\"Escrito por\" \/>\n\t<meta name=\"twitter:data1\" content=\"Pablo\" \/>\n\t<meta name=\"twitter:label2\" content=\"Tiempo de lectura\" \/>\n\t<meta name=\"twitter:data2\" content=\"4 minutos\" \/>\n<script type=\"application\/ld+json\" class=\"yoast-schema-graph\">{\"@context\":\"https:\\\/\\\/schema.org\",\"@graph\":[{\"@type\":\"Article\",\"@id\":\"https:\\\/\\\/www.sindicaturabarcelona.cat\\\/es\\\/potencial-zona-verde-les-corts\\\/#article\",\"isPartOf\":{\"@id\":\"https:\\\/\\\/www.sindicaturabarcelona.cat\\\/es\\\/potencial-zona-verde-les-corts\\\/\"},\"author\":{\"name\":\"Pablo\",\"@id\":\"https:\\\/\\\/www.sindicaturabarcelona.cat\\\/es\\\/#\\\/schema\\\/person\\\/0e5acffc350ffdbc97578159322c9452\"},\"headline\":\"La s\u00edndica pide el replanteamiento futuro de una potencial zona verde en un espacio de les Corts que actualmente cumple la funci\u00f3n de aparcamiento\",\"datePublished\":\"2021-08-13T10:23:39+00:00\",\"dateModified\":\"2021-09-14T10:16:32+00:00\",\"mainEntityOfPage\":{\"@id\":\"https:\\\/\\\/www.sindicaturabarcelona.cat\\\/es\\\/potencial-zona-verde-les-corts\\\/\"},\"wordCount\":733,\"publisher\":{\"@id\":\"https:\\\/\\\/www.sindicaturabarcelona.cat\\\/es\\\/#organization\"},\"image\":{\"@id\":\"https:\\\/\\\/www.sindicaturabarcelona.cat\\\/es\\\/potencial-zona-verde-les-corts\\\/#primaryimage\"},\"thumbnailUrl\":\"https:\\\/\\\/www.sindicaturabarcelona.cat\\\/wp-content\\\/uploads\\\/2021\\\/08\\\/Espai-verd-Les-Corts-1.png\",\"inLanguage\":\"es\"},{\"@type\":\"WebPage\",\"@id\":\"https:\\\/\\\/www.sindicaturabarcelona.cat\\\/es\\\/potencial-zona-verde-les-corts\\\/\",\"url\":\"https:\\\/\\\/www.sindicaturabarcelona.cat\\\/es\\\/potencial-zona-verde-les-corts\\\/\",\"name\":\"La s\u00edndica pide el replanteamiento futuro de una potencial zona verde en un espacio de les Corts que actualmente cumple la funci\u00f3n de aparcamiento - Sindicatura de Greuges de Barcelona\",\"isPartOf\":{\"@id\":\"https:\\\/\\\/www.sindicaturabarcelona.cat\\\/es\\\/#website\"},\"primaryImageOfPage\":{\"@id\":\"https:\\\/\\\/www.sindicaturabarcelona.cat\\\/es\\\/potencial-zona-verde-les-corts\\\/#primaryimage\"},\"image\":{\"@id\":\"https:\\\/\\\/www.sindicaturabarcelona.cat\\\/es\\\/potencial-zona-verde-les-corts\\\/#primaryimage\"},\"thumbnailUrl\":\"https:\\\/\\\/www.sindicaturabarcelona.cat\\\/wp-content\\\/uploads\\\/2021\\\/08\\\/Espai-verd-Les-Corts-1.png\",\"datePublished\":\"2021-08-13T10:23:39+00:00\",\"dateModified\":\"2021-09-14T10:16:32+00:00\",\"description\":\"Replanteamiento futuro de una potencial zona verde en un espacio de les Corts que actualmente cumple la funci\u00f3n de aparcamiento.\",\"breadcrumb\":{\"@id\":\"https:\\\/\\\/www.sindicaturabarcelona.cat\\\/es\\\/potencial-zona-verde-les-corts\\\/#breadcrumb\"},\"inLanguage\":\"es\",\"potentialAction\":[{\"@type\":\"ReadAction\",\"target\":[\"https:\\\/\\\/www.sindicaturabarcelona.cat\\\/es\\\/potencial-zona-verde-les-corts\\\/\"]}]},{\"@type\":\"ImageObject\",\"inLanguage\":\"es\",\"@id\":\"https:\\\/\\\/www.sindicaturabarcelona.cat\\\/es\\\/potencial-zona-verde-les-corts\\\/#primaryimage\",\"url\":\"https:\\\/\\\/www.sindicaturabarcelona.cat\\\/wp-content\\\/uploads\\\/2021\\\/08\\\/Espai-verd-Les-Corts-1.png\",\"contentUrl\":\"https:\\\/\\\/www.sindicaturabarcelona.cat\\\/wp-content\\\/uploads\\\/2021\\\/08\\\/Espai-verd-Les-Corts-1.png\",\"width\":941,\"height\":565,\"caption\":\"Espacio verde Les Corts\"},{\"@type\":\"BreadcrumbList\",\"@id\":\"https:\\\/\\\/www.sindicaturabarcelona.cat\\\/es\\\/potencial-zona-verde-les-corts\\\/#breadcrumb\",\"itemListElement\":[{\"@type\":\"ListItem\",\"position\":1,\"name\":\"Inici\",\"item\":\"https:\\\/\\\/www.sindicaturabarcelona.cat\\\/es\\\/\"},{\"@type\":\"ListItem\",\"position\":2,\"name\":\"La s\u00edndica pide el replanteamiento futuro de una potencial zona verde en un espacio de les Corts que actualmente cumple la funci\u00f3n de aparcamiento\"}]},{\"@type\":\"WebSite\",\"@id\":\"https:\\\/\\\/www.sindicaturabarcelona.cat\\\/es\\\/#website\",\"url\":\"https:\\\/\\\/www.sindicaturabarcelona.cat\\\/es\\\/\",\"name\":\"Sindicatura de Greuges de Barcelona\",\"description\":\"La defensoria dels teus drets\",\"publisher\":{\"@id\":\"https:\\\/\\\/www.sindicaturabarcelona.cat\\\/es\\\/#organization\"},\"potentialAction\":[{\"@type\":\"SearchAction\",\"target\":{\"@type\":\"EntryPoint\",\"urlTemplate\":\"https:\\\/\\\/www.sindicaturabarcelona.cat\\\/es\\\/?s={search_term_string}\"},\"query-input\":{\"@type\":\"PropertyValueSpecification\",\"valueRequired\":true,\"valueName\":\"search_term_string\"}}],\"inLanguage\":\"es\"},{\"@type\":\"Organization\",\"@id\":\"https:\\\/\\\/www.sindicaturabarcelona.cat\\\/es\\\/#organization\",\"name\":\"Sindicatura de Greuges de Barcelona\",\"url\":\"https:\\\/\\\/www.sindicaturabarcelona.cat\\\/es\\\/\",\"logo\":{\"@type\":\"ImageObject\",\"inLanguage\":\"es\",\"@id\":\"https:\\\/\\\/www.sindicaturabarcelona.cat\\\/es\\\/#\\\/schema\\\/logo\\\/image\\\/\",\"url\":\"https:\\\/\\\/www.sindicaturabarcelona.cat\\\/wp-content\\\/uploads\\\/2023\\\/02\\\/logo_sindicatura.svg\",\"contentUrl\":\"https:\\\/\\\/www.sindicaturabarcelona.cat\\\/wp-content\\\/uploads\\\/2023\\\/02\\\/logo_sindicatura.svg\",\"caption\":\"Sindicatura de Greuges de Barcelona\"},\"image\":{\"@id\":\"https:\\\/\\\/www.sindicaturabarcelona.cat\\\/es\\\/#\\\/schema\\\/logo\\\/image\\\/\"},\"sameAs\":[\"https:\\\/\\\/x.com\\\/sindicbarcelona\",\"https:\\\/\\\/www.instagram.com\\\/sindicbarcelona\\\/\",\"https:\\\/\\\/www.tiktok.com\\\/@sindicaturabcn\",\"https:\\\/\\\/t.me\\\/sindicaturabarcelona\"]},{\"@type\":\"Person\",\"@id\":\"https:\\\/\\\/www.sindicaturabarcelona.cat\\\/es\\\/#\\\/schema\\\/person\\\/0e5acffc350ffdbc97578159322c9452\",\"name\":\"Pablo\",\"image\":{\"@type\":\"ImageObject\",\"inLanguage\":\"es\",\"@id\":\"https:\\\/\\\/secure.gravatar.com\\\/avatar\\\/c948169b402ef9492afde705c3dfd5e90e1a6a84ef6840a91124f805a25a480f?s=96&d=mm&r=g\",\"url\":\"https:\\\/\\\/secure.gravatar.com\\\/avatar\\\/c948169b402ef9492afde705c3dfd5e90e1a6a84ef6840a91124f805a25a480f?s=96&d=mm&r=g\",\"contentUrl\":\"https:\\\/\\\/secure.gravatar.com\\\/avatar\\\/c948169b402ef9492afde705c3dfd5e90e1a6a84ef6840a91124f805a25a480f?s=96&d=mm&r=g\",\"caption\":\"Pablo\"},\"url\":\"https:\\\/\\\/www.sindicaturabarcelona.cat\\\/es\\\/author\\\/pablo\\\/\"}]}<\/script>\n<!-- \/ Yoast SEO plugin. -->","yoast_head_json":{"title":"La s\u00edndica pide el replanteamiento futuro de una potencial zona verde en un espacio de les Corts que actualmente cumple la funci\u00f3n de aparcamiento - Sindicatura de Greuges de Barcelona","description":"Replanteamiento futuro de una potencial zona verde en un espacio de les Corts que actualmente cumple la funci\u00f3n de aparcamiento.","robots":{"index":"index","follow":"follow","max-snippet":"max-snippet:-1","max-image-preview":"max-image-preview:large","max-video-preview":"max-video-preview:-1"},"canonical":"https:\/\/www.sindicaturabarcelona.cat\/es\/potencial-zona-verde-les-corts\/","og_locale":"es_ES","og_type":"article","og_title":"La s\u00edndica pide el replanteamiento futuro de una potencial zona verde en un espacio de les Corts que actualmente cumple la funci\u00f3n de aparcamiento - Sindicatura de Greuges de Barcelona","og_description":"Replanteamiento futuro de una potencial zona verde en un espacio de les Corts que actualmente cumple la funci\u00f3n de aparcamiento.","og_url":"https:\/\/www.sindicaturabarcelona.cat\/es\/potencial-zona-verde-les-corts\/","og_site_name":"Sindicatura de Greuges de Barcelona","article_published_time":"2021-08-13T10:23:39+00:00","article_modified_time":"2021-09-14T10:16:32+00:00","og_image":[{"width":941,"height":565,"url":"https:\/\/www.sindicaturabarcelona.cat\/wp-content\/uploads\/2021\/08\/Espai-verd-Les-Corts-1.png","type":"image\/png"}],"author":"Pablo","twitter_card":"summary_large_image","twitter_creator":"@sindicbarcelona","twitter_site":"@sindicbarcelona","twitter_misc":{"Escrito por":"Pablo","Tiempo de lectura":"4 minutos"},"schema":{"@context":"https:\/\/schema.org","@graph":[{"@type":"Article","@id":"https:\/\/www.sindicaturabarcelona.cat\/es\/potencial-zona-verde-les-corts\/#article","isPartOf":{"@id":"https:\/\/www.sindicaturabarcelona.cat\/es\/potencial-zona-verde-les-corts\/"},"author":{"name":"Pablo","@id":"https:\/\/www.sindicaturabarcelona.cat\/es\/#\/schema\/person\/0e5acffc350ffdbc97578159322c9452"},"headline":"La s\u00edndica pide el replanteamiento futuro de una potencial zona verde en un espacio de les Corts que actualmente cumple la funci\u00f3n de aparcamiento","datePublished":"2021-08-13T10:23:39+00:00","dateModified":"2021-09-14T10:16:32+00:00","mainEntityOfPage":{"@id":"https:\/\/www.sindicaturabarcelona.cat\/es\/potencial-zona-verde-les-corts\/"},"wordCount":733,"publisher":{"@id":"https:\/\/www.sindicaturabarcelona.cat\/es\/#organization"},"image":{"@id":"https:\/\/www.sindicaturabarcelona.cat\/es\/potencial-zona-verde-les-corts\/#primaryimage"},"thumbnailUrl":"https:\/\/www.sindicaturabarcelona.cat\/wp-content\/uploads\/2021\/08\/Espai-verd-Les-Corts-1.png","inLanguage":"es"},{"@type":"WebPage","@id":"https:\/\/www.sindicaturabarcelona.cat\/es\/potencial-zona-verde-les-corts\/","url":"https:\/\/www.sindicaturabarcelona.cat\/es\/potencial-zona-verde-les-corts\/","name":"La s\u00edndica pide el replanteamiento futuro de una potencial zona verde en un espacio de les Corts que actualmente cumple la funci\u00f3n de aparcamiento - Sindicatura de Greuges de Barcelona","isPartOf":{"@id":"https:\/\/www.sindicaturabarcelona.cat\/es\/#website"},"primaryImageOfPage":{"@id":"https:\/\/www.sindicaturabarcelona.cat\/es\/potencial-zona-verde-les-corts\/#primaryimage"},"image":{"@id":"https:\/\/www.sindicaturabarcelona.cat\/es\/potencial-zona-verde-les-corts\/#primaryimage"},"thumbnailUrl":"https:\/\/www.sindicaturabarcelona.cat\/wp-content\/uploads\/2021\/08\/Espai-verd-Les-Corts-1.png","datePublished":"2021-08-13T10:23:39+00:00","dateModified":"2021-09-14T10:16:32+00:00","description":"Replanteamiento futuro de una potencial zona verde en un espacio de les Corts que actualmente cumple la funci\u00f3n de aparcamiento.","breadcrumb":{"@id":"https:\/\/www.sindicaturabarcelona.cat\/es\/potencial-zona-verde-les-corts\/#breadcrumb"},"inLanguage":"es","potentialAction":[{"@type":"ReadAction","target":["https:\/\/www.sindicaturabarcelona.cat\/es\/potencial-zona-verde-les-corts\/"]}]},{"@type":"ImageObject","inLanguage":"es","@id":"https:\/\/www.sindicaturabarcelona.cat\/es\/potencial-zona-verde-les-corts\/#primaryimage","url":"https:\/\/www.sindicaturabarcelona.cat\/wp-content\/uploads\/2021\/08\/Espai-verd-Les-Corts-1.png","contentUrl":"https:\/\/www.sindicaturabarcelona.cat\/wp-content\/uploads\/2021\/08\/Espai-verd-Les-Corts-1.png","width":941,"height":565,"caption":"Espacio verde Les Corts"},{"@type":"BreadcrumbList","@id":"https:\/\/www.sindicaturabarcelona.cat\/es\/potencial-zona-verde-les-corts\/#breadcrumb","itemListElement":[{"@type":"ListItem","position":1,"name":"Inici","item":"https:\/\/www.sindicaturabarcelona.cat\/es\/"},{"@type":"ListItem","position":2,"name":"La s\u00edndica pide el replanteamiento futuro de una potencial zona verde en un espacio de les Corts que actualmente cumple la funci\u00f3n de aparcamiento"}]},{"@type":"WebSite","@id":"https:\/\/www.sindicaturabarcelona.cat\/es\/#website","url":"https:\/\/www.sindicaturabarcelona.cat\/es\/","name":"Sindicatura de Greuges de Barcelona","description":"La defensoria dels teus drets","publisher":{"@id":"https:\/\/www.sindicaturabarcelona.cat\/es\/#organization"},"potentialAction":[{"@type":"SearchAction","target":{"@type":"EntryPoint","urlTemplate":"https:\/\/www.sindicaturabarcelona.cat\/es\/?s={search_term_string}"},"query-input":{"@type":"PropertyValueSpecification","valueRequired":true,"valueName":"search_term_string"}}],"inLanguage":"es"},{"@type":"Organization","@id":"https:\/\/www.sindicaturabarcelona.cat\/es\/#organization","name":"Sindicatura de Greuges de Barcelona","url":"https:\/\/www.sindicaturabarcelona.cat\/es\/","logo":{"@type":"ImageObject","inLanguage":"es","@id":"https:\/\/www.sindicaturabarcelona.cat\/es\/#\/schema\/logo\/image\/","url":"https:\/\/www.sindicaturabarcelona.cat\/wp-content\/uploads\/2023\/02\/logo_sindicatura.svg","contentUrl":"https:\/\/www.sindicaturabarcelona.cat\/wp-content\/uploads\/2023\/02\/logo_sindicatura.svg","caption":"Sindicatura de Greuges de Barcelona"},"image":{"@id":"https:\/\/www.sindicaturabarcelona.cat\/es\/#\/schema\/logo\/image\/"},"sameAs":["https:\/\/x.com\/sindicbarcelona","https:\/\/www.instagram.com\/sindicbarcelona\/","https:\/\/www.tiktok.com\/@sindicaturabcn","https:\/\/t.me\/sindicaturabarcelona"]},{"@type":"Person","@id":"https:\/\/www.sindicaturabarcelona.cat\/es\/#\/schema\/person\/0e5acffc350ffdbc97578159322c9452","name":"Pablo","image":{"@type":"ImageObject","inLanguage":"es","@id":"https:\/\/secure.gravatar.com\/avatar\/c948169b402ef9492afde705c3dfd5e90e1a6a84ef6840a91124f805a25a480f?s=96&d=mm&r=g","url":"https:\/\/secure.gravatar.com\/avatar\/c948169b402ef9492afde705c3dfd5e90e1a6a84ef6840a91124f805a25a480f?s=96&d=mm&r=g","contentUrl":"https:\/\/secure.gravatar.com\/avatar\/c948169b402ef9492afde705c3dfd5e90e1a6a84ef6840a91124f805a25a480f?s=96&d=mm&r=g","caption":"Pablo"},"url":"https:\/\/www.sindicaturabarcelona.cat\/es\/author\/pablo\/"}]}},"_links":{"self":[{"href":"https:\/\/www.sindicaturabarcelona.cat\/es\/wp-json\/wp\/v2\/posts\/12734","targetHints":{"allow":["GET"]}}],"collection":[{"href":"https:\/\/www.sindicaturabarcelona.cat\/es\/wp-json\/wp\/v2\/posts"}],"about":[{"href":"https:\/\/www.sindicaturabarcelona.cat\/es\/wp-json\/wp\/v2\/types\/post"}],"author":[{"embeddable":true,"href":"https:\/\/www.sindicaturabarcelona.cat\/es\/wp-json\/wp\/v2\/users\/2"}],"replies":[{"embeddable":true,"href":"https:\/\/www.sindicaturabarcelona.cat\/es\/wp-json\/wp\/v2\/comments?post=12734"}],"version-history":[{"count":0,"href":"https:\/\/www.sindicaturabarcelona.cat\/es\/wp-json\/wp\/v2\/posts\/12734\/revisions"}],"wp:featuredmedia":[{"embeddable":true,"href":"https:\/\/www.sindicaturabarcelona.cat\/es\/wp-json\/wp\/v2\/media\/12735"}],"wp:attachment":[{"href":"https:\/\/www.sindicaturabarcelona.cat\/es\/wp-json\/wp\/v2\/media?parent=12734"}],"wp:term":[{"taxonomy":"post_tag","embeddable":true,"href":"https:\/\/www.sindicaturabarcelona.cat\/es\/wp-json\/wp\/v2\/tags?post=12734"},{"taxonomy":"drets","embeddable":true,"href":"https:\/\/www.sindicaturabarcelona.cat\/es\/wp-json\/wp\/v2\/drets?post=12734"}],"curies":[{"name":"wp","href":"https:\/\/api.w.org\/{rel}","templated":true}]}}