{"id":12613,"date":"2021-06-15T09:31:27","date_gmt":"2021-06-15T07:31:27","guid":{"rendered":"https:\/\/www.sindicabarcelona.cat\/?p=12613"},"modified":"2021-06-15T09:33:23","modified_gmt":"2021-06-15T07:33:23","slug":"quejas-ciudadanas-continuan-y-la-t-mobilitat-sigue-sin-implementarse","status":"publish","type":"post","link":"https:\/\/www.sindicaturabarcelona.cat\/es\/quejas-ciudadanas-continuan-y-la-t-mobilitat-sigue-sin-implementarse\/","title":{"rendered":"Las quejas ciudadanas por los t\u00edtulos de transporte contin\u00faan y la T-Mobilitat sigue sin implementarse"},"content":{"rendered":"\n<h4 class=\"wp-block-heading\"><strong>Uno de los motivos de disconformidad de la ciudadan\u00eda est\u00e1 relacionado con la T-Jove y otros t\u00edtulos personalizados que requieren identificaci\u00f3n para su uso, por la imposibilidad de emitir duplicados en caso de p\u00e9rdida o sustracci\u00f3n acreditada, hecho que implica adquirir uno nuevo.<\/strong><\/h4>\n\n\n\n<h4 class=\"wp-block-heading\"><strong>El otro gran motivo de queja de las familias barcelonesas es el criterio de finalizaci\u00f3n de uso de la T-16 (31 de diciembre del a\u00f1o en el que se cumplen 16 a\u00f1os) y no por la fecha de nacimiento, como reg\u00eda anteriormente. Esto produce agravios entre los nacidos a comienzos y finales de a\u00f1o.<\/strong><\/h4>\n\n\n\n<p class=\"has-text-align-justify\">Hist\u00f3ricamente, la Sindicatura de Greuges de Barcelona ha recibido quejas y demandas ciudadanas que exponen problem\u00e1ticas relacionadas con las condiciones de uso de los t\u00edtulos de transporte: por un lado, la imposibilidad de adquirir un duplicado en los t\u00edtulos personalizados como la T-Jove u otras en caso de p\u00e9rdida o sustracci\u00f3n acreditada; y por el otro, el agravio comparativo seg\u00fan fecha de nacimiento en la caducidad de la T-16.<\/p>\n\n\n\n<p class=\"has-text-align-justify\"><strong>Este a\u00f1o, la s\u00edndica se ha vuelto a dirigir a la\u00a0ATM\u00a0(Autoritat del Transport Metropolit\u00e0) para advertir que se deben encontrar soluciones para estas problem\u00e1ticas expuestas por la imposibilidad de canje, puesto que la actuaci\u00f3n no puede seguir condicionada a una T-Mobilitat que sufre un atraso cr\u00f3nico.<\/strong> Por otro lado, desde la Sindicatura tambi\u00e9n se hace otra advertencia a la\u00a0ATM\u00a0para poner fin al agravio comparativo seg\u00fan fecha de nacimiento que sufren las personas usuarias de la T-16, y de este modo poder disponer de una cobertura igualitaria para todo el mundo. <\/p>\n\n\n\n<p class=\"has-text-align-justify\">A su vez, la defensora, adem\u00e1s de reiterar las recomendaciones ya efectuadas varias veces, quiere pedir que la informaci\u00f3n sobre los nuevos t\u00edtulos sea clara y entendedora, y que se tengan en cuenta aquellos colectivos que puedan tener m\u00e1s dificultades de adaptaci\u00f3n a los cambios y susceptibles de presentar problem\u00e1ticas con la llamada brecha digital.<\/p>\n\n\n\n<h3 class=\"wp-block-heading\"><strong>Sin fecha oficial para la T-Mobilitat<\/strong><\/h3>\n\n\n\n<p class=\"has-text-align-justify\">La s\u00edndica de greuges de Barcelona, Maria Assumpci\u00f3 Vil\u00e0, se ha dirigido a la ATM para conocer la fecha de implementaci\u00f3n de la T-Mobilitat, que te\u00f3ricamente prev\u00e9 resolver los problemas de canjes expuestos, <strong>sin que la ATM\u00a0concrete ninguna fecha oficial de aplicaci\u00f3n de este nuevo t\u00edtulo de transporte<\/strong>. <\/p>\n\n\n\n<p class=\"has-text-align-justify\">Por este motivo, <strong>la Sindicatura reitera su preocupaci\u00f3n por los perjuicios que este atraso cr\u00f3nico ha causado y sigue causando en la ciudadan\u00eda<\/strong>, a la vez que pide que se vele porque la implementaci\u00f3n progresiva del nuevo sistema no produzca agravios entre los usuarios.<br><br><strong>De hecho, tomando como referencia el 2015, momento en el que se anunciaba la T-Mobilitat, a pesar de que se hab\u00eda empezado a idear en 2013, esta Sindicatura con anterioridad ya hab\u00eda sido receptora de quejas sobre el uso de los t\u00edtulos de transporte.<\/strong> En este sentido se constata que las diferentes problem\u00e1ticas relativas a los t\u00edtulos de transporte han significado, desde el a\u00f1o 2015, la recepci\u00f3n, atenci\u00f3n, asesoramiento o estudio para la emisi\u00f3n de resoluciones de cerca de 70 expedientes, que sobre todo se refieren a la T-12, y actual T-16, y a la T-Jove.<\/p>\n\n\n\n<h3 class=\"wp-block-heading\"><strong>\u00bfQu\u00e9 caracter\u00edsticas tendr\u00e1 la T-Mobilitat?<\/strong><\/h3>\n\n\n\n<p class=\"has-text-align-justify\">La ATM ha informado a la Sindicatura de Greuges de Barcelona que, en una primera fase, la T-Mobilitat estar\u00e1 disponible para los 36 municipios del \u00c1rea Metropolitana de Barcelona y <strong>para los t\u00edtulos T-Usual, T-Jove, y las modalidades Familia Numerosa y Familia Monoparental<\/strong>. A continuaci\u00f3n, y de manera gradual, se ir\u00e1n incorporando el resto de t\u00edtulos de la actual gama de transporte integrado para facilitar a los usuarios y usuarias la adaptaci\u00f3n al cambio de modelo y sistema tecnol\u00f3gico sin contacto. Las reglas de funcionamiento tarifario de los t\u00edtulos integrados en t\u00e9rminos de caducidad, edad o vigencia ser\u00e1n las mismas en el sistema sin contacto T-Mobilitat que en el sistema magn\u00e9tico actual.<\/p>\n\n\n\n<p class=\"has-text-align-justify\">La <a href=\"https:\/\/www.atm.cat\/web\/index_es.php\" target=\"_blank\" aria-label=\"ATM (opens in a new tab)\" rel=\"noreferrer noopener\" class=\"ek-link\">ATM<\/a>\u00a0informa que la implantaci\u00f3n de la T-Mobilitat incorporar\u00e1 importantes mejoras para el usuario. <strong>Destaca la posibilidad de solicitar un duplicado en caso de robo, p\u00e9rdida o da\u00f1o, con la posibilidad de restablecer los t\u00edtulos con las mismas caracter\u00edsticas de caducidad, saldo y zonificaci\u00f3n que el original, y sin repercutir al usuario el coste del t\u00edtulo.<\/strong> Adem\u00e1s, el usuario tendr\u00e1 a su alcance herramientas de bloqueo del t\u00edtulo en caso de p\u00e9rdida o robo, evitando as\u00ed el uso fraudulento de este, y herramientas de desbloqueo, si es que recupera el original. Estas funciones estar\u00e1n disponibles en canales presenciales y digitales.<\/p>\n\n\n\n<h3 class=\"wp-block-heading\"><strong>No se han implementado soluciones temporales a la imposibilidad de canjes que sufre la ciudadan\u00eda\u00a0<\/strong><\/h3>\n\n\n\n<p class=\"has-text-align-justify\">Desde la Sindicatura de Greuges de Barcelona <strong>sorprende que con los a\u00f1os transcurridos en los que se ha reclamado una respuesta a la problem\u00e1tica que produce la imposibilidad de canjes<\/strong>, extensivo a la mayor\u00eda de t\u00edtulos personales del sistema tarifario integrado (antiguas T-Mes, T-Trimestre y actuales T-Usual y respectivas versiones bonificadas), adem\u00e1s de la T-Joven, <strong>no se haya podido buscar una alternativa para los usuarios ante el atraso cr\u00f3nico de 6 a\u00f1os (se anunci\u00f3 en 2015) que ha sufrido la implantaci\u00f3n de la T-Mobilitat<\/strong>. C\u00f3mo podr\u00eda ser, por ejemplo, un registro de usuarios similar al que se aplica para la T-16, que permitiera un control y facilitara alg\u00fan tr\u00e1mite en su favor.<\/p>\n\n\n\n<p class=\"has-text-align-justify\">Sobre este t\u00edtulo de transporte, se debe tener en cuenta que, a pesar de que se prev\u00e9 la reemisi\u00f3n en caso de p\u00e9rdida o robo, sujeta al pago de los gastos de gesti\u00f3n, hasta la recepci\u00f3n del nuevo t\u00edtulo \u2013como m\u00ednimo a partir de un mes desde el inicio de la gesti\u00f3n\u2013, el ni\u00f1o no dispone de ning\u00fan otro documento provisional y la familia tiene que asumir el coste del uso del transporte p\u00fablico de un ni\u00f1o que tiene reconocida la gratuidad. Sin embargo, s\u00ed que se posibilitan t\u00edtulos provisionales para sustituir las tarjetas que presentan defectos de funcionamiento, a la espera de la emisi\u00f3n de un nuevo t\u00edtulo.<\/p>\n\n\n\n<p class=\"has-text-align-justify\"><strong>A partir del momento en el que se empieza a evidenciar que los problemas que ten\u00eda que solucionar la T-Mobilitat no se solucionan porque es un t\u00edtulo que no ha llegado a implementarse, la Sindicatura insiste cada vez m\u00e1s en la necesidad de buscar alternativas a fin de que el atraso de la gesti\u00f3n de la Administraci\u00f3n no repercuta negativamente en la ciudadan\u00eda<\/strong>, y m\u00e1s cuando se trata de usuarios habituales del transporte p\u00fablico (por el tipo de t\u00edtulo de transporte afectado). Se debe tener en cuenta que este medio de transporte tiene que configurar el eje central de la movilidad en la ciudad, por lo cual se considera fundamental la resoluci\u00f3n de problem\u00e1ticas que no facilitan ni incentivan su uso.<\/p>\n\n\n\n<p class=\"has-text-align-justify\">En este sentido, desde la Sindicatura, en diciembre del 2018 se reiteran recomendaciones sobre:<\/p>\n\n\n\n<ul class=\"wp-block-list\"><li><em>La revisi\u00f3n de las condiciones de uso de los t\u00edtulos de transporte, en especial en los personalizados, a efectos que se establezcan medidas que permitan establecer canjes o compensaciones en caso de p\u00e9rdida y sobre todo en caso de robo acreditado por medio de denuncia policial de su titular, a la espera de la implantaci\u00f3n de la T-Mobilitat.<\/em><\/li><li><em>Gestionar la recuperaci\u00f3n y devoluci\u00f3n a su titular de aquellos t\u00edtulos que puedan ser interceptados con motivo de acciones de revisi\u00f3n y control.<\/em><\/li><li><em>La mejora y clarificaci\u00f3n de la informaci\u00f3n sobre las condiciones de uso de los t\u00edtulos de transporte, en especial la imposibilidad de canje o compensaci\u00f3n en caso de p\u00e9rdida o sustracci\u00f3n de los t\u00edtulos de transporte.<\/em><\/li><\/ul>\n\n\n\n<p class=\"has-text-align-justify\">En mayo del 2019, en respuesta a aquellas recomendaciones, a pesar de que se indicaba que se hab\u00edan efectuado acciones comunicativas a los usuarios para la prevenci\u00f3n en la p\u00e9rdida de las tarjetas de transporte, se informaba que estas se reforzar\u00edan a fin de concienciar los usuarios sobre la importancia del cuidado de sus t\u00edtulos. Sin embargo, <strong>en relaci\u00f3n con los canjes se reiteraba su imposibilidad hasta la entrada del nuevo sistema<\/strong>, <strong>el primer semestre del a\u00f1o 2020. Estamos en el segundo semestre del a\u00f1o 2021 y la T-Mobilitat sigue sin implementarse.<\/strong><\/p>\n\n\n\n<h3 class=\"wp-block-heading\"><strong>La T-16 genera un agravio comparativo seg\u00fan fecha de nacimiento<\/strong><\/h3>\n\n\n\n<p class=\"has-text-align-justify\">Ante la evoluci\u00f3n de la T-12 hacia la T-16, durante marzo de 2017 la s\u00edndica ya destacaba que las modificaciones efectuadas no preve\u00edan disponer de t\u00edtulos provisionales en los casos de p\u00e9rdida, hurto y sobre todo de robo, ni la optimizaci\u00f3n de los procesos de costes y gesti\u00f3n.<\/p>\n\n\n\n<p class=\"has-text-align-justify\">Aunque fue una buena noticia la ampliaci\u00f3n del t\u00edtulo de transporte de los 14 a los 16 a\u00f1os, <strong>se modificaba el criterio que reg\u00eda la fecha de caducidad. En lugar de ser la fecha de nacimiento, pasaba a ser el 31 de diciembre del a\u00f1o de cumplimiento de los 16 a\u00f1os. Esta condici\u00f3n generaba agravios a los nacidos a final de a\u00f1o, y pod\u00eda significar diferencias de meses o hasta casi de un a\u00f1o en el uso del t\u00edtulo de transporte de manera gratuita, con relaci\u00f3n con los adolescentes nacidos a comienzo de a\u00f1o.<\/strong><\/p>\n\n\n\n<p class=\"has-text-align-justify\">Por este motivo, en marzo del 2017 la s\u00edndica recomend\u00f3 a la representaci\u00f3n municipal de la&nbsp;ATM&nbsp;promover la modificaci\u00f3n del actual Reglamento de la T-16 con el objetivo que la limitaci\u00f3n de la finalizaci\u00f3n del uso de la T-16 no genere agravios con motivo de la fecha de nacimiento y que d\u00e9 cobertura de manera igualitaria a todos los beneficiarios hasta el d\u00eda del cumplimiento de los 17 a\u00f1os.<\/p>\n\n\n\n<p class=\"has-text-align-justify\">En febrero de 2018, desde la ATM, en respuesta a las recomendaciones efectuadas, se inform\u00f3 que la finalidad de la T-16 era dar cobertura hasta finalizar el periodo de ense\u00f1anza secundaria obligatoria (ESO), puesto que hay alumnas que acaban con 15 a\u00f1os y otros con 16, motivo por el cual se cambi\u00f3 la denominaci\u00f3n y se garantiz\u00f3 esta cobertura de escolarizaci\u00f3n obligatoria finalizando su validez el 31 de diciembre del a\u00f1o en que hacen los 16 a\u00f1os. El criterio de la fecha de cumplimiento de los 17 a\u00f1os no era el objetivo inicial de la tarjeta, puesto que se habr\u00eda finalizado la ESO. A\u00f1adieron que no se concret\u00f3 hasta el d\u00eda del cumplimiento de los 16 a\u00f1os para no discriminar negativamente los alumnos de 4\u00ba nacidos en el primer semestre.<\/p>\n\n\n\n<p class=\"has-text-align-justify\"><strong>Sin embargo, este criterio, a parecer de la Sindicatura, como ya se ha dicho, se considera que no favorece un trato igualitario<\/strong>, y no tiene en cuenta otras circunstancias, como la repetici\u00f3n de cursos que implica diferentes edades en la finalizaci\u00f3n de la etapa escolar obligatoria. En aquel momento tambi\u00e9n se indic\u00f3 que con la implantaci\u00f3n de la T-Mobilitat, que se preve\u00eda para el 1 de enero de 2019, la T-16 seguir\u00eda con las mismas condiciones de uso, porque ya se hab\u00eda revisado y no se preve\u00eda redefinirla.<\/p>\n\n\n\n<p><a aria-label=\"Decisi\u00f3n completa de la S\u00edndica de Greuges de Barcelona (CAT): (opens in a new tab)\" href=\"https:\/\/www.sindicaturabarcelona.cat\/wp-content\/uploads\/2021\/06\/05_Transport-pui%CC%80blic-T16-TJove-i-altres.pdf\" target=\"_blank\" rel=\"noreferrer noopener\" class=\"ek-link\">Decisi\u00f3n completa de la S\u00edndica de Greuges de Barcelona (CAT)<\/a>.<\/p>\n","protected":false},"excerpt":{"rendered":"<p>Uno de los motivos de disconformidad de la ciudadan\u00eda est\u00e1 relacionado con la T-Jove y otros t\u00edtulos personalizados que requieren identificaci\u00f3n para su uso, por la imposibilidad de emitir duplicados [&hellip;]<\/p>\n","protected":false},"author":2,"featured_media":12615,"comment_status":"closed","ping_status":"open","sticky":false,"template":"","format":"standard","meta":{"_acf_changed":false,"footnotes":""},"tags":[],"drets":[],"class_list":["post-12613","post","type-post","status-publish","format-standard","has-post-thumbnail","hentry"],"acf":[],"yoast_head":"<!-- This site is optimized with the Yoast SEO plugin v27.5 - https:\/\/yoast.com\/product\/yoast-seo-wordpress\/ -->\n<title>Las quejas ciudadanas por los t\u00edtulos de transporte contin\u00faan y la T-Mobilitat sigue sin implementarse - Sindicatura de Greuges de Barcelona<\/title>\n<meta name=\"description\" content=\"Las quejas ciudadanas hacia los t\u00edtulos de transporte contin\u00faan y la T-Movilidad sigue sin implementarse.\" \/>\n<meta name=\"robots\" content=\"index, follow, max-snippet:-1, max-image-preview:large, max-video-preview:-1\" \/>\n<link rel=\"canonical\" href=\"https:\/\/www.sindicaturabarcelona.cat\/es\/quejas-ciudadanas-continuan-y-la-t-mobilitat-sigue-sin-implementarse\/\" \/>\n<meta property=\"og:locale\" content=\"es_ES\" \/>\n<meta property=\"og:type\" content=\"article\" \/>\n<meta property=\"og:title\" content=\"Las quejas ciudadanas por los t\u00edtulos de transporte contin\u00faan y la T-Mobilitat sigue sin implementarse - Sindicatura de Greuges de Barcelona\" \/>\n<meta property=\"og:description\" content=\"Las quejas ciudadanas hacia los t\u00edtulos de transporte contin\u00faan y la T-Movilidad sigue sin implementarse.\" \/>\n<meta property=\"og:url\" content=\"https:\/\/www.sindicaturabarcelona.cat\/es\/quejas-ciudadanas-continuan-y-la-t-mobilitat-sigue-sin-implementarse\/\" \/>\n<meta property=\"og:site_name\" content=\"Sindicatura de Greuges de Barcelona\" \/>\n<meta property=\"article:published_time\" content=\"2021-06-15T07:31:27+00:00\" \/>\n<meta property=\"article:modified_time\" content=\"2021-06-15T07:33:23+00:00\" \/>\n<meta property=\"og:image\" content=\"https:\/\/www.sindicaturabarcelona.cat\/wp-content\/uploads\/2021\/06\/7078_DISE-Li\u0301nia-9-Sud-del-Metro-23-2-16-VZ-04-1.jpg\" \/>\n\t<meta property=\"og:image:width\" content=\"1024\" \/>\n\t<meta property=\"og:image:height\" content=\"683\" \/>\n\t<meta property=\"og:image:type\" content=\"image\/jpeg\" \/>\n<meta name=\"author\" content=\"Pablo\" \/>\n<meta name=\"twitter:card\" content=\"summary_large_image\" \/>\n<meta name=\"twitter:creator\" content=\"@sindicbarcelona\" \/>\n<meta name=\"twitter:site\" content=\"@sindicbarcelona\" \/>\n<meta name=\"twitter:label1\" content=\"Escrito por\" \/>\n\t<meta name=\"twitter:data1\" content=\"Pablo\" \/>\n\t<meta name=\"twitter:label2\" content=\"Tiempo de lectura\" \/>\n\t<meta name=\"twitter:data2\" content=\"10 minutos\" \/>\n<script type=\"application\/ld+json\" class=\"yoast-schema-graph\">{\"@context\":\"https:\\\/\\\/schema.org\",\"@graph\":[{\"@type\":\"Article\",\"@id\":\"https:\\\/\\\/www.sindicaturabarcelona.cat\\\/es\\\/quejas-ciudadanas-continuan-y-la-t-mobilitat-sigue-sin-implementarse\\\/#article\",\"isPartOf\":{\"@id\":\"https:\\\/\\\/www.sindicaturabarcelona.cat\\\/es\\\/quejas-ciudadanas-continuan-y-la-t-mobilitat-sigue-sin-implementarse\\\/\"},\"author\":{\"name\":\"Pablo\",\"@id\":\"https:\\\/\\\/www.sindicaturabarcelona.cat\\\/es\\\/#\\\/schema\\\/person\\\/0e5acffc350ffdbc97578159322c9452\"},\"headline\":\"Las quejas ciudadanas por los t\u00edtulos de transporte contin\u00faan y la T-Mobilitat sigue sin implementarse\",\"datePublished\":\"2021-06-15T07:31:27+00:00\",\"dateModified\":\"2021-06-15T07:33:23+00:00\",\"mainEntityOfPage\":{\"@id\":\"https:\\\/\\\/www.sindicaturabarcelona.cat\\\/es\\\/quejas-ciudadanas-continuan-y-la-t-mobilitat-sigue-sin-implementarse\\\/\"},\"wordCount\":1928,\"publisher\":{\"@id\":\"https:\\\/\\\/www.sindicaturabarcelona.cat\\\/es\\\/#organization\"},\"image\":{\"@id\":\"https:\\\/\\\/www.sindicaturabarcelona.cat\\\/es\\\/quejas-ciudadanas-continuan-y-la-t-mobilitat-sigue-sin-implementarse\\\/#primaryimage\"},\"thumbnailUrl\":\"https:\\\/\\\/www.sindicaturabarcelona.cat\\\/wp-content\\\/uploads\\\/2021\\\/06\\\/7078_DISE-Li\u0301nia-9-Sud-del-Metro-23-2-16-VZ-04-1.jpg\",\"inLanguage\":\"es\"},{\"@type\":\"WebPage\",\"@id\":\"https:\\\/\\\/www.sindicaturabarcelona.cat\\\/es\\\/quejas-ciudadanas-continuan-y-la-t-mobilitat-sigue-sin-implementarse\\\/\",\"url\":\"https:\\\/\\\/www.sindicaturabarcelona.cat\\\/es\\\/quejas-ciudadanas-continuan-y-la-t-mobilitat-sigue-sin-implementarse\\\/\",\"name\":\"Las quejas ciudadanas por los t\u00edtulos de transporte contin\u00faan y la T-Mobilitat sigue sin implementarse - Sindicatura de Greuges de Barcelona\",\"isPartOf\":{\"@id\":\"https:\\\/\\\/www.sindicaturabarcelona.cat\\\/es\\\/#website\"},\"primaryImageOfPage\":{\"@id\":\"https:\\\/\\\/www.sindicaturabarcelona.cat\\\/es\\\/quejas-ciudadanas-continuan-y-la-t-mobilitat-sigue-sin-implementarse\\\/#primaryimage\"},\"image\":{\"@id\":\"https:\\\/\\\/www.sindicaturabarcelona.cat\\\/es\\\/quejas-ciudadanas-continuan-y-la-t-mobilitat-sigue-sin-implementarse\\\/#primaryimage\"},\"thumbnailUrl\":\"https:\\\/\\\/www.sindicaturabarcelona.cat\\\/wp-content\\\/uploads\\\/2021\\\/06\\\/7078_DISE-Li\u0301nia-9-Sud-del-Metro-23-2-16-VZ-04-1.jpg\",\"datePublished\":\"2021-06-15T07:31:27+00:00\",\"dateModified\":\"2021-06-15T07:33:23+00:00\",\"description\":\"Las quejas ciudadanas hacia los t\u00edtulos de transporte contin\u00faan y la T-Movilidad sigue sin implementarse.\",\"breadcrumb\":{\"@id\":\"https:\\\/\\\/www.sindicaturabarcelona.cat\\\/es\\\/quejas-ciudadanas-continuan-y-la-t-mobilitat-sigue-sin-implementarse\\\/#breadcrumb\"},\"inLanguage\":\"es\",\"potentialAction\":[{\"@type\":\"ReadAction\",\"target\":[\"https:\\\/\\\/www.sindicaturabarcelona.cat\\\/es\\\/quejas-ciudadanas-continuan-y-la-t-mobilitat-sigue-sin-implementarse\\\/\"]}]},{\"@type\":\"ImageObject\",\"inLanguage\":\"es\",\"@id\":\"https:\\\/\\\/www.sindicaturabarcelona.cat\\\/es\\\/quejas-ciudadanas-continuan-y-la-t-mobilitat-sigue-sin-implementarse\\\/#primaryimage\",\"url\":\"https:\\\/\\\/www.sindicaturabarcelona.cat\\\/wp-content\\\/uploads\\\/2021\\\/06\\\/7078_DISE-Li\u0301nia-9-Sud-del-Metro-23-2-16-VZ-04-1.jpg\",\"contentUrl\":\"https:\\\/\\\/www.sindicaturabarcelona.cat\\\/wp-content\\\/uploads\\\/2021\\\/06\\\/7078_DISE-Li\u0301nia-9-Sud-del-Metro-23-2-16-VZ-04-1.jpg\",\"width\":1024,\"height\":683,\"caption\":\"T-Mobilitat\"},{\"@type\":\"BreadcrumbList\",\"@id\":\"https:\\\/\\\/www.sindicaturabarcelona.cat\\\/es\\\/quejas-ciudadanas-continuan-y-la-t-mobilitat-sigue-sin-implementarse\\\/#breadcrumb\",\"itemListElement\":[{\"@type\":\"ListItem\",\"position\":1,\"name\":\"Inici\",\"item\":\"https:\\\/\\\/www.sindicaturabarcelona.cat\\\/es\\\/\"},{\"@type\":\"ListItem\",\"position\":2,\"name\":\"Las quejas ciudadanas por los t\u00edtulos de transporte contin\u00faan y la T-Mobilitat sigue sin implementarse\"}]},{\"@type\":\"WebSite\",\"@id\":\"https:\\\/\\\/www.sindicaturabarcelona.cat\\\/es\\\/#website\",\"url\":\"https:\\\/\\\/www.sindicaturabarcelona.cat\\\/es\\\/\",\"name\":\"Sindicatura de Greuges de Barcelona\",\"description\":\"La defensoria dels teus drets\",\"publisher\":{\"@id\":\"https:\\\/\\\/www.sindicaturabarcelona.cat\\\/es\\\/#organization\"},\"potentialAction\":[{\"@type\":\"SearchAction\",\"target\":{\"@type\":\"EntryPoint\",\"urlTemplate\":\"https:\\\/\\\/www.sindicaturabarcelona.cat\\\/es\\\/?s={search_term_string}\"},\"query-input\":{\"@type\":\"PropertyValueSpecification\",\"valueRequired\":true,\"valueName\":\"search_term_string\"}}],\"inLanguage\":\"es\"},{\"@type\":\"Organization\",\"@id\":\"https:\\\/\\\/www.sindicaturabarcelona.cat\\\/es\\\/#organization\",\"name\":\"Sindicatura de Greuges de Barcelona\",\"url\":\"https:\\\/\\\/www.sindicaturabarcelona.cat\\\/es\\\/\",\"logo\":{\"@type\":\"ImageObject\",\"inLanguage\":\"es\",\"@id\":\"https:\\\/\\\/www.sindicaturabarcelona.cat\\\/es\\\/#\\\/schema\\\/logo\\\/image\\\/\",\"url\":\"https:\\\/\\\/www.sindicaturabarcelona.cat\\\/wp-content\\\/uploads\\\/2023\\\/02\\\/logo_sindicatura.svg\",\"contentUrl\":\"https:\\\/\\\/www.sindicaturabarcelona.cat\\\/wp-content\\\/uploads\\\/2023\\\/02\\\/logo_sindicatura.svg\",\"caption\":\"Sindicatura de Greuges de Barcelona\"},\"image\":{\"@id\":\"https:\\\/\\\/www.sindicaturabarcelona.cat\\\/es\\\/#\\\/schema\\\/logo\\\/image\\\/\"},\"sameAs\":[\"https:\\\/\\\/x.com\\\/sindicbarcelona\",\"https:\\\/\\\/www.instagram.com\\\/sindicbarcelona\\\/\",\"https:\\\/\\\/www.tiktok.com\\\/@sindicaturabcn\",\"https:\\\/\\\/t.me\\\/sindicaturabarcelona\"]},{\"@type\":\"Person\",\"@id\":\"https:\\\/\\\/www.sindicaturabarcelona.cat\\\/es\\\/#\\\/schema\\\/person\\\/0e5acffc350ffdbc97578159322c9452\",\"name\":\"Pablo\",\"image\":{\"@type\":\"ImageObject\",\"inLanguage\":\"es\",\"@id\":\"https:\\\/\\\/secure.gravatar.com\\\/avatar\\\/c948169b402ef9492afde705c3dfd5e90e1a6a84ef6840a91124f805a25a480f?s=96&d=mm&r=g\",\"url\":\"https:\\\/\\\/secure.gravatar.com\\\/avatar\\\/c948169b402ef9492afde705c3dfd5e90e1a6a84ef6840a91124f805a25a480f?s=96&d=mm&r=g\",\"contentUrl\":\"https:\\\/\\\/secure.gravatar.com\\\/avatar\\\/c948169b402ef9492afde705c3dfd5e90e1a6a84ef6840a91124f805a25a480f?s=96&d=mm&r=g\",\"caption\":\"Pablo\"},\"url\":\"https:\\\/\\\/www.sindicaturabarcelona.cat\\\/es\\\/author\\\/pablo\\\/\"}]}<\/script>\n<!-- \/ Yoast SEO plugin. -->","yoast_head_json":{"title":"Las quejas ciudadanas por los t\u00edtulos de transporte contin\u00faan y la T-Mobilitat sigue sin implementarse - Sindicatura de Greuges de Barcelona","description":"Las quejas ciudadanas hacia los t\u00edtulos de transporte contin\u00faan y la T-Movilidad sigue sin implementarse.","robots":{"index":"index","follow":"follow","max-snippet":"max-snippet:-1","max-image-preview":"max-image-preview:large","max-video-preview":"max-video-preview:-1"},"canonical":"https:\/\/www.sindicaturabarcelona.cat\/es\/quejas-ciudadanas-continuan-y-la-t-mobilitat-sigue-sin-implementarse\/","og_locale":"es_ES","og_type":"article","og_title":"Las quejas ciudadanas por los t\u00edtulos de transporte contin\u00faan y la T-Mobilitat sigue sin implementarse - Sindicatura de Greuges de Barcelona","og_description":"Las quejas ciudadanas hacia los t\u00edtulos de transporte contin\u00faan y la T-Movilidad sigue sin implementarse.","og_url":"https:\/\/www.sindicaturabarcelona.cat\/es\/quejas-ciudadanas-continuan-y-la-t-mobilitat-sigue-sin-implementarse\/","og_site_name":"Sindicatura de Greuges de Barcelona","article_published_time":"2021-06-15T07:31:27+00:00","article_modified_time":"2021-06-15T07:33:23+00:00","og_image":[{"width":1024,"height":683,"url":"https:\/\/www.sindicaturabarcelona.cat\/wp-content\/uploads\/2021\/06\/7078_DISE-Li\u0301nia-9-Sud-del-Metro-23-2-16-VZ-04-1.jpg","type":"image\/jpeg"}],"author":"Pablo","twitter_card":"summary_large_image","twitter_creator":"@sindicbarcelona","twitter_site":"@sindicbarcelona","twitter_misc":{"Escrito por":"Pablo","Tiempo de lectura":"10 minutos"},"schema":{"@context":"https:\/\/schema.org","@graph":[{"@type":"Article","@id":"https:\/\/www.sindicaturabarcelona.cat\/es\/quejas-ciudadanas-continuan-y-la-t-mobilitat-sigue-sin-implementarse\/#article","isPartOf":{"@id":"https:\/\/www.sindicaturabarcelona.cat\/es\/quejas-ciudadanas-continuan-y-la-t-mobilitat-sigue-sin-implementarse\/"},"author":{"name":"Pablo","@id":"https:\/\/www.sindicaturabarcelona.cat\/es\/#\/schema\/person\/0e5acffc350ffdbc97578159322c9452"},"headline":"Las quejas ciudadanas por los t\u00edtulos de transporte contin\u00faan y la T-Mobilitat sigue sin implementarse","datePublished":"2021-06-15T07:31:27+00:00","dateModified":"2021-06-15T07:33:23+00:00","mainEntityOfPage":{"@id":"https:\/\/www.sindicaturabarcelona.cat\/es\/quejas-ciudadanas-continuan-y-la-t-mobilitat-sigue-sin-implementarse\/"},"wordCount":1928,"publisher":{"@id":"https:\/\/www.sindicaturabarcelona.cat\/es\/#organization"},"image":{"@id":"https:\/\/www.sindicaturabarcelona.cat\/es\/quejas-ciudadanas-continuan-y-la-t-mobilitat-sigue-sin-implementarse\/#primaryimage"},"thumbnailUrl":"https:\/\/www.sindicaturabarcelona.cat\/wp-content\/uploads\/2021\/06\/7078_DISE-Li\u0301nia-9-Sud-del-Metro-23-2-16-VZ-04-1.jpg","inLanguage":"es"},{"@type":"WebPage","@id":"https:\/\/www.sindicaturabarcelona.cat\/es\/quejas-ciudadanas-continuan-y-la-t-mobilitat-sigue-sin-implementarse\/","url":"https:\/\/www.sindicaturabarcelona.cat\/es\/quejas-ciudadanas-continuan-y-la-t-mobilitat-sigue-sin-implementarse\/","name":"Las quejas ciudadanas por los t\u00edtulos de transporte contin\u00faan y la T-Mobilitat sigue sin implementarse - Sindicatura de Greuges de Barcelona","isPartOf":{"@id":"https:\/\/www.sindicaturabarcelona.cat\/es\/#website"},"primaryImageOfPage":{"@id":"https:\/\/www.sindicaturabarcelona.cat\/es\/quejas-ciudadanas-continuan-y-la-t-mobilitat-sigue-sin-implementarse\/#primaryimage"},"image":{"@id":"https:\/\/www.sindicaturabarcelona.cat\/es\/quejas-ciudadanas-continuan-y-la-t-mobilitat-sigue-sin-implementarse\/#primaryimage"},"thumbnailUrl":"https:\/\/www.sindicaturabarcelona.cat\/wp-content\/uploads\/2021\/06\/7078_DISE-Li\u0301nia-9-Sud-del-Metro-23-2-16-VZ-04-1.jpg","datePublished":"2021-06-15T07:31:27+00:00","dateModified":"2021-06-15T07:33:23+00:00","description":"Las quejas ciudadanas hacia los t\u00edtulos de transporte contin\u00faan y la T-Movilidad sigue sin implementarse.","breadcrumb":{"@id":"https:\/\/www.sindicaturabarcelona.cat\/es\/quejas-ciudadanas-continuan-y-la-t-mobilitat-sigue-sin-implementarse\/#breadcrumb"},"inLanguage":"es","potentialAction":[{"@type":"ReadAction","target":["https:\/\/www.sindicaturabarcelona.cat\/es\/quejas-ciudadanas-continuan-y-la-t-mobilitat-sigue-sin-implementarse\/"]}]},{"@type":"ImageObject","inLanguage":"es","@id":"https:\/\/www.sindicaturabarcelona.cat\/es\/quejas-ciudadanas-continuan-y-la-t-mobilitat-sigue-sin-implementarse\/#primaryimage","url":"https:\/\/www.sindicaturabarcelona.cat\/wp-content\/uploads\/2021\/06\/7078_DISE-Li\u0301nia-9-Sud-del-Metro-23-2-16-VZ-04-1.jpg","contentUrl":"https:\/\/www.sindicaturabarcelona.cat\/wp-content\/uploads\/2021\/06\/7078_DISE-Li\u0301nia-9-Sud-del-Metro-23-2-16-VZ-04-1.jpg","width":1024,"height":683,"caption":"T-Mobilitat"},{"@type":"BreadcrumbList","@id":"https:\/\/www.sindicaturabarcelona.cat\/es\/quejas-ciudadanas-continuan-y-la-t-mobilitat-sigue-sin-implementarse\/#breadcrumb","itemListElement":[{"@type":"ListItem","position":1,"name":"Inici","item":"https:\/\/www.sindicaturabarcelona.cat\/es\/"},{"@type":"ListItem","position":2,"name":"Las quejas ciudadanas por los t\u00edtulos de transporte contin\u00faan y la T-Mobilitat sigue sin implementarse"}]},{"@type":"WebSite","@id":"https:\/\/www.sindicaturabarcelona.cat\/es\/#website","url":"https:\/\/www.sindicaturabarcelona.cat\/es\/","name":"Sindicatura de Greuges de Barcelona","description":"La defensoria dels teus drets","publisher":{"@id":"https:\/\/www.sindicaturabarcelona.cat\/es\/#organization"},"potentialAction":[{"@type":"SearchAction","target":{"@type":"EntryPoint","urlTemplate":"https:\/\/www.sindicaturabarcelona.cat\/es\/?s={search_term_string}"},"query-input":{"@type":"PropertyValueSpecification","valueRequired":true,"valueName":"search_term_string"}}],"inLanguage":"es"},{"@type":"Organization","@id":"https:\/\/www.sindicaturabarcelona.cat\/es\/#organization","name":"Sindicatura de Greuges de Barcelona","url":"https:\/\/www.sindicaturabarcelona.cat\/es\/","logo":{"@type":"ImageObject","inLanguage":"es","@id":"https:\/\/www.sindicaturabarcelona.cat\/es\/#\/schema\/logo\/image\/","url":"https:\/\/www.sindicaturabarcelona.cat\/wp-content\/uploads\/2023\/02\/logo_sindicatura.svg","contentUrl":"https:\/\/www.sindicaturabarcelona.cat\/wp-content\/uploads\/2023\/02\/logo_sindicatura.svg","caption":"Sindicatura de Greuges de Barcelona"},"image":{"@id":"https:\/\/www.sindicaturabarcelona.cat\/es\/#\/schema\/logo\/image\/"},"sameAs":["https:\/\/x.com\/sindicbarcelona","https:\/\/www.instagram.com\/sindicbarcelona\/","https:\/\/www.tiktok.com\/@sindicaturabcn","https:\/\/t.me\/sindicaturabarcelona"]},{"@type":"Person","@id":"https:\/\/www.sindicaturabarcelona.cat\/es\/#\/schema\/person\/0e5acffc350ffdbc97578159322c9452","name":"Pablo","image":{"@type":"ImageObject","inLanguage":"es","@id":"https:\/\/secure.gravatar.com\/avatar\/c948169b402ef9492afde705c3dfd5e90e1a6a84ef6840a91124f805a25a480f?s=96&d=mm&r=g","url":"https:\/\/secure.gravatar.com\/avatar\/c948169b402ef9492afde705c3dfd5e90e1a6a84ef6840a91124f805a25a480f?s=96&d=mm&r=g","contentUrl":"https:\/\/secure.gravatar.com\/avatar\/c948169b402ef9492afde705c3dfd5e90e1a6a84ef6840a91124f805a25a480f?s=96&d=mm&r=g","caption":"Pablo"},"url":"https:\/\/www.sindicaturabarcelona.cat\/es\/author\/pablo\/"}]}},"_links":{"self":[{"href":"https:\/\/www.sindicaturabarcelona.cat\/es\/wp-json\/wp\/v2\/posts\/12613","targetHints":{"allow":["GET"]}}],"collection":[{"href":"https:\/\/www.sindicaturabarcelona.cat\/es\/wp-json\/wp\/v2\/posts"}],"about":[{"href":"https:\/\/www.sindicaturabarcelona.cat\/es\/wp-json\/wp\/v2\/types\/post"}],"author":[{"embeddable":true,"href":"https:\/\/www.sindicaturabarcelona.cat\/es\/wp-json\/wp\/v2\/users\/2"}],"replies":[{"embeddable":true,"href":"https:\/\/www.sindicaturabarcelona.cat\/es\/wp-json\/wp\/v2\/comments?post=12613"}],"version-history":[{"count":0,"href":"https:\/\/www.sindicaturabarcelona.cat\/es\/wp-json\/wp\/v2\/posts\/12613\/revisions"}],"wp:featuredmedia":[{"embeddable":true,"href":"https:\/\/www.sindicaturabarcelona.cat\/es\/wp-json\/wp\/v2\/media\/12615"}],"wp:attachment":[{"href":"https:\/\/www.sindicaturabarcelona.cat\/es\/wp-json\/wp\/v2\/media?parent=12613"}],"wp:term":[{"taxonomy":"post_tag","embeddable":true,"href":"https:\/\/www.sindicaturabarcelona.cat\/es\/wp-json\/wp\/v2\/tags?post=12613"},{"taxonomy":"drets","embeddable":true,"href":"https:\/\/www.sindicaturabarcelona.cat\/es\/wp-json\/wp\/v2\/drets?post=12613"}],"curies":[{"name":"wp","href":"https:\/\/api.w.org\/{rel}","templated":true}]}}