{"id":12472,"date":"2021-05-10T08:47:06","date_gmt":"2021-05-10T06:47:06","guid":{"rendered":"https:\/\/www.sindicabarcelona.cat\/?p=12472"},"modified":"2021-05-10T08:48:46","modified_gmt":"2021-05-10T06:48:46","slug":"el-ayuntamiento-recupera-el-fondo-de-infancia-0-16-anos-como-ya-recomendo-la-sindica-en-el-ano-2020-despues-de-interesarse-de-oficio","status":"publish","type":"post","link":"https:\/\/www.sindicaturabarcelona.cat\/es\/el-ayuntamiento-recupera-el-fondo-de-infancia-0-16-anos-como-ya-recomendo-la-sindica-en-el-ano-2020-despues-de-interesarse-de-oficio\/","title":{"rendered":"El Ayuntamiento recupera el Fondo de infancia 0-16 a\u00f1os, como ya recomend\u00f3 la s\u00edndica en el a\u00f1o 2020 despu\u00e9s de interesarse de oficio"},"content":{"rendered":"\n<p class=\"has-text-align-justify\">El Ayuntamiento de Barcelona ha anunciado que este a\u00f1o vuelve a convocar el Fondo extraordinario de ayudas puntuales de emergencia social para ni\u00f1os de 0 a 16 a\u00f1os despu\u00e9s de un 2020 en el que no se llev\u00f3 a cabo. La edici\u00f3n 2021 tendr\u00e1 una cantidad destinada de 13,5 millones de euros y de entre 100 y 475 euros mensuales, que se calculan seg\u00fan el n\u00famero de miembros de la unidad familiar y el nivel de renta. Adem\u00e1s, se establece un aumento para las familias monoparentales, encabezadas mayoritariamente por mujeres y con un riesgo de pobreza superior a la media. Esta estrategia est\u00e1 especialmente dirigida a familias en situaci\u00f3n de pobreza que no perciben el Ingreso M\u00ednimo Vital que promueve el Estado o la Renta M\u00ednima Garantizada de la Generalitat de Catalu\u00f1a.<\/p>\n\n\n\n<p><strong>La s\u00edndica se interes\u00f3 de oficio en el 2020<\/strong><\/p>\n\n\n\n<p class=\"has-text-align-justify\">La Sindicatura de Greuges de Barcelona se interes\u00f3 de oficio en 2020 ante la no convocatoria del <strong>Fondo extraordinario de ayudas puntuales de emergencia social para ni\u00f1os de 0 a 16 a\u00f1os, que en 2020 no fue convocado por el Ayuntamiento de Barcelona, despu\u00e9s de cinco a\u00f1os consecutivos en los que se hab\u00eda aprobado la convocatoria<\/strong>. En su \u00faltima edici\u00f3n, la del a\u00f1o 2019, se destinaron 11.100.000 euros, m\u00e1s 1.770.000 euros para ayudas complementarias a familias monoparentales, hecho que supone un total de 12.870.000 euros dirigidos exclusivamente a ni\u00f1os y adolescentes, de entre 0 y 16 a\u00f1os, que se encontraban en situaci\u00f3n de vulnerabilidad.<\/p>\n\n\n\n<p class=\"has-text-align-justify\">Si bien es cierto que el otorgamiento de las ayudas mencionadas ten\u00eda car\u00e1cter voluntario y eventual por parte del <a href=\"https:\/\/www.barcelona.cat\/es\/\" class=\"ek-link\">Ayuntamiento de Barcelona<\/a> y no generaba ning\u00fan derecho a la obtenci\u00f3n de ayudas en a\u00f1os posteriores, dado que no ten\u00edan la condici\u00f3n de prestaciones garantizadas y no pod\u00edan ser exigidas como derechos subjetivos de acuerdo con lo que prev\u00e9 el art\u00edculo 24.4 de la Ley 12\/2007, de servicios sociales, <strong>era una ayuda de eficacia probada, que hab\u00eda estado muy justificada y tambi\u00e9n celebrada por servicios y entidades de la ciudad que trabajan con ni\u00f1os.<\/strong><\/p>\n\n\n\n<p class=\"has-text-align-justify\"><strong>La s\u00edndica se interes\u00f3 de oficio por este Fondo en 2020<\/strong> y obtuvo informaci\u00f3n del\u00a0IMSS\u00a0exponiendo todas las medidas tomadas a consecuencia de la crisis generada por la Covid-19, con las cuales se preve\u00eda poder atender al conjunto de la ciudadan\u00eda. <strong>Aunque el Fondo era una ayuda que se convocaba de acuerdo con la potestad discrecional de la administraci\u00f3n, se consideraba poco justificada su desaparici\u00f3n<\/strong>, <strong>dado que se dirig\u00eda \u00fanicamente a los ni\u00f1os<\/strong>, teniendo en cuenta que el art\u00edculo 15 de la Ley 14\/2010, de los derechos y las oportunidades de la infancia y la adolescencia, establece la prioridad presupuestaria en esta materia, concretando, que los poderes p\u00fablicos, tienen que dar prioridad en sus presupuestos a las actividades dirigidas a ni\u00f1os y adolescentes. El mismo art\u00edculo, en el punto 2, dice que los poderes p\u00fablicos tienen que adoptar con car\u00e1cter urgente las medidas necesarias para evitar que el contenido esencial de los derechos de los ni\u00f1os y los adolescentes sea afectado por la falta de recursos adaptados a sus necesidades. <strong>Por lo tanto, <a href=\"https:\/\/www.sindicaturabarcelona.cat\/wp-content\/uploads\/2021\/03\/informe2020.pdf\" target=\"_blank\" aria-label=\"se recomendaba evaluar las posibilidades de convocar de nuevo el Fondo (opens in a new tab)\" rel=\"noreferrer noopener\" class=\"ek-link\">se recomendaba evaluar las posibilidades de convocar de nuevo el Fondo<\/a>, una ayuda que vuelve a ser una realidad este a\u00f1o 2021.<\/strong><\/p>\n","protected":false},"excerpt":{"rendered":"<p>El Ayuntamiento de Barcelona ha anunciado que este a\u00f1o vuelve a convocar el Fondo extraordinario de ayudas puntuales de emergencia social para ni\u00f1os de 0 a 16 a\u00f1os despu\u00e9s de [&hellip;]<\/p>\n","protected":false},"author":2,"featured_media":12467,"comment_status":"closed","ping_status":"open","sticky":false,"template":"","format":"standard","meta":{"_acf_changed":false,"footnotes":""},"tags":[],"drets":[],"class_list":["post-12472","post","type-post","status-publish","format-standard","has-post-thumbnail","hentry"],"acf":[],"yoast_head":"<!-- This site is optimized with the Yoast SEO plugin v27.5 - https:\/\/yoast.com\/product\/yoast-seo-wordpress\/ -->\n<title>El Ayuntamiento recupera el Fondo de infancia 0-16 a\u00f1os, como ya recomend\u00f3 la s\u00edndica en el a\u00f1o 2020 despu\u00e9s de interesarse de oficio<\/title>\n<meta name=\"description\" content=\"El Ayuntamiento recupera el Fondo de infancia 0-16 a\u00f1os, como ya recomend\u00f3 la s\u00edndica en el a\u00f1o 2020 despu\u00e9s de interesarse de oficio.\" \/>\n<meta name=\"robots\" content=\"index, follow, max-snippet:-1, max-image-preview:large, max-video-preview:-1\" \/>\n<link rel=\"canonical\" href=\"https:\/\/www.sindicaturabarcelona.cat\/es\/el-ayuntamiento-recupera-el-fondo-de-infancia-0-16-anos-como-ya-recomendo-la-sindica-en-el-ano-2020-despues-de-interesarse-de-oficio\/\" \/>\n<meta property=\"og:locale\" content=\"es_ES\" \/>\n<meta property=\"og:type\" content=\"article\" \/>\n<meta property=\"og:title\" content=\"El Ayuntamiento recupera el Fondo de infancia 0-16 a\u00f1os, como ya recomend\u00f3 la s\u00edndica en el a\u00f1o 2020 despu\u00e9s de interesarse de oficio\" \/>\n<meta property=\"og:description\" content=\"El Ayuntamiento recupera el Fondo de infancia 0-16 a\u00f1os, como ya recomend\u00f3 la s\u00edndica en el a\u00f1o 2020 despu\u00e9s de interesarse de oficio.\" \/>\n<meta property=\"og:url\" content=\"https:\/\/www.sindicaturabarcelona.cat\/es\/el-ayuntamiento-recupera-el-fondo-de-infancia-0-16-anos-como-ya-recomendo-la-sindica-en-el-ano-2020-despues-de-interesarse-de-oficio\/\" \/>\n<meta property=\"og:site_name\" content=\"Sindicatura de Greuges de Barcelona\" \/>\n<meta property=\"article:published_time\" content=\"2021-05-10T06:47:06+00:00\" \/>\n<meta property=\"article:modified_time\" content=\"2021-05-10T06:48:46+00:00\" \/>\n<meta property=\"og:image\" content=\"https:\/\/www.sindicaturabarcelona.cat\/wp-content\/uploads\/2021\/05\/6986_DISE-Mo\u0301n-Llibre-16-4-16-VZ-38.jpg\" \/>\n\t<meta property=\"og:image:width\" content=\"1024\" \/>\n\t<meta property=\"og:image:height\" content=\"768\" \/>\n\t<meta property=\"og:image:type\" content=\"image\/jpeg\" \/>\n<meta name=\"author\" content=\"Pablo\" \/>\n<meta name=\"twitter:card\" content=\"summary_large_image\" \/>\n<meta name=\"twitter:creator\" content=\"@sindicbarcelona\" \/>\n<meta name=\"twitter:site\" content=\"@sindicbarcelona\" \/>\n<meta name=\"twitter:label1\" content=\"Escrito por\" \/>\n\t<meta name=\"twitter:data1\" content=\"Pablo\" \/>\n\t<meta name=\"twitter:label2\" content=\"Tiempo de lectura\" \/>\n\t<meta name=\"twitter:data2\" content=\"3 minutos\" \/>\n<script type=\"application\/ld+json\" class=\"yoast-schema-graph\">{\"@context\":\"https:\\\/\\\/schema.org\",\"@graph\":[{\"@type\":\"Article\",\"@id\":\"https:\\\/\\\/www.sindicaturabarcelona.cat\\\/es\\\/el-ayuntamiento-recupera-el-fondo-de-infancia-0-16-anos-como-ya-recomendo-la-sindica-en-el-ano-2020-despues-de-interesarse-de-oficio\\\/#article\",\"isPartOf\":{\"@id\":\"https:\\\/\\\/www.sindicaturabarcelona.cat\\\/es\\\/el-ayuntamiento-recupera-el-fondo-de-infancia-0-16-anos-como-ya-recomendo-la-sindica-en-el-ano-2020-despues-de-interesarse-de-oficio\\\/\"},\"author\":{\"name\":\"Pablo\",\"@id\":\"https:\\\/\\\/www.sindicaturabarcelona.cat\\\/es\\\/#\\\/schema\\\/person\\\/0e5acffc350ffdbc97578159322c9452\"},\"headline\":\"El Ayuntamiento recupera el Fondo de infancia 0-16 a\u00f1os, como ya recomend\u00f3 la s\u00edndica en el a\u00f1o 2020 despu\u00e9s de interesarse de oficio\",\"datePublished\":\"2021-05-10T06:47:06+00:00\",\"dateModified\":\"2021-05-10T06:48:46+00:00\",\"mainEntityOfPage\":{\"@id\":\"https:\\\/\\\/www.sindicaturabarcelona.cat\\\/es\\\/el-ayuntamiento-recupera-el-fondo-de-infancia-0-16-anos-como-ya-recomendo-la-sindica-en-el-ano-2020-despues-de-interesarse-de-oficio\\\/\"},\"wordCount\":587,\"publisher\":{\"@id\":\"https:\\\/\\\/www.sindicaturabarcelona.cat\\\/es\\\/#organization\"},\"image\":{\"@id\":\"https:\\\/\\\/www.sindicaturabarcelona.cat\\\/es\\\/el-ayuntamiento-recupera-el-fondo-de-infancia-0-16-anos-como-ya-recomendo-la-sindica-en-el-ano-2020-despues-de-interesarse-de-oficio\\\/#primaryimage\"},\"thumbnailUrl\":\"https:\\\/\\\/www.sindicaturabarcelona.cat\\\/wp-content\\\/uploads\\\/2021\\\/05\\\/6986_DISE-Mo\u0301n-Llibre-16-4-16-VZ-38.jpg\",\"inLanguage\":\"es\"},{\"@type\":\"WebPage\",\"@id\":\"https:\\\/\\\/www.sindicaturabarcelona.cat\\\/es\\\/el-ayuntamiento-recupera-el-fondo-de-infancia-0-16-anos-como-ya-recomendo-la-sindica-en-el-ano-2020-despues-de-interesarse-de-oficio\\\/\",\"url\":\"https:\\\/\\\/www.sindicaturabarcelona.cat\\\/es\\\/el-ayuntamiento-recupera-el-fondo-de-infancia-0-16-anos-como-ya-recomendo-la-sindica-en-el-ano-2020-despues-de-interesarse-de-oficio\\\/\",\"name\":\"El Ayuntamiento recupera el Fondo de infancia 0-16 a\u00f1os, como ya recomend\u00f3 la s\u00edndica en el a\u00f1o 2020 despu\u00e9s de interesarse de oficio\",\"isPartOf\":{\"@id\":\"https:\\\/\\\/www.sindicaturabarcelona.cat\\\/es\\\/#website\"},\"primaryImageOfPage\":{\"@id\":\"https:\\\/\\\/www.sindicaturabarcelona.cat\\\/es\\\/el-ayuntamiento-recupera-el-fondo-de-infancia-0-16-anos-como-ya-recomendo-la-sindica-en-el-ano-2020-despues-de-interesarse-de-oficio\\\/#primaryimage\"},\"image\":{\"@id\":\"https:\\\/\\\/www.sindicaturabarcelona.cat\\\/es\\\/el-ayuntamiento-recupera-el-fondo-de-infancia-0-16-anos-como-ya-recomendo-la-sindica-en-el-ano-2020-despues-de-interesarse-de-oficio\\\/#primaryimage\"},\"thumbnailUrl\":\"https:\\\/\\\/www.sindicaturabarcelona.cat\\\/wp-content\\\/uploads\\\/2021\\\/05\\\/6986_DISE-Mo\u0301n-Llibre-16-4-16-VZ-38.jpg\",\"datePublished\":\"2021-05-10T06:47:06+00:00\",\"dateModified\":\"2021-05-10T06:48:46+00:00\",\"description\":\"El Ayuntamiento recupera el Fondo de infancia 0-16 a\u00f1os, como ya recomend\u00f3 la s\u00edndica en el a\u00f1o 2020 despu\u00e9s de interesarse de oficio.\",\"breadcrumb\":{\"@id\":\"https:\\\/\\\/www.sindicaturabarcelona.cat\\\/es\\\/el-ayuntamiento-recupera-el-fondo-de-infancia-0-16-anos-como-ya-recomendo-la-sindica-en-el-ano-2020-despues-de-interesarse-de-oficio\\\/#breadcrumb\"},\"inLanguage\":\"es\",\"potentialAction\":[{\"@type\":\"ReadAction\",\"target\":[\"https:\\\/\\\/www.sindicaturabarcelona.cat\\\/es\\\/el-ayuntamiento-recupera-el-fondo-de-infancia-0-16-anos-como-ya-recomendo-la-sindica-en-el-ano-2020-despues-de-interesarse-de-oficio\\\/\"]}]},{\"@type\":\"ImageObject\",\"inLanguage\":\"es\",\"@id\":\"https:\\\/\\\/www.sindicaturabarcelona.cat\\\/es\\\/el-ayuntamiento-recupera-el-fondo-de-infancia-0-16-anos-como-ya-recomendo-la-sindica-en-el-ano-2020-despues-de-interesarse-de-oficio\\\/#primaryimage\",\"url\":\"https:\\\/\\\/www.sindicaturabarcelona.cat\\\/wp-content\\\/uploads\\\/2021\\\/05\\\/6986_DISE-Mo\u0301n-Llibre-16-4-16-VZ-38.jpg\",\"contentUrl\":\"https:\\\/\\\/www.sindicaturabarcelona.cat\\\/wp-content\\\/uploads\\\/2021\\\/05\\\/6986_DISE-Mo\u0301n-Llibre-16-4-16-VZ-38.jpg\",\"width\":1024,\"height\":768,\"caption\":\"Fons inf\u00e0ncia 0-16 anys\"},{\"@type\":\"BreadcrumbList\",\"@id\":\"https:\\\/\\\/www.sindicaturabarcelona.cat\\\/es\\\/el-ayuntamiento-recupera-el-fondo-de-infancia-0-16-anos-como-ya-recomendo-la-sindica-en-el-ano-2020-despues-de-interesarse-de-oficio\\\/#breadcrumb\",\"itemListElement\":[{\"@type\":\"ListItem\",\"position\":1,\"name\":\"Inici\",\"item\":\"https:\\\/\\\/www.sindicaturabarcelona.cat\\\/es\\\/\"},{\"@type\":\"ListItem\",\"position\":2,\"name\":\"El Ayuntamiento recupera el Fondo de infancia 0-16 a\u00f1os, como ya recomend\u00f3 la s\u00edndica en el a\u00f1o 2020 despu\u00e9s de interesarse de oficio\"}]},{\"@type\":\"WebSite\",\"@id\":\"https:\\\/\\\/www.sindicaturabarcelona.cat\\\/es\\\/#website\",\"url\":\"https:\\\/\\\/www.sindicaturabarcelona.cat\\\/es\\\/\",\"name\":\"Sindicatura de Greuges de Barcelona\",\"description\":\"La defensoria dels teus drets\",\"publisher\":{\"@id\":\"https:\\\/\\\/www.sindicaturabarcelona.cat\\\/es\\\/#organization\"},\"potentialAction\":[{\"@type\":\"SearchAction\",\"target\":{\"@type\":\"EntryPoint\",\"urlTemplate\":\"https:\\\/\\\/www.sindicaturabarcelona.cat\\\/es\\\/?s={search_term_string}\"},\"query-input\":{\"@type\":\"PropertyValueSpecification\",\"valueRequired\":true,\"valueName\":\"search_term_string\"}}],\"inLanguage\":\"es\"},{\"@type\":\"Organization\",\"@id\":\"https:\\\/\\\/www.sindicaturabarcelona.cat\\\/es\\\/#organization\",\"name\":\"Sindicatura de Greuges de Barcelona\",\"url\":\"https:\\\/\\\/www.sindicaturabarcelona.cat\\\/es\\\/\",\"logo\":{\"@type\":\"ImageObject\",\"inLanguage\":\"es\",\"@id\":\"https:\\\/\\\/www.sindicaturabarcelona.cat\\\/es\\\/#\\\/schema\\\/logo\\\/image\\\/\",\"url\":\"https:\\\/\\\/www.sindicaturabarcelona.cat\\\/wp-content\\\/uploads\\\/2023\\\/02\\\/logo_sindicatura.svg\",\"contentUrl\":\"https:\\\/\\\/www.sindicaturabarcelona.cat\\\/wp-content\\\/uploads\\\/2023\\\/02\\\/logo_sindicatura.svg\",\"caption\":\"Sindicatura de Greuges de Barcelona\"},\"image\":{\"@id\":\"https:\\\/\\\/www.sindicaturabarcelona.cat\\\/es\\\/#\\\/schema\\\/logo\\\/image\\\/\"},\"sameAs\":[\"https:\\\/\\\/x.com\\\/sindicbarcelona\",\"https:\\\/\\\/www.instagram.com\\\/sindicbarcelona\\\/\",\"https:\\\/\\\/www.tiktok.com\\\/@sindicaturabcn\",\"https:\\\/\\\/t.me\\\/sindicaturabarcelona\"]},{\"@type\":\"Person\",\"@id\":\"https:\\\/\\\/www.sindicaturabarcelona.cat\\\/es\\\/#\\\/schema\\\/person\\\/0e5acffc350ffdbc97578159322c9452\",\"name\":\"Pablo\",\"image\":{\"@type\":\"ImageObject\",\"inLanguage\":\"es\",\"@id\":\"https:\\\/\\\/secure.gravatar.com\\\/avatar\\\/c948169b402ef9492afde705c3dfd5e90e1a6a84ef6840a91124f805a25a480f?s=96&d=mm&r=g\",\"url\":\"https:\\\/\\\/secure.gravatar.com\\\/avatar\\\/c948169b402ef9492afde705c3dfd5e90e1a6a84ef6840a91124f805a25a480f?s=96&d=mm&r=g\",\"contentUrl\":\"https:\\\/\\\/secure.gravatar.com\\\/avatar\\\/c948169b402ef9492afde705c3dfd5e90e1a6a84ef6840a91124f805a25a480f?s=96&d=mm&r=g\",\"caption\":\"Pablo\"},\"url\":\"https:\\\/\\\/www.sindicaturabarcelona.cat\\\/es\\\/author\\\/pablo\\\/\"}]}<\/script>\n<!-- \/ Yoast SEO plugin. -->","yoast_head_json":{"title":"El Ayuntamiento recupera el Fondo de infancia 0-16 a\u00f1os, como ya recomend\u00f3 la s\u00edndica en el a\u00f1o 2020 despu\u00e9s de interesarse de oficio","description":"El Ayuntamiento recupera el Fondo de infancia 0-16 a\u00f1os, como ya recomend\u00f3 la s\u00edndica en el a\u00f1o 2020 despu\u00e9s de interesarse de oficio.","robots":{"index":"index","follow":"follow","max-snippet":"max-snippet:-1","max-image-preview":"max-image-preview:large","max-video-preview":"max-video-preview:-1"},"canonical":"https:\/\/www.sindicaturabarcelona.cat\/es\/el-ayuntamiento-recupera-el-fondo-de-infancia-0-16-anos-como-ya-recomendo-la-sindica-en-el-ano-2020-despues-de-interesarse-de-oficio\/","og_locale":"es_ES","og_type":"article","og_title":"El Ayuntamiento recupera el Fondo de infancia 0-16 a\u00f1os, como ya recomend\u00f3 la s\u00edndica en el a\u00f1o 2020 despu\u00e9s de interesarse de oficio","og_description":"El Ayuntamiento recupera el Fondo de infancia 0-16 a\u00f1os, como ya recomend\u00f3 la s\u00edndica en el a\u00f1o 2020 despu\u00e9s de interesarse de oficio.","og_url":"https:\/\/www.sindicaturabarcelona.cat\/es\/el-ayuntamiento-recupera-el-fondo-de-infancia-0-16-anos-como-ya-recomendo-la-sindica-en-el-ano-2020-despues-de-interesarse-de-oficio\/","og_site_name":"Sindicatura de Greuges de Barcelona","article_published_time":"2021-05-10T06:47:06+00:00","article_modified_time":"2021-05-10T06:48:46+00:00","og_image":[{"width":1024,"height":768,"url":"https:\/\/www.sindicaturabarcelona.cat\/wp-content\/uploads\/2021\/05\/6986_DISE-Mo\u0301n-Llibre-16-4-16-VZ-38.jpg","type":"image\/jpeg"}],"author":"Pablo","twitter_card":"summary_large_image","twitter_creator":"@sindicbarcelona","twitter_site":"@sindicbarcelona","twitter_misc":{"Escrito por":"Pablo","Tiempo de lectura":"3 minutos"},"schema":{"@context":"https:\/\/schema.org","@graph":[{"@type":"Article","@id":"https:\/\/www.sindicaturabarcelona.cat\/es\/el-ayuntamiento-recupera-el-fondo-de-infancia-0-16-anos-como-ya-recomendo-la-sindica-en-el-ano-2020-despues-de-interesarse-de-oficio\/#article","isPartOf":{"@id":"https:\/\/www.sindicaturabarcelona.cat\/es\/el-ayuntamiento-recupera-el-fondo-de-infancia-0-16-anos-como-ya-recomendo-la-sindica-en-el-ano-2020-despues-de-interesarse-de-oficio\/"},"author":{"name":"Pablo","@id":"https:\/\/www.sindicaturabarcelona.cat\/es\/#\/schema\/person\/0e5acffc350ffdbc97578159322c9452"},"headline":"El Ayuntamiento recupera el Fondo de infancia 0-16 a\u00f1os, como ya recomend\u00f3 la s\u00edndica en el a\u00f1o 2020 despu\u00e9s de interesarse de oficio","datePublished":"2021-05-10T06:47:06+00:00","dateModified":"2021-05-10T06:48:46+00:00","mainEntityOfPage":{"@id":"https:\/\/www.sindicaturabarcelona.cat\/es\/el-ayuntamiento-recupera-el-fondo-de-infancia-0-16-anos-como-ya-recomendo-la-sindica-en-el-ano-2020-despues-de-interesarse-de-oficio\/"},"wordCount":587,"publisher":{"@id":"https:\/\/www.sindicaturabarcelona.cat\/es\/#organization"},"image":{"@id":"https:\/\/www.sindicaturabarcelona.cat\/es\/el-ayuntamiento-recupera-el-fondo-de-infancia-0-16-anos-como-ya-recomendo-la-sindica-en-el-ano-2020-despues-de-interesarse-de-oficio\/#primaryimage"},"thumbnailUrl":"https:\/\/www.sindicaturabarcelona.cat\/wp-content\/uploads\/2021\/05\/6986_DISE-Mo\u0301n-Llibre-16-4-16-VZ-38.jpg","inLanguage":"es"},{"@type":"WebPage","@id":"https:\/\/www.sindicaturabarcelona.cat\/es\/el-ayuntamiento-recupera-el-fondo-de-infancia-0-16-anos-como-ya-recomendo-la-sindica-en-el-ano-2020-despues-de-interesarse-de-oficio\/","url":"https:\/\/www.sindicaturabarcelona.cat\/es\/el-ayuntamiento-recupera-el-fondo-de-infancia-0-16-anos-como-ya-recomendo-la-sindica-en-el-ano-2020-despues-de-interesarse-de-oficio\/","name":"El Ayuntamiento recupera el Fondo de infancia 0-16 a\u00f1os, como ya recomend\u00f3 la s\u00edndica en el a\u00f1o 2020 despu\u00e9s de interesarse de oficio","isPartOf":{"@id":"https:\/\/www.sindicaturabarcelona.cat\/es\/#website"},"primaryImageOfPage":{"@id":"https:\/\/www.sindicaturabarcelona.cat\/es\/el-ayuntamiento-recupera-el-fondo-de-infancia-0-16-anos-como-ya-recomendo-la-sindica-en-el-ano-2020-despues-de-interesarse-de-oficio\/#primaryimage"},"image":{"@id":"https:\/\/www.sindicaturabarcelona.cat\/es\/el-ayuntamiento-recupera-el-fondo-de-infancia-0-16-anos-como-ya-recomendo-la-sindica-en-el-ano-2020-despues-de-interesarse-de-oficio\/#primaryimage"},"thumbnailUrl":"https:\/\/www.sindicaturabarcelona.cat\/wp-content\/uploads\/2021\/05\/6986_DISE-Mo\u0301n-Llibre-16-4-16-VZ-38.jpg","datePublished":"2021-05-10T06:47:06+00:00","dateModified":"2021-05-10T06:48:46+00:00","description":"El Ayuntamiento recupera el Fondo de infancia 0-16 a\u00f1os, como ya recomend\u00f3 la s\u00edndica en el a\u00f1o 2020 despu\u00e9s de interesarse de oficio.","breadcrumb":{"@id":"https:\/\/www.sindicaturabarcelona.cat\/es\/el-ayuntamiento-recupera-el-fondo-de-infancia-0-16-anos-como-ya-recomendo-la-sindica-en-el-ano-2020-despues-de-interesarse-de-oficio\/#breadcrumb"},"inLanguage":"es","potentialAction":[{"@type":"ReadAction","target":["https:\/\/www.sindicaturabarcelona.cat\/es\/el-ayuntamiento-recupera-el-fondo-de-infancia-0-16-anos-como-ya-recomendo-la-sindica-en-el-ano-2020-despues-de-interesarse-de-oficio\/"]}]},{"@type":"ImageObject","inLanguage":"es","@id":"https:\/\/www.sindicaturabarcelona.cat\/es\/el-ayuntamiento-recupera-el-fondo-de-infancia-0-16-anos-como-ya-recomendo-la-sindica-en-el-ano-2020-despues-de-interesarse-de-oficio\/#primaryimage","url":"https:\/\/www.sindicaturabarcelona.cat\/wp-content\/uploads\/2021\/05\/6986_DISE-Mo\u0301n-Llibre-16-4-16-VZ-38.jpg","contentUrl":"https:\/\/www.sindicaturabarcelona.cat\/wp-content\/uploads\/2021\/05\/6986_DISE-Mo\u0301n-Llibre-16-4-16-VZ-38.jpg","width":1024,"height":768,"caption":"Fons inf\u00e0ncia 0-16 anys"},{"@type":"BreadcrumbList","@id":"https:\/\/www.sindicaturabarcelona.cat\/es\/el-ayuntamiento-recupera-el-fondo-de-infancia-0-16-anos-como-ya-recomendo-la-sindica-en-el-ano-2020-despues-de-interesarse-de-oficio\/#breadcrumb","itemListElement":[{"@type":"ListItem","position":1,"name":"Inici","item":"https:\/\/www.sindicaturabarcelona.cat\/es\/"},{"@type":"ListItem","position":2,"name":"El Ayuntamiento recupera el Fondo de infancia 0-16 a\u00f1os, como ya recomend\u00f3 la s\u00edndica en el a\u00f1o 2020 despu\u00e9s de interesarse de oficio"}]},{"@type":"WebSite","@id":"https:\/\/www.sindicaturabarcelona.cat\/es\/#website","url":"https:\/\/www.sindicaturabarcelona.cat\/es\/","name":"Sindicatura de Greuges de Barcelona","description":"La defensoria dels teus drets","publisher":{"@id":"https:\/\/www.sindicaturabarcelona.cat\/es\/#organization"},"potentialAction":[{"@type":"SearchAction","target":{"@type":"EntryPoint","urlTemplate":"https:\/\/www.sindicaturabarcelona.cat\/es\/?s={search_term_string}"},"query-input":{"@type":"PropertyValueSpecification","valueRequired":true,"valueName":"search_term_string"}}],"inLanguage":"es"},{"@type":"Organization","@id":"https:\/\/www.sindicaturabarcelona.cat\/es\/#organization","name":"Sindicatura de Greuges de Barcelona","url":"https:\/\/www.sindicaturabarcelona.cat\/es\/","logo":{"@type":"ImageObject","inLanguage":"es","@id":"https:\/\/www.sindicaturabarcelona.cat\/es\/#\/schema\/logo\/image\/","url":"https:\/\/www.sindicaturabarcelona.cat\/wp-content\/uploads\/2023\/02\/logo_sindicatura.svg","contentUrl":"https:\/\/www.sindicaturabarcelona.cat\/wp-content\/uploads\/2023\/02\/logo_sindicatura.svg","caption":"Sindicatura de Greuges de Barcelona"},"image":{"@id":"https:\/\/www.sindicaturabarcelona.cat\/es\/#\/schema\/logo\/image\/"},"sameAs":["https:\/\/x.com\/sindicbarcelona","https:\/\/www.instagram.com\/sindicbarcelona\/","https:\/\/www.tiktok.com\/@sindicaturabcn","https:\/\/t.me\/sindicaturabarcelona"]},{"@type":"Person","@id":"https:\/\/www.sindicaturabarcelona.cat\/es\/#\/schema\/person\/0e5acffc350ffdbc97578159322c9452","name":"Pablo","image":{"@type":"ImageObject","inLanguage":"es","@id":"https:\/\/secure.gravatar.com\/avatar\/c948169b402ef9492afde705c3dfd5e90e1a6a84ef6840a91124f805a25a480f?s=96&d=mm&r=g","url":"https:\/\/secure.gravatar.com\/avatar\/c948169b402ef9492afde705c3dfd5e90e1a6a84ef6840a91124f805a25a480f?s=96&d=mm&r=g","contentUrl":"https:\/\/secure.gravatar.com\/avatar\/c948169b402ef9492afde705c3dfd5e90e1a6a84ef6840a91124f805a25a480f?s=96&d=mm&r=g","caption":"Pablo"},"url":"https:\/\/www.sindicaturabarcelona.cat\/es\/author\/pablo\/"}]}},"_links":{"self":[{"href":"https:\/\/www.sindicaturabarcelona.cat\/es\/wp-json\/wp\/v2\/posts\/12472","targetHints":{"allow":["GET"]}}],"collection":[{"href":"https:\/\/www.sindicaturabarcelona.cat\/es\/wp-json\/wp\/v2\/posts"}],"about":[{"href":"https:\/\/www.sindicaturabarcelona.cat\/es\/wp-json\/wp\/v2\/types\/post"}],"author":[{"embeddable":true,"href":"https:\/\/www.sindicaturabarcelona.cat\/es\/wp-json\/wp\/v2\/users\/2"}],"replies":[{"embeddable":true,"href":"https:\/\/www.sindicaturabarcelona.cat\/es\/wp-json\/wp\/v2\/comments?post=12472"}],"version-history":[{"count":0,"href":"https:\/\/www.sindicaturabarcelona.cat\/es\/wp-json\/wp\/v2\/posts\/12472\/revisions"}],"wp:featuredmedia":[{"embeddable":true,"href":"https:\/\/www.sindicaturabarcelona.cat\/es\/wp-json\/wp\/v2\/media\/12467"}],"wp:attachment":[{"href":"https:\/\/www.sindicaturabarcelona.cat\/es\/wp-json\/wp\/v2\/media?parent=12472"}],"wp:term":[{"taxonomy":"post_tag","embeddable":true,"href":"https:\/\/www.sindicaturabarcelona.cat\/es\/wp-json\/wp\/v2\/tags?post=12472"},{"taxonomy":"drets","embeddable":true,"href":"https:\/\/www.sindicaturabarcelona.cat\/es\/wp-json\/wp\/v2\/drets?post=12472"}],"curies":[{"name":"wp","href":"https:\/\/api.w.org\/{rel}","templated":true}]}}