{"id":12439,"date":"2021-05-02T19:43:03","date_gmt":"2021-05-02T17:43:03","guid":{"rendered":"https:\/\/www.sindicabarcelona.cat\/?p=12439"},"modified":"2021-05-02T19:43:04","modified_gmt":"2021-05-02T17:43:04","slug":"personas-sometidas-a-procedimientos-de-ejecucion-forzosa","status":"publish","type":"post","link":"https:\/\/www.sindicaturabarcelona.cat\/es\/personas-sometidas-a-procedimientos-de-ejecucion-forzosa\/","title":{"rendered":"La situaci\u00f3n de personas sometidas a procedimientos de ejecuci\u00f3n forzosa y con una situaci\u00f3n econ\u00f3mica precaria"},"content":{"rendered":"\n<p class=\"has-text-align-justify\">La situaci\u00f3n de pandemia est\u00e1 dejando muchas familias en una situaci\u00f3n econ\u00f3mica delicada, y personas que nunca hab\u00edan solicitado ayudas p\u00fablicas, ahora se ven abocadas a hacerlo. Estas personas contin\u00faan siendo obligados tributarios, pese a las dificultades para ejecutar los pagos atendida la situaci\u00f3n econ\u00f3mica que viven. Especialmente, es necesario referirse a la <strong>situaci\u00f3n de personas sometidas a procedimientos de ejecuci\u00f3n forzosa y con una situaci\u00f3n econ\u00f3mica precaria<\/strong>, sin poner en cuesti\u00f3n la legalidad de los embargos ejecutados por el Ayuntamiento.<\/p>\n\n\n\n<p class=\"has-text-align-justify\"><br>Para estas personas el embargo de sus peque\u00f1os ahorros puede afectar su capacidad econ\u00f3mica, priv\u00e1ndola de una parte de sus rentas que seguramente estaban asignadas a conservar una m\u00ednima calidad de vida. Esta circunstancia puede generar una situaci\u00f3n de riesgo de vulnerabilidad que requiera protecci\u00f3n social y, por lo tanto, gasto p\u00fablico. <strong>El a\u00f1o 2020 algunas personas pidieron el amparo de la s\u00edndica ante embargos practicados a sus cuentas bancarias a ra\u00edz de deudas con hacienda<\/strong>.<\/p>\n\n\n\n<p class=\"has-text-align-justify\"><br>En todos los casos coincid\u00edan que se trataba de personas perceptoras de pensiones y sueldos considerados inembargables, y que hab\u00edan generado exiguos ahorros. En una de las situaciones estudiadas, el Ayuntamiento reclamaba a la ciudadana el impuesto sobre el incremento de valor de los terrenos de naturaleza urbana (plusval\u00eda), generado por la transmisi\u00f3n en daci\u00f3n de pago de deudas a una entidad bancaria. El interesado hab\u00eda presentado recursos administrativos que hab\u00edan sido desestimados por considerar que no cumpl\u00eda los requisitos para dejar sin efecto la carga tributaria municipal. As\u00ed mismo, se le hab\u00eda denegado la ayuda por el pago de la plusval\u00eda que solicit\u00f3 en el Instituto Municipal de Servicios Sociales. Por lo tanto, el Ayuntamiento inici\u00f3 el procedimiento de constre\u00f1imiento dirigido a la recaudaci\u00f3n de la deuda tributaria de manera efectiva. La deuda ascend\u00eda adem\u00e1s de 5.000 \u20ac, y se le embargaron 800 \u20ac que hab\u00eda generado de ahorro.<\/p>\n\n\n\n<p class=\"has-text-align-justify\"><br>En efecto, el art\u00edculo 79.1 del Reglamento general de recaudaci\u00f3n aprobado por el Real Decreto 939\/2005, de 29 de julio, establece que la Administraci\u00f3n, en caso de deuda tributaria, tiene que conocer la existencia, como m\u00ednimo, de una cuenta o dep\u00f3sito abierto en una oficina de una entidad de cr\u00e9dito, y el embargo se llevar\u00e1 a cabo mediante una diligencia de embargo en la cual tendr\u00e1 que identificarse la cuenta o el dep\u00f3sito conocido por la Administraci\u00f3n actuante.<\/p>\n\n\n\n<p class=\"has-text-align-justify\"><br>Este mandato tiene la limitaci\u00f3n impuesta por el art\u00edculo 169.5 de la Ley 58\/203, de 17 de diciembre, general tributaria, que establece que no se pueden embargar los bienes declarados inembargables por las leyes. <strong>En este caso resulta de aplicaci\u00f3n el art\u00edculo 607.1 de la <a href=\"https:\/\/www.boe.es\/buscar\/act.php?id=BOE-A-2000-323\" class=\"ek-link\">Ley de enjuiciamiento civil<\/a>, que establece que es inembargable el salario, el sueldo, la pensi\u00f3n, la retribuci\u00f3n o su equivalente, que no exceda de la cuant\u00eda se\u00f1alada por el salario m\u00ednimo interprofesional<\/strong>, y considera salario o pensi\u00f3n el importe ingresado en la cuenta, por este concepto, en el mes en que se practique el embargo, o si no puede ser, en el mes anterior.<br><br>Se da el caso que una de las personas reclamantes se hab\u00eda dirigido a la alcaldesa para exponer su situaci\u00f3n, y el equipo de Alcald\u00eda hab\u00eda respondido refiri\u00e9ndose a la desestimaci\u00f3n de los recursos administrativos que hab\u00eda interpuesto, a la vez que lo emplazaba a la S\u00edndica de Greuges de Barcelona para que estudiara su caso de forma independiente y emitiera una resoluci\u00f3n.<br><br>Precisamente, <strong><a href=\"https:\/\/www.sindicaturabarcelona.cat\/es\/actuaciones-de-oficio-y-resoluciones-buscador\/\" target=\"_blank\" aria-label=\"la Sindicatura de Greuges de Barcelona ya se hab\u00eda pronunciado en otras ocasiones (opens in a new tab)\" rel=\"noreferrer noopener\" class=\"ek-link\">la Sindicatura de Greuges de Barcelona ya se hab\u00eda pronunciado en otras ocasiones<\/a> con motivo de embargos de bienes o derechos a personas en situaci\u00f3n de riesgo econ\u00f3mico y social, en el sentido que persistir en el cobro de la deuda puede empeorar la situaci\u00f3n de vulnerabilidad.<\/strong><\/p>\n\n\n\n<p class=\"has-text-align-justify\"><br><strong>El a\u00f1o 2016 la s\u00edndica ya pidi\u00f3 al Ayuntamiento que se exploraran y aplicaran soluciones que supusieran la suspensi\u00f3n de la ejecuci\u00f3n de la deuda tributaria en aquellas situaciones comprobadas de insolvencia real y material del deudor, sin renunciar a su cobro en caso de solvencia sobrevenida<\/strong>, o la aplicaci\u00f3n otros mecanismos jur\u00eddicos que permitan una segunda oportunidad para proteger este perfil de deudor tributario.<\/p>\n\n\n\n<p class=\"has-text-align-justify\"><br><strong>Hoy por hoy el ordenamiento jur\u00eddico no da una respuesta a estas situaciones, y tampoco prev\u00e9 la suspensi\u00f3n del procedimiento recaudador en situaciones de insolvencia econ\u00f3mica. <\/strong>Es necesario recordar que la Ley 25\/2015, de 28 de julio, de segunda oportunidad tiene el objetivo de permitir lo que tan expresivamente describe su denominaci\u00f3n, que una persona f\u00edsica, a pesar de un fracaso econ\u00f3mico empresarial o personal, tenga la posibilidad de dirigir nuevamente su vida e incluso arriesgarse a nuevas iniciativas sin tener que arrastrar indefinidamente una losa de deuda que nunca podr\u00e1 satisfacer.<\/p>\n\n\n\n<p class=\"has-text-align-justify has-mobile-text-align-justify\"><br>Sin embargo, esta ley excluye de su aplicaci\u00f3n las deudas de derecho p\u00fablico, es decir, cuando los acreedores sean la administraci\u00f3n p\u00fablica. <strong>Es necesario concluir que la aplicaci\u00f3n de la ley para saldar las deudas tributarias puede resultar injusta para las personas sometidas a procedimientos de ejecuci\u00f3n forzosa y que vivan una situaci\u00f3n econ\u00f3mica d\u00e9bil<\/strong>, poniendo en riesgo su capacidad econ\u00f3mica, situaci\u00f3n que a buen seguro puede revertir en la necesidad de protecci\u00f3n social.<\/p>\n","protected":false},"excerpt":{"rendered":"<p>La situaci\u00f3n de pandemia est\u00e1 dejando muchas familias en una situaci\u00f3n econ\u00f3mica delicada, y personas que nunca hab\u00edan solicitado ayudas p\u00fablicas, ahora se ven abocadas a hacerlo. Estas personas contin\u00faan [&hellip;]<\/p>\n","protected":false},"author":2,"featured_media":12440,"comment_status":"closed","ping_status":"open","sticky":false,"template":"","format":"standard","meta":{"_acf_changed":false,"footnotes":""},"tags":[],"drets":[],"class_list":["post-12439","post","type-post","status-publish","format-standard","has-post-thumbnail","hentry"],"acf":[],"yoast_head":"<!-- This site is optimized with the Yoast SEO plugin v27.5 - https:\/\/yoast.com\/product\/yoast-seo-wordpress\/ -->\n<title>La situaci\u00f3n de personas sometidas a procedimientos de ejecuci\u00f3n forzosa y con una situaci\u00f3n econ\u00f3mica precaria -<\/title>\n<meta name=\"description\" content=\"La pandemia ha afectado a muchas familias y personas que nunca hab\u00edan solicitado ayudas p\u00fablicas, ahora se ven obligadas a hacerlo.\" \/>\n<meta name=\"robots\" content=\"index, follow, max-snippet:-1, max-image-preview:large, max-video-preview:-1\" \/>\n<link rel=\"canonical\" href=\"https:\/\/www.sindicaturabarcelona.cat\/es\/personas-sometidas-a-procedimientos-de-ejecucion-forzosa\/\" \/>\n<meta property=\"og:locale\" content=\"es_ES\" \/>\n<meta property=\"og:type\" content=\"article\" \/>\n<meta property=\"og:title\" content=\"La situaci\u00f3n de personas sometidas a procedimientos de ejecuci\u00f3n forzosa y con una situaci\u00f3n econ\u00f3mica precaria -\" \/>\n<meta property=\"og:description\" content=\"La pandemia ha afectado a muchas familias y personas que nunca hab\u00edan solicitado ayudas p\u00fablicas, ahora se ven obligadas a hacerlo.\" \/>\n<meta property=\"og:url\" content=\"https:\/\/www.sindicaturabarcelona.cat\/es\/personas-sometidas-a-procedimientos-de-ejecucion-forzosa\/\" \/>\n<meta property=\"og:site_name\" content=\"Sindicatura de Greuges de Barcelona\" \/>\n<meta property=\"article:published_time\" content=\"2021-05-02T17:43:03+00:00\" \/>\n<meta property=\"article:modified_time\" content=\"2021-05-02T17:43:04+00:00\" \/>\n<meta property=\"og:image\" content=\"https:\/\/www.sindicaturabarcelona.cat\/wp-content\/uploads\/2021\/05\/18986_200522_AF_ItinerarisSegursDeCapDeSetmanaCOVID19_FabraIPuig_0019.jpg\" \/>\n\t<meta property=\"og:image:width\" content=\"1024\" \/>\n\t<meta property=\"og:image:height\" content=\"683\" \/>\n\t<meta property=\"og:image:type\" content=\"image\/jpeg\" \/>\n<meta name=\"author\" content=\"Pablo\" \/>\n<meta name=\"twitter:card\" content=\"summary_large_image\" \/>\n<meta name=\"twitter:creator\" content=\"@sindicbarcelona\" \/>\n<meta name=\"twitter:site\" content=\"@sindicbarcelona\" \/>\n<meta name=\"twitter:label1\" content=\"Escrito por\" \/>\n\t<meta name=\"twitter:data1\" content=\"Pablo\" \/>\n\t<meta name=\"twitter:label2\" content=\"Tiempo de lectura\" \/>\n\t<meta name=\"twitter:data2\" content=\"5 minutos\" \/>\n<script type=\"application\/ld+json\" class=\"yoast-schema-graph\">{\"@context\":\"https:\\\/\\\/schema.org\",\"@graph\":[{\"@type\":\"Article\",\"@id\":\"https:\\\/\\\/www.sindicaturabarcelona.cat\\\/es\\\/personas-sometidas-a-procedimientos-de-ejecucion-forzosa\\\/#article\",\"isPartOf\":{\"@id\":\"https:\\\/\\\/www.sindicaturabarcelona.cat\\\/es\\\/personas-sometidas-a-procedimientos-de-ejecucion-forzosa\\\/\"},\"author\":{\"name\":\"Pablo\",\"@id\":\"https:\\\/\\\/www.sindicaturabarcelona.cat\\\/es\\\/#\\\/schema\\\/person\\\/0e5acffc350ffdbc97578159322c9452\"},\"headline\":\"La situaci\u00f3n de personas sometidas a procedimientos de ejecuci\u00f3n forzosa y con una situaci\u00f3n econ\u00f3mica precaria\",\"datePublished\":\"2021-05-02T17:43:03+00:00\",\"dateModified\":\"2021-05-02T17:43:04+00:00\",\"mainEntityOfPage\":{\"@id\":\"https:\\\/\\\/www.sindicaturabarcelona.cat\\\/es\\\/personas-sometidas-a-procedimientos-de-ejecucion-forzosa\\\/\"},\"wordCount\":934,\"publisher\":{\"@id\":\"https:\\\/\\\/www.sindicaturabarcelona.cat\\\/es\\\/#organization\"},\"image\":{\"@id\":\"https:\\\/\\\/www.sindicaturabarcelona.cat\\\/es\\\/personas-sometidas-a-procedimientos-de-ejecucion-forzosa\\\/#primaryimage\"},\"thumbnailUrl\":\"https:\\\/\\\/www.sindicaturabarcelona.cat\\\/wp-content\\\/uploads\\\/2021\\\/05\\\/18986_200522_AF_ItinerarisSegursDeCapDeSetmanaCOVID19_FabraIPuig_0019.jpg\",\"articleSection\":[\"Buen gobierno\",\"Servicios sociales\"],\"inLanguage\":\"es\"},{\"@type\":\"WebPage\",\"@id\":\"https:\\\/\\\/www.sindicaturabarcelona.cat\\\/es\\\/personas-sometidas-a-procedimientos-de-ejecucion-forzosa\\\/\",\"url\":\"https:\\\/\\\/www.sindicaturabarcelona.cat\\\/es\\\/personas-sometidas-a-procedimientos-de-ejecucion-forzosa\\\/\",\"name\":\"La situaci\u00f3n de personas sometidas a procedimientos de ejecuci\u00f3n forzosa y con una situaci\u00f3n econ\u00f3mica precaria -\",\"isPartOf\":{\"@id\":\"https:\\\/\\\/www.sindicaturabarcelona.cat\\\/es\\\/#website\"},\"primaryImageOfPage\":{\"@id\":\"https:\\\/\\\/www.sindicaturabarcelona.cat\\\/es\\\/personas-sometidas-a-procedimientos-de-ejecucion-forzosa\\\/#primaryimage\"},\"image\":{\"@id\":\"https:\\\/\\\/www.sindicaturabarcelona.cat\\\/es\\\/personas-sometidas-a-procedimientos-de-ejecucion-forzosa\\\/#primaryimage\"},\"thumbnailUrl\":\"https:\\\/\\\/www.sindicaturabarcelona.cat\\\/wp-content\\\/uploads\\\/2021\\\/05\\\/18986_200522_AF_ItinerarisSegursDeCapDeSetmanaCOVID19_FabraIPuig_0019.jpg\",\"datePublished\":\"2021-05-02T17:43:03+00:00\",\"dateModified\":\"2021-05-02T17:43:04+00:00\",\"description\":\"La pandemia ha afectado a muchas familias y personas que nunca hab\u00edan solicitado ayudas p\u00fablicas, ahora se ven obligadas a hacerlo.\",\"breadcrumb\":{\"@id\":\"https:\\\/\\\/www.sindicaturabarcelona.cat\\\/es\\\/personas-sometidas-a-procedimientos-de-ejecucion-forzosa\\\/#breadcrumb\"},\"inLanguage\":\"es\",\"potentialAction\":[{\"@type\":\"ReadAction\",\"target\":[\"https:\\\/\\\/www.sindicaturabarcelona.cat\\\/es\\\/personas-sometidas-a-procedimientos-de-ejecucion-forzosa\\\/\"]}]},{\"@type\":\"ImageObject\",\"inLanguage\":\"es\",\"@id\":\"https:\\\/\\\/www.sindicaturabarcelona.cat\\\/es\\\/personas-sometidas-a-procedimientos-de-ejecucion-forzosa\\\/#primaryimage\",\"url\":\"https:\\\/\\\/www.sindicaturabarcelona.cat\\\/wp-content\\\/uploads\\\/2021\\\/05\\\/18986_200522_AF_ItinerarisSegursDeCapDeSetmanaCOVID19_FabraIPuig_0019.jpg\",\"contentUrl\":\"https:\\\/\\\/www.sindicaturabarcelona.cat\\\/wp-content\\\/uploads\\\/2021\\\/05\\\/18986_200522_AF_ItinerarisSegursDeCapDeSetmanaCOVID19_FabraIPuig_0019.jpg\",\"width\":1024,\"height\":683,\"caption\":\"Procedimiento ejecuci\u00f3n forzosa\"},{\"@type\":\"BreadcrumbList\",\"@id\":\"https:\\\/\\\/www.sindicaturabarcelona.cat\\\/es\\\/personas-sometidas-a-procedimientos-de-ejecucion-forzosa\\\/#breadcrumb\",\"itemListElement\":[{\"@type\":\"ListItem\",\"position\":1,\"name\":\"Inici\",\"item\":\"https:\\\/\\\/www.sindicaturabarcelona.cat\\\/es\\\/\"},{\"@type\":\"ListItem\",\"position\":2,\"name\":\"La situaci\u00f3n de personas sometidas a procedimientos de ejecuci\u00f3n forzosa y con una situaci\u00f3n econ\u00f3mica precaria\"}]},{\"@type\":\"WebSite\",\"@id\":\"https:\\\/\\\/www.sindicaturabarcelona.cat\\\/es\\\/#website\",\"url\":\"https:\\\/\\\/www.sindicaturabarcelona.cat\\\/es\\\/\",\"name\":\"Sindicatura de Greuges de Barcelona\",\"description\":\"La defensoria dels teus drets\",\"publisher\":{\"@id\":\"https:\\\/\\\/www.sindicaturabarcelona.cat\\\/es\\\/#organization\"},\"potentialAction\":[{\"@type\":\"SearchAction\",\"target\":{\"@type\":\"EntryPoint\",\"urlTemplate\":\"https:\\\/\\\/www.sindicaturabarcelona.cat\\\/es\\\/?s={search_term_string}\"},\"query-input\":{\"@type\":\"PropertyValueSpecification\",\"valueRequired\":true,\"valueName\":\"search_term_string\"}}],\"inLanguage\":\"es\"},{\"@type\":\"Organization\",\"@id\":\"https:\\\/\\\/www.sindicaturabarcelona.cat\\\/es\\\/#organization\",\"name\":\"Sindicatura de Greuges de Barcelona\",\"url\":\"https:\\\/\\\/www.sindicaturabarcelona.cat\\\/es\\\/\",\"logo\":{\"@type\":\"ImageObject\",\"inLanguage\":\"es\",\"@id\":\"https:\\\/\\\/www.sindicaturabarcelona.cat\\\/es\\\/#\\\/schema\\\/logo\\\/image\\\/\",\"url\":\"https:\\\/\\\/www.sindicaturabarcelona.cat\\\/wp-content\\\/uploads\\\/2023\\\/02\\\/logo_sindicatura.svg\",\"contentUrl\":\"https:\\\/\\\/www.sindicaturabarcelona.cat\\\/wp-content\\\/uploads\\\/2023\\\/02\\\/logo_sindicatura.svg\",\"caption\":\"Sindicatura de Greuges de Barcelona\"},\"image\":{\"@id\":\"https:\\\/\\\/www.sindicaturabarcelona.cat\\\/es\\\/#\\\/schema\\\/logo\\\/image\\\/\"},\"sameAs\":[\"https:\\\/\\\/x.com\\\/sindicbarcelona\",\"https:\\\/\\\/www.instagram.com\\\/sindicbarcelona\\\/\",\"https:\\\/\\\/www.tiktok.com\\\/@sindicaturabcn\",\"https:\\\/\\\/t.me\\\/sindicaturabarcelona\"]},{\"@type\":\"Person\",\"@id\":\"https:\\\/\\\/www.sindicaturabarcelona.cat\\\/es\\\/#\\\/schema\\\/person\\\/0e5acffc350ffdbc97578159322c9452\",\"name\":\"Pablo\",\"image\":{\"@type\":\"ImageObject\",\"inLanguage\":\"es\",\"@id\":\"https:\\\/\\\/secure.gravatar.com\\\/avatar\\\/c948169b402ef9492afde705c3dfd5e90e1a6a84ef6840a91124f805a25a480f?s=96&d=mm&r=g\",\"url\":\"https:\\\/\\\/secure.gravatar.com\\\/avatar\\\/c948169b402ef9492afde705c3dfd5e90e1a6a84ef6840a91124f805a25a480f?s=96&d=mm&r=g\",\"contentUrl\":\"https:\\\/\\\/secure.gravatar.com\\\/avatar\\\/c948169b402ef9492afde705c3dfd5e90e1a6a84ef6840a91124f805a25a480f?s=96&d=mm&r=g\",\"caption\":\"Pablo\"},\"url\":\"https:\\\/\\\/www.sindicaturabarcelona.cat\\\/es\\\/author\\\/pablo\\\/\"}]}<\/script>\n<!-- \/ Yoast SEO plugin. -->","yoast_head_json":{"title":"La situaci\u00f3n de personas sometidas a procedimientos de ejecuci\u00f3n forzosa y con una situaci\u00f3n econ\u00f3mica precaria -","description":"La pandemia ha afectado a muchas familias y personas que nunca hab\u00edan solicitado ayudas p\u00fablicas, ahora se ven obligadas a hacerlo.","robots":{"index":"index","follow":"follow","max-snippet":"max-snippet:-1","max-image-preview":"max-image-preview:large","max-video-preview":"max-video-preview:-1"},"canonical":"https:\/\/www.sindicaturabarcelona.cat\/es\/personas-sometidas-a-procedimientos-de-ejecucion-forzosa\/","og_locale":"es_ES","og_type":"article","og_title":"La situaci\u00f3n de personas sometidas a procedimientos de ejecuci\u00f3n forzosa y con una situaci\u00f3n econ\u00f3mica precaria -","og_description":"La pandemia ha afectado a muchas familias y personas que nunca hab\u00edan solicitado ayudas p\u00fablicas, ahora se ven obligadas a hacerlo.","og_url":"https:\/\/www.sindicaturabarcelona.cat\/es\/personas-sometidas-a-procedimientos-de-ejecucion-forzosa\/","og_site_name":"Sindicatura de Greuges de Barcelona","article_published_time":"2021-05-02T17:43:03+00:00","article_modified_time":"2021-05-02T17:43:04+00:00","og_image":[{"width":1024,"height":683,"url":"https:\/\/www.sindicaturabarcelona.cat\/wp-content\/uploads\/2021\/05\/18986_200522_AF_ItinerarisSegursDeCapDeSetmanaCOVID19_FabraIPuig_0019.jpg","type":"image\/jpeg"}],"author":"Pablo","twitter_card":"summary_large_image","twitter_creator":"@sindicbarcelona","twitter_site":"@sindicbarcelona","twitter_misc":{"Escrito por":"Pablo","Tiempo de lectura":"5 minutos"},"schema":{"@context":"https:\/\/schema.org","@graph":[{"@type":"Article","@id":"https:\/\/www.sindicaturabarcelona.cat\/es\/personas-sometidas-a-procedimientos-de-ejecucion-forzosa\/#article","isPartOf":{"@id":"https:\/\/www.sindicaturabarcelona.cat\/es\/personas-sometidas-a-procedimientos-de-ejecucion-forzosa\/"},"author":{"name":"Pablo","@id":"https:\/\/www.sindicaturabarcelona.cat\/es\/#\/schema\/person\/0e5acffc350ffdbc97578159322c9452"},"headline":"La situaci\u00f3n de personas sometidas a procedimientos de ejecuci\u00f3n forzosa y con una situaci\u00f3n econ\u00f3mica precaria","datePublished":"2021-05-02T17:43:03+00:00","dateModified":"2021-05-02T17:43:04+00:00","mainEntityOfPage":{"@id":"https:\/\/www.sindicaturabarcelona.cat\/es\/personas-sometidas-a-procedimientos-de-ejecucion-forzosa\/"},"wordCount":934,"publisher":{"@id":"https:\/\/www.sindicaturabarcelona.cat\/es\/#organization"},"image":{"@id":"https:\/\/www.sindicaturabarcelona.cat\/es\/personas-sometidas-a-procedimientos-de-ejecucion-forzosa\/#primaryimage"},"thumbnailUrl":"https:\/\/www.sindicaturabarcelona.cat\/wp-content\/uploads\/2021\/05\/18986_200522_AF_ItinerarisSegursDeCapDeSetmanaCOVID19_FabraIPuig_0019.jpg","articleSection":["Buen gobierno","Servicios sociales"],"inLanguage":"es"},{"@type":"WebPage","@id":"https:\/\/www.sindicaturabarcelona.cat\/es\/personas-sometidas-a-procedimientos-de-ejecucion-forzosa\/","url":"https:\/\/www.sindicaturabarcelona.cat\/es\/personas-sometidas-a-procedimientos-de-ejecucion-forzosa\/","name":"La situaci\u00f3n de personas sometidas a procedimientos de ejecuci\u00f3n forzosa y con una situaci\u00f3n econ\u00f3mica precaria -","isPartOf":{"@id":"https:\/\/www.sindicaturabarcelona.cat\/es\/#website"},"primaryImageOfPage":{"@id":"https:\/\/www.sindicaturabarcelona.cat\/es\/personas-sometidas-a-procedimientos-de-ejecucion-forzosa\/#primaryimage"},"image":{"@id":"https:\/\/www.sindicaturabarcelona.cat\/es\/personas-sometidas-a-procedimientos-de-ejecucion-forzosa\/#primaryimage"},"thumbnailUrl":"https:\/\/www.sindicaturabarcelona.cat\/wp-content\/uploads\/2021\/05\/18986_200522_AF_ItinerarisSegursDeCapDeSetmanaCOVID19_FabraIPuig_0019.jpg","datePublished":"2021-05-02T17:43:03+00:00","dateModified":"2021-05-02T17:43:04+00:00","description":"La pandemia ha afectado a muchas familias y personas que nunca hab\u00edan solicitado ayudas p\u00fablicas, ahora se ven obligadas a hacerlo.","breadcrumb":{"@id":"https:\/\/www.sindicaturabarcelona.cat\/es\/personas-sometidas-a-procedimientos-de-ejecucion-forzosa\/#breadcrumb"},"inLanguage":"es","potentialAction":[{"@type":"ReadAction","target":["https:\/\/www.sindicaturabarcelona.cat\/es\/personas-sometidas-a-procedimientos-de-ejecucion-forzosa\/"]}]},{"@type":"ImageObject","inLanguage":"es","@id":"https:\/\/www.sindicaturabarcelona.cat\/es\/personas-sometidas-a-procedimientos-de-ejecucion-forzosa\/#primaryimage","url":"https:\/\/www.sindicaturabarcelona.cat\/wp-content\/uploads\/2021\/05\/18986_200522_AF_ItinerarisSegursDeCapDeSetmanaCOVID19_FabraIPuig_0019.jpg","contentUrl":"https:\/\/www.sindicaturabarcelona.cat\/wp-content\/uploads\/2021\/05\/18986_200522_AF_ItinerarisSegursDeCapDeSetmanaCOVID19_FabraIPuig_0019.jpg","width":1024,"height":683,"caption":"Procedimiento ejecuci\u00f3n forzosa"},{"@type":"BreadcrumbList","@id":"https:\/\/www.sindicaturabarcelona.cat\/es\/personas-sometidas-a-procedimientos-de-ejecucion-forzosa\/#breadcrumb","itemListElement":[{"@type":"ListItem","position":1,"name":"Inici","item":"https:\/\/www.sindicaturabarcelona.cat\/es\/"},{"@type":"ListItem","position":2,"name":"La situaci\u00f3n de personas sometidas a procedimientos de ejecuci\u00f3n forzosa y con una situaci\u00f3n econ\u00f3mica precaria"}]},{"@type":"WebSite","@id":"https:\/\/www.sindicaturabarcelona.cat\/es\/#website","url":"https:\/\/www.sindicaturabarcelona.cat\/es\/","name":"Sindicatura de Greuges de Barcelona","description":"La defensoria dels teus drets","publisher":{"@id":"https:\/\/www.sindicaturabarcelona.cat\/es\/#organization"},"potentialAction":[{"@type":"SearchAction","target":{"@type":"EntryPoint","urlTemplate":"https:\/\/www.sindicaturabarcelona.cat\/es\/?s={search_term_string}"},"query-input":{"@type":"PropertyValueSpecification","valueRequired":true,"valueName":"search_term_string"}}],"inLanguage":"es"},{"@type":"Organization","@id":"https:\/\/www.sindicaturabarcelona.cat\/es\/#organization","name":"Sindicatura de Greuges de Barcelona","url":"https:\/\/www.sindicaturabarcelona.cat\/es\/","logo":{"@type":"ImageObject","inLanguage":"es","@id":"https:\/\/www.sindicaturabarcelona.cat\/es\/#\/schema\/logo\/image\/","url":"https:\/\/www.sindicaturabarcelona.cat\/wp-content\/uploads\/2023\/02\/logo_sindicatura.svg","contentUrl":"https:\/\/www.sindicaturabarcelona.cat\/wp-content\/uploads\/2023\/02\/logo_sindicatura.svg","caption":"Sindicatura de Greuges de Barcelona"},"image":{"@id":"https:\/\/www.sindicaturabarcelona.cat\/es\/#\/schema\/logo\/image\/"},"sameAs":["https:\/\/x.com\/sindicbarcelona","https:\/\/www.instagram.com\/sindicbarcelona\/","https:\/\/www.tiktok.com\/@sindicaturabcn","https:\/\/t.me\/sindicaturabarcelona"]},{"@type":"Person","@id":"https:\/\/www.sindicaturabarcelona.cat\/es\/#\/schema\/person\/0e5acffc350ffdbc97578159322c9452","name":"Pablo","image":{"@type":"ImageObject","inLanguage":"es","@id":"https:\/\/secure.gravatar.com\/avatar\/c948169b402ef9492afde705c3dfd5e90e1a6a84ef6840a91124f805a25a480f?s=96&d=mm&r=g","url":"https:\/\/secure.gravatar.com\/avatar\/c948169b402ef9492afde705c3dfd5e90e1a6a84ef6840a91124f805a25a480f?s=96&d=mm&r=g","contentUrl":"https:\/\/secure.gravatar.com\/avatar\/c948169b402ef9492afde705c3dfd5e90e1a6a84ef6840a91124f805a25a480f?s=96&d=mm&r=g","caption":"Pablo"},"url":"https:\/\/www.sindicaturabarcelona.cat\/es\/author\/pablo\/"}]}},"_links":{"self":[{"href":"https:\/\/www.sindicaturabarcelona.cat\/es\/wp-json\/wp\/v2\/posts\/12439","targetHints":{"allow":["GET"]}}],"collection":[{"href":"https:\/\/www.sindicaturabarcelona.cat\/es\/wp-json\/wp\/v2\/posts"}],"about":[{"href":"https:\/\/www.sindicaturabarcelona.cat\/es\/wp-json\/wp\/v2\/types\/post"}],"author":[{"embeddable":true,"href":"https:\/\/www.sindicaturabarcelona.cat\/es\/wp-json\/wp\/v2\/users\/2"}],"replies":[{"embeddable":true,"href":"https:\/\/www.sindicaturabarcelona.cat\/es\/wp-json\/wp\/v2\/comments?post=12439"}],"version-history":[{"count":0,"href":"https:\/\/www.sindicaturabarcelona.cat\/es\/wp-json\/wp\/v2\/posts\/12439\/revisions"}],"wp:featuredmedia":[{"embeddable":true,"href":"https:\/\/www.sindicaturabarcelona.cat\/es\/wp-json\/wp\/v2\/media\/12440"}],"wp:attachment":[{"href":"https:\/\/www.sindicaturabarcelona.cat\/es\/wp-json\/wp\/v2\/media?parent=12439"}],"wp:term":[{"taxonomy":"post_tag","embeddable":true,"href":"https:\/\/www.sindicaturabarcelona.cat\/es\/wp-json\/wp\/v2\/tags?post=12439"},{"taxonomy":"drets","embeddable":true,"href":"https:\/\/www.sindicaturabarcelona.cat\/es\/wp-json\/wp\/v2\/drets?post=12439"}],"curies":[{"name":"wp","href":"https:\/\/api.w.org\/{rel}","templated":true}]}}