{"id":12181,"date":"2021-03-25T12:42:49","date_gmt":"2021-03-25T10:42:49","guid":{"rendered":"https:\/\/www.sindicabarcelona.cat\/?p=12181"},"modified":"2021-03-25T20:54:56","modified_gmt":"2021-03-25T18:54:56","slug":"ocho-candidaturas-presentadas-para-la-eleccion-de-la-nueva-sindica-o-el-nuevo-sindic-de-barcelona","status":"publish","type":"post","link":"https:\/\/www.sindicaturabarcelona.cat\/es\/ocho-candidaturas-presentadas-para-la-eleccion-de-la-nueva-sindica-o-el-nuevo-sindic-de-barcelona\/","title":{"rendered":"Ocho candidaturas presentadas para la elecci\u00f3n de la nueva s\u00edndica o el nuevo s\u00edndic de Barcelona"},"content":{"rendered":"\n<p>Durante los dos \u00faltimos meses, entre el 15 de enero y el 15 de marzo, el tejido asociativo de la ciudad ha presentado ocho candidaturas para el cargo de s\u00edndic o s\u00edndica de greuges de Barcelona, personas escogidas por las entidades por su trayectoria personal y profesional y por su conocimiento de la ciudad. Las ocho candidaturas presentadas significan un importante incremento respecto al proceso de elecci\u00f3n del 2016, cuando se presentaron cinco personas para el cargo.<\/p>\n\n\n\n<p>Entre el 19 de abril y el 19 de mayo tendr\u00e1 lugar la fase de apoyos, en la que la ciudadan\u00eda a t\u00edtulo individual, y tambi\u00e9n las entidades, podr\u00e1n apoyar a alguna de las candidaturas mediante la plataforma de participaci\u00f3n Decidim.Barcelona. Esta fase de apoyo popular, que se llev\u00f3 a cabo por primera vez en 2016, persigue un doble objetivo.<\/p>\n\n\n\n<p>Por un lado, acercar la Sindicatura de Greuges a la ciudadan\u00eda y darla a conocer como instituci\u00f3n municipal que tiene la funci\u00f3n de defender los derechos fundamentales y las libertades p\u00fablicas ante la administraci\u00f3n. Por otro, potenciar los mecanismos de democracia activa entre la ciudadan\u00eda y hacer llegar esta voz a los miembros del Pleno del Consejo Municipal que, en \u00faltima instancia, seg\u00fan establece la Carta Municipal de Barcelona, es el \u00f3rgano competente para escoger el nuevo s\u00edndic o la nueva s\u00edndica.<\/p>\n\n\n\n<p>Pod\u00e9is consultar las candidaturas <a href=\"https:\/\/ajuntament.barcelona.cat\/premsa\/2021\/03\/25\/presentades-vuit-candidatures-a-la-sindicatura-de-greuges-de-barcelona\/\" target=\"_blank\" rel=\"noreferrer noopener\">aqu\u00ed<\/a>.<\/p>\n\n\n\n<p><a href=\"https:\/\/www.sindicaturabarcelona.cat\/wp-content\/uploads\/2021\/03\/20210325_Candidatures-nou-sindic-o-sindica_ESP.pdf\" target=\"_blank\" rel=\"noreferrer noopener\">Nota de prensa<\/a><\/p>\n","protected":false},"excerpt":{"rendered":"<p>Durante los dos \u00faltimos meses, entre el 15 de enero y el 15 de marzo, el tejido asociativo de la ciudad ha presentado ocho candidaturas para el cargo de s\u00edndic [&hellip;]<\/p>\n","protected":false},"author":2,"featured_media":12188,"comment_status":"closed","ping_status":"open","sticky":false,"template":"","format":"standard","meta":{"_acf_changed":false,"footnotes":""},"tags":[],"drets":[],"class_list":["post-12181","post","type-post","status-publish","format-standard","has-post-thumbnail","hentry"],"acf":[],"yoast_head":"<!-- This site is optimized with the Yoast SEO plugin v27.5 - https:\/\/yoast.com\/product\/yoast-seo-wordpress\/ -->\n<title>Ocho candidaturas presentadas para la elecci\u00f3n de la nueva s\u00edndica o el nuevo s\u00edndic de Barcelona - Sindicatura de Greuges de Barcelona<\/title>\n<meta name=\"description\" content=\"Ocho candidaturas presentadas para la elecci\u00f3n de la nueva s\u00edndica o el nuevo s\u00edndic de Barcelona\" \/>\n<meta name=\"robots\" content=\"index, follow, max-snippet:-1, max-image-preview:large, max-video-preview:-1\" \/>\n<link rel=\"canonical\" href=\"https:\/\/www.sindicaturabarcelona.cat\/es\/ocho-candidaturas-presentadas-para-la-eleccion-de-la-nueva-sindica-o-el-nuevo-sindic-de-barcelona\/\" \/>\n<meta property=\"og:locale\" content=\"es_ES\" \/>\n<meta property=\"og:type\" content=\"article\" \/>\n<meta property=\"og:title\" content=\"Ocho candidaturas presentadas para la elecci\u00f3n de la nueva s\u00edndica o el nuevo s\u00edndic de Barcelona - Sindicatura de Greuges de Barcelona\" \/>\n<meta property=\"og:description\" content=\"Ocho candidaturas presentadas para la elecci\u00f3n de la nueva s\u00edndica o el nuevo s\u00edndic de Barcelona\" \/>\n<meta property=\"og:url\" content=\"https:\/\/www.sindicaturabarcelona.cat\/es\/ocho-candidaturas-presentadas-para-la-eleccion-de-la-nueva-sindica-o-el-nuevo-sindic-de-barcelona\/\" \/>\n<meta property=\"og:site_name\" content=\"Sindicatura de Greuges de Barcelona\" \/>\n<meta property=\"article:published_time\" content=\"2021-03-25T10:42:49+00:00\" \/>\n<meta property=\"article:modified_time\" content=\"2021-03-25T18:54:56+00:00\" \/>\n<meta property=\"og:image\" content=\"https:\/\/www.sindicaturabarcelona.cat\/wp-content\/uploads\/2021\/03\/porta-1.jpg\" \/>\n\t<meta property=\"og:image:width\" content=\"744\" \/>\n\t<meta property=\"og:image:height\" content=\"473\" \/>\n\t<meta property=\"og:image:type\" content=\"image\/jpeg\" \/>\n<meta name=\"author\" content=\"Pablo\" \/>\n<meta name=\"twitter:card\" content=\"summary_large_image\" \/>\n<meta name=\"twitter:creator\" content=\"@sindicbarcelona\" \/>\n<meta name=\"twitter:site\" content=\"@sindicbarcelona\" \/>\n<meta name=\"twitter:label1\" content=\"Escrito por\" \/>\n\t<meta name=\"twitter:data1\" content=\"Pablo\" \/>\n\t<meta name=\"twitter:label2\" content=\"Tiempo de lectura\" \/>\n\t<meta name=\"twitter:data2\" content=\"1 minuto\" \/>\n<script type=\"application\/ld+json\" class=\"yoast-schema-graph\">{\"@context\":\"https:\\\/\\\/schema.org\",\"@graph\":[{\"@type\":\"Article\",\"@id\":\"https:\\\/\\\/www.sindicaturabarcelona.cat\\\/es\\\/ocho-candidaturas-presentadas-para-la-eleccion-de-la-nueva-sindica-o-el-nuevo-sindic-de-barcelona\\\/#article\",\"isPartOf\":{\"@id\":\"https:\\\/\\\/www.sindicaturabarcelona.cat\\\/es\\\/ocho-candidaturas-presentadas-para-la-eleccion-de-la-nueva-sindica-o-el-nuevo-sindic-de-barcelona\\\/\"},\"author\":{\"name\":\"Pablo\",\"@id\":\"https:\\\/\\\/www.sindicaturabarcelona.cat\\\/es\\\/#\\\/schema\\\/person\\\/0e5acffc350ffdbc97578159322c9452\"},\"headline\":\"Ocho candidaturas presentadas para la elecci\u00f3n de la nueva s\u00edndica o el nuevo s\u00edndic de Barcelona\",\"datePublished\":\"2021-03-25T10:42:49+00:00\",\"dateModified\":\"2021-03-25T18:54:56+00:00\",\"mainEntityOfPage\":{\"@id\":\"https:\\\/\\\/www.sindicaturabarcelona.cat\\\/es\\\/ocho-candidaturas-presentadas-para-la-eleccion-de-la-nueva-sindica-o-el-nuevo-sindic-de-barcelona\\\/\"},\"wordCount\":259,\"publisher\":{\"@id\":\"https:\\\/\\\/www.sindicaturabarcelona.cat\\\/es\\\/#organization\"},\"image\":{\"@id\":\"https:\\\/\\\/www.sindicaturabarcelona.cat\\\/es\\\/ocho-candidaturas-presentadas-para-la-eleccion-de-la-nueva-sindica-o-el-nuevo-sindic-de-barcelona\\\/#primaryimage\"},\"thumbnailUrl\":\"https:\\\/\\\/www.sindicaturabarcelona.cat\\\/wp-content\\\/uploads\\\/2021\\\/03\\\/porta-1.jpg\",\"inLanguage\":\"es\"},{\"@type\":\"WebPage\",\"@id\":\"https:\\\/\\\/www.sindicaturabarcelona.cat\\\/es\\\/ocho-candidaturas-presentadas-para-la-eleccion-de-la-nueva-sindica-o-el-nuevo-sindic-de-barcelona\\\/\",\"url\":\"https:\\\/\\\/www.sindicaturabarcelona.cat\\\/es\\\/ocho-candidaturas-presentadas-para-la-eleccion-de-la-nueva-sindica-o-el-nuevo-sindic-de-barcelona\\\/\",\"name\":\"Ocho candidaturas presentadas para la elecci\u00f3n de la nueva s\u00edndica o el nuevo s\u00edndic de Barcelona - Sindicatura de Greuges de Barcelona\",\"isPartOf\":{\"@id\":\"https:\\\/\\\/www.sindicaturabarcelona.cat\\\/es\\\/#website\"},\"primaryImageOfPage\":{\"@id\":\"https:\\\/\\\/www.sindicaturabarcelona.cat\\\/es\\\/ocho-candidaturas-presentadas-para-la-eleccion-de-la-nueva-sindica-o-el-nuevo-sindic-de-barcelona\\\/#primaryimage\"},\"image\":{\"@id\":\"https:\\\/\\\/www.sindicaturabarcelona.cat\\\/es\\\/ocho-candidaturas-presentadas-para-la-eleccion-de-la-nueva-sindica-o-el-nuevo-sindic-de-barcelona\\\/#primaryimage\"},\"thumbnailUrl\":\"https:\\\/\\\/www.sindicaturabarcelona.cat\\\/wp-content\\\/uploads\\\/2021\\\/03\\\/porta-1.jpg\",\"datePublished\":\"2021-03-25T10:42:49+00:00\",\"dateModified\":\"2021-03-25T18:54:56+00:00\",\"description\":\"Ocho candidaturas presentadas para la elecci\u00f3n de la nueva s\u00edndica o el nuevo s\u00edndic de Barcelona\",\"breadcrumb\":{\"@id\":\"https:\\\/\\\/www.sindicaturabarcelona.cat\\\/es\\\/ocho-candidaturas-presentadas-para-la-eleccion-de-la-nueva-sindica-o-el-nuevo-sindic-de-barcelona\\\/#breadcrumb\"},\"inLanguage\":\"es\",\"potentialAction\":[{\"@type\":\"ReadAction\",\"target\":[\"https:\\\/\\\/www.sindicaturabarcelona.cat\\\/es\\\/ocho-candidaturas-presentadas-para-la-eleccion-de-la-nueva-sindica-o-el-nuevo-sindic-de-barcelona\\\/\"]}]},{\"@type\":\"ImageObject\",\"inLanguage\":\"es\",\"@id\":\"https:\\\/\\\/www.sindicaturabarcelona.cat\\\/es\\\/ocho-candidaturas-presentadas-para-la-eleccion-de-la-nueva-sindica-o-el-nuevo-sindic-de-barcelona\\\/#primaryimage\",\"url\":\"https:\\\/\\\/www.sindicaturabarcelona.cat\\\/wp-content\\\/uploads\\\/2021\\\/03\\\/porta-1.jpg\",\"contentUrl\":\"https:\\\/\\\/www.sindicaturabarcelona.cat\\\/wp-content\\\/uploads\\\/2021\\\/03\\\/porta-1.jpg\",\"width\":744,\"height\":473},{\"@type\":\"BreadcrumbList\",\"@id\":\"https:\\\/\\\/www.sindicaturabarcelona.cat\\\/es\\\/ocho-candidaturas-presentadas-para-la-eleccion-de-la-nueva-sindica-o-el-nuevo-sindic-de-barcelona\\\/#breadcrumb\",\"itemListElement\":[{\"@type\":\"ListItem\",\"position\":1,\"name\":\"Inici\",\"item\":\"https:\\\/\\\/www.sindicaturabarcelona.cat\\\/es\\\/\"},{\"@type\":\"ListItem\",\"position\":2,\"name\":\"Ocho candidaturas presentadas para la elecci\u00f3n de la nueva s\u00edndica o el nuevo s\u00edndic de Barcelona\"}]},{\"@type\":\"WebSite\",\"@id\":\"https:\\\/\\\/www.sindicaturabarcelona.cat\\\/es\\\/#website\",\"url\":\"https:\\\/\\\/www.sindicaturabarcelona.cat\\\/es\\\/\",\"name\":\"Sindicatura de Greuges de Barcelona\",\"description\":\"La defensoria dels teus drets\",\"publisher\":{\"@id\":\"https:\\\/\\\/www.sindicaturabarcelona.cat\\\/es\\\/#organization\"},\"potentialAction\":[{\"@type\":\"SearchAction\",\"target\":{\"@type\":\"EntryPoint\",\"urlTemplate\":\"https:\\\/\\\/www.sindicaturabarcelona.cat\\\/es\\\/?s={search_term_string}\"},\"query-input\":{\"@type\":\"PropertyValueSpecification\",\"valueRequired\":true,\"valueName\":\"search_term_string\"}}],\"inLanguage\":\"es\"},{\"@type\":\"Organization\",\"@id\":\"https:\\\/\\\/www.sindicaturabarcelona.cat\\\/es\\\/#organization\",\"name\":\"Sindicatura de Greuges de Barcelona\",\"url\":\"https:\\\/\\\/www.sindicaturabarcelona.cat\\\/es\\\/\",\"logo\":{\"@type\":\"ImageObject\",\"inLanguage\":\"es\",\"@id\":\"https:\\\/\\\/www.sindicaturabarcelona.cat\\\/es\\\/#\\\/schema\\\/logo\\\/image\\\/\",\"url\":\"https:\\\/\\\/www.sindicaturabarcelona.cat\\\/wp-content\\\/uploads\\\/2023\\\/02\\\/logo_sindicatura.svg\",\"contentUrl\":\"https:\\\/\\\/www.sindicaturabarcelona.cat\\\/wp-content\\\/uploads\\\/2023\\\/02\\\/logo_sindicatura.svg\",\"caption\":\"Sindicatura de Greuges de Barcelona\"},\"image\":{\"@id\":\"https:\\\/\\\/www.sindicaturabarcelona.cat\\\/es\\\/#\\\/schema\\\/logo\\\/image\\\/\"},\"sameAs\":[\"https:\\\/\\\/x.com\\\/sindicbarcelona\",\"https:\\\/\\\/www.instagram.com\\\/sindicbarcelona\\\/\",\"https:\\\/\\\/www.tiktok.com\\\/@sindicaturabcn\",\"https:\\\/\\\/t.me\\\/sindicaturabarcelona\"]},{\"@type\":\"Person\",\"@id\":\"https:\\\/\\\/www.sindicaturabarcelona.cat\\\/es\\\/#\\\/schema\\\/person\\\/0e5acffc350ffdbc97578159322c9452\",\"name\":\"Pablo\",\"image\":{\"@type\":\"ImageObject\",\"inLanguage\":\"es\",\"@id\":\"https:\\\/\\\/secure.gravatar.com\\\/avatar\\\/c948169b402ef9492afde705c3dfd5e90e1a6a84ef6840a91124f805a25a480f?s=96&d=mm&r=g\",\"url\":\"https:\\\/\\\/secure.gravatar.com\\\/avatar\\\/c948169b402ef9492afde705c3dfd5e90e1a6a84ef6840a91124f805a25a480f?s=96&d=mm&r=g\",\"contentUrl\":\"https:\\\/\\\/secure.gravatar.com\\\/avatar\\\/c948169b402ef9492afde705c3dfd5e90e1a6a84ef6840a91124f805a25a480f?s=96&d=mm&r=g\",\"caption\":\"Pablo\"},\"url\":\"https:\\\/\\\/www.sindicaturabarcelona.cat\\\/es\\\/author\\\/pablo\\\/\"}]}<\/script>\n<!-- \/ Yoast SEO plugin. -->","yoast_head_json":{"title":"Ocho candidaturas presentadas para la elecci\u00f3n de la nueva s\u00edndica o el nuevo s\u00edndic de Barcelona - Sindicatura de Greuges de Barcelona","description":"Ocho candidaturas presentadas para la elecci\u00f3n de la nueva s\u00edndica o el nuevo s\u00edndic de Barcelona","robots":{"index":"index","follow":"follow","max-snippet":"max-snippet:-1","max-image-preview":"max-image-preview:large","max-video-preview":"max-video-preview:-1"},"canonical":"https:\/\/www.sindicaturabarcelona.cat\/es\/ocho-candidaturas-presentadas-para-la-eleccion-de-la-nueva-sindica-o-el-nuevo-sindic-de-barcelona\/","og_locale":"es_ES","og_type":"article","og_title":"Ocho candidaturas presentadas para la elecci\u00f3n de la nueva s\u00edndica o el nuevo s\u00edndic de Barcelona - Sindicatura de Greuges de Barcelona","og_description":"Ocho candidaturas presentadas para la elecci\u00f3n de la nueva s\u00edndica o el nuevo s\u00edndic de Barcelona","og_url":"https:\/\/www.sindicaturabarcelona.cat\/es\/ocho-candidaturas-presentadas-para-la-eleccion-de-la-nueva-sindica-o-el-nuevo-sindic-de-barcelona\/","og_site_name":"Sindicatura de Greuges de Barcelona","article_published_time":"2021-03-25T10:42:49+00:00","article_modified_time":"2021-03-25T18:54:56+00:00","og_image":[{"width":744,"height":473,"url":"https:\/\/www.sindicaturabarcelona.cat\/wp-content\/uploads\/2021\/03\/porta-1.jpg","type":"image\/jpeg"}],"author":"Pablo","twitter_card":"summary_large_image","twitter_creator":"@sindicbarcelona","twitter_site":"@sindicbarcelona","twitter_misc":{"Escrito por":"Pablo","Tiempo de lectura":"1 minuto"},"schema":{"@context":"https:\/\/schema.org","@graph":[{"@type":"Article","@id":"https:\/\/www.sindicaturabarcelona.cat\/es\/ocho-candidaturas-presentadas-para-la-eleccion-de-la-nueva-sindica-o-el-nuevo-sindic-de-barcelona\/#article","isPartOf":{"@id":"https:\/\/www.sindicaturabarcelona.cat\/es\/ocho-candidaturas-presentadas-para-la-eleccion-de-la-nueva-sindica-o-el-nuevo-sindic-de-barcelona\/"},"author":{"name":"Pablo","@id":"https:\/\/www.sindicaturabarcelona.cat\/es\/#\/schema\/person\/0e5acffc350ffdbc97578159322c9452"},"headline":"Ocho candidaturas presentadas para la elecci\u00f3n de la nueva s\u00edndica o el nuevo s\u00edndic de Barcelona","datePublished":"2021-03-25T10:42:49+00:00","dateModified":"2021-03-25T18:54:56+00:00","mainEntityOfPage":{"@id":"https:\/\/www.sindicaturabarcelona.cat\/es\/ocho-candidaturas-presentadas-para-la-eleccion-de-la-nueva-sindica-o-el-nuevo-sindic-de-barcelona\/"},"wordCount":259,"publisher":{"@id":"https:\/\/www.sindicaturabarcelona.cat\/es\/#organization"},"image":{"@id":"https:\/\/www.sindicaturabarcelona.cat\/es\/ocho-candidaturas-presentadas-para-la-eleccion-de-la-nueva-sindica-o-el-nuevo-sindic-de-barcelona\/#primaryimage"},"thumbnailUrl":"https:\/\/www.sindicaturabarcelona.cat\/wp-content\/uploads\/2021\/03\/porta-1.jpg","inLanguage":"es"},{"@type":"WebPage","@id":"https:\/\/www.sindicaturabarcelona.cat\/es\/ocho-candidaturas-presentadas-para-la-eleccion-de-la-nueva-sindica-o-el-nuevo-sindic-de-barcelona\/","url":"https:\/\/www.sindicaturabarcelona.cat\/es\/ocho-candidaturas-presentadas-para-la-eleccion-de-la-nueva-sindica-o-el-nuevo-sindic-de-barcelona\/","name":"Ocho candidaturas presentadas para la elecci\u00f3n de la nueva s\u00edndica o el nuevo s\u00edndic de Barcelona - Sindicatura de Greuges de Barcelona","isPartOf":{"@id":"https:\/\/www.sindicaturabarcelona.cat\/es\/#website"},"primaryImageOfPage":{"@id":"https:\/\/www.sindicaturabarcelona.cat\/es\/ocho-candidaturas-presentadas-para-la-eleccion-de-la-nueva-sindica-o-el-nuevo-sindic-de-barcelona\/#primaryimage"},"image":{"@id":"https:\/\/www.sindicaturabarcelona.cat\/es\/ocho-candidaturas-presentadas-para-la-eleccion-de-la-nueva-sindica-o-el-nuevo-sindic-de-barcelona\/#primaryimage"},"thumbnailUrl":"https:\/\/www.sindicaturabarcelona.cat\/wp-content\/uploads\/2021\/03\/porta-1.jpg","datePublished":"2021-03-25T10:42:49+00:00","dateModified":"2021-03-25T18:54:56+00:00","description":"Ocho candidaturas presentadas para la elecci\u00f3n de la nueva s\u00edndica o el nuevo s\u00edndic de Barcelona","breadcrumb":{"@id":"https:\/\/www.sindicaturabarcelona.cat\/es\/ocho-candidaturas-presentadas-para-la-eleccion-de-la-nueva-sindica-o-el-nuevo-sindic-de-barcelona\/#breadcrumb"},"inLanguage":"es","potentialAction":[{"@type":"ReadAction","target":["https:\/\/www.sindicaturabarcelona.cat\/es\/ocho-candidaturas-presentadas-para-la-eleccion-de-la-nueva-sindica-o-el-nuevo-sindic-de-barcelona\/"]}]},{"@type":"ImageObject","inLanguage":"es","@id":"https:\/\/www.sindicaturabarcelona.cat\/es\/ocho-candidaturas-presentadas-para-la-eleccion-de-la-nueva-sindica-o-el-nuevo-sindic-de-barcelona\/#primaryimage","url":"https:\/\/www.sindicaturabarcelona.cat\/wp-content\/uploads\/2021\/03\/porta-1.jpg","contentUrl":"https:\/\/www.sindicaturabarcelona.cat\/wp-content\/uploads\/2021\/03\/porta-1.jpg","width":744,"height":473},{"@type":"BreadcrumbList","@id":"https:\/\/www.sindicaturabarcelona.cat\/es\/ocho-candidaturas-presentadas-para-la-eleccion-de-la-nueva-sindica-o-el-nuevo-sindic-de-barcelona\/#breadcrumb","itemListElement":[{"@type":"ListItem","position":1,"name":"Inici","item":"https:\/\/www.sindicaturabarcelona.cat\/es\/"},{"@type":"ListItem","position":2,"name":"Ocho candidaturas presentadas para la elecci\u00f3n de la nueva s\u00edndica o el nuevo s\u00edndic de Barcelona"}]},{"@type":"WebSite","@id":"https:\/\/www.sindicaturabarcelona.cat\/es\/#website","url":"https:\/\/www.sindicaturabarcelona.cat\/es\/","name":"Sindicatura de Greuges de Barcelona","description":"La defensoria dels teus drets","publisher":{"@id":"https:\/\/www.sindicaturabarcelona.cat\/es\/#organization"},"potentialAction":[{"@type":"SearchAction","target":{"@type":"EntryPoint","urlTemplate":"https:\/\/www.sindicaturabarcelona.cat\/es\/?s={search_term_string}"},"query-input":{"@type":"PropertyValueSpecification","valueRequired":true,"valueName":"search_term_string"}}],"inLanguage":"es"},{"@type":"Organization","@id":"https:\/\/www.sindicaturabarcelona.cat\/es\/#organization","name":"Sindicatura de Greuges de Barcelona","url":"https:\/\/www.sindicaturabarcelona.cat\/es\/","logo":{"@type":"ImageObject","inLanguage":"es","@id":"https:\/\/www.sindicaturabarcelona.cat\/es\/#\/schema\/logo\/image\/","url":"https:\/\/www.sindicaturabarcelona.cat\/wp-content\/uploads\/2023\/02\/logo_sindicatura.svg","contentUrl":"https:\/\/www.sindicaturabarcelona.cat\/wp-content\/uploads\/2023\/02\/logo_sindicatura.svg","caption":"Sindicatura de Greuges de Barcelona"},"image":{"@id":"https:\/\/www.sindicaturabarcelona.cat\/es\/#\/schema\/logo\/image\/"},"sameAs":["https:\/\/x.com\/sindicbarcelona","https:\/\/www.instagram.com\/sindicbarcelona\/","https:\/\/www.tiktok.com\/@sindicaturabcn","https:\/\/t.me\/sindicaturabarcelona"]},{"@type":"Person","@id":"https:\/\/www.sindicaturabarcelona.cat\/es\/#\/schema\/person\/0e5acffc350ffdbc97578159322c9452","name":"Pablo","image":{"@type":"ImageObject","inLanguage":"es","@id":"https:\/\/secure.gravatar.com\/avatar\/c948169b402ef9492afde705c3dfd5e90e1a6a84ef6840a91124f805a25a480f?s=96&d=mm&r=g","url":"https:\/\/secure.gravatar.com\/avatar\/c948169b402ef9492afde705c3dfd5e90e1a6a84ef6840a91124f805a25a480f?s=96&d=mm&r=g","contentUrl":"https:\/\/secure.gravatar.com\/avatar\/c948169b402ef9492afde705c3dfd5e90e1a6a84ef6840a91124f805a25a480f?s=96&d=mm&r=g","caption":"Pablo"},"url":"https:\/\/www.sindicaturabarcelona.cat\/es\/author\/pablo\/"}]}},"_links":{"self":[{"href":"https:\/\/www.sindicaturabarcelona.cat\/es\/wp-json\/wp\/v2\/posts\/12181","targetHints":{"allow":["GET"]}}],"collection":[{"href":"https:\/\/www.sindicaturabarcelona.cat\/es\/wp-json\/wp\/v2\/posts"}],"about":[{"href":"https:\/\/www.sindicaturabarcelona.cat\/es\/wp-json\/wp\/v2\/types\/post"}],"author":[{"embeddable":true,"href":"https:\/\/www.sindicaturabarcelona.cat\/es\/wp-json\/wp\/v2\/users\/2"}],"replies":[{"embeddable":true,"href":"https:\/\/www.sindicaturabarcelona.cat\/es\/wp-json\/wp\/v2\/comments?post=12181"}],"version-history":[{"count":0,"href":"https:\/\/www.sindicaturabarcelona.cat\/es\/wp-json\/wp\/v2\/posts\/12181\/revisions"}],"wp:featuredmedia":[{"embeddable":true,"href":"https:\/\/www.sindicaturabarcelona.cat\/es\/wp-json\/wp\/v2\/media\/12188"}],"wp:attachment":[{"href":"https:\/\/www.sindicaturabarcelona.cat\/es\/wp-json\/wp\/v2\/media?parent=12181"}],"wp:term":[{"taxonomy":"post_tag","embeddable":true,"href":"https:\/\/www.sindicaturabarcelona.cat\/es\/wp-json\/wp\/v2\/tags?post=12181"},{"taxonomy":"drets","embeddable":true,"href":"https:\/\/www.sindicaturabarcelona.cat\/es\/wp-json\/wp\/v2\/drets?post=12181"}],"curies":[{"name":"wp","href":"https:\/\/api.w.org\/{rel}","templated":true}]}}