{"id":12083,"date":"2021-01-13T07:39:00","date_gmt":"2021-01-13T05:39:00","guid":{"rendered":"https:\/\/www.sindicabarcelona.cat\/?p=12083"},"modified":"2021-04-12T08:11:16","modified_gmt":"2021-04-12T06:11:16","slug":"una-queja-ciudadana-colectiva-denuncia-un-posible-malbaratamiento-de-agua-potable-y-la-sindica-recuerda-al-ayuntamiento-el-compromiso-de-la-agenda-2030","status":"publish","type":"post","link":"https:\/\/www.sindicaturabarcelona.cat\/es\/una-queja-ciudadana-colectiva-denuncia-un-posible-malbaratamiento-de-agua-potable-y-la-sindica-recuerda-al-ayuntamiento-el-compromiso-de-la-agenda-2030\/","title":{"rendered":"Una queja ciudadana colectiva denuncia un posible malbaratamiento de agua potable y la s\u00edndica recuerda al Ayuntamiento el compromiso de la Agenda 2030"},"content":{"rendered":"\n<p>La acci\u00f3n municipal no corresponde con el principio de la buena Administraci\u00f3n que recoge la carta Europea de los Derechos fundamentales en el art\u00edculo 41, como principio rector de la actuaci\u00f3n de las administraciones p\u00fablicas.<\/p>\n\n\n\n<p><a href=\"https:\/\/www.sindicaturabarcelona.cat\/src\/pdf\/nota_691610529806.pdf\">Nota de prensa<\/a><\/p>\n","protected":false},"excerpt":{"rendered":"<p>La acci\u00f3n municipal no corresponde con el principio de la buena Administraci\u00f3n que recoge la carta Europea de los Derechos fundamentales en el art\u00edculo 41, como principio rector de la [&hellip;]<\/p>\n","protected":false},"author":2,"featured_media":12081,"comment_status":"closed","ping_status":"open","sticky":false,"template":"","format":"standard","meta":{"_acf_changed":false,"footnotes":""},"tags":[],"drets":[],"class_list":["post-12083","post","type-post","status-publish","format-standard","has-post-thumbnail","hentry"],"acf":[],"yoast_head":"<!-- This site is optimized with the Yoast SEO plugin v27.5 - https:\/\/yoast.com\/product\/yoast-seo-wordpress\/ -->\n<title>Una queja ciudadana colectiva denuncia un posible malbaratamiento de agua potable y la s\u00edndica recuerda al Ayuntamiento el compromiso de la Agenda 2030 - Sindicatura de Greuges de Barcelona<\/title>\n<meta name=\"robots\" content=\"index, follow, max-snippet:-1, max-image-preview:large, max-video-preview:-1\" \/>\n<link rel=\"canonical\" href=\"https:\/\/www.sindicaturabarcelona.cat\/es\/una-queja-ciudadana-colectiva-denuncia-un-posible-malbaratamiento-de-agua-potable-y-la-sindica-recuerda-al-ayuntamiento-el-compromiso-de-la-agenda-2030\/\" \/>\n<meta property=\"og:locale\" content=\"es_ES\" \/>\n<meta property=\"og:type\" content=\"article\" \/>\n<meta property=\"og:title\" content=\"Una queja ciudadana colectiva denuncia un posible malbaratamiento de agua potable y la s\u00edndica recuerda al Ayuntamiento el compromiso de la Agenda 2030 - Sindicatura de Greuges de Barcelona\" \/>\n<meta property=\"og:description\" content=\"La acci\u00f3n municipal no corresponde con el principio de la buena Administraci\u00f3n que recoge la carta Europea de los Derechos fundamentales en el art\u00edculo 41, como principio rector de la [&hellip;]\" \/>\n<meta property=\"og:url\" content=\"https:\/\/www.sindicaturabarcelona.cat\/es\/una-queja-ciudadana-colectiva-denuncia-un-posible-malbaratamiento-de-agua-potable-y-la-sindica-recuerda-al-ayuntamiento-el-compromiso-de-la-agenda-2030\/\" \/>\n<meta property=\"og:site_name\" content=\"Sindicatura de Greuges de Barcelona\" \/>\n<meta property=\"article:published_time\" content=\"2021-01-13T05:39:00+00:00\" \/>\n<meta property=\"article:modified_time\" content=\"2021-04-12T06:11:16+00:00\" \/>\n<meta property=\"og:image\" content=\"https:\/\/www.sindicaturabarcelona.cat\/wp-content\/uploads\/2021\/03\/img_391610529798.jpeg\" \/>\n\t<meta property=\"og:image:width\" content=\"1024\" \/>\n\t<meta property=\"og:image:height\" content=\"683\" \/>\n\t<meta property=\"og:image:type\" content=\"image\/jpeg\" \/>\n<meta name=\"author\" content=\"Pablo\" \/>\n<meta name=\"twitter:card\" content=\"summary_large_image\" \/>\n<meta name=\"twitter:creator\" content=\"@sindicbarcelona\" \/>\n<meta name=\"twitter:site\" content=\"@sindicbarcelona\" \/>\n<meta name=\"twitter:label1\" content=\"Escrito por\" \/>\n\t<meta name=\"twitter:data1\" content=\"Pablo\" \/>\n<script type=\"application\/ld+json\" class=\"yoast-schema-graph\">{\"@context\":\"https:\\\/\\\/schema.org\",\"@graph\":[{\"@type\":\"Article\",\"@id\":\"https:\\\/\\\/www.sindicaturabarcelona.cat\\\/es\\\/una-queja-ciudadana-colectiva-denuncia-un-posible-malbaratamiento-de-agua-potable-y-la-sindica-recuerda-al-ayuntamiento-el-compromiso-de-la-agenda-2030\\\/#article\",\"isPartOf\":{\"@id\":\"https:\\\/\\\/www.sindicaturabarcelona.cat\\\/es\\\/una-queja-ciudadana-colectiva-denuncia-un-posible-malbaratamiento-de-agua-potable-y-la-sindica-recuerda-al-ayuntamiento-el-compromiso-de-la-agenda-2030\\\/\"},\"author\":{\"name\":\"Pablo\",\"@id\":\"https:\\\/\\\/www.sindicaturabarcelona.cat\\\/es\\\/#\\\/schema\\\/person\\\/0e5acffc350ffdbc97578159322c9452\"},\"headline\":\"Una queja ciudadana colectiva denuncia un posible malbaratamiento de agua potable y la s\u00edndica recuerda al Ayuntamiento el compromiso de la Agenda 2030\",\"datePublished\":\"2021-01-13T05:39:00+00:00\",\"dateModified\":\"2021-04-12T06:11:16+00:00\",\"mainEntityOfPage\":{\"@id\":\"https:\\\/\\\/www.sindicaturabarcelona.cat\\\/es\\\/una-queja-ciudadana-colectiva-denuncia-un-posible-malbaratamiento-de-agua-potable-y-la-sindica-recuerda-al-ayuntamiento-el-compromiso-de-la-agenda-2030\\\/\"},\"wordCount\":65,\"publisher\":{\"@id\":\"https:\\\/\\\/www.sindicaturabarcelona.cat\\\/es\\\/#organization\"},\"image\":{\"@id\":\"https:\\\/\\\/www.sindicaturabarcelona.cat\\\/es\\\/una-queja-ciudadana-colectiva-denuncia-un-posible-malbaratamiento-de-agua-potable-y-la-sindica-recuerda-al-ayuntamiento-el-compromiso-de-la-agenda-2030\\\/#primaryimage\"},\"thumbnailUrl\":\"https:\\\/\\\/www.sindicaturabarcelona.cat\\\/wp-content\\\/uploads\\\/2021\\\/03\\\/img_391610529798.jpeg\",\"articleSection\":[\"Medio ambiente y salud p\u00fablica\"],\"inLanguage\":\"es\"},{\"@type\":\"WebPage\",\"@id\":\"https:\\\/\\\/www.sindicaturabarcelona.cat\\\/es\\\/una-queja-ciudadana-colectiva-denuncia-un-posible-malbaratamiento-de-agua-potable-y-la-sindica-recuerda-al-ayuntamiento-el-compromiso-de-la-agenda-2030\\\/\",\"url\":\"https:\\\/\\\/www.sindicaturabarcelona.cat\\\/es\\\/una-queja-ciudadana-colectiva-denuncia-un-posible-malbaratamiento-de-agua-potable-y-la-sindica-recuerda-al-ayuntamiento-el-compromiso-de-la-agenda-2030\\\/\",\"name\":\"Una queja ciudadana colectiva denuncia un posible malbaratamiento de agua potable y la s\u00edndica recuerda al Ayuntamiento el compromiso de la Agenda 2030 - Sindicatura de Greuges de Barcelona\",\"isPartOf\":{\"@id\":\"https:\\\/\\\/www.sindicaturabarcelona.cat\\\/es\\\/#website\"},\"primaryImageOfPage\":{\"@id\":\"https:\\\/\\\/www.sindicaturabarcelona.cat\\\/es\\\/una-queja-ciudadana-colectiva-denuncia-un-posible-malbaratamiento-de-agua-potable-y-la-sindica-recuerda-al-ayuntamiento-el-compromiso-de-la-agenda-2030\\\/#primaryimage\"},\"image\":{\"@id\":\"https:\\\/\\\/www.sindicaturabarcelona.cat\\\/es\\\/una-queja-ciudadana-colectiva-denuncia-un-posible-malbaratamiento-de-agua-potable-y-la-sindica-recuerda-al-ayuntamiento-el-compromiso-de-la-agenda-2030\\\/#primaryimage\"},\"thumbnailUrl\":\"https:\\\/\\\/www.sindicaturabarcelona.cat\\\/wp-content\\\/uploads\\\/2021\\\/03\\\/img_391610529798.jpeg\",\"datePublished\":\"2021-01-13T05:39:00+00:00\",\"dateModified\":\"2021-04-12T06:11:16+00:00\",\"breadcrumb\":{\"@id\":\"https:\\\/\\\/www.sindicaturabarcelona.cat\\\/es\\\/una-queja-ciudadana-colectiva-denuncia-un-posible-malbaratamiento-de-agua-potable-y-la-sindica-recuerda-al-ayuntamiento-el-compromiso-de-la-agenda-2030\\\/#breadcrumb\"},\"inLanguage\":\"es\",\"potentialAction\":[{\"@type\":\"ReadAction\",\"target\":[\"https:\\\/\\\/www.sindicaturabarcelona.cat\\\/es\\\/una-queja-ciudadana-colectiva-denuncia-un-posible-malbaratamiento-de-agua-potable-y-la-sindica-recuerda-al-ayuntamiento-el-compromiso-de-la-agenda-2030\\\/\"]}]},{\"@type\":\"ImageObject\",\"inLanguage\":\"es\",\"@id\":\"https:\\\/\\\/www.sindicaturabarcelona.cat\\\/es\\\/una-queja-ciudadana-colectiva-denuncia-un-posible-malbaratamiento-de-agua-potable-y-la-sindica-recuerda-al-ayuntamiento-el-compromiso-de-la-agenda-2030\\\/#primaryimage\",\"url\":\"https:\\\/\\\/www.sindicaturabarcelona.cat\\\/wp-content\\\/uploads\\\/2021\\\/03\\\/img_391610529798.jpeg\",\"contentUrl\":\"https:\\\/\\\/www.sindicaturabarcelona.cat\\\/wp-content\\\/uploads\\\/2021\\\/03\\\/img_391610529798.jpeg\",\"width\":1024,\"height\":683},{\"@type\":\"BreadcrumbList\",\"@id\":\"https:\\\/\\\/www.sindicaturabarcelona.cat\\\/es\\\/una-queja-ciudadana-colectiva-denuncia-un-posible-malbaratamiento-de-agua-potable-y-la-sindica-recuerda-al-ayuntamiento-el-compromiso-de-la-agenda-2030\\\/#breadcrumb\",\"itemListElement\":[{\"@type\":\"ListItem\",\"position\":1,\"name\":\"Inici\",\"item\":\"https:\\\/\\\/www.sindicaturabarcelona.cat\\\/es\\\/\"},{\"@type\":\"ListItem\",\"position\":2,\"name\":\"Una queja ciudadana colectiva denuncia un posible malbaratamiento de agua potable y la s\u00edndica recuerda al Ayuntamiento el compromiso de la Agenda 2030\"}]},{\"@type\":\"WebSite\",\"@id\":\"https:\\\/\\\/www.sindicaturabarcelona.cat\\\/es\\\/#website\",\"url\":\"https:\\\/\\\/www.sindicaturabarcelona.cat\\\/es\\\/\",\"name\":\"Sindicatura de Greuges de Barcelona\",\"description\":\"La defensoria dels teus drets\",\"publisher\":{\"@id\":\"https:\\\/\\\/www.sindicaturabarcelona.cat\\\/es\\\/#organization\"},\"potentialAction\":[{\"@type\":\"SearchAction\",\"target\":{\"@type\":\"EntryPoint\",\"urlTemplate\":\"https:\\\/\\\/www.sindicaturabarcelona.cat\\\/es\\\/?s={search_term_string}\"},\"query-input\":{\"@type\":\"PropertyValueSpecification\",\"valueRequired\":true,\"valueName\":\"search_term_string\"}}],\"inLanguage\":\"es\"},{\"@type\":\"Organization\",\"@id\":\"https:\\\/\\\/www.sindicaturabarcelona.cat\\\/es\\\/#organization\",\"name\":\"Sindicatura de Greuges de Barcelona\",\"url\":\"https:\\\/\\\/www.sindicaturabarcelona.cat\\\/es\\\/\",\"logo\":{\"@type\":\"ImageObject\",\"inLanguage\":\"es\",\"@id\":\"https:\\\/\\\/www.sindicaturabarcelona.cat\\\/es\\\/#\\\/schema\\\/logo\\\/image\\\/\",\"url\":\"https:\\\/\\\/www.sindicaturabarcelona.cat\\\/wp-content\\\/uploads\\\/2023\\\/02\\\/logo_sindicatura.svg\",\"contentUrl\":\"https:\\\/\\\/www.sindicaturabarcelona.cat\\\/wp-content\\\/uploads\\\/2023\\\/02\\\/logo_sindicatura.svg\",\"caption\":\"Sindicatura de Greuges de Barcelona\"},\"image\":{\"@id\":\"https:\\\/\\\/www.sindicaturabarcelona.cat\\\/es\\\/#\\\/schema\\\/logo\\\/image\\\/\"},\"sameAs\":[\"https:\\\/\\\/x.com\\\/sindicbarcelona\",\"https:\\\/\\\/www.instagram.com\\\/sindicbarcelona\\\/\",\"https:\\\/\\\/www.tiktok.com\\\/@sindicaturabcn\",\"https:\\\/\\\/t.me\\\/sindicaturabarcelona\"]},{\"@type\":\"Person\",\"@id\":\"https:\\\/\\\/www.sindicaturabarcelona.cat\\\/es\\\/#\\\/schema\\\/person\\\/0e5acffc350ffdbc97578159322c9452\",\"name\":\"Pablo\",\"image\":{\"@type\":\"ImageObject\",\"inLanguage\":\"es\",\"@id\":\"https:\\\/\\\/secure.gravatar.com\\\/avatar\\\/c948169b402ef9492afde705c3dfd5e90e1a6a84ef6840a91124f805a25a480f?s=96&d=mm&r=g\",\"url\":\"https:\\\/\\\/secure.gravatar.com\\\/avatar\\\/c948169b402ef9492afde705c3dfd5e90e1a6a84ef6840a91124f805a25a480f?s=96&d=mm&r=g\",\"contentUrl\":\"https:\\\/\\\/secure.gravatar.com\\\/avatar\\\/c948169b402ef9492afde705c3dfd5e90e1a6a84ef6840a91124f805a25a480f?s=96&d=mm&r=g\",\"caption\":\"Pablo\"},\"url\":\"https:\\\/\\\/www.sindicaturabarcelona.cat\\\/es\\\/author\\\/pablo\\\/\"}]}<\/script>\n<!-- \/ Yoast SEO plugin. -->","yoast_head_json":{"title":"Una queja ciudadana colectiva denuncia un posible malbaratamiento de agua potable y la s\u00edndica recuerda al Ayuntamiento el compromiso de la Agenda 2030 - Sindicatura de Greuges de Barcelona","robots":{"index":"index","follow":"follow","max-snippet":"max-snippet:-1","max-image-preview":"max-image-preview:large","max-video-preview":"max-video-preview:-1"},"canonical":"https:\/\/www.sindicaturabarcelona.cat\/es\/una-queja-ciudadana-colectiva-denuncia-un-posible-malbaratamiento-de-agua-potable-y-la-sindica-recuerda-al-ayuntamiento-el-compromiso-de-la-agenda-2030\/","og_locale":"es_ES","og_type":"article","og_title":"Una queja ciudadana colectiva denuncia un posible malbaratamiento de agua potable y la s\u00edndica recuerda al Ayuntamiento el compromiso de la Agenda 2030 - Sindicatura de Greuges de Barcelona","og_description":"La acci\u00f3n municipal no corresponde con el principio de la buena Administraci\u00f3n que recoge la carta Europea de los Derechos fundamentales en el art\u00edculo 41, como principio rector de la [&hellip;]","og_url":"https:\/\/www.sindicaturabarcelona.cat\/es\/una-queja-ciudadana-colectiva-denuncia-un-posible-malbaratamiento-de-agua-potable-y-la-sindica-recuerda-al-ayuntamiento-el-compromiso-de-la-agenda-2030\/","og_site_name":"Sindicatura de Greuges de Barcelona","article_published_time":"2021-01-13T05:39:00+00:00","article_modified_time":"2021-04-12T06:11:16+00:00","og_image":[{"width":1024,"height":683,"url":"https:\/\/www.sindicaturabarcelona.cat\/wp-content\/uploads\/2021\/03\/img_391610529798.jpeg","type":"image\/jpeg"}],"author":"Pablo","twitter_card":"summary_large_image","twitter_creator":"@sindicbarcelona","twitter_site":"@sindicbarcelona","twitter_misc":{"Escrito por":"Pablo"},"schema":{"@context":"https:\/\/schema.org","@graph":[{"@type":"Article","@id":"https:\/\/www.sindicaturabarcelona.cat\/es\/una-queja-ciudadana-colectiva-denuncia-un-posible-malbaratamiento-de-agua-potable-y-la-sindica-recuerda-al-ayuntamiento-el-compromiso-de-la-agenda-2030\/#article","isPartOf":{"@id":"https:\/\/www.sindicaturabarcelona.cat\/es\/una-queja-ciudadana-colectiva-denuncia-un-posible-malbaratamiento-de-agua-potable-y-la-sindica-recuerda-al-ayuntamiento-el-compromiso-de-la-agenda-2030\/"},"author":{"name":"Pablo","@id":"https:\/\/www.sindicaturabarcelona.cat\/es\/#\/schema\/person\/0e5acffc350ffdbc97578159322c9452"},"headline":"Una queja ciudadana colectiva denuncia un posible malbaratamiento de agua potable y la s\u00edndica recuerda al Ayuntamiento el compromiso de la Agenda 2030","datePublished":"2021-01-13T05:39:00+00:00","dateModified":"2021-04-12T06:11:16+00:00","mainEntityOfPage":{"@id":"https:\/\/www.sindicaturabarcelona.cat\/es\/una-queja-ciudadana-colectiva-denuncia-un-posible-malbaratamiento-de-agua-potable-y-la-sindica-recuerda-al-ayuntamiento-el-compromiso-de-la-agenda-2030\/"},"wordCount":65,"publisher":{"@id":"https:\/\/www.sindicaturabarcelona.cat\/es\/#organization"},"image":{"@id":"https:\/\/www.sindicaturabarcelona.cat\/es\/una-queja-ciudadana-colectiva-denuncia-un-posible-malbaratamiento-de-agua-potable-y-la-sindica-recuerda-al-ayuntamiento-el-compromiso-de-la-agenda-2030\/#primaryimage"},"thumbnailUrl":"https:\/\/www.sindicaturabarcelona.cat\/wp-content\/uploads\/2021\/03\/img_391610529798.jpeg","articleSection":["Medio ambiente y salud p\u00fablica"],"inLanguage":"es"},{"@type":"WebPage","@id":"https:\/\/www.sindicaturabarcelona.cat\/es\/una-queja-ciudadana-colectiva-denuncia-un-posible-malbaratamiento-de-agua-potable-y-la-sindica-recuerda-al-ayuntamiento-el-compromiso-de-la-agenda-2030\/","url":"https:\/\/www.sindicaturabarcelona.cat\/es\/una-queja-ciudadana-colectiva-denuncia-un-posible-malbaratamiento-de-agua-potable-y-la-sindica-recuerda-al-ayuntamiento-el-compromiso-de-la-agenda-2030\/","name":"Una queja ciudadana colectiva denuncia un posible malbaratamiento de agua potable y la s\u00edndica recuerda al Ayuntamiento el compromiso de la Agenda 2030 - Sindicatura de Greuges de Barcelona","isPartOf":{"@id":"https:\/\/www.sindicaturabarcelona.cat\/es\/#website"},"primaryImageOfPage":{"@id":"https:\/\/www.sindicaturabarcelona.cat\/es\/una-queja-ciudadana-colectiva-denuncia-un-posible-malbaratamiento-de-agua-potable-y-la-sindica-recuerda-al-ayuntamiento-el-compromiso-de-la-agenda-2030\/#primaryimage"},"image":{"@id":"https:\/\/www.sindicaturabarcelona.cat\/es\/una-queja-ciudadana-colectiva-denuncia-un-posible-malbaratamiento-de-agua-potable-y-la-sindica-recuerda-al-ayuntamiento-el-compromiso-de-la-agenda-2030\/#primaryimage"},"thumbnailUrl":"https:\/\/www.sindicaturabarcelona.cat\/wp-content\/uploads\/2021\/03\/img_391610529798.jpeg","datePublished":"2021-01-13T05:39:00+00:00","dateModified":"2021-04-12T06:11:16+00:00","breadcrumb":{"@id":"https:\/\/www.sindicaturabarcelona.cat\/es\/una-queja-ciudadana-colectiva-denuncia-un-posible-malbaratamiento-de-agua-potable-y-la-sindica-recuerda-al-ayuntamiento-el-compromiso-de-la-agenda-2030\/#breadcrumb"},"inLanguage":"es","potentialAction":[{"@type":"ReadAction","target":["https:\/\/www.sindicaturabarcelona.cat\/es\/una-queja-ciudadana-colectiva-denuncia-un-posible-malbaratamiento-de-agua-potable-y-la-sindica-recuerda-al-ayuntamiento-el-compromiso-de-la-agenda-2030\/"]}]},{"@type":"ImageObject","inLanguage":"es","@id":"https:\/\/www.sindicaturabarcelona.cat\/es\/una-queja-ciudadana-colectiva-denuncia-un-posible-malbaratamiento-de-agua-potable-y-la-sindica-recuerda-al-ayuntamiento-el-compromiso-de-la-agenda-2030\/#primaryimage","url":"https:\/\/www.sindicaturabarcelona.cat\/wp-content\/uploads\/2021\/03\/img_391610529798.jpeg","contentUrl":"https:\/\/www.sindicaturabarcelona.cat\/wp-content\/uploads\/2021\/03\/img_391610529798.jpeg","width":1024,"height":683},{"@type":"BreadcrumbList","@id":"https:\/\/www.sindicaturabarcelona.cat\/es\/una-queja-ciudadana-colectiva-denuncia-un-posible-malbaratamiento-de-agua-potable-y-la-sindica-recuerda-al-ayuntamiento-el-compromiso-de-la-agenda-2030\/#breadcrumb","itemListElement":[{"@type":"ListItem","position":1,"name":"Inici","item":"https:\/\/www.sindicaturabarcelona.cat\/es\/"},{"@type":"ListItem","position":2,"name":"Una queja ciudadana colectiva denuncia un posible malbaratamiento de agua potable y la s\u00edndica recuerda al Ayuntamiento el compromiso de la Agenda 2030"}]},{"@type":"WebSite","@id":"https:\/\/www.sindicaturabarcelona.cat\/es\/#website","url":"https:\/\/www.sindicaturabarcelona.cat\/es\/","name":"Sindicatura de Greuges de Barcelona","description":"La defensoria dels teus drets","publisher":{"@id":"https:\/\/www.sindicaturabarcelona.cat\/es\/#organization"},"potentialAction":[{"@type":"SearchAction","target":{"@type":"EntryPoint","urlTemplate":"https:\/\/www.sindicaturabarcelona.cat\/es\/?s={search_term_string}"},"query-input":{"@type":"PropertyValueSpecification","valueRequired":true,"valueName":"search_term_string"}}],"inLanguage":"es"},{"@type":"Organization","@id":"https:\/\/www.sindicaturabarcelona.cat\/es\/#organization","name":"Sindicatura de Greuges de Barcelona","url":"https:\/\/www.sindicaturabarcelona.cat\/es\/","logo":{"@type":"ImageObject","inLanguage":"es","@id":"https:\/\/www.sindicaturabarcelona.cat\/es\/#\/schema\/logo\/image\/","url":"https:\/\/www.sindicaturabarcelona.cat\/wp-content\/uploads\/2023\/02\/logo_sindicatura.svg","contentUrl":"https:\/\/www.sindicaturabarcelona.cat\/wp-content\/uploads\/2023\/02\/logo_sindicatura.svg","caption":"Sindicatura de Greuges de Barcelona"},"image":{"@id":"https:\/\/www.sindicaturabarcelona.cat\/es\/#\/schema\/logo\/image\/"},"sameAs":["https:\/\/x.com\/sindicbarcelona","https:\/\/www.instagram.com\/sindicbarcelona\/","https:\/\/www.tiktok.com\/@sindicaturabcn","https:\/\/t.me\/sindicaturabarcelona"]},{"@type":"Person","@id":"https:\/\/www.sindicaturabarcelona.cat\/es\/#\/schema\/person\/0e5acffc350ffdbc97578159322c9452","name":"Pablo","image":{"@type":"ImageObject","inLanguage":"es","@id":"https:\/\/secure.gravatar.com\/avatar\/c948169b402ef9492afde705c3dfd5e90e1a6a84ef6840a91124f805a25a480f?s=96&d=mm&r=g","url":"https:\/\/secure.gravatar.com\/avatar\/c948169b402ef9492afde705c3dfd5e90e1a6a84ef6840a91124f805a25a480f?s=96&d=mm&r=g","contentUrl":"https:\/\/secure.gravatar.com\/avatar\/c948169b402ef9492afde705c3dfd5e90e1a6a84ef6840a91124f805a25a480f?s=96&d=mm&r=g","caption":"Pablo"},"url":"https:\/\/www.sindicaturabarcelona.cat\/es\/author\/pablo\/"}]}},"_links":{"self":[{"href":"https:\/\/www.sindicaturabarcelona.cat\/es\/wp-json\/wp\/v2\/posts\/12083","targetHints":{"allow":["GET"]}}],"collection":[{"href":"https:\/\/www.sindicaturabarcelona.cat\/es\/wp-json\/wp\/v2\/posts"}],"about":[{"href":"https:\/\/www.sindicaturabarcelona.cat\/es\/wp-json\/wp\/v2\/types\/post"}],"author":[{"embeddable":true,"href":"https:\/\/www.sindicaturabarcelona.cat\/es\/wp-json\/wp\/v2\/users\/2"}],"replies":[{"embeddable":true,"href":"https:\/\/www.sindicaturabarcelona.cat\/es\/wp-json\/wp\/v2\/comments?post=12083"}],"version-history":[{"count":0,"href":"https:\/\/www.sindicaturabarcelona.cat\/es\/wp-json\/wp\/v2\/posts\/12083\/revisions"}],"wp:featuredmedia":[{"embeddable":true,"href":"https:\/\/www.sindicaturabarcelona.cat\/es\/wp-json\/wp\/v2\/media\/12081"}],"wp:attachment":[{"href":"https:\/\/www.sindicaturabarcelona.cat\/es\/wp-json\/wp\/v2\/media?parent=12083"}],"wp:term":[{"taxonomy":"post_tag","embeddable":true,"href":"https:\/\/www.sindicaturabarcelona.cat\/es\/wp-json\/wp\/v2\/tags?post=12083"},{"taxonomy":"drets","embeddable":true,"href":"https:\/\/www.sindicaturabarcelona.cat\/es\/wp-json\/wp\/v2\/drets?post=12083"}],"curies":[{"name":"wp","href":"https:\/\/api.w.org\/{rel}","templated":true}]}}