{"id":12041,"date":"2020-11-04T07:06:00","date_gmt":"2020-11-04T05:06:00","guid":{"rendered":"https:\/\/www.sindicabarcelona.cat\/?p=12041"},"modified":"2021-04-12T08:18:53","modified_gmt":"2021-04-12T06:18:53","slug":"la-aluminosis-en-los-edificios-las-ocupaciones-el-alumbrado-el-incivismo-y-la-falta-de-algunos-equipamientos-municipales-principales-demandas-de-los-representantes-de-la-av-besos","status":"publish","type":"post","link":"https:\/\/www.sindicaturabarcelona.cat\/es\/la-aluminosis-en-los-edificios-las-ocupaciones-el-alumbrado-el-incivismo-y-la-falta-de-algunos-equipamientos-municipales-principales-demandas-de-los-representantes-de-la-av-besos\/","title":{"rendered":"La aluminosis en los edificios, las ocupaciones, el alumbrado, el incivismo, y la falta de algunos equipamientos municipales, principales demandas de los representantes de la AV Bes\u00f3s"},"content":{"rendered":"\n<p>La s\u00edndica de greuges de Barcelona desarrolla el Programa de visitas a los barrios de la ciudad de Barcelona, que tiene el objetivo de conocer de primera mano la realidad de los barrios.<\/p>\n\n\n\n<p><a href=\"https:\/\/sindicadegreugesbcn.cat\/pdf\/premsa\/nota_221605689256.pdf\">Nota de premsa<\/a><\/p>\n","protected":false},"excerpt":{"rendered":"<p>La s\u00edndica de greuges de Barcelona desarrolla el Programa de visitas a los barrios de la ciudad de Barcelona, que tiene el objetivo de conocer de primera mano la realidad [&hellip;]<\/p>\n","protected":false},"author":2,"featured_media":12028,"comment_status":"closed","ping_status":"open","sticky":false,"template":"","format":"standard","meta":{"_acf_changed":false,"footnotes":""},"tags":[],"drets":[],"class_list":["post-12041","post","type-post","status-publish","format-standard","has-post-thumbnail","hentry"],"acf":[],"yoast_head":"<!-- This site is optimized with the Yoast SEO plugin v27.5 - https:\/\/yoast.com\/product\/yoast-seo-wordpress\/ -->\n<title>La aluminosis en los edificios, las ocupaciones, el alumbrado, el incivismo, y la falta de algunos equipamientos municipales, principales demandas de los representantes de la AV Bes\u00f3s - Sindicatura de Greuges de Barcelona<\/title>\n<meta name=\"robots\" content=\"index, follow, max-snippet:-1, max-image-preview:large, max-video-preview:-1\" \/>\n<link rel=\"canonical\" href=\"https:\/\/www.sindicaturabarcelona.cat\/es\/la-aluminosis-en-los-edificios-las-ocupaciones-el-alumbrado-el-incivismo-y-la-falta-de-algunos-equipamientos-municipales-principales-demandas-de-los-representantes-de-la-av-besos\/\" \/>\n<meta property=\"og:locale\" content=\"es_ES\" \/>\n<meta property=\"og:type\" content=\"article\" \/>\n<meta property=\"og:title\" content=\"La aluminosis en los edificios, las ocupaciones, el alumbrado, el incivismo, y la falta de algunos equipamientos municipales, principales demandas de los representantes de la AV Bes\u00f3s - Sindicatura de Greuges de Barcelona\" \/>\n<meta property=\"og:description\" content=\"La s\u00edndica de greuges de Barcelona desarrolla el Programa de visitas a los barrios de la ciudad de Barcelona, que tiene el objetivo de conocer de primera mano la realidad [&hellip;]\" \/>\n<meta property=\"og:url\" content=\"https:\/\/www.sindicaturabarcelona.cat\/es\/la-aluminosis-en-los-edificios-las-ocupaciones-el-alumbrado-el-incivismo-y-la-falta-de-algunos-equipamientos-municipales-principales-demandas-de-los-representantes-de-la-av-besos\/\" \/>\n<meta property=\"og:site_name\" content=\"Sindicatura de Greuges de Barcelona\" \/>\n<meta property=\"article:published_time\" content=\"2020-11-04T05:06:00+00:00\" \/>\n<meta property=\"article:modified_time\" content=\"2021-04-12T06:18:53+00:00\" \/>\n<meta property=\"og:image\" content=\"https:\/\/www.sindicaturabarcelona.cat\/wp-content\/uploads\/2021\/03\/img_221605689270.jpeg\" \/>\n\t<meta property=\"og:image:width\" content=\"1024\" \/>\n\t<meta property=\"og:image:height\" content=\"684\" \/>\n\t<meta property=\"og:image:type\" content=\"image\/jpeg\" \/>\n<meta name=\"author\" content=\"Pablo\" \/>\n<meta name=\"twitter:card\" content=\"summary_large_image\" \/>\n<meta name=\"twitter:creator\" content=\"@sindicbarcelona\" \/>\n<meta name=\"twitter:site\" content=\"@sindicbarcelona\" \/>\n<meta name=\"twitter:label1\" content=\"Escrito por\" \/>\n\t<meta name=\"twitter:data1\" content=\"Pablo\" \/>\n<script type=\"application\/ld+json\" class=\"yoast-schema-graph\">{\"@context\":\"https:\\\/\\\/schema.org\",\"@graph\":[{\"@type\":\"Article\",\"@id\":\"https:\\\/\\\/www.sindicaturabarcelona.cat\\\/es\\\/la-aluminosis-en-los-edificios-las-ocupaciones-el-alumbrado-el-incivismo-y-la-falta-de-algunos-equipamientos-municipales-principales-demandas-de-los-representantes-de-la-av-besos\\\/#article\",\"isPartOf\":{\"@id\":\"https:\\\/\\\/www.sindicaturabarcelona.cat\\\/es\\\/la-aluminosis-en-los-edificios-las-ocupaciones-el-alumbrado-el-incivismo-y-la-falta-de-algunos-equipamientos-municipales-principales-demandas-de-los-representantes-de-la-av-besos\\\/\"},\"author\":{\"name\":\"Pablo\",\"@id\":\"https:\\\/\\\/www.sindicaturabarcelona.cat\\\/es\\\/#\\\/schema\\\/person\\\/0e5acffc350ffdbc97578159322c9452\"},\"headline\":\"La aluminosis en los edificios, las ocupaciones, el alumbrado, el incivismo, y la falta de algunos equipamientos municipales, principales demandas de los representantes de la AV Bes\u00f3s\",\"datePublished\":\"2020-11-04T05:06:00+00:00\",\"dateModified\":\"2021-04-12T06:18:53+00:00\",\"mainEntityOfPage\":{\"@id\":\"https:\\\/\\\/www.sindicaturabarcelona.cat\\\/es\\\/la-aluminosis-en-los-edificios-las-ocupaciones-el-alumbrado-el-incivismo-y-la-falta-de-algunos-equipamientos-municipales-principales-demandas-de-los-representantes-de-la-av-besos\\\/\"},\"wordCount\":65,\"publisher\":{\"@id\":\"https:\\\/\\\/www.sindicaturabarcelona.cat\\\/es\\\/#organization\"},\"image\":{\"@id\":\"https:\\\/\\\/www.sindicaturabarcelona.cat\\\/es\\\/la-aluminosis-en-los-edificios-las-ocupaciones-el-alumbrado-el-incivismo-y-la-falta-de-algunos-equipamientos-municipales-principales-demandas-de-los-representantes-de-la-av-besos\\\/#primaryimage\"},\"thumbnailUrl\":\"https:\\\/\\\/www.sindicaturabarcelona.cat\\\/wp-content\\\/uploads\\\/2021\\\/03\\\/img_221605689270.jpeg\",\"articleSection\":[\"Accesibilidad\",\"Atencion comunicaci\u00f3n y participacion\",\"Buen gobierno\",\"Educaci\u00f3n, deporte y cultura\",\"Espacio p\u00fablico\",\"Funci\u00f3n p\u00fablica\",\"Hacienda municipal\",\"Institucional\",\"Licencias y actividades\",\"Medio ambiente y salud p\u00fablica\",\"Movilidad\",\"Seguridad y convivencia\",\"Servicios sociales\",\"Visitas a los barrios\",\"Vivienda y urbanismo\"],\"inLanguage\":\"es\"},{\"@type\":\"WebPage\",\"@id\":\"https:\\\/\\\/www.sindicaturabarcelona.cat\\\/es\\\/la-aluminosis-en-los-edificios-las-ocupaciones-el-alumbrado-el-incivismo-y-la-falta-de-algunos-equipamientos-municipales-principales-demandas-de-los-representantes-de-la-av-besos\\\/\",\"url\":\"https:\\\/\\\/www.sindicaturabarcelona.cat\\\/es\\\/la-aluminosis-en-los-edificios-las-ocupaciones-el-alumbrado-el-incivismo-y-la-falta-de-algunos-equipamientos-municipales-principales-demandas-de-los-representantes-de-la-av-besos\\\/\",\"name\":\"La aluminosis en los edificios, las ocupaciones, el alumbrado, el incivismo, y la falta de algunos equipamientos municipales, principales demandas de los representantes de la AV Bes\u00f3s - Sindicatura de Greuges de Barcelona\",\"isPartOf\":{\"@id\":\"https:\\\/\\\/www.sindicaturabarcelona.cat\\\/es\\\/#website\"},\"primaryImageOfPage\":{\"@id\":\"https:\\\/\\\/www.sindicaturabarcelona.cat\\\/es\\\/la-aluminosis-en-los-edificios-las-ocupaciones-el-alumbrado-el-incivismo-y-la-falta-de-algunos-equipamientos-municipales-principales-demandas-de-los-representantes-de-la-av-besos\\\/#primaryimage\"},\"image\":{\"@id\":\"https:\\\/\\\/www.sindicaturabarcelona.cat\\\/es\\\/la-aluminosis-en-los-edificios-las-ocupaciones-el-alumbrado-el-incivismo-y-la-falta-de-algunos-equipamientos-municipales-principales-demandas-de-los-representantes-de-la-av-besos\\\/#primaryimage\"},\"thumbnailUrl\":\"https:\\\/\\\/www.sindicaturabarcelona.cat\\\/wp-content\\\/uploads\\\/2021\\\/03\\\/img_221605689270.jpeg\",\"datePublished\":\"2020-11-04T05:06:00+00:00\",\"dateModified\":\"2021-04-12T06:18:53+00:00\",\"breadcrumb\":{\"@id\":\"https:\\\/\\\/www.sindicaturabarcelona.cat\\\/es\\\/la-aluminosis-en-los-edificios-las-ocupaciones-el-alumbrado-el-incivismo-y-la-falta-de-algunos-equipamientos-municipales-principales-demandas-de-los-representantes-de-la-av-besos\\\/#breadcrumb\"},\"inLanguage\":\"es\",\"potentialAction\":[{\"@type\":\"ReadAction\",\"target\":[\"https:\\\/\\\/www.sindicaturabarcelona.cat\\\/es\\\/la-aluminosis-en-los-edificios-las-ocupaciones-el-alumbrado-el-incivismo-y-la-falta-de-algunos-equipamientos-municipales-principales-demandas-de-los-representantes-de-la-av-besos\\\/\"]}]},{\"@type\":\"ImageObject\",\"inLanguage\":\"es\",\"@id\":\"https:\\\/\\\/www.sindicaturabarcelona.cat\\\/es\\\/la-aluminosis-en-los-edificios-las-ocupaciones-el-alumbrado-el-incivismo-y-la-falta-de-algunos-equipamientos-municipales-principales-demandas-de-los-representantes-de-la-av-besos\\\/#primaryimage\",\"url\":\"https:\\\/\\\/www.sindicaturabarcelona.cat\\\/wp-content\\\/uploads\\\/2021\\\/03\\\/img_221605689270.jpeg\",\"contentUrl\":\"https:\\\/\\\/www.sindicaturabarcelona.cat\\\/wp-content\\\/uploads\\\/2021\\\/03\\\/img_221605689270.jpeg\",\"width\":1024,\"height\":684},{\"@type\":\"BreadcrumbList\",\"@id\":\"https:\\\/\\\/www.sindicaturabarcelona.cat\\\/es\\\/la-aluminosis-en-los-edificios-las-ocupaciones-el-alumbrado-el-incivismo-y-la-falta-de-algunos-equipamientos-municipales-principales-demandas-de-los-representantes-de-la-av-besos\\\/#breadcrumb\",\"itemListElement\":[{\"@type\":\"ListItem\",\"position\":1,\"name\":\"Inici\",\"item\":\"https:\\\/\\\/www.sindicaturabarcelona.cat\\\/es\\\/\"},{\"@type\":\"ListItem\",\"position\":2,\"name\":\"La aluminosis en los edificios, las ocupaciones, el alumbrado, el incivismo, y la falta de algunos equipamientos municipales, principales demandas de los representantes de la AV Bes\u00f3s\"}]},{\"@type\":\"WebSite\",\"@id\":\"https:\\\/\\\/www.sindicaturabarcelona.cat\\\/es\\\/#website\",\"url\":\"https:\\\/\\\/www.sindicaturabarcelona.cat\\\/es\\\/\",\"name\":\"Sindicatura de Greuges de Barcelona\",\"description\":\"La defensoria dels teus drets\",\"publisher\":{\"@id\":\"https:\\\/\\\/www.sindicaturabarcelona.cat\\\/es\\\/#organization\"},\"potentialAction\":[{\"@type\":\"SearchAction\",\"target\":{\"@type\":\"EntryPoint\",\"urlTemplate\":\"https:\\\/\\\/www.sindicaturabarcelona.cat\\\/es\\\/?s={search_term_string}\"},\"query-input\":{\"@type\":\"PropertyValueSpecification\",\"valueRequired\":true,\"valueName\":\"search_term_string\"}}],\"inLanguage\":\"es\"},{\"@type\":\"Organization\",\"@id\":\"https:\\\/\\\/www.sindicaturabarcelona.cat\\\/es\\\/#organization\",\"name\":\"Sindicatura de Greuges de Barcelona\",\"url\":\"https:\\\/\\\/www.sindicaturabarcelona.cat\\\/es\\\/\",\"logo\":{\"@type\":\"ImageObject\",\"inLanguage\":\"es\",\"@id\":\"https:\\\/\\\/www.sindicaturabarcelona.cat\\\/es\\\/#\\\/schema\\\/logo\\\/image\\\/\",\"url\":\"https:\\\/\\\/www.sindicaturabarcelona.cat\\\/wp-content\\\/uploads\\\/2023\\\/02\\\/logo_sindicatura.svg\",\"contentUrl\":\"https:\\\/\\\/www.sindicaturabarcelona.cat\\\/wp-content\\\/uploads\\\/2023\\\/02\\\/logo_sindicatura.svg\",\"caption\":\"Sindicatura de Greuges de Barcelona\"},\"image\":{\"@id\":\"https:\\\/\\\/www.sindicaturabarcelona.cat\\\/es\\\/#\\\/schema\\\/logo\\\/image\\\/\"},\"sameAs\":[\"https:\\\/\\\/x.com\\\/sindicbarcelona\",\"https:\\\/\\\/www.instagram.com\\\/sindicbarcelona\\\/\",\"https:\\\/\\\/www.tiktok.com\\\/@sindicaturabcn\",\"https:\\\/\\\/t.me\\\/sindicaturabarcelona\"]},{\"@type\":\"Person\",\"@id\":\"https:\\\/\\\/www.sindicaturabarcelona.cat\\\/es\\\/#\\\/schema\\\/person\\\/0e5acffc350ffdbc97578159322c9452\",\"name\":\"Pablo\",\"image\":{\"@type\":\"ImageObject\",\"inLanguage\":\"es\",\"@id\":\"https:\\\/\\\/secure.gravatar.com\\\/avatar\\\/c948169b402ef9492afde705c3dfd5e90e1a6a84ef6840a91124f805a25a480f?s=96&d=mm&r=g\",\"url\":\"https:\\\/\\\/secure.gravatar.com\\\/avatar\\\/c948169b402ef9492afde705c3dfd5e90e1a6a84ef6840a91124f805a25a480f?s=96&d=mm&r=g\",\"contentUrl\":\"https:\\\/\\\/secure.gravatar.com\\\/avatar\\\/c948169b402ef9492afde705c3dfd5e90e1a6a84ef6840a91124f805a25a480f?s=96&d=mm&r=g\",\"caption\":\"Pablo\"},\"url\":\"https:\\\/\\\/www.sindicaturabarcelona.cat\\\/es\\\/author\\\/pablo\\\/\"}]}<\/script>\n<!-- \/ Yoast SEO plugin. -->","yoast_head_json":{"title":"La aluminosis en los edificios, las ocupaciones, el alumbrado, el incivismo, y la falta de algunos equipamientos municipales, principales demandas de los representantes de la AV Bes\u00f3s - Sindicatura de Greuges de Barcelona","robots":{"index":"index","follow":"follow","max-snippet":"max-snippet:-1","max-image-preview":"max-image-preview:large","max-video-preview":"max-video-preview:-1"},"canonical":"https:\/\/www.sindicaturabarcelona.cat\/es\/la-aluminosis-en-los-edificios-las-ocupaciones-el-alumbrado-el-incivismo-y-la-falta-de-algunos-equipamientos-municipales-principales-demandas-de-los-representantes-de-la-av-besos\/","og_locale":"es_ES","og_type":"article","og_title":"La aluminosis en los edificios, las ocupaciones, el alumbrado, el incivismo, y la falta de algunos equipamientos municipales, principales demandas de los representantes de la AV Bes\u00f3s - Sindicatura de Greuges de Barcelona","og_description":"La s\u00edndica de greuges de Barcelona desarrolla el Programa de visitas a los barrios de la ciudad de Barcelona, que tiene el objetivo de conocer de primera mano la realidad [&hellip;]","og_url":"https:\/\/www.sindicaturabarcelona.cat\/es\/la-aluminosis-en-los-edificios-las-ocupaciones-el-alumbrado-el-incivismo-y-la-falta-de-algunos-equipamientos-municipales-principales-demandas-de-los-representantes-de-la-av-besos\/","og_site_name":"Sindicatura de Greuges de Barcelona","article_published_time":"2020-11-04T05:06:00+00:00","article_modified_time":"2021-04-12T06:18:53+00:00","og_image":[{"width":1024,"height":684,"url":"https:\/\/www.sindicaturabarcelona.cat\/wp-content\/uploads\/2021\/03\/img_221605689270.jpeg","type":"image\/jpeg"}],"author":"Pablo","twitter_card":"summary_large_image","twitter_creator":"@sindicbarcelona","twitter_site":"@sindicbarcelona","twitter_misc":{"Escrito por":"Pablo"},"schema":{"@context":"https:\/\/schema.org","@graph":[{"@type":"Article","@id":"https:\/\/www.sindicaturabarcelona.cat\/es\/la-aluminosis-en-los-edificios-las-ocupaciones-el-alumbrado-el-incivismo-y-la-falta-de-algunos-equipamientos-municipales-principales-demandas-de-los-representantes-de-la-av-besos\/#article","isPartOf":{"@id":"https:\/\/www.sindicaturabarcelona.cat\/es\/la-aluminosis-en-los-edificios-las-ocupaciones-el-alumbrado-el-incivismo-y-la-falta-de-algunos-equipamientos-municipales-principales-demandas-de-los-representantes-de-la-av-besos\/"},"author":{"name":"Pablo","@id":"https:\/\/www.sindicaturabarcelona.cat\/es\/#\/schema\/person\/0e5acffc350ffdbc97578159322c9452"},"headline":"La aluminosis en los edificios, las ocupaciones, el alumbrado, el incivismo, y la falta de algunos equipamientos municipales, principales demandas de los representantes de la AV Bes\u00f3s","datePublished":"2020-11-04T05:06:00+00:00","dateModified":"2021-04-12T06:18:53+00:00","mainEntityOfPage":{"@id":"https:\/\/www.sindicaturabarcelona.cat\/es\/la-aluminosis-en-los-edificios-las-ocupaciones-el-alumbrado-el-incivismo-y-la-falta-de-algunos-equipamientos-municipales-principales-demandas-de-los-representantes-de-la-av-besos\/"},"wordCount":65,"publisher":{"@id":"https:\/\/www.sindicaturabarcelona.cat\/es\/#organization"},"image":{"@id":"https:\/\/www.sindicaturabarcelona.cat\/es\/la-aluminosis-en-los-edificios-las-ocupaciones-el-alumbrado-el-incivismo-y-la-falta-de-algunos-equipamientos-municipales-principales-demandas-de-los-representantes-de-la-av-besos\/#primaryimage"},"thumbnailUrl":"https:\/\/www.sindicaturabarcelona.cat\/wp-content\/uploads\/2021\/03\/img_221605689270.jpeg","articleSection":["Accesibilidad","Atencion comunicaci\u00f3n y participacion","Buen gobierno","Educaci\u00f3n, deporte y cultura","Espacio p\u00fablico","Funci\u00f3n p\u00fablica","Hacienda municipal","Institucional","Licencias y actividades","Medio ambiente y salud p\u00fablica","Movilidad","Seguridad y convivencia","Servicios sociales","Visitas a los barrios","Vivienda y urbanismo"],"inLanguage":"es"},{"@type":"WebPage","@id":"https:\/\/www.sindicaturabarcelona.cat\/es\/la-aluminosis-en-los-edificios-las-ocupaciones-el-alumbrado-el-incivismo-y-la-falta-de-algunos-equipamientos-municipales-principales-demandas-de-los-representantes-de-la-av-besos\/","url":"https:\/\/www.sindicaturabarcelona.cat\/es\/la-aluminosis-en-los-edificios-las-ocupaciones-el-alumbrado-el-incivismo-y-la-falta-de-algunos-equipamientos-municipales-principales-demandas-de-los-representantes-de-la-av-besos\/","name":"La aluminosis en los edificios, las ocupaciones, el alumbrado, el incivismo, y la falta de algunos equipamientos municipales, principales demandas de los representantes de la AV Bes\u00f3s - Sindicatura de Greuges de Barcelona","isPartOf":{"@id":"https:\/\/www.sindicaturabarcelona.cat\/es\/#website"},"primaryImageOfPage":{"@id":"https:\/\/www.sindicaturabarcelona.cat\/es\/la-aluminosis-en-los-edificios-las-ocupaciones-el-alumbrado-el-incivismo-y-la-falta-de-algunos-equipamientos-municipales-principales-demandas-de-los-representantes-de-la-av-besos\/#primaryimage"},"image":{"@id":"https:\/\/www.sindicaturabarcelona.cat\/es\/la-aluminosis-en-los-edificios-las-ocupaciones-el-alumbrado-el-incivismo-y-la-falta-de-algunos-equipamientos-municipales-principales-demandas-de-los-representantes-de-la-av-besos\/#primaryimage"},"thumbnailUrl":"https:\/\/www.sindicaturabarcelona.cat\/wp-content\/uploads\/2021\/03\/img_221605689270.jpeg","datePublished":"2020-11-04T05:06:00+00:00","dateModified":"2021-04-12T06:18:53+00:00","breadcrumb":{"@id":"https:\/\/www.sindicaturabarcelona.cat\/es\/la-aluminosis-en-los-edificios-las-ocupaciones-el-alumbrado-el-incivismo-y-la-falta-de-algunos-equipamientos-municipales-principales-demandas-de-los-representantes-de-la-av-besos\/#breadcrumb"},"inLanguage":"es","potentialAction":[{"@type":"ReadAction","target":["https:\/\/www.sindicaturabarcelona.cat\/es\/la-aluminosis-en-los-edificios-las-ocupaciones-el-alumbrado-el-incivismo-y-la-falta-de-algunos-equipamientos-municipales-principales-demandas-de-los-representantes-de-la-av-besos\/"]}]},{"@type":"ImageObject","inLanguage":"es","@id":"https:\/\/www.sindicaturabarcelona.cat\/es\/la-aluminosis-en-los-edificios-las-ocupaciones-el-alumbrado-el-incivismo-y-la-falta-de-algunos-equipamientos-municipales-principales-demandas-de-los-representantes-de-la-av-besos\/#primaryimage","url":"https:\/\/www.sindicaturabarcelona.cat\/wp-content\/uploads\/2021\/03\/img_221605689270.jpeg","contentUrl":"https:\/\/www.sindicaturabarcelona.cat\/wp-content\/uploads\/2021\/03\/img_221605689270.jpeg","width":1024,"height":684},{"@type":"BreadcrumbList","@id":"https:\/\/www.sindicaturabarcelona.cat\/es\/la-aluminosis-en-los-edificios-las-ocupaciones-el-alumbrado-el-incivismo-y-la-falta-de-algunos-equipamientos-municipales-principales-demandas-de-los-representantes-de-la-av-besos\/#breadcrumb","itemListElement":[{"@type":"ListItem","position":1,"name":"Inici","item":"https:\/\/www.sindicaturabarcelona.cat\/es\/"},{"@type":"ListItem","position":2,"name":"La aluminosis en los edificios, las ocupaciones, el alumbrado, el incivismo, y la falta de algunos equipamientos municipales, principales demandas de los representantes de la AV Bes\u00f3s"}]},{"@type":"WebSite","@id":"https:\/\/www.sindicaturabarcelona.cat\/es\/#website","url":"https:\/\/www.sindicaturabarcelona.cat\/es\/","name":"Sindicatura de Greuges de Barcelona","description":"La defensoria dels teus drets","publisher":{"@id":"https:\/\/www.sindicaturabarcelona.cat\/es\/#organization"},"potentialAction":[{"@type":"SearchAction","target":{"@type":"EntryPoint","urlTemplate":"https:\/\/www.sindicaturabarcelona.cat\/es\/?s={search_term_string}"},"query-input":{"@type":"PropertyValueSpecification","valueRequired":true,"valueName":"search_term_string"}}],"inLanguage":"es"},{"@type":"Organization","@id":"https:\/\/www.sindicaturabarcelona.cat\/es\/#organization","name":"Sindicatura de Greuges de Barcelona","url":"https:\/\/www.sindicaturabarcelona.cat\/es\/","logo":{"@type":"ImageObject","inLanguage":"es","@id":"https:\/\/www.sindicaturabarcelona.cat\/es\/#\/schema\/logo\/image\/","url":"https:\/\/www.sindicaturabarcelona.cat\/wp-content\/uploads\/2023\/02\/logo_sindicatura.svg","contentUrl":"https:\/\/www.sindicaturabarcelona.cat\/wp-content\/uploads\/2023\/02\/logo_sindicatura.svg","caption":"Sindicatura de Greuges de Barcelona"},"image":{"@id":"https:\/\/www.sindicaturabarcelona.cat\/es\/#\/schema\/logo\/image\/"},"sameAs":["https:\/\/x.com\/sindicbarcelona","https:\/\/www.instagram.com\/sindicbarcelona\/","https:\/\/www.tiktok.com\/@sindicaturabcn","https:\/\/t.me\/sindicaturabarcelona"]},{"@type":"Person","@id":"https:\/\/www.sindicaturabarcelona.cat\/es\/#\/schema\/person\/0e5acffc350ffdbc97578159322c9452","name":"Pablo","image":{"@type":"ImageObject","inLanguage":"es","@id":"https:\/\/secure.gravatar.com\/avatar\/c948169b402ef9492afde705c3dfd5e90e1a6a84ef6840a91124f805a25a480f?s=96&d=mm&r=g","url":"https:\/\/secure.gravatar.com\/avatar\/c948169b402ef9492afde705c3dfd5e90e1a6a84ef6840a91124f805a25a480f?s=96&d=mm&r=g","contentUrl":"https:\/\/secure.gravatar.com\/avatar\/c948169b402ef9492afde705c3dfd5e90e1a6a84ef6840a91124f805a25a480f?s=96&d=mm&r=g","caption":"Pablo"},"url":"https:\/\/www.sindicaturabarcelona.cat\/es\/author\/pablo\/"}]}},"_links":{"self":[{"href":"https:\/\/www.sindicaturabarcelona.cat\/es\/wp-json\/wp\/v2\/posts\/12041","targetHints":{"allow":["GET"]}}],"collection":[{"href":"https:\/\/www.sindicaturabarcelona.cat\/es\/wp-json\/wp\/v2\/posts"}],"about":[{"href":"https:\/\/www.sindicaturabarcelona.cat\/es\/wp-json\/wp\/v2\/types\/post"}],"author":[{"embeddable":true,"href":"https:\/\/www.sindicaturabarcelona.cat\/es\/wp-json\/wp\/v2\/users\/2"}],"replies":[{"embeddable":true,"href":"https:\/\/www.sindicaturabarcelona.cat\/es\/wp-json\/wp\/v2\/comments?post=12041"}],"version-history":[{"count":0,"href":"https:\/\/www.sindicaturabarcelona.cat\/es\/wp-json\/wp\/v2\/posts\/12041\/revisions"}],"wp:featuredmedia":[{"embeddable":true,"href":"https:\/\/www.sindicaturabarcelona.cat\/es\/wp-json\/wp\/v2\/media\/12028"}],"wp:attachment":[{"href":"https:\/\/www.sindicaturabarcelona.cat\/es\/wp-json\/wp\/v2\/media?parent=12041"}],"wp:term":[{"taxonomy":"post_tag","embeddable":true,"href":"https:\/\/www.sindicaturabarcelona.cat\/es\/wp-json\/wp\/v2\/tags?post=12041"},{"taxonomy":"drets","embeddable":true,"href":"https:\/\/www.sindicaturabarcelona.cat\/es\/wp-json\/wp\/v2\/drets?post=12041"}],"curies":[{"name":"wp","href":"https:\/\/api.w.org\/{rel}","templated":true}]}}