{"id":11334,"date":"2020-08-01T00:00:00","date_gmt":"2020-07-31T22:00:00","guid":{"rendered":"http:\/\/minimalweb.tech\/sindica\/2020\/08\/01\/la-sindica-de-greuges-de-barcelona-insiste-en-la-necesidad-de-crear-un-censo-de-los-edificios-publicos-con-amianto\/"},"modified":"2021-04-12T07:41:31","modified_gmt":"2021-04-12T05:41:31","slug":"la-sindica-de-greuges-de-barcelona-insiste-en-la-necesidad-de-crear-un-censo-de-los-edificios-publicos-con-amianto","status":"publish","type":"post","link":"https:\/\/www.sindicaturabarcelona.cat\/es\/la-sindica-de-greuges-de-barcelona-insiste-en-la-necesidad-de-crear-un-censo-de-los-edificios-publicos-con-amianto\/","title":{"rendered":"La S\u00edndica de Greuges de Barcelona insiste en la necesidad de crear un censo de los edificios p\u00fablicos con amianto"},"content":{"rendered":"<p>Hoy por hoy, solo podemos concluir que la ciudad de Barcelona no est\u00e1 siguiendo la Resoluci\u00f3n del Parlamento Europeo para conseguir el objetivo de amianto cero en 2028\u201d, ha remarcado Vil\u00e0.<\/p>\n<p class=\"noti_nota\"><a href=\"https:\/\/www.sindicaturabarcelona.cat\/src\/pdf\/nota_941596441078.pdf\" target=\"_blank\" rel=\"noopener noreferrer\">Nota de prensa<\/a><\/p>\n","protected":false},"excerpt":{"rendered":"<p>Hoy por hoy, solo podemos concluir que la ciudad de Barcelona no est\u00e1 siguiendo la Resoluci\u00f3n del Parlamento Europeo para conseguir el objetivo de amianto cero en 2028\u201d, ha remarcado [&hellip;]<\/p>\n","protected":false},"author":2,"featured_media":5503,"comment_status":"closed","ping_status":"open","sticky":false,"template":"","format":"standard","meta":{"_acf_changed":false,"footnotes":""},"tags":[],"drets":[],"class_list":["post-11334","post","type-post","status-publish","format-standard","has-post-thumbnail","hentry"],"acf":[],"yoast_head":"<!-- This site is optimized with the Yoast SEO plugin v27.5 - https:\/\/yoast.com\/product\/yoast-seo-wordpress\/ -->\n<title>La S\u00edndica de Greuges de Barcelona insiste en la necesidad de crear un censo de los edificios p\u00fablicos con amianto - Sindicatura de Greuges de Barcelona<\/title>\n<meta name=\"robots\" content=\"index, follow, max-snippet:-1, max-image-preview:large, max-video-preview:-1\" \/>\n<link rel=\"canonical\" href=\"https:\/\/www.sindicaturabarcelona.cat\/es\/la-sindica-de-greuges-de-barcelona-insiste-en-la-necesidad-de-crear-un-censo-de-los-edificios-publicos-con-amianto\/\" \/>\n<meta property=\"og:locale\" content=\"es_ES\" \/>\n<meta property=\"og:type\" content=\"article\" \/>\n<meta property=\"og:title\" content=\"La S\u00edndica de Greuges de Barcelona insiste en la necesidad de crear un censo de los edificios p\u00fablicos con amianto - Sindicatura de Greuges de Barcelona\" \/>\n<meta property=\"og:description\" content=\"Hoy por hoy, solo podemos concluir que la ciudad de Barcelona no est\u00e1 siguiendo la Resoluci\u00f3n del Parlamento Europeo para conseguir el objetivo de amianto cero en 2028\u201d, ha remarcado [&hellip;]\" \/>\n<meta property=\"og:url\" content=\"https:\/\/www.sindicaturabarcelona.cat\/es\/la-sindica-de-greuges-de-barcelona-insiste-en-la-necesidad-de-crear-un-censo-de-los-edificios-publicos-con-amianto\/\" \/>\n<meta property=\"og:site_name\" content=\"Sindicatura de Greuges de Barcelona\" \/>\n<meta property=\"article:published_time\" content=\"2020-07-31T22:00:00+00:00\" \/>\n<meta property=\"article:modified_time\" content=\"2021-04-12T05:41:31+00:00\" \/>\n<meta property=\"og:image\" content=\"https:\/\/www.sindicaturabarcelona.cat\/wp-content\/uploads\/2020\/08\/img_221596441078.jpg\" \/>\n\t<meta property=\"og:image:width\" content=\"770\" \/>\n\t<meta property=\"og:image:height\" content=\"450\" \/>\n\t<meta property=\"og:image:type\" content=\"image\/jpeg\" \/>\n<meta name=\"author\" content=\"Pablo\" \/>\n<meta name=\"twitter:card\" content=\"summary_large_image\" \/>\n<meta name=\"twitter:creator\" content=\"@sindicbarcelona\" \/>\n<meta name=\"twitter:site\" content=\"@sindicbarcelona\" \/>\n<meta name=\"twitter:label1\" content=\"Escrito por\" \/>\n\t<meta name=\"twitter:data1\" content=\"Pablo\" \/>\n<script type=\"application\/ld+json\" class=\"yoast-schema-graph\">{\"@context\":\"https:\\\/\\\/schema.org\",\"@graph\":[{\"@type\":\"Article\",\"@id\":\"https:\\\/\\\/www.sindicaturabarcelona.cat\\\/es\\\/la-sindica-de-greuges-de-barcelona-insiste-en-la-necesidad-de-crear-un-censo-de-los-edificios-publicos-con-amianto\\\/#article\",\"isPartOf\":{\"@id\":\"https:\\\/\\\/www.sindicaturabarcelona.cat\\\/es\\\/la-sindica-de-greuges-de-barcelona-insiste-en-la-necesidad-de-crear-un-censo-de-los-edificios-publicos-con-amianto\\\/\"},\"author\":{\"name\":\"Pablo\",\"@id\":\"https:\\\/\\\/www.sindicaturabarcelona.cat\\\/es\\\/#\\\/schema\\\/person\\\/0e5acffc350ffdbc97578159322c9452\"},\"headline\":\"La S\u00edndica de Greuges de Barcelona insiste en la necesidad de crear un censo de los edificios p\u00fablicos con amianto\",\"datePublished\":\"2020-07-31T22:00:00+00:00\",\"dateModified\":\"2021-04-12T05:41:31+00:00\",\"mainEntityOfPage\":{\"@id\":\"https:\\\/\\\/www.sindicaturabarcelona.cat\\\/es\\\/la-sindica-de-greuges-de-barcelona-insiste-en-la-necesidad-de-crear-un-censo-de-los-edificios-publicos-con-amianto\\\/\"},\"wordCount\":56,\"publisher\":{\"@id\":\"https:\\\/\\\/www.sindicaturabarcelona.cat\\\/es\\\/#organization\"},\"image\":{\"@id\":\"https:\\\/\\\/www.sindicaturabarcelona.cat\\\/es\\\/la-sindica-de-greuges-de-barcelona-insiste-en-la-necesidad-de-crear-un-censo-de-los-edificios-publicos-con-amianto\\\/#primaryimage\"},\"thumbnailUrl\":\"https:\\\/\\\/www.sindicaturabarcelona.cat\\\/wp-content\\\/uploads\\\/2020\\\/08\\\/img_221596441078.jpg\",\"articleSection\":[\"Buen gobierno\"],\"inLanguage\":\"es\"},{\"@type\":\"WebPage\",\"@id\":\"https:\\\/\\\/www.sindicaturabarcelona.cat\\\/es\\\/la-sindica-de-greuges-de-barcelona-insiste-en-la-necesidad-de-crear-un-censo-de-los-edificios-publicos-con-amianto\\\/\",\"url\":\"https:\\\/\\\/www.sindicaturabarcelona.cat\\\/es\\\/la-sindica-de-greuges-de-barcelona-insiste-en-la-necesidad-de-crear-un-censo-de-los-edificios-publicos-con-amianto\\\/\",\"name\":\"La S\u00edndica de Greuges de Barcelona insiste en la necesidad de crear un censo de los edificios p\u00fablicos con amianto - Sindicatura de Greuges de Barcelona\",\"isPartOf\":{\"@id\":\"https:\\\/\\\/www.sindicaturabarcelona.cat\\\/es\\\/#website\"},\"primaryImageOfPage\":{\"@id\":\"https:\\\/\\\/www.sindicaturabarcelona.cat\\\/es\\\/la-sindica-de-greuges-de-barcelona-insiste-en-la-necesidad-de-crear-un-censo-de-los-edificios-publicos-con-amianto\\\/#primaryimage\"},\"image\":{\"@id\":\"https:\\\/\\\/www.sindicaturabarcelona.cat\\\/es\\\/la-sindica-de-greuges-de-barcelona-insiste-en-la-necesidad-de-crear-un-censo-de-los-edificios-publicos-con-amianto\\\/#primaryimage\"},\"thumbnailUrl\":\"https:\\\/\\\/www.sindicaturabarcelona.cat\\\/wp-content\\\/uploads\\\/2020\\\/08\\\/img_221596441078.jpg\",\"datePublished\":\"2020-07-31T22:00:00+00:00\",\"dateModified\":\"2021-04-12T05:41:31+00:00\",\"breadcrumb\":{\"@id\":\"https:\\\/\\\/www.sindicaturabarcelona.cat\\\/es\\\/la-sindica-de-greuges-de-barcelona-insiste-en-la-necesidad-de-crear-un-censo-de-los-edificios-publicos-con-amianto\\\/#breadcrumb\"},\"inLanguage\":\"es\",\"potentialAction\":[{\"@type\":\"ReadAction\",\"target\":[\"https:\\\/\\\/www.sindicaturabarcelona.cat\\\/es\\\/la-sindica-de-greuges-de-barcelona-insiste-en-la-necesidad-de-crear-un-censo-de-los-edificios-publicos-con-amianto\\\/\"]}]},{\"@type\":\"ImageObject\",\"inLanguage\":\"es\",\"@id\":\"https:\\\/\\\/www.sindicaturabarcelona.cat\\\/es\\\/la-sindica-de-greuges-de-barcelona-insiste-en-la-necesidad-de-crear-un-censo-de-los-edificios-publicos-con-amianto\\\/#primaryimage\",\"url\":\"https:\\\/\\\/www.sindicaturabarcelona.cat\\\/wp-content\\\/uploads\\\/2020\\\/08\\\/img_221596441078.jpg\",\"contentUrl\":\"https:\\\/\\\/www.sindicaturabarcelona.cat\\\/wp-content\\\/uploads\\\/2020\\\/08\\\/img_221596441078.jpg\",\"width\":770,\"height\":450},{\"@type\":\"BreadcrumbList\",\"@id\":\"https:\\\/\\\/www.sindicaturabarcelona.cat\\\/es\\\/la-sindica-de-greuges-de-barcelona-insiste-en-la-necesidad-de-crear-un-censo-de-los-edificios-publicos-con-amianto\\\/#breadcrumb\",\"itemListElement\":[{\"@type\":\"ListItem\",\"position\":1,\"name\":\"Inici\",\"item\":\"https:\\\/\\\/www.sindicaturabarcelona.cat\\\/es\\\/\"},{\"@type\":\"ListItem\",\"position\":2,\"name\":\"La S\u00edndica de Greuges de Barcelona insiste en la necesidad de crear un censo de los edificios p\u00fablicos con amianto\"}]},{\"@type\":\"WebSite\",\"@id\":\"https:\\\/\\\/www.sindicaturabarcelona.cat\\\/es\\\/#website\",\"url\":\"https:\\\/\\\/www.sindicaturabarcelona.cat\\\/es\\\/\",\"name\":\"Sindicatura de Greuges de Barcelona\",\"description\":\"La defensoria dels teus drets\",\"publisher\":{\"@id\":\"https:\\\/\\\/www.sindicaturabarcelona.cat\\\/es\\\/#organization\"},\"potentialAction\":[{\"@type\":\"SearchAction\",\"target\":{\"@type\":\"EntryPoint\",\"urlTemplate\":\"https:\\\/\\\/www.sindicaturabarcelona.cat\\\/es\\\/?s={search_term_string}\"},\"query-input\":{\"@type\":\"PropertyValueSpecification\",\"valueRequired\":true,\"valueName\":\"search_term_string\"}}],\"inLanguage\":\"es\"},{\"@type\":\"Organization\",\"@id\":\"https:\\\/\\\/www.sindicaturabarcelona.cat\\\/es\\\/#organization\",\"name\":\"Sindicatura de Greuges de Barcelona\",\"url\":\"https:\\\/\\\/www.sindicaturabarcelona.cat\\\/es\\\/\",\"logo\":{\"@type\":\"ImageObject\",\"inLanguage\":\"es\",\"@id\":\"https:\\\/\\\/www.sindicaturabarcelona.cat\\\/es\\\/#\\\/schema\\\/logo\\\/image\\\/\",\"url\":\"https:\\\/\\\/www.sindicaturabarcelona.cat\\\/wp-content\\\/uploads\\\/2023\\\/02\\\/logo_sindicatura.svg\",\"contentUrl\":\"https:\\\/\\\/www.sindicaturabarcelona.cat\\\/wp-content\\\/uploads\\\/2023\\\/02\\\/logo_sindicatura.svg\",\"caption\":\"Sindicatura de Greuges de Barcelona\"},\"image\":{\"@id\":\"https:\\\/\\\/www.sindicaturabarcelona.cat\\\/es\\\/#\\\/schema\\\/logo\\\/image\\\/\"},\"sameAs\":[\"https:\\\/\\\/x.com\\\/sindicbarcelona\",\"https:\\\/\\\/www.instagram.com\\\/sindicbarcelona\\\/\",\"https:\\\/\\\/www.tiktok.com\\\/@sindicaturabcn\",\"https:\\\/\\\/t.me\\\/sindicaturabarcelona\"]},{\"@type\":\"Person\",\"@id\":\"https:\\\/\\\/www.sindicaturabarcelona.cat\\\/es\\\/#\\\/schema\\\/person\\\/0e5acffc350ffdbc97578159322c9452\",\"name\":\"Pablo\",\"image\":{\"@type\":\"ImageObject\",\"inLanguage\":\"es\",\"@id\":\"https:\\\/\\\/secure.gravatar.com\\\/avatar\\\/c948169b402ef9492afde705c3dfd5e90e1a6a84ef6840a91124f805a25a480f?s=96&d=mm&r=g\",\"url\":\"https:\\\/\\\/secure.gravatar.com\\\/avatar\\\/c948169b402ef9492afde705c3dfd5e90e1a6a84ef6840a91124f805a25a480f?s=96&d=mm&r=g\",\"contentUrl\":\"https:\\\/\\\/secure.gravatar.com\\\/avatar\\\/c948169b402ef9492afde705c3dfd5e90e1a6a84ef6840a91124f805a25a480f?s=96&d=mm&r=g\",\"caption\":\"Pablo\"},\"url\":\"https:\\\/\\\/www.sindicaturabarcelona.cat\\\/es\\\/author\\\/pablo\\\/\"}]}<\/script>\n<!-- \/ Yoast SEO plugin. -->","yoast_head_json":{"title":"La S\u00edndica de Greuges de Barcelona insiste en la necesidad de crear un censo de los edificios p\u00fablicos con amianto - Sindicatura de Greuges de Barcelona","robots":{"index":"index","follow":"follow","max-snippet":"max-snippet:-1","max-image-preview":"max-image-preview:large","max-video-preview":"max-video-preview:-1"},"canonical":"https:\/\/www.sindicaturabarcelona.cat\/es\/la-sindica-de-greuges-de-barcelona-insiste-en-la-necesidad-de-crear-un-censo-de-los-edificios-publicos-con-amianto\/","og_locale":"es_ES","og_type":"article","og_title":"La S\u00edndica de Greuges de Barcelona insiste en la necesidad de crear un censo de los edificios p\u00fablicos con amianto - Sindicatura de Greuges de Barcelona","og_description":"Hoy por hoy, solo podemos concluir que la ciudad de Barcelona no est\u00e1 siguiendo la Resoluci\u00f3n del Parlamento Europeo para conseguir el objetivo de amianto cero en 2028\u201d, ha remarcado [&hellip;]","og_url":"https:\/\/www.sindicaturabarcelona.cat\/es\/la-sindica-de-greuges-de-barcelona-insiste-en-la-necesidad-de-crear-un-censo-de-los-edificios-publicos-con-amianto\/","og_site_name":"Sindicatura de Greuges de Barcelona","article_published_time":"2020-07-31T22:00:00+00:00","article_modified_time":"2021-04-12T05:41:31+00:00","og_image":[{"width":770,"height":450,"url":"https:\/\/www.sindicaturabarcelona.cat\/wp-content\/uploads\/2020\/08\/img_221596441078.jpg","type":"image\/jpeg"}],"author":"Pablo","twitter_card":"summary_large_image","twitter_creator":"@sindicbarcelona","twitter_site":"@sindicbarcelona","twitter_misc":{"Escrito por":"Pablo"},"schema":{"@context":"https:\/\/schema.org","@graph":[{"@type":"Article","@id":"https:\/\/www.sindicaturabarcelona.cat\/es\/la-sindica-de-greuges-de-barcelona-insiste-en-la-necesidad-de-crear-un-censo-de-los-edificios-publicos-con-amianto\/#article","isPartOf":{"@id":"https:\/\/www.sindicaturabarcelona.cat\/es\/la-sindica-de-greuges-de-barcelona-insiste-en-la-necesidad-de-crear-un-censo-de-los-edificios-publicos-con-amianto\/"},"author":{"name":"Pablo","@id":"https:\/\/www.sindicaturabarcelona.cat\/es\/#\/schema\/person\/0e5acffc350ffdbc97578159322c9452"},"headline":"La S\u00edndica de Greuges de Barcelona insiste en la necesidad de crear un censo de los edificios p\u00fablicos con amianto","datePublished":"2020-07-31T22:00:00+00:00","dateModified":"2021-04-12T05:41:31+00:00","mainEntityOfPage":{"@id":"https:\/\/www.sindicaturabarcelona.cat\/es\/la-sindica-de-greuges-de-barcelona-insiste-en-la-necesidad-de-crear-un-censo-de-los-edificios-publicos-con-amianto\/"},"wordCount":56,"publisher":{"@id":"https:\/\/www.sindicaturabarcelona.cat\/es\/#organization"},"image":{"@id":"https:\/\/www.sindicaturabarcelona.cat\/es\/la-sindica-de-greuges-de-barcelona-insiste-en-la-necesidad-de-crear-un-censo-de-los-edificios-publicos-con-amianto\/#primaryimage"},"thumbnailUrl":"https:\/\/www.sindicaturabarcelona.cat\/wp-content\/uploads\/2020\/08\/img_221596441078.jpg","articleSection":["Buen gobierno"],"inLanguage":"es"},{"@type":"WebPage","@id":"https:\/\/www.sindicaturabarcelona.cat\/es\/la-sindica-de-greuges-de-barcelona-insiste-en-la-necesidad-de-crear-un-censo-de-los-edificios-publicos-con-amianto\/","url":"https:\/\/www.sindicaturabarcelona.cat\/es\/la-sindica-de-greuges-de-barcelona-insiste-en-la-necesidad-de-crear-un-censo-de-los-edificios-publicos-con-amianto\/","name":"La S\u00edndica de Greuges de Barcelona insiste en la necesidad de crear un censo de los edificios p\u00fablicos con amianto - Sindicatura de Greuges de Barcelona","isPartOf":{"@id":"https:\/\/www.sindicaturabarcelona.cat\/es\/#website"},"primaryImageOfPage":{"@id":"https:\/\/www.sindicaturabarcelona.cat\/es\/la-sindica-de-greuges-de-barcelona-insiste-en-la-necesidad-de-crear-un-censo-de-los-edificios-publicos-con-amianto\/#primaryimage"},"image":{"@id":"https:\/\/www.sindicaturabarcelona.cat\/es\/la-sindica-de-greuges-de-barcelona-insiste-en-la-necesidad-de-crear-un-censo-de-los-edificios-publicos-con-amianto\/#primaryimage"},"thumbnailUrl":"https:\/\/www.sindicaturabarcelona.cat\/wp-content\/uploads\/2020\/08\/img_221596441078.jpg","datePublished":"2020-07-31T22:00:00+00:00","dateModified":"2021-04-12T05:41:31+00:00","breadcrumb":{"@id":"https:\/\/www.sindicaturabarcelona.cat\/es\/la-sindica-de-greuges-de-barcelona-insiste-en-la-necesidad-de-crear-un-censo-de-los-edificios-publicos-con-amianto\/#breadcrumb"},"inLanguage":"es","potentialAction":[{"@type":"ReadAction","target":["https:\/\/www.sindicaturabarcelona.cat\/es\/la-sindica-de-greuges-de-barcelona-insiste-en-la-necesidad-de-crear-un-censo-de-los-edificios-publicos-con-amianto\/"]}]},{"@type":"ImageObject","inLanguage":"es","@id":"https:\/\/www.sindicaturabarcelona.cat\/es\/la-sindica-de-greuges-de-barcelona-insiste-en-la-necesidad-de-crear-un-censo-de-los-edificios-publicos-con-amianto\/#primaryimage","url":"https:\/\/www.sindicaturabarcelona.cat\/wp-content\/uploads\/2020\/08\/img_221596441078.jpg","contentUrl":"https:\/\/www.sindicaturabarcelona.cat\/wp-content\/uploads\/2020\/08\/img_221596441078.jpg","width":770,"height":450},{"@type":"BreadcrumbList","@id":"https:\/\/www.sindicaturabarcelona.cat\/es\/la-sindica-de-greuges-de-barcelona-insiste-en-la-necesidad-de-crear-un-censo-de-los-edificios-publicos-con-amianto\/#breadcrumb","itemListElement":[{"@type":"ListItem","position":1,"name":"Inici","item":"https:\/\/www.sindicaturabarcelona.cat\/es\/"},{"@type":"ListItem","position":2,"name":"La S\u00edndica de Greuges de Barcelona insiste en la necesidad de crear un censo de los edificios p\u00fablicos con amianto"}]},{"@type":"WebSite","@id":"https:\/\/www.sindicaturabarcelona.cat\/es\/#website","url":"https:\/\/www.sindicaturabarcelona.cat\/es\/","name":"Sindicatura de Greuges de Barcelona","description":"La defensoria dels teus drets","publisher":{"@id":"https:\/\/www.sindicaturabarcelona.cat\/es\/#organization"},"potentialAction":[{"@type":"SearchAction","target":{"@type":"EntryPoint","urlTemplate":"https:\/\/www.sindicaturabarcelona.cat\/es\/?s={search_term_string}"},"query-input":{"@type":"PropertyValueSpecification","valueRequired":true,"valueName":"search_term_string"}}],"inLanguage":"es"},{"@type":"Organization","@id":"https:\/\/www.sindicaturabarcelona.cat\/es\/#organization","name":"Sindicatura de Greuges de Barcelona","url":"https:\/\/www.sindicaturabarcelona.cat\/es\/","logo":{"@type":"ImageObject","inLanguage":"es","@id":"https:\/\/www.sindicaturabarcelona.cat\/es\/#\/schema\/logo\/image\/","url":"https:\/\/www.sindicaturabarcelona.cat\/wp-content\/uploads\/2023\/02\/logo_sindicatura.svg","contentUrl":"https:\/\/www.sindicaturabarcelona.cat\/wp-content\/uploads\/2023\/02\/logo_sindicatura.svg","caption":"Sindicatura de Greuges de Barcelona"},"image":{"@id":"https:\/\/www.sindicaturabarcelona.cat\/es\/#\/schema\/logo\/image\/"},"sameAs":["https:\/\/x.com\/sindicbarcelona","https:\/\/www.instagram.com\/sindicbarcelona\/","https:\/\/www.tiktok.com\/@sindicaturabcn","https:\/\/t.me\/sindicaturabarcelona"]},{"@type":"Person","@id":"https:\/\/www.sindicaturabarcelona.cat\/es\/#\/schema\/person\/0e5acffc350ffdbc97578159322c9452","name":"Pablo","image":{"@type":"ImageObject","inLanguage":"es","@id":"https:\/\/secure.gravatar.com\/avatar\/c948169b402ef9492afde705c3dfd5e90e1a6a84ef6840a91124f805a25a480f?s=96&d=mm&r=g","url":"https:\/\/secure.gravatar.com\/avatar\/c948169b402ef9492afde705c3dfd5e90e1a6a84ef6840a91124f805a25a480f?s=96&d=mm&r=g","contentUrl":"https:\/\/secure.gravatar.com\/avatar\/c948169b402ef9492afde705c3dfd5e90e1a6a84ef6840a91124f805a25a480f?s=96&d=mm&r=g","caption":"Pablo"},"url":"https:\/\/www.sindicaturabarcelona.cat\/es\/author\/pablo\/"}]}},"_links":{"self":[{"href":"https:\/\/www.sindicaturabarcelona.cat\/es\/wp-json\/wp\/v2\/posts\/11334","targetHints":{"allow":["GET"]}}],"collection":[{"href":"https:\/\/www.sindicaturabarcelona.cat\/es\/wp-json\/wp\/v2\/posts"}],"about":[{"href":"https:\/\/www.sindicaturabarcelona.cat\/es\/wp-json\/wp\/v2\/types\/post"}],"author":[{"embeddable":true,"href":"https:\/\/www.sindicaturabarcelona.cat\/es\/wp-json\/wp\/v2\/users\/2"}],"replies":[{"embeddable":true,"href":"https:\/\/www.sindicaturabarcelona.cat\/es\/wp-json\/wp\/v2\/comments?post=11334"}],"version-history":[{"count":0,"href":"https:\/\/www.sindicaturabarcelona.cat\/es\/wp-json\/wp\/v2\/posts\/11334\/revisions"}],"wp:featuredmedia":[{"embeddable":true,"href":"https:\/\/www.sindicaturabarcelona.cat\/es\/wp-json\/wp\/v2\/media\/5503"}],"wp:attachment":[{"href":"https:\/\/www.sindicaturabarcelona.cat\/es\/wp-json\/wp\/v2\/media?parent=11334"}],"wp:term":[{"taxonomy":"post_tag","embeddable":true,"href":"https:\/\/www.sindicaturabarcelona.cat\/es\/wp-json\/wp\/v2\/tags?post=11334"},{"taxonomy":"drets","embeddable":true,"href":"https:\/\/www.sindicaturabarcelona.cat\/es\/wp-json\/wp\/v2\/drets?post=11334"}],"curies":[{"name":"wp","href":"https:\/\/api.w.org\/{rel}","templated":true}]}}