{"id":11282,"date":"2020-02-01T00:00:00","date_gmt":"2020-01-31T22:00:00","guid":{"rendered":"http:\/\/minimalweb.tech\/sindica\/2020\/02\/01\/comunicado-de-la-sindica-sobre-la-denuncia-que-formulo-en-la-fiscalia-de-barcelona-por-una-fake-news-que-incitaba-al-odio-contra-el-grupo-de-personas-menores-de-edad-no-acompanadas\/"},"modified":"2021-04-12T07:45:28","modified_gmt":"2021-04-12T05:45:28","slug":"comunicado-de-la-sindica-sobre-la-denuncia-que-formulo-en-la-fiscalia-de-barcelona-por-una-fake-news-que-incitaba-al-odio-contra-el-grupo-de-personas-menores-de-edad-no-acompanadas","status":"publish","type":"post","link":"https:\/\/www.sindicaturabarcelona.cat\/es\/comunicado-de-la-sindica-sobre-la-denuncia-que-formulo-en-la-fiscalia-de-barcelona-por-una-fake-news-que-incitaba-al-odio-contra-el-grupo-de-personas-menores-de-edad-no-acompanadas\/","title":{"rendered":"Comunicado de la S\u00edndica sobre la denuncia que formul\u00f3 en la Fiscalia de Barcelona por una fake news que incitaba al odio contra el grupo de personas menores de edad no acompa\u00f1adas"},"content":{"rendered":"<p>El 1 de julio de 2019 llevamos este tema a la Fiscal\u00eda de Barcelona porque consideramos que las im\u00e1genes y el texto de esta publicaci\u00f3n pueden fomentar y promocionar la discriminaci\u00f3n y el odio contra un grupo, tal como recoge el C\u00f3digo Penal.<\/p>\n<p class=\"noti_nota\"><a href=\"https:\/\/www.sindicaturabarcelona.cat\/src\/pdf\/nota_941582809302.pdf\" target=\"_blank\" rel=\"noopener noreferrer\">Nota de prensa<\/a><\/p>\n","protected":false},"excerpt":{"rendered":"<p>El 1 de julio de 2019 llevamos este tema a la Fiscal\u00eda de Barcelona porque consideramos que las im\u00e1genes y el texto de esta publicaci\u00f3n pueden fomentar y promocionar la [&hellip;]<\/p>\n","protected":false},"author":2,"featured_media":5399,"comment_status":"closed","ping_status":"open","sticky":false,"template":"","format":"standard","meta":{"_acf_changed":false,"footnotes":""},"tags":[],"drets":[],"class_list":["post-11282","post","type-post","status-publish","format-standard","has-post-thumbnail","hentry"],"acf":[],"yoast_head":"<!-- This site is optimized with the Yoast SEO plugin v27.5 - https:\/\/yoast.com\/product\/yoast-seo-wordpress\/ -->\n<title>Comunicado de la S\u00edndica sobre la denuncia que formul\u00f3 en la Fiscalia de Barcelona por una fake news que incitaba al odio contra el grupo de personas menores de edad no acompa\u00f1adas - Sindicatura de Greuges de Barcelona<\/title>\n<meta name=\"robots\" content=\"index, follow, max-snippet:-1, max-image-preview:large, max-video-preview:-1\" \/>\n<link rel=\"canonical\" href=\"https:\/\/www.sindicaturabarcelona.cat\/es\/comunicado-de-la-sindica-sobre-la-denuncia-que-formulo-en-la-fiscalia-de-barcelona-por-una-fake-news-que-incitaba-al-odio-contra-el-grupo-de-personas-menores-de-edad-no-acompanadas\/\" \/>\n<meta property=\"og:locale\" content=\"es_ES\" \/>\n<meta property=\"og:type\" content=\"article\" \/>\n<meta property=\"og:title\" content=\"Comunicado de la S\u00edndica sobre la denuncia que formul\u00f3 en la Fiscalia de Barcelona por una fake news que incitaba al odio contra el grupo de personas menores de edad no acompa\u00f1adas - Sindicatura de Greuges de Barcelona\" \/>\n<meta property=\"og:description\" content=\"El 1 de julio de 2019 llevamos este tema a la Fiscal\u00eda de Barcelona porque consideramos que las im\u00e1genes y el texto de esta publicaci\u00f3n pueden fomentar y promocionar la [&hellip;]\" \/>\n<meta property=\"og:url\" content=\"https:\/\/www.sindicaturabarcelona.cat\/es\/comunicado-de-la-sindica-sobre-la-denuncia-que-formulo-en-la-fiscalia-de-barcelona-por-una-fake-news-que-incitaba-al-odio-contra-el-grupo-de-personas-menores-de-edad-no-acompanadas\/\" \/>\n<meta property=\"og:site_name\" content=\"Sindicatura de Greuges de Barcelona\" \/>\n<meta property=\"article:published_time\" content=\"2020-01-31T22:00:00+00:00\" \/>\n<meta property=\"article:modified_time\" content=\"2021-04-12T05:45:28+00:00\" \/>\n<meta property=\"og:image\" content=\"https:\/\/www.sindicaturabarcelona.cat\/wp-content\/uploads\/2020\/08\/img_881582809302-scaled.jpg\" \/>\n\t<meta property=\"og:image:width\" content=\"2560\" \/>\n\t<meta property=\"og:image:height\" content=\"1440\" \/>\n\t<meta property=\"og:image:type\" content=\"image\/jpeg\" \/>\n<meta name=\"author\" content=\"Pablo\" \/>\n<meta name=\"twitter:card\" content=\"summary_large_image\" \/>\n<meta name=\"twitter:creator\" content=\"@sindicbarcelona\" \/>\n<meta name=\"twitter:site\" content=\"@sindicbarcelona\" \/>\n<meta name=\"twitter:label1\" content=\"Escrito por\" \/>\n\t<meta name=\"twitter:data1\" content=\"Pablo\" \/>\n<script type=\"application\/ld+json\" class=\"yoast-schema-graph\">{\"@context\":\"https:\\\/\\\/schema.org\",\"@graph\":[{\"@type\":\"Article\",\"@id\":\"https:\\\/\\\/www.sindicaturabarcelona.cat\\\/es\\\/comunicado-de-la-sindica-sobre-la-denuncia-que-formulo-en-la-fiscalia-de-barcelona-por-una-fake-news-que-incitaba-al-odio-contra-el-grupo-de-personas-menores-de-edad-no-acompanadas\\\/#article\",\"isPartOf\":{\"@id\":\"https:\\\/\\\/www.sindicaturabarcelona.cat\\\/es\\\/comunicado-de-la-sindica-sobre-la-denuncia-que-formulo-en-la-fiscalia-de-barcelona-por-una-fake-news-que-incitaba-al-odio-contra-el-grupo-de-personas-menores-de-edad-no-acompanadas\\\/\"},\"author\":{\"name\":\"Pablo\",\"@id\":\"https:\\\/\\\/www.sindicaturabarcelona.cat\\\/es\\\/#\\\/schema\\\/person\\\/0e5acffc350ffdbc97578159322c9452\"},\"headline\":\"Comunicado de la S\u00edndica sobre la denuncia que formul\u00f3 en la Fiscalia de Barcelona por una fake news que incitaba al odio contra el grupo de personas menores de edad no acompa\u00f1adas\",\"datePublished\":\"2020-01-31T22:00:00+00:00\",\"dateModified\":\"2021-04-12T05:45:28+00:00\",\"mainEntityOfPage\":{\"@id\":\"https:\\\/\\\/www.sindicaturabarcelona.cat\\\/es\\\/comunicado-de-la-sindica-sobre-la-denuncia-que-formulo-en-la-fiscalia-de-barcelona-por-una-fake-news-que-incitaba-al-odio-contra-el-grupo-de-personas-menores-de-edad-no-acompanadas\\\/\"},\"wordCount\":83,\"publisher\":{\"@id\":\"https:\\\/\\\/www.sindicaturabarcelona.cat\\\/es\\\/#organization\"},\"image\":{\"@id\":\"https:\\\/\\\/www.sindicaturabarcelona.cat\\\/es\\\/comunicado-de-la-sindica-sobre-la-denuncia-que-formulo-en-la-fiscalia-de-barcelona-por-una-fake-news-que-incitaba-al-odio-contra-el-grupo-de-personas-menores-de-edad-no-acompanadas\\\/#primaryimage\"},\"thumbnailUrl\":\"https:\\\/\\\/www.sindicaturabarcelona.cat\\\/wp-content\\\/uploads\\\/2020\\\/08\\\/img_881582809302-scaled.jpg\",\"articleSection\":[\"Buen gobierno\",\"Educaci\u00f3n, deporte y cultura\"],\"inLanguage\":\"es\"},{\"@type\":\"WebPage\",\"@id\":\"https:\\\/\\\/www.sindicaturabarcelona.cat\\\/es\\\/comunicado-de-la-sindica-sobre-la-denuncia-que-formulo-en-la-fiscalia-de-barcelona-por-una-fake-news-que-incitaba-al-odio-contra-el-grupo-de-personas-menores-de-edad-no-acompanadas\\\/\",\"url\":\"https:\\\/\\\/www.sindicaturabarcelona.cat\\\/es\\\/comunicado-de-la-sindica-sobre-la-denuncia-que-formulo-en-la-fiscalia-de-barcelona-por-una-fake-news-que-incitaba-al-odio-contra-el-grupo-de-personas-menores-de-edad-no-acompanadas\\\/\",\"name\":\"Comunicado de la S\u00edndica sobre la denuncia que formul\u00f3 en la Fiscalia de Barcelona por una fake news que incitaba al odio contra el grupo de personas menores de edad no acompa\u00f1adas - Sindicatura de Greuges de Barcelona\",\"isPartOf\":{\"@id\":\"https:\\\/\\\/www.sindicaturabarcelona.cat\\\/es\\\/#website\"},\"primaryImageOfPage\":{\"@id\":\"https:\\\/\\\/www.sindicaturabarcelona.cat\\\/es\\\/comunicado-de-la-sindica-sobre-la-denuncia-que-formulo-en-la-fiscalia-de-barcelona-por-una-fake-news-que-incitaba-al-odio-contra-el-grupo-de-personas-menores-de-edad-no-acompanadas\\\/#primaryimage\"},\"image\":{\"@id\":\"https:\\\/\\\/www.sindicaturabarcelona.cat\\\/es\\\/comunicado-de-la-sindica-sobre-la-denuncia-que-formulo-en-la-fiscalia-de-barcelona-por-una-fake-news-que-incitaba-al-odio-contra-el-grupo-de-personas-menores-de-edad-no-acompanadas\\\/#primaryimage\"},\"thumbnailUrl\":\"https:\\\/\\\/www.sindicaturabarcelona.cat\\\/wp-content\\\/uploads\\\/2020\\\/08\\\/img_881582809302-scaled.jpg\",\"datePublished\":\"2020-01-31T22:00:00+00:00\",\"dateModified\":\"2021-04-12T05:45:28+00:00\",\"breadcrumb\":{\"@id\":\"https:\\\/\\\/www.sindicaturabarcelona.cat\\\/es\\\/comunicado-de-la-sindica-sobre-la-denuncia-que-formulo-en-la-fiscalia-de-barcelona-por-una-fake-news-que-incitaba-al-odio-contra-el-grupo-de-personas-menores-de-edad-no-acompanadas\\\/#breadcrumb\"},\"inLanguage\":\"es\",\"potentialAction\":[{\"@type\":\"ReadAction\",\"target\":[\"https:\\\/\\\/www.sindicaturabarcelona.cat\\\/es\\\/comunicado-de-la-sindica-sobre-la-denuncia-que-formulo-en-la-fiscalia-de-barcelona-por-una-fake-news-que-incitaba-al-odio-contra-el-grupo-de-personas-menores-de-edad-no-acompanadas\\\/\"]}]},{\"@type\":\"ImageObject\",\"inLanguage\":\"es\",\"@id\":\"https:\\\/\\\/www.sindicaturabarcelona.cat\\\/es\\\/comunicado-de-la-sindica-sobre-la-denuncia-que-formulo-en-la-fiscalia-de-barcelona-por-una-fake-news-que-incitaba-al-odio-contra-el-grupo-de-personas-menores-de-edad-no-acompanadas\\\/#primaryimage\",\"url\":\"https:\\\/\\\/www.sindicaturabarcelona.cat\\\/wp-content\\\/uploads\\\/2020\\\/08\\\/img_881582809302-scaled.jpg\",\"contentUrl\":\"https:\\\/\\\/www.sindicaturabarcelona.cat\\\/wp-content\\\/uploads\\\/2020\\\/08\\\/img_881582809302-scaled.jpg\",\"width\":2560,\"height\":1440},{\"@type\":\"BreadcrumbList\",\"@id\":\"https:\\\/\\\/www.sindicaturabarcelona.cat\\\/es\\\/comunicado-de-la-sindica-sobre-la-denuncia-que-formulo-en-la-fiscalia-de-barcelona-por-una-fake-news-que-incitaba-al-odio-contra-el-grupo-de-personas-menores-de-edad-no-acompanadas\\\/#breadcrumb\",\"itemListElement\":[{\"@type\":\"ListItem\",\"position\":1,\"name\":\"Inici\",\"item\":\"https:\\\/\\\/www.sindicaturabarcelona.cat\\\/es\\\/\"},{\"@type\":\"ListItem\",\"position\":2,\"name\":\"Comunicado de la S\u00edndica sobre la denuncia que formul\u00f3 en la Fiscalia de Barcelona por una fake news que incitaba al odio contra el grupo de personas menores de edad no acompa\u00f1adas\"}]},{\"@type\":\"WebSite\",\"@id\":\"https:\\\/\\\/www.sindicaturabarcelona.cat\\\/es\\\/#website\",\"url\":\"https:\\\/\\\/www.sindicaturabarcelona.cat\\\/es\\\/\",\"name\":\"Sindicatura de Greuges de Barcelona\",\"description\":\"La defensoria dels teus drets\",\"publisher\":{\"@id\":\"https:\\\/\\\/www.sindicaturabarcelona.cat\\\/es\\\/#organization\"},\"potentialAction\":[{\"@type\":\"SearchAction\",\"target\":{\"@type\":\"EntryPoint\",\"urlTemplate\":\"https:\\\/\\\/www.sindicaturabarcelona.cat\\\/es\\\/?s={search_term_string}\"},\"query-input\":{\"@type\":\"PropertyValueSpecification\",\"valueRequired\":true,\"valueName\":\"search_term_string\"}}],\"inLanguage\":\"es\"},{\"@type\":\"Organization\",\"@id\":\"https:\\\/\\\/www.sindicaturabarcelona.cat\\\/es\\\/#organization\",\"name\":\"Sindicatura de Greuges de Barcelona\",\"url\":\"https:\\\/\\\/www.sindicaturabarcelona.cat\\\/es\\\/\",\"logo\":{\"@type\":\"ImageObject\",\"inLanguage\":\"es\",\"@id\":\"https:\\\/\\\/www.sindicaturabarcelona.cat\\\/es\\\/#\\\/schema\\\/logo\\\/image\\\/\",\"url\":\"https:\\\/\\\/www.sindicaturabarcelona.cat\\\/wp-content\\\/uploads\\\/2023\\\/02\\\/logo_sindicatura.svg\",\"contentUrl\":\"https:\\\/\\\/www.sindicaturabarcelona.cat\\\/wp-content\\\/uploads\\\/2023\\\/02\\\/logo_sindicatura.svg\",\"caption\":\"Sindicatura de Greuges de Barcelona\"},\"image\":{\"@id\":\"https:\\\/\\\/www.sindicaturabarcelona.cat\\\/es\\\/#\\\/schema\\\/logo\\\/image\\\/\"},\"sameAs\":[\"https:\\\/\\\/x.com\\\/sindicbarcelona\",\"https:\\\/\\\/www.instagram.com\\\/sindicbarcelona\\\/\",\"https:\\\/\\\/www.tiktok.com\\\/@sindicaturabcn\",\"https:\\\/\\\/t.me\\\/sindicaturabarcelona\"]},{\"@type\":\"Person\",\"@id\":\"https:\\\/\\\/www.sindicaturabarcelona.cat\\\/es\\\/#\\\/schema\\\/person\\\/0e5acffc350ffdbc97578159322c9452\",\"name\":\"Pablo\",\"image\":{\"@type\":\"ImageObject\",\"inLanguage\":\"es\",\"@id\":\"https:\\\/\\\/secure.gravatar.com\\\/avatar\\\/c948169b402ef9492afde705c3dfd5e90e1a6a84ef6840a91124f805a25a480f?s=96&d=mm&r=g\",\"url\":\"https:\\\/\\\/secure.gravatar.com\\\/avatar\\\/c948169b402ef9492afde705c3dfd5e90e1a6a84ef6840a91124f805a25a480f?s=96&d=mm&r=g\",\"contentUrl\":\"https:\\\/\\\/secure.gravatar.com\\\/avatar\\\/c948169b402ef9492afde705c3dfd5e90e1a6a84ef6840a91124f805a25a480f?s=96&d=mm&r=g\",\"caption\":\"Pablo\"},\"url\":\"https:\\\/\\\/www.sindicaturabarcelona.cat\\\/es\\\/author\\\/pablo\\\/\"}]}<\/script>\n<!-- \/ Yoast SEO plugin. -->","yoast_head_json":{"title":"Comunicado de la S\u00edndica sobre la denuncia que formul\u00f3 en la Fiscalia de Barcelona por una fake news que incitaba al odio contra el grupo de personas menores de edad no acompa\u00f1adas - Sindicatura de Greuges de Barcelona","robots":{"index":"index","follow":"follow","max-snippet":"max-snippet:-1","max-image-preview":"max-image-preview:large","max-video-preview":"max-video-preview:-1"},"canonical":"https:\/\/www.sindicaturabarcelona.cat\/es\/comunicado-de-la-sindica-sobre-la-denuncia-que-formulo-en-la-fiscalia-de-barcelona-por-una-fake-news-que-incitaba-al-odio-contra-el-grupo-de-personas-menores-de-edad-no-acompanadas\/","og_locale":"es_ES","og_type":"article","og_title":"Comunicado de la S\u00edndica sobre la denuncia que formul\u00f3 en la Fiscalia de Barcelona por una fake news que incitaba al odio contra el grupo de personas menores de edad no acompa\u00f1adas - Sindicatura de Greuges de Barcelona","og_description":"El 1 de julio de 2019 llevamos este tema a la Fiscal\u00eda de Barcelona porque consideramos que las im\u00e1genes y el texto de esta publicaci\u00f3n pueden fomentar y promocionar la [&hellip;]","og_url":"https:\/\/www.sindicaturabarcelona.cat\/es\/comunicado-de-la-sindica-sobre-la-denuncia-que-formulo-en-la-fiscalia-de-barcelona-por-una-fake-news-que-incitaba-al-odio-contra-el-grupo-de-personas-menores-de-edad-no-acompanadas\/","og_site_name":"Sindicatura de Greuges de Barcelona","article_published_time":"2020-01-31T22:00:00+00:00","article_modified_time":"2021-04-12T05:45:28+00:00","og_image":[{"width":2560,"height":1440,"url":"https:\/\/www.sindicaturabarcelona.cat\/wp-content\/uploads\/2020\/08\/img_881582809302-scaled.jpg","type":"image\/jpeg"}],"author":"Pablo","twitter_card":"summary_large_image","twitter_creator":"@sindicbarcelona","twitter_site":"@sindicbarcelona","twitter_misc":{"Escrito por":"Pablo"},"schema":{"@context":"https:\/\/schema.org","@graph":[{"@type":"Article","@id":"https:\/\/www.sindicaturabarcelona.cat\/es\/comunicado-de-la-sindica-sobre-la-denuncia-que-formulo-en-la-fiscalia-de-barcelona-por-una-fake-news-que-incitaba-al-odio-contra-el-grupo-de-personas-menores-de-edad-no-acompanadas\/#article","isPartOf":{"@id":"https:\/\/www.sindicaturabarcelona.cat\/es\/comunicado-de-la-sindica-sobre-la-denuncia-que-formulo-en-la-fiscalia-de-barcelona-por-una-fake-news-que-incitaba-al-odio-contra-el-grupo-de-personas-menores-de-edad-no-acompanadas\/"},"author":{"name":"Pablo","@id":"https:\/\/www.sindicaturabarcelona.cat\/es\/#\/schema\/person\/0e5acffc350ffdbc97578159322c9452"},"headline":"Comunicado de la S\u00edndica sobre la denuncia que formul\u00f3 en la Fiscalia de Barcelona por una fake news que incitaba al odio contra el grupo de personas menores de edad no acompa\u00f1adas","datePublished":"2020-01-31T22:00:00+00:00","dateModified":"2021-04-12T05:45:28+00:00","mainEntityOfPage":{"@id":"https:\/\/www.sindicaturabarcelona.cat\/es\/comunicado-de-la-sindica-sobre-la-denuncia-que-formulo-en-la-fiscalia-de-barcelona-por-una-fake-news-que-incitaba-al-odio-contra-el-grupo-de-personas-menores-de-edad-no-acompanadas\/"},"wordCount":83,"publisher":{"@id":"https:\/\/www.sindicaturabarcelona.cat\/es\/#organization"},"image":{"@id":"https:\/\/www.sindicaturabarcelona.cat\/es\/comunicado-de-la-sindica-sobre-la-denuncia-que-formulo-en-la-fiscalia-de-barcelona-por-una-fake-news-que-incitaba-al-odio-contra-el-grupo-de-personas-menores-de-edad-no-acompanadas\/#primaryimage"},"thumbnailUrl":"https:\/\/www.sindicaturabarcelona.cat\/wp-content\/uploads\/2020\/08\/img_881582809302-scaled.jpg","articleSection":["Buen gobierno","Educaci\u00f3n, deporte y cultura"],"inLanguage":"es"},{"@type":"WebPage","@id":"https:\/\/www.sindicaturabarcelona.cat\/es\/comunicado-de-la-sindica-sobre-la-denuncia-que-formulo-en-la-fiscalia-de-barcelona-por-una-fake-news-que-incitaba-al-odio-contra-el-grupo-de-personas-menores-de-edad-no-acompanadas\/","url":"https:\/\/www.sindicaturabarcelona.cat\/es\/comunicado-de-la-sindica-sobre-la-denuncia-que-formulo-en-la-fiscalia-de-barcelona-por-una-fake-news-que-incitaba-al-odio-contra-el-grupo-de-personas-menores-de-edad-no-acompanadas\/","name":"Comunicado de la S\u00edndica sobre la denuncia que formul\u00f3 en la Fiscalia de Barcelona por una fake news que incitaba al odio contra el grupo de personas menores de edad no acompa\u00f1adas - Sindicatura de Greuges de Barcelona","isPartOf":{"@id":"https:\/\/www.sindicaturabarcelona.cat\/es\/#website"},"primaryImageOfPage":{"@id":"https:\/\/www.sindicaturabarcelona.cat\/es\/comunicado-de-la-sindica-sobre-la-denuncia-que-formulo-en-la-fiscalia-de-barcelona-por-una-fake-news-que-incitaba-al-odio-contra-el-grupo-de-personas-menores-de-edad-no-acompanadas\/#primaryimage"},"image":{"@id":"https:\/\/www.sindicaturabarcelona.cat\/es\/comunicado-de-la-sindica-sobre-la-denuncia-que-formulo-en-la-fiscalia-de-barcelona-por-una-fake-news-que-incitaba-al-odio-contra-el-grupo-de-personas-menores-de-edad-no-acompanadas\/#primaryimage"},"thumbnailUrl":"https:\/\/www.sindicaturabarcelona.cat\/wp-content\/uploads\/2020\/08\/img_881582809302-scaled.jpg","datePublished":"2020-01-31T22:00:00+00:00","dateModified":"2021-04-12T05:45:28+00:00","breadcrumb":{"@id":"https:\/\/www.sindicaturabarcelona.cat\/es\/comunicado-de-la-sindica-sobre-la-denuncia-que-formulo-en-la-fiscalia-de-barcelona-por-una-fake-news-que-incitaba-al-odio-contra-el-grupo-de-personas-menores-de-edad-no-acompanadas\/#breadcrumb"},"inLanguage":"es","potentialAction":[{"@type":"ReadAction","target":["https:\/\/www.sindicaturabarcelona.cat\/es\/comunicado-de-la-sindica-sobre-la-denuncia-que-formulo-en-la-fiscalia-de-barcelona-por-una-fake-news-que-incitaba-al-odio-contra-el-grupo-de-personas-menores-de-edad-no-acompanadas\/"]}]},{"@type":"ImageObject","inLanguage":"es","@id":"https:\/\/www.sindicaturabarcelona.cat\/es\/comunicado-de-la-sindica-sobre-la-denuncia-que-formulo-en-la-fiscalia-de-barcelona-por-una-fake-news-que-incitaba-al-odio-contra-el-grupo-de-personas-menores-de-edad-no-acompanadas\/#primaryimage","url":"https:\/\/www.sindicaturabarcelona.cat\/wp-content\/uploads\/2020\/08\/img_881582809302-scaled.jpg","contentUrl":"https:\/\/www.sindicaturabarcelona.cat\/wp-content\/uploads\/2020\/08\/img_881582809302-scaled.jpg","width":2560,"height":1440},{"@type":"BreadcrumbList","@id":"https:\/\/www.sindicaturabarcelona.cat\/es\/comunicado-de-la-sindica-sobre-la-denuncia-que-formulo-en-la-fiscalia-de-barcelona-por-una-fake-news-que-incitaba-al-odio-contra-el-grupo-de-personas-menores-de-edad-no-acompanadas\/#breadcrumb","itemListElement":[{"@type":"ListItem","position":1,"name":"Inici","item":"https:\/\/www.sindicaturabarcelona.cat\/es\/"},{"@type":"ListItem","position":2,"name":"Comunicado de la S\u00edndica sobre la denuncia que formul\u00f3 en la Fiscalia de Barcelona por una fake news que incitaba al odio contra el grupo de personas menores de edad no acompa\u00f1adas"}]},{"@type":"WebSite","@id":"https:\/\/www.sindicaturabarcelona.cat\/es\/#website","url":"https:\/\/www.sindicaturabarcelona.cat\/es\/","name":"Sindicatura de Greuges de Barcelona","description":"La defensoria dels teus drets","publisher":{"@id":"https:\/\/www.sindicaturabarcelona.cat\/es\/#organization"},"potentialAction":[{"@type":"SearchAction","target":{"@type":"EntryPoint","urlTemplate":"https:\/\/www.sindicaturabarcelona.cat\/es\/?s={search_term_string}"},"query-input":{"@type":"PropertyValueSpecification","valueRequired":true,"valueName":"search_term_string"}}],"inLanguage":"es"},{"@type":"Organization","@id":"https:\/\/www.sindicaturabarcelona.cat\/es\/#organization","name":"Sindicatura de Greuges de Barcelona","url":"https:\/\/www.sindicaturabarcelona.cat\/es\/","logo":{"@type":"ImageObject","inLanguage":"es","@id":"https:\/\/www.sindicaturabarcelona.cat\/es\/#\/schema\/logo\/image\/","url":"https:\/\/www.sindicaturabarcelona.cat\/wp-content\/uploads\/2023\/02\/logo_sindicatura.svg","contentUrl":"https:\/\/www.sindicaturabarcelona.cat\/wp-content\/uploads\/2023\/02\/logo_sindicatura.svg","caption":"Sindicatura de Greuges de Barcelona"},"image":{"@id":"https:\/\/www.sindicaturabarcelona.cat\/es\/#\/schema\/logo\/image\/"},"sameAs":["https:\/\/x.com\/sindicbarcelona","https:\/\/www.instagram.com\/sindicbarcelona\/","https:\/\/www.tiktok.com\/@sindicaturabcn","https:\/\/t.me\/sindicaturabarcelona"]},{"@type":"Person","@id":"https:\/\/www.sindicaturabarcelona.cat\/es\/#\/schema\/person\/0e5acffc350ffdbc97578159322c9452","name":"Pablo","image":{"@type":"ImageObject","inLanguage":"es","@id":"https:\/\/secure.gravatar.com\/avatar\/c948169b402ef9492afde705c3dfd5e90e1a6a84ef6840a91124f805a25a480f?s=96&d=mm&r=g","url":"https:\/\/secure.gravatar.com\/avatar\/c948169b402ef9492afde705c3dfd5e90e1a6a84ef6840a91124f805a25a480f?s=96&d=mm&r=g","contentUrl":"https:\/\/secure.gravatar.com\/avatar\/c948169b402ef9492afde705c3dfd5e90e1a6a84ef6840a91124f805a25a480f?s=96&d=mm&r=g","caption":"Pablo"},"url":"https:\/\/www.sindicaturabarcelona.cat\/es\/author\/pablo\/"}]}},"_links":{"self":[{"href":"https:\/\/www.sindicaturabarcelona.cat\/es\/wp-json\/wp\/v2\/posts\/11282","targetHints":{"allow":["GET"]}}],"collection":[{"href":"https:\/\/www.sindicaturabarcelona.cat\/es\/wp-json\/wp\/v2\/posts"}],"about":[{"href":"https:\/\/www.sindicaturabarcelona.cat\/es\/wp-json\/wp\/v2\/types\/post"}],"author":[{"embeddable":true,"href":"https:\/\/www.sindicaturabarcelona.cat\/es\/wp-json\/wp\/v2\/users\/2"}],"replies":[{"embeddable":true,"href":"https:\/\/www.sindicaturabarcelona.cat\/es\/wp-json\/wp\/v2\/comments?post=11282"}],"version-history":[{"count":0,"href":"https:\/\/www.sindicaturabarcelona.cat\/es\/wp-json\/wp\/v2\/posts\/11282\/revisions"}],"wp:featuredmedia":[{"embeddable":true,"href":"https:\/\/www.sindicaturabarcelona.cat\/es\/wp-json\/wp\/v2\/media\/5399"}],"wp:attachment":[{"href":"https:\/\/www.sindicaturabarcelona.cat\/es\/wp-json\/wp\/v2\/media?parent=11282"}],"wp:term":[{"taxonomy":"post_tag","embeddable":true,"href":"https:\/\/www.sindicaturabarcelona.cat\/es\/wp-json\/wp\/v2\/tags?post=11282"},{"taxonomy":"drets","embeddable":true,"href":"https:\/\/www.sindicaturabarcelona.cat\/es\/wp-json\/wp\/v2\/drets?post=11282"}],"curies":[{"name":"wp","href":"https:\/\/api.w.org\/{rel}","templated":true}]}}