{"id":11248,"date":"2019-10-01T00:00:00","date_gmt":"2019-09-30T22:00:00","guid":{"rendered":"http:\/\/minimalweb.tech\/sindica\/2019\/10\/01\/la-sindica-de-greuges-de-barcelona-visita-el-barrio-de-la-verneda-alta-y-capta-las-preocupaciones-y-las-demandas-del-vecindario\/"},"modified":"2021-04-12T08:30:27","modified_gmt":"2021-04-12T06:30:27","slug":"la-sindica-de-greuges-de-barcelona-visita-el-barrio-de-la-verneda-alta-y-capta-las-preocupaciones-y-las-demandas-del-vecindario","status":"publish","type":"post","link":"https:\/\/www.sindicaturabarcelona.cat\/es\/la-sindica-de-greuges-de-barcelona-visita-el-barrio-de-la-verneda-alta-y-capta-las-preocupaciones-y-las-demandas-del-vecindario\/","title":{"rendered":"La s\u00edndica de Greuges de Barcelona visita el barrio de la Verneda Alta y capta las preocupaciones y las demandas del vecindario"},"content":{"rendered":"<p>La defensora desarrolla el Programa de visitas a los barrios de la ciudad de Barcelona desde el a\u00f1o 2013, con el fin de conocer de primera mano la realidad de los barrios para contextualizar las quejas que afectan directamente la calidad de vida del vecindario.<\/p>\n<p class=\"noti_nota\"><a href=\"https:\/\/www.sindicaturabarcelona.cat\/src\/pdf\/nota_971571229939.pdf\" target=\"_blank\" rel=\"noopener noreferrer\">Nota de prensa<\/a><\/p>\n","protected":false},"excerpt":{"rendered":"<p>La defensora desarrolla el Programa de visitas a los barrios de la ciudad de Barcelona desde el a\u00f1o 2013, con el fin de conocer de primera mano la realidad de [&hellip;]<\/p>\n","protected":false},"author":2,"featured_media":5331,"comment_status":"closed","ping_status":"open","sticky":false,"template":"","format":"standard","meta":{"_acf_changed":false,"footnotes":""},"tags":[],"drets":[],"class_list":["post-11248","post","type-post","status-publish","format-standard","has-post-thumbnail","hentry"],"acf":[],"yoast_head":"<!-- This site is optimized with the Yoast SEO plugin v27.5 - https:\/\/yoast.com\/product\/yoast-seo-wordpress\/ -->\n<title>La s\u00edndica de Greuges de Barcelona visita el barrio de la Verneda Alta y capta las preocupaciones y las demandas del vecindario - Sindicatura de Greuges de Barcelona<\/title>\n<meta name=\"robots\" content=\"index, follow, max-snippet:-1, max-image-preview:large, max-video-preview:-1\" \/>\n<link rel=\"canonical\" href=\"https:\/\/www.sindicaturabarcelona.cat\/es\/la-sindica-de-greuges-de-barcelona-visita-el-barrio-de-la-verneda-alta-y-capta-las-preocupaciones-y-las-demandas-del-vecindario\/\" \/>\n<meta property=\"og:locale\" content=\"es_ES\" \/>\n<meta property=\"og:type\" content=\"article\" \/>\n<meta property=\"og:title\" content=\"La s\u00edndica de Greuges de Barcelona visita el barrio de la Verneda Alta y capta las preocupaciones y las demandas del vecindario - Sindicatura de Greuges de Barcelona\" \/>\n<meta property=\"og:description\" content=\"La defensora desarrolla el Programa de visitas a los barrios de la ciudad de Barcelona desde el a\u00f1o 2013, con el fin de conocer de primera mano la realidad de [&hellip;]\" \/>\n<meta property=\"og:url\" content=\"https:\/\/www.sindicaturabarcelona.cat\/es\/la-sindica-de-greuges-de-barcelona-visita-el-barrio-de-la-verneda-alta-y-capta-las-preocupaciones-y-las-demandas-del-vecindario\/\" \/>\n<meta property=\"og:site_name\" content=\"Sindicatura de Greuges de Barcelona\" \/>\n<meta property=\"article:published_time\" content=\"2019-09-30T22:00:00+00:00\" \/>\n<meta property=\"article:modified_time\" content=\"2021-04-12T06:30:27+00:00\" \/>\n<meta property=\"og:image\" content=\"https:\/\/www.sindicaturabarcelona.cat\/wp-content\/uploads\/2020\/08\/img_981571229939-scaled.jpg\" \/>\n\t<meta property=\"og:image:width\" content=\"2560\" \/>\n\t<meta property=\"og:image:height\" content=\"1920\" \/>\n\t<meta property=\"og:image:type\" content=\"image\/jpeg\" \/>\n<meta name=\"author\" content=\"Pablo\" \/>\n<meta name=\"twitter:card\" content=\"summary_large_image\" \/>\n<meta name=\"twitter:creator\" content=\"@sindicbarcelona\" \/>\n<meta name=\"twitter:site\" content=\"@sindicbarcelona\" \/>\n<meta name=\"twitter:label1\" content=\"Escrito por\" \/>\n\t<meta name=\"twitter:data1\" content=\"Pablo\" \/>\n<script type=\"application\/ld+json\" class=\"yoast-schema-graph\">{\"@context\":\"https:\\\/\\\/schema.org\",\"@graph\":[{\"@type\":\"Article\",\"@id\":\"https:\\\/\\\/www.sindicaturabarcelona.cat\\\/es\\\/la-sindica-de-greuges-de-barcelona-visita-el-barrio-de-la-verneda-alta-y-capta-las-preocupaciones-y-las-demandas-del-vecindario\\\/#article\",\"isPartOf\":{\"@id\":\"https:\\\/\\\/www.sindicaturabarcelona.cat\\\/es\\\/la-sindica-de-greuges-de-barcelona-visita-el-barrio-de-la-verneda-alta-y-capta-las-preocupaciones-y-las-demandas-del-vecindario\\\/\"},\"author\":{\"name\":\"Pablo\",\"@id\":\"https:\\\/\\\/www.sindicaturabarcelona.cat\\\/es\\\/#\\\/schema\\\/person\\\/0e5acffc350ffdbc97578159322c9452\"},\"headline\":\"La s\u00edndica de Greuges de Barcelona visita el barrio de la Verneda Alta y capta las preocupaciones y las demandas del vecindario\",\"datePublished\":\"2019-09-30T22:00:00+00:00\",\"dateModified\":\"2021-04-12T06:30:27+00:00\",\"mainEntityOfPage\":{\"@id\":\"https:\\\/\\\/www.sindicaturabarcelona.cat\\\/es\\\/la-sindica-de-greuges-de-barcelona-visita-el-barrio-de-la-verneda-alta-y-capta-las-preocupaciones-y-las-demandas-del-vecindario\\\/\"},\"wordCount\":71,\"publisher\":{\"@id\":\"https:\\\/\\\/www.sindicaturabarcelona.cat\\\/es\\\/#organization\"},\"image\":{\"@id\":\"https:\\\/\\\/www.sindicaturabarcelona.cat\\\/es\\\/la-sindica-de-greuges-de-barcelona-visita-el-barrio-de-la-verneda-alta-y-capta-las-preocupaciones-y-las-demandas-del-vecindario\\\/#primaryimage\"},\"thumbnailUrl\":\"https:\\\/\\\/www.sindicaturabarcelona.cat\\\/wp-content\\\/uploads\\\/2020\\\/08\\\/img_981571229939-scaled.jpg\",\"articleSection\":[\"Accesibilidad\",\"Atencion comunicaci\u00f3n y participacion\",\"Buen gobierno\",\"Educaci\u00f3n, deporte y cultura\",\"Espacio p\u00fablico\",\"Funci\u00f3n p\u00fablica\",\"Hacienda municipal\",\"Licencias y actividades\",\"Medio ambiente y salud p\u00fablica\",\"Movilidad\",\"Salud\",\"Seguridad y convivencia\",\"Servicios sociales\",\"Visitas a los barrios\",\"Vivienda y urbanismo\"],\"inLanguage\":\"es\"},{\"@type\":\"WebPage\",\"@id\":\"https:\\\/\\\/www.sindicaturabarcelona.cat\\\/es\\\/la-sindica-de-greuges-de-barcelona-visita-el-barrio-de-la-verneda-alta-y-capta-las-preocupaciones-y-las-demandas-del-vecindario\\\/\",\"url\":\"https:\\\/\\\/www.sindicaturabarcelona.cat\\\/es\\\/la-sindica-de-greuges-de-barcelona-visita-el-barrio-de-la-verneda-alta-y-capta-las-preocupaciones-y-las-demandas-del-vecindario\\\/\",\"name\":\"La s\u00edndica de Greuges de Barcelona visita el barrio de la Verneda Alta y capta las preocupaciones y las demandas del vecindario - Sindicatura de Greuges de Barcelona\",\"isPartOf\":{\"@id\":\"https:\\\/\\\/www.sindicaturabarcelona.cat\\\/es\\\/#website\"},\"primaryImageOfPage\":{\"@id\":\"https:\\\/\\\/www.sindicaturabarcelona.cat\\\/es\\\/la-sindica-de-greuges-de-barcelona-visita-el-barrio-de-la-verneda-alta-y-capta-las-preocupaciones-y-las-demandas-del-vecindario\\\/#primaryimage\"},\"image\":{\"@id\":\"https:\\\/\\\/www.sindicaturabarcelona.cat\\\/es\\\/la-sindica-de-greuges-de-barcelona-visita-el-barrio-de-la-verneda-alta-y-capta-las-preocupaciones-y-las-demandas-del-vecindario\\\/#primaryimage\"},\"thumbnailUrl\":\"https:\\\/\\\/www.sindicaturabarcelona.cat\\\/wp-content\\\/uploads\\\/2020\\\/08\\\/img_981571229939-scaled.jpg\",\"datePublished\":\"2019-09-30T22:00:00+00:00\",\"dateModified\":\"2021-04-12T06:30:27+00:00\",\"breadcrumb\":{\"@id\":\"https:\\\/\\\/www.sindicaturabarcelona.cat\\\/es\\\/la-sindica-de-greuges-de-barcelona-visita-el-barrio-de-la-verneda-alta-y-capta-las-preocupaciones-y-las-demandas-del-vecindario\\\/#breadcrumb\"},\"inLanguage\":\"es\",\"potentialAction\":[{\"@type\":\"ReadAction\",\"target\":[\"https:\\\/\\\/www.sindicaturabarcelona.cat\\\/es\\\/la-sindica-de-greuges-de-barcelona-visita-el-barrio-de-la-verneda-alta-y-capta-las-preocupaciones-y-las-demandas-del-vecindario\\\/\"]}]},{\"@type\":\"ImageObject\",\"inLanguage\":\"es\",\"@id\":\"https:\\\/\\\/www.sindicaturabarcelona.cat\\\/es\\\/la-sindica-de-greuges-de-barcelona-visita-el-barrio-de-la-verneda-alta-y-capta-las-preocupaciones-y-las-demandas-del-vecindario\\\/#primaryimage\",\"url\":\"https:\\\/\\\/www.sindicaturabarcelona.cat\\\/wp-content\\\/uploads\\\/2020\\\/08\\\/img_981571229939-scaled.jpg\",\"contentUrl\":\"https:\\\/\\\/www.sindicaturabarcelona.cat\\\/wp-content\\\/uploads\\\/2020\\\/08\\\/img_981571229939-scaled.jpg\",\"width\":2560,\"height\":1920},{\"@type\":\"BreadcrumbList\",\"@id\":\"https:\\\/\\\/www.sindicaturabarcelona.cat\\\/es\\\/la-sindica-de-greuges-de-barcelona-visita-el-barrio-de-la-verneda-alta-y-capta-las-preocupaciones-y-las-demandas-del-vecindario\\\/#breadcrumb\",\"itemListElement\":[{\"@type\":\"ListItem\",\"position\":1,\"name\":\"Inici\",\"item\":\"https:\\\/\\\/www.sindicaturabarcelona.cat\\\/es\\\/\"},{\"@type\":\"ListItem\",\"position\":2,\"name\":\"La s\u00edndica de Greuges de Barcelona visita el barrio de la Verneda Alta y capta las preocupaciones y las demandas del vecindario\"}]},{\"@type\":\"WebSite\",\"@id\":\"https:\\\/\\\/www.sindicaturabarcelona.cat\\\/es\\\/#website\",\"url\":\"https:\\\/\\\/www.sindicaturabarcelona.cat\\\/es\\\/\",\"name\":\"Sindicatura de Greuges de Barcelona\",\"description\":\"La defensoria dels teus drets\",\"publisher\":{\"@id\":\"https:\\\/\\\/www.sindicaturabarcelona.cat\\\/es\\\/#organization\"},\"potentialAction\":[{\"@type\":\"SearchAction\",\"target\":{\"@type\":\"EntryPoint\",\"urlTemplate\":\"https:\\\/\\\/www.sindicaturabarcelona.cat\\\/es\\\/?s={search_term_string}\"},\"query-input\":{\"@type\":\"PropertyValueSpecification\",\"valueRequired\":true,\"valueName\":\"search_term_string\"}}],\"inLanguage\":\"es\"},{\"@type\":\"Organization\",\"@id\":\"https:\\\/\\\/www.sindicaturabarcelona.cat\\\/es\\\/#organization\",\"name\":\"Sindicatura de Greuges de Barcelona\",\"url\":\"https:\\\/\\\/www.sindicaturabarcelona.cat\\\/es\\\/\",\"logo\":{\"@type\":\"ImageObject\",\"inLanguage\":\"es\",\"@id\":\"https:\\\/\\\/www.sindicaturabarcelona.cat\\\/es\\\/#\\\/schema\\\/logo\\\/image\\\/\",\"url\":\"https:\\\/\\\/www.sindicaturabarcelona.cat\\\/wp-content\\\/uploads\\\/2023\\\/02\\\/logo_sindicatura.svg\",\"contentUrl\":\"https:\\\/\\\/www.sindicaturabarcelona.cat\\\/wp-content\\\/uploads\\\/2023\\\/02\\\/logo_sindicatura.svg\",\"caption\":\"Sindicatura de Greuges de Barcelona\"},\"image\":{\"@id\":\"https:\\\/\\\/www.sindicaturabarcelona.cat\\\/es\\\/#\\\/schema\\\/logo\\\/image\\\/\"},\"sameAs\":[\"https:\\\/\\\/x.com\\\/sindicbarcelona\",\"https:\\\/\\\/www.instagram.com\\\/sindicbarcelona\\\/\",\"https:\\\/\\\/www.tiktok.com\\\/@sindicaturabcn\",\"https:\\\/\\\/t.me\\\/sindicaturabarcelona\"]},{\"@type\":\"Person\",\"@id\":\"https:\\\/\\\/www.sindicaturabarcelona.cat\\\/es\\\/#\\\/schema\\\/person\\\/0e5acffc350ffdbc97578159322c9452\",\"name\":\"Pablo\",\"image\":{\"@type\":\"ImageObject\",\"inLanguage\":\"es\",\"@id\":\"https:\\\/\\\/secure.gravatar.com\\\/avatar\\\/c948169b402ef9492afde705c3dfd5e90e1a6a84ef6840a91124f805a25a480f?s=96&d=mm&r=g\",\"url\":\"https:\\\/\\\/secure.gravatar.com\\\/avatar\\\/c948169b402ef9492afde705c3dfd5e90e1a6a84ef6840a91124f805a25a480f?s=96&d=mm&r=g\",\"contentUrl\":\"https:\\\/\\\/secure.gravatar.com\\\/avatar\\\/c948169b402ef9492afde705c3dfd5e90e1a6a84ef6840a91124f805a25a480f?s=96&d=mm&r=g\",\"caption\":\"Pablo\"},\"url\":\"https:\\\/\\\/www.sindicaturabarcelona.cat\\\/es\\\/author\\\/pablo\\\/\"}]}<\/script>\n<!-- \/ Yoast SEO plugin. -->","yoast_head_json":{"title":"La s\u00edndica de Greuges de Barcelona visita el barrio de la Verneda Alta y capta las preocupaciones y las demandas del vecindario - Sindicatura de Greuges de Barcelona","robots":{"index":"index","follow":"follow","max-snippet":"max-snippet:-1","max-image-preview":"max-image-preview:large","max-video-preview":"max-video-preview:-1"},"canonical":"https:\/\/www.sindicaturabarcelona.cat\/es\/la-sindica-de-greuges-de-barcelona-visita-el-barrio-de-la-verneda-alta-y-capta-las-preocupaciones-y-las-demandas-del-vecindario\/","og_locale":"es_ES","og_type":"article","og_title":"La s\u00edndica de Greuges de Barcelona visita el barrio de la Verneda Alta y capta las preocupaciones y las demandas del vecindario - Sindicatura de Greuges de Barcelona","og_description":"La defensora desarrolla el Programa de visitas a los barrios de la ciudad de Barcelona desde el a\u00f1o 2013, con el fin de conocer de primera mano la realidad de [&hellip;]","og_url":"https:\/\/www.sindicaturabarcelona.cat\/es\/la-sindica-de-greuges-de-barcelona-visita-el-barrio-de-la-verneda-alta-y-capta-las-preocupaciones-y-las-demandas-del-vecindario\/","og_site_name":"Sindicatura de Greuges de Barcelona","article_published_time":"2019-09-30T22:00:00+00:00","article_modified_time":"2021-04-12T06:30:27+00:00","og_image":[{"width":2560,"height":1920,"url":"https:\/\/www.sindicaturabarcelona.cat\/wp-content\/uploads\/2020\/08\/img_981571229939-scaled.jpg","type":"image\/jpeg"}],"author":"Pablo","twitter_card":"summary_large_image","twitter_creator":"@sindicbarcelona","twitter_site":"@sindicbarcelona","twitter_misc":{"Escrito por":"Pablo"},"schema":{"@context":"https:\/\/schema.org","@graph":[{"@type":"Article","@id":"https:\/\/www.sindicaturabarcelona.cat\/es\/la-sindica-de-greuges-de-barcelona-visita-el-barrio-de-la-verneda-alta-y-capta-las-preocupaciones-y-las-demandas-del-vecindario\/#article","isPartOf":{"@id":"https:\/\/www.sindicaturabarcelona.cat\/es\/la-sindica-de-greuges-de-barcelona-visita-el-barrio-de-la-verneda-alta-y-capta-las-preocupaciones-y-las-demandas-del-vecindario\/"},"author":{"name":"Pablo","@id":"https:\/\/www.sindicaturabarcelona.cat\/es\/#\/schema\/person\/0e5acffc350ffdbc97578159322c9452"},"headline":"La s\u00edndica de Greuges de Barcelona visita el barrio de la Verneda Alta y capta las preocupaciones y las demandas del vecindario","datePublished":"2019-09-30T22:00:00+00:00","dateModified":"2021-04-12T06:30:27+00:00","mainEntityOfPage":{"@id":"https:\/\/www.sindicaturabarcelona.cat\/es\/la-sindica-de-greuges-de-barcelona-visita-el-barrio-de-la-verneda-alta-y-capta-las-preocupaciones-y-las-demandas-del-vecindario\/"},"wordCount":71,"publisher":{"@id":"https:\/\/www.sindicaturabarcelona.cat\/es\/#organization"},"image":{"@id":"https:\/\/www.sindicaturabarcelona.cat\/es\/la-sindica-de-greuges-de-barcelona-visita-el-barrio-de-la-verneda-alta-y-capta-las-preocupaciones-y-las-demandas-del-vecindario\/#primaryimage"},"thumbnailUrl":"https:\/\/www.sindicaturabarcelona.cat\/wp-content\/uploads\/2020\/08\/img_981571229939-scaled.jpg","articleSection":["Accesibilidad","Atencion comunicaci\u00f3n y participacion","Buen gobierno","Educaci\u00f3n, deporte y cultura","Espacio p\u00fablico","Funci\u00f3n p\u00fablica","Hacienda municipal","Licencias y actividades","Medio ambiente y salud p\u00fablica","Movilidad","Salud","Seguridad y convivencia","Servicios sociales","Visitas a los barrios","Vivienda y urbanismo"],"inLanguage":"es"},{"@type":"WebPage","@id":"https:\/\/www.sindicaturabarcelona.cat\/es\/la-sindica-de-greuges-de-barcelona-visita-el-barrio-de-la-verneda-alta-y-capta-las-preocupaciones-y-las-demandas-del-vecindario\/","url":"https:\/\/www.sindicaturabarcelona.cat\/es\/la-sindica-de-greuges-de-barcelona-visita-el-barrio-de-la-verneda-alta-y-capta-las-preocupaciones-y-las-demandas-del-vecindario\/","name":"La s\u00edndica de Greuges de Barcelona visita el barrio de la Verneda Alta y capta las preocupaciones y las demandas del vecindario - Sindicatura de Greuges de Barcelona","isPartOf":{"@id":"https:\/\/www.sindicaturabarcelona.cat\/es\/#website"},"primaryImageOfPage":{"@id":"https:\/\/www.sindicaturabarcelona.cat\/es\/la-sindica-de-greuges-de-barcelona-visita-el-barrio-de-la-verneda-alta-y-capta-las-preocupaciones-y-las-demandas-del-vecindario\/#primaryimage"},"image":{"@id":"https:\/\/www.sindicaturabarcelona.cat\/es\/la-sindica-de-greuges-de-barcelona-visita-el-barrio-de-la-verneda-alta-y-capta-las-preocupaciones-y-las-demandas-del-vecindario\/#primaryimage"},"thumbnailUrl":"https:\/\/www.sindicaturabarcelona.cat\/wp-content\/uploads\/2020\/08\/img_981571229939-scaled.jpg","datePublished":"2019-09-30T22:00:00+00:00","dateModified":"2021-04-12T06:30:27+00:00","breadcrumb":{"@id":"https:\/\/www.sindicaturabarcelona.cat\/es\/la-sindica-de-greuges-de-barcelona-visita-el-barrio-de-la-verneda-alta-y-capta-las-preocupaciones-y-las-demandas-del-vecindario\/#breadcrumb"},"inLanguage":"es","potentialAction":[{"@type":"ReadAction","target":["https:\/\/www.sindicaturabarcelona.cat\/es\/la-sindica-de-greuges-de-barcelona-visita-el-barrio-de-la-verneda-alta-y-capta-las-preocupaciones-y-las-demandas-del-vecindario\/"]}]},{"@type":"ImageObject","inLanguage":"es","@id":"https:\/\/www.sindicaturabarcelona.cat\/es\/la-sindica-de-greuges-de-barcelona-visita-el-barrio-de-la-verneda-alta-y-capta-las-preocupaciones-y-las-demandas-del-vecindario\/#primaryimage","url":"https:\/\/www.sindicaturabarcelona.cat\/wp-content\/uploads\/2020\/08\/img_981571229939-scaled.jpg","contentUrl":"https:\/\/www.sindicaturabarcelona.cat\/wp-content\/uploads\/2020\/08\/img_981571229939-scaled.jpg","width":2560,"height":1920},{"@type":"BreadcrumbList","@id":"https:\/\/www.sindicaturabarcelona.cat\/es\/la-sindica-de-greuges-de-barcelona-visita-el-barrio-de-la-verneda-alta-y-capta-las-preocupaciones-y-las-demandas-del-vecindario\/#breadcrumb","itemListElement":[{"@type":"ListItem","position":1,"name":"Inici","item":"https:\/\/www.sindicaturabarcelona.cat\/es\/"},{"@type":"ListItem","position":2,"name":"La s\u00edndica de Greuges de Barcelona visita el barrio de la Verneda Alta y capta las preocupaciones y las demandas del vecindario"}]},{"@type":"WebSite","@id":"https:\/\/www.sindicaturabarcelona.cat\/es\/#website","url":"https:\/\/www.sindicaturabarcelona.cat\/es\/","name":"Sindicatura de Greuges de Barcelona","description":"La defensoria dels teus drets","publisher":{"@id":"https:\/\/www.sindicaturabarcelona.cat\/es\/#organization"},"potentialAction":[{"@type":"SearchAction","target":{"@type":"EntryPoint","urlTemplate":"https:\/\/www.sindicaturabarcelona.cat\/es\/?s={search_term_string}"},"query-input":{"@type":"PropertyValueSpecification","valueRequired":true,"valueName":"search_term_string"}}],"inLanguage":"es"},{"@type":"Organization","@id":"https:\/\/www.sindicaturabarcelona.cat\/es\/#organization","name":"Sindicatura de Greuges de Barcelona","url":"https:\/\/www.sindicaturabarcelona.cat\/es\/","logo":{"@type":"ImageObject","inLanguage":"es","@id":"https:\/\/www.sindicaturabarcelona.cat\/es\/#\/schema\/logo\/image\/","url":"https:\/\/www.sindicaturabarcelona.cat\/wp-content\/uploads\/2023\/02\/logo_sindicatura.svg","contentUrl":"https:\/\/www.sindicaturabarcelona.cat\/wp-content\/uploads\/2023\/02\/logo_sindicatura.svg","caption":"Sindicatura de Greuges de Barcelona"},"image":{"@id":"https:\/\/www.sindicaturabarcelona.cat\/es\/#\/schema\/logo\/image\/"},"sameAs":["https:\/\/x.com\/sindicbarcelona","https:\/\/www.instagram.com\/sindicbarcelona\/","https:\/\/www.tiktok.com\/@sindicaturabcn","https:\/\/t.me\/sindicaturabarcelona"]},{"@type":"Person","@id":"https:\/\/www.sindicaturabarcelona.cat\/es\/#\/schema\/person\/0e5acffc350ffdbc97578159322c9452","name":"Pablo","image":{"@type":"ImageObject","inLanguage":"es","@id":"https:\/\/secure.gravatar.com\/avatar\/c948169b402ef9492afde705c3dfd5e90e1a6a84ef6840a91124f805a25a480f?s=96&d=mm&r=g","url":"https:\/\/secure.gravatar.com\/avatar\/c948169b402ef9492afde705c3dfd5e90e1a6a84ef6840a91124f805a25a480f?s=96&d=mm&r=g","contentUrl":"https:\/\/secure.gravatar.com\/avatar\/c948169b402ef9492afde705c3dfd5e90e1a6a84ef6840a91124f805a25a480f?s=96&d=mm&r=g","caption":"Pablo"},"url":"https:\/\/www.sindicaturabarcelona.cat\/es\/author\/pablo\/"}]}},"_links":{"self":[{"href":"https:\/\/www.sindicaturabarcelona.cat\/es\/wp-json\/wp\/v2\/posts\/11248","targetHints":{"allow":["GET"]}}],"collection":[{"href":"https:\/\/www.sindicaturabarcelona.cat\/es\/wp-json\/wp\/v2\/posts"}],"about":[{"href":"https:\/\/www.sindicaturabarcelona.cat\/es\/wp-json\/wp\/v2\/types\/post"}],"author":[{"embeddable":true,"href":"https:\/\/www.sindicaturabarcelona.cat\/es\/wp-json\/wp\/v2\/users\/2"}],"replies":[{"embeddable":true,"href":"https:\/\/www.sindicaturabarcelona.cat\/es\/wp-json\/wp\/v2\/comments?post=11248"}],"version-history":[{"count":0,"href":"https:\/\/www.sindicaturabarcelona.cat\/es\/wp-json\/wp\/v2\/posts\/11248\/revisions"}],"wp:featuredmedia":[{"embeddable":true,"href":"https:\/\/www.sindicaturabarcelona.cat\/es\/wp-json\/wp\/v2\/media\/5331"}],"wp:attachment":[{"href":"https:\/\/www.sindicaturabarcelona.cat\/es\/wp-json\/wp\/v2\/media?parent=11248"}],"wp:term":[{"taxonomy":"post_tag","embeddable":true,"href":"https:\/\/www.sindicaturabarcelona.cat\/es\/wp-json\/wp\/v2\/tags?post=11248"},{"taxonomy":"drets","embeddable":true,"href":"https:\/\/www.sindicaturabarcelona.cat\/es\/wp-json\/wp\/v2\/drets?post=11248"}],"curies":[{"name":"wp","href":"https:\/\/api.w.org\/{rel}","templated":true}]}}