{"id":11099,"date":"2018-10-01T00:00:00","date_gmt":"2018-09-30T22:00:00","guid":{"rendered":"http:\/\/minimalweb.tech\/sindica\/2018\/10\/01\/es-necesario-redefinir-los-usos-y-el-diseno-de-un-interior-de-manzana-que-genera-molestias-en-el-vecindario-de-una-finca-de-la-calle-calabria\/"},"modified":"2018-10-01T00:00:00","modified_gmt":"2018-09-30T22:00:00","slug":"es-necesario-redefinir-los-usos-y-el-diseno-de-un-interior-de-manzana-que-genera-molestias-en-el-vecindario-de-una-finca-de-la-calle-calabria","status":"publish","type":"post","link":"https:\/\/www.sindicaturabarcelona.cat\/es\/es-necesario-redefinir-los-usos-y-el-diseno-de-un-interior-de-manzana-que-genera-molestias-en-el-vecindario-de-una-finca-de-la-calle-calabria\/","title":{"rendered":"Es necesario redefinir los usos y el dise\u00f1o de un interior de manzana que genera molestias en el vecindario de una finca de la calle Calabria"},"content":{"rendered":"<p>La s\u00edndica ha estimado la queja de un ciudadano porque se ha podido constatar que ante el uso inapropiado que se estaba dando en el interior de manzana, el Ayuntamiento no ha implementado medidas efectivas para solucionar la problem\u00e1tica. Vil\u00e0 ha recomendado al Distrito del Eixample que valore la posibilidad de definir nuevos usos y la modificaci\u00f3n del dise\u00f1o del espacio.<\/p>\n<p class=noti_nota><a href=\"https:\/\/www.sindicaturabarcelona.cat\/src\/pdf\/nota_861539693516.pdf\" target=\"_blank\" rel=\"noopener noreferrer\">Nota de prensa<\/a><\/p>\n","protected":false},"excerpt":{"rendered":"<p>La s\u00edndica ha estimado la queja de un ciudadano porque se ha podido constatar que ante el uso inapropiado que se estaba dando en el interior de manzana, el Ayuntamiento [&hellip;]<\/p>\n","protected":false},"author":2,"featured_media":5034,"comment_status":"","ping_status":"open","sticky":false,"template":"","format":"standard","meta":{"_acf_changed":false,"footnotes":""},"tags":[],"drets":[],"class_list":["post-11099","post","type-post","status-publish","format-standard","has-post-thumbnail","hentry"],"acf":[],"yoast_head":"<!-- This site is optimized with the Yoast SEO plugin v27.5 - https:\/\/yoast.com\/product\/yoast-seo-wordpress\/ -->\n<title>Es necesario redefinir los usos y el dise\u00f1o de un interior de manzana que genera molestias en el vecindario de una finca de la calle Calabria - Sindicatura de Greuges de Barcelona<\/title>\n<meta name=\"robots\" content=\"index, follow, max-snippet:-1, max-image-preview:large, max-video-preview:-1\" \/>\n<link rel=\"canonical\" href=\"https:\/\/www.sindicaturabarcelona.cat\/es\/es-necesario-redefinir-los-usos-y-el-diseno-de-un-interior-de-manzana-que-genera-molestias-en-el-vecindario-de-una-finca-de-la-calle-calabria\/\" \/>\n<meta property=\"og:locale\" content=\"es_ES\" \/>\n<meta property=\"og:type\" content=\"article\" \/>\n<meta property=\"og:title\" content=\"Es necesario redefinir los usos y el dise\u00f1o de un interior de manzana que genera molestias en el vecindario de una finca de la calle Calabria - Sindicatura de Greuges de Barcelona\" \/>\n<meta property=\"og:description\" content=\"La s\u00edndica ha estimado la queja de un ciudadano porque se ha podido constatar que ante el uso inapropiado que se estaba dando en el interior de manzana, el Ayuntamiento [&hellip;]\" \/>\n<meta property=\"og:url\" content=\"https:\/\/www.sindicaturabarcelona.cat\/es\/es-necesario-redefinir-los-usos-y-el-diseno-de-un-interior-de-manzana-que-genera-molestias-en-el-vecindario-de-una-finca-de-la-calle-calabria\/\" \/>\n<meta property=\"og:site_name\" content=\"Sindicatura de Greuges de Barcelona\" \/>\n<meta property=\"article:published_time\" content=\"2018-09-30T22:00:00+00:00\" \/>\n<meta property=\"og:image\" content=\"https:\/\/www.sindicaturabarcelona.cat\/wp-content\/uploads\/2020\/08\/img_911539693516.jpg\" \/>\n\t<meta property=\"og:image:width\" content=\"992\" \/>\n\t<meta property=\"og:image:height\" content=\"744\" \/>\n\t<meta property=\"og:image:type\" content=\"image\/jpeg\" \/>\n<meta name=\"author\" content=\"Pablo\" \/>\n<meta name=\"twitter:card\" content=\"summary_large_image\" \/>\n<meta name=\"twitter:creator\" content=\"@sindicbarcelona\" \/>\n<meta name=\"twitter:site\" content=\"@sindicbarcelona\" \/>\n<meta name=\"twitter:label1\" content=\"Escrito por\" \/>\n\t<meta name=\"twitter:data1\" content=\"Pablo\" \/>\n<script type=\"application\/ld+json\" class=\"yoast-schema-graph\">{\"@context\":\"https:\\\/\\\/schema.org\",\"@graph\":[{\"@type\":\"Article\",\"@id\":\"https:\\\/\\\/www.sindicaturabarcelona.cat\\\/es\\\/es-necesario-redefinir-los-usos-y-el-diseno-de-un-interior-de-manzana-que-genera-molestias-en-el-vecindario-de-una-finca-de-la-calle-calabria\\\/#article\",\"isPartOf\":{\"@id\":\"https:\\\/\\\/www.sindicaturabarcelona.cat\\\/es\\\/es-necesario-redefinir-los-usos-y-el-diseno-de-un-interior-de-manzana-que-genera-molestias-en-el-vecindario-de-una-finca-de-la-calle-calabria\\\/\"},\"author\":{\"name\":\"Pablo\",\"@id\":\"https:\\\/\\\/www.sindicaturabarcelona.cat\\\/es\\\/#\\\/schema\\\/person\\\/0e5acffc350ffdbc97578159322c9452\"},\"headline\":\"Es necesario redefinir los usos y el dise\u00f1o de un interior de manzana que genera molestias en el vecindario de una finca de la calle Calabria\",\"datePublished\":\"2018-09-30T22:00:00+00:00\",\"mainEntityOfPage\":{\"@id\":\"https:\\\/\\\/www.sindicaturabarcelona.cat\\\/es\\\/es-necesario-redefinir-los-usos-y-el-diseno-de-un-interior-de-manzana-que-genera-molestias-en-el-vecindario-de-una-finca-de-la-calle-calabria\\\/\"},\"wordCount\":95,\"publisher\":{\"@id\":\"https:\\\/\\\/www.sindicaturabarcelona.cat\\\/es\\\/#organization\"},\"image\":{\"@id\":\"https:\\\/\\\/www.sindicaturabarcelona.cat\\\/es\\\/es-necesario-redefinir-los-usos-y-el-diseno-de-un-interior-de-manzana-que-genera-molestias-en-el-vecindario-de-una-finca-de-la-calle-calabria\\\/#primaryimage\"},\"thumbnailUrl\":\"https:\\\/\\\/www.sindicaturabarcelona.cat\\\/wp-content\\\/uploads\\\/2020\\\/08\\\/img_911539693516.jpg\",\"articleSection\":[\"Seguridad y convivencia\"],\"inLanguage\":\"es\"},{\"@type\":\"WebPage\",\"@id\":\"https:\\\/\\\/www.sindicaturabarcelona.cat\\\/es\\\/es-necesario-redefinir-los-usos-y-el-diseno-de-un-interior-de-manzana-que-genera-molestias-en-el-vecindario-de-una-finca-de-la-calle-calabria\\\/\",\"url\":\"https:\\\/\\\/www.sindicaturabarcelona.cat\\\/es\\\/es-necesario-redefinir-los-usos-y-el-diseno-de-un-interior-de-manzana-que-genera-molestias-en-el-vecindario-de-una-finca-de-la-calle-calabria\\\/\",\"name\":\"Es necesario redefinir los usos y el dise\u00f1o de un interior de manzana que genera molestias en el vecindario de una finca de la calle Calabria - Sindicatura de Greuges de Barcelona\",\"isPartOf\":{\"@id\":\"https:\\\/\\\/www.sindicaturabarcelona.cat\\\/es\\\/#website\"},\"primaryImageOfPage\":{\"@id\":\"https:\\\/\\\/www.sindicaturabarcelona.cat\\\/es\\\/es-necesario-redefinir-los-usos-y-el-diseno-de-un-interior-de-manzana-que-genera-molestias-en-el-vecindario-de-una-finca-de-la-calle-calabria\\\/#primaryimage\"},\"image\":{\"@id\":\"https:\\\/\\\/www.sindicaturabarcelona.cat\\\/es\\\/es-necesario-redefinir-los-usos-y-el-diseno-de-un-interior-de-manzana-que-genera-molestias-en-el-vecindario-de-una-finca-de-la-calle-calabria\\\/#primaryimage\"},\"thumbnailUrl\":\"https:\\\/\\\/www.sindicaturabarcelona.cat\\\/wp-content\\\/uploads\\\/2020\\\/08\\\/img_911539693516.jpg\",\"datePublished\":\"2018-09-30T22:00:00+00:00\",\"breadcrumb\":{\"@id\":\"https:\\\/\\\/www.sindicaturabarcelona.cat\\\/es\\\/es-necesario-redefinir-los-usos-y-el-diseno-de-un-interior-de-manzana-que-genera-molestias-en-el-vecindario-de-una-finca-de-la-calle-calabria\\\/#breadcrumb\"},\"inLanguage\":\"es\",\"potentialAction\":[{\"@type\":\"ReadAction\",\"target\":[\"https:\\\/\\\/www.sindicaturabarcelona.cat\\\/es\\\/es-necesario-redefinir-los-usos-y-el-diseno-de-un-interior-de-manzana-que-genera-molestias-en-el-vecindario-de-una-finca-de-la-calle-calabria\\\/\"]}]},{\"@type\":\"ImageObject\",\"inLanguage\":\"es\",\"@id\":\"https:\\\/\\\/www.sindicaturabarcelona.cat\\\/es\\\/es-necesario-redefinir-los-usos-y-el-diseno-de-un-interior-de-manzana-que-genera-molestias-en-el-vecindario-de-una-finca-de-la-calle-calabria\\\/#primaryimage\",\"url\":\"https:\\\/\\\/www.sindicaturabarcelona.cat\\\/wp-content\\\/uploads\\\/2020\\\/08\\\/img_911539693516.jpg\",\"contentUrl\":\"https:\\\/\\\/www.sindicaturabarcelona.cat\\\/wp-content\\\/uploads\\\/2020\\\/08\\\/img_911539693516.jpg\",\"width\":992,\"height\":744},{\"@type\":\"BreadcrumbList\",\"@id\":\"https:\\\/\\\/www.sindicaturabarcelona.cat\\\/es\\\/es-necesario-redefinir-los-usos-y-el-diseno-de-un-interior-de-manzana-que-genera-molestias-en-el-vecindario-de-una-finca-de-la-calle-calabria\\\/#breadcrumb\",\"itemListElement\":[{\"@type\":\"ListItem\",\"position\":1,\"name\":\"Inici\",\"item\":\"https:\\\/\\\/www.sindicaturabarcelona.cat\\\/es\\\/\"},{\"@type\":\"ListItem\",\"position\":2,\"name\":\"Es necesario redefinir los usos y el dise\u00f1o de un interior de manzana que genera molestias en el vecindario de una finca de la calle Calabria\"}]},{\"@type\":\"WebSite\",\"@id\":\"https:\\\/\\\/www.sindicaturabarcelona.cat\\\/es\\\/#website\",\"url\":\"https:\\\/\\\/www.sindicaturabarcelona.cat\\\/es\\\/\",\"name\":\"Sindicatura de Greuges de Barcelona\",\"description\":\"La defensoria dels teus drets\",\"publisher\":{\"@id\":\"https:\\\/\\\/www.sindicaturabarcelona.cat\\\/es\\\/#organization\"},\"potentialAction\":[{\"@type\":\"SearchAction\",\"target\":{\"@type\":\"EntryPoint\",\"urlTemplate\":\"https:\\\/\\\/www.sindicaturabarcelona.cat\\\/es\\\/?s={search_term_string}\"},\"query-input\":{\"@type\":\"PropertyValueSpecification\",\"valueRequired\":true,\"valueName\":\"search_term_string\"}}],\"inLanguage\":\"es\"},{\"@type\":\"Organization\",\"@id\":\"https:\\\/\\\/www.sindicaturabarcelona.cat\\\/es\\\/#organization\",\"name\":\"Sindicatura de Greuges de Barcelona\",\"url\":\"https:\\\/\\\/www.sindicaturabarcelona.cat\\\/es\\\/\",\"logo\":{\"@type\":\"ImageObject\",\"inLanguage\":\"es\",\"@id\":\"https:\\\/\\\/www.sindicaturabarcelona.cat\\\/es\\\/#\\\/schema\\\/logo\\\/image\\\/\",\"url\":\"https:\\\/\\\/www.sindicaturabarcelona.cat\\\/wp-content\\\/uploads\\\/2023\\\/02\\\/logo_sindicatura.svg\",\"contentUrl\":\"https:\\\/\\\/www.sindicaturabarcelona.cat\\\/wp-content\\\/uploads\\\/2023\\\/02\\\/logo_sindicatura.svg\",\"caption\":\"Sindicatura de Greuges de Barcelona\"},\"image\":{\"@id\":\"https:\\\/\\\/www.sindicaturabarcelona.cat\\\/es\\\/#\\\/schema\\\/logo\\\/image\\\/\"},\"sameAs\":[\"https:\\\/\\\/x.com\\\/sindicbarcelona\",\"https:\\\/\\\/www.instagram.com\\\/sindicbarcelona\\\/\",\"https:\\\/\\\/www.tiktok.com\\\/@sindicaturabcn\",\"https:\\\/\\\/t.me\\\/sindicaturabarcelona\"]},{\"@type\":\"Person\",\"@id\":\"https:\\\/\\\/www.sindicaturabarcelona.cat\\\/es\\\/#\\\/schema\\\/person\\\/0e5acffc350ffdbc97578159322c9452\",\"name\":\"Pablo\",\"image\":{\"@type\":\"ImageObject\",\"inLanguage\":\"es\",\"@id\":\"https:\\\/\\\/secure.gravatar.com\\\/avatar\\\/c948169b402ef9492afde705c3dfd5e90e1a6a84ef6840a91124f805a25a480f?s=96&d=mm&r=g\",\"url\":\"https:\\\/\\\/secure.gravatar.com\\\/avatar\\\/c948169b402ef9492afde705c3dfd5e90e1a6a84ef6840a91124f805a25a480f?s=96&d=mm&r=g\",\"contentUrl\":\"https:\\\/\\\/secure.gravatar.com\\\/avatar\\\/c948169b402ef9492afde705c3dfd5e90e1a6a84ef6840a91124f805a25a480f?s=96&d=mm&r=g\",\"caption\":\"Pablo\"},\"url\":\"https:\\\/\\\/www.sindicaturabarcelona.cat\\\/es\\\/author\\\/pablo\\\/\"}]}<\/script>\n<!-- \/ Yoast SEO plugin. -->","yoast_head_json":{"title":"Es necesario redefinir los usos y el dise\u00f1o de un interior de manzana que genera molestias en el vecindario de una finca de la calle Calabria - Sindicatura de Greuges de Barcelona","robots":{"index":"index","follow":"follow","max-snippet":"max-snippet:-1","max-image-preview":"max-image-preview:large","max-video-preview":"max-video-preview:-1"},"canonical":"https:\/\/www.sindicaturabarcelona.cat\/es\/es-necesario-redefinir-los-usos-y-el-diseno-de-un-interior-de-manzana-que-genera-molestias-en-el-vecindario-de-una-finca-de-la-calle-calabria\/","og_locale":"es_ES","og_type":"article","og_title":"Es necesario redefinir los usos y el dise\u00f1o de un interior de manzana que genera molestias en el vecindario de una finca de la calle Calabria - Sindicatura de Greuges de Barcelona","og_description":"La s\u00edndica ha estimado la queja de un ciudadano porque se ha podido constatar que ante el uso inapropiado que se estaba dando en el interior de manzana, el Ayuntamiento [&hellip;]","og_url":"https:\/\/www.sindicaturabarcelona.cat\/es\/es-necesario-redefinir-los-usos-y-el-diseno-de-un-interior-de-manzana-que-genera-molestias-en-el-vecindario-de-una-finca-de-la-calle-calabria\/","og_site_name":"Sindicatura de Greuges de Barcelona","article_published_time":"2018-09-30T22:00:00+00:00","og_image":[{"width":992,"height":744,"url":"https:\/\/www.sindicaturabarcelona.cat\/wp-content\/uploads\/2020\/08\/img_911539693516.jpg","type":"image\/jpeg"}],"author":"Pablo","twitter_card":"summary_large_image","twitter_creator":"@sindicbarcelona","twitter_site":"@sindicbarcelona","twitter_misc":{"Escrito por":"Pablo"},"schema":{"@context":"https:\/\/schema.org","@graph":[{"@type":"Article","@id":"https:\/\/www.sindicaturabarcelona.cat\/es\/es-necesario-redefinir-los-usos-y-el-diseno-de-un-interior-de-manzana-que-genera-molestias-en-el-vecindario-de-una-finca-de-la-calle-calabria\/#article","isPartOf":{"@id":"https:\/\/www.sindicaturabarcelona.cat\/es\/es-necesario-redefinir-los-usos-y-el-diseno-de-un-interior-de-manzana-que-genera-molestias-en-el-vecindario-de-una-finca-de-la-calle-calabria\/"},"author":{"name":"Pablo","@id":"https:\/\/www.sindicaturabarcelona.cat\/es\/#\/schema\/person\/0e5acffc350ffdbc97578159322c9452"},"headline":"Es necesario redefinir los usos y el dise\u00f1o de un interior de manzana que genera molestias en el vecindario de una finca de la calle Calabria","datePublished":"2018-09-30T22:00:00+00:00","mainEntityOfPage":{"@id":"https:\/\/www.sindicaturabarcelona.cat\/es\/es-necesario-redefinir-los-usos-y-el-diseno-de-un-interior-de-manzana-que-genera-molestias-en-el-vecindario-de-una-finca-de-la-calle-calabria\/"},"wordCount":95,"publisher":{"@id":"https:\/\/www.sindicaturabarcelona.cat\/es\/#organization"},"image":{"@id":"https:\/\/www.sindicaturabarcelona.cat\/es\/es-necesario-redefinir-los-usos-y-el-diseno-de-un-interior-de-manzana-que-genera-molestias-en-el-vecindario-de-una-finca-de-la-calle-calabria\/#primaryimage"},"thumbnailUrl":"https:\/\/www.sindicaturabarcelona.cat\/wp-content\/uploads\/2020\/08\/img_911539693516.jpg","articleSection":["Seguridad y convivencia"],"inLanguage":"es"},{"@type":"WebPage","@id":"https:\/\/www.sindicaturabarcelona.cat\/es\/es-necesario-redefinir-los-usos-y-el-diseno-de-un-interior-de-manzana-que-genera-molestias-en-el-vecindario-de-una-finca-de-la-calle-calabria\/","url":"https:\/\/www.sindicaturabarcelona.cat\/es\/es-necesario-redefinir-los-usos-y-el-diseno-de-un-interior-de-manzana-que-genera-molestias-en-el-vecindario-de-una-finca-de-la-calle-calabria\/","name":"Es necesario redefinir los usos y el dise\u00f1o de un interior de manzana que genera molestias en el vecindario de una finca de la calle Calabria - Sindicatura de Greuges de Barcelona","isPartOf":{"@id":"https:\/\/www.sindicaturabarcelona.cat\/es\/#website"},"primaryImageOfPage":{"@id":"https:\/\/www.sindicaturabarcelona.cat\/es\/es-necesario-redefinir-los-usos-y-el-diseno-de-un-interior-de-manzana-que-genera-molestias-en-el-vecindario-de-una-finca-de-la-calle-calabria\/#primaryimage"},"image":{"@id":"https:\/\/www.sindicaturabarcelona.cat\/es\/es-necesario-redefinir-los-usos-y-el-diseno-de-un-interior-de-manzana-que-genera-molestias-en-el-vecindario-de-una-finca-de-la-calle-calabria\/#primaryimage"},"thumbnailUrl":"https:\/\/www.sindicaturabarcelona.cat\/wp-content\/uploads\/2020\/08\/img_911539693516.jpg","datePublished":"2018-09-30T22:00:00+00:00","breadcrumb":{"@id":"https:\/\/www.sindicaturabarcelona.cat\/es\/es-necesario-redefinir-los-usos-y-el-diseno-de-un-interior-de-manzana-que-genera-molestias-en-el-vecindario-de-una-finca-de-la-calle-calabria\/#breadcrumb"},"inLanguage":"es","potentialAction":[{"@type":"ReadAction","target":["https:\/\/www.sindicaturabarcelona.cat\/es\/es-necesario-redefinir-los-usos-y-el-diseno-de-un-interior-de-manzana-que-genera-molestias-en-el-vecindario-de-una-finca-de-la-calle-calabria\/"]}]},{"@type":"ImageObject","inLanguage":"es","@id":"https:\/\/www.sindicaturabarcelona.cat\/es\/es-necesario-redefinir-los-usos-y-el-diseno-de-un-interior-de-manzana-que-genera-molestias-en-el-vecindario-de-una-finca-de-la-calle-calabria\/#primaryimage","url":"https:\/\/www.sindicaturabarcelona.cat\/wp-content\/uploads\/2020\/08\/img_911539693516.jpg","contentUrl":"https:\/\/www.sindicaturabarcelona.cat\/wp-content\/uploads\/2020\/08\/img_911539693516.jpg","width":992,"height":744},{"@type":"BreadcrumbList","@id":"https:\/\/www.sindicaturabarcelona.cat\/es\/es-necesario-redefinir-los-usos-y-el-diseno-de-un-interior-de-manzana-que-genera-molestias-en-el-vecindario-de-una-finca-de-la-calle-calabria\/#breadcrumb","itemListElement":[{"@type":"ListItem","position":1,"name":"Inici","item":"https:\/\/www.sindicaturabarcelona.cat\/es\/"},{"@type":"ListItem","position":2,"name":"Es necesario redefinir los usos y el dise\u00f1o de un interior de manzana que genera molestias en el vecindario de una finca de la calle Calabria"}]},{"@type":"WebSite","@id":"https:\/\/www.sindicaturabarcelona.cat\/es\/#website","url":"https:\/\/www.sindicaturabarcelona.cat\/es\/","name":"Sindicatura de Greuges de Barcelona","description":"La defensoria dels teus drets","publisher":{"@id":"https:\/\/www.sindicaturabarcelona.cat\/es\/#organization"},"potentialAction":[{"@type":"SearchAction","target":{"@type":"EntryPoint","urlTemplate":"https:\/\/www.sindicaturabarcelona.cat\/es\/?s={search_term_string}"},"query-input":{"@type":"PropertyValueSpecification","valueRequired":true,"valueName":"search_term_string"}}],"inLanguage":"es"},{"@type":"Organization","@id":"https:\/\/www.sindicaturabarcelona.cat\/es\/#organization","name":"Sindicatura de Greuges de Barcelona","url":"https:\/\/www.sindicaturabarcelona.cat\/es\/","logo":{"@type":"ImageObject","inLanguage":"es","@id":"https:\/\/www.sindicaturabarcelona.cat\/es\/#\/schema\/logo\/image\/","url":"https:\/\/www.sindicaturabarcelona.cat\/wp-content\/uploads\/2023\/02\/logo_sindicatura.svg","contentUrl":"https:\/\/www.sindicaturabarcelona.cat\/wp-content\/uploads\/2023\/02\/logo_sindicatura.svg","caption":"Sindicatura de Greuges de Barcelona"},"image":{"@id":"https:\/\/www.sindicaturabarcelona.cat\/es\/#\/schema\/logo\/image\/"},"sameAs":["https:\/\/x.com\/sindicbarcelona","https:\/\/www.instagram.com\/sindicbarcelona\/","https:\/\/www.tiktok.com\/@sindicaturabcn","https:\/\/t.me\/sindicaturabarcelona"]},{"@type":"Person","@id":"https:\/\/www.sindicaturabarcelona.cat\/es\/#\/schema\/person\/0e5acffc350ffdbc97578159322c9452","name":"Pablo","image":{"@type":"ImageObject","inLanguage":"es","@id":"https:\/\/secure.gravatar.com\/avatar\/c948169b402ef9492afde705c3dfd5e90e1a6a84ef6840a91124f805a25a480f?s=96&d=mm&r=g","url":"https:\/\/secure.gravatar.com\/avatar\/c948169b402ef9492afde705c3dfd5e90e1a6a84ef6840a91124f805a25a480f?s=96&d=mm&r=g","contentUrl":"https:\/\/secure.gravatar.com\/avatar\/c948169b402ef9492afde705c3dfd5e90e1a6a84ef6840a91124f805a25a480f?s=96&d=mm&r=g","caption":"Pablo"},"url":"https:\/\/www.sindicaturabarcelona.cat\/es\/author\/pablo\/"}]}},"_links":{"self":[{"href":"https:\/\/www.sindicaturabarcelona.cat\/es\/wp-json\/wp\/v2\/posts\/11099","targetHints":{"allow":["GET"]}}],"collection":[{"href":"https:\/\/www.sindicaturabarcelona.cat\/es\/wp-json\/wp\/v2\/posts"}],"about":[{"href":"https:\/\/www.sindicaturabarcelona.cat\/es\/wp-json\/wp\/v2\/types\/post"}],"author":[{"embeddable":true,"href":"https:\/\/www.sindicaturabarcelona.cat\/es\/wp-json\/wp\/v2\/users\/2"}],"replies":[{"embeddable":true,"href":"https:\/\/www.sindicaturabarcelona.cat\/es\/wp-json\/wp\/v2\/comments?post=11099"}],"version-history":[{"count":0,"href":"https:\/\/www.sindicaturabarcelona.cat\/es\/wp-json\/wp\/v2\/posts\/11099\/revisions"}],"wp:featuredmedia":[{"embeddable":true,"href":"https:\/\/www.sindicaturabarcelona.cat\/es\/wp-json\/wp\/v2\/media\/5034"}],"wp:attachment":[{"href":"https:\/\/www.sindicaturabarcelona.cat\/es\/wp-json\/wp\/v2\/media?parent=11099"}],"wp:term":[{"taxonomy":"post_tag","embeddable":true,"href":"https:\/\/www.sindicaturabarcelona.cat\/es\/wp-json\/wp\/v2\/tags?post=11099"},{"taxonomy":"drets","embeddable":true,"href":"https:\/\/www.sindicaturabarcelona.cat\/es\/wp-json\/wp\/v2\/drets?post=11099"}],"curies":[{"name":"wp","href":"https:\/\/api.w.org\/{rel}","templated":true}]}}