{"id":11088,"date":"2018-09-01T00:00:00","date_gmt":"2018-08-31T22:00:00","guid":{"rendered":"http:\/\/minimalweb.tech\/sindica\/2018\/09\/01\/una-queja-ciudadana-firmada-por-38-personas-muestra-la-preocupacion-del-vecindario-de-la-calle-marques-de-campo-sagrado\/"},"modified":"2020-11-30T12:16:47","modified_gmt":"2020-11-30T10:16:47","slug":"una-queja-ciudadana-firmada-por-38-personas-muestra-la-preocupacion-del-vecindario-de-la-calle-marques-de-campo-sagrado","status":"publish","type":"post","link":"https:\/\/www.sindicaturabarcelona.cat\/es\/una-queja-ciudadana-firmada-por-38-personas-muestra-la-preocupacion-del-vecindario-de-la-calle-marques-de-campo-sagrado\/","title":{"rendered":"Una queja ciudadana firmada por 38 personas muestra la preocupaci\u00f3n del vecindario de la calle Marqu\u00e9s de Campo Sagrado"},"content":{"rendered":"<p>Seg\u00fan el vecindario, la estancia de un grupo de personas sintecho en el cruce entre Marqu\u00e9s de Campo Sagrado y Ronda Sant Pau genera problemas de higiene y convivencia.<br \/>\nLa Sindicatura de Greuges de Barcelona tiene constancia que el Distrito del Eixample est\u00e1 abordando la situaci\u00f3n y ya ha introducido algunas modificaciones.<\/p>\n<p class=noti_nota><a href=\"https:\/\/www.sindicaturabarcelona.cat\/src\/pdf\/nota_551537528478.pdf\" target=\"_blank\" rel=\"noopener noreferrer\">Nota de prensa<\/a><\/p>\n","protected":false},"excerpt":{"rendered":"<p>Seg\u00fan el vecindario, la estancia de un grupo de personas sintecho en el cruce entre Marqu\u00e9s de Campo Sagrado y Ronda Sant Pau genera problemas de higiene y convivencia. La [&hellip;]<\/p>\n","protected":false},"author":2,"featured_media":5012,"comment_status":"closed","ping_status":"open","sticky":false,"template":"","format":"standard","meta":{"_acf_changed":false,"footnotes":""},"tags":[],"drets":[],"class_list":["post-11088","post","type-post","status-publish","format-standard","has-post-thumbnail","hentry"],"acf":[],"yoast_head":"<!-- This site is optimized with the Yoast SEO plugin v27.5 - https:\/\/yoast.com\/product\/yoast-seo-wordpress\/ -->\n<title>Una queja ciudadana firmada por 38 personas muestra la preocupaci\u00f3n del vecindario de la calle Marqu\u00e9s de Campo Sagrado - Sindicatura de Greuges de Barcelona<\/title>\n<meta name=\"robots\" content=\"index, follow, max-snippet:-1, max-image-preview:large, max-video-preview:-1\" \/>\n<link rel=\"canonical\" href=\"https:\/\/www.sindicaturabarcelona.cat\/es\/una-queja-ciudadana-firmada-por-38-personas-muestra-la-preocupacion-del-vecindario-de-la-calle-marques-de-campo-sagrado\/\" \/>\n<meta property=\"og:locale\" content=\"es_ES\" \/>\n<meta property=\"og:type\" content=\"article\" \/>\n<meta property=\"og:title\" content=\"Una queja ciudadana firmada por 38 personas muestra la preocupaci\u00f3n del vecindario de la calle Marqu\u00e9s de Campo Sagrado - Sindicatura de Greuges de Barcelona\" \/>\n<meta property=\"og:description\" content=\"Seg\u00fan el vecindario, la estancia de un grupo de personas sintecho en el cruce entre Marqu\u00e9s de Campo Sagrado y Ronda Sant Pau genera problemas de higiene y convivencia. La [&hellip;]\" \/>\n<meta property=\"og:url\" content=\"https:\/\/www.sindicaturabarcelona.cat\/es\/una-queja-ciudadana-firmada-por-38-personas-muestra-la-preocupacion-del-vecindario-de-la-calle-marques-de-campo-sagrado\/\" \/>\n<meta property=\"og:site_name\" content=\"Sindicatura de Greuges de Barcelona\" \/>\n<meta property=\"article:published_time\" content=\"2018-08-31T22:00:00+00:00\" \/>\n<meta property=\"article:modified_time\" content=\"2020-11-30T10:16:47+00:00\" \/>\n<meta property=\"og:image\" content=\"https:\/\/www.sindicaturabarcelona.cat\/wp-content\/uploads\/2020\/08\/img_321537528478.PNG\" \/>\n\t<meta property=\"og:image:width\" content=\"958\" \/>\n\t<meta property=\"og:image:height\" content=\"361\" \/>\n\t<meta property=\"og:image:type\" content=\"image\/png\" \/>\n<meta name=\"author\" content=\"Pablo\" \/>\n<meta name=\"twitter:card\" content=\"summary_large_image\" \/>\n<meta name=\"twitter:creator\" content=\"@sindicbarcelona\" \/>\n<meta name=\"twitter:site\" content=\"@sindicbarcelona\" \/>\n<meta name=\"twitter:label1\" content=\"Escrito por\" \/>\n\t<meta name=\"twitter:data1\" content=\"Pablo\" \/>\n<script type=\"application\/ld+json\" class=\"yoast-schema-graph\">{\"@context\":\"https:\\\/\\\/schema.org\",\"@graph\":[{\"@type\":\"Article\",\"@id\":\"https:\\\/\\\/www.sindicaturabarcelona.cat\\\/es\\\/una-queja-ciudadana-firmada-por-38-personas-muestra-la-preocupacion-del-vecindario-de-la-calle-marques-de-campo-sagrado\\\/#article\",\"isPartOf\":{\"@id\":\"https:\\\/\\\/www.sindicaturabarcelona.cat\\\/es\\\/una-queja-ciudadana-firmada-por-38-personas-muestra-la-preocupacion-del-vecindario-de-la-calle-marques-de-campo-sagrado\\\/\"},\"author\":{\"name\":\"Pablo\",\"@id\":\"https:\\\/\\\/www.sindicaturabarcelona.cat\\\/es\\\/#\\\/schema\\\/person\\\/0e5acffc350ffdbc97578159322c9452\"},\"headline\":\"Una queja ciudadana firmada por 38 personas muestra la preocupaci\u00f3n del vecindario de la calle Marqu\u00e9s de Campo Sagrado\",\"datePublished\":\"2018-08-31T22:00:00+00:00\",\"dateModified\":\"2020-11-30T10:16:47+00:00\",\"mainEntityOfPage\":{\"@id\":\"https:\\\/\\\/www.sindicaturabarcelona.cat\\\/es\\\/una-queja-ciudadana-firmada-por-38-personas-muestra-la-preocupacion-del-vecindario-de-la-calle-marques-de-campo-sagrado\\\/\"},\"wordCount\":78,\"publisher\":{\"@id\":\"https:\\\/\\\/www.sindicaturabarcelona.cat\\\/es\\\/#organization\"},\"image\":{\"@id\":\"https:\\\/\\\/www.sindicaturabarcelona.cat\\\/es\\\/una-queja-ciudadana-firmada-por-38-personas-muestra-la-preocupacion-del-vecindario-de-la-calle-marques-de-campo-sagrado\\\/#primaryimage\"},\"thumbnailUrl\":\"https:\\\/\\\/www.sindicaturabarcelona.cat\\\/wp-content\\\/uploads\\\/2020\\\/08\\\/img_321537528478.PNG\",\"articleSection\":[\"Espacio p\u00fablico\",\"Seguridad y convivencia\"],\"inLanguage\":\"es\"},{\"@type\":\"WebPage\",\"@id\":\"https:\\\/\\\/www.sindicaturabarcelona.cat\\\/es\\\/una-queja-ciudadana-firmada-por-38-personas-muestra-la-preocupacion-del-vecindario-de-la-calle-marques-de-campo-sagrado\\\/\",\"url\":\"https:\\\/\\\/www.sindicaturabarcelona.cat\\\/es\\\/una-queja-ciudadana-firmada-por-38-personas-muestra-la-preocupacion-del-vecindario-de-la-calle-marques-de-campo-sagrado\\\/\",\"name\":\"Una queja ciudadana firmada por 38 personas muestra la preocupaci\u00f3n del vecindario de la calle Marqu\u00e9s de Campo Sagrado - Sindicatura de Greuges de Barcelona\",\"isPartOf\":{\"@id\":\"https:\\\/\\\/www.sindicaturabarcelona.cat\\\/es\\\/#website\"},\"primaryImageOfPage\":{\"@id\":\"https:\\\/\\\/www.sindicaturabarcelona.cat\\\/es\\\/una-queja-ciudadana-firmada-por-38-personas-muestra-la-preocupacion-del-vecindario-de-la-calle-marques-de-campo-sagrado\\\/#primaryimage\"},\"image\":{\"@id\":\"https:\\\/\\\/www.sindicaturabarcelona.cat\\\/es\\\/una-queja-ciudadana-firmada-por-38-personas-muestra-la-preocupacion-del-vecindario-de-la-calle-marques-de-campo-sagrado\\\/#primaryimage\"},\"thumbnailUrl\":\"https:\\\/\\\/www.sindicaturabarcelona.cat\\\/wp-content\\\/uploads\\\/2020\\\/08\\\/img_321537528478.PNG\",\"datePublished\":\"2018-08-31T22:00:00+00:00\",\"dateModified\":\"2020-11-30T10:16:47+00:00\",\"breadcrumb\":{\"@id\":\"https:\\\/\\\/www.sindicaturabarcelona.cat\\\/es\\\/una-queja-ciudadana-firmada-por-38-personas-muestra-la-preocupacion-del-vecindario-de-la-calle-marques-de-campo-sagrado\\\/#breadcrumb\"},\"inLanguage\":\"es\",\"potentialAction\":[{\"@type\":\"ReadAction\",\"target\":[\"https:\\\/\\\/www.sindicaturabarcelona.cat\\\/es\\\/una-queja-ciudadana-firmada-por-38-personas-muestra-la-preocupacion-del-vecindario-de-la-calle-marques-de-campo-sagrado\\\/\"]}]},{\"@type\":\"ImageObject\",\"inLanguage\":\"es\",\"@id\":\"https:\\\/\\\/www.sindicaturabarcelona.cat\\\/es\\\/una-queja-ciudadana-firmada-por-38-personas-muestra-la-preocupacion-del-vecindario-de-la-calle-marques-de-campo-sagrado\\\/#primaryimage\",\"url\":\"https:\\\/\\\/www.sindicaturabarcelona.cat\\\/wp-content\\\/uploads\\\/2020\\\/08\\\/img_321537528478.PNG\",\"contentUrl\":\"https:\\\/\\\/www.sindicaturabarcelona.cat\\\/wp-content\\\/uploads\\\/2020\\\/08\\\/img_321537528478.PNG\",\"width\":958,\"height\":361},{\"@type\":\"BreadcrumbList\",\"@id\":\"https:\\\/\\\/www.sindicaturabarcelona.cat\\\/es\\\/una-queja-ciudadana-firmada-por-38-personas-muestra-la-preocupacion-del-vecindario-de-la-calle-marques-de-campo-sagrado\\\/#breadcrumb\",\"itemListElement\":[{\"@type\":\"ListItem\",\"position\":1,\"name\":\"Inici\",\"item\":\"https:\\\/\\\/www.sindicaturabarcelona.cat\\\/es\\\/\"},{\"@type\":\"ListItem\",\"position\":2,\"name\":\"Una queja ciudadana firmada por 38 personas muestra la preocupaci\u00f3n del vecindario de la calle Marqu\u00e9s de Campo Sagrado\"}]},{\"@type\":\"WebSite\",\"@id\":\"https:\\\/\\\/www.sindicaturabarcelona.cat\\\/es\\\/#website\",\"url\":\"https:\\\/\\\/www.sindicaturabarcelona.cat\\\/es\\\/\",\"name\":\"Sindicatura de Greuges de Barcelona\",\"description\":\"La defensoria dels teus drets\",\"publisher\":{\"@id\":\"https:\\\/\\\/www.sindicaturabarcelona.cat\\\/es\\\/#organization\"},\"potentialAction\":[{\"@type\":\"SearchAction\",\"target\":{\"@type\":\"EntryPoint\",\"urlTemplate\":\"https:\\\/\\\/www.sindicaturabarcelona.cat\\\/es\\\/?s={search_term_string}\"},\"query-input\":{\"@type\":\"PropertyValueSpecification\",\"valueRequired\":true,\"valueName\":\"search_term_string\"}}],\"inLanguage\":\"es\"},{\"@type\":\"Organization\",\"@id\":\"https:\\\/\\\/www.sindicaturabarcelona.cat\\\/es\\\/#organization\",\"name\":\"Sindicatura de Greuges de Barcelona\",\"url\":\"https:\\\/\\\/www.sindicaturabarcelona.cat\\\/es\\\/\",\"logo\":{\"@type\":\"ImageObject\",\"inLanguage\":\"es\",\"@id\":\"https:\\\/\\\/www.sindicaturabarcelona.cat\\\/es\\\/#\\\/schema\\\/logo\\\/image\\\/\",\"url\":\"https:\\\/\\\/www.sindicaturabarcelona.cat\\\/wp-content\\\/uploads\\\/2023\\\/02\\\/logo_sindicatura.svg\",\"contentUrl\":\"https:\\\/\\\/www.sindicaturabarcelona.cat\\\/wp-content\\\/uploads\\\/2023\\\/02\\\/logo_sindicatura.svg\",\"caption\":\"Sindicatura de Greuges de Barcelona\"},\"image\":{\"@id\":\"https:\\\/\\\/www.sindicaturabarcelona.cat\\\/es\\\/#\\\/schema\\\/logo\\\/image\\\/\"},\"sameAs\":[\"https:\\\/\\\/x.com\\\/sindicbarcelona\",\"https:\\\/\\\/www.instagram.com\\\/sindicbarcelona\\\/\",\"https:\\\/\\\/www.tiktok.com\\\/@sindicaturabcn\",\"https:\\\/\\\/t.me\\\/sindicaturabarcelona\"]},{\"@type\":\"Person\",\"@id\":\"https:\\\/\\\/www.sindicaturabarcelona.cat\\\/es\\\/#\\\/schema\\\/person\\\/0e5acffc350ffdbc97578159322c9452\",\"name\":\"Pablo\",\"image\":{\"@type\":\"ImageObject\",\"inLanguage\":\"es\",\"@id\":\"https:\\\/\\\/secure.gravatar.com\\\/avatar\\\/c948169b402ef9492afde705c3dfd5e90e1a6a84ef6840a91124f805a25a480f?s=96&d=mm&r=g\",\"url\":\"https:\\\/\\\/secure.gravatar.com\\\/avatar\\\/c948169b402ef9492afde705c3dfd5e90e1a6a84ef6840a91124f805a25a480f?s=96&d=mm&r=g\",\"contentUrl\":\"https:\\\/\\\/secure.gravatar.com\\\/avatar\\\/c948169b402ef9492afde705c3dfd5e90e1a6a84ef6840a91124f805a25a480f?s=96&d=mm&r=g\",\"caption\":\"Pablo\"},\"url\":\"https:\\\/\\\/www.sindicaturabarcelona.cat\\\/es\\\/author\\\/pablo\\\/\"}]}<\/script>\n<!-- \/ Yoast SEO plugin. -->","yoast_head_json":{"title":"Una queja ciudadana firmada por 38 personas muestra la preocupaci\u00f3n del vecindario de la calle Marqu\u00e9s de Campo Sagrado - Sindicatura de Greuges de Barcelona","robots":{"index":"index","follow":"follow","max-snippet":"max-snippet:-1","max-image-preview":"max-image-preview:large","max-video-preview":"max-video-preview:-1"},"canonical":"https:\/\/www.sindicaturabarcelona.cat\/es\/una-queja-ciudadana-firmada-por-38-personas-muestra-la-preocupacion-del-vecindario-de-la-calle-marques-de-campo-sagrado\/","og_locale":"es_ES","og_type":"article","og_title":"Una queja ciudadana firmada por 38 personas muestra la preocupaci\u00f3n del vecindario de la calle Marqu\u00e9s de Campo Sagrado - Sindicatura de Greuges de Barcelona","og_description":"Seg\u00fan el vecindario, la estancia de un grupo de personas sintecho en el cruce entre Marqu\u00e9s de Campo Sagrado y Ronda Sant Pau genera problemas de higiene y convivencia. La [&hellip;]","og_url":"https:\/\/www.sindicaturabarcelona.cat\/es\/una-queja-ciudadana-firmada-por-38-personas-muestra-la-preocupacion-del-vecindario-de-la-calle-marques-de-campo-sagrado\/","og_site_name":"Sindicatura de Greuges de Barcelona","article_published_time":"2018-08-31T22:00:00+00:00","article_modified_time":"2020-11-30T10:16:47+00:00","og_image":[{"width":958,"height":361,"url":"https:\/\/www.sindicaturabarcelona.cat\/wp-content\/uploads\/2020\/08\/img_321537528478.PNG","type":"image\/png"}],"author":"Pablo","twitter_card":"summary_large_image","twitter_creator":"@sindicbarcelona","twitter_site":"@sindicbarcelona","twitter_misc":{"Escrito por":"Pablo"},"schema":{"@context":"https:\/\/schema.org","@graph":[{"@type":"Article","@id":"https:\/\/www.sindicaturabarcelona.cat\/es\/una-queja-ciudadana-firmada-por-38-personas-muestra-la-preocupacion-del-vecindario-de-la-calle-marques-de-campo-sagrado\/#article","isPartOf":{"@id":"https:\/\/www.sindicaturabarcelona.cat\/es\/una-queja-ciudadana-firmada-por-38-personas-muestra-la-preocupacion-del-vecindario-de-la-calle-marques-de-campo-sagrado\/"},"author":{"name":"Pablo","@id":"https:\/\/www.sindicaturabarcelona.cat\/es\/#\/schema\/person\/0e5acffc350ffdbc97578159322c9452"},"headline":"Una queja ciudadana firmada por 38 personas muestra la preocupaci\u00f3n del vecindario de la calle Marqu\u00e9s de Campo Sagrado","datePublished":"2018-08-31T22:00:00+00:00","dateModified":"2020-11-30T10:16:47+00:00","mainEntityOfPage":{"@id":"https:\/\/www.sindicaturabarcelona.cat\/es\/una-queja-ciudadana-firmada-por-38-personas-muestra-la-preocupacion-del-vecindario-de-la-calle-marques-de-campo-sagrado\/"},"wordCount":78,"publisher":{"@id":"https:\/\/www.sindicaturabarcelona.cat\/es\/#organization"},"image":{"@id":"https:\/\/www.sindicaturabarcelona.cat\/es\/una-queja-ciudadana-firmada-por-38-personas-muestra-la-preocupacion-del-vecindario-de-la-calle-marques-de-campo-sagrado\/#primaryimage"},"thumbnailUrl":"https:\/\/www.sindicaturabarcelona.cat\/wp-content\/uploads\/2020\/08\/img_321537528478.PNG","articleSection":["Espacio p\u00fablico","Seguridad y convivencia"],"inLanguage":"es"},{"@type":"WebPage","@id":"https:\/\/www.sindicaturabarcelona.cat\/es\/una-queja-ciudadana-firmada-por-38-personas-muestra-la-preocupacion-del-vecindario-de-la-calle-marques-de-campo-sagrado\/","url":"https:\/\/www.sindicaturabarcelona.cat\/es\/una-queja-ciudadana-firmada-por-38-personas-muestra-la-preocupacion-del-vecindario-de-la-calle-marques-de-campo-sagrado\/","name":"Una queja ciudadana firmada por 38 personas muestra la preocupaci\u00f3n del vecindario de la calle Marqu\u00e9s de Campo Sagrado - Sindicatura de Greuges de Barcelona","isPartOf":{"@id":"https:\/\/www.sindicaturabarcelona.cat\/es\/#website"},"primaryImageOfPage":{"@id":"https:\/\/www.sindicaturabarcelona.cat\/es\/una-queja-ciudadana-firmada-por-38-personas-muestra-la-preocupacion-del-vecindario-de-la-calle-marques-de-campo-sagrado\/#primaryimage"},"image":{"@id":"https:\/\/www.sindicaturabarcelona.cat\/es\/una-queja-ciudadana-firmada-por-38-personas-muestra-la-preocupacion-del-vecindario-de-la-calle-marques-de-campo-sagrado\/#primaryimage"},"thumbnailUrl":"https:\/\/www.sindicaturabarcelona.cat\/wp-content\/uploads\/2020\/08\/img_321537528478.PNG","datePublished":"2018-08-31T22:00:00+00:00","dateModified":"2020-11-30T10:16:47+00:00","breadcrumb":{"@id":"https:\/\/www.sindicaturabarcelona.cat\/es\/una-queja-ciudadana-firmada-por-38-personas-muestra-la-preocupacion-del-vecindario-de-la-calle-marques-de-campo-sagrado\/#breadcrumb"},"inLanguage":"es","potentialAction":[{"@type":"ReadAction","target":["https:\/\/www.sindicaturabarcelona.cat\/es\/una-queja-ciudadana-firmada-por-38-personas-muestra-la-preocupacion-del-vecindario-de-la-calle-marques-de-campo-sagrado\/"]}]},{"@type":"ImageObject","inLanguage":"es","@id":"https:\/\/www.sindicaturabarcelona.cat\/es\/una-queja-ciudadana-firmada-por-38-personas-muestra-la-preocupacion-del-vecindario-de-la-calle-marques-de-campo-sagrado\/#primaryimage","url":"https:\/\/www.sindicaturabarcelona.cat\/wp-content\/uploads\/2020\/08\/img_321537528478.PNG","contentUrl":"https:\/\/www.sindicaturabarcelona.cat\/wp-content\/uploads\/2020\/08\/img_321537528478.PNG","width":958,"height":361},{"@type":"BreadcrumbList","@id":"https:\/\/www.sindicaturabarcelona.cat\/es\/una-queja-ciudadana-firmada-por-38-personas-muestra-la-preocupacion-del-vecindario-de-la-calle-marques-de-campo-sagrado\/#breadcrumb","itemListElement":[{"@type":"ListItem","position":1,"name":"Inici","item":"https:\/\/www.sindicaturabarcelona.cat\/es\/"},{"@type":"ListItem","position":2,"name":"Una queja ciudadana firmada por 38 personas muestra la preocupaci\u00f3n del vecindario de la calle Marqu\u00e9s de Campo Sagrado"}]},{"@type":"WebSite","@id":"https:\/\/www.sindicaturabarcelona.cat\/es\/#website","url":"https:\/\/www.sindicaturabarcelona.cat\/es\/","name":"Sindicatura de Greuges de Barcelona","description":"La defensoria dels teus drets","publisher":{"@id":"https:\/\/www.sindicaturabarcelona.cat\/es\/#organization"},"potentialAction":[{"@type":"SearchAction","target":{"@type":"EntryPoint","urlTemplate":"https:\/\/www.sindicaturabarcelona.cat\/es\/?s={search_term_string}"},"query-input":{"@type":"PropertyValueSpecification","valueRequired":true,"valueName":"search_term_string"}}],"inLanguage":"es"},{"@type":"Organization","@id":"https:\/\/www.sindicaturabarcelona.cat\/es\/#organization","name":"Sindicatura de Greuges de Barcelona","url":"https:\/\/www.sindicaturabarcelona.cat\/es\/","logo":{"@type":"ImageObject","inLanguage":"es","@id":"https:\/\/www.sindicaturabarcelona.cat\/es\/#\/schema\/logo\/image\/","url":"https:\/\/www.sindicaturabarcelona.cat\/wp-content\/uploads\/2023\/02\/logo_sindicatura.svg","contentUrl":"https:\/\/www.sindicaturabarcelona.cat\/wp-content\/uploads\/2023\/02\/logo_sindicatura.svg","caption":"Sindicatura de Greuges de Barcelona"},"image":{"@id":"https:\/\/www.sindicaturabarcelona.cat\/es\/#\/schema\/logo\/image\/"},"sameAs":["https:\/\/x.com\/sindicbarcelona","https:\/\/www.instagram.com\/sindicbarcelona\/","https:\/\/www.tiktok.com\/@sindicaturabcn","https:\/\/t.me\/sindicaturabarcelona"]},{"@type":"Person","@id":"https:\/\/www.sindicaturabarcelona.cat\/es\/#\/schema\/person\/0e5acffc350ffdbc97578159322c9452","name":"Pablo","image":{"@type":"ImageObject","inLanguage":"es","@id":"https:\/\/secure.gravatar.com\/avatar\/c948169b402ef9492afde705c3dfd5e90e1a6a84ef6840a91124f805a25a480f?s=96&d=mm&r=g","url":"https:\/\/secure.gravatar.com\/avatar\/c948169b402ef9492afde705c3dfd5e90e1a6a84ef6840a91124f805a25a480f?s=96&d=mm&r=g","contentUrl":"https:\/\/secure.gravatar.com\/avatar\/c948169b402ef9492afde705c3dfd5e90e1a6a84ef6840a91124f805a25a480f?s=96&d=mm&r=g","caption":"Pablo"},"url":"https:\/\/www.sindicaturabarcelona.cat\/es\/author\/pablo\/"}]}},"_links":{"self":[{"href":"https:\/\/www.sindicaturabarcelona.cat\/es\/wp-json\/wp\/v2\/posts\/11088","targetHints":{"allow":["GET"]}}],"collection":[{"href":"https:\/\/www.sindicaturabarcelona.cat\/es\/wp-json\/wp\/v2\/posts"}],"about":[{"href":"https:\/\/www.sindicaturabarcelona.cat\/es\/wp-json\/wp\/v2\/types\/post"}],"author":[{"embeddable":true,"href":"https:\/\/www.sindicaturabarcelona.cat\/es\/wp-json\/wp\/v2\/users\/2"}],"replies":[{"embeddable":true,"href":"https:\/\/www.sindicaturabarcelona.cat\/es\/wp-json\/wp\/v2\/comments?post=11088"}],"version-history":[{"count":0,"href":"https:\/\/www.sindicaturabarcelona.cat\/es\/wp-json\/wp\/v2\/posts\/11088\/revisions"}],"wp:featuredmedia":[{"embeddable":true,"href":"https:\/\/www.sindicaturabarcelona.cat\/es\/wp-json\/wp\/v2\/media\/5012"}],"wp:attachment":[{"href":"https:\/\/www.sindicaturabarcelona.cat\/es\/wp-json\/wp\/v2\/media?parent=11088"}],"wp:term":[{"taxonomy":"post_tag","embeddable":true,"href":"https:\/\/www.sindicaturabarcelona.cat\/es\/wp-json\/wp\/v2\/tags?post=11088"},{"taxonomy":"drets","embeddable":true,"href":"https:\/\/www.sindicaturabarcelona.cat\/es\/wp-json\/wp\/v2\/drets?post=11088"}],"curies":[{"name":"wp","href":"https:\/\/api.w.org\/{rel}","templated":true}]}}