{"id":11041,"date":"2018-05-01T00:00:00","date_gmt":"2018-04-30T22:00:00","guid":{"rendered":"http:\/\/minimalweb.tech\/sindica\/2018\/05\/01\/las-plazas-de-aparcamiento-para-residentes-de-barcelona-cambian-de-verde-a-blanco-como-recomienda-la-sindica-desde-2014\/"},"modified":"2020-11-30T12:19:06","modified_gmt":"2020-11-30T10:19:06","slug":"las-plazas-de-aparcamiento-para-residentes-de-barcelona-cambian-de-verde-a-blanco-como-recomienda-la-sindica-desde-2014","status":"publish","type":"post","link":"https:\/\/www.sindicaturabarcelona.cat\/es\/las-plazas-de-aparcamiento-para-residentes-de-barcelona-cambian-de-verde-a-blanco-como-recomienda-la-sindica-desde-2014\/","title":{"rendered":"Las plazas de aparcamiento para residentes de Barcelona cambian de verde a blanco, como recomienda la S\u00edndica desde 2014"},"content":{"rendered":"<p>Concretamente, Maria Assumpci\u00f3 Vil\u00e0 recomienda desde el a\u00f1o 2014 \u201cla valoraci\u00f3n, para toda la ciudad, de un cambio de color que no sea el verde para diferenciar las zonas de estacionamiento exclusivas para residentes de las compatibles con no-residentes\u201d. Vil\u00e0 concluye que \u201cde este modo ser\u00e1 m\u00e1s entendedor y evitar\u00e1 confusiones\u201d.<\/p>\n<p class=noti_nota><a href=\"https:\/\/www.sindicaturabarcelona.cat\/src\/pdf\/nota_201525351339.pdf\" target=\"_blank\" rel=\"noopener noreferrer\">Nota de prensa<\/a><\/p>\n","protected":false},"excerpt":{"rendered":"<p>Concretamente, Maria Assumpci\u00f3 Vil\u00e0 recomienda desde el a\u00f1o 2014 \u201cla valoraci\u00f3n, para toda la ciudad, de un cambio de color que no sea el verde para diferenciar las zonas de [&hellip;]<\/p>\n","protected":false},"author":2,"featured_media":4918,"comment_status":"closed","ping_status":"open","sticky":false,"template":"","format":"standard","meta":{"_acf_changed":false,"footnotes":""},"tags":[],"drets":[],"class_list":["post-11041","post","type-post","status-publish","format-standard","has-post-thumbnail","hentry"],"acf":[],"yoast_head":"<!-- This site is optimized with the Yoast SEO plugin v27.5 - https:\/\/yoast.com\/product\/yoast-seo-wordpress\/ -->\n<title>Las plazas de aparcamiento para residentes de Barcelona cambian de verde a blanco, como recomienda la S\u00edndica desde 2014 - Sindicatura de Greuges de Barcelona<\/title>\n<meta name=\"robots\" content=\"index, follow, max-snippet:-1, max-image-preview:large, max-video-preview:-1\" \/>\n<link rel=\"canonical\" href=\"https:\/\/www.sindicaturabarcelona.cat\/es\/las-plazas-de-aparcamiento-para-residentes-de-barcelona-cambian-de-verde-a-blanco-como-recomienda-la-sindica-desde-2014\/\" \/>\n<meta property=\"og:locale\" content=\"es_ES\" \/>\n<meta property=\"og:type\" content=\"article\" \/>\n<meta property=\"og:title\" content=\"Las plazas de aparcamiento para residentes de Barcelona cambian de verde a blanco, como recomienda la S\u00edndica desde 2014 - Sindicatura de Greuges de Barcelona\" \/>\n<meta property=\"og:description\" content=\"Concretamente, Maria Assumpci\u00f3 Vil\u00e0 recomienda desde el a\u00f1o 2014 \u201cla valoraci\u00f3n, para toda la ciudad, de un cambio de color que no sea el verde para diferenciar las zonas de [&hellip;]\" \/>\n<meta property=\"og:url\" content=\"https:\/\/www.sindicaturabarcelona.cat\/es\/las-plazas-de-aparcamiento-para-residentes-de-barcelona-cambian-de-verde-a-blanco-como-recomienda-la-sindica-desde-2014\/\" \/>\n<meta property=\"og:site_name\" content=\"Sindicatura de Greuges de Barcelona\" \/>\n<meta property=\"article:published_time\" content=\"2018-04-30T22:00:00+00:00\" \/>\n<meta property=\"article:modified_time\" content=\"2020-11-30T10:19:06+00:00\" \/>\n<meta property=\"og:image\" content=\"https:\/\/www.sindicaturabarcelona.cat\/wp-content\/uploads\/2020\/08\/img_701525351339.PNG\" \/>\n\t<meta property=\"og:image:width\" content=\"684\" \/>\n\t<meta property=\"og:image:height\" content=\"491\" \/>\n\t<meta property=\"og:image:type\" content=\"image\/png\" \/>\n<meta name=\"author\" content=\"Pablo\" \/>\n<meta name=\"twitter:card\" content=\"summary_large_image\" \/>\n<meta name=\"twitter:creator\" content=\"@sindicbarcelona\" \/>\n<meta name=\"twitter:site\" content=\"@sindicbarcelona\" \/>\n<meta name=\"twitter:label1\" content=\"Escrito por\" \/>\n\t<meta name=\"twitter:data1\" content=\"Pablo\" \/>\n<script type=\"application\/ld+json\" class=\"yoast-schema-graph\">{\"@context\":\"https:\\\/\\\/schema.org\",\"@graph\":[{\"@type\":\"Article\",\"@id\":\"https:\\\/\\\/www.sindicaturabarcelona.cat\\\/es\\\/las-plazas-de-aparcamiento-para-residentes-de-barcelona-cambian-de-verde-a-blanco-como-recomienda-la-sindica-desde-2014\\\/#article\",\"isPartOf\":{\"@id\":\"https:\\\/\\\/www.sindicaturabarcelona.cat\\\/es\\\/las-plazas-de-aparcamiento-para-residentes-de-barcelona-cambian-de-verde-a-blanco-como-recomienda-la-sindica-desde-2014\\\/\"},\"author\":{\"name\":\"Pablo\",\"@id\":\"https:\\\/\\\/www.sindicaturabarcelona.cat\\\/es\\\/#\\\/schema\\\/person\\\/0e5acffc350ffdbc97578159322c9452\"},\"headline\":\"Las plazas de aparcamiento para residentes de Barcelona cambian de verde a blanco, como recomienda la S\u00edndica desde 2014\",\"datePublished\":\"2018-04-30T22:00:00+00:00\",\"dateModified\":\"2020-11-30T10:19:06+00:00\",\"mainEntityOfPage\":{\"@id\":\"https:\\\/\\\/www.sindicaturabarcelona.cat\\\/es\\\/las-plazas-de-aparcamiento-para-residentes-de-barcelona-cambian-de-verde-a-blanco-como-recomienda-la-sindica-desde-2014\\\/\"},\"wordCount\":75,\"publisher\":{\"@id\":\"https:\\\/\\\/www.sindicaturabarcelona.cat\\\/es\\\/#organization\"},\"image\":{\"@id\":\"https:\\\/\\\/www.sindicaturabarcelona.cat\\\/es\\\/las-plazas-de-aparcamiento-para-residentes-de-barcelona-cambian-de-verde-a-blanco-como-recomienda-la-sindica-desde-2014\\\/#primaryimage\"},\"thumbnailUrl\":\"https:\\\/\\\/www.sindicaturabarcelona.cat\\\/wp-content\\\/uploads\\\/2020\\\/08\\\/img_701525351339.PNG\",\"articleSection\":[\"Espacio p\u00fablico\",\"Institucional\",\"Movilidad\"],\"inLanguage\":\"es\"},{\"@type\":\"WebPage\",\"@id\":\"https:\\\/\\\/www.sindicaturabarcelona.cat\\\/es\\\/las-plazas-de-aparcamiento-para-residentes-de-barcelona-cambian-de-verde-a-blanco-como-recomienda-la-sindica-desde-2014\\\/\",\"url\":\"https:\\\/\\\/www.sindicaturabarcelona.cat\\\/es\\\/las-plazas-de-aparcamiento-para-residentes-de-barcelona-cambian-de-verde-a-blanco-como-recomienda-la-sindica-desde-2014\\\/\",\"name\":\"Las plazas de aparcamiento para residentes de Barcelona cambian de verde a blanco, como recomienda la S\u00edndica desde 2014 - Sindicatura de Greuges de Barcelona\",\"isPartOf\":{\"@id\":\"https:\\\/\\\/www.sindicaturabarcelona.cat\\\/es\\\/#website\"},\"primaryImageOfPage\":{\"@id\":\"https:\\\/\\\/www.sindicaturabarcelona.cat\\\/es\\\/las-plazas-de-aparcamiento-para-residentes-de-barcelona-cambian-de-verde-a-blanco-como-recomienda-la-sindica-desde-2014\\\/#primaryimage\"},\"image\":{\"@id\":\"https:\\\/\\\/www.sindicaturabarcelona.cat\\\/es\\\/las-plazas-de-aparcamiento-para-residentes-de-barcelona-cambian-de-verde-a-blanco-como-recomienda-la-sindica-desde-2014\\\/#primaryimage\"},\"thumbnailUrl\":\"https:\\\/\\\/www.sindicaturabarcelona.cat\\\/wp-content\\\/uploads\\\/2020\\\/08\\\/img_701525351339.PNG\",\"datePublished\":\"2018-04-30T22:00:00+00:00\",\"dateModified\":\"2020-11-30T10:19:06+00:00\",\"breadcrumb\":{\"@id\":\"https:\\\/\\\/www.sindicaturabarcelona.cat\\\/es\\\/las-plazas-de-aparcamiento-para-residentes-de-barcelona-cambian-de-verde-a-blanco-como-recomienda-la-sindica-desde-2014\\\/#breadcrumb\"},\"inLanguage\":\"es\",\"potentialAction\":[{\"@type\":\"ReadAction\",\"target\":[\"https:\\\/\\\/www.sindicaturabarcelona.cat\\\/es\\\/las-plazas-de-aparcamiento-para-residentes-de-barcelona-cambian-de-verde-a-blanco-como-recomienda-la-sindica-desde-2014\\\/\"]}]},{\"@type\":\"ImageObject\",\"inLanguage\":\"es\",\"@id\":\"https:\\\/\\\/www.sindicaturabarcelona.cat\\\/es\\\/las-plazas-de-aparcamiento-para-residentes-de-barcelona-cambian-de-verde-a-blanco-como-recomienda-la-sindica-desde-2014\\\/#primaryimage\",\"url\":\"https:\\\/\\\/www.sindicaturabarcelona.cat\\\/wp-content\\\/uploads\\\/2020\\\/08\\\/img_701525351339.PNG\",\"contentUrl\":\"https:\\\/\\\/www.sindicaturabarcelona.cat\\\/wp-content\\\/uploads\\\/2020\\\/08\\\/img_701525351339.PNG\",\"width\":684,\"height\":491},{\"@type\":\"BreadcrumbList\",\"@id\":\"https:\\\/\\\/www.sindicaturabarcelona.cat\\\/es\\\/las-plazas-de-aparcamiento-para-residentes-de-barcelona-cambian-de-verde-a-blanco-como-recomienda-la-sindica-desde-2014\\\/#breadcrumb\",\"itemListElement\":[{\"@type\":\"ListItem\",\"position\":1,\"name\":\"Inici\",\"item\":\"https:\\\/\\\/www.sindicaturabarcelona.cat\\\/es\\\/\"},{\"@type\":\"ListItem\",\"position\":2,\"name\":\"Las plazas de aparcamiento para residentes de Barcelona cambian de verde a blanco, como recomienda la S\u00edndica desde 2014\"}]},{\"@type\":\"WebSite\",\"@id\":\"https:\\\/\\\/www.sindicaturabarcelona.cat\\\/es\\\/#website\",\"url\":\"https:\\\/\\\/www.sindicaturabarcelona.cat\\\/es\\\/\",\"name\":\"Sindicatura de Greuges de Barcelona\",\"description\":\"La defensoria dels teus drets\",\"publisher\":{\"@id\":\"https:\\\/\\\/www.sindicaturabarcelona.cat\\\/es\\\/#organization\"},\"potentialAction\":[{\"@type\":\"SearchAction\",\"target\":{\"@type\":\"EntryPoint\",\"urlTemplate\":\"https:\\\/\\\/www.sindicaturabarcelona.cat\\\/es\\\/?s={search_term_string}\"},\"query-input\":{\"@type\":\"PropertyValueSpecification\",\"valueRequired\":true,\"valueName\":\"search_term_string\"}}],\"inLanguage\":\"es\"},{\"@type\":\"Organization\",\"@id\":\"https:\\\/\\\/www.sindicaturabarcelona.cat\\\/es\\\/#organization\",\"name\":\"Sindicatura de Greuges de Barcelona\",\"url\":\"https:\\\/\\\/www.sindicaturabarcelona.cat\\\/es\\\/\",\"logo\":{\"@type\":\"ImageObject\",\"inLanguage\":\"es\",\"@id\":\"https:\\\/\\\/www.sindicaturabarcelona.cat\\\/es\\\/#\\\/schema\\\/logo\\\/image\\\/\",\"url\":\"https:\\\/\\\/www.sindicaturabarcelona.cat\\\/wp-content\\\/uploads\\\/2023\\\/02\\\/logo_sindicatura.svg\",\"contentUrl\":\"https:\\\/\\\/www.sindicaturabarcelona.cat\\\/wp-content\\\/uploads\\\/2023\\\/02\\\/logo_sindicatura.svg\",\"caption\":\"Sindicatura de Greuges de Barcelona\"},\"image\":{\"@id\":\"https:\\\/\\\/www.sindicaturabarcelona.cat\\\/es\\\/#\\\/schema\\\/logo\\\/image\\\/\"},\"sameAs\":[\"https:\\\/\\\/x.com\\\/sindicbarcelona\",\"https:\\\/\\\/www.instagram.com\\\/sindicbarcelona\\\/\",\"https:\\\/\\\/www.tiktok.com\\\/@sindicaturabcn\",\"https:\\\/\\\/t.me\\\/sindicaturabarcelona\"]},{\"@type\":\"Person\",\"@id\":\"https:\\\/\\\/www.sindicaturabarcelona.cat\\\/es\\\/#\\\/schema\\\/person\\\/0e5acffc350ffdbc97578159322c9452\",\"name\":\"Pablo\",\"image\":{\"@type\":\"ImageObject\",\"inLanguage\":\"es\",\"@id\":\"https:\\\/\\\/secure.gravatar.com\\\/avatar\\\/c948169b402ef9492afde705c3dfd5e90e1a6a84ef6840a91124f805a25a480f?s=96&d=mm&r=g\",\"url\":\"https:\\\/\\\/secure.gravatar.com\\\/avatar\\\/c948169b402ef9492afde705c3dfd5e90e1a6a84ef6840a91124f805a25a480f?s=96&d=mm&r=g\",\"contentUrl\":\"https:\\\/\\\/secure.gravatar.com\\\/avatar\\\/c948169b402ef9492afde705c3dfd5e90e1a6a84ef6840a91124f805a25a480f?s=96&d=mm&r=g\",\"caption\":\"Pablo\"},\"url\":\"https:\\\/\\\/www.sindicaturabarcelona.cat\\\/es\\\/author\\\/pablo\\\/\"}]}<\/script>\n<!-- \/ Yoast SEO plugin. -->","yoast_head_json":{"title":"Las plazas de aparcamiento para residentes de Barcelona cambian de verde a blanco, como recomienda la S\u00edndica desde 2014 - Sindicatura de Greuges de Barcelona","robots":{"index":"index","follow":"follow","max-snippet":"max-snippet:-1","max-image-preview":"max-image-preview:large","max-video-preview":"max-video-preview:-1"},"canonical":"https:\/\/www.sindicaturabarcelona.cat\/es\/las-plazas-de-aparcamiento-para-residentes-de-barcelona-cambian-de-verde-a-blanco-como-recomienda-la-sindica-desde-2014\/","og_locale":"es_ES","og_type":"article","og_title":"Las plazas de aparcamiento para residentes de Barcelona cambian de verde a blanco, como recomienda la S\u00edndica desde 2014 - Sindicatura de Greuges de Barcelona","og_description":"Concretamente, Maria Assumpci\u00f3 Vil\u00e0 recomienda desde el a\u00f1o 2014 \u201cla valoraci\u00f3n, para toda la ciudad, de un cambio de color que no sea el verde para diferenciar las zonas de [&hellip;]","og_url":"https:\/\/www.sindicaturabarcelona.cat\/es\/las-plazas-de-aparcamiento-para-residentes-de-barcelona-cambian-de-verde-a-blanco-como-recomienda-la-sindica-desde-2014\/","og_site_name":"Sindicatura de Greuges de Barcelona","article_published_time":"2018-04-30T22:00:00+00:00","article_modified_time":"2020-11-30T10:19:06+00:00","og_image":[{"width":684,"height":491,"url":"https:\/\/www.sindicaturabarcelona.cat\/wp-content\/uploads\/2020\/08\/img_701525351339.PNG","type":"image\/png"}],"author":"Pablo","twitter_card":"summary_large_image","twitter_creator":"@sindicbarcelona","twitter_site":"@sindicbarcelona","twitter_misc":{"Escrito por":"Pablo"},"schema":{"@context":"https:\/\/schema.org","@graph":[{"@type":"Article","@id":"https:\/\/www.sindicaturabarcelona.cat\/es\/las-plazas-de-aparcamiento-para-residentes-de-barcelona-cambian-de-verde-a-blanco-como-recomienda-la-sindica-desde-2014\/#article","isPartOf":{"@id":"https:\/\/www.sindicaturabarcelona.cat\/es\/las-plazas-de-aparcamiento-para-residentes-de-barcelona-cambian-de-verde-a-blanco-como-recomienda-la-sindica-desde-2014\/"},"author":{"name":"Pablo","@id":"https:\/\/www.sindicaturabarcelona.cat\/es\/#\/schema\/person\/0e5acffc350ffdbc97578159322c9452"},"headline":"Las plazas de aparcamiento para residentes de Barcelona cambian de verde a blanco, como recomienda la S\u00edndica desde 2014","datePublished":"2018-04-30T22:00:00+00:00","dateModified":"2020-11-30T10:19:06+00:00","mainEntityOfPage":{"@id":"https:\/\/www.sindicaturabarcelona.cat\/es\/las-plazas-de-aparcamiento-para-residentes-de-barcelona-cambian-de-verde-a-blanco-como-recomienda-la-sindica-desde-2014\/"},"wordCount":75,"publisher":{"@id":"https:\/\/www.sindicaturabarcelona.cat\/es\/#organization"},"image":{"@id":"https:\/\/www.sindicaturabarcelona.cat\/es\/las-plazas-de-aparcamiento-para-residentes-de-barcelona-cambian-de-verde-a-blanco-como-recomienda-la-sindica-desde-2014\/#primaryimage"},"thumbnailUrl":"https:\/\/www.sindicaturabarcelona.cat\/wp-content\/uploads\/2020\/08\/img_701525351339.PNG","articleSection":["Espacio p\u00fablico","Institucional","Movilidad"],"inLanguage":"es"},{"@type":"WebPage","@id":"https:\/\/www.sindicaturabarcelona.cat\/es\/las-plazas-de-aparcamiento-para-residentes-de-barcelona-cambian-de-verde-a-blanco-como-recomienda-la-sindica-desde-2014\/","url":"https:\/\/www.sindicaturabarcelona.cat\/es\/las-plazas-de-aparcamiento-para-residentes-de-barcelona-cambian-de-verde-a-blanco-como-recomienda-la-sindica-desde-2014\/","name":"Las plazas de aparcamiento para residentes de Barcelona cambian de verde a blanco, como recomienda la S\u00edndica desde 2014 - Sindicatura de Greuges de Barcelona","isPartOf":{"@id":"https:\/\/www.sindicaturabarcelona.cat\/es\/#website"},"primaryImageOfPage":{"@id":"https:\/\/www.sindicaturabarcelona.cat\/es\/las-plazas-de-aparcamiento-para-residentes-de-barcelona-cambian-de-verde-a-blanco-como-recomienda-la-sindica-desde-2014\/#primaryimage"},"image":{"@id":"https:\/\/www.sindicaturabarcelona.cat\/es\/las-plazas-de-aparcamiento-para-residentes-de-barcelona-cambian-de-verde-a-blanco-como-recomienda-la-sindica-desde-2014\/#primaryimage"},"thumbnailUrl":"https:\/\/www.sindicaturabarcelona.cat\/wp-content\/uploads\/2020\/08\/img_701525351339.PNG","datePublished":"2018-04-30T22:00:00+00:00","dateModified":"2020-11-30T10:19:06+00:00","breadcrumb":{"@id":"https:\/\/www.sindicaturabarcelona.cat\/es\/las-plazas-de-aparcamiento-para-residentes-de-barcelona-cambian-de-verde-a-blanco-como-recomienda-la-sindica-desde-2014\/#breadcrumb"},"inLanguage":"es","potentialAction":[{"@type":"ReadAction","target":["https:\/\/www.sindicaturabarcelona.cat\/es\/las-plazas-de-aparcamiento-para-residentes-de-barcelona-cambian-de-verde-a-blanco-como-recomienda-la-sindica-desde-2014\/"]}]},{"@type":"ImageObject","inLanguage":"es","@id":"https:\/\/www.sindicaturabarcelona.cat\/es\/las-plazas-de-aparcamiento-para-residentes-de-barcelona-cambian-de-verde-a-blanco-como-recomienda-la-sindica-desde-2014\/#primaryimage","url":"https:\/\/www.sindicaturabarcelona.cat\/wp-content\/uploads\/2020\/08\/img_701525351339.PNG","contentUrl":"https:\/\/www.sindicaturabarcelona.cat\/wp-content\/uploads\/2020\/08\/img_701525351339.PNG","width":684,"height":491},{"@type":"BreadcrumbList","@id":"https:\/\/www.sindicaturabarcelona.cat\/es\/las-plazas-de-aparcamiento-para-residentes-de-barcelona-cambian-de-verde-a-blanco-como-recomienda-la-sindica-desde-2014\/#breadcrumb","itemListElement":[{"@type":"ListItem","position":1,"name":"Inici","item":"https:\/\/www.sindicaturabarcelona.cat\/es\/"},{"@type":"ListItem","position":2,"name":"Las plazas de aparcamiento para residentes de Barcelona cambian de verde a blanco, como recomienda la S\u00edndica desde 2014"}]},{"@type":"WebSite","@id":"https:\/\/www.sindicaturabarcelona.cat\/es\/#website","url":"https:\/\/www.sindicaturabarcelona.cat\/es\/","name":"Sindicatura de Greuges de Barcelona","description":"La defensoria dels teus drets","publisher":{"@id":"https:\/\/www.sindicaturabarcelona.cat\/es\/#organization"},"potentialAction":[{"@type":"SearchAction","target":{"@type":"EntryPoint","urlTemplate":"https:\/\/www.sindicaturabarcelona.cat\/es\/?s={search_term_string}"},"query-input":{"@type":"PropertyValueSpecification","valueRequired":true,"valueName":"search_term_string"}}],"inLanguage":"es"},{"@type":"Organization","@id":"https:\/\/www.sindicaturabarcelona.cat\/es\/#organization","name":"Sindicatura de Greuges de Barcelona","url":"https:\/\/www.sindicaturabarcelona.cat\/es\/","logo":{"@type":"ImageObject","inLanguage":"es","@id":"https:\/\/www.sindicaturabarcelona.cat\/es\/#\/schema\/logo\/image\/","url":"https:\/\/www.sindicaturabarcelona.cat\/wp-content\/uploads\/2023\/02\/logo_sindicatura.svg","contentUrl":"https:\/\/www.sindicaturabarcelona.cat\/wp-content\/uploads\/2023\/02\/logo_sindicatura.svg","caption":"Sindicatura de Greuges de Barcelona"},"image":{"@id":"https:\/\/www.sindicaturabarcelona.cat\/es\/#\/schema\/logo\/image\/"},"sameAs":["https:\/\/x.com\/sindicbarcelona","https:\/\/www.instagram.com\/sindicbarcelona\/","https:\/\/www.tiktok.com\/@sindicaturabcn","https:\/\/t.me\/sindicaturabarcelona"]},{"@type":"Person","@id":"https:\/\/www.sindicaturabarcelona.cat\/es\/#\/schema\/person\/0e5acffc350ffdbc97578159322c9452","name":"Pablo","image":{"@type":"ImageObject","inLanguage":"es","@id":"https:\/\/secure.gravatar.com\/avatar\/c948169b402ef9492afde705c3dfd5e90e1a6a84ef6840a91124f805a25a480f?s=96&d=mm&r=g","url":"https:\/\/secure.gravatar.com\/avatar\/c948169b402ef9492afde705c3dfd5e90e1a6a84ef6840a91124f805a25a480f?s=96&d=mm&r=g","contentUrl":"https:\/\/secure.gravatar.com\/avatar\/c948169b402ef9492afde705c3dfd5e90e1a6a84ef6840a91124f805a25a480f?s=96&d=mm&r=g","caption":"Pablo"},"url":"https:\/\/www.sindicaturabarcelona.cat\/es\/author\/pablo\/"}]}},"_links":{"self":[{"href":"https:\/\/www.sindicaturabarcelona.cat\/es\/wp-json\/wp\/v2\/posts\/11041","targetHints":{"allow":["GET"]}}],"collection":[{"href":"https:\/\/www.sindicaturabarcelona.cat\/es\/wp-json\/wp\/v2\/posts"}],"about":[{"href":"https:\/\/www.sindicaturabarcelona.cat\/es\/wp-json\/wp\/v2\/types\/post"}],"author":[{"embeddable":true,"href":"https:\/\/www.sindicaturabarcelona.cat\/es\/wp-json\/wp\/v2\/users\/2"}],"replies":[{"embeddable":true,"href":"https:\/\/www.sindicaturabarcelona.cat\/es\/wp-json\/wp\/v2\/comments?post=11041"}],"version-history":[{"count":0,"href":"https:\/\/www.sindicaturabarcelona.cat\/es\/wp-json\/wp\/v2\/posts\/11041\/revisions"}],"wp:featuredmedia":[{"embeddable":true,"href":"https:\/\/www.sindicaturabarcelona.cat\/es\/wp-json\/wp\/v2\/media\/4918"}],"wp:attachment":[{"href":"https:\/\/www.sindicaturabarcelona.cat\/es\/wp-json\/wp\/v2\/media?parent=11041"}],"wp:term":[{"taxonomy":"post_tag","embeddable":true,"href":"https:\/\/www.sindicaturabarcelona.cat\/es\/wp-json\/wp\/v2\/tags?post=11041"},{"taxonomy":"drets","embeddable":true,"href":"https:\/\/www.sindicaturabarcelona.cat\/es\/wp-json\/wp\/v2\/drets?post=11041"}],"curies":[{"name":"wp","href":"https:\/\/api.w.org\/{rel}","templated":true}]}}