{"id":11037,"date":"2018-04-01T00:00:00","date_gmt":"2018-03-31T22:00:00","guid":{"rendered":"http:\/\/minimalweb.tech\/sindica\/2018\/04\/01\/brunch-in-the-park-un-evento-que-genera-molestias-entre-los-vecinos-y-una-privatizacion-encubierta-del-espacio-publico\/"},"modified":"2020-11-30T12:20:30","modified_gmt":"2020-11-30T10:20:30","slug":"brunch-in-the-park-un-evento-que-genera-molestias-entre-los-vecinos-y-una-privatizacion-encubierta-del-espacio-publico","status":"publish","type":"post","link":"https:\/\/www.sindicaturabarcelona.cat\/es\/brunch-in-the-park-un-evento-que-genera-molestias-entre-los-vecinos-y-una-privatizacion-encubierta-del-espacio-publico\/","title":{"rendered":"Brunch-in the park, un evento que genera molestias entre los vecinos y una privatizaci\u00f3n encubierta del espacio p\u00fablico"},"content":{"rendered":"<p>La S\u00edndica de Greuges de Barcelona ha captado la preocupaci\u00f3n de los vecinos y vecinas del Distrito de Sants-Montju\u00efc por las celebraciones multitudinarias llamadas Brunch-in the park. El vecindario de la zona expresa sus quejas, principalmente, por dos motivos: las molestias ac\u00fasticas y c\u00edvicas, y la privatizaci\u00f3n encubierta de un espacio p\u00fablico.        <\/p>\n<p class=noti_nota><a href=\"https:\/\/www.sindicaturabarcelona.cat\/src\/pdf\/nota_631524643194.pdf\" target=\"_blank\" rel=\"noopener noreferrer\">Nota de prensa<\/a><\/p>\n","protected":false},"excerpt":{"rendered":"<p>La S\u00edndica de Greuges de Barcelona ha captado la preocupaci\u00f3n de los vecinos y vecinas del Distrito de Sants-Montju\u00efc por las celebraciones multitudinarias llamadas Brunch-in the park. El vecindario de [&hellip;]<\/p>\n","protected":false},"author":2,"featured_media":4910,"comment_status":"closed","ping_status":"open","sticky":false,"template":"","format":"standard","meta":{"_acf_changed":false,"footnotes":""},"tags":[],"drets":[],"class_list":["post-11037","post","type-post","status-publish","format-standard","has-post-thumbnail","hentry"],"acf":[],"yoast_head":"<!-- This site is optimized with the Yoast SEO plugin v27.5 - https:\/\/yoast.com\/product\/yoast-seo-wordpress\/ -->\n<title>Brunch-in the park, un evento que genera molestias entre los vecinos y una privatizaci\u00f3n encubierta del espacio p\u00fablico - Sindicatura de Greuges de Barcelona<\/title>\n<meta name=\"robots\" content=\"index, follow, max-snippet:-1, max-image-preview:large, max-video-preview:-1\" \/>\n<link rel=\"canonical\" href=\"https:\/\/www.sindicaturabarcelona.cat\/es\/brunch-in-the-park-un-evento-que-genera-molestias-entre-los-vecinos-y-una-privatizacion-encubierta-del-espacio-publico\/\" \/>\n<meta property=\"og:locale\" content=\"es_ES\" \/>\n<meta property=\"og:type\" content=\"article\" \/>\n<meta property=\"og:title\" content=\"Brunch-in the park, un evento que genera molestias entre los vecinos y una privatizaci\u00f3n encubierta del espacio p\u00fablico - Sindicatura de Greuges de Barcelona\" \/>\n<meta property=\"og:description\" content=\"La S\u00edndica de Greuges de Barcelona ha captado la preocupaci\u00f3n de los vecinos y vecinas del Distrito de Sants-Montju\u00efc por las celebraciones multitudinarias llamadas Brunch-in the park. El vecindario de [&hellip;]\" \/>\n<meta property=\"og:url\" content=\"https:\/\/www.sindicaturabarcelona.cat\/es\/brunch-in-the-park-un-evento-que-genera-molestias-entre-los-vecinos-y-una-privatizacion-encubierta-del-espacio-publico\/\" \/>\n<meta property=\"og:site_name\" content=\"Sindicatura de Greuges de Barcelona\" \/>\n<meta property=\"article:published_time\" content=\"2018-03-31T22:00:00+00:00\" \/>\n<meta property=\"article:modified_time\" content=\"2020-11-30T10:20:30+00:00\" \/>\n<meta property=\"og:image\" content=\"https:\/\/www.sindicaturabarcelona.cat\/wp-content\/uploads\/2020\/08\/img_391524665498.jpg\" \/>\n\t<meta property=\"og:image:width\" content=\"1200\" \/>\n\t<meta property=\"og:image:height\" content=\"900\" \/>\n\t<meta property=\"og:image:type\" content=\"image\/jpeg\" \/>\n<meta name=\"author\" content=\"Pablo\" \/>\n<meta name=\"twitter:card\" content=\"summary_large_image\" \/>\n<meta name=\"twitter:creator\" content=\"@sindicbarcelona\" \/>\n<meta name=\"twitter:site\" content=\"@sindicbarcelona\" \/>\n<meta name=\"twitter:label1\" content=\"Escrito por\" \/>\n\t<meta name=\"twitter:data1\" content=\"Pablo\" \/>\n<script type=\"application\/ld+json\" class=\"yoast-schema-graph\">{\"@context\":\"https:\\\/\\\/schema.org\",\"@graph\":[{\"@type\":\"Article\",\"@id\":\"https:\\\/\\\/www.sindicaturabarcelona.cat\\\/es\\\/brunch-in-the-park-un-evento-que-genera-molestias-entre-los-vecinos-y-una-privatizacion-encubierta-del-espacio-publico\\\/#article\",\"isPartOf\":{\"@id\":\"https:\\\/\\\/www.sindicaturabarcelona.cat\\\/es\\\/brunch-in-the-park-un-evento-que-genera-molestias-entre-los-vecinos-y-una-privatizacion-encubierta-del-espacio-publico\\\/\"},\"author\":{\"name\":\"Pablo\",\"@id\":\"https:\\\/\\\/www.sindicaturabarcelona.cat\\\/es\\\/#\\\/schema\\\/person\\\/0e5acffc350ffdbc97578159322c9452\"},\"headline\":\"Brunch-in the park, un evento que genera molestias entre los vecinos y una privatizaci\u00f3n encubierta del espacio p\u00fablico\",\"datePublished\":\"2018-03-31T22:00:00+00:00\",\"dateModified\":\"2020-11-30T10:20:30+00:00\",\"mainEntityOfPage\":{\"@id\":\"https:\\\/\\\/www.sindicaturabarcelona.cat\\\/es\\\/brunch-in-the-park-un-evento-que-genera-molestias-entre-los-vecinos-y-una-privatizacion-encubierta-del-espacio-publico\\\/\"},\"wordCount\":82,\"publisher\":{\"@id\":\"https:\\\/\\\/www.sindicaturabarcelona.cat\\\/es\\\/#organization\"},\"image\":{\"@id\":\"https:\\\/\\\/www.sindicaturabarcelona.cat\\\/es\\\/brunch-in-the-park-un-evento-que-genera-molestias-entre-los-vecinos-y-una-privatizacion-encubierta-del-espacio-publico\\\/#primaryimage\"},\"thumbnailUrl\":\"https:\\\/\\\/www.sindicaturabarcelona.cat\\\/wp-content\\\/uploads\\\/2020\\\/08\\\/img_391524665498.jpg\",\"articleSection\":[\"Espacio p\u00fablico\",\"Medio ambiente y salud p\u00fablica\",\"Seguridad y convivencia\"],\"inLanguage\":\"es\"},{\"@type\":\"WebPage\",\"@id\":\"https:\\\/\\\/www.sindicaturabarcelona.cat\\\/es\\\/brunch-in-the-park-un-evento-que-genera-molestias-entre-los-vecinos-y-una-privatizacion-encubierta-del-espacio-publico\\\/\",\"url\":\"https:\\\/\\\/www.sindicaturabarcelona.cat\\\/es\\\/brunch-in-the-park-un-evento-que-genera-molestias-entre-los-vecinos-y-una-privatizacion-encubierta-del-espacio-publico\\\/\",\"name\":\"Brunch-in the park, un evento que genera molestias entre los vecinos y una privatizaci\u00f3n encubierta del espacio p\u00fablico - Sindicatura de Greuges de Barcelona\",\"isPartOf\":{\"@id\":\"https:\\\/\\\/www.sindicaturabarcelona.cat\\\/es\\\/#website\"},\"primaryImageOfPage\":{\"@id\":\"https:\\\/\\\/www.sindicaturabarcelona.cat\\\/es\\\/brunch-in-the-park-un-evento-que-genera-molestias-entre-los-vecinos-y-una-privatizacion-encubierta-del-espacio-publico\\\/#primaryimage\"},\"image\":{\"@id\":\"https:\\\/\\\/www.sindicaturabarcelona.cat\\\/es\\\/brunch-in-the-park-un-evento-que-genera-molestias-entre-los-vecinos-y-una-privatizacion-encubierta-del-espacio-publico\\\/#primaryimage\"},\"thumbnailUrl\":\"https:\\\/\\\/www.sindicaturabarcelona.cat\\\/wp-content\\\/uploads\\\/2020\\\/08\\\/img_391524665498.jpg\",\"datePublished\":\"2018-03-31T22:00:00+00:00\",\"dateModified\":\"2020-11-30T10:20:30+00:00\",\"breadcrumb\":{\"@id\":\"https:\\\/\\\/www.sindicaturabarcelona.cat\\\/es\\\/brunch-in-the-park-un-evento-que-genera-molestias-entre-los-vecinos-y-una-privatizacion-encubierta-del-espacio-publico\\\/#breadcrumb\"},\"inLanguage\":\"es\",\"potentialAction\":[{\"@type\":\"ReadAction\",\"target\":[\"https:\\\/\\\/www.sindicaturabarcelona.cat\\\/es\\\/brunch-in-the-park-un-evento-que-genera-molestias-entre-los-vecinos-y-una-privatizacion-encubierta-del-espacio-publico\\\/\"]}]},{\"@type\":\"ImageObject\",\"inLanguage\":\"es\",\"@id\":\"https:\\\/\\\/www.sindicaturabarcelona.cat\\\/es\\\/brunch-in-the-park-un-evento-que-genera-molestias-entre-los-vecinos-y-una-privatizacion-encubierta-del-espacio-publico\\\/#primaryimage\",\"url\":\"https:\\\/\\\/www.sindicaturabarcelona.cat\\\/wp-content\\\/uploads\\\/2020\\\/08\\\/img_391524665498.jpg\",\"contentUrl\":\"https:\\\/\\\/www.sindicaturabarcelona.cat\\\/wp-content\\\/uploads\\\/2020\\\/08\\\/img_391524665498.jpg\",\"width\":1200,\"height\":900},{\"@type\":\"BreadcrumbList\",\"@id\":\"https:\\\/\\\/www.sindicaturabarcelona.cat\\\/es\\\/brunch-in-the-park-un-evento-que-genera-molestias-entre-los-vecinos-y-una-privatizacion-encubierta-del-espacio-publico\\\/#breadcrumb\",\"itemListElement\":[{\"@type\":\"ListItem\",\"position\":1,\"name\":\"Inici\",\"item\":\"https:\\\/\\\/www.sindicaturabarcelona.cat\\\/es\\\/\"},{\"@type\":\"ListItem\",\"position\":2,\"name\":\"Brunch-in the park, un evento que genera molestias entre los vecinos y una privatizaci\u00f3n encubierta del espacio p\u00fablico\"}]},{\"@type\":\"WebSite\",\"@id\":\"https:\\\/\\\/www.sindicaturabarcelona.cat\\\/es\\\/#website\",\"url\":\"https:\\\/\\\/www.sindicaturabarcelona.cat\\\/es\\\/\",\"name\":\"Sindicatura de Greuges de Barcelona\",\"description\":\"La defensoria dels teus drets\",\"publisher\":{\"@id\":\"https:\\\/\\\/www.sindicaturabarcelona.cat\\\/es\\\/#organization\"},\"potentialAction\":[{\"@type\":\"SearchAction\",\"target\":{\"@type\":\"EntryPoint\",\"urlTemplate\":\"https:\\\/\\\/www.sindicaturabarcelona.cat\\\/es\\\/?s={search_term_string}\"},\"query-input\":{\"@type\":\"PropertyValueSpecification\",\"valueRequired\":true,\"valueName\":\"search_term_string\"}}],\"inLanguage\":\"es\"},{\"@type\":\"Organization\",\"@id\":\"https:\\\/\\\/www.sindicaturabarcelona.cat\\\/es\\\/#organization\",\"name\":\"Sindicatura de Greuges de Barcelona\",\"url\":\"https:\\\/\\\/www.sindicaturabarcelona.cat\\\/es\\\/\",\"logo\":{\"@type\":\"ImageObject\",\"inLanguage\":\"es\",\"@id\":\"https:\\\/\\\/www.sindicaturabarcelona.cat\\\/es\\\/#\\\/schema\\\/logo\\\/image\\\/\",\"url\":\"https:\\\/\\\/www.sindicaturabarcelona.cat\\\/wp-content\\\/uploads\\\/2023\\\/02\\\/logo_sindicatura.svg\",\"contentUrl\":\"https:\\\/\\\/www.sindicaturabarcelona.cat\\\/wp-content\\\/uploads\\\/2023\\\/02\\\/logo_sindicatura.svg\",\"caption\":\"Sindicatura de Greuges de Barcelona\"},\"image\":{\"@id\":\"https:\\\/\\\/www.sindicaturabarcelona.cat\\\/es\\\/#\\\/schema\\\/logo\\\/image\\\/\"},\"sameAs\":[\"https:\\\/\\\/x.com\\\/sindicbarcelona\",\"https:\\\/\\\/www.instagram.com\\\/sindicbarcelona\\\/\",\"https:\\\/\\\/www.tiktok.com\\\/@sindicaturabcn\",\"https:\\\/\\\/t.me\\\/sindicaturabarcelona\"]},{\"@type\":\"Person\",\"@id\":\"https:\\\/\\\/www.sindicaturabarcelona.cat\\\/es\\\/#\\\/schema\\\/person\\\/0e5acffc350ffdbc97578159322c9452\",\"name\":\"Pablo\",\"image\":{\"@type\":\"ImageObject\",\"inLanguage\":\"es\",\"@id\":\"https:\\\/\\\/secure.gravatar.com\\\/avatar\\\/c948169b402ef9492afde705c3dfd5e90e1a6a84ef6840a91124f805a25a480f?s=96&d=mm&r=g\",\"url\":\"https:\\\/\\\/secure.gravatar.com\\\/avatar\\\/c948169b402ef9492afde705c3dfd5e90e1a6a84ef6840a91124f805a25a480f?s=96&d=mm&r=g\",\"contentUrl\":\"https:\\\/\\\/secure.gravatar.com\\\/avatar\\\/c948169b402ef9492afde705c3dfd5e90e1a6a84ef6840a91124f805a25a480f?s=96&d=mm&r=g\",\"caption\":\"Pablo\"},\"url\":\"https:\\\/\\\/www.sindicaturabarcelona.cat\\\/es\\\/author\\\/pablo\\\/\"}]}<\/script>\n<!-- \/ Yoast SEO plugin. -->","yoast_head_json":{"title":"Brunch-in the park, un evento que genera molestias entre los vecinos y una privatizaci\u00f3n encubierta del espacio p\u00fablico - Sindicatura de Greuges de Barcelona","robots":{"index":"index","follow":"follow","max-snippet":"max-snippet:-1","max-image-preview":"max-image-preview:large","max-video-preview":"max-video-preview:-1"},"canonical":"https:\/\/www.sindicaturabarcelona.cat\/es\/brunch-in-the-park-un-evento-que-genera-molestias-entre-los-vecinos-y-una-privatizacion-encubierta-del-espacio-publico\/","og_locale":"es_ES","og_type":"article","og_title":"Brunch-in the park, un evento que genera molestias entre los vecinos y una privatizaci\u00f3n encubierta del espacio p\u00fablico - Sindicatura de Greuges de Barcelona","og_description":"La S\u00edndica de Greuges de Barcelona ha captado la preocupaci\u00f3n de los vecinos y vecinas del Distrito de Sants-Montju\u00efc por las celebraciones multitudinarias llamadas Brunch-in the park. El vecindario de [&hellip;]","og_url":"https:\/\/www.sindicaturabarcelona.cat\/es\/brunch-in-the-park-un-evento-que-genera-molestias-entre-los-vecinos-y-una-privatizacion-encubierta-del-espacio-publico\/","og_site_name":"Sindicatura de Greuges de Barcelona","article_published_time":"2018-03-31T22:00:00+00:00","article_modified_time":"2020-11-30T10:20:30+00:00","og_image":[{"width":1200,"height":900,"url":"https:\/\/www.sindicaturabarcelona.cat\/wp-content\/uploads\/2020\/08\/img_391524665498.jpg","type":"image\/jpeg"}],"author":"Pablo","twitter_card":"summary_large_image","twitter_creator":"@sindicbarcelona","twitter_site":"@sindicbarcelona","twitter_misc":{"Escrito por":"Pablo"},"schema":{"@context":"https:\/\/schema.org","@graph":[{"@type":"Article","@id":"https:\/\/www.sindicaturabarcelona.cat\/es\/brunch-in-the-park-un-evento-que-genera-molestias-entre-los-vecinos-y-una-privatizacion-encubierta-del-espacio-publico\/#article","isPartOf":{"@id":"https:\/\/www.sindicaturabarcelona.cat\/es\/brunch-in-the-park-un-evento-que-genera-molestias-entre-los-vecinos-y-una-privatizacion-encubierta-del-espacio-publico\/"},"author":{"name":"Pablo","@id":"https:\/\/www.sindicaturabarcelona.cat\/es\/#\/schema\/person\/0e5acffc350ffdbc97578159322c9452"},"headline":"Brunch-in the park, un evento que genera molestias entre los vecinos y una privatizaci\u00f3n encubierta del espacio p\u00fablico","datePublished":"2018-03-31T22:00:00+00:00","dateModified":"2020-11-30T10:20:30+00:00","mainEntityOfPage":{"@id":"https:\/\/www.sindicaturabarcelona.cat\/es\/brunch-in-the-park-un-evento-que-genera-molestias-entre-los-vecinos-y-una-privatizacion-encubierta-del-espacio-publico\/"},"wordCount":82,"publisher":{"@id":"https:\/\/www.sindicaturabarcelona.cat\/es\/#organization"},"image":{"@id":"https:\/\/www.sindicaturabarcelona.cat\/es\/brunch-in-the-park-un-evento-que-genera-molestias-entre-los-vecinos-y-una-privatizacion-encubierta-del-espacio-publico\/#primaryimage"},"thumbnailUrl":"https:\/\/www.sindicaturabarcelona.cat\/wp-content\/uploads\/2020\/08\/img_391524665498.jpg","articleSection":["Espacio p\u00fablico","Medio ambiente y salud p\u00fablica","Seguridad y convivencia"],"inLanguage":"es"},{"@type":"WebPage","@id":"https:\/\/www.sindicaturabarcelona.cat\/es\/brunch-in-the-park-un-evento-que-genera-molestias-entre-los-vecinos-y-una-privatizacion-encubierta-del-espacio-publico\/","url":"https:\/\/www.sindicaturabarcelona.cat\/es\/brunch-in-the-park-un-evento-que-genera-molestias-entre-los-vecinos-y-una-privatizacion-encubierta-del-espacio-publico\/","name":"Brunch-in the park, un evento que genera molestias entre los vecinos y una privatizaci\u00f3n encubierta del espacio p\u00fablico - Sindicatura de Greuges de Barcelona","isPartOf":{"@id":"https:\/\/www.sindicaturabarcelona.cat\/es\/#website"},"primaryImageOfPage":{"@id":"https:\/\/www.sindicaturabarcelona.cat\/es\/brunch-in-the-park-un-evento-que-genera-molestias-entre-los-vecinos-y-una-privatizacion-encubierta-del-espacio-publico\/#primaryimage"},"image":{"@id":"https:\/\/www.sindicaturabarcelona.cat\/es\/brunch-in-the-park-un-evento-que-genera-molestias-entre-los-vecinos-y-una-privatizacion-encubierta-del-espacio-publico\/#primaryimage"},"thumbnailUrl":"https:\/\/www.sindicaturabarcelona.cat\/wp-content\/uploads\/2020\/08\/img_391524665498.jpg","datePublished":"2018-03-31T22:00:00+00:00","dateModified":"2020-11-30T10:20:30+00:00","breadcrumb":{"@id":"https:\/\/www.sindicaturabarcelona.cat\/es\/brunch-in-the-park-un-evento-que-genera-molestias-entre-los-vecinos-y-una-privatizacion-encubierta-del-espacio-publico\/#breadcrumb"},"inLanguage":"es","potentialAction":[{"@type":"ReadAction","target":["https:\/\/www.sindicaturabarcelona.cat\/es\/brunch-in-the-park-un-evento-que-genera-molestias-entre-los-vecinos-y-una-privatizacion-encubierta-del-espacio-publico\/"]}]},{"@type":"ImageObject","inLanguage":"es","@id":"https:\/\/www.sindicaturabarcelona.cat\/es\/brunch-in-the-park-un-evento-que-genera-molestias-entre-los-vecinos-y-una-privatizacion-encubierta-del-espacio-publico\/#primaryimage","url":"https:\/\/www.sindicaturabarcelona.cat\/wp-content\/uploads\/2020\/08\/img_391524665498.jpg","contentUrl":"https:\/\/www.sindicaturabarcelona.cat\/wp-content\/uploads\/2020\/08\/img_391524665498.jpg","width":1200,"height":900},{"@type":"BreadcrumbList","@id":"https:\/\/www.sindicaturabarcelona.cat\/es\/brunch-in-the-park-un-evento-que-genera-molestias-entre-los-vecinos-y-una-privatizacion-encubierta-del-espacio-publico\/#breadcrumb","itemListElement":[{"@type":"ListItem","position":1,"name":"Inici","item":"https:\/\/www.sindicaturabarcelona.cat\/es\/"},{"@type":"ListItem","position":2,"name":"Brunch-in the park, un evento que genera molestias entre los vecinos y una privatizaci\u00f3n encubierta del espacio p\u00fablico"}]},{"@type":"WebSite","@id":"https:\/\/www.sindicaturabarcelona.cat\/es\/#website","url":"https:\/\/www.sindicaturabarcelona.cat\/es\/","name":"Sindicatura de Greuges de Barcelona","description":"La defensoria dels teus drets","publisher":{"@id":"https:\/\/www.sindicaturabarcelona.cat\/es\/#organization"},"potentialAction":[{"@type":"SearchAction","target":{"@type":"EntryPoint","urlTemplate":"https:\/\/www.sindicaturabarcelona.cat\/es\/?s={search_term_string}"},"query-input":{"@type":"PropertyValueSpecification","valueRequired":true,"valueName":"search_term_string"}}],"inLanguage":"es"},{"@type":"Organization","@id":"https:\/\/www.sindicaturabarcelona.cat\/es\/#organization","name":"Sindicatura de Greuges de Barcelona","url":"https:\/\/www.sindicaturabarcelona.cat\/es\/","logo":{"@type":"ImageObject","inLanguage":"es","@id":"https:\/\/www.sindicaturabarcelona.cat\/es\/#\/schema\/logo\/image\/","url":"https:\/\/www.sindicaturabarcelona.cat\/wp-content\/uploads\/2023\/02\/logo_sindicatura.svg","contentUrl":"https:\/\/www.sindicaturabarcelona.cat\/wp-content\/uploads\/2023\/02\/logo_sindicatura.svg","caption":"Sindicatura de Greuges de Barcelona"},"image":{"@id":"https:\/\/www.sindicaturabarcelona.cat\/es\/#\/schema\/logo\/image\/"},"sameAs":["https:\/\/x.com\/sindicbarcelona","https:\/\/www.instagram.com\/sindicbarcelona\/","https:\/\/www.tiktok.com\/@sindicaturabcn","https:\/\/t.me\/sindicaturabarcelona"]},{"@type":"Person","@id":"https:\/\/www.sindicaturabarcelona.cat\/es\/#\/schema\/person\/0e5acffc350ffdbc97578159322c9452","name":"Pablo","image":{"@type":"ImageObject","inLanguage":"es","@id":"https:\/\/secure.gravatar.com\/avatar\/c948169b402ef9492afde705c3dfd5e90e1a6a84ef6840a91124f805a25a480f?s=96&d=mm&r=g","url":"https:\/\/secure.gravatar.com\/avatar\/c948169b402ef9492afde705c3dfd5e90e1a6a84ef6840a91124f805a25a480f?s=96&d=mm&r=g","contentUrl":"https:\/\/secure.gravatar.com\/avatar\/c948169b402ef9492afde705c3dfd5e90e1a6a84ef6840a91124f805a25a480f?s=96&d=mm&r=g","caption":"Pablo"},"url":"https:\/\/www.sindicaturabarcelona.cat\/es\/author\/pablo\/"}]}},"_links":{"self":[{"href":"https:\/\/www.sindicaturabarcelona.cat\/es\/wp-json\/wp\/v2\/posts\/11037","targetHints":{"allow":["GET"]}}],"collection":[{"href":"https:\/\/www.sindicaturabarcelona.cat\/es\/wp-json\/wp\/v2\/posts"}],"about":[{"href":"https:\/\/www.sindicaturabarcelona.cat\/es\/wp-json\/wp\/v2\/types\/post"}],"author":[{"embeddable":true,"href":"https:\/\/www.sindicaturabarcelona.cat\/es\/wp-json\/wp\/v2\/users\/2"}],"replies":[{"embeddable":true,"href":"https:\/\/www.sindicaturabarcelona.cat\/es\/wp-json\/wp\/v2\/comments?post=11037"}],"version-history":[{"count":0,"href":"https:\/\/www.sindicaturabarcelona.cat\/es\/wp-json\/wp\/v2\/posts\/11037\/revisions"}],"wp:featuredmedia":[{"embeddable":true,"href":"https:\/\/www.sindicaturabarcelona.cat\/es\/wp-json\/wp\/v2\/media\/4910"}],"wp:attachment":[{"href":"https:\/\/www.sindicaturabarcelona.cat\/es\/wp-json\/wp\/v2\/media?parent=11037"}],"wp:term":[{"taxonomy":"post_tag","embeddable":true,"href":"https:\/\/www.sindicaturabarcelona.cat\/es\/wp-json\/wp\/v2\/tags?post=11037"},{"taxonomy":"drets","embeddable":true,"href":"https:\/\/www.sindicaturabarcelona.cat\/es\/wp-json\/wp\/v2\/drets?post=11037"}],"curies":[{"name":"wp","href":"https:\/\/api.w.org\/{rel}","templated":true}]}}