{"id":11025,"date":"2018-03-01T00:00:00","date_gmt":"2018-02-28T22:00:00","guid":{"rendered":"http:\/\/minimalweb.tech\/sindica\/2018\/03\/01\/la-accesibilidad-en-los-centros-publicos-de-salud-de-barcelona-tema-central-de-la-ultima-actuacion-de-oficio\/"},"modified":"2020-11-30T12:21:49","modified_gmt":"2020-11-30T10:21:49","slug":"la-accesibilidad-en-los-centros-publicos-de-salud-de-barcelona-tema-central-de-la-ultima-actuacion-de-oficio","status":"publish","type":"post","link":"https:\/\/www.sindicaturabarcelona.cat\/es\/la-accesibilidad-en-los-centros-publicos-de-salud-de-barcelona-tema-central-de-la-ultima-actuacion-de-oficio\/","title":{"rendered":"La accesibilidad en los centros p\u00fablicos de salud de Barcelona, tema central de la \u00faltima actuaci\u00f3n de oficio"},"content":{"rendered":"<p>La Sindicatura de Greuges de Barcelona ten\u00eda conocimiento de las dificultades de accesibilidad con las que se han encontrado los usuarios con movilidad reducida en los servicios p\u00fablicos de salud, tanto en los Centros de Atenci\u00f3n Primaria (CAP), los centros hospitalarios, como en la atenci\u00f3n a las urgencias. Por este motivo, actu\u00f3 de oficio y solicit\u00f3 informaci\u00f3n a la comisionada de salud sobre diferentes aspectos de la accesibilidad en la atenci\u00f3n a la salud en Barcelona.<\/p>\n<p class=noti_nota><a href=\"https:\/\/www.sindicaturabarcelona.cat\/src\/pdf\/nota_511521630846.pdf\" target=\"_blank\" rel=\"noopener noreferrer\">Nota de prensa<\/a><\/p>\n","protected":false},"excerpt":{"rendered":"<p>La Sindicatura de Greuges de Barcelona ten\u00eda conocimiento de las dificultades de accesibilidad con las que se han encontrado los usuarios con movilidad reducida en los servicios p\u00fablicos de salud, [&hellip;]<\/p>\n","protected":false},"author":2,"featured_media":4886,"comment_status":"closed","ping_status":"open","sticky":false,"template":"","format":"standard","meta":{"_acf_changed":false,"footnotes":""},"tags":[],"drets":[],"class_list":["post-11025","post","type-post","status-publish","format-standard","has-post-thumbnail","hentry"],"acf":[],"yoast_head":"<!-- This site is optimized with the Yoast SEO plugin v27.5 - https:\/\/yoast.com\/product\/yoast-seo-wordpress\/ -->\n<title>La accesibilidad en los centros p\u00fablicos de salud de Barcelona, tema central de la \u00faltima actuaci\u00f3n de oficio - Sindicatura de Greuges de Barcelona<\/title>\n<meta name=\"robots\" content=\"index, follow, max-snippet:-1, max-image-preview:large, max-video-preview:-1\" \/>\n<link rel=\"canonical\" href=\"https:\/\/www.sindicaturabarcelona.cat\/es\/la-accesibilidad-en-los-centros-publicos-de-salud-de-barcelona-tema-central-de-la-ultima-actuacion-de-oficio\/\" \/>\n<meta property=\"og:locale\" content=\"es_ES\" \/>\n<meta property=\"og:type\" content=\"article\" \/>\n<meta property=\"og:title\" content=\"La accesibilidad en los centros p\u00fablicos de salud de Barcelona, tema central de la \u00faltima actuaci\u00f3n de oficio - Sindicatura de Greuges de Barcelona\" \/>\n<meta property=\"og:description\" content=\"La Sindicatura de Greuges de Barcelona ten\u00eda conocimiento de las dificultades de accesibilidad con las que se han encontrado los usuarios con movilidad reducida en los servicios p\u00fablicos de salud, [&hellip;]\" \/>\n<meta property=\"og:url\" content=\"https:\/\/www.sindicaturabarcelona.cat\/es\/la-accesibilidad-en-los-centros-publicos-de-salud-de-barcelona-tema-central-de-la-ultima-actuacion-de-oficio\/\" \/>\n<meta property=\"og:site_name\" content=\"Sindicatura de Greuges de Barcelona\" \/>\n<meta property=\"article:published_time\" content=\"2018-02-28T22:00:00+00:00\" \/>\n<meta property=\"article:modified_time\" content=\"2020-11-30T10:21:49+00:00\" \/>\n<meta property=\"og:image\" content=\"https:\/\/www.sindicaturabarcelona.cat\/wp-content\/uploads\/2020\/08\/img_941521630846.jpg\" \/>\n\t<meta property=\"og:image:width\" content=\"900\" \/>\n\t<meta property=\"og:image:height\" content=\"450\" \/>\n\t<meta property=\"og:image:type\" content=\"image\/jpeg\" \/>\n<meta name=\"author\" content=\"Pablo\" \/>\n<meta name=\"twitter:card\" content=\"summary_large_image\" \/>\n<meta name=\"twitter:creator\" content=\"@sindicbarcelona\" \/>\n<meta name=\"twitter:site\" content=\"@sindicbarcelona\" \/>\n<meta name=\"twitter:label1\" content=\"Escrito por\" \/>\n\t<meta name=\"twitter:data1\" content=\"Pablo\" \/>\n<script type=\"application\/ld+json\" class=\"yoast-schema-graph\">{\"@context\":\"https:\\\/\\\/schema.org\",\"@graph\":[{\"@type\":\"Article\",\"@id\":\"https:\\\/\\\/www.sindicaturabarcelona.cat\\\/es\\\/la-accesibilidad-en-los-centros-publicos-de-salud-de-barcelona-tema-central-de-la-ultima-actuacion-de-oficio\\\/#article\",\"isPartOf\":{\"@id\":\"https:\\\/\\\/www.sindicaturabarcelona.cat\\\/es\\\/la-accesibilidad-en-los-centros-publicos-de-salud-de-barcelona-tema-central-de-la-ultima-actuacion-de-oficio\\\/\"},\"author\":{\"name\":\"Pablo\",\"@id\":\"https:\\\/\\\/www.sindicaturabarcelona.cat\\\/es\\\/#\\\/schema\\\/person\\\/0e5acffc350ffdbc97578159322c9452\"},\"headline\":\"La accesibilidad en los centros p\u00fablicos de salud de Barcelona, tema central de la \u00faltima actuaci\u00f3n de oficio\",\"datePublished\":\"2018-02-28T22:00:00+00:00\",\"dateModified\":\"2020-11-30T10:21:49+00:00\",\"mainEntityOfPage\":{\"@id\":\"https:\\\/\\\/www.sindicaturabarcelona.cat\\\/es\\\/la-accesibilidad-en-los-centros-publicos-de-salud-de-barcelona-tema-central-de-la-ultima-actuacion-de-oficio\\\/\"},\"wordCount\":105,\"publisher\":{\"@id\":\"https:\\\/\\\/www.sindicaturabarcelona.cat\\\/es\\\/#organization\"},\"image\":{\"@id\":\"https:\\\/\\\/www.sindicaturabarcelona.cat\\\/es\\\/la-accesibilidad-en-los-centros-publicos-de-salud-de-barcelona-tema-central-de-la-ultima-actuacion-de-oficio\\\/#primaryimage\"},\"thumbnailUrl\":\"https:\\\/\\\/www.sindicaturabarcelona.cat\\\/wp-content\\\/uploads\\\/2020\\\/08\\\/img_941521630846.jpg\",\"articleSection\":[\"Accesibilidad\",\"Buen gobierno\",\"Salud\"],\"inLanguage\":\"es\"},{\"@type\":\"WebPage\",\"@id\":\"https:\\\/\\\/www.sindicaturabarcelona.cat\\\/es\\\/la-accesibilidad-en-los-centros-publicos-de-salud-de-barcelona-tema-central-de-la-ultima-actuacion-de-oficio\\\/\",\"url\":\"https:\\\/\\\/www.sindicaturabarcelona.cat\\\/es\\\/la-accesibilidad-en-los-centros-publicos-de-salud-de-barcelona-tema-central-de-la-ultima-actuacion-de-oficio\\\/\",\"name\":\"La accesibilidad en los centros p\u00fablicos de salud de Barcelona, tema central de la \u00faltima actuaci\u00f3n de oficio - Sindicatura de Greuges de Barcelona\",\"isPartOf\":{\"@id\":\"https:\\\/\\\/www.sindicaturabarcelona.cat\\\/es\\\/#website\"},\"primaryImageOfPage\":{\"@id\":\"https:\\\/\\\/www.sindicaturabarcelona.cat\\\/es\\\/la-accesibilidad-en-los-centros-publicos-de-salud-de-barcelona-tema-central-de-la-ultima-actuacion-de-oficio\\\/#primaryimage\"},\"image\":{\"@id\":\"https:\\\/\\\/www.sindicaturabarcelona.cat\\\/es\\\/la-accesibilidad-en-los-centros-publicos-de-salud-de-barcelona-tema-central-de-la-ultima-actuacion-de-oficio\\\/#primaryimage\"},\"thumbnailUrl\":\"https:\\\/\\\/www.sindicaturabarcelona.cat\\\/wp-content\\\/uploads\\\/2020\\\/08\\\/img_941521630846.jpg\",\"datePublished\":\"2018-02-28T22:00:00+00:00\",\"dateModified\":\"2020-11-30T10:21:49+00:00\",\"breadcrumb\":{\"@id\":\"https:\\\/\\\/www.sindicaturabarcelona.cat\\\/es\\\/la-accesibilidad-en-los-centros-publicos-de-salud-de-barcelona-tema-central-de-la-ultima-actuacion-de-oficio\\\/#breadcrumb\"},\"inLanguage\":\"es\",\"potentialAction\":[{\"@type\":\"ReadAction\",\"target\":[\"https:\\\/\\\/www.sindicaturabarcelona.cat\\\/es\\\/la-accesibilidad-en-los-centros-publicos-de-salud-de-barcelona-tema-central-de-la-ultima-actuacion-de-oficio\\\/\"]}]},{\"@type\":\"ImageObject\",\"inLanguage\":\"es\",\"@id\":\"https:\\\/\\\/www.sindicaturabarcelona.cat\\\/es\\\/la-accesibilidad-en-los-centros-publicos-de-salud-de-barcelona-tema-central-de-la-ultima-actuacion-de-oficio\\\/#primaryimage\",\"url\":\"https:\\\/\\\/www.sindicaturabarcelona.cat\\\/wp-content\\\/uploads\\\/2020\\\/08\\\/img_941521630846.jpg\",\"contentUrl\":\"https:\\\/\\\/www.sindicaturabarcelona.cat\\\/wp-content\\\/uploads\\\/2020\\\/08\\\/img_941521630846.jpg\",\"width\":900,\"height\":450},{\"@type\":\"BreadcrumbList\",\"@id\":\"https:\\\/\\\/www.sindicaturabarcelona.cat\\\/es\\\/la-accesibilidad-en-los-centros-publicos-de-salud-de-barcelona-tema-central-de-la-ultima-actuacion-de-oficio\\\/#breadcrumb\",\"itemListElement\":[{\"@type\":\"ListItem\",\"position\":1,\"name\":\"Inici\",\"item\":\"https:\\\/\\\/www.sindicaturabarcelona.cat\\\/es\\\/\"},{\"@type\":\"ListItem\",\"position\":2,\"name\":\"La accesibilidad en los centros p\u00fablicos de salud de Barcelona, tema central de la \u00faltima actuaci\u00f3n de oficio\"}]},{\"@type\":\"WebSite\",\"@id\":\"https:\\\/\\\/www.sindicaturabarcelona.cat\\\/es\\\/#website\",\"url\":\"https:\\\/\\\/www.sindicaturabarcelona.cat\\\/es\\\/\",\"name\":\"Sindicatura de Greuges de Barcelona\",\"description\":\"La defensoria dels teus drets\",\"publisher\":{\"@id\":\"https:\\\/\\\/www.sindicaturabarcelona.cat\\\/es\\\/#organization\"},\"potentialAction\":[{\"@type\":\"SearchAction\",\"target\":{\"@type\":\"EntryPoint\",\"urlTemplate\":\"https:\\\/\\\/www.sindicaturabarcelona.cat\\\/es\\\/?s={search_term_string}\"},\"query-input\":{\"@type\":\"PropertyValueSpecification\",\"valueRequired\":true,\"valueName\":\"search_term_string\"}}],\"inLanguage\":\"es\"},{\"@type\":\"Organization\",\"@id\":\"https:\\\/\\\/www.sindicaturabarcelona.cat\\\/es\\\/#organization\",\"name\":\"Sindicatura de Greuges de Barcelona\",\"url\":\"https:\\\/\\\/www.sindicaturabarcelona.cat\\\/es\\\/\",\"logo\":{\"@type\":\"ImageObject\",\"inLanguage\":\"es\",\"@id\":\"https:\\\/\\\/www.sindicaturabarcelona.cat\\\/es\\\/#\\\/schema\\\/logo\\\/image\\\/\",\"url\":\"https:\\\/\\\/www.sindicaturabarcelona.cat\\\/wp-content\\\/uploads\\\/2023\\\/02\\\/logo_sindicatura.svg\",\"contentUrl\":\"https:\\\/\\\/www.sindicaturabarcelona.cat\\\/wp-content\\\/uploads\\\/2023\\\/02\\\/logo_sindicatura.svg\",\"caption\":\"Sindicatura de Greuges de Barcelona\"},\"image\":{\"@id\":\"https:\\\/\\\/www.sindicaturabarcelona.cat\\\/es\\\/#\\\/schema\\\/logo\\\/image\\\/\"},\"sameAs\":[\"https:\\\/\\\/x.com\\\/sindicbarcelona\",\"https:\\\/\\\/www.instagram.com\\\/sindicbarcelona\\\/\",\"https:\\\/\\\/www.tiktok.com\\\/@sindicaturabcn\",\"https:\\\/\\\/t.me\\\/sindicaturabarcelona\"]},{\"@type\":\"Person\",\"@id\":\"https:\\\/\\\/www.sindicaturabarcelona.cat\\\/es\\\/#\\\/schema\\\/person\\\/0e5acffc350ffdbc97578159322c9452\",\"name\":\"Pablo\",\"image\":{\"@type\":\"ImageObject\",\"inLanguage\":\"es\",\"@id\":\"https:\\\/\\\/secure.gravatar.com\\\/avatar\\\/c948169b402ef9492afde705c3dfd5e90e1a6a84ef6840a91124f805a25a480f?s=96&d=mm&r=g\",\"url\":\"https:\\\/\\\/secure.gravatar.com\\\/avatar\\\/c948169b402ef9492afde705c3dfd5e90e1a6a84ef6840a91124f805a25a480f?s=96&d=mm&r=g\",\"contentUrl\":\"https:\\\/\\\/secure.gravatar.com\\\/avatar\\\/c948169b402ef9492afde705c3dfd5e90e1a6a84ef6840a91124f805a25a480f?s=96&d=mm&r=g\",\"caption\":\"Pablo\"},\"url\":\"https:\\\/\\\/www.sindicaturabarcelona.cat\\\/es\\\/author\\\/pablo\\\/\"}]}<\/script>\n<!-- \/ Yoast SEO plugin. -->","yoast_head_json":{"title":"La accesibilidad en los centros p\u00fablicos de salud de Barcelona, tema central de la \u00faltima actuaci\u00f3n de oficio - Sindicatura de Greuges de Barcelona","robots":{"index":"index","follow":"follow","max-snippet":"max-snippet:-1","max-image-preview":"max-image-preview:large","max-video-preview":"max-video-preview:-1"},"canonical":"https:\/\/www.sindicaturabarcelona.cat\/es\/la-accesibilidad-en-los-centros-publicos-de-salud-de-barcelona-tema-central-de-la-ultima-actuacion-de-oficio\/","og_locale":"es_ES","og_type":"article","og_title":"La accesibilidad en los centros p\u00fablicos de salud de Barcelona, tema central de la \u00faltima actuaci\u00f3n de oficio - Sindicatura de Greuges de Barcelona","og_description":"La Sindicatura de Greuges de Barcelona ten\u00eda conocimiento de las dificultades de accesibilidad con las que se han encontrado los usuarios con movilidad reducida en los servicios p\u00fablicos de salud, [&hellip;]","og_url":"https:\/\/www.sindicaturabarcelona.cat\/es\/la-accesibilidad-en-los-centros-publicos-de-salud-de-barcelona-tema-central-de-la-ultima-actuacion-de-oficio\/","og_site_name":"Sindicatura de Greuges de Barcelona","article_published_time":"2018-02-28T22:00:00+00:00","article_modified_time":"2020-11-30T10:21:49+00:00","og_image":[{"width":900,"height":450,"url":"https:\/\/www.sindicaturabarcelona.cat\/wp-content\/uploads\/2020\/08\/img_941521630846.jpg","type":"image\/jpeg"}],"author":"Pablo","twitter_card":"summary_large_image","twitter_creator":"@sindicbarcelona","twitter_site":"@sindicbarcelona","twitter_misc":{"Escrito por":"Pablo"},"schema":{"@context":"https:\/\/schema.org","@graph":[{"@type":"Article","@id":"https:\/\/www.sindicaturabarcelona.cat\/es\/la-accesibilidad-en-los-centros-publicos-de-salud-de-barcelona-tema-central-de-la-ultima-actuacion-de-oficio\/#article","isPartOf":{"@id":"https:\/\/www.sindicaturabarcelona.cat\/es\/la-accesibilidad-en-los-centros-publicos-de-salud-de-barcelona-tema-central-de-la-ultima-actuacion-de-oficio\/"},"author":{"name":"Pablo","@id":"https:\/\/www.sindicaturabarcelona.cat\/es\/#\/schema\/person\/0e5acffc350ffdbc97578159322c9452"},"headline":"La accesibilidad en los centros p\u00fablicos de salud de Barcelona, tema central de la \u00faltima actuaci\u00f3n de oficio","datePublished":"2018-02-28T22:00:00+00:00","dateModified":"2020-11-30T10:21:49+00:00","mainEntityOfPage":{"@id":"https:\/\/www.sindicaturabarcelona.cat\/es\/la-accesibilidad-en-los-centros-publicos-de-salud-de-barcelona-tema-central-de-la-ultima-actuacion-de-oficio\/"},"wordCount":105,"publisher":{"@id":"https:\/\/www.sindicaturabarcelona.cat\/es\/#organization"},"image":{"@id":"https:\/\/www.sindicaturabarcelona.cat\/es\/la-accesibilidad-en-los-centros-publicos-de-salud-de-barcelona-tema-central-de-la-ultima-actuacion-de-oficio\/#primaryimage"},"thumbnailUrl":"https:\/\/www.sindicaturabarcelona.cat\/wp-content\/uploads\/2020\/08\/img_941521630846.jpg","articleSection":["Accesibilidad","Buen gobierno","Salud"],"inLanguage":"es"},{"@type":"WebPage","@id":"https:\/\/www.sindicaturabarcelona.cat\/es\/la-accesibilidad-en-los-centros-publicos-de-salud-de-barcelona-tema-central-de-la-ultima-actuacion-de-oficio\/","url":"https:\/\/www.sindicaturabarcelona.cat\/es\/la-accesibilidad-en-los-centros-publicos-de-salud-de-barcelona-tema-central-de-la-ultima-actuacion-de-oficio\/","name":"La accesibilidad en los centros p\u00fablicos de salud de Barcelona, tema central de la \u00faltima actuaci\u00f3n de oficio - Sindicatura de Greuges de Barcelona","isPartOf":{"@id":"https:\/\/www.sindicaturabarcelona.cat\/es\/#website"},"primaryImageOfPage":{"@id":"https:\/\/www.sindicaturabarcelona.cat\/es\/la-accesibilidad-en-los-centros-publicos-de-salud-de-barcelona-tema-central-de-la-ultima-actuacion-de-oficio\/#primaryimage"},"image":{"@id":"https:\/\/www.sindicaturabarcelona.cat\/es\/la-accesibilidad-en-los-centros-publicos-de-salud-de-barcelona-tema-central-de-la-ultima-actuacion-de-oficio\/#primaryimage"},"thumbnailUrl":"https:\/\/www.sindicaturabarcelona.cat\/wp-content\/uploads\/2020\/08\/img_941521630846.jpg","datePublished":"2018-02-28T22:00:00+00:00","dateModified":"2020-11-30T10:21:49+00:00","breadcrumb":{"@id":"https:\/\/www.sindicaturabarcelona.cat\/es\/la-accesibilidad-en-los-centros-publicos-de-salud-de-barcelona-tema-central-de-la-ultima-actuacion-de-oficio\/#breadcrumb"},"inLanguage":"es","potentialAction":[{"@type":"ReadAction","target":["https:\/\/www.sindicaturabarcelona.cat\/es\/la-accesibilidad-en-los-centros-publicos-de-salud-de-barcelona-tema-central-de-la-ultima-actuacion-de-oficio\/"]}]},{"@type":"ImageObject","inLanguage":"es","@id":"https:\/\/www.sindicaturabarcelona.cat\/es\/la-accesibilidad-en-los-centros-publicos-de-salud-de-barcelona-tema-central-de-la-ultima-actuacion-de-oficio\/#primaryimage","url":"https:\/\/www.sindicaturabarcelona.cat\/wp-content\/uploads\/2020\/08\/img_941521630846.jpg","contentUrl":"https:\/\/www.sindicaturabarcelona.cat\/wp-content\/uploads\/2020\/08\/img_941521630846.jpg","width":900,"height":450},{"@type":"BreadcrumbList","@id":"https:\/\/www.sindicaturabarcelona.cat\/es\/la-accesibilidad-en-los-centros-publicos-de-salud-de-barcelona-tema-central-de-la-ultima-actuacion-de-oficio\/#breadcrumb","itemListElement":[{"@type":"ListItem","position":1,"name":"Inici","item":"https:\/\/www.sindicaturabarcelona.cat\/es\/"},{"@type":"ListItem","position":2,"name":"La accesibilidad en los centros p\u00fablicos de salud de Barcelona, tema central de la \u00faltima actuaci\u00f3n de oficio"}]},{"@type":"WebSite","@id":"https:\/\/www.sindicaturabarcelona.cat\/es\/#website","url":"https:\/\/www.sindicaturabarcelona.cat\/es\/","name":"Sindicatura de Greuges de Barcelona","description":"La defensoria dels teus drets","publisher":{"@id":"https:\/\/www.sindicaturabarcelona.cat\/es\/#organization"},"potentialAction":[{"@type":"SearchAction","target":{"@type":"EntryPoint","urlTemplate":"https:\/\/www.sindicaturabarcelona.cat\/es\/?s={search_term_string}"},"query-input":{"@type":"PropertyValueSpecification","valueRequired":true,"valueName":"search_term_string"}}],"inLanguage":"es"},{"@type":"Organization","@id":"https:\/\/www.sindicaturabarcelona.cat\/es\/#organization","name":"Sindicatura de Greuges de Barcelona","url":"https:\/\/www.sindicaturabarcelona.cat\/es\/","logo":{"@type":"ImageObject","inLanguage":"es","@id":"https:\/\/www.sindicaturabarcelona.cat\/es\/#\/schema\/logo\/image\/","url":"https:\/\/www.sindicaturabarcelona.cat\/wp-content\/uploads\/2023\/02\/logo_sindicatura.svg","contentUrl":"https:\/\/www.sindicaturabarcelona.cat\/wp-content\/uploads\/2023\/02\/logo_sindicatura.svg","caption":"Sindicatura de Greuges de Barcelona"},"image":{"@id":"https:\/\/www.sindicaturabarcelona.cat\/es\/#\/schema\/logo\/image\/"},"sameAs":["https:\/\/x.com\/sindicbarcelona","https:\/\/www.instagram.com\/sindicbarcelona\/","https:\/\/www.tiktok.com\/@sindicaturabcn","https:\/\/t.me\/sindicaturabarcelona"]},{"@type":"Person","@id":"https:\/\/www.sindicaturabarcelona.cat\/es\/#\/schema\/person\/0e5acffc350ffdbc97578159322c9452","name":"Pablo","image":{"@type":"ImageObject","inLanguage":"es","@id":"https:\/\/secure.gravatar.com\/avatar\/c948169b402ef9492afde705c3dfd5e90e1a6a84ef6840a91124f805a25a480f?s=96&d=mm&r=g","url":"https:\/\/secure.gravatar.com\/avatar\/c948169b402ef9492afde705c3dfd5e90e1a6a84ef6840a91124f805a25a480f?s=96&d=mm&r=g","contentUrl":"https:\/\/secure.gravatar.com\/avatar\/c948169b402ef9492afde705c3dfd5e90e1a6a84ef6840a91124f805a25a480f?s=96&d=mm&r=g","caption":"Pablo"},"url":"https:\/\/www.sindicaturabarcelona.cat\/es\/author\/pablo\/"}]}},"_links":{"self":[{"href":"https:\/\/www.sindicaturabarcelona.cat\/es\/wp-json\/wp\/v2\/posts\/11025","targetHints":{"allow":["GET"]}}],"collection":[{"href":"https:\/\/www.sindicaturabarcelona.cat\/es\/wp-json\/wp\/v2\/posts"}],"about":[{"href":"https:\/\/www.sindicaturabarcelona.cat\/es\/wp-json\/wp\/v2\/types\/post"}],"author":[{"embeddable":true,"href":"https:\/\/www.sindicaturabarcelona.cat\/es\/wp-json\/wp\/v2\/users\/2"}],"replies":[{"embeddable":true,"href":"https:\/\/www.sindicaturabarcelona.cat\/es\/wp-json\/wp\/v2\/comments?post=11025"}],"version-history":[{"count":0,"href":"https:\/\/www.sindicaturabarcelona.cat\/es\/wp-json\/wp\/v2\/posts\/11025\/revisions"}],"wp:featuredmedia":[{"embeddable":true,"href":"https:\/\/www.sindicaturabarcelona.cat\/es\/wp-json\/wp\/v2\/media\/4886"}],"wp:attachment":[{"href":"https:\/\/www.sindicaturabarcelona.cat\/es\/wp-json\/wp\/v2\/media?parent=11025"}],"wp:term":[{"taxonomy":"post_tag","embeddable":true,"href":"https:\/\/www.sindicaturabarcelona.cat\/es\/wp-json\/wp\/v2\/tags?post=11025"},{"taxonomy":"drets","embeddable":true,"href":"https:\/\/www.sindicaturabarcelona.cat\/es\/wp-json\/wp\/v2\/drets?post=11025"}],"curies":[{"name":"wp","href":"https:\/\/api.w.org\/{rel}","templated":true}]}}