{"id":11006,"date":"2018-01-01T00:00:00","date_gmt":"2017-12-31T22:00:00","guid":{"rendered":"http:\/\/minimalweb.tech\/sindica\/2018\/01\/01\/ma-assumpcio-vila-participa-en-una-tertulia-sobre-la-rambla-a-beteve-radio\/"},"modified":"2021-03-23T13:07:29","modified_gmt":"2021-03-23T11:07:29","slug":"ma-assumpcio-vila-participa-en-una-tertulia-sobre-la-rambla-a-beteve-radio","status":"publish","type":"post","link":"https:\/\/www.sindicaturabarcelona.cat\/es\/ma-assumpcio-vila-participa-en-una-tertulia-sobre-la-rambla-a-beteve-radio\/","title":{"rendered":"Ma Assumpci\u00f3 Vil\u00e0 participa en una tert\u00falia sobre La Rambla a Betev\u00e9 R\u00e0dio"},"content":{"rendered":"<p>La S\u00edndica de Greuges ha format part de la taula de debat sobre La Rambla que s\u2019ha dut a terme en el programa \u2018El Mat\u00ed de Barcelona\u2019 de Betev\u00e9 R\u00e0dio. La tert\u00falia, moderada per N\u00faria Ferr\u00e9, tamb\u00e9 ha comptat amb la pres\u00e8ncia de Ferm\u00edn Villar, president d\u2019Amics de la Rambla, i Alicia Berlanga, vocal d\u2019Amics de la Rambla i representant ve\u00efnal.<\/p>\n<p class=\"noti_nota\"><a href=\"https:\/\/www.sindicaturabarcelona.cat\/src\/pdf\/nota_781518005382.pdf\" target=\"_blank\" rel=\"noopener noreferrer\">Nota de premsa<\/a><\/p>\n","protected":false},"excerpt":{"rendered":"<p>La S\u00edndica de Greuges ha format part de la taula de debat sobre La Rambla que s\u2019ha dut a terme en el programa \u2018El Mat\u00ed de Barcelona\u2019 de Betev\u00e9 R\u00e0dio. [&hellip;]<\/p>\n","protected":false},"author":2,"featured_media":4848,"comment_status":"closed","ping_status":"open","sticky":false,"template":"","format":"standard","meta":{"_acf_changed":false,"footnotes":""},"tags":[],"drets":[],"class_list":["post-11006","post","type-post","status-publish","format-standard","has-post-thumbnail","hentry"],"acf":[],"yoast_head":"<!-- This site is optimized with the Yoast SEO plugin v27.5 - https:\/\/yoast.com\/product\/yoast-seo-wordpress\/ -->\n<title>Ma Assumpci\u00f3 Vil\u00e0 participa en una tert\u00falia sobre La Rambla a Betev\u00e9 R\u00e0dio - Sindicatura de Greuges de Barcelona<\/title>\n<meta name=\"robots\" content=\"index, follow, max-snippet:-1, max-image-preview:large, max-video-preview:-1\" \/>\n<link rel=\"canonical\" href=\"https:\/\/www.sindicaturabarcelona.cat\/es\/ma-assumpcio-vila-participa-en-una-tertulia-sobre-la-rambla-a-beteve-radio\/\" \/>\n<meta property=\"og:locale\" content=\"es_ES\" \/>\n<meta property=\"og:type\" content=\"article\" \/>\n<meta property=\"og:title\" content=\"Ma Assumpci\u00f3 Vil\u00e0 participa en una tert\u00falia sobre La Rambla a Betev\u00e9 R\u00e0dio - Sindicatura de Greuges de Barcelona\" \/>\n<meta property=\"og:description\" content=\"La S\u00edndica de Greuges ha format part de la taula de debat sobre La Rambla que s\u2019ha dut a terme en el programa \u2018El Mat\u00ed de Barcelona\u2019 de Betev\u00e9 R\u00e0dio. [&hellip;]\" \/>\n<meta property=\"og:url\" content=\"https:\/\/www.sindicaturabarcelona.cat\/es\/ma-assumpcio-vila-participa-en-una-tertulia-sobre-la-rambla-a-beteve-radio\/\" \/>\n<meta property=\"og:site_name\" content=\"Sindicatura de Greuges de Barcelona\" \/>\n<meta property=\"article:published_time\" content=\"2017-12-31T22:00:00+00:00\" \/>\n<meta property=\"article:modified_time\" content=\"2021-03-23T11:07:29+00:00\" \/>\n<meta property=\"og:image\" content=\"https:\/\/www.sindicaturabarcelona.cat\/wp-content\/uploads\/2020\/08\/img_341518005382.jpg\" \/>\n\t<meta property=\"og:image:width\" content=\"1024\" \/>\n\t<meta property=\"og:image:height\" content=\"768\" \/>\n\t<meta property=\"og:image:type\" content=\"image\/jpeg\" \/>\n<meta name=\"author\" content=\"Pablo\" \/>\n<meta name=\"twitter:card\" content=\"summary_large_image\" \/>\n<meta name=\"twitter:creator\" content=\"@sindicbarcelona\" \/>\n<meta name=\"twitter:site\" content=\"@sindicbarcelona\" \/>\n<meta name=\"twitter:label1\" content=\"Escrito por\" \/>\n\t<meta name=\"twitter:data1\" content=\"Pablo\" \/>\n<script type=\"application\/ld+json\" class=\"yoast-schema-graph\">{\"@context\":\"https:\\\/\\\/schema.org\",\"@graph\":[{\"@type\":\"Article\",\"@id\":\"https:\\\/\\\/www.sindicaturabarcelona.cat\\\/es\\\/ma-assumpcio-vila-participa-en-una-tertulia-sobre-la-rambla-a-beteve-radio\\\/#article\",\"isPartOf\":{\"@id\":\"https:\\\/\\\/www.sindicaturabarcelona.cat\\\/es\\\/ma-assumpcio-vila-participa-en-una-tertulia-sobre-la-rambla-a-beteve-radio\\\/\"},\"author\":{\"name\":\"Pablo\",\"@id\":\"https:\\\/\\\/www.sindicaturabarcelona.cat\\\/es\\\/#\\\/schema\\\/person\\\/0e5acffc350ffdbc97578159322c9452\"},\"headline\":\"Ma Assumpci\u00f3 Vil\u00e0 participa en una tert\u00falia sobre La Rambla a Betev\u00e9 R\u00e0dio\",\"datePublished\":\"2017-12-31T22:00:00+00:00\",\"dateModified\":\"2021-03-23T11:07:29+00:00\",\"mainEntityOfPage\":{\"@id\":\"https:\\\/\\\/www.sindicaturabarcelona.cat\\\/es\\\/ma-assumpcio-vila-participa-en-una-tertulia-sobre-la-rambla-a-beteve-radio\\\/\"},\"wordCount\":89,\"publisher\":{\"@id\":\"https:\\\/\\\/www.sindicaturabarcelona.cat\\\/es\\\/#organization\"},\"image\":{\"@id\":\"https:\\\/\\\/www.sindicaturabarcelona.cat\\\/es\\\/ma-assumpcio-vila-participa-en-una-tertulia-sobre-la-rambla-a-beteve-radio\\\/#primaryimage\"},\"thumbnailUrl\":\"https:\\\/\\\/www.sindicaturabarcelona.cat\\\/wp-content\\\/uploads\\\/2020\\\/08\\\/img_341518005382.jpg\",\"articleSection\":[\"Medio ambiente y salud p\u00fablica\"],\"inLanguage\":\"es\"},{\"@type\":\"WebPage\",\"@id\":\"https:\\\/\\\/www.sindicaturabarcelona.cat\\\/es\\\/ma-assumpcio-vila-participa-en-una-tertulia-sobre-la-rambla-a-beteve-radio\\\/\",\"url\":\"https:\\\/\\\/www.sindicaturabarcelona.cat\\\/es\\\/ma-assumpcio-vila-participa-en-una-tertulia-sobre-la-rambla-a-beteve-radio\\\/\",\"name\":\"Ma Assumpci\u00f3 Vil\u00e0 participa en una tert\u00falia sobre La Rambla a Betev\u00e9 R\u00e0dio - Sindicatura de Greuges de Barcelona\",\"isPartOf\":{\"@id\":\"https:\\\/\\\/www.sindicaturabarcelona.cat\\\/es\\\/#website\"},\"primaryImageOfPage\":{\"@id\":\"https:\\\/\\\/www.sindicaturabarcelona.cat\\\/es\\\/ma-assumpcio-vila-participa-en-una-tertulia-sobre-la-rambla-a-beteve-radio\\\/#primaryimage\"},\"image\":{\"@id\":\"https:\\\/\\\/www.sindicaturabarcelona.cat\\\/es\\\/ma-assumpcio-vila-participa-en-una-tertulia-sobre-la-rambla-a-beteve-radio\\\/#primaryimage\"},\"thumbnailUrl\":\"https:\\\/\\\/www.sindicaturabarcelona.cat\\\/wp-content\\\/uploads\\\/2020\\\/08\\\/img_341518005382.jpg\",\"datePublished\":\"2017-12-31T22:00:00+00:00\",\"dateModified\":\"2021-03-23T11:07:29+00:00\",\"breadcrumb\":{\"@id\":\"https:\\\/\\\/www.sindicaturabarcelona.cat\\\/es\\\/ma-assumpcio-vila-participa-en-una-tertulia-sobre-la-rambla-a-beteve-radio\\\/#breadcrumb\"},\"inLanguage\":\"es\",\"potentialAction\":[{\"@type\":\"ReadAction\",\"target\":[\"https:\\\/\\\/www.sindicaturabarcelona.cat\\\/es\\\/ma-assumpcio-vila-participa-en-una-tertulia-sobre-la-rambla-a-beteve-radio\\\/\"]}]},{\"@type\":\"ImageObject\",\"inLanguage\":\"es\",\"@id\":\"https:\\\/\\\/www.sindicaturabarcelona.cat\\\/es\\\/ma-assumpcio-vila-participa-en-una-tertulia-sobre-la-rambla-a-beteve-radio\\\/#primaryimage\",\"url\":\"https:\\\/\\\/www.sindicaturabarcelona.cat\\\/wp-content\\\/uploads\\\/2020\\\/08\\\/img_341518005382.jpg\",\"contentUrl\":\"https:\\\/\\\/www.sindicaturabarcelona.cat\\\/wp-content\\\/uploads\\\/2020\\\/08\\\/img_341518005382.jpg\",\"width\":1024,\"height\":768},{\"@type\":\"BreadcrumbList\",\"@id\":\"https:\\\/\\\/www.sindicaturabarcelona.cat\\\/es\\\/ma-assumpcio-vila-participa-en-una-tertulia-sobre-la-rambla-a-beteve-radio\\\/#breadcrumb\",\"itemListElement\":[{\"@type\":\"ListItem\",\"position\":1,\"name\":\"Inici\",\"item\":\"https:\\\/\\\/www.sindicaturabarcelona.cat\\\/es\\\/\"},{\"@type\":\"ListItem\",\"position\":2,\"name\":\"Ma Assumpci\u00f3 Vil\u00e0 participa en una tert\u00falia sobre La Rambla a Betev\u00e9 R\u00e0dio\"}]},{\"@type\":\"WebSite\",\"@id\":\"https:\\\/\\\/www.sindicaturabarcelona.cat\\\/es\\\/#website\",\"url\":\"https:\\\/\\\/www.sindicaturabarcelona.cat\\\/es\\\/\",\"name\":\"Sindicatura de Greuges de Barcelona\",\"description\":\"La defensoria dels teus drets\",\"publisher\":{\"@id\":\"https:\\\/\\\/www.sindicaturabarcelona.cat\\\/es\\\/#organization\"},\"potentialAction\":[{\"@type\":\"SearchAction\",\"target\":{\"@type\":\"EntryPoint\",\"urlTemplate\":\"https:\\\/\\\/www.sindicaturabarcelona.cat\\\/es\\\/?s={search_term_string}\"},\"query-input\":{\"@type\":\"PropertyValueSpecification\",\"valueRequired\":true,\"valueName\":\"search_term_string\"}}],\"inLanguage\":\"es\"},{\"@type\":\"Organization\",\"@id\":\"https:\\\/\\\/www.sindicaturabarcelona.cat\\\/es\\\/#organization\",\"name\":\"Sindicatura de Greuges de Barcelona\",\"url\":\"https:\\\/\\\/www.sindicaturabarcelona.cat\\\/es\\\/\",\"logo\":{\"@type\":\"ImageObject\",\"inLanguage\":\"es\",\"@id\":\"https:\\\/\\\/www.sindicaturabarcelona.cat\\\/es\\\/#\\\/schema\\\/logo\\\/image\\\/\",\"url\":\"https:\\\/\\\/www.sindicaturabarcelona.cat\\\/wp-content\\\/uploads\\\/2023\\\/02\\\/logo_sindicatura.svg\",\"contentUrl\":\"https:\\\/\\\/www.sindicaturabarcelona.cat\\\/wp-content\\\/uploads\\\/2023\\\/02\\\/logo_sindicatura.svg\",\"caption\":\"Sindicatura de Greuges de Barcelona\"},\"image\":{\"@id\":\"https:\\\/\\\/www.sindicaturabarcelona.cat\\\/es\\\/#\\\/schema\\\/logo\\\/image\\\/\"},\"sameAs\":[\"https:\\\/\\\/x.com\\\/sindicbarcelona\",\"https:\\\/\\\/www.instagram.com\\\/sindicbarcelona\\\/\",\"https:\\\/\\\/www.tiktok.com\\\/@sindicaturabcn\",\"https:\\\/\\\/t.me\\\/sindicaturabarcelona\"]},{\"@type\":\"Person\",\"@id\":\"https:\\\/\\\/www.sindicaturabarcelona.cat\\\/es\\\/#\\\/schema\\\/person\\\/0e5acffc350ffdbc97578159322c9452\",\"name\":\"Pablo\",\"image\":{\"@type\":\"ImageObject\",\"inLanguage\":\"es\",\"@id\":\"https:\\\/\\\/secure.gravatar.com\\\/avatar\\\/c948169b402ef9492afde705c3dfd5e90e1a6a84ef6840a91124f805a25a480f?s=96&d=mm&r=g\",\"url\":\"https:\\\/\\\/secure.gravatar.com\\\/avatar\\\/c948169b402ef9492afde705c3dfd5e90e1a6a84ef6840a91124f805a25a480f?s=96&d=mm&r=g\",\"contentUrl\":\"https:\\\/\\\/secure.gravatar.com\\\/avatar\\\/c948169b402ef9492afde705c3dfd5e90e1a6a84ef6840a91124f805a25a480f?s=96&d=mm&r=g\",\"caption\":\"Pablo\"},\"url\":\"https:\\\/\\\/www.sindicaturabarcelona.cat\\\/es\\\/author\\\/pablo\\\/\"}]}<\/script>\n<!-- \/ Yoast SEO plugin. -->","yoast_head_json":{"title":"Ma Assumpci\u00f3 Vil\u00e0 participa en una tert\u00falia sobre La Rambla a Betev\u00e9 R\u00e0dio - Sindicatura de Greuges de Barcelona","robots":{"index":"index","follow":"follow","max-snippet":"max-snippet:-1","max-image-preview":"max-image-preview:large","max-video-preview":"max-video-preview:-1"},"canonical":"https:\/\/www.sindicaturabarcelona.cat\/es\/ma-assumpcio-vila-participa-en-una-tertulia-sobre-la-rambla-a-beteve-radio\/","og_locale":"es_ES","og_type":"article","og_title":"Ma Assumpci\u00f3 Vil\u00e0 participa en una tert\u00falia sobre La Rambla a Betev\u00e9 R\u00e0dio - Sindicatura de Greuges de Barcelona","og_description":"La S\u00edndica de Greuges ha format part de la taula de debat sobre La Rambla que s\u2019ha dut a terme en el programa \u2018El Mat\u00ed de Barcelona\u2019 de Betev\u00e9 R\u00e0dio. [&hellip;]","og_url":"https:\/\/www.sindicaturabarcelona.cat\/es\/ma-assumpcio-vila-participa-en-una-tertulia-sobre-la-rambla-a-beteve-radio\/","og_site_name":"Sindicatura de Greuges de Barcelona","article_published_time":"2017-12-31T22:00:00+00:00","article_modified_time":"2021-03-23T11:07:29+00:00","og_image":[{"width":1024,"height":768,"url":"https:\/\/www.sindicaturabarcelona.cat\/wp-content\/uploads\/2020\/08\/img_341518005382.jpg","type":"image\/jpeg"}],"author":"Pablo","twitter_card":"summary_large_image","twitter_creator":"@sindicbarcelona","twitter_site":"@sindicbarcelona","twitter_misc":{"Escrito por":"Pablo"},"schema":{"@context":"https:\/\/schema.org","@graph":[{"@type":"Article","@id":"https:\/\/www.sindicaturabarcelona.cat\/es\/ma-assumpcio-vila-participa-en-una-tertulia-sobre-la-rambla-a-beteve-radio\/#article","isPartOf":{"@id":"https:\/\/www.sindicaturabarcelona.cat\/es\/ma-assumpcio-vila-participa-en-una-tertulia-sobre-la-rambla-a-beteve-radio\/"},"author":{"name":"Pablo","@id":"https:\/\/www.sindicaturabarcelona.cat\/es\/#\/schema\/person\/0e5acffc350ffdbc97578159322c9452"},"headline":"Ma Assumpci\u00f3 Vil\u00e0 participa en una tert\u00falia sobre La Rambla a Betev\u00e9 R\u00e0dio","datePublished":"2017-12-31T22:00:00+00:00","dateModified":"2021-03-23T11:07:29+00:00","mainEntityOfPage":{"@id":"https:\/\/www.sindicaturabarcelona.cat\/es\/ma-assumpcio-vila-participa-en-una-tertulia-sobre-la-rambla-a-beteve-radio\/"},"wordCount":89,"publisher":{"@id":"https:\/\/www.sindicaturabarcelona.cat\/es\/#organization"},"image":{"@id":"https:\/\/www.sindicaturabarcelona.cat\/es\/ma-assumpcio-vila-participa-en-una-tertulia-sobre-la-rambla-a-beteve-radio\/#primaryimage"},"thumbnailUrl":"https:\/\/www.sindicaturabarcelona.cat\/wp-content\/uploads\/2020\/08\/img_341518005382.jpg","articleSection":["Medio ambiente y salud p\u00fablica"],"inLanguage":"es"},{"@type":"WebPage","@id":"https:\/\/www.sindicaturabarcelona.cat\/es\/ma-assumpcio-vila-participa-en-una-tertulia-sobre-la-rambla-a-beteve-radio\/","url":"https:\/\/www.sindicaturabarcelona.cat\/es\/ma-assumpcio-vila-participa-en-una-tertulia-sobre-la-rambla-a-beteve-radio\/","name":"Ma Assumpci\u00f3 Vil\u00e0 participa en una tert\u00falia sobre La Rambla a Betev\u00e9 R\u00e0dio - Sindicatura de Greuges de Barcelona","isPartOf":{"@id":"https:\/\/www.sindicaturabarcelona.cat\/es\/#website"},"primaryImageOfPage":{"@id":"https:\/\/www.sindicaturabarcelona.cat\/es\/ma-assumpcio-vila-participa-en-una-tertulia-sobre-la-rambla-a-beteve-radio\/#primaryimage"},"image":{"@id":"https:\/\/www.sindicaturabarcelona.cat\/es\/ma-assumpcio-vila-participa-en-una-tertulia-sobre-la-rambla-a-beteve-radio\/#primaryimage"},"thumbnailUrl":"https:\/\/www.sindicaturabarcelona.cat\/wp-content\/uploads\/2020\/08\/img_341518005382.jpg","datePublished":"2017-12-31T22:00:00+00:00","dateModified":"2021-03-23T11:07:29+00:00","breadcrumb":{"@id":"https:\/\/www.sindicaturabarcelona.cat\/es\/ma-assumpcio-vila-participa-en-una-tertulia-sobre-la-rambla-a-beteve-radio\/#breadcrumb"},"inLanguage":"es","potentialAction":[{"@type":"ReadAction","target":["https:\/\/www.sindicaturabarcelona.cat\/es\/ma-assumpcio-vila-participa-en-una-tertulia-sobre-la-rambla-a-beteve-radio\/"]}]},{"@type":"ImageObject","inLanguage":"es","@id":"https:\/\/www.sindicaturabarcelona.cat\/es\/ma-assumpcio-vila-participa-en-una-tertulia-sobre-la-rambla-a-beteve-radio\/#primaryimage","url":"https:\/\/www.sindicaturabarcelona.cat\/wp-content\/uploads\/2020\/08\/img_341518005382.jpg","contentUrl":"https:\/\/www.sindicaturabarcelona.cat\/wp-content\/uploads\/2020\/08\/img_341518005382.jpg","width":1024,"height":768},{"@type":"BreadcrumbList","@id":"https:\/\/www.sindicaturabarcelona.cat\/es\/ma-assumpcio-vila-participa-en-una-tertulia-sobre-la-rambla-a-beteve-radio\/#breadcrumb","itemListElement":[{"@type":"ListItem","position":1,"name":"Inici","item":"https:\/\/www.sindicaturabarcelona.cat\/es\/"},{"@type":"ListItem","position":2,"name":"Ma Assumpci\u00f3 Vil\u00e0 participa en una tert\u00falia sobre La Rambla a Betev\u00e9 R\u00e0dio"}]},{"@type":"WebSite","@id":"https:\/\/www.sindicaturabarcelona.cat\/es\/#website","url":"https:\/\/www.sindicaturabarcelona.cat\/es\/","name":"Sindicatura de Greuges de Barcelona","description":"La defensoria dels teus drets","publisher":{"@id":"https:\/\/www.sindicaturabarcelona.cat\/es\/#organization"},"potentialAction":[{"@type":"SearchAction","target":{"@type":"EntryPoint","urlTemplate":"https:\/\/www.sindicaturabarcelona.cat\/es\/?s={search_term_string}"},"query-input":{"@type":"PropertyValueSpecification","valueRequired":true,"valueName":"search_term_string"}}],"inLanguage":"es"},{"@type":"Organization","@id":"https:\/\/www.sindicaturabarcelona.cat\/es\/#organization","name":"Sindicatura de Greuges de Barcelona","url":"https:\/\/www.sindicaturabarcelona.cat\/es\/","logo":{"@type":"ImageObject","inLanguage":"es","@id":"https:\/\/www.sindicaturabarcelona.cat\/es\/#\/schema\/logo\/image\/","url":"https:\/\/www.sindicaturabarcelona.cat\/wp-content\/uploads\/2023\/02\/logo_sindicatura.svg","contentUrl":"https:\/\/www.sindicaturabarcelona.cat\/wp-content\/uploads\/2023\/02\/logo_sindicatura.svg","caption":"Sindicatura de Greuges de Barcelona"},"image":{"@id":"https:\/\/www.sindicaturabarcelona.cat\/es\/#\/schema\/logo\/image\/"},"sameAs":["https:\/\/x.com\/sindicbarcelona","https:\/\/www.instagram.com\/sindicbarcelona\/","https:\/\/www.tiktok.com\/@sindicaturabcn","https:\/\/t.me\/sindicaturabarcelona"]},{"@type":"Person","@id":"https:\/\/www.sindicaturabarcelona.cat\/es\/#\/schema\/person\/0e5acffc350ffdbc97578159322c9452","name":"Pablo","image":{"@type":"ImageObject","inLanguage":"es","@id":"https:\/\/secure.gravatar.com\/avatar\/c948169b402ef9492afde705c3dfd5e90e1a6a84ef6840a91124f805a25a480f?s=96&d=mm&r=g","url":"https:\/\/secure.gravatar.com\/avatar\/c948169b402ef9492afde705c3dfd5e90e1a6a84ef6840a91124f805a25a480f?s=96&d=mm&r=g","contentUrl":"https:\/\/secure.gravatar.com\/avatar\/c948169b402ef9492afde705c3dfd5e90e1a6a84ef6840a91124f805a25a480f?s=96&d=mm&r=g","caption":"Pablo"},"url":"https:\/\/www.sindicaturabarcelona.cat\/es\/author\/pablo\/"}]}},"_links":{"self":[{"href":"https:\/\/www.sindicaturabarcelona.cat\/es\/wp-json\/wp\/v2\/posts\/11006","targetHints":{"allow":["GET"]}}],"collection":[{"href":"https:\/\/www.sindicaturabarcelona.cat\/es\/wp-json\/wp\/v2\/posts"}],"about":[{"href":"https:\/\/www.sindicaturabarcelona.cat\/es\/wp-json\/wp\/v2\/types\/post"}],"author":[{"embeddable":true,"href":"https:\/\/www.sindicaturabarcelona.cat\/es\/wp-json\/wp\/v2\/users\/2"}],"replies":[{"embeddable":true,"href":"https:\/\/www.sindicaturabarcelona.cat\/es\/wp-json\/wp\/v2\/comments?post=11006"}],"version-history":[{"count":0,"href":"https:\/\/www.sindicaturabarcelona.cat\/es\/wp-json\/wp\/v2\/posts\/11006\/revisions"}],"wp:featuredmedia":[{"embeddable":true,"href":"https:\/\/www.sindicaturabarcelona.cat\/es\/wp-json\/wp\/v2\/media\/4848"}],"wp:attachment":[{"href":"https:\/\/www.sindicaturabarcelona.cat\/es\/wp-json\/wp\/v2\/media?parent=11006"}],"wp:term":[{"taxonomy":"post_tag","embeddable":true,"href":"https:\/\/www.sindicaturabarcelona.cat\/es\/wp-json\/wp\/v2\/tags?post=11006"},{"taxonomy":"drets","embeddable":true,"href":"https:\/\/www.sindicaturabarcelona.cat\/es\/wp-json\/wp\/v2\/drets?post=11006"}],"curies":[{"name":"wp","href":"https:\/\/api.w.org\/{rel}","templated":true}]}}