{"id":43322,"date":"2026-07-23T07:00:00","date_gmt":"2026-07-23T05:00:00","guid":{"rendered":"https:\/\/www.sindicaturabarcelona.cat\/?p=43322"},"modified":"2026-07-23T07:00:41","modified_gmt":"2026-07-23T05:00:41","slug":"sindicatura-de-greuges-de-barcelona-tmb-pla-conductes-sorolloses","status":"publish","type":"post","link":"https:\/\/www.sindicaturabarcelona.cat\/en\/sindicatura-de-greuges-de-barcelona-tmb-pla-conductes-sorolloses\/","title":{"rendered":"La Sindicatura\u00a0de Greuges de Barcelona\u00a0insta TMB a impulsar un pla d\u2019acci\u00f3 per combatre\u00a0les\u00a0conductes sorolloses al transport p\u00fablic\u00a0"},"content":{"rendered":"\n<h2 class=\"wp-block-heading\"><strong>La defensoria recomana a l\u2019operadora que porti a terme un estudi sobre les mol\u00e8sties que afecten els passatgers, amb especial atenci\u00f3 als comportaments inc\u00edvics.<\/strong>\u00a0<\/h2>\n\n\n\n<h2 class=\"wp-block-heading\"><strong>La instituci\u00f3 tamb\u00e9 proposa avan\u00e7ar en la creaci\u00f3 d\u2019entorns m\u00e9s accessibles sensorialment, amb programes espec\u00edfics de suport a persones amb una sensibilitat sensorial especial.<\/strong>&nbsp;<\/h2>\n\n\n\n<p><strong>Barcelona,&nbsp;23&nbsp;de&nbsp;juliol de 2026<\/strong>&nbsp;&#8211;&nbsp;La Sindicatura de Greuges de Barcelona recomana a&nbsp;<strong>Transports Metropolitans de Barcelona<\/strong>&nbsp;que impulsi un estudi sobre les&nbsp;<strong>conductes sorolloses<\/strong>&nbsp;que generen mol\u00e8sties als passatgers i que, a partir dels resultats, defineixi un&nbsp;<strong>pla d\u2019acci\u00f3<\/strong>&nbsp;amb mesures concretes, amb especial \u00e8mfasi en les conductes inc\u00edviques dins dels vehicles.&nbsp;<\/p>\n\n\n\n<p>Aix\u00ed mateix, la defensoria, en la seva&nbsp;<a href=\"https:\/\/www.sindicaturabarcelona.cat\/wp-content\/uploads\/202607_Dret-accessibilitat-i-inclusivitat-i-Dret-mobilitat_molesties-causades-pels-sorolls-i-comportaments-incivics-al-transport-public_25Q1314-.pdf\" target=\"_blank\" rel=\"noreferrer noopener\">resoluci\u00f3<\/a>,&nbsp;recomana a l\u2019operadora que avanci en la&nbsp;<strong>creaci\u00f3 d\u2019entorns m\u00e9s accessibles sensorialment<\/strong>, incorporant criteris d\u2019accessibilitat cognitiva i de reducci\u00f3 d\u2019est\u00edmuls, i que desenvolupi programes espec\u00edfics de suport a persones amb una sensibilitat sensorial especial.&nbsp;<\/p>\n\n\n\n<p>La resoluci\u00f3 respon a dues queixes relacionades amb les mol\u00e8sties provocades per determinats sorolls al transport p\u00fablic, tant a l\u2019interior dels vehicles com a les andanes, els passadissos i les parades d\u2019autob\u00fas.&nbsp;<\/p>\n\n\n\n<p>Les queixes alerten d\u2019un&nbsp;<strong>increment de les actituds inc\u00edviques<\/strong>&nbsp;de persones que utilitzen tel\u00e8fons m\u00f2bils o altaveus per reproduir continguts audiovisuals, fer videotrucades o escoltar notes de veu. Tamb\u00e9 denuncien els sorolls derivats d\u2019actuacions musicals en directe o d\u2019intervencions en veu alta.&nbsp;<\/p>\n\n\n\n<p>Segons exposen, aquesta situaci\u00f3&nbsp;<strong>afecta especialment determinats col\u00b7lectius<\/strong>, com ara les persones amb discapacitat, trastorns de l\u2019espectre autista o&nbsp;hiperac\u00fasia&nbsp;(una sensibilitat extrema al soroll). Una de les queixes alerta que aquesta saturaci\u00f3 sensorial pot provocar&nbsp;<strong>crisis d\u2019ansietat o sobrec\u00e0rrega<\/strong>. Aix\u00ed mateix, les&nbsp;queixes&nbsp;assenyalen que la problem\u00e0tica s\u2019ha agreujat en els \u00faltims anys.&nbsp;<\/p>\n\n\n\n<h2 class=\"wp-block-heading\"><strong>Abordar la problem\u00e0tica amb m\u00e9s profunditat<\/strong>&nbsp;<\/h2>\n\n\n\n<p>En el marc de la&nbsp;seva investigaci\u00f3, la Sindicatura&nbsp;constata&nbsp;que TMB ha elaborat procediments i estrat\u00e8gies espec\u00edfiques per abordar aquesta problem\u00e0tica. Tot i aix\u00f2, considera que cal&nbsp;<strong>actuar amb m\u00e9s fermesa<\/strong>,&nbsp;analitzant<strong>&nbsp;aquesta problem\u00e0tica amb m\u00e9s profunditat<\/strong>&nbsp;i dissenyant mesures actives per prevenir i reduir aquestes conductes.&nbsp;<\/p>\n\n\n\n<p>La defensoria tamb\u00e9 constata que s\u2019est\u00e0 produint un&nbsp;<strong>canvi social<\/strong>&nbsp;pel que fa a l\u2019\u00fas dels dispositius personals al transport p\u00fablic. Aquest fenomen coincideix amb un context en qu\u00e8 les dades d\u2019\u00fas del transport p\u00fablic continuen batent r\u00e8cords, de manera que&nbsp;<a href=\"https:\/\/www.barcelona.cat\/mobilitat\/ca\/actualitat-i-recursos\/noticies\/el-transport-public-fa-historia-superant-els-700-milions-de-viatges-lany-2025-1590413?utm_content=C7773-I38&amp;utm_source=ecoms&amp;utm_medium=email&amp;utm_term=Noticia%20destacada-contingut\" target=\"_blank\" rel=\"noreferrer noopener\"><strong>cada vegada hi ha m\u00e9s persones<\/strong><\/a>&nbsp;usu\u00e0ries que en fan un \u00fas m\u00e9s intens en un mateix espai.&nbsp;<\/p>\n\n\n\n<p>Aix\u00ed mateix, la Sindicatura&nbsp;recorda que hi ha experi\u00e8ncies d\u2019\u00e8xit respecte d\u2019algunes d\u2019aquestes conductes. \u00c9s el cas del metro de Londres, que va fer una&nbsp;<a href=\"https:\/\/tfl.gov.uk\/info-for\/media\/press-releases\/2025\/august\/new-tfl-campaign-encourages-customers-to-use-headphones-on-public-transport\" target=\"_blank\" rel=\"noreferrer noopener\"><strong>enquesta<\/strong><\/a>&nbsp;que va confirmar que&nbsp;<strong>no utilitzar auriculars era molest&nbsp;<\/strong>per a la majoria de les persones i, posteriorment, va dissenyar una campanya espec\u00edfica amb molt d\u2019impacte.&nbsp;<\/p>\n","protected":false},"excerpt":{"rendered":"<p>La instituci\u00f3 tamb\u00e9 proposa avan\u00e7ar en la creaci\u00f3 d\u2019entorns m\u00e9s accessibles sensorialment, amb programes espec\u00edfics de suport a persones amb una sensibilitat sensorial especial<\/p>\n","protected":false},"author":7,"featured_media":43317,"comment_status":"closed","ping_status":"closed","sticky":false,"template":"","format":"standard","meta":{"_acf_changed":false,"footnotes":""},"tags":[1724,1725,1726],"drets":[1613,1611,1612],"class_list":["post-43322","post","type-post","status-publish","format-standard","has-post-thumbnail","hentry","tag-david-bondia","tag-sindicatura-de-greuges-de-barcelona","tag-tmb","drets-right-to-accessibility-and-inclusiveness","drets-right-to-mobility","drets-right-to-public-space"],"acf":[],"yoast_head":"<!-- This site is optimized with the Yoast SEO plugin v27.5 - https:\/\/yoast.com\/product\/yoast-seo-wordpress\/ -->\n<title>La Sindicatura\u00a0de Greuges de Barcelona\u00a0insta TMB a impulsar un pla d\u2019acci\u00f3 per combatre\u00a0les\u00a0conductes sorolloses al transport p\u00fablic\u00a0 - Sindicatura de Greuges de Barcelona<\/title>\n<meta name=\"description\" content=\"La instituci\u00f3 tamb\u00e9 proposa avan\u00e7ar en la creaci\u00f3 d\u2019entorns m\u00e9s accessibles sensorialment, amb programes espec\u00edfics de suport a persones amb una sensibilitat sensorial especial\" \/>\n<meta name=\"robots\" content=\"index, follow, max-snippet:-1, max-image-preview:large, max-video-preview:-1\" \/>\n<link rel=\"canonical\" href=\"https:\/\/www.sindicaturabarcelona.cat\/en\/sindicatura-de-greuges-de-barcelona-tmb-pla-conductes-sorolloses\/\" \/>\n<meta property=\"og:locale\" content=\"en_US\" \/>\n<meta property=\"og:type\" content=\"article\" \/>\n<meta property=\"og:title\" content=\"La Sindicatura\u00a0de Greuges de Barcelona\u00a0insta TMB a impulsar un pla d\u2019acci\u00f3 per combatre\u00a0les\u00a0conductes sorolloses al transport p\u00fablic\u00a0 - Sindicatura de Greuges de Barcelona\" \/>\n<meta property=\"og:description\" content=\"La instituci\u00f3 tamb\u00e9 proposa avan\u00e7ar en la creaci\u00f3 d\u2019entorns m\u00e9s accessibles sensorialment, amb programes espec\u00edfics de suport a persones amb una sensibilitat sensorial especial\" \/>\n<meta property=\"og:url\" content=\"https:\/\/www.sindicaturabarcelona.cat\/en\/sindicatura-de-greuges-de-barcelona-tmb-pla-conductes-sorolloses\/\" \/>\n<meta property=\"og:site_name\" content=\"Sindicatura de Greuges de Barcelona\" \/>\n<meta property=\"article:published_time\" content=\"2026-07-23T05:00:00+00:00\" \/>\n<meta property=\"article:modified_time\" content=\"2026-07-23T05:00:41+00:00\" \/>\n<meta property=\"og:image\" content=\"https:\/\/www.sindicaturabarcelona.cat\/wp-content\/uploads\/metro_5-scaled.jpg\" \/>\n\t<meta property=\"og:image:width\" content=\"2560\" \/>\n\t<meta property=\"og:image:height\" content=\"1700\" \/>\n\t<meta property=\"og:image:type\" content=\"image\/jpeg\" \/>\n<meta name=\"author\" content=\"Carme Rocamora\" \/>\n<meta name=\"twitter:card\" content=\"summary_large_image\" \/>\n<meta name=\"twitter:creator\" content=\"@sindicbarcelona\" \/>\n<meta name=\"twitter:site\" content=\"@sindicbarcelona\" \/>\n<meta name=\"twitter:label1\" content=\"Written by\" \/>\n\t<meta name=\"twitter:data1\" content=\"Carme Rocamora\" \/>\n\t<meta name=\"twitter:label2\" content=\"Est. reading time\" \/>\n\t<meta name=\"twitter:data2\" content=\"3 minutes\" \/>\n<script type=\"application\/ld+json\" class=\"yoast-schema-graph\">{\"@context\":\"https:\\\/\\\/schema.org\",\"@graph\":[{\"@type\":\"Article\",\"@id\":\"https:\\\/\\\/www.sindicaturabarcelona.cat\\\/en\\\/sindicatura-de-greuges-de-barcelona-tmb-pla-conductes-sorolloses\\\/#article\",\"isPartOf\":{\"@id\":\"https:\\\/\\\/www.sindicaturabarcelona.cat\\\/en\\\/sindicatura-de-greuges-de-barcelona-tmb-pla-conductes-sorolloses\\\/\"},\"author\":{\"name\":\"Carme Rocamora\",\"@id\":\"https:\\\/\\\/www.sindicaturabarcelona.cat\\\/en\\\/#\\\/schema\\\/person\\\/0690b05fdcbf9e43b34103e845240789\"},\"headline\":\"La Sindicatura\u00a0de Greuges de Barcelona\u00a0insta TMB a impulsar un pla d\u2019acci\u00f3 per combatre\u00a0les\u00a0conductes sorolloses al transport p\u00fablic\u00a0\",\"datePublished\":\"2026-07-23T05:00:00+00:00\",\"dateModified\":\"2026-07-23T05:00:41+00:00\",\"mainEntityOfPage\":{\"@id\":\"https:\\\/\\\/www.sindicaturabarcelona.cat\\\/en\\\/sindicatura-de-greuges-de-barcelona-tmb-pla-conductes-sorolloses\\\/\"},\"wordCount\":565,\"publisher\":{\"@id\":\"https:\\\/\\\/www.sindicaturabarcelona.cat\\\/en\\\/#organization\"},\"image\":{\"@id\":\"https:\\\/\\\/www.sindicaturabarcelona.cat\\\/en\\\/sindicatura-de-greuges-de-barcelona-tmb-pla-conductes-sorolloses\\\/#primaryimage\"},\"thumbnailUrl\":\"https:\\\/\\\/www.sindicaturabarcelona.cat\\\/wp-content\\\/uploads\\\/metro_5-scaled.jpg\",\"keywords\":[\"david bondia\",\"Sindicatura de Greuges de Barcelona\",\"TMB\"],\"inLanguage\":\"en-US\"},{\"@type\":\"WebPage\",\"@id\":\"https:\\\/\\\/www.sindicaturabarcelona.cat\\\/en\\\/sindicatura-de-greuges-de-barcelona-tmb-pla-conductes-sorolloses\\\/\",\"url\":\"https:\\\/\\\/www.sindicaturabarcelona.cat\\\/en\\\/sindicatura-de-greuges-de-barcelona-tmb-pla-conductes-sorolloses\\\/\",\"name\":\"La Sindicatura\u00a0de Greuges de Barcelona\u00a0insta TMB a impulsar un pla d\u2019acci\u00f3 per combatre\u00a0les\u00a0conductes sorolloses al transport p\u00fablic\u00a0 - Sindicatura de Greuges de Barcelona\",\"isPartOf\":{\"@id\":\"https:\\\/\\\/www.sindicaturabarcelona.cat\\\/en\\\/#website\"},\"primaryImageOfPage\":{\"@id\":\"https:\\\/\\\/www.sindicaturabarcelona.cat\\\/en\\\/sindicatura-de-greuges-de-barcelona-tmb-pla-conductes-sorolloses\\\/#primaryimage\"},\"image\":{\"@id\":\"https:\\\/\\\/www.sindicaturabarcelona.cat\\\/en\\\/sindicatura-de-greuges-de-barcelona-tmb-pla-conductes-sorolloses\\\/#primaryimage\"},\"thumbnailUrl\":\"https:\\\/\\\/www.sindicaturabarcelona.cat\\\/wp-content\\\/uploads\\\/metro_5-scaled.jpg\",\"datePublished\":\"2026-07-23T05:00:00+00:00\",\"dateModified\":\"2026-07-23T05:00:41+00:00\",\"description\":\"La instituci\u00f3 tamb\u00e9 proposa avan\u00e7ar en la creaci\u00f3 d\u2019entorns m\u00e9s accessibles sensorialment, amb programes espec\u00edfics de suport a persones amb una sensibilitat sensorial especial\",\"breadcrumb\":{\"@id\":\"https:\\\/\\\/www.sindicaturabarcelona.cat\\\/en\\\/sindicatura-de-greuges-de-barcelona-tmb-pla-conductes-sorolloses\\\/#breadcrumb\"},\"inLanguage\":\"en-US\",\"potentialAction\":[{\"@type\":\"ReadAction\",\"target\":[\"https:\\\/\\\/www.sindicaturabarcelona.cat\\\/en\\\/sindicatura-de-greuges-de-barcelona-tmb-pla-conductes-sorolloses\\\/\"]}]},{\"@type\":\"ImageObject\",\"inLanguage\":\"en-US\",\"@id\":\"https:\\\/\\\/www.sindicaturabarcelona.cat\\\/en\\\/sindicatura-de-greuges-de-barcelona-tmb-pla-conductes-sorolloses\\\/#primaryimage\",\"url\":\"https:\\\/\\\/www.sindicaturabarcelona.cat\\\/wp-content\\\/uploads\\\/metro_5-scaled.jpg\",\"contentUrl\":\"https:\\\/\\\/www.sindicaturabarcelona.cat\\\/wp-content\\\/uploads\\\/metro_5-scaled.jpg\",\"width\":2560,\"height\":1700},{\"@type\":\"BreadcrumbList\",\"@id\":\"https:\\\/\\\/www.sindicaturabarcelona.cat\\\/en\\\/sindicatura-de-greuges-de-barcelona-tmb-pla-conductes-sorolloses\\\/#breadcrumb\",\"itemListElement\":[{\"@type\":\"ListItem\",\"position\":1,\"name\":\"Inici\",\"item\":\"https:\\\/\\\/www.sindicaturabarcelona.cat\\\/en\\\/\"},{\"@type\":\"ListItem\",\"position\":2,\"name\":\"La Sindicatura\u00a0de Greuges de Barcelona\u00a0insta TMB a impulsar un pla d\u2019acci\u00f3 per combatre\u00a0les\u00a0conductes sorolloses al transport p\u00fablic\u00a0\"}]},{\"@type\":\"WebSite\",\"@id\":\"https:\\\/\\\/www.sindicaturabarcelona.cat\\\/en\\\/#website\",\"url\":\"https:\\\/\\\/www.sindicaturabarcelona.cat\\\/en\\\/\",\"name\":\"Sindicatura de Greuges de Barcelona\",\"description\":\"La defensoria dels teus drets\",\"publisher\":{\"@id\":\"https:\\\/\\\/www.sindicaturabarcelona.cat\\\/en\\\/#organization\"},\"potentialAction\":[{\"@type\":\"SearchAction\",\"target\":{\"@type\":\"EntryPoint\",\"urlTemplate\":\"https:\\\/\\\/www.sindicaturabarcelona.cat\\\/en\\\/?s={search_term_string}\"},\"query-input\":{\"@type\":\"PropertyValueSpecification\",\"valueRequired\":true,\"valueName\":\"search_term_string\"}}],\"inLanguage\":\"en-US\"},{\"@type\":\"Organization\",\"@id\":\"https:\\\/\\\/www.sindicaturabarcelona.cat\\\/en\\\/#organization\",\"name\":\"Sindicatura de Greuges de Barcelona\",\"url\":\"https:\\\/\\\/www.sindicaturabarcelona.cat\\\/en\\\/\",\"logo\":{\"@type\":\"ImageObject\",\"inLanguage\":\"en-US\",\"@id\":\"https:\\\/\\\/www.sindicaturabarcelona.cat\\\/en\\\/#\\\/schema\\\/logo\\\/image\\\/\",\"url\":\"https:\\\/\\\/www.sindicaturabarcelona.cat\\\/wp-content\\\/uploads\\\/2023\\\/02\\\/logo_sindicatura.svg\",\"contentUrl\":\"https:\\\/\\\/www.sindicaturabarcelona.cat\\\/wp-content\\\/uploads\\\/2023\\\/02\\\/logo_sindicatura.svg\",\"caption\":\"Sindicatura de Greuges de Barcelona\"},\"image\":{\"@id\":\"https:\\\/\\\/www.sindicaturabarcelona.cat\\\/en\\\/#\\\/schema\\\/logo\\\/image\\\/\"},\"sameAs\":[\"https:\\\/\\\/x.com\\\/sindicbarcelona\",\"https:\\\/\\\/www.instagram.com\\\/sindicbarcelona\\\/\",\"https:\\\/\\\/www.tiktok.com\\\/@sindicaturabcn\",\"https:\\\/\\\/t.me\\\/sindicaturabarcelona\"]},{\"@type\":\"Person\",\"@id\":\"https:\\\/\\\/www.sindicaturabarcelona.cat\\\/en\\\/#\\\/schema\\\/person\\\/0690b05fdcbf9e43b34103e845240789\",\"name\":\"Carme Rocamora\",\"image\":{\"@type\":\"ImageObject\",\"inLanguage\":\"en-US\",\"@id\":\"https:\\\/\\\/secure.gravatar.com\\\/avatar\\\/7d5e980ef632f555fa40f97d06e5c8ec4ec568974a95778749d6a6279aa1faef?s=96&d=mm&r=g\",\"url\":\"https:\\\/\\\/secure.gravatar.com\\\/avatar\\\/7d5e980ef632f555fa40f97d06e5c8ec4ec568974a95778749d6a6279aa1faef?s=96&d=mm&r=g\",\"contentUrl\":\"https:\\\/\\\/secure.gravatar.com\\\/avatar\\\/7d5e980ef632f555fa40f97d06e5c8ec4ec568974a95778749d6a6279aa1faef?s=96&d=mm&r=g\",\"caption\":\"Carme Rocamora\"},\"url\":\"https:\\\/\\\/www.sindicaturabarcelona.cat\\\/en\\\/author\\\/crocamora\\\/\"}]}<\/script>\n<!-- \/ Yoast SEO plugin. -->","yoast_head_json":{"title":"La Sindicatura\u00a0de Greuges de Barcelona\u00a0insta TMB a impulsar un pla d\u2019acci\u00f3 per combatre\u00a0les\u00a0conductes sorolloses al transport p\u00fablic\u00a0 - Sindicatura de Greuges de Barcelona","description":"La instituci\u00f3 tamb\u00e9 proposa avan\u00e7ar en la creaci\u00f3 d\u2019entorns m\u00e9s accessibles sensorialment, amb programes espec\u00edfics de suport a persones amb una sensibilitat sensorial especial","robots":{"index":"index","follow":"follow","max-snippet":"max-snippet:-1","max-image-preview":"max-image-preview:large","max-video-preview":"max-video-preview:-1"},"canonical":"https:\/\/www.sindicaturabarcelona.cat\/en\/sindicatura-de-greuges-de-barcelona-tmb-pla-conductes-sorolloses\/","og_locale":"en_US","og_type":"article","og_title":"La Sindicatura\u00a0de Greuges de Barcelona\u00a0insta TMB a impulsar un pla d\u2019acci\u00f3 per combatre\u00a0les\u00a0conductes sorolloses al transport p\u00fablic\u00a0 - Sindicatura de Greuges de Barcelona","og_description":"La instituci\u00f3 tamb\u00e9 proposa avan\u00e7ar en la creaci\u00f3 d\u2019entorns m\u00e9s accessibles sensorialment, amb programes espec\u00edfics de suport a persones amb una sensibilitat sensorial especial","og_url":"https:\/\/www.sindicaturabarcelona.cat\/en\/sindicatura-de-greuges-de-barcelona-tmb-pla-conductes-sorolloses\/","og_site_name":"Sindicatura de Greuges de Barcelona","article_published_time":"2026-07-23T05:00:00+00:00","article_modified_time":"2026-07-23T05:00:41+00:00","og_image":[{"width":2560,"height":1700,"url":"https:\/\/www.sindicaturabarcelona.cat\/wp-content\/uploads\/metro_5-scaled.jpg","type":"image\/jpeg"}],"author":"Carme Rocamora","twitter_card":"summary_large_image","twitter_creator":"@sindicbarcelona","twitter_site":"@sindicbarcelona","twitter_misc":{"Written by":"Carme Rocamora","Est. reading time":"3 minutes"},"schema":{"@context":"https:\/\/schema.org","@graph":[{"@type":"Article","@id":"https:\/\/www.sindicaturabarcelona.cat\/en\/sindicatura-de-greuges-de-barcelona-tmb-pla-conductes-sorolloses\/#article","isPartOf":{"@id":"https:\/\/www.sindicaturabarcelona.cat\/en\/sindicatura-de-greuges-de-barcelona-tmb-pla-conductes-sorolloses\/"},"author":{"name":"Carme Rocamora","@id":"https:\/\/www.sindicaturabarcelona.cat\/en\/#\/schema\/person\/0690b05fdcbf9e43b34103e845240789"},"headline":"La Sindicatura\u00a0de Greuges de Barcelona\u00a0insta TMB a impulsar un pla d\u2019acci\u00f3 per combatre\u00a0les\u00a0conductes sorolloses al transport p\u00fablic\u00a0","datePublished":"2026-07-23T05:00:00+00:00","dateModified":"2026-07-23T05:00:41+00:00","mainEntityOfPage":{"@id":"https:\/\/www.sindicaturabarcelona.cat\/en\/sindicatura-de-greuges-de-barcelona-tmb-pla-conductes-sorolloses\/"},"wordCount":565,"publisher":{"@id":"https:\/\/www.sindicaturabarcelona.cat\/en\/#organization"},"image":{"@id":"https:\/\/www.sindicaturabarcelona.cat\/en\/sindicatura-de-greuges-de-barcelona-tmb-pla-conductes-sorolloses\/#primaryimage"},"thumbnailUrl":"https:\/\/www.sindicaturabarcelona.cat\/wp-content\/uploads\/metro_5-scaled.jpg","keywords":["david bondia","Sindicatura de Greuges de Barcelona","TMB"],"inLanguage":"en-US"},{"@type":"WebPage","@id":"https:\/\/www.sindicaturabarcelona.cat\/en\/sindicatura-de-greuges-de-barcelona-tmb-pla-conductes-sorolloses\/","url":"https:\/\/www.sindicaturabarcelona.cat\/en\/sindicatura-de-greuges-de-barcelona-tmb-pla-conductes-sorolloses\/","name":"La Sindicatura\u00a0de Greuges de Barcelona\u00a0insta TMB a impulsar un pla d\u2019acci\u00f3 per combatre\u00a0les\u00a0conductes sorolloses al transport p\u00fablic\u00a0 - Sindicatura de Greuges de Barcelona","isPartOf":{"@id":"https:\/\/www.sindicaturabarcelona.cat\/en\/#website"},"primaryImageOfPage":{"@id":"https:\/\/www.sindicaturabarcelona.cat\/en\/sindicatura-de-greuges-de-barcelona-tmb-pla-conductes-sorolloses\/#primaryimage"},"image":{"@id":"https:\/\/www.sindicaturabarcelona.cat\/en\/sindicatura-de-greuges-de-barcelona-tmb-pla-conductes-sorolloses\/#primaryimage"},"thumbnailUrl":"https:\/\/www.sindicaturabarcelona.cat\/wp-content\/uploads\/metro_5-scaled.jpg","datePublished":"2026-07-23T05:00:00+00:00","dateModified":"2026-07-23T05:00:41+00:00","description":"La instituci\u00f3 tamb\u00e9 proposa avan\u00e7ar en la creaci\u00f3 d\u2019entorns m\u00e9s accessibles sensorialment, amb programes espec\u00edfics de suport a persones amb una sensibilitat sensorial especial","breadcrumb":{"@id":"https:\/\/www.sindicaturabarcelona.cat\/en\/sindicatura-de-greuges-de-barcelona-tmb-pla-conductes-sorolloses\/#breadcrumb"},"inLanguage":"en-US","potentialAction":[{"@type":"ReadAction","target":["https:\/\/www.sindicaturabarcelona.cat\/en\/sindicatura-de-greuges-de-barcelona-tmb-pla-conductes-sorolloses\/"]}]},{"@type":"ImageObject","inLanguage":"en-US","@id":"https:\/\/www.sindicaturabarcelona.cat\/en\/sindicatura-de-greuges-de-barcelona-tmb-pla-conductes-sorolloses\/#primaryimage","url":"https:\/\/www.sindicaturabarcelona.cat\/wp-content\/uploads\/metro_5-scaled.jpg","contentUrl":"https:\/\/www.sindicaturabarcelona.cat\/wp-content\/uploads\/metro_5-scaled.jpg","width":2560,"height":1700},{"@type":"BreadcrumbList","@id":"https:\/\/www.sindicaturabarcelona.cat\/en\/sindicatura-de-greuges-de-barcelona-tmb-pla-conductes-sorolloses\/#breadcrumb","itemListElement":[{"@type":"ListItem","position":1,"name":"Inici","item":"https:\/\/www.sindicaturabarcelona.cat\/en\/"},{"@type":"ListItem","position":2,"name":"La Sindicatura\u00a0de Greuges de Barcelona\u00a0insta TMB a impulsar un pla d\u2019acci\u00f3 per combatre\u00a0les\u00a0conductes sorolloses al transport p\u00fablic\u00a0"}]},{"@type":"WebSite","@id":"https:\/\/www.sindicaturabarcelona.cat\/en\/#website","url":"https:\/\/www.sindicaturabarcelona.cat\/en\/","name":"Sindicatura de Greuges de Barcelona","description":"La defensoria dels teus drets","publisher":{"@id":"https:\/\/www.sindicaturabarcelona.cat\/en\/#organization"},"potentialAction":[{"@type":"SearchAction","target":{"@type":"EntryPoint","urlTemplate":"https:\/\/www.sindicaturabarcelona.cat\/en\/?s={search_term_string}"},"query-input":{"@type":"PropertyValueSpecification","valueRequired":true,"valueName":"search_term_string"}}],"inLanguage":"en-US"},{"@type":"Organization","@id":"https:\/\/www.sindicaturabarcelona.cat\/en\/#organization","name":"Sindicatura de Greuges de Barcelona","url":"https:\/\/www.sindicaturabarcelona.cat\/en\/","logo":{"@type":"ImageObject","inLanguage":"en-US","@id":"https:\/\/www.sindicaturabarcelona.cat\/en\/#\/schema\/logo\/image\/","url":"https:\/\/www.sindicaturabarcelona.cat\/wp-content\/uploads\/2023\/02\/logo_sindicatura.svg","contentUrl":"https:\/\/www.sindicaturabarcelona.cat\/wp-content\/uploads\/2023\/02\/logo_sindicatura.svg","caption":"Sindicatura de Greuges de Barcelona"},"image":{"@id":"https:\/\/www.sindicaturabarcelona.cat\/en\/#\/schema\/logo\/image\/"},"sameAs":["https:\/\/x.com\/sindicbarcelona","https:\/\/www.instagram.com\/sindicbarcelona\/","https:\/\/www.tiktok.com\/@sindicaturabcn","https:\/\/t.me\/sindicaturabarcelona"]},{"@type":"Person","@id":"https:\/\/www.sindicaturabarcelona.cat\/en\/#\/schema\/person\/0690b05fdcbf9e43b34103e845240789","name":"Carme Rocamora","image":{"@type":"ImageObject","inLanguage":"en-US","@id":"https:\/\/secure.gravatar.com\/avatar\/7d5e980ef632f555fa40f97d06e5c8ec4ec568974a95778749d6a6279aa1faef?s=96&d=mm&r=g","url":"https:\/\/secure.gravatar.com\/avatar\/7d5e980ef632f555fa40f97d06e5c8ec4ec568974a95778749d6a6279aa1faef?s=96&d=mm&r=g","contentUrl":"https:\/\/secure.gravatar.com\/avatar\/7d5e980ef632f555fa40f97d06e5c8ec4ec568974a95778749d6a6279aa1faef?s=96&d=mm&r=g","caption":"Carme Rocamora"},"url":"https:\/\/www.sindicaturabarcelona.cat\/en\/author\/crocamora\/"}]}},"_links":{"self":[{"href":"https:\/\/www.sindicaturabarcelona.cat\/en\/wp-json\/wp\/v2\/posts\/43322","targetHints":{"allow":["GET"]}}],"collection":[{"href":"https:\/\/www.sindicaturabarcelona.cat\/en\/wp-json\/wp\/v2\/posts"}],"about":[{"href":"https:\/\/www.sindicaturabarcelona.cat\/en\/wp-json\/wp\/v2\/types\/post"}],"author":[{"embeddable":true,"href":"https:\/\/www.sindicaturabarcelona.cat\/en\/wp-json\/wp\/v2\/users\/7"}],"replies":[{"embeddable":true,"href":"https:\/\/www.sindicaturabarcelona.cat\/en\/wp-json\/wp\/v2\/comments?post=43322"}],"version-history":[{"count":2,"href":"https:\/\/www.sindicaturabarcelona.cat\/en\/wp-json\/wp\/v2\/posts\/43322\/revisions"}],"predecessor-version":[{"id":43328,"href":"https:\/\/www.sindicaturabarcelona.cat\/en\/wp-json\/wp\/v2\/posts\/43322\/revisions\/43328"}],"wp:featuredmedia":[{"embeddable":true,"href":"https:\/\/www.sindicaturabarcelona.cat\/en\/wp-json\/wp\/v2\/media\/43317"}],"wp:attachment":[{"href":"https:\/\/www.sindicaturabarcelona.cat\/en\/wp-json\/wp\/v2\/media?parent=43322"}],"wp:term":[{"taxonomy":"post_tag","embeddable":true,"href":"https:\/\/www.sindicaturabarcelona.cat\/en\/wp-json\/wp\/v2\/tags?post=43322"},{"taxonomy":"drets","embeddable":true,"href":"https:\/\/www.sindicaturabarcelona.cat\/en\/wp-json\/wp\/v2\/drets?post=43322"}],"curies":[{"name":"wp","href":"https:\/\/api.w.org\/{rel}","templated":true}]}}