{"id":43709,"date":"2026-09-02T09:00:00","date_gmt":"2026-09-02T07:00:00","guid":{"rendered":"https:\/\/www.sindicaturabarcelona.cat\/?p=43709"},"modified":"2026-09-01T13:26:03","modified_gmt":"2026-09-01T11:26:03","slug":"la-sindicatura-recomana-suspendre-el-desallotjament-de-lassentament-de-la-sagrera-fins-que-es-garanteixi-una-alternativa-residencial-adequada-per-a-totes-les-persones-afectades","status":"publish","type":"post","link":"https:\/\/www.sindicaturabarcelona.cat\/ca\/la-sindicatura-recomana-suspendre-el-desallotjament-de-lassentament-de-la-sagrera-fins-que-es-garanteixi-una-alternativa-residencial-adequada-per-a-totes-les-persones-afectades\/","title":{"rendered":"La Sindicatura recomana suspendre el desallotjament de l\u2019assentament de la Sagrera fins que es garanteixi una alternativa residencial adequada per a totes les persones afectades"},"content":{"rendered":"\n<h2 class=\"wp-block-heading\"><strong>Demana prioritzar la protecci\u00f3 d\u2019infants, dones i persones vulnerabilitzades i impulsar una resposta coordinada que afavoreixi l\u2019estabilitzaci\u00f3 residencial i la inclusi\u00f3 social.<\/strong><\/h2>\n\n\n\n<h2 class=\"wp-block-heading\"><strong>Tot i que la Sindicatura reconeix les defici\u00e8ncies de seguretat, salubritat i habitabilitat descrites en els informes municipals, considera que el cas transcendeix l\u2019\u00e0mbit urban\u00edstic i patrimonial i afecta drets fonamentals.<\/strong><\/h2>\n\n\n\n<h2 class=\"wp-block-heading\"><strong>Les dades evidencien la insufici\u00e8ncia del sistema residencial actual, amb 139 habitatges adjudicats per la Mesa d\u2019Emerg\u00e8ncia entre febrer de 2025 i febrer de 2026 davant de m\u00e9s de 700 peticions registrades.<\/strong><\/h2>\n\n\n\n<h2 class=\"wp-block-heading\"><strong>La defensoria reitera la necessitat d\u2019avan\u00e7ar en la futura llei per erradicar el sensellarisme i consolidar un model d\u2019intervenci\u00f3 basat en els drets humans.<\/strong><\/h2>\n\n\n\n<h2 class=\"wp-block-heading\"><strong>La Sindicatura est\u00e0 impulsant el projecte pilot <em>Pla Zero Carrer<\/em>, una iniciativa que defensa que cap persona hagi de viure al carrer i que aposta per abordar les causes estructurals que originen les situacions de sensellarisme<\/strong>.<\/h2>\n\n\n\n<p>La Sindicatura de Greuges de Barcelona considera que l\u2019execuci\u00f3 del desallotjament de l\u2019assentament situat al carrer Gran de la Sagrera, 18-30, <strong><a href=\"https:\/\/www.sindicaturabarcelona.cat\/wp-content\/uploads\/202608_Dret-habitatge_Actuacio-dofici-relacionada-amb-el-desallotjament-imminent-dun-assentament-al-carrer-Gran-de-la-Sagrera_26OF3.pdf\" target=\"_blank\" rel=\"noreferrer noopener\">no \u00e9s compatible, en les circumst\u00e0ncies actuals, amb les garanties exigides per la normativa vigent ni pels est\u00e0ndards internacionals de drets humans<\/a><\/strong>. La instituci\u00f3 conclou que <strong>no consta l\u2019exist\u00e8ncia d\u2019alternatives residencials adequades, estables i suficients per al conjunt de les persones afectades<\/strong> i recomana suspendre l\u2019actuaci\u00f3 fins que aquestes garanties estiguin efectivament assegurades.<\/p>\n\n\n\n<p>La Sindicatura va iniciar una <strong>actuaci\u00f3 d\u2019ofici l\u2019abril de 2026 despr\u00e9s de tenir coneixement, a trav\u00e9s d\u2019Amnistia Internacional i Amics del Moviment Quart M\u00f3n, de l\u2019imminent desallotjament d\u2019aquest assentament del districte de Sant Andreu<\/strong>. Segons la informaci\u00f3 analitzada, es tracta d\u2019un <strong>espai de titularitat municipal que constitueix la resid\u00e8ncia habitual de<\/strong> <strong>desenes de persones que no disposen d\u2019una alternativa habitacional adequada i que, en molts casos, mantenen un seguiment social continuat per part dels serveis municipals<\/strong>.<\/p>\n\n\n\n<h2 class=\"wp-block-heading\"><strong>Una realitat complexa que afecta 66 persones<\/strong><\/h2>\n\n\n\n<p>L\u2019estudi posa de manifest que a l\u2019assentament hi resideixen aproximadament 66 persones distribu\u00efdes en diferents nuclis de conviv\u00e8ncia. <strong>Entre elles hi ha infants, dones, persones amb problemes de salut, persones en situaci\u00f3 administrativa irregular i persones amb una llarga traject\u00f2ria de vida a Barcelona i a la seva \u00e0rea metropolitana.<\/strong><\/p>\n\n\n\n<p>La Sindicatura subratlla que <strong>no es tracta d\u2019una realitat homog\u00e8nia ni puntual, sin\u00f3 d\u2019una situaci\u00f3 complexa que requereix una resposta especialment acurada <\/strong>per part dels poders p\u00fablics.<\/p>\n\n\n\n<p><strong>Una part important de les persones afectades participa actualment en processos d\u2019inclusi\u00f3 social, seguiment professional i acompanyament especialitzat relacionats amb la salut, l\u2019educaci\u00f3, l\u2019assessorament jur\u00eddic o la inserci\u00f3 social<\/strong>. La instituci\u00f3 alerta que <strong>un desallotjament sense una alternativa adequada podria<\/strong> <strong>interrompre aquests processos, dificultar l\u2019acc\u00e9s als serveis essencials i debilitar vincles socials i comunitaris<\/strong> consolidats al llarg dels anys.<\/p>\n\n\n\n<h2 class=\"wp-block-heading\"><strong>Els recursos d\u2019emerg\u00e8ncia no asseguren un habitatge adequat<\/strong><\/h2>\n\n\n\n<p>L\u2019an\u00e0lisi efectuada posa de manifest que <strong>les principals alternatives ofertes fins ara se centren en recursos temporals d\u2019emerg\u00e8ncia<\/strong>, com ara centres de primera acollida.<\/p>\n\n\n\n<p><strong>La defensoria considera que la mera exist\u00e8ncia d\u2019aquests recursos no permet donar per complerta l\u2019obligaci\u00f3 de garantir un reallotjament adequat<\/strong>. Les situacions d\u2019exclusi\u00f3 residencial severa requereixen respostes adaptades a les circumst\u00e0ncies personals, familiars, laborals i sanit\u00e0ries de cada persona.<\/p>\n\n\n\n<p>La Sindicatura recorda, a m\u00e9s, les <strong>limitacions estructurals del sistema residencial actual. Les dades disponibles indiquen que entre febrer de 2025 i febrer de 2026 la Mesa d\u2019Emerg\u00e8ncia va adjudicar 139 habitatges, mentre que en el mateix per\u00edode es van registrar m\u00e9s de 700 sol\u00b7licituds<\/strong>. Segons la instituci\u00f3, aquestes xifres evidencien les dificultats existents per oferir solucions estables a totes les persones que es troben en situaci\u00f3 de vulnerabilitat residencial.<\/p>\n\n\n\n<h2 class=\"wp-block-heading\"><strong>Un cas que va m\u00e9s enll\u00e0 de l\u2019\u00e0mbit urban\u00edstic<\/strong><\/h2>\n\n\n\n<p><strong>Tot i que la Sindicatura reconeix les defici\u00e8ncies de seguretat, salubritat i habitabilitat descrites en els informes municipals, considera que l\u2019an\u00e0lisi del cas no es pot limitar a una perspectiva urban\u00edstica<\/strong> o patrimonial.<\/p>\n\n\n\n<p><strong>La instituci\u00f3 defensa que aquesta situaci\u00f3 afecta directament drets fonamentals vinculats a l\u2019habitatge, la salut, l\u2019educaci\u00f3, la dignitat i la inclusi\u00f3 social<\/strong>. Per aix\u00f2 sost\u00e9 que qualsevol intervenci\u00f3 destinada a erradicar una situaci\u00f3 d\u2019infrahabitatge ha d\u2019incorporar simult\u00e0niament mesures efectives de protecci\u00f3 dels drets de les persones residents.<\/p>\n\n\n\n<p>La Sindicatura tamb\u00e9 adverteix que les actuacions basades exclusivament en la desaparici\u00f3 f\u00edsica dels assentaments, sense alternatives suficients, no resolen les causes estructurals de l\u2019exclusi\u00f3 residencial i poden acabar reproduint el fenomen en altres espais de la ciutat.<\/p>\n\n\n\n<h2 class=\"wp-block-heading\"><strong>Cal refor\u00e7ar les pol\u00edtiques p\u00fabliques contra el sensellarisme<\/strong><\/h2>\n\n\n\n<p>Per a la Sindicatura, aquest cas transcendeix la situaci\u00f3 concreta de l\u2019assentament de la Sagrera i posa de manifest la necessitat de refor\u00e7ar les pol\u00edtiques p\u00fabliques de prevenci\u00f3 i erradicaci\u00f3 del sensellarisme i de l\u2019exclusi\u00f3 residencial severa.<\/p>\n\n\n\n<p><strong>La instituci\u00f3 participa a la <\/strong><a href=\"https:\/\/www.barcelona.cat\/infobarcelona\/ca\/neix-la-taula-de-ciutat-per-a-labordatge-del-sensellarisme_1585635.html\" target=\"_blank\" rel=\"noreferrer noopener\"><strong>Taula de Ciutat per a l\u2019Abordatge del Sensellarisme<\/strong><\/a><strong> i impulsa el projecte pilot <\/strong><a href=\"https:\/\/www.rtve.es\/play\/audios\/serveis-informatius-radio-4\/entrevista-sindic-greuges-barcelona-david-bondia\/17169463\/\" target=\"_blank\" rel=\"noreferrer noopener\"><strong>Pla Zero Carrer<\/strong><\/a><strong>, una iniciativa que defensa que cap persona hagi de viure al carrer i que aposta per abordar les causes estructurals que originen les situacions de sensellarisme<\/strong>. Es tracta una proposta innovadora i col\u00b7laborativa que planteja prioritzar l\u2019acci\u00f3 municipal, implicar diferents \u00e0mbits de l\u2019administraci\u00f3, refor\u00e7ar la col\u00b7laboraci\u00f3 entre administracions, entitats socials i agents econ\u00f2mics, i incorporar una mirada metropolitana.<\/p>\n\n\n\n<p>El Pla preveu un projecte pilot orientat <strong>a transformar l\u2019abordatge actual, passant de la gesti\u00f3 de l\u2019emerg\u00e8ncia a l\u2019erradicaci\u00f3 sistem\u00e0tica del problema. La voluntat \u00e9s superar el discurs de l\u2019efecte crida i apostar per l\u2019efecte mirall<\/strong>: convertir el Pla Zero Carrer en un referent per afrontar les problem\u00e0tiques estructurals associades al sensellarisme i inspirar altres municipis a seguir el mateix cam\u00ed.<\/p>\n\n\n\n<p><a href=\"https:\/\/www.sindicaturabarcelona.cat\/wp-content\/uploads\/Dictamen-sensellarismes.pdf\" target=\"_blank\" rel=\"noreferrer noopener\">En la mateixa l\u00ednia, la Sindicatura recorda les conclusions del Dictamen 1\/2024 sobre la proposici\u00f3 de llei per erradicar el sensellarisme<\/a>, en qu\u00e8 va donar suport a la creaci\u00f3 d\u2019un marc normatiu espec\u00edfic que reforci les obligacions de les administracions en mat\u00e8ria de prevenci\u00f3, atenci\u00f3 i garantia de drets.<\/p>\n\n\n\n<p><strong>La instituci\u00f3 reitera que \u00e9s imprescindible avan\u00e7ar en l\u2019aprovaci\u00f3 i desplegament efectiu d\u2019aquesta futura llei, aix\u00ed com dotar-la dels recursos humans, t\u00e8cnics i pressupostaris necessaris per garantir-ne l\u2019aplicaci\u00f3 efectiva<\/strong>. Segons la Sindicatura, el cas de la Sagrera exemplifica els reptes que haur\u00e0 d\u2019afrontar aquesta futura norma en situacions on convergeixen exclusi\u00f3 residencial cronificada, vulnerabilitat social i abs\u00e8ncia d\u2019alternatives habitacionals suficients.<\/p>\n\n\n\n<p>Per tot aix\u00f2, la Sindicatura conclou que l\u2019execuci\u00f3 immediata del desallotjament no supera, en les circumst\u00e0ncies actuals, les exig\u00e8ncies derivades dels principis de proporcionalitat, bona administraci\u00f3 i inter\u00e8s superior de l\u2019infant, i insta les administracions competents a prioritzar una resposta que garanteixi efectivament els drets i la dignitat de totes les persones afectades.<\/p>\n\n\n\n<h2 class=\"wp-block-heading\"><strong>El combat contra l\u2019infrahabitatge no pot generar m\u00e9s exclusi\u00f3 residencial<\/strong><\/h2>\n\n\n\n<p>La resoluci\u00f3 fa palesa la necess\u00e0ria erradicaci\u00f3 de les situacions d\u2019infrahabitatge no pot comportar un agreujament de la vulnerabilitat residencial de les persones afectades.<\/p>\n\n\n\n<p>La Sindicatura recorda que el dret a l\u2019habitatge i els est\u00e0ndards internacionals de drets humans estableixen que els desallotjaments han de tenir car\u00e0cter excepcional i que les administracions han d\u2019evitar que la seva actuaci\u00f3 desemboqui en noves situacions de sensellarisme o d\u2019exclusi\u00f3 residencial severa.<\/p>\n\n\n\n<p>En aquest sentit, la instituci\u00f3 considera que la q\u00fcesti\u00f3 rellevant no \u00e9s \u00fanicament les condicions materials de l\u2019assentament, sin\u00f3 tamb\u00e9 les conseq\u00fc\u00e8ncies que pot tenir la seva desaparici\u00f3 si aquesta no va acompanyada de solucions residencials adequades. La finalitat de protegir les persones residents no es pot traduir en una p\u00e8rdua encara m\u00e9s gran de drets ni en una precaritzaci\u00f3 superior de les seves condicions de vida.<\/p>\n\n\n\n<h2 class=\"wp-block-heading\"><strong>La protecci\u00f3 dels infants ha de ser una consideraci\u00f3 priorit\u00e0ria<\/strong><\/h2>\n\n\n\n<p>La pres\u00e8ncia acreditada d\u2019infants, aix\u00ed com de dones i persones amb necessitats socials o sanit\u00e0ries espec\u00edfiques, obliga a incorporar una perspectiva de drets en qualsevol decisi\u00f3 que afecti l\u2019assentament.<\/p>\n\n\n\n<p>La Sindicatura considera que el <strong>principi de l\u2019inter\u00e8s superior de l\u2019infant <\/strong>exigeix valorar de manera espec\u00edfica l\u2019impacte que qualsevol actuaci\u00f3 pot tenir sobre l\u2019escolaritzaci\u00f3, la salut, l\u2019estabilitat residencial i el desenvolupament personal dels nens i nenes afectats.<\/p>\n\n\n\n<p>Per aquest motiu, una de les recomanacions adre\u00e7ades a la Comissionada d\u2019Acci\u00f3 Social \u00e9s que prioritzi especialment la protecci\u00f3 dels col\u00b7lectius m\u00e9s vulnerables i garanteixi que qualsevol alternativa residencial respecti plenament els est\u00e0ndards de drets humans.<\/p>\n\n\n\n<p><em>Imatge: Betev\u00e9.<\/em><\/p>\n","protected":false},"excerpt":{"rendered":"<p>Demana prioritzar la protecci\u00f3 d\u2019infants, dones i persones vulnerabilitzades i impulsar una resposta coordinada que afavoreixi l\u2019estabilitzaci\u00f3 residencial i la inclusi\u00f3 social. Tot i que la Sindicatura reconeix les defici\u00e8ncies [&hellip;]<\/p>\n","protected":false},"author":2,"featured_media":43710,"comment_status":"closed","ping_status":"closed","sticky":false,"template":"","format":"standard","meta":{"_acf_changed":false,"footnotes":""},"tags":[],"drets":[1428,1435],"class_list":["post-43709","post","type-post","status-publish","format-standard","has-post-thumbnail","hentry","drets-ciutat-equitativa","drets-dret-a-lhabitatge"],"acf":[],"yoast_head":"<!-- This site is optimized with the Yoast SEO plugin v27.5 - https:\/\/yoast.com\/product\/yoast-seo-wordpress\/ -->\n<title>La Sindicatura recomana suspendre el desallotjament de l\u2019assentament de la Sagrera fins que es garanteixi una alternativa residencial adequada per a totes les persones afectades - Sindicatura de Greuges de Barcelona<\/title>\n<meta name=\"description\" content=\"Demana prioritzar la protecci\u00f3 d\u2019infants, dones i persones vulnerabilitzades i impulsar una resposta coordinada que afavoreixi l\u2019estabilitzaci\u00f3 residencial i la inclusi\u00f3 social de les persones residents a l&#039;assentament de la Sagrera.\" \/>\n<meta name=\"robots\" content=\"index, follow, max-snippet:-1, max-image-preview:large, max-video-preview:-1\" \/>\n<link rel=\"canonical\" href=\"https:\/\/www.sindicaturabarcelona.cat\/ca\/la-sindicatura-recomana-suspendre-el-desallotjament-de-lassentament-de-la-sagrera-fins-que-es-garanteixi-una-alternativa-residencial-adequada-per-a-totes-les-persones-afectades\/\" \/>\n<meta property=\"og:locale\" content=\"ca_ES\" \/>\n<meta property=\"og:type\" content=\"article\" \/>\n<meta property=\"og:title\" content=\"La Sindicatura recomana suspendre el desallotjament de l\u2019assentament de la Sagrera fins que es garanteixi una alternativa residencial adequada per a totes les persones afectades - Sindicatura de Greuges de Barcelona\" \/>\n<meta property=\"og:description\" content=\"Demana prioritzar la protecci\u00f3 d\u2019infants, dones i persones vulnerabilitzades i impulsar una resposta coordinada que afavoreixi l\u2019estabilitzaci\u00f3 residencial i la inclusi\u00f3 social de les persones residents a l&#039;assentament de la Sagrera.\" \/>\n<meta property=\"og:url\" content=\"https:\/\/www.sindicaturabarcelona.cat\/ca\/la-sindicatura-recomana-suspendre-el-desallotjament-de-lassentament-de-la-sagrera-fins-que-es-garanteixi-una-alternativa-residencial-adequada-per-a-totes-les-persones-afectades\/\" \/>\n<meta property=\"og:site_name\" content=\"Sindicatura de Greuges de Barcelona\" \/>\n<meta property=\"article:published_time\" content=\"2026-09-02T07:00:00+00:00\" \/>\n<meta property=\"og:image\" content=\"https:\/\/www.sindicaturabarcelona.cat\/wp-content\/uploads\/assentament-sagrera-10092025.jpg\" \/>\n\t<meta property=\"og:image:width\" content=\"1920\" \/>\n\t<meta property=\"og:image:height\" content=\"1080\" \/>\n\t<meta property=\"og:image:type\" content=\"image\/jpeg\" \/>\n<meta name=\"author\" content=\"Pablo\" \/>\n<meta name=\"twitter:card\" content=\"summary_large_image\" \/>\n<meta name=\"twitter:creator\" content=\"@sindicbarcelona\" \/>\n<meta name=\"twitter:site\" content=\"@sindicbarcelona\" \/>\n<meta name=\"twitter:label1\" content=\"Escrit per\" \/>\n\t<meta name=\"twitter:data1\" content=\"Pablo\" \/>\n\t<meta name=\"twitter:label2\" content=\"Temps estimat de lectura\" \/>\n\t<meta name=\"twitter:data2\" content=\"8 minuts\" \/>\n<script type=\"application\/ld+json\" class=\"yoast-schema-graph\">{\"@context\":\"https:\\\/\\\/schema.org\",\"@graph\":[{\"@type\":\"Article\",\"@id\":\"https:\\\/\\\/www.sindicaturabarcelona.cat\\\/ca\\\/la-sindicatura-recomana-suspendre-el-desallotjament-de-lassentament-de-la-sagrera-fins-que-es-garanteixi-una-alternativa-residencial-adequada-per-a-totes-les-persones-afectades\\\/#article\",\"isPartOf\":{\"@id\":\"https:\\\/\\\/www.sindicaturabarcelona.cat\\\/ca\\\/la-sindicatura-recomana-suspendre-el-desallotjament-de-lassentament-de-la-sagrera-fins-que-es-garanteixi-una-alternativa-residencial-adequada-per-a-totes-les-persones-afectades\\\/\"},\"author\":{\"name\":\"Pablo\",\"@id\":\"https:\\\/\\\/www.sindicaturabarcelona.cat\\\/ca\\\/#\\\/schema\\\/person\\\/0e5acffc350ffdbc97578159322c9452\"},\"headline\":\"La Sindicatura recomana suspendre el desallotjament de l\u2019assentament de la Sagrera fins que es garanteixi una alternativa residencial adequada per a totes les persones afectades\",\"datePublished\":\"2026-09-02T07:00:00+00:00\",\"mainEntityOfPage\":{\"@id\":\"https:\\\/\\\/www.sindicaturabarcelona.cat\\\/ca\\\/la-sindicatura-recomana-suspendre-el-desallotjament-de-lassentament-de-la-sagrera-fins-que-es-garanteixi-una-alternativa-residencial-adequada-per-a-totes-les-persones-afectades\\\/\"},\"wordCount\":1476,\"publisher\":{\"@id\":\"https:\\\/\\\/www.sindicaturabarcelona.cat\\\/ca\\\/#organization\"},\"image\":{\"@id\":\"https:\\\/\\\/www.sindicaturabarcelona.cat\\\/ca\\\/la-sindicatura-recomana-suspendre-el-desallotjament-de-lassentament-de-la-sagrera-fins-que-es-garanteixi-una-alternativa-residencial-adequada-per-a-totes-les-persones-afectades\\\/#primaryimage\"},\"thumbnailUrl\":\"https:\\\/\\\/www.sindicaturabarcelona.cat\\\/wp-content\\\/uploads\\\/assentament-sagrera-10092025.jpg\",\"inLanguage\":\"ca\"},{\"@type\":\"WebPage\",\"@id\":\"https:\\\/\\\/www.sindicaturabarcelona.cat\\\/ca\\\/la-sindicatura-recomana-suspendre-el-desallotjament-de-lassentament-de-la-sagrera-fins-que-es-garanteixi-una-alternativa-residencial-adequada-per-a-totes-les-persones-afectades\\\/\",\"url\":\"https:\\\/\\\/www.sindicaturabarcelona.cat\\\/ca\\\/la-sindicatura-recomana-suspendre-el-desallotjament-de-lassentament-de-la-sagrera-fins-que-es-garanteixi-una-alternativa-residencial-adequada-per-a-totes-les-persones-afectades\\\/\",\"name\":\"La Sindicatura recomana suspendre el desallotjament de l\u2019assentament de la Sagrera fins que es garanteixi una alternativa residencial adequada per a totes les persones afectades - Sindicatura de Greuges de Barcelona\",\"isPartOf\":{\"@id\":\"https:\\\/\\\/www.sindicaturabarcelona.cat\\\/ca\\\/#website\"},\"primaryImageOfPage\":{\"@id\":\"https:\\\/\\\/www.sindicaturabarcelona.cat\\\/ca\\\/la-sindicatura-recomana-suspendre-el-desallotjament-de-lassentament-de-la-sagrera-fins-que-es-garanteixi-una-alternativa-residencial-adequada-per-a-totes-les-persones-afectades\\\/#primaryimage\"},\"image\":{\"@id\":\"https:\\\/\\\/www.sindicaturabarcelona.cat\\\/ca\\\/la-sindicatura-recomana-suspendre-el-desallotjament-de-lassentament-de-la-sagrera-fins-que-es-garanteixi-una-alternativa-residencial-adequada-per-a-totes-les-persones-afectades\\\/#primaryimage\"},\"thumbnailUrl\":\"https:\\\/\\\/www.sindicaturabarcelona.cat\\\/wp-content\\\/uploads\\\/assentament-sagrera-10092025.jpg\",\"datePublished\":\"2026-09-02T07:00:00+00:00\",\"description\":\"Demana prioritzar la protecci\u00f3 d\u2019infants, dones i persones vulnerabilitzades i impulsar una resposta coordinada que afavoreixi l\u2019estabilitzaci\u00f3 residencial i la inclusi\u00f3 social de les persones residents a l'assentament de la Sagrera.\",\"breadcrumb\":{\"@id\":\"https:\\\/\\\/www.sindicaturabarcelona.cat\\\/ca\\\/la-sindicatura-recomana-suspendre-el-desallotjament-de-lassentament-de-la-sagrera-fins-que-es-garanteixi-una-alternativa-residencial-adequada-per-a-totes-les-persones-afectades\\\/#breadcrumb\"},\"inLanguage\":\"ca\",\"potentialAction\":[{\"@type\":\"ReadAction\",\"target\":[\"https:\\\/\\\/www.sindicaturabarcelona.cat\\\/ca\\\/la-sindicatura-recomana-suspendre-el-desallotjament-de-lassentament-de-la-sagrera-fins-que-es-garanteixi-una-alternativa-residencial-adequada-per-a-totes-les-persones-afectades\\\/\"]}]},{\"@type\":\"ImageObject\",\"inLanguage\":\"ca\",\"@id\":\"https:\\\/\\\/www.sindicaturabarcelona.cat\\\/ca\\\/la-sindicatura-recomana-suspendre-el-desallotjament-de-lassentament-de-la-sagrera-fins-que-es-garanteixi-una-alternativa-residencial-adequada-per-a-totes-les-persones-afectades\\\/#primaryimage\",\"url\":\"https:\\\/\\\/www.sindicaturabarcelona.cat\\\/wp-content\\\/uploads\\\/assentament-sagrera-10092025.jpg\",\"contentUrl\":\"https:\\\/\\\/www.sindicaturabarcelona.cat\\\/wp-content\\\/uploads\\\/assentament-sagrera-10092025.jpg\",\"width\":1920,\"height\":1080,\"caption\":\"Imatge: Beteve\"},{\"@type\":\"BreadcrumbList\",\"@id\":\"https:\\\/\\\/www.sindicaturabarcelona.cat\\\/ca\\\/la-sindicatura-recomana-suspendre-el-desallotjament-de-lassentament-de-la-sagrera-fins-que-es-garanteixi-una-alternativa-residencial-adequada-per-a-totes-les-persones-afectades\\\/#breadcrumb\",\"itemListElement\":[{\"@type\":\"ListItem\",\"position\":1,\"name\":\"Inici\",\"item\":\"https:\\\/\\\/www.sindicaturabarcelona.cat\\\/ca\\\/\"},{\"@type\":\"ListItem\",\"position\":2,\"name\":\"La Sindicatura recomana suspendre el desallotjament de l\u2019assentament de la Sagrera fins que es garanteixi una alternativa residencial adequada per a totes les persones afectades\"}]},{\"@type\":\"WebSite\",\"@id\":\"https:\\\/\\\/www.sindicaturabarcelona.cat\\\/ca\\\/#website\",\"url\":\"https:\\\/\\\/www.sindicaturabarcelona.cat\\\/ca\\\/\",\"name\":\"Sindicatura de Greuges de Barcelona\",\"description\":\"La defensoria dels teus drets\",\"publisher\":{\"@id\":\"https:\\\/\\\/www.sindicaturabarcelona.cat\\\/ca\\\/#organization\"},\"potentialAction\":[{\"@type\":\"SearchAction\",\"target\":{\"@type\":\"EntryPoint\",\"urlTemplate\":\"https:\\\/\\\/www.sindicaturabarcelona.cat\\\/ca\\\/?s={search_term_string}\"},\"query-input\":{\"@type\":\"PropertyValueSpecification\",\"valueRequired\":true,\"valueName\":\"search_term_string\"}}],\"inLanguage\":\"ca\"},{\"@type\":\"Organization\",\"@id\":\"https:\\\/\\\/www.sindicaturabarcelona.cat\\\/ca\\\/#organization\",\"name\":\"Sindicatura de Greuges de Barcelona\",\"url\":\"https:\\\/\\\/www.sindicaturabarcelona.cat\\\/ca\\\/\",\"logo\":{\"@type\":\"ImageObject\",\"inLanguage\":\"ca\",\"@id\":\"https:\\\/\\\/www.sindicaturabarcelona.cat\\\/ca\\\/#\\\/schema\\\/logo\\\/image\\\/\",\"url\":\"https:\\\/\\\/www.sindicaturabarcelona.cat\\\/wp-content\\\/uploads\\\/2023\\\/02\\\/logo_sindicatura.svg\",\"contentUrl\":\"https:\\\/\\\/www.sindicaturabarcelona.cat\\\/wp-content\\\/uploads\\\/2023\\\/02\\\/logo_sindicatura.svg\",\"caption\":\"Sindicatura de Greuges de Barcelona\"},\"image\":{\"@id\":\"https:\\\/\\\/www.sindicaturabarcelona.cat\\\/ca\\\/#\\\/schema\\\/logo\\\/image\\\/\"},\"sameAs\":[\"https:\\\/\\\/x.com\\\/sindicbarcelona\",\"https:\\\/\\\/www.instagram.com\\\/sindicbarcelona\\\/\",\"https:\\\/\\\/www.tiktok.com\\\/@sindicaturabcn\",\"https:\\\/\\\/t.me\\\/sindicaturabarcelona\"]},{\"@type\":\"Person\",\"@id\":\"https:\\\/\\\/www.sindicaturabarcelona.cat\\\/ca\\\/#\\\/schema\\\/person\\\/0e5acffc350ffdbc97578159322c9452\",\"name\":\"Pablo\",\"image\":{\"@type\":\"ImageObject\",\"inLanguage\":\"ca\",\"@id\":\"https:\\\/\\\/secure.gravatar.com\\\/avatar\\\/c948169b402ef9492afde705c3dfd5e90e1a6a84ef6840a91124f805a25a480f?s=96&d=mm&r=g\",\"url\":\"https:\\\/\\\/secure.gravatar.com\\\/avatar\\\/c948169b402ef9492afde705c3dfd5e90e1a6a84ef6840a91124f805a25a480f?s=96&d=mm&r=g\",\"contentUrl\":\"https:\\\/\\\/secure.gravatar.com\\\/avatar\\\/c948169b402ef9492afde705c3dfd5e90e1a6a84ef6840a91124f805a25a480f?s=96&d=mm&r=g\",\"caption\":\"Pablo\"},\"url\":\"https:\\\/\\\/www.sindicaturabarcelona.cat\\\/ca\\\/author\\\/pablo\\\/\"}]}<\/script>\n<!-- \/ Yoast SEO plugin. -->","yoast_head_json":{"title":"La Sindicatura recomana suspendre el desallotjament de l\u2019assentament de la Sagrera fins que es garanteixi una alternativa residencial adequada per a totes les persones afectades - Sindicatura de Greuges de Barcelona","description":"Demana prioritzar la protecci\u00f3 d\u2019infants, dones i persones vulnerabilitzades i impulsar una resposta coordinada que afavoreixi l\u2019estabilitzaci\u00f3 residencial i la inclusi\u00f3 social de les persones residents a l'assentament de la Sagrera.","robots":{"index":"index","follow":"follow","max-snippet":"max-snippet:-1","max-image-preview":"max-image-preview:large","max-video-preview":"max-video-preview:-1"},"canonical":"https:\/\/www.sindicaturabarcelona.cat\/ca\/la-sindicatura-recomana-suspendre-el-desallotjament-de-lassentament-de-la-sagrera-fins-que-es-garanteixi-una-alternativa-residencial-adequada-per-a-totes-les-persones-afectades\/","og_locale":"ca_ES","og_type":"article","og_title":"La Sindicatura recomana suspendre el desallotjament de l\u2019assentament de la Sagrera fins que es garanteixi una alternativa residencial adequada per a totes les persones afectades - Sindicatura de Greuges de Barcelona","og_description":"Demana prioritzar la protecci\u00f3 d\u2019infants, dones i persones vulnerabilitzades i impulsar una resposta coordinada que afavoreixi l\u2019estabilitzaci\u00f3 residencial i la inclusi\u00f3 social de les persones residents a l'assentament de la Sagrera.","og_url":"https:\/\/www.sindicaturabarcelona.cat\/ca\/la-sindicatura-recomana-suspendre-el-desallotjament-de-lassentament-de-la-sagrera-fins-que-es-garanteixi-una-alternativa-residencial-adequada-per-a-totes-les-persones-afectades\/","og_site_name":"Sindicatura de Greuges de Barcelona","article_published_time":"2026-09-02T07:00:00+00:00","og_image":[{"width":1920,"height":1080,"url":"https:\/\/www.sindicaturabarcelona.cat\/wp-content\/uploads\/assentament-sagrera-10092025.jpg","type":"image\/jpeg"}],"author":"Pablo","twitter_card":"summary_large_image","twitter_creator":"@sindicbarcelona","twitter_site":"@sindicbarcelona","twitter_misc":{"Escrit per":"Pablo","Temps estimat de lectura":"8 minuts"},"schema":{"@context":"https:\/\/schema.org","@graph":[{"@type":"Article","@id":"https:\/\/www.sindicaturabarcelona.cat\/ca\/la-sindicatura-recomana-suspendre-el-desallotjament-de-lassentament-de-la-sagrera-fins-que-es-garanteixi-una-alternativa-residencial-adequada-per-a-totes-les-persones-afectades\/#article","isPartOf":{"@id":"https:\/\/www.sindicaturabarcelona.cat\/ca\/la-sindicatura-recomana-suspendre-el-desallotjament-de-lassentament-de-la-sagrera-fins-que-es-garanteixi-una-alternativa-residencial-adequada-per-a-totes-les-persones-afectades\/"},"author":{"name":"Pablo","@id":"https:\/\/www.sindicaturabarcelona.cat\/ca\/#\/schema\/person\/0e5acffc350ffdbc97578159322c9452"},"headline":"La Sindicatura recomana suspendre el desallotjament de l\u2019assentament de la Sagrera fins que es garanteixi una alternativa residencial adequada per a totes les persones afectades","datePublished":"2026-09-02T07:00:00+00:00","mainEntityOfPage":{"@id":"https:\/\/www.sindicaturabarcelona.cat\/ca\/la-sindicatura-recomana-suspendre-el-desallotjament-de-lassentament-de-la-sagrera-fins-que-es-garanteixi-una-alternativa-residencial-adequada-per-a-totes-les-persones-afectades\/"},"wordCount":1476,"publisher":{"@id":"https:\/\/www.sindicaturabarcelona.cat\/ca\/#organization"},"image":{"@id":"https:\/\/www.sindicaturabarcelona.cat\/ca\/la-sindicatura-recomana-suspendre-el-desallotjament-de-lassentament-de-la-sagrera-fins-que-es-garanteixi-una-alternativa-residencial-adequada-per-a-totes-les-persones-afectades\/#primaryimage"},"thumbnailUrl":"https:\/\/www.sindicaturabarcelona.cat\/wp-content\/uploads\/assentament-sagrera-10092025.jpg","inLanguage":"ca"},{"@type":"WebPage","@id":"https:\/\/www.sindicaturabarcelona.cat\/ca\/la-sindicatura-recomana-suspendre-el-desallotjament-de-lassentament-de-la-sagrera-fins-que-es-garanteixi-una-alternativa-residencial-adequada-per-a-totes-les-persones-afectades\/","url":"https:\/\/www.sindicaturabarcelona.cat\/ca\/la-sindicatura-recomana-suspendre-el-desallotjament-de-lassentament-de-la-sagrera-fins-que-es-garanteixi-una-alternativa-residencial-adequada-per-a-totes-les-persones-afectades\/","name":"La Sindicatura recomana suspendre el desallotjament de l\u2019assentament de la Sagrera fins que es garanteixi una alternativa residencial adequada per a totes les persones afectades - Sindicatura de Greuges de Barcelona","isPartOf":{"@id":"https:\/\/www.sindicaturabarcelona.cat\/ca\/#website"},"primaryImageOfPage":{"@id":"https:\/\/www.sindicaturabarcelona.cat\/ca\/la-sindicatura-recomana-suspendre-el-desallotjament-de-lassentament-de-la-sagrera-fins-que-es-garanteixi-una-alternativa-residencial-adequada-per-a-totes-les-persones-afectades\/#primaryimage"},"image":{"@id":"https:\/\/www.sindicaturabarcelona.cat\/ca\/la-sindicatura-recomana-suspendre-el-desallotjament-de-lassentament-de-la-sagrera-fins-que-es-garanteixi-una-alternativa-residencial-adequada-per-a-totes-les-persones-afectades\/#primaryimage"},"thumbnailUrl":"https:\/\/www.sindicaturabarcelona.cat\/wp-content\/uploads\/assentament-sagrera-10092025.jpg","datePublished":"2026-09-02T07:00:00+00:00","description":"Demana prioritzar la protecci\u00f3 d\u2019infants, dones i persones vulnerabilitzades i impulsar una resposta coordinada que afavoreixi l\u2019estabilitzaci\u00f3 residencial i la inclusi\u00f3 social de les persones residents a l'assentament de la Sagrera.","breadcrumb":{"@id":"https:\/\/www.sindicaturabarcelona.cat\/ca\/la-sindicatura-recomana-suspendre-el-desallotjament-de-lassentament-de-la-sagrera-fins-que-es-garanteixi-una-alternativa-residencial-adequada-per-a-totes-les-persones-afectades\/#breadcrumb"},"inLanguage":"ca","potentialAction":[{"@type":"ReadAction","target":["https:\/\/www.sindicaturabarcelona.cat\/ca\/la-sindicatura-recomana-suspendre-el-desallotjament-de-lassentament-de-la-sagrera-fins-que-es-garanteixi-una-alternativa-residencial-adequada-per-a-totes-les-persones-afectades\/"]}]},{"@type":"ImageObject","inLanguage":"ca","@id":"https:\/\/www.sindicaturabarcelona.cat\/ca\/la-sindicatura-recomana-suspendre-el-desallotjament-de-lassentament-de-la-sagrera-fins-que-es-garanteixi-una-alternativa-residencial-adequada-per-a-totes-les-persones-afectades\/#primaryimage","url":"https:\/\/www.sindicaturabarcelona.cat\/wp-content\/uploads\/assentament-sagrera-10092025.jpg","contentUrl":"https:\/\/www.sindicaturabarcelona.cat\/wp-content\/uploads\/assentament-sagrera-10092025.jpg","width":1920,"height":1080,"caption":"Imatge: Beteve"},{"@type":"BreadcrumbList","@id":"https:\/\/www.sindicaturabarcelona.cat\/ca\/la-sindicatura-recomana-suspendre-el-desallotjament-de-lassentament-de-la-sagrera-fins-que-es-garanteixi-una-alternativa-residencial-adequada-per-a-totes-les-persones-afectades\/#breadcrumb","itemListElement":[{"@type":"ListItem","position":1,"name":"Inici","item":"https:\/\/www.sindicaturabarcelona.cat\/ca\/"},{"@type":"ListItem","position":2,"name":"La Sindicatura recomana suspendre el desallotjament de l\u2019assentament de la Sagrera fins que es garanteixi una alternativa residencial adequada per a totes les persones afectades"}]},{"@type":"WebSite","@id":"https:\/\/www.sindicaturabarcelona.cat\/ca\/#website","url":"https:\/\/www.sindicaturabarcelona.cat\/ca\/","name":"Sindicatura de Greuges de Barcelona","description":"La defensoria dels teus drets","publisher":{"@id":"https:\/\/www.sindicaturabarcelona.cat\/ca\/#organization"},"potentialAction":[{"@type":"SearchAction","target":{"@type":"EntryPoint","urlTemplate":"https:\/\/www.sindicaturabarcelona.cat\/ca\/?s={search_term_string}"},"query-input":{"@type":"PropertyValueSpecification","valueRequired":true,"valueName":"search_term_string"}}],"inLanguage":"ca"},{"@type":"Organization","@id":"https:\/\/www.sindicaturabarcelona.cat\/ca\/#organization","name":"Sindicatura de Greuges de Barcelona","url":"https:\/\/www.sindicaturabarcelona.cat\/ca\/","logo":{"@type":"ImageObject","inLanguage":"ca","@id":"https:\/\/www.sindicaturabarcelona.cat\/ca\/#\/schema\/logo\/image\/","url":"https:\/\/www.sindicaturabarcelona.cat\/wp-content\/uploads\/2023\/02\/logo_sindicatura.svg","contentUrl":"https:\/\/www.sindicaturabarcelona.cat\/wp-content\/uploads\/2023\/02\/logo_sindicatura.svg","caption":"Sindicatura de Greuges de Barcelona"},"image":{"@id":"https:\/\/www.sindicaturabarcelona.cat\/ca\/#\/schema\/logo\/image\/"},"sameAs":["https:\/\/x.com\/sindicbarcelona","https:\/\/www.instagram.com\/sindicbarcelona\/","https:\/\/www.tiktok.com\/@sindicaturabcn","https:\/\/t.me\/sindicaturabarcelona"]},{"@type":"Person","@id":"https:\/\/www.sindicaturabarcelona.cat\/ca\/#\/schema\/person\/0e5acffc350ffdbc97578159322c9452","name":"Pablo","image":{"@type":"ImageObject","inLanguage":"ca","@id":"https:\/\/secure.gravatar.com\/avatar\/c948169b402ef9492afde705c3dfd5e90e1a6a84ef6840a91124f805a25a480f?s=96&d=mm&r=g","url":"https:\/\/secure.gravatar.com\/avatar\/c948169b402ef9492afde705c3dfd5e90e1a6a84ef6840a91124f805a25a480f?s=96&d=mm&r=g","contentUrl":"https:\/\/secure.gravatar.com\/avatar\/c948169b402ef9492afde705c3dfd5e90e1a6a84ef6840a91124f805a25a480f?s=96&d=mm&r=g","caption":"Pablo"},"url":"https:\/\/www.sindicaturabarcelona.cat\/ca\/author\/pablo\/"}]}},"_links":{"self":[{"href":"https:\/\/www.sindicaturabarcelona.cat\/ca\/wp-json\/wp\/v2\/posts\/43709","targetHints":{"allow":["GET"]}}],"collection":[{"href":"https:\/\/www.sindicaturabarcelona.cat\/ca\/wp-json\/wp\/v2\/posts"}],"about":[{"href":"https:\/\/www.sindicaturabarcelona.cat\/ca\/wp-json\/wp\/v2\/types\/post"}],"author":[{"embeddable":true,"href":"https:\/\/www.sindicaturabarcelona.cat\/ca\/wp-json\/wp\/v2\/users\/2"}],"replies":[{"embeddable":true,"href":"https:\/\/www.sindicaturabarcelona.cat\/ca\/wp-json\/wp\/v2\/comments?post=43709"}],"version-history":[{"count":3,"href":"https:\/\/www.sindicaturabarcelona.cat\/ca\/wp-json\/wp\/v2\/posts\/43709\/revisions"}],"predecessor-version":[{"id":43718,"href":"https:\/\/www.sindicaturabarcelona.cat\/ca\/wp-json\/wp\/v2\/posts\/43709\/revisions\/43718"}],"wp:featuredmedia":[{"embeddable":true,"href":"https:\/\/www.sindicaturabarcelona.cat\/ca\/wp-json\/wp\/v2\/media\/43710"}],"wp:attachment":[{"href":"https:\/\/www.sindicaturabarcelona.cat\/ca\/wp-json\/wp\/v2\/media?parent=43709"}],"wp:term":[{"taxonomy":"post_tag","embeddable":true,"href":"https:\/\/www.sindicaturabarcelona.cat\/ca\/wp-json\/wp\/v2\/tags?post=43709"},{"taxonomy":"drets","embeddable":true,"href":"https:\/\/www.sindicaturabarcelona.cat\/ca\/wp-json\/wp\/v2\/drets?post=43709"}],"curies":[{"name":"wp","href":"https:\/\/api.w.org\/{rel}","templated":true}]}}