{"id":43634,"date":"2026-08-27T12:26:25","date_gmt":"2026-08-27T10:26:25","guid":{"rendered":"https:\/\/www.sindicaturabarcelona.cat\/?p=43634"},"modified":"2026-08-27T12:28:21","modified_gmt":"2026-08-27T10:28:21","slug":"la-sindicatura-demana-al-districte-de-ciutat-vella-reforcar-les-actuacions-davant-uns-espectacles-no-autoritzats-que-generen-molesties-a-lespai-public","status":"publish","type":"post","link":"https:\/\/www.sindicaturabarcelona.cat\/ca\/la-sindicatura-demana-al-districte-de-ciutat-vella-reforcar-les-actuacions-davant-uns-espectacles-no-autoritzats-que-generen-molesties-a-lespai-public\/","title":{"rendered":"La Sindicatura demana al Districte de Ciutat Vella refor\u00e7ar les actuacions davant uns espectacles no autoritzats que continuen generant mol\u00e8sties a l&#8217;espai p\u00fablic"},"content":{"rendered":"\n<h2 class=\"wp-block-heading\"><strong>La defensoria conclou que l&#8217;actuaci\u00f3 municipal ha estat ajustada a dret, per\u00f2 considera que les mesures aplicades fins ara no han estat suficients per posar fi a una activitat que afecta la conviv\u00e8ncia, la seguretat i el lliure \u00fas de l&#8217;espai p\u00fablic.<\/strong><\/h2>\n\n\n\n<p><strong>Barcelona, 27 d\u2019agost de 2026<\/strong> &#8211; La Sindicatura de Greuges de Barcelona ha recomanat al Districte de Ciutat Vella que valori <strong>l&#8217;adopci\u00f3 d&#8217;actuacions complement\u00e0ries per garantir el cessament efectiu d&#8217;uns espectacles no autoritzats<\/strong> <strong>que es desenvolupen en diversos espais del centre de la ciutat<\/strong> i que continuen generant mol\u00e8sties, aglomeracions i problemes de conviv\u00e8ncia.<\/p>\n\n\n\n<p>L<a href=\"https:\/\/www.sindicaturabarcelona.cat\/wp-content\/uploads\/202607_Dret-espai-public-i-Dret-seguretat-ciutadana_espectacle-a-la-via-publica-que-genera-molesties-i-problemes-de-convivencia_26Q343.pdf\" target=\"_blank\" rel=\"noreferrer noopener\">a Sindicatura conclou que l&#8217;actuaci\u00f3 municipal ha estat ajustada a dret i que <strong>l&#8217;Ajuntament ha desplegat actuacions de control i sanci\u00f3 davant aquesta activitat<\/strong><\/a>. <strong>Tanmateix, la defensoria considera que les mesures adoptades no han estat suficients per evitar-ne la continu\u00eftat ni per restablir de manera efectiva les condicions de conviv\u00e8ncia<\/strong> i d&#8217;\u00fas adequat de l&#8217;espai p\u00fablic.<\/p>\n\n\n\n<h2 class=\"wp-block-heading\"><strong>Una activitat sense autoritzaci\u00f3 que genera ocupaci\u00f3 intensiva de l&#8217;espai p\u00fablic<\/strong><\/h2>\n\n\n\n<p>La intervenci\u00f3 de la Sindicatura t\u00e9 origen en <strong>la queixa d&#8217;una ciutadana que denunciava la realitzaci\u00f3 reiterada d&#8217;espectacles amb un c\u00e8rcol de grans dimensions i amplificaci\u00f3 sonora a la pla\u00e7a Nova, el Portal de l&#8217;\u00c0ngel i la pla\u00e7a de Catalunya<\/strong>. Segons la queixa, aquestes actuacions provoquen <strong>concentracions importants de p\u00fablic, dificulten el pas de les persones vianants i ocasionen mol\u00e8sties <\/strong>tant al ve\u00efnat com als establiments de l&#8217;entorn.<\/p>\n\n\n\n<p>Despr\u00e9s d&#8217;analitzar el cas, <strong>la Sindicatura considera que les caracter\u00edstiques d&#8217;aquesta activitat excedeixen l&#8217;\u00fas ordinari de la via p\u00fablica<\/strong> <strong>i s&#8217;emmarquen en la categoria d&#8217;\u00fas com\u00fa especial de l&#8217;espai p\u00fablic<\/strong>, ja que comporten una ocupaci\u00f3 intensiva de l&#8217;entorn urb\u00e0, la generaci\u00f3 d&#8217;aglomeracions i la utilitzaci\u00f3 d&#8217;equips d&#8217;amplificaci\u00f3 sonora. <strong>D&#8217;acord amb la normativa municipal, aquest tipus d&#8217;activitats requereixen una autoritzaci\u00f3 pr\u00e8via.<\/strong><\/p>\n\n\n\n<p>La defensoria recorda tamb\u00e9 que els espais on es desenvolupen aquests espectacles es caracteritzen per una elevada aflu\u00e8ncia ciutadana i tur\u00edstica. En aquest context, les concentracions de p\u00fablic poden alterar els usos habituals de la via p\u00fablica, dificultar la mobilitat dels vianants i comprometre el dret de la ciutadania a gaudir d&#8217;aquests espais en condicions de normalitat.<\/p>\n\n\n\n<h2 class=\"wp-block-heading\"><strong>Les actuacions municipals no han aconseguit posar fi a la problem\u00e0tica<\/strong><\/h2>\n\n\n\n<p>L&#8217;Ajuntament ha informat la Sindicatura que la <strong>Gu\u00e0rdia Urbana mant\u00e9 dispositius espec\u00edfics de control sobre aquesta activitat, amb actuacions que inclouen den\u00fancies als responsables, intervencions dels equips de so i decom\u00eds dels ingressos obtinguts durant els espectacles<\/strong>.<\/p>\n\n\n\n<p><strong>Malgrat aquestes actuacions, la problem\u00e0tica es mant\u00e9 des de fa anys. Per a la Sindicatura, aquesta persist\u00e8ncia posa de manifest que les mesures aplicades fins ara no han tingut una capacitat dissuasiva suficient<\/strong> per impedir la continu\u00eftat de l&#8217;activitat i evidencien la necessitat d&#8217;explorar noves vies d&#8217;intervenci\u00f3 que permetin garantir de manera efectiva el compliment de la normativa.<\/p>\n\n\n\n<p>Per aquest motiu, la instituci\u00f3 recomana al <a href=\"https:\/\/ajuntament.barcelona.cat\/ciutatvella\/ca\" target=\"_blank\" rel=\"noreferrer noopener\">Districte de Ciutat Vella<\/a> que valori l&#8217;adopci\u00f3 de les actuacions complement\u00e0ries que siguin necess\u00e0ries per assegurar el cessament efectiu d&#8217;aquesta activitat no autoritzada i garantir la protecci\u00f3 de la conviv\u00e8ncia, la seguretat i el lliure \u00fas de l&#8217;espai p\u00fablic per part del conjunt de la ciutadania.<\/p>\n","protected":false},"excerpt":{"rendered":"<p>La defensoria conclou que l&#8217;actuaci\u00f3 municipal ha estat ajustada a dret, per\u00f2 considera que les mesures aplicades fins ara no han estat suficients per posar fi a una activitat que [&hellip;]<\/p>\n","protected":false},"author":2,"featured_media":43635,"comment_status":"closed","ping_status":"closed","sticky":false,"template":"","format":"standard","meta":{"_acf_changed":false,"footnotes":""},"tags":[],"drets":[1440,1452,1438,1446],"class_list":["post-43634","post","type-post","status-publish","format-standard","has-post-thumbnail","hentry","drets-ciutat-garantista","drets-dret-a-la-seguretat-ciutadana","drets-ciutat-habitable-i-sostenible","drets-dret-a-lespai-public"],"acf":[],"yoast_head":"<!-- This site is optimized with the Yoast SEO plugin v27.5 - https:\/\/yoast.com\/product\/yoast-seo-wordpress\/ -->\n<title>La Sindicatura demana al Districte de Ciutat Vella refor\u00e7ar les actuacions davant uns espectacles no autoritzats que continuen generant mol\u00e8sties a l&#039;espai p\u00fablic - Sindicatura de Greuges de Barcelona<\/title>\n<meta name=\"description\" content=\"La defensoria conclou que l&#039;actuaci\u00f3 municipal ha estat ajustada a dret, per\u00f2 considera que les mesures aplicades fins ara no han estat suficients per posar fi a una activitat que afecta la conviv\u00e8ncia, la seguretat i el lliure \u00fas de l&#039;espai p\u00fablic.\" \/>\n<meta name=\"robots\" content=\"index, follow, max-snippet:-1, max-image-preview:large, max-video-preview:-1\" \/>\n<link rel=\"canonical\" href=\"https:\/\/www.sindicaturabarcelona.cat\/ca\/la-sindicatura-demana-al-districte-de-ciutat-vella-reforcar-les-actuacions-davant-uns-espectacles-no-autoritzats-que-generen-molesties-a-lespai-public\/\" \/>\n<meta property=\"og:locale\" content=\"ca_ES\" \/>\n<meta property=\"og:type\" content=\"article\" \/>\n<meta property=\"og:title\" content=\"La Sindicatura demana al Districte de Ciutat Vella refor\u00e7ar les actuacions davant uns espectacles no autoritzats que continuen generant mol\u00e8sties a l&#039;espai p\u00fablic - Sindicatura de Greuges de Barcelona\" \/>\n<meta property=\"og:description\" content=\"La defensoria conclou que l&#039;actuaci\u00f3 municipal ha estat ajustada a dret, per\u00f2 considera que les mesures aplicades fins ara no han estat suficients per posar fi a una activitat que afecta la conviv\u00e8ncia, la seguretat i el lliure \u00fas de l&#039;espai p\u00fablic.\" \/>\n<meta property=\"og:url\" content=\"https:\/\/www.sindicaturabarcelona.cat\/ca\/la-sindicatura-demana-al-districte-de-ciutat-vella-reforcar-les-actuacions-davant-uns-espectacles-no-autoritzats-que-generen-molesties-a-lespai-public\/\" \/>\n<meta property=\"og:site_name\" content=\"Sindicatura de Greuges de Barcelona\" \/>\n<meta property=\"article:published_time\" content=\"2026-08-27T10:26:25+00:00\" \/>\n<meta property=\"article:modified_time\" content=\"2026-08-27T10:28:21+00:00\" \/>\n<meta property=\"og:image\" content=\"https:\/\/www.sindicaturabarcelona.cat\/wp-content\/uploads\/11908_DISE-Portal-de-lAngel-25-8-13-VZ-02.jpg\" \/>\n\t<meta property=\"og:image:width\" content=\"1024\" \/>\n\t<meta property=\"og:image:height\" content=\"683\" \/>\n\t<meta property=\"og:image:type\" content=\"image\/jpeg\" \/>\n<meta name=\"author\" content=\"Pablo\" \/>\n<meta name=\"twitter:card\" content=\"summary_large_image\" \/>\n<meta name=\"twitter:creator\" content=\"@sindicbarcelona\" \/>\n<meta name=\"twitter:site\" content=\"@sindicbarcelona\" \/>\n<meta name=\"twitter:label1\" content=\"Escrit per\" \/>\n\t<meta name=\"twitter:data1\" content=\"Pablo\" \/>\n\t<meta name=\"twitter:label2\" content=\"Temps estimat de lectura\" \/>\n\t<meta name=\"twitter:data2\" content=\"3 minuts\" \/>\n<script type=\"application\/ld+json\" class=\"yoast-schema-graph\">{\"@context\":\"https:\\\/\\\/schema.org\",\"@graph\":[{\"@type\":\"Article\",\"@id\":\"https:\\\/\\\/www.sindicaturabarcelona.cat\\\/ca\\\/la-sindicatura-demana-al-districte-de-ciutat-vella-reforcar-les-actuacions-davant-uns-espectacles-no-autoritzats-que-generen-molesties-a-lespai-public\\\/#article\",\"isPartOf\":{\"@id\":\"https:\\\/\\\/www.sindicaturabarcelona.cat\\\/ca\\\/la-sindicatura-demana-al-districte-de-ciutat-vella-reforcar-les-actuacions-davant-uns-espectacles-no-autoritzats-que-generen-molesties-a-lespai-public\\\/\"},\"author\":{\"name\":\"Pablo\",\"@id\":\"https:\\\/\\\/www.sindicaturabarcelona.cat\\\/ca\\\/#\\\/schema\\\/person\\\/0e5acffc350ffdbc97578159322c9452\"},\"headline\":\"La Sindicatura demana al Districte de Ciutat Vella refor\u00e7ar les actuacions davant uns espectacles no autoritzats que continuen generant mol\u00e8sties a l&#8217;espai p\u00fablic\",\"datePublished\":\"2026-08-27T10:26:25+00:00\",\"dateModified\":\"2026-08-27T10:28:21+00:00\",\"mainEntityOfPage\":{\"@id\":\"https:\\\/\\\/www.sindicaturabarcelona.cat\\\/ca\\\/la-sindicatura-demana-al-districte-de-ciutat-vella-reforcar-les-actuacions-davant-uns-espectacles-no-autoritzats-que-generen-molesties-a-lespai-public\\\/\"},\"wordCount\":603,\"publisher\":{\"@id\":\"https:\\\/\\\/www.sindicaturabarcelona.cat\\\/ca\\\/#organization\"},\"image\":{\"@id\":\"https:\\\/\\\/www.sindicaturabarcelona.cat\\\/ca\\\/la-sindicatura-demana-al-districte-de-ciutat-vella-reforcar-les-actuacions-davant-uns-espectacles-no-autoritzats-que-generen-molesties-a-lespai-public\\\/#primaryimage\"},\"thumbnailUrl\":\"https:\\\/\\\/www.sindicaturabarcelona.cat\\\/wp-content\\\/uploads\\\/11908_DISE-Portal-de-lAngel-25-8-13-VZ-02.jpg\",\"inLanguage\":\"ca\"},{\"@type\":\"WebPage\",\"@id\":\"https:\\\/\\\/www.sindicaturabarcelona.cat\\\/ca\\\/la-sindicatura-demana-al-districte-de-ciutat-vella-reforcar-les-actuacions-davant-uns-espectacles-no-autoritzats-que-generen-molesties-a-lespai-public\\\/\",\"url\":\"https:\\\/\\\/www.sindicaturabarcelona.cat\\\/ca\\\/la-sindicatura-demana-al-districte-de-ciutat-vella-reforcar-les-actuacions-davant-uns-espectacles-no-autoritzats-que-generen-molesties-a-lespai-public\\\/\",\"name\":\"La Sindicatura demana al Districte de Ciutat Vella refor\u00e7ar les actuacions davant uns espectacles no autoritzats que continuen generant mol\u00e8sties a l'espai p\u00fablic - Sindicatura de Greuges de Barcelona\",\"isPartOf\":{\"@id\":\"https:\\\/\\\/www.sindicaturabarcelona.cat\\\/ca\\\/#website\"},\"primaryImageOfPage\":{\"@id\":\"https:\\\/\\\/www.sindicaturabarcelona.cat\\\/ca\\\/la-sindicatura-demana-al-districte-de-ciutat-vella-reforcar-les-actuacions-davant-uns-espectacles-no-autoritzats-que-generen-molesties-a-lespai-public\\\/#primaryimage\"},\"image\":{\"@id\":\"https:\\\/\\\/www.sindicaturabarcelona.cat\\\/ca\\\/la-sindicatura-demana-al-districte-de-ciutat-vella-reforcar-les-actuacions-davant-uns-espectacles-no-autoritzats-que-generen-molesties-a-lespai-public\\\/#primaryimage\"},\"thumbnailUrl\":\"https:\\\/\\\/www.sindicaturabarcelona.cat\\\/wp-content\\\/uploads\\\/11908_DISE-Portal-de-lAngel-25-8-13-VZ-02.jpg\",\"datePublished\":\"2026-08-27T10:26:25+00:00\",\"dateModified\":\"2026-08-27T10:28:21+00:00\",\"description\":\"La defensoria conclou que l'actuaci\u00f3 municipal ha estat ajustada a dret, per\u00f2 considera que les mesures aplicades fins ara no han estat suficients per posar fi a una activitat que afecta la conviv\u00e8ncia, la seguretat i el lliure \u00fas de l'espai p\u00fablic.\",\"breadcrumb\":{\"@id\":\"https:\\\/\\\/www.sindicaturabarcelona.cat\\\/ca\\\/la-sindicatura-demana-al-districte-de-ciutat-vella-reforcar-les-actuacions-davant-uns-espectacles-no-autoritzats-que-generen-molesties-a-lespai-public\\\/#breadcrumb\"},\"inLanguage\":\"ca\",\"potentialAction\":[{\"@type\":\"ReadAction\",\"target\":[\"https:\\\/\\\/www.sindicaturabarcelona.cat\\\/ca\\\/la-sindicatura-demana-al-districte-de-ciutat-vella-reforcar-les-actuacions-davant-uns-espectacles-no-autoritzats-que-generen-molesties-a-lespai-public\\\/\"]}]},{\"@type\":\"ImageObject\",\"inLanguage\":\"ca\",\"@id\":\"https:\\\/\\\/www.sindicaturabarcelona.cat\\\/ca\\\/la-sindicatura-demana-al-districte-de-ciutat-vella-reforcar-les-actuacions-davant-uns-espectacles-no-autoritzats-que-generen-molesties-a-lespai-public\\\/#primaryimage\",\"url\":\"https:\\\/\\\/www.sindicaturabarcelona.cat\\\/wp-content\\\/uploads\\\/11908_DISE-Portal-de-lAngel-25-8-13-VZ-02.jpg\",\"contentUrl\":\"https:\\\/\\\/www.sindicaturabarcelona.cat\\\/wp-content\\\/uploads\\\/11908_DISE-Portal-de-lAngel-25-8-13-VZ-02.jpg\",\"width\":1024,\"height\":683,\"caption\":\"Portal de l'\u00c0ngel\"},{\"@type\":\"BreadcrumbList\",\"@id\":\"https:\\\/\\\/www.sindicaturabarcelona.cat\\\/ca\\\/la-sindicatura-demana-al-districte-de-ciutat-vella-reforcar-les-actuacions-davant-uns-espectacles-no-autoritzats-que-generen-molesties-a-lespai-public\\\/#breadcrumb\",\"itemListElement\":[{\"@type\":\"ListItem\",\"position\":1,\"name\":\"Inici\",\"item\":\"https:\\\/\\\/www.sindicaturabarcelona.cat\\\/ca\\\/\"},{\"@type\":\"ListItem\",\"position\":2,\"name\":\"La Sindicatura demana al Districte de Ciutat Vella refor\u00e7ar les actuacions davant uns espectacles no autoritzats que continuen generant mol\u00e8sties a l&#8217;espai p\u00fablic\"}]},{\"@type\":\"WebSite\",\"@id\":\"https:\\\/\\\/www.sindicaturabarcelona.cat\\\/ca\\\/#website\",\"url\":\"https:\\\/\\\/www.sindicaturabarcelona.cat\\\/ca\\\/\",\"name\":\"Sindicatura de Greuges de Barcelona\",\"description\":\"La defensoria dels teus drets\",\"publisher\":{\"@id\":\"https:\\\/\\\/www.sindicaturabarcelona.cat\\\/ca\\\/#organization\"},\"potentialAction\":[{\"@type\":\"SearchAction\",\"target\":{\"@type\":\"EntryPoint\",\"urlTemplate\":\"https:\\\/\\\/www.sindicaturabarcelona.cat\\\/ca\\\/?s={search_term_string}\"},\"query-input\":{\"@type\":\"PropertyValueSpecification\",\"valueRequired\":true,\"valueName\":\"search_term_string\"}}],\"inLanguage\":\"ca\"},{\"@type\":\"Organization\",\"@id\":\"https:\\\/\\\/www.sindicaturabarcelona.cat\\\/ca\\\/#organization\",\"name\":\"Sindicatura de Greuges de Barcelona\",\"url\":\"https:\\\/\\\/www.sindicaturabarcelona.cat\\\/ca\\\/\",\"logo\":{\"@type\":\"ImageObject\",\"inLanguage\":\"ca\",\"@id\":\"https:\\\/\\\/www.sindicaturabarcelona.cat\\\/ca\\\/#\\\/schema\\\/logo\\\/image\\\/\",\"url\":\"https:\\\/\\\/www.sindicaturabarcelona.cat\\\/wp-content\\\/uploads\\\/2023\\\/02\\\/logo_sindicatura.svg\",\"contentUrl\":\"https:\\\/\\\/www.sindicaturabarcelona.cat\\\/wp-content\\\/uploads\\\/2023\\\/02\\\/logo_sindicatura.svg\",\"caption\":\"Sindicatura de Greuges de Barcelona\"},\"image\":{\"@id\":\"https:\\\/\\\/www.sindicaturabarcelona.cat\\\/ca\\\/#\\\/schema\\\/logo\\\/image\\\/\"},\"sameAs\":[\"https:\\\/\\\/x.com\\\/sindicbarcelona\",\"https:\\\/\\\/www.instagram.com\\\/sindicbarcelona\\\/\",\"https:\\\/\\\/www.tiktok.com\\\/@sindicaturabcn\",\"https:\\\/\\\/t.me\\\/sindicaturabarcelona\"]},{\"@type\":\"Person\",\"@id\":\"https:\\\/\\\/www.sindicaturabarcelona.cat\\\/ca\\\/#\\\/schema\\\/person\\\/0e5acffc350ffdbc97578159322c9452\",\"name\":\"Pablo\",\"image\":{\"@type\":\"ImageObject\",\"inLanguage\":\"ca\",\"@id\":\"https:\\\/\\\/secure.gravatar.com\\\/avatar\\\/c948169b402ef9492afde705c3dfd5e90e1a6a84ef6840a91124f805a25a480f?s=96&d=mm&r=g\",\"url\":\"https:\\\/\\\/secure.gravatar.com\\\/avatar\\\/c948169b402ef9492afde705c3dfd5e90e1a6a84ef6840a91124f805a25a480f?s=96&d=mm&r=g\",\"contentUrl\":\"https:\\\/\\\/secure.gravatar.com\\\/avatar\\\/c948169b402ef9492afde705c3dfd5e90e1a6a84ef6840a91124f805a25a480f?s=96&d=mm&r=g\",\"caption\":\"Pablo\"},\"url\":\"https:\\\/\\\/www.sindicaturabarcelona.cat\\\/ca\\\/author\\\/pablo\\\/\"}]}<\/script>\n<!-- \/ Yoast SEO plugin. -->","yoast_head_json":{"title":"La Sindicatura demana al Districte de Ciutat Vella refor\u00e7ar les actuacions davant uns espectacles no autoritzats que continuen generant mol\u00e8sties a l'espai p\u00fablic - Sindicatura de Greuges de Barcelona","description":"La defensoria conclou que l'actuaci\u00f3 municipal ha estat ajustada a dret, per\u00f2 considera que les mesures aplicades fins ara no han estat suficients per posar fi a una activitat que afecta la conviv\u00e8ncia, la seguretat i el lliure \u00fas de l'espai p\u00fablic.","robots":{"index":"index","follow":"follow","max-snippet":"max-snippet:-1","max-image-preview":"max-image-preview:large","max-video-preview":"max-video-preview:-1"},"canonical":"https:\/\/www.sindicaturabarcelona.cat\/ca\/la-sindicatura-demana-al-districte-de-ciutat-vella-reforcar-les-actuacions-davant-uns-espectacles-no-autoritzats-que-generen-molesties-a-lespai-public\/","og_locale":"ca_ES","og_type":"article","og_title":"La Sindicatura demana al Districte de Ciutat Vella refor\u00e7ar les actuacions davant uns espectacles no autoritzats que continuen generant mol\u00e8sties a l'espai p\u00fablic - Sindicatura de Greuges de Barcelona","og_description":"La defensoria conclou que l'actuaci\u00f3 municipal ha estat ajustada a dret, per\u00f2 considera que les mesures aplicades fins ara no han estat suficients per posar fi a una activitat que afecta la conviv\u00e8ncia, la seguretat i el lliure \u00fas de l'espai p\u00fablic.","og_url":"https:\/\/www.sindicaturabarcelona.cat\/ca\/la-sindicatura-demana-al-districte-de-ciutat-vella-reforcar-les-actuacions-davant-uns-espectacles-no-autoritzats-que-generen-molesties-a-lespai-public\/","og_site_name":"Sindicatura de Greuges de Barcelona","article_published_time":"2026-08-27T10:26:25+00:00","article_modified_time":"2026-08-27T10:28:21+00:00","og_image":[{"width":1024,"height":683,"url":"https:\/\/www.sindicaturabarcelona.cat\/wp-content\/uploads\/11908_DISE-Portal-de-lAngel-25-8-13-VZ-02.jpg","type":"image\/jpeg"}],"author":"Pablo","twitter_card":"summary_large_image","twitter_creator":"@sindicbarcelona","twitter_site":"@sindicbarcelona","twitter_misc":{"Escrit per":"Pablo","Temps estimat de lectura":"3 minuts"},"schema":{"@context":"https:\/\/schema.org","@graph":[{"@type":"Article","@id":"https:\/\/www.sindicaturabarcelona.cat\/ca\/la-sindicatura-demana-al-districte-de-ciutat-vella-reforcar-les-actuacions-davant-uns-espectacles-no-autoritzats-que-generen-molesties-a-lespai-public\/#article","isPartOf":{"@id":"https:\/\/www.sindicaturabarcelona.cat\/ca\/la-sindicatura-demana-al-districte-de-ciutat-vella-reforcar-les-actuacions-davant-uns-espectacles-no-autoritzats-que-generen-molesties-a-lespai-public\/"},"author":{"name":"Pablo","@id":"https:\/\/www.sindicaturabarcelona.cat\/ca\/#\/schema\/person\/0e5acffc350ffdbc97578159322c9452"},"headline":"La Sindicatura demana al Districte de Ciutat Vella refor\u00e7ar les actuacions davant uns espectacles no autoritzats que continuen generant mol\u00e8sties a l&#8217;espai p\u00fablic","datePublished":"2026-08-27T10:26:25+00:00","dateModified":"2026-08-27T10:28:21+00:00","mainEntityOfPage":{"@id":"https:\/\/www.sindicaturabarcelona.cat\/ca\/la-sindicatura-demana-al-districte-de-ciutat-vella-reforcar-les-actuacions-davant-uns-espectacles-no-autoritzats-que-generen-molesties-a-lespai-public\/"},"wordCount":603,"publisher":{"@id":"https:\/\/www.sindicaturabarcelona.cat\/ca\/#organization"},"image":{"@id":"https:\/\/www.sindicaturabarcelona.cat\/ca\/la-sindicatura-demana-al-districte-de-ciutat-vella-reforcar-les-actuacions-davant-uns-espectacles-no-autoritzats-que-generen-molesties-a-lespai-public\/#primaryimage"},"thumbnailUrl":"https:\/\/www.sindicaturabarcelona.cat\/wp-content\/uploads\/11908_DISE-Portal-de-lAngel-25-8-13-VZ-02.jpg","inLanguage":"ca"},{"@type":"WebPage","@id":"https:\/\/www.sindicaturabarcelona.cat\/ca\/la-sindicatura-demana-al-districte-de-ciutat-vella-reforcar-les-actuacions-davant-uns-espectacles-no-autoritzats-que-generen-molesties-a-lespai-public\/","url":"https:\/\/www.sindicaturabarcelona.cat\/ca\/la-sindicatura-demana-al-districte-de-ciutat-vella-reforcar-les-actuacions-davant-uns-espectacles-no-autoritzats-que-generen-molesties-a-lespai-public\/","name":"La Sindicatura demana al Districte de Ciutat Vella refor\u00e7ar les actuacions davant uns espectacles no autoritzats que continuen generant mol\u00e8sties a l'espai p\u00fablic - Sindicatura de Greuges de Barcelona","isPartOf":{"@id":"https:\/\/www.sindicaturabarcelona.cat\/ca\/#website"},"primaryImageOfPage":{"@id":"https:\/\/www.sindicaturabarcelona.cat\/ca\/la-sindicatura-demana-al-districte-de-ciutat-vella-reforcar-les-actuacions-davant-uns-espectacles-no-autoritzats-que-generen-molesties-a-lespai-public\/#primaryimage"},"image":{"@id":"https:\/\/www.sindicaturabarcelona.cat\/ca\/la-sindicatura-demana-al-districte-de-ciutat-vella-reforcar-les-actuacions-davant-uns-espectacles-no-autoritzats-que-generen-molesties-a-lespai-public\/#primaryimage"},"thumbnailUrl":"https:\/\/www.sindicaturabarcelona.cat\/wp-content\/uploads\/11908_DISE-Portal-de-lAngel-25-8-13-VZ-02.jpg","datePublished":"2026-08-27T10:26:25+00:00","dateModified":"2026-08-27T10:28:21+00:00","description":"La defensoria conclou que l'actuaci\u00f3 municipal ha estat ajustada a dret, per\u00f2 considera que les mesures aplicades fins ara no han estat suficients per posar fi a una activitat que afecta la conviv\u00e8ncia, la seguretat i el lliure \u00fas de l'espai p\u00fablic.","breadcrumb":{"@id":"https:\/\/www.sindicaturabarcelona.cat\/ca\/la-sindicatura-demana-al-districte-de-ciutat-vella-reforcar-les-actuacions-davant-uns-espectacles-no-autoritzats-que-generen-molesties-a-lespai-public\/#breadcrumb"},"inLanguage":"ca","potentialAction":[{"@type":"ReadAction","target":["https:\/\/www.sindicaturabarcelona.cat\/ca\/la-sindicatura-demana-al-districte-de-ciutat-vella-reforcar-les-actuacions-davant-uns-espectacles-no-autoritzats-que-generen-molesties-a-lespai-public\/"]}]},{"@type":"ImageObject","inLanguage":"ca","@id":"https:\/\/www.sindicaturabarcelona.cat\/ca\/la-sindicatura-demana-al-districte-de-ciutat-vella-reforcar-les-actuacions-davant-uns-espectacles-no-autoritzats-que-generen-molesties-a-lespai-public\/#primaryimage","url":"https:\/\/www.sindicaturabarcelona.cat\/wp-content\/uploads\/11908_DISE-Portal-de-lAngel-25-8-13-VZ-02.jpg","contentUrl":"https:\/\/www.sindicaturabarcelona.cat\/wp-content\/uploads\/11908_DISE-Portal-de-lAngel-25-8-13-VZ-02.jpg","width":1024,"height":683,"caption":"Portal de l'\u00c0ngel"},{"@type":"BreadcrumbList","@id":"https:\/\/www.sindicaturabarcelona.cat\/ca\/la-sindicatura-demana-al-districte-de-ciutat-vella-reforcar-les-actuacions-davant-uns-espectacles-no-autoritzats-que-generen-molesties-a-lespai-public\/#breadcrumb","itemListElement":[{"@type":"ListItem","position":1,"name":"Inici","item":"https:\/\/www.sindicaturabarcelona.cat\/ca\/"},{"@type":"ListItem","position":2,"name":"La Sindicatura demana al Districte de Ciutat Vella refor\u00e7ar les actuacions davant uns espectacles no autoritzats que continuen generant mol\u00e8sties a l&#8217;espai p\u00fablic"}]},{"@type":"WebSite","@id":"https:\/\/www.sindicaturabarcelona.cat\/ca\/#website","url":"https:\/\/www.sindicaturabarcelona.cat\/ca\/","name":"Sindicatura de Greuges de Barcelona","description":"La defensoria dels teus drets","publisher":{"@id":"https:\/\/www.sindicaturabarcelona.cat\/ca\/#organization"},"potentialAction":[{"@type":"SearchAction","target":{"@type":"EntryPoint","urlTemplate":"https:\/\/www.sindicaturabarcelona.cat\/ca\/?s={search_term_string}"},"query-input":{"@type":"PropertyValueSpecification","valueRequired":true,"valueName":"search_term_string"}}],"inLanguage":"ca"},{"@type":"Organization","@id":"https:\/\/www.sindicaturabarcelona.cat\/ca\/#organization","name":"Sindicatura de Greuges de Barcelona","url":"https:\/\/www.sindicaturabarcelona.cat\/ca\/","logo":{"@type":"ImageObject","inLanguage":"ca","@id":"https:\/\/www.sindicaturabarcelona.cat\/ca\/#\/schema\/logo\/image\/","url":"https:\/\/www.sindicaturabarcelona.cat\/wp-content\/uploads\/2023\/02\/logo_sindicatura.svg","contentUrl":"https:\/\/www.sindicaturabarcelona.cat\/wp-content\/uploads\/2023\/02\/logo_sindicatura.svg","caption":"Sindicatura de Greuges de Barcelona"},"image":{"@id":"https:\/\/www.sindicaturabarcelona.cat\/ca\/#\/schema\/logo\/image\/"},"sameAs":["https:\/\/x.com\/sindicbarcelona","https:\/\/www.instagram.com\/sindicbarcelona\/","https:\/\/www.tiktok.com\/@sindicaturabcn","https:\/\/t.me\/sindicaturabarcelona"]},{"@type":"Person","@id":"https:\/\/www.sindicaturabarcelona.cat\/ca\/#\/schema\/person\/0e5acffc350ffdbc97578159322c9452","name":"Pablo","image":{"@type":"ImageObject","inLanguage":"ca","@id":"https:\/\/secure.gravatar.com\/avatar\/c948169b402ef9492afde705c3dfd5e90e1a6a84ef6840a91124f805a25a480f?s=96&d=mm&r=g","url":"https:\/\/secure.gravatar.com\/avatar\/c948169b402ef9492afde705c3dfd5e90e1a6a84ef6840a91124f805a25a480f?s=96&d=mm&r=g","contentUrl":"https:\/\/secure.gravatar.com\/avatar\/c948169b402ef9492afde705c3dfd5e90e1a6a84ef6840a91124f805a25a480f?s=96&d=mm&r=g","caption":"Pablo"},"url":"https:\/\/www.sindicaturabarcelona.cat\/ca\/author\/pablo\/"}]}},"_links":{"self":[{"href":"https:\/\/www.sindicaturabarcelona.cat\/ca\/wp-json\/wp\/v2\/posts\/43634","targetHints":{"allow":["GET"]}}],"collection":[{"href":"https:\/\/www.sindicaturabarcelona.cat\/ca\/wp-json\/wp\/v2\/posts"}],"about":[{"href":"https:\/\/www.sindicaturabarcelona.cat\/ca\/wp-json\/wp\/v2\/types\/post"}],"author":[{"embeddable":true,"href":"https:\/\/www.sindicaturabarcelona.cat\/ca\/wp-json\/wp\/v2\/users\/2"}],"replies":[{"embeddable":true,"href":"https:\/\/www.sindicaturabarcelona.cat\/ca\/wp-json\/wp\/v2\/comments?post=43634"}],"version-history":[{"count":1,"href":"https:\/\/www.sindicaturabarcelona.cat\/ca\/wp-json\/wp\/v2\/posts\/43634\/revisions"}],"predecessor-version":[{"id":43638,"href":"https:\/\/www.sindicaturabarcelona.cat\/ca\/wp-json\/wp\/v2\/posts\/43634\/revisions\/43638"}],"wp:featuredmedia":[{"embeddable":true,"href":"https:\/\/www.sindicaturabarcelona.cat\/ca\/wp-json\/wp\/v2\/media\/43635"}],"wp:attachment":[{"href":"https:\/\/www.sindicaturabarcelona.cat\/ca\/wp-json\/wp\/v2\/media?parent=43634"}],"wp:term":[{"taxonomy":"post_tag","embeddable":true,"href":"https:\/\/www.sindicaturabarcelona.cat\/ca\/wp-json\/wp\/v2\/tags?post=43634"},{"taxonomy":"drets","embeddable":true,"href":"https:\/\/www.sindicaturabarcelona.cat\/ca\/wp-json\/wp\/v2\/drets?post=43634"}],"curies":[{"name":"wp","href":"https:\/\/api.w.org\/{rel}","templated":true}]}}