{"id":43201,"date":"2026-06-25T09:00:00","date_gmt":"2026-06-25T07:00:00","guid":{"rendered":"https:\/\/www.sindicaturabarcelona.cat\/?p=43201"},"modified":"2026-06-29T15:12:58","modified_gmt":"2026-06-29T13:12:58","slug":"lajuntament-accepta-la-recomanacio-de-la-sindicatura-i-revoca-una-sancio-aplicant-el-dret-de-la-ciutadania-a-rectificar-errors-davant-ladministracio","status":"publish","type":"post","link":"https:\/\/www.sindicaturabarcelona.cat\/ca\/lajuntament-accepta-la-recomanacio-de-la-sindicatura-i-revoca-una-sancio-aplicant-el-dret-de-la-ciutadania-a-rectificar-errors-davant-ladministracio\/","title":{"rendered":"L\u2019Ajuntament accepta la recomanaci\u00f3 de la Sindicatura i revoca una sanci\u00f3 aplicant el dret de la ciutadania a rectificar errors davant l\u2019Administraci\u00f3"},"content":{"rendered":"\n<h2 class=\"wp-block-heading\"><strong>La decisi\u00f3 dona la ra\u00f3 a la Sindicatura, que havia defensat que era desproporcionat mantenir la multa a una persona amb mobilitat redu\u00efda que tenia la targeta vigent, per\u00f2 no visible per un error accidental.<\/strong><\/h2>\n\n\n\n<h2 class=\"wp-block-heading\"><strong>L\u2019Institut Municipal d\u2019Hisenda aplica el nou article 22 bis de la Llei 26\/2010, introdu\u00eft per la Llei 9\/2025, que reconeix el principi de confian\u00e7a i el dret de les persones a rectificar errors davant l\u2019Administraci\u00f3.<\/strong><\/h2>\n\n\n\n<p><strong>Barcelona, 25 juny de 2026 \u2013<\/strong> La Sindicatura de Greuges de Barcelona valora molt positivament que l\u2019Institut Municipal d\u2019Hisenda (IMH) hagi acceptat la seva recomanaci\u00f3 i <a href=\"https:\/\/www.sindicaturabarcelona.cat\/ca\/la-sindicatura-recomana-revocar-una-sancio-a-una-persona-amb-mobilitat-reduida-a-qui-li-va-caure-per-error-la-targeta-destacionament\/\" target=\"_blank\" rel=\"noreferrer noopener\">hagi revocat la sanci\u00f3 imposada a una persona amb mobilitat redu\u00efda<\/a> a qui li va caure accidentalment la targeta d\u2019estacionament mentre estacionava en una pla\u00e7a reservada.<\/p>\n\n\n\n<p><a href=\"https:\/\/www.sindicaturabarcelona.cat\/wp-content\/uploads\/202604_Dret-accessibilitat-i-inclusivitat_disconformitat-amb-una-sancio-destacionament-per-lus-duna-placa-reservada-a-persones-amb-mobilitat-reduida_26Q47.pdf\" target=\"_blank\" rel=\"noreferrer noopener\">La decisi\u00f3 dona resposta a la recomanaci\u00f3 formulada per la Sindicatura<\/a>, que considerava que, un cop acreditat que la persona era titular d\u2019una targeta vigent i que actuava de bona fe, mantenir la sanci\u00f3 resultava poc respectu\u00f3s amb principis com la proporcionalitat, la confian\u00e7a rec\u00edproca i el dret a una bona administraci\u00f3.<\/p>\n\n\n\n<h2 class=\"wp-block-heading\"><strong>Una aplicaci\u00f3 rellevant d\u2019un precepte recent<\/strong><\/h2>\n\n\n\n<p>La resoluci\u00f3 \u00e9s especialment rellevant perqu\u00e8 l\u2019IMH fonamenta la revocaci\u00f3 en l\u2019aplicaci\u00f3 de <a href=\"https:\/\/www.sindicaturabarcelona.cat\/wp-content\/uploads\/Art-22bis.pdf\" target=\"_blank\" rel=\"noreferrer noopener\">l\u2019article 22 bis de la Llei 26\/2010<\/a>, introdu\u00eft per la Llei 9\/2025, que reconeix el principi de confian\u00e7a i el dret de les persones a rectificar errors davant l\u2019Administraci\u00f3.<\/p>\n\n\n\n<p>At\u00e8s que el precepte va entrar en vigor el novembre de 2025, <strong>la Sindicatura considera especialment rellevant aquesta resoluci\u00f3, que constitueix la primera aplicaci\u00f3 de qu\u00e8 t\u00e9 coneixement la instituci\u00f3 d\u2019aquest nou marc normatiu<\/strong>.<\/p>\n\n\n\n<h2 class=\"wp-block-heading\"><strong>En qu\u00e8 consisteix el dret a rectificar errors davant l\u2019Administraci\u00f3?<\/strong><\/h2>\n\n\n\n<p>La Sindicatura recorda que <strong>el dret a rectificar errors no \u00e9s un dret autom\u00e0tic ni aplicable a qualsevol incompliment administratiu<\/strong>.<\/p>\n\n\n\n<p>La normativa estableix que <strong>l\u2019Administraci\u00f3 ha d\u2019analitzar cada cas individualment i determinar si concorren els requisits previstos legalment<\/strong>. Entre altres elements, cal valorar si es tracta d\u2019una primera infracci\u00f3 o d\u2019un error material o formal, si la persona ha actuat de bona fe i sense frau i si ha corregit l\u2019error i regularitzat la seva situaci\u00f3.<\/p>\n\n\n\n<h2 class=\"wp-block-heading\"><strong>La valoraci\u00f3 de l\u2019Institut Municipal d\u2019Hisenda<\/strong><\/h2>\n\n\n\n<p>En la seva resposta a la Sindicatura, <strong>l\u2019IMH considera que en aquest cas concret es compleixen les condicions previstes per la llei per recon\u00e8ixer el dret a rectificar l\u2019error<\/strong>.<\/p>\n\n\n\n<p><strong>En primer lloc, conclou que es tracta d\u2019un error material de car\u00e0cter formal<\/strong>. La persona afectada disposava d\u2019una targeta d\u2019estacionament vigent per a persones amb mobilitat redu\u00efda i reunia els requisits per utilitzar la pla\u00e7a reservada. L\u2019error no afectava el dret material a estacionar-hi, sin\u00f3 \u00fanicament a la visibilitat de la targeta.<\/p>\n\n\n\n<p><strong>En segon lloc, aprecia bona fe i abs\u00e8ncia de frau<\/strong>. Per arribar a aquesta conclusi\u00f3, l\u2019IMH ha tingut en compte que no consten infraccions pr\u00e8vies ni posteriors de la mateixa naturalesa ni de cap altra durant els darrers deu anys, circumst\u00e0ncia que considera rellevant per descartar una conducta fraudulenta.<\/p>\n\n\n\n<p><strong>Finalment, considera que l\u2019error ha estat efectivament esmenat.<\/strong> Tot i que la documentaci\u00f3 acreditativa es va aportar davant la Sindicatura i fora dels terminis procedimentals ordinaris, l\u2019IMH n\u2019ha fet una interpretaci\u00f3 favorable i ha ent\u00e8s que aquesta aportaci\u00f3 permet acreditar la realitat dels fets.<\/p>\n\n\n\n<h2 class=\"wp-block-heading\"><strong>Un pas endavant en la consolidaci\u00f3 del dret a una bona administraci\u00f3<\/strong><\/h2>\n\n\n\n<p>La Sindicatura considera que <strong>l\u2019acceptaci\u00f3 de la recomanaci\u00f3 refor\u00e7a una concepci\u00f3 de l\u2019Administraci\u00f3 basada en la confian\u00e7a rec\u00edproca amb la ciutadania, la proporcionalitat en la presa de decisions i la capacitat de corregir situacions que poden conduir a resultats injustos o excessivament rigorosos<\/strong>.<\/p>\n\n\n\n<p>La defensoria <strong>valora positivament que el nou marc normatiu hagi perm\u00e8s revisar el cas amb una visi\u00f3 m\u00e9s \u00e0mplia i no nom\u00e9s des d\u2019un punt de vista estrictament formal<\/strong>. Considera que aquesta resoluci\u00f3 \u00e9s un bon exemple de com les noves eines jur\u00eddiques, pensades per millorar l\u2019actuaci\u00f3 de l\u2019Administraci\u00f3, poden ajudar a resoldre situacions en qu\u00e8 aplicar la norma de manera r\u00edgida podria donar lloc a resultats allunyats de l\u2019objectiu original de la llei.<\/p>\n\n\n\n<p style=\"font-size:12px\">*Aquest article ha estat elaborat amb l\u2019assist\u00e8ncia de l\u2019eina Copilot de l\u2019Ajuntament de Barcelona.<\/p>\n","protected":false},"excerpt":{"rendered":"<p>La decisi\u00f3 dona la ra\u00f3 a la Sindicatura, que havia defensat que era desproporcionat mantenir la multa a una persona amb mobilitat redu\u00efda que tenia la targeta vigent, per\u00f2 no [&hellip;]<\/p>\n","protected":false},"author":2,"featured_media":42730,"comment_status":"closed","ping_status":"closed","sticky":false,"template":"","format":"standard","meta":{"_acf_changed":false,"footnotes":""},"tags":[],"drets":[1442,1460,1440,1456,1438,1447],"class_list":["post-43201","post","type-post","status-publish","format-standard","has-post-thumbnail","hentry","drets-ciutat-diversa","drets-drets-de-la-gent-gran","drets-ciutat-garantista","drets-dret-a-una-bona-administracio","drets-ciutat-habitable-i-sostenible","drets-dret-a-la-mobilitat"],"acf":[],"yoast_head":"<!-- This site is optimized with the Yoast SEO plugin v27.5 - https:\/\/yoast.com\/product\/yoast-seo-wordpress\/ -->\n<title>L\u2019Ajuntament accepta la recomanaci\u00f3 de la Sindicatura i revoca una sanci\u00f3 aplicant el dret de la ciutadania a rectificar errors davant l\u2019Administraci\u00f3 - Sindicatura de Greuges de Barcelona<\/title>\n<meta name=\"description\" content=\"La decisi\u00f3 dona la ra\u00f3 a la Sindicatura, que havia defensat que era desproporcionat mantenir la multa a una persona amb mobilitat redu\u00efda que tenia la targeta vigent, per\u00f2 no visible per un error accidental.\" \/>\n<meta name=\"robots\" content=\"index, follow, max-snippet:-1, max-image-preview:large, max-video-preview:-1\" \/>\n<link rel=\"canonical\" href=\"https:\/\/www.sindicaturabarcelona.cat\/ca\/lajuntament-accepta-la-recomanacio-de-la-sindicatura-i-revoca-una-sancio-aplicant-el-dret-de-la-ciutadania-a-rectificar-errors-davant-ladministracio\/\" \/>\n<meta property=\"og:locale\" content=\"ca_ES\" \/>\n<meta property=\"og:type\" content=\"article\" \/>\n<meta property=\"og:title\" content=\"L\u2019Ajuntament accepta la recomanaci\u00f3 de la Sindicatura i revoca una sanci\u00f3 aplicant el dret de la ciutadania a rectificar errors davant l\u2019Administraci\u00f3 - Sindicatura de Greuges de Barcelona\" \/>\n<meta property=\"og:description\" content=\"La decisi\u00f3 dona la ra\u00f3 a la Sindicatura, que havia defensat que era desproporcionat mantenir la multa a una persona amb mobilitat redu\u00efda que tenia la targeta vigent, per\u00f2 no visible per un error accidental.\" \/>\n<meta property=\"og:url\" content=\"https:\/\/www.sindicaturabarcelona.cat\/ca\/lajuntament-accepta-la-recomanacio-de-la-sindicatura-i-revoca-una-sancio-aplicant-el-dret-de-la-ciutadania-a-rectificar-errors-davant-ladministracio\/\" \/>\n<meta property=\"og:site_name\" content=\"Sindicatura de Greuges de Barcelona\" \/>\n<meta property=\"article:published_time\" content=\"2026-06-25T07:00:00+00:00\" \/>\n<meta property=\"article:modified_time\" content=\"2026-06-29T13:12:58+00:00\" \/>\n<meta property=\"og:image\" content=\"https:\/\/www.sindicaturabarcelona.cat\/wp-content\/uploads\/cadira-rodes-e1778682369138.jpg\" \/>\n\t<meta property=\"og:image:width\" content=\"1014\" \/>\n\t<meta property=\"og:image:height\" content=\"670\" \/>\n\t<meta property=\"og:image:type\" content=\"image\/jpeg\" \/>\n<meta name=\"author\" content=\"Pablo\" \/>\n<meta name=\"twitter:card\" content=\"summary_large_image\" \/>\n<meta name=\"twitter:creator\" content=\"@sindicbarcelona\" \/>\n<meta name=\"twitter:site\" content=\"@sindicbarcelona\" \/>\n<meta name=\"twitter:label1\" content=\"Escrit per\" \/>\n\t<meta name=\"twitter:data1\" content=\"Pablo\" \/>\n\t<meta name=\"twitter:label2\" content=\"Temps estimat de lectura\" \/>\n\t<meta name=\"twitter:data2\" content=\"4 minuts\" \/>\n<script type=\"application\/ld+json\" class=\"yoast-schema-graph\">{\"@context\":\"https:\\\/\\\/schema.org\",\"@graph\":[{\"@type\":\"Article\",\"@id\":\"https:\\\/\\\/www.sindicaturabarcelona.cat\\\/ca\\\/lajuntament-accepta-la-recomanacio-de-la-sindicatura-i-revoca-una-sancio-aplicant-el-dret-de-la-ciutadania-a-rectificar-errors-davant-ladministracio\\\/#article\",\"isPartOf\":{\"@id\":\"https:\\\/\\\/www.sindicaturabarcelona.cat\\\/ca\\\/lajuntament-accepta-la-recomanacio-de-la-sindicatura-i-revoca-una-sancio-aplicant-el-dret-de-la-ciutadania-a-rectificar-errors-davant-ladministracio\\\/\"},\"author\":{\"name\":\"Pablo\",\"@id\":\"https:\\\/\\\/www.sindicaturabarcelona.cat\\\/ca\\\/#\\\/schema\\\/person\\\/0e5acffc350ffdbc97578159322c9452\"},\"headline\":\"L\u2019Ajuntament accepta la recomanaci\u00f3 de la Sindicatura i revoca una sanci\u00f3 aplicant el dret de la ciutadania a rectificar errors davant l\u2019Administraci\u00f3\",\"datePublished\":\"2026-06-25T07:00:00+00:00\",\"dateModified\":\"2026-06-29T13:12:58+00:00\",\"mainEntityOfPage\":{\"@id\":\"https:\\\/\\\/www.sindicaturabarcelona.cat\\\/ca\\\/lajuntament-accepta-la-recomanacio-de-la-sindicatura-i-revoca-una-sancio-aplicant-el-dret-de-la-ciutadania-a-rectificar-errors-davant-ladministracio\\\/\"},\"wordCount\":748,\"publisher\":{\"@id\":\"https:\\\/\\\/www.sindicaturabarcelona.cat\\\/ca\\\/#organization\"},\"image\":{\"@id\":\"https:\\\/\\\/www.sindicaturabarcelona.cat\\\/ca\\\/lajuntament-accepta-la-recomanacio-de-la-sindicatura-i-revoca-una-sancio-aplicant-el-dret-de-la-ciutadania-a-rectificar-errors-davant-ladministracio\\\/#primaryimage\"},\"thumbnailUrl\":\"https:\\\/\\\/www.sindicaturabarcelona.cat\\\/wp-content\\\/uploads\\\/cadira-rodes-e1778682369138.jpg\",\"inLanguage\":\"ca\"},{\"@type\":\"WebPage\",\"@id\":\"https:\\\/\\\/www.sindicaturabarcelona.cat\\\/ca\\\/lajuntament-accepta-la-recomanacio-de-la-sindicatura-i-revoca-una-sancio-aplicant-el-dret-de-la-ciutadania-a-rectificar-errors-davant-ladministracio\\\/\",\"url\":\"https:\\\/\\\/www.sindicaturabarcelona.cat\\\/ca\\\/lajuntament-accepta-la-recomanacio-de-la-sindicatura-i-revoca-una-sancio-aplicant-el-dret-de-la-ciutadania-a-rectificar-errors-davant-ladministracio\\\/\",\"name\":\"L\u2019Ajuntament accepta la recomanaci\u00f3 de la Sindicatura i revoca una sanci\u00f3 aplicant el dret de la ciutadania a rectificar errors davant l\u2019Administraci\u00f3 - Sindicatura de Greuges de Barcelona\",\"isPartOf\":{\"@id\":\"https:\\\/\\\/www.sindicaturabarcelona.cat\\\/ca\\\/#website\"},\"primaryImageOfPage\":{\"@id\":\"https:\\\/\\\/www.sindicaturabarcelona.cat\\\/ca\\\/lajuntament-accepta-la-recomanacio-de-la-sindicatura-i-revoca-una-sancio-aplicant-el-dret-de-la-ciutadania-a-rectificar-errors-davant-ladministracio\\\/#primaryimage\"},\"image\":{\"@id\":\"https:\\\/\\\/www.sindicaturabarcelona.cat\\\/ca\\\/lajuntament-accepta-la-recomanacio-de-la-sindicatura-i-revoca-una-sancio-aplicant-el-dret-de-la-ciutadania-a-rectificar-errors-davant-ladministracio\\\/#primaryimage\"},\"thumbnailUrl\":\"https:\\\/\\\/www.sindicaturabarcelona.cat\\\/wp-content\\\/uploads\\\/cadira-rodes-e1778682369138.jpg\",\"datePublished\":\"2026-06-25T07:00:00+00:00\",\"dateModified\":\"2026-06-29T13:12:58+00:00\",\"description\":\"La decisi\u00f3 dona la ra\u00f3 a la Sindicatura, que havia defensat que era desproporcionat mantenir la multa a una persona amb mobilitat redu\u00efda que tenia la targeta vigent, per\u00f2 no visible per un error accidental.\",\"breadcrumb\":{\"@id\":\"https:\\\/\\\/www.sindicaturabarcelona.cat\\\/ca\\\/lajuntament-accepta-la-recomanacio-de-la-sindicatura-i-revoca-una-sancio-aplicant-el-dret-de-la-ciutadania-a-rectificar-errors-davant-ladministracio\\\/#breadcrumb\"},\"inLanguage\":\"ca\",\"potentialAction\":[{\"@type\":\"ReadAction\",\"target\":[\"https:\\\/\\\/www.sindicaturabarcelona.cat\\\/ca\\\/lajuntament-accepta-la-recomanacio-de-la-sindicatura-i-revoca-una-sancio-aplicant-el-dret-de-la-ciutadania-a-rectificar-errors-davant-ladministracio\\\/\"]}]},{\"@type\":\"ImageObject\",\"inLanguage\":\"ca\",\"@id\":\"https:\\\/\\\/www.sindicaturabarcelona.cat\\\/ca\\\/lajuntament-accepta-la-recomanacio-de-la-sindicatura-i-revoca-una-sancio-aplicant-el-dret-de-la-ciutadania-a-rectificar-errors-davant-ladministracio\\\/#primaryimage\",\"url\":\"https:\\\/\\\/www.sindicaturabarcelona.cat\\\/wp-content\\\/uploads\\\/cadira-rodes-e1778682369138.jpg\",\"contentUrl\":\"https:\\\/\\\/www.sindicaturabarcelona.cat\\\/wp-content\\\/uploads\\\/cadira-rodes-e1778682369138.jpg\",\"width\":1014,\"height\":670},{\"@type\":\"BreadcrumbList\",\"@id\":\"https:\\\/\\\/www.sindicaturabarcelona.cat\\\/ca\\\/lajuntament-accepta-la-recomanacio-de-la-sindicatura-i-revoca-una-sancio-aplicant-el-dret-de-la-ciutadania-a-rectificar-errors-davant-ladministracio\\\/#breadcrumb\",\"itemListElement\":[{\"@type\":\"ListItem\",\"position\":1,\"name\":\"Inici\",\"item\":\"https:\\\/\\\/www.sindicaturabarcelona.cat\\\/ca\\\/\"},{\"@type\":\"ListItem\",\"position\":2,\"name\":\"L\u2019Ajuntament accepta la recomanaci\u00f3 de la Sindicatura i revoca una sanci\u00f3 aplicant el dret de la ciutadania a rectificar errors davant l\u2019Administraci\u00f3\"}]},{\"@type\":\"WebSite\",\"@id\":\"https:\\\/\\\/www.sindicaturabarcelona.cat\\\/ca\\\/#website\",\"url\":\"https:\\\/\\\/www.sindicaturabarcelona.cat\\\/ca\\\/\",\"name\":\"Sindicatura de Greuges de Barcelona\",\"description\":\"La defensoria dels teus drets\",\"publisher\":{\"@id\":\"https:\\\/\\\/www.sindicaturabarcelona.cat\\\/ca\\\/#organization\"},\"potentialAction\":[{\"@type\":\"SearchAction\",\"target\":{\"@type\":\"EntryPoint\",\"urlTemplate\":\"https:\\\/\\\/www.sindicaturabarcelona.cat\\\/ca\\\/?s={search_term_string}\"},\"query-input\":{\"@type\":\"PropertyValueSpecification\",\"valueRequired\":true,\"valueName\":\"search_term_string\"}}],\"inLanguage\":\"ca\"},{\"@type\":\"Organization\",\"@id\":\"https:\\\/\\\/www.sindicaturabarcelona.cat\\\/ca\\\/#organization\",\"name\":\"Sindicatura de Greuges de Barcelona\",\"url\":\"https:\\\/\\\/www.sindicaturabarcelona.cat\\\/ca\\\/\",\"logo\":{\"@type\":\"ImageObject\",\"inLanguage\":\"ca\",\"@id\":\"https:\\\/\\\/www.sindicaturabarcelona.cat\\\/ca\\\/#\\\/schema\\\/logo\\\/image\\\/\",\"url\":\"https:\\\/\\\/www.sindicaturabarcelona.cat\\\/wp-content\\\/uploads\\\/2023\\\/02\\\/logo_sindicatura.svg\",\"contentUrl\":\"https:\\\/\\\/www.sindicaturabarcelona.cat\\\/wp-content\\\/uploads\\\/2023\\\/02\\\/logo_sindicatura.svg\",\"caption\":\"Sindicatura de Greuges de Barcelona\"},\"image\":{\"@id\":\"https:\\\/\\\/www.sindicaturabarcelona.cat\\\/ca\\\/#\\\/schema\\\/logo\\\/image\\\/\"},\"sameAs\":[\"https:\\\/\\\/x.com\\\/sindicbarcelona\",\"https:\\\/\\\/www.instagram.com\\\/sindicbarcelona\\\/\",\"https:\\\/\\\/www.tiktok.com\\\/@sindicaturabcn\",\"https:\\\/\\\/t.me\\\/sindicaturabarcelona\"]},{\"@type\":\"Person\",\"@id\":\"https:\\\/\\\/www.sindicaturabarcelona.cat\\\/ca\\\/#\\\/schema\\\/person\\\/0e5acffc350ffdbc97578159322c9452\",\"name\":\"Pablo\",\"image\":{\"@type\":\"ImageObject\",\"inLanguage\":\"ca\",\"@id\":\"https:\\\/\\\/secure.gravatar.com\\\/avatar\\\/c948169b402ef9492afde705c3dfd5e90e1a6a84ef6840a91124f805a25a480f?s=96&d=mm&r=g\",\"url\":\"https:\\\/\\\/secure.gravatar.com\\\/avatar\\\/c948169b402ef9492afde705c3dfd5e90e1a6a84ef6840a91124f805a25a480f?s=96&d=mm&r=g\",\"contentUrl\":\"https:\\\/\\\/secure.gravatar.com\\\/avatar\\\/c948169b402ef9492afde705c3dfd5e90e1a6a84ef6840a91124f805a25a480f?s=96&d=mm&r=g\",\"caption\":\"Pablo\"},\"url\":\"https:\\\/\\\/www.sindicaturabarcelona.cat\\\/ca\\\/author\\\/pablo\\\/\"}]}<\/script>\n<!-- \/ Yoast SEO plugin. -->","yoast_head_json":{"title":"L\u2019Ajuntament accepta la recomanaci\u00f3 de la Sindicatura i revoca una sanci\u00f3 aplicant el dret de la ciutadania a rectificar errors davant l\u2019Administraci\u00f3 - Sindicatura de Greuges de Barcelona","description":"La decisi\u00f3 dona la ra\u00f3 a la Sindicatura, que havia defensat que era desproporcionat mantenir la multa a una persona amb mobilitat redu\u00efda que tenia la targeta vigent, per\u00f2 no visible per un error accidental.","robots":{"index":"index","follow":"follow","max-snippet":"max-snippet:-1","max-image-preview":"max-image-preview:large","max-video-preview":"max-video-preview:-1"},"canonical":"https:\/\/www.sindicaturabarcelona.cat\/ca\/lajuntament-accepta-la-recomanacio-de-la-sindicatura-i-revoca-una-sancio-aplicant-el-dret-de-la-ciutadania-a-rectificar-errors-davant-ladministracio\/","og_locale":"ca_ES","og_type":"article","og_title":"L\u2019Ajuntament accepta la recomanaci\u00f3 de la Sindicatura i revoca una sanci\u00f3 aplicant el dret de la ciutadania a rectificar errors davant l\u2019Administraci\u00f3 - Sindicatura de Greuges de Barcelona","og_description":"La decisi\u00f3 dona la ra\u00f3 a la Sindicatura, que havia defensat que era desproporcionat mantenir la multa a una persona amb mobilitat redu\u00efda que tenia la targeta vigent, per\u00f2 no visible per un error accidental.","og_url":"https:\/\/www.sindicaturabarcelona.cat\/ca\/lajuntament-accepta-la-recomanacio-de-la-sindicatura-i-revoca-una-sancio-aplicant-el-dret-de-la-ciutadania-a-rectificar-errors-davant-ladministracio\/","og_site_name":"Sindicatura de Greuges de Barcelona","article_published_time":"2026-06-25T07:00:00+00:00","article_modified_time":"2026-06-29T13:12:58+00:00","og_image":[{"width":1014,"height":670,"url":"https:\/\/www.sindicaturabarcelona.cat\/wp-content\/uploads\/cadira-rodes-e1778682369138.jpg","type":"image\/jpeg"}],"author":"Pablo","twitter_card":"summary_large_image","twitter_creator":"@sindicbarcelona","twitter_site":"@sindicbarcelona","twitter_misc":{"Escrit per":"Pablo","Temps estimat de lectura":"4 minuts"},"schema":{"@context":"https:\/\/schema.org","@graph":[{"@type":"Article","@id":"https:\/\/www.sindicaturabarcelona.cat\/ca\/lajuntament-accepta-la-recomanacio-de-la-sindicatura-i-revoca-una-sancio-aplicant-el-dret-de-la-ciutadania-a-rectificar-errors-davant-ladministracio\/#article","isPartOf":{"@id":"https:\/\/www.sindicaturabarcelona.cat\/ca\/lajuntament-accepta-la-recomanacio-de-la-sindicatura-i-revoca-una-sancio-aplicant-el-dret-de-la-ciutadania-a-rectificar-errors-davant-ladministracio\/"},"author":{"name":"Pablo","@id":"https:\/\/www.sindicaturabarcelona.cat\/ca\/#\/schema\/person\/0e5acffc350ffdbc97578159322c9452"},"headline":"L\u2019Ajuntament accepta la recomanaci\u00f3 de la Sindicatura i revoca una sanci\u00f3 aplicant el dret de la ciutadania a rectificar errors davant l\u2019Administraci\u00f3","datePublished":"2026-06-25T07:00:00+00:00","dateModified":"2026-06-29T13:12:58+00:00","mainEntityOfPage":{"@id":"https:\/\/www.sindicaturabarcelona.cat\/ca\/lajuntament-accepta-la-recomanacio-de-la-sindicatura-i-revoca-una-sancio-aplicant-el-dret-de-la-ciutadania-a-rectificar-errors-davant-ladministracio\/"},"wordCount":748,"publisher":{"@id":"https:\/\/www.sindicaturabarcelona.cat\/ca\/#organization"},"image":{"@id":"https:\/\/www.sindicaturabarcelona.cat\/ca\/lajuntament-accepta-la-recomanacio-de-la-sindicatura-i-revoca-una-sancio-aplicant-el-dret-de-la-ciutadania-a-rectificar-errors-davant-ladministracio\/#primaryimage"},"thumbnailUrl":"https:\/\/www.sindicaturabarcelona.cat\/wp-content\/uploads\/cadira-rodes-e1778682369138.jpg","inLanguage":"ca"},{"@type":"WebPage","@id":"https:\/\/www.sindicaturabarcelona.cat\/ca\/lajuntament-accepta-la-recomanacio-de-la-sindicatura-i-revoca-una-sancio-aplicant-el-dret-de-la-ciutadania-a-rectificar-errors-davant-ladministracio\/","url":"https:\/\/www.sindicaturabarcelona.cat\/ca\/lajuntament-accepta-la-recomanacio-de-la-sindicatura-i-revoca-una-sancio-aplicant-el-dret-de-la-ciutadania-a-rectificar-errors-davant-ladministracio\/","name":"L\u2019Ajuntament accepta la recomanaci\u00f3 de la Sindicatura i revoca una sanci\u00f3 aplicant el dret de la ciutadania a rectificar errors davant l\u2019Administraci\u00f3 - Sindicatura de Greuges de Barcelona","isPartOf":{"@id":"https:\/\/www.sindicaturabarcelona.cat\/ca\/#website"},"primaryImageOfPage":{"@id":"https:\/\/www.sindicaturabarcelona.cat\/ca\/lajuntament-accepta-la-recomanacio-de-la-sindicatura-i-revoca-una-sancio-aplicant-el-dret-de-la-ciutadania-a-rectificar-errors-davant-ladministracio\/#primaryimage"},"image":{"@id":"https:\/\/www.sindicaturabarcelona.cat\/ca\/lajuntament-accepta-la-recomanacio-de-la-sindicatura-i-revoca-una-sancio-aplicant-el-dret-de-la-ciutadania-a-rectificar-errors-davant-ladministracio\/#primaryimage"},"thumbnailUrl":"https:\/\/www.sindicaturabarcelona.cat\/wp-content\/uploads\/cadira-rodes-e1778682369138.jpg","datePublished":"2026-06-25T07:00:00+00:00","dateModified":"2026-06-29T13:12:58+00:00","description":"La decisi\u00f3 dona la ra\u00f3 a la Sindicatura, que havia defensat que era desproporcionat mantenir la multa a una persona amb mobilitat redu\u00efda que tenia la targeta vigent, per\u00f2 no visible per un error accidental.","breadcrumb":{"@id":"https:\/\/www.sindicaturabarcelona.cat\/ca\/lajuntament-accepta-la-recomanacio-de-la-sindicatura-i-revoca-una-sancio-aplicant-el-dret-de-la-ciutadania-a-rectificar-errors-davant-ladministracio\/#breadcrumb"},"inLanguage":"ca","potentialAction":[{"@type":"ReadAction","target":["https:\/\/www.sindicaturabarcelona.cat\/ca\/lajuntament-accepta-la-recomanacio-de-la-sindicatura-i-revoca-una-sancio-aplicant-el-dret-de-la-ciutadania-a-rectificar-errors-davant-ladministracio\/"]}]},{"@type":"ImageObject","inLanguage":"ca","@id":"https:\/\/www.sindicaturabarcelona.cat\/ca\/lajuntament-accepta-la-recomanacio-de-la-sindicatura-i-revoca-una-sancio-aplicant-el-dret-de-la-ciutadania-a-rectificar-errors-davant-ladministracio\/#primaryimage","url":"https:\/\/www.sindicaturabarcelona.cat\/wp-content\/uploads\/cadira-rodes-e1778682369138.jpg","contentUrl":"https:\/\/www.sindicaturabarcelona.cat\/wp-content\/uploads\/cadira-rodes-e1778682369138.jpg","width":1014,"height":670},{"@type":"BreadcrumbList","@id":"https:\/\/www.sindicaturabarcelona.cat\/ca\/lajuntament-accepta-la-recomanacio-de-la-sindicatura-i-revoca-una-sancio-aplicant-el-dret-de-la-ciutadania-a-rectificar-errors-davant-ladministracio\/#breadcrumb","itemListElement":[{"@type":"ListItem","position":1,"name":"Inici","item":"https:\/\/www.sindicaturabarcelona.cat\/ca\/"},{"@type":"ListItem","position":2,"name":"L\u2019Ajuntament accepta la recomanaci\u00f3 de la Sindicatura i revoca una sanci\u00f3 aplicant el dret de la ciutadania a rectificar errors davant l\u2019Administraci\u00f3"}]},{"@type":"WebSite","@id":"https:\/\/www.sindicaturabarcelona.cat\/ca\/#website","url":"https:\/\/www.sindicaturabarcelona.cat\/ca\/","name":"Sindicatura de Greuges de Barcelona","description":"La defensoria dels teus drets","publisher":{"@id":"https:\/\/www.sindicaturabarcelona.cat\/ca\/#organization"},"potentialAction":[{"@type":"SearchAction","target":{"@type":"EntryPoint","urlTemplate":"https:\/\/www.sindicaturabarcelona.cat\/ca\/?s={search_term_string}"},"query-input":{"@type":"PropertyValueSpecification","valueRequired":true,"valueName":"search_term_string"}}],"inLanguage":"ca"},{"@type":"Organization","@id":"https:\/\/www.sindicaturabarcelona.cat\/ca\/#organization","name":"Sindicatura de Greuges de Barcelona","url":"https:\/\/www.sindicaturabarcelona.cat\/ca\/","logo":{"@type":"ImageObject","inLanguage":"ca","@id":"https:\/\/www.sindicaturabarcelona.cat\/ca\/#\/schema\/logo\/image\/","url":"https:\/\/www.sindicaturabarcelona.cat\/wp-content\/uploads\/2023\/02\/logo_sindicatura.svg","contentUrl":"https:\/\/www.sindicaturabarcelona.cat\/wp-content\/uploads\/2023\/02\/logo_sindicatura.svg","caption":"Sindicatura de Greuges de Barcelona"},"image":{"@id":"https:\/\/www.sindicaturabarcelona.cat\/ca\/#\/schema\/logo\/image\/"},"sameAs":["https:\/\/x.com\/sindicbarcelona","https:\/\/www.instagram.com\/sindicbarcelona\/","https:\/\/www.tiktok.com\/@sindicaturabcn","https:\/\/t.me\/sindicaturabarcelona"]},{"@type":"Person","@id":"https:\/\/www.sindicaturabarcelona.cat\/ca\/#\/schema\/person\/0e5acffc350ffdbc97578159322c9452","name":"Pablo","image":{"@type":"ImageObject","inLanguage":"ca","@id":"https:\/\/secure.gravatar.com\/avatar\/c948169b402ef9492afde705c3dfd5e90e1a6a84ef6840a91124f805a25a480f?s=96&d=mm&r=g","url":"https:\/\/secure.gravatar.com\/avatar\/c948169b402ef9492afde705c3dfd5e90e1a6a84ef6840a91124f805a25a480f?s=96&d=mm&r=g","contentUrl":"https:\/\/secure.gravatar.com\/avatar\/c948169b402ef9492afde705c3dfd5e90e1a6a84ef6840a91124f805a25a480f?s=96&d=mm&r=g","caption":"Pablo"},"url":"https:\/\/www.sindicaturabarcelona.cat\/ca\/author\/pablo\/"}]}},"_links":{"self":[{"href":"https:\/\/www.sindicaturabarcelona.cat\/ca\/wp-json\/wp\/v2\/posts\/43201","targetHints":{"allow":["GET"]}}],"collection":[{"href":"https:\/\/www.sindicaturabarcelona.cat\/ca\/wp-json\/wp\/v2\/posts"}],"about":[{"href":"https:\/\/www.sindicaturabarcelona.cat\/ca\/wp-json\/wp\/v2\/types\/post"}],"author":[{"embeddable":true,"href":"https:\/\/www.sindicaturabarcelona.cat\/ca\/wp-json\/wp\/v2\/users\/2"}],"replies":[{"embeddable":true,"href":"https:\/\/www.sindicaturabarcelona.cat\/ca\/wp-json\/wp\/v2\/comments?post=43201"}],"version-history":[{"count":2,"href":"https:\/\/www.sindicaturabarcelona.cat\/ca\/wp-json\/wp\/v2\/posts\/43201\/revisions"}],"predecessor-version":[{"id":43213,"href":"https:\/\/www.sindicaturabarcelona.cat\/ca\/wp-json\/wp\/v2\/posts\/43201\/revisions\/43213"}],"wp:featuredmedia":[{"embeddable":true,"href":"https:\/\/www.sindicaturabarcelona.cat\/ca\/wp-json\/wp\/v2\/media\/42730"}],"wp:attachment":[{"href":"https:\/\/www.sindicaturabarcelona.cat\/ca\/wp-json\/wp\/v2\/media?parent=43201"}],"wp:term":[{"taxonomy":"post_tag","embeddable":true,"href":"https:\/\/www.sindicaturabarcelona.cat\/ca\/wp-json\/wp\/v2\/tags?post=43201"},{"taxonomy":"drets","embeddable":true,"href":"https:\/\/www.sindicaturabarcelona.cat\/ca\/wp-json\/wp\/v2\/drets?post=43201"}],"curies":[{"name":"wp","href":"https:\/\/api.w.org\/{rel}","templated":true}]}}