{"id":43158,"date":"2026-06-23T11:22:38","date_gmt":"2026-06-23T09:22:38","guid":{"rendered":"https:\/\/www.sindicaturabarcelona.cat\/?p=43158"},"modified":"2026-06-23T11:31:37","modified_gmt":"2026-06-23T09:31:37","slug":"un-projecte-europeu-en-que-participa-la-sindicatura-crea-una-app-per-la-democracia-inclusiva-que-simplifica-textos-politics-i-institucionals","status":"publish","type":"post","link":"https:\/\/www.sindicaturabarcelona.cat\/ca\/un-projecte-europeu-en-que-participa-la-sindicatura-crea-una-app-per-la-democracia-inclusiva-que-simplifica-textos-politics-i-institucionals\/","title":{"rendered":"Un projecte europeu, en qu\u00e8 participa la Sindicatura, crea una app per la democr\u00e0cia inclusiva que simplifica textos pol\u00edtics i institucionals"},"content":{"rendered":"\n<h2 class=\"wp-block-heading\"><strong>Gent gran, poblaci\u00f3 nouvinguda i persones amb discapacitat intel\u00b7lectual de Barcelona han provat el nou prototip d\u2019app, dissenyat pel projecte de recerca iDEM, que lidera la UPF i compta amb el suport de l\u2019Ajuntament de Barcelona, de la m\u00e0 de la Sindicatura de Greuges de Barcelona i l\u2019Institut Municipal de Persones amb Discapacitat.<\/strong><\/h2>\n\n\n\n<h2 class=\"wp-block-heading\"><strong>Per compartir les conclusions de les sessions, l\u2019Ajuntament ha acollit una sessi\u00f3 de clausura aquest 23 de juny. Durant l\u2019acte, s\u2019ha presentat un protocol per millorar la inclusi\u00f3 dels processos de participaci\u00f3.<\/strong><\/h2>\n\n\n\n<h2 class=\"wp-block-heading\"><strong>El s\u00edndic ha remarcat que \u201cprojectes com l\u2019iDEM tenen un gran valor social perqu\u00e8 ajuden a trencar barreres i a fer que m\u00e9s persones puguin fer sentir la seva veu\u201d.<\/strong><\/h2>\n\n\n\n<p><strong>Barcelona, 23 de juny de 2026<\/strong> &#8211; El projecte de recerca europeu <a href=\"https:\/\/idemproject.eu\/cat\" target=\"_blank\" rel=\"noreferrer noopener\">iDEM<\/a>, liderat per la Universitat Pompeu Fabra (UPF) i en qu\u00e8 participa la Sindicatura de Greuges de Barcelona, ha dissenyat un nou prototip d\u2019app per facilitar la comprensi\u00f3 dels temes de debat p\u00fablic a persones amb dificultats de comprensi\u00f3, sigui per motius ling\u00fc\u00edstics o cognitius. L\u2019app iDEM permet transformar textos complexos en versions m\u00e9s f\u00e0cils de comprendre i actua com a assistent per formular propostes per escrit, amb el suport de t\u00e8cniques d\u2019IA.<\/p>\n\n\n\n<p>La Sindicatura de Greuges de Barcelona i l\u2019Institut Municipal de Persones amb Discapacitat s\u00f3n socis d\u2019aquest projecte europeu i, els mesos d\u2019abril i maig, han dut a terme una prova pilot a la ciutat per avaluar el funcionament d\u2019aquesta app amb una trentena d\u2019usuaris reals: gent gran, poblaci\u00f3 nouvinguda i persones amb discapacitat intel\u00b7lectual.&nbsp;<\/p>\n\n\n\n<p>Al llarg de tres sessions, s\u2019han fet diferents debats sobre urbanisme i participaci\u00f3, on els participants han pogut fer servir l\u2019app per simplificar textos complexos sobre el tema i elaborar propostes sobre com millorar diferents espais p\u00fablics de la ciutat. Les sessions, celebrades en diverses ubicacions de la ciutat, han comptat amb el suport dels dinamitzadors del projecte, i del departament de Participaci\u00f3 de l\u2019\u00c0rea de Serveis Urbans i Manteniment de l\u2019Espai P\u00fablic de l\u2019Ajuntament de Barcelona.<\/p>\n\n\n\n<p>Per compartir les conclusions de les sessions, l\u2019Ajuntament ha acollit una sessi\u00f3 de clausura aquest 23 de juny. Durant l\u2019acte, s\u2019ha presentat un protocol per millorar la inclusi\u00f3 dels processos de participaci\u00f3. En el decurs de l\u2019esdeveniment, el s\u00edndic de greuges de Barcelona, David Bondia, ha remarcat que <strong>\u201cperqu\u00e8 la democr\u00e0cia sigui real, tothom ha de poder entendre qu\u00e8 s\u2019hi diu i formar-ne part. Projectes com iDEM tenen un gran valor social perqu\u00e8 ajuden a trencar barreres i a fer que m\u00e9s persones puguin fer sentir la seva veu. Aix\u00f2 ens acosta a una ciutat m\u00e9s justa i inclusiva\u201d.<\/strong><\/p>\n\n\n\n<figure class=\"wp-block-gallery has-nested-images columns-default is-cropped wp-block-gallery-1 is-layout-flex wp-block-gallery-is-layout-flex\">\n<figure class=\"wp-block-image\"><img loading=\"lazy\" decoding=\"async\" width=\"2560\" height=\"1707\" data-id=\"43203\" src=\"https:\/\/www.sindicaturabarcelona.cat\/wp-content\/uploads\/KM4A4451.jpg-scaled.jpeg\" alt=\"\" class=\"wp-image-43203\" srcset=\"https:\/\/www.sindicaturabarcelona.cat\/wp-content\/uploads\/KM4A4451.jpg-scaled.jpeg 2560w, https:\/\/www.sindicaturabarcelona.cat\/wp-content\/uploads\/KM4A4451.jpg-800x533.jpeg 800w, https:\/\/www.sindicaturabarcelona.cat\/wp-content\/uploads\/KM4A4451.jpg-1200x800.jpeg 1200w, https:\/\/www.sindicaturabarcelona.cat\/wp-content\/uploads\/KM4A4451.jpg-768x512.jpeg 768w, https:\/\/www.sindicaturabarcelona.cat\/wp-content\/uploads\/KM4A4451.jpg-1536x1024.jpeg 1536w, https:\/\/www.sindicaturabarcelona.cat\/wp-content\/uploads\/KM4A4451.jpg-2048x1365.jpeg 2048w\" sizes=\"auto, (max-width: 2560px) 100vw, 2560px\" \/><\/figure>\n<\/figure>\n\n\n\n<p>Des de l\u2019\u00e0mbit del govern local, la regidora responsable de l\u2019\u00c0rea de Salut i Persones amb Discapacitat, Marta Villanueva, ha declarat: \u201cBarcelona vol fer un pas endavant en la millora de l\u2019accessibilitat cognitiva, per tal que totes les persones puguin tirar endavant els seus projectes de vida amb l\u2019autonomia persona m\u00e9s gran possible. Els projectes d\u2019innovaci\u00f3 ens permeten reflexionar i buscar solucions per transformar la nostra realitat: en el cas concret d\u2019iDEM volem que els processos de participaci\u00f3 de la ciutat siguin m\u00e9s acollidors i inclusius per a tothom, amb independ\u00e8ncia de les seves habilitats i capacitats. Barcelona guanya en riquesa de punts de vista i la participaci\u00f3 \u00e9s m\u00e9s justa i equitativa\u201d.<\/p>\n\n\n\n<h2 class=\"wp-block-heading\"><strong>Un projecte interdisciplinari per posar la IA al servei de la democr\u00e0cia inclusiva&nbsp;<\/strong><\/h2>\n\n\n\n<p>L\u2019app iDEM consta d\u2019un espai on es pot enganxar el text original o carregar-hi la corresponent fotografia i, despr\u00e9s, ofereix l\u2019opci\u00f3 de fer-ne la simplificaci\u00f3. La versi\u00f3 inicial del prototip funciona en quatre idiomes (catal\u00e0, castell\u00e0, angl\u00e8s i itali\u00e0) i es pot fer servir des d\u2019un m\u00f2bil o una tauleta. Tamb\u00e9 t\u00e9 una funcionalitat de participaci\u00f3 que ajuda els usuaris a fer els seus propis comentaris i propostes sobre el tema de debat. El prototip actual es millorar\u00e0 en funci\u00f3 dels resultats de la prova pilot i el retorn que en facin els usuaris.<\/p>\n\n\n\n<p>La iniciativa s\u2019emmarca en el projecte de recerca europeu&nbsp; \u201cInnovative and Inclusive Democratic Spaces for Deliberation and Participation\u201d (<a href=\"https:\/\/idemproject.eu\/cat\">iDEM<\/a>), que va arrencar a principis de 2024 per posar la IA al servei d\u2019una democr\u00e0cia m\u00e9s inclusiva. El disseny de l&#8217;app iDEM es basa en un enfocament de tecnologia centrat en l\u2019hum\u00e0 per garantir que les persones amb dificultats de comunicaci\u00f3 puguin participar en la democracia deliberativa en igualtat de condicions. Per aix\u00f2, abans de dissenyar-la, es van fer sessions participatives amb els potencials destinataris de l\u2019app per recollir les seves necessitats i tamb\u00e9 amb experts.<\/p>\n\n\n\n<p>El coordinador del projecte \u00e9s Horacio Saggion, catedr\u00e0tic d&#8217;inform\u00e0tica i IA, del grup recerca <a href=\"https:\/\/www.upf.edu\/web\/taln\" target=\"_blank\" rel=\"noreferrer noopener\">TALN<\/a> (Natural Language Processing Research Group) del Departament d\u2019Enginyeria de la UPF. Saggion, que ha intervingut en la presentaci\u00f3 d\u2019aquest dimarts, ha assegurat: \u201cEl desenvolupament de la tecnologia no \u00e9s purament t\u00e8cnic, sin\u00f3 que neix de la col\u00b7laboraci\u00f3 de diversos experts per assegurar la seva utilitat real. L&#8217;app utilitza tecnologies de Processament de Llenguatge Natural (PLN) i IA generativa per tal de reduir la bretxa existent en l&#8217;acc\u00e9s a la informaci\u00f3 complexa\u201d.<\/p>\n\n\n\n<p>Al Departament de Dret de la UPF, l\u2019investigador principal d\u2019iDEM \u00e9s Josep Llu\u00eds Mart\u00ed, professor de Filosofia del dret i investigador en teoria de la democr\u00e0cia, que considera: \u201cLa democr\u00e0cia implica que tots els ciutadans puguin participar en l\u2019autogovern i que aquesta inclusi\u00f3 sigui efectiva, i no nom\u00e9s formal (&#8230;). Per aix\u00f2 \u00e9s fonamental que la recerca explori les formes en qu\u00e8 la tecnologia pot ajudar-nos a fer un salt qualitatiu en aquest repte d\u2019inclusi\u00f3 efectiva de tothom\u201d.&nbsp;&nbsp;<\/p>\n\n\n\n<h2 class=\"wp-block-heading\"><strong>El consorci iDEM aplega 12 socis europeus de 7 pa\u00efsos<\/strong><\/h2>\n\n\n\n<p>El consorci IDEM t\u00e9 el suport de programa Horizon de la UE, que hi ha aportat 3 milions d\u2019euros. <a href=\"https:\/\/idemproject.eu\/en\/who-we-are\" target=\"_blank\" rel=\"noreferrer noopener\">Els socis d\u2019IDEM<\/a> s\u00f3n: Universitat Leeds (el Regne Unit), Institut Municipal de Persones amb Discapacitat de Barcelona, Sindicatura de Greuges de Barcelona, Organitzaci\u00f3 d&#8217;Entitats en favor de les persones amb Discapacitat Intel\u00b7lectual de la Comunitat de Madrid (Plena Inclusi\u00f3n Madrid), Fundaci\u00f3n Cibervoluntarios, Anffas (Associazione Nazionale di Famiglie e Persone con disabilit\u00e0 intellettive e disturbi del neurosviluppo) (Italia), ActionAid (It\u00e0lia), Nexus (Alemanya), CAPITO (\u00c0ustria), MAC (Irlanda) i Inspire (Malta).<\/p>\n","protected":false},"excerpt":{"rendered":"<p>Gent gran, poblaci\u00f3 nouvinguda i persones amb discapacitat intel\u00b7lectual de Barcelona han provat el nou prototip d\u2019app, dissenyat pel projecte de recerca iDEM, que lidera la UPF i compta amb [&hellip;]<\/p>\n","protected":false},"author":2,"featured_media":43159,"comment_status":"closed","ping_status":"closed","sticky":false,"template":"","format":"standard","meta":{"_acf_changed":false,"footnotes":""},"tags":[],"drets":[],"class_list":["post-43158","post","type-post","status-publish","format-standard","has-post-thumbnail","hentry"],"acf":[],"yoast_head":"<!-- This site is optimized with the Yoast SEO plugin v27.5 - https:\/\/yoast.com\/product\/yoast-seo-wordpress\/ -->\n<title>Un projecte europeu, en qu\u00e8 participa la Sindicatura, crea una app per la democr\u00e0cia inclusiva que simplifica textos pol\u00edtics i institucionals - Sindicatura de Greuges de Barcelona<\/title>\n<meta name=\"description\" content=\"El s\u00edndic ha remarcat que \u201cprojectes com l\u2019iDEM tenen un gran valor social perqu\u00e8 ajuden a trencar barreres i a fer que m\u00e9s persones puguin fer sentir la seva veu\u201d.\" \/>\n<meta name=\"robots\" content=\"index, follow, max-snippet:-1, max-image-preview:large, max-video-preview:-1\" \/>\n<link rel=\"canonical\" href=\"https:\/\/www.sindicaturabarcelona.cat\/ca\/un-projecte-europeu-en-que-participa-la-sindicatura-crea-una-app-per-la-democracia-inclusiva-que-simplifica-textos-politics-i-institucionals\/\" \/>\n<meta property=\"og:locale\" content=\"ca_ES\" \/>\n<meta property=\"og:type\" content=\"article\" \/>\n<meta property=\"og:title\" content=\"Un projecte europeu, en qu\u00e8 participa la Sindicatura, crea una app per la democr\u00e0cia inclusiva que simplifica textos pol\u00edtics i institucionals - Sindicatura de Greuges de Barcelona\" \/>\n<meta property=\"og:description\" content=\"El s\u00edndic ha remarcat que \u201cprojectes com l\u2019iDEM tenen un gran valor social perqu\u00e8 ajuden a trencar barreres i a fer que m\u00e9s persones puguin fer sentir la seva veu\u201d.\" \/>\n<meta property=\"og:url\" content=\"https:\/\/www.sindicaturabarcelona.cat\/ca\/un-projecte-europeu-en-que-participa-la-sindicatura-crea-una-app-per-la-democracia-inclusiva-que-simplifica-textos-politics-i-institucionals\/\" \/>\n<meta property=\"og:site_name\" content=\"Sindicatura de Greuges de Barcelona\" \/>\n<meta property=\"article:published_time\" content=\"2026-06-23T09:22:38+00:00\" \/>\n<meta property=\"article:modified_time\" content=\"2026-06-23T09:31:37+00:00\" \/>\n<meta property=\"og:image\" content=\"https:\/\/www.sindicaturabarcelona.cat\/wp-content\/uploads\/KM4A6953-scaled.jpg\" \/>\n\t<meta property=\"og:image:width\" content=\"2560\" \/>\n\t<meta property=\"og:image:height\" content=\"1707\" \/>\n\t<meta property=\"og:image:type\" content=\"image\/jpeg\" \/>\n<meta name=\"author\" content=\"Pablo\" \/>\n<meta name=\"twitter:card\" content=\"summary_large_image\" \/>\n<meta name=\"twitter:creator\" content=\"@sindicbarcelona\" \/>\n<meta name=\"twitter:site\" content=\"@sindicbarcelona\" \/>\n<meta name=\"twitter:label1\" content=\"Escrit per\" \/>\n\t<meta name=\"twitter:data1\" content=\"Pablo\" \/>\n\t<meta name=\"twitter:label2\" content=\"Temps estimat de lectura\" \/>\n\t<meta name=\"twitter:data2\" content=\"6 minuts\" \/>\n<script type=\"application\/ld+json\" class=\"yoast-schema-graph\">{\"@context\":\"https:\\\/\\\/schema.org\",\"@graph\":[{\"@type\":\"Article\",\"@id\":\"https:\\\/\\\/www.sindicaturabarcelona.cat\\\/ca\\\/un-projecte-europeu-en-que-participa-la-sindicatura-crea-una-app-per-la-democracia-inclusiva-que-simplifica-textos-politics-i-institucionals\\\/#article\",\"isPartOf\":{\"@id\":\"https:\\\/\\\/www.sindicaturabarcelona.cat\\\/ca\\\/un-projecte-europeu-en-que-participa-la-sindicatura-crea-una-app-per-la-democracia-inclusiva-que-simplifica-textos-politics-i-institucionals\\\/\"},\"author\":{\"name\":\"Pablo\",\"@id\":\"https:\\\/\\\/www.sindicaturabarcelona.cat\\\/ca\\\/#\\\/schema\\\/person\\\/0e5acffc350ffdbc97578159322c9452\"},\"headline\":\"Un projecte europeu, en qu\u00e8 participa la Sindicatura, crea una app per la democr\u00e0cia inclusiva que simplifica textos pol\u00edtics i institucionals\",\"datePublished\":\"2026-06-23T09:22:38+00:00\",\"dateModified\":\"2026-06-23T09:31:37+00:00\",\"mainEntityOfPage\":{\"@id\":\"https:\\\/\\\/www.sindicaturabarcelona.cat\\\/ca\\\/un-projecte-europeu-en-que-participa-la-sindicatura-crea-una-app-per-la-democracia-inclusiva-que-simplifica-textos-politics-i-institucionals\\\/\"},\"wordCount\":1118,\"publisher\":{\"@id\":\"https:\\\/\\\/www.sindicaturabarcelona.cat\\\/ca\\\/#organization\"},\"image\":{\"@id\":\"https:\\\/\\\/www.sindicaturabarcelona.cat\\\/ca\\\/un-projecte-europeu-en-que-participa-la-sindicatura-crea-una-app-per-la-democracia-inclusiva-que-simplifica-textos-politics-i-institucionals\\\/#primaryimage\"},\"thumbnailUrl\":\"https:\\\/\\\/www.sindicaturabarcelona.cat\\\/wp-content\\\/uploads\\\/KM4A6953-scaled.jpg\",\"inLanguage\":\"ca\"},{\"@type\":\"WebPage\",\"@id\":\"https:\\\/\\\/www.sindicaturabarcelona.cat\\\/ca\\\/un-projecte-europeu-en-que-participa-la-sindicatura-crea-una-app-per-la-democracia-inclusiva-que-simplifica-textos-politics-i-institucionals\\\/\",\"url\":\"https:\\\/\\\/www.sindicaturabarcelona.cat\\\/ca\\\/un-projecte-europeu-en-que-participa-la-sindicatura-crea-una-app-per-la-democracia-inclusiva-que-simplifica-textos-politics-i-institucionals\\\/\",\"name\":\"Un projecte europeu, en qu\u00e8 participa la Sindicatura, crea una app per la democr\u00e0cia inclusiva que simplifica textos pol\u00edtics i institucionals - Sindicatura de Greuges de Barcelona\",\"isPartOf\":{\"@id\":\"https:\\\/\\\/www.sindicaturabarcelona.cat\\\/ca\\\/#website\"},\"primaryImageOfPage\":{\"@id\":\"https:\\\/\\\/www.sindicaturabarcelona.cat\\\/ca\\\/un-projecte-europeu-en-que-participa-la-sindicatura-crea-una-app-per-la-democracia-inclusiva-que-simplifica-textos-politics-i-institucionals\\\/#primaryimage\"},\"image\":{\"@id\":\"https:\\\/\\\/www.sindicaturabarcelona.cat\\\/ca\\\/un-projecte-europeu-en-que-participa-la-sindicatura-crea-una-app-per-la-democracia-inclusiva-que-simplifica-textos-politics-i-institucionals\\\/#primaryimage\"},\"thumbnailUrl\":\"https:\\\/\\\/www.sindicaturabarcelona.cat\\\/wp-content\\\/uploads\\\/KM4A6953-scaled.jpg\",\"datePublished\":\"2026-06-23T09:22:38+00:00\",\"dateModified\":\"2026-06-23T09:31:37+00:00\",\"description\":\"El s\u00edndic ha remarcat que \u201cprojectes com l\u2019iDEM tenen un gran valor social perqu\u00e8 ajuden a trencar barreres i a fer que m\u00e9s persones puguin fer sentir la seva veu\u201d.\",\"breadcrumb\":{\"@id\":\"https:\\\/\\\/www.sindicaturabarcelona.cat\\\/ca\\\/un-projecte-europeu-en-que-participa-la-sindicatura-crea-una-app-per-la-democracia-inclusiva-que-simplifica-textos-politics-i-institucionals\\\/#breadcrumb\"},\"inLanguage\":\"ca\",\"potentialAction\":[{\"@type\":\"ReadAction\",\"target\":[\"https:\\\/\\\/www.sindicaturabarcelona.cat\\\/ca\\\/un-projecte-europeu-en-que-participa-la-sindicatura-crea-una-app-per-la-democracia-inclusiva-que-simplifica-textos-politics-i-institucionals\\\/\"]}]},{\"@type\":\"ImageObject\",\"inLanguage\":\"ca\",\"@id\":\"https:\\\/\\\/www.sindicaturabarcelona.cat\\\/ca\\\/un-projecte-europeu-en-que-participa-la-sindicatura-crea-una-app-per-la-democracia-inclusiva-que-simplifica-textos-politics-i-institucionals\\\/#primaryimage\",\"url\":\"https:\\\/\\\/www.sindicaturabarcelona.cat\\\/wp-content\\\/uploads\\\/KM4A6953-scaled.jpg\",\"contentUrl\":\"https:\\\/\\\/www.sindicaturabarcelona.cat\\\/wp-content\\\/uploads\\\/KM4A6953-scaled.jpg\",\"width\":2560,\"height\":1707},{\"@type\":\"BreadcrumbList\",\"@id\":\"https:\\\/\\\/www.sindicaturabarcelona.cat\\\/ca\\\/un-projecte-europeu-en-que-participa-la-sindicatura-crea-una-app-per-la-democracia-inclusiva-que-simplifica-textos-politics-i-institucionals\\\/#breadcrumb\",\"itemListElement\":[{\"@type\":\"ListItem\",\"position\":1,\"name\":\"Inici\",\"item\":\"https:\\\/\\\/www.sindicaturabarcelona.cat\\\/ca\\\/\"},{\"@type\":\"ListItem\",\"position\":2,\"name\":\"Un projecte europeu, en qu\u00e8 participa la Sindicatura, crea una app per la democr\u00e0cia inclusiva que simplifica textos pol\u00edtics i institucionals\"}]},{\"@type\":\"WebSite\",\"@id\":\"https:\\\/\\\/www.sindicaturabarcelona.cat\\\/ca\\\/#website\",\"url\":\"https:\\\/\\\/www.sindicaturabarcelona.cat\\\/ca\\\/\",\"name\":\"Sindicatura de Greuges de Barcelona\",\"description\":\"La defensoria dels teus drets\",\"publisher\":{\"@id\":\"https:\\\/\\\/www.sindicaturabarcelona.cat\\\/ca\\\/#organization\"},\"potentialAction\":[{\"@type\":\"SearchAction\",\"target\":{\"@type\":\"EntryPoint\",\"urlTemplate\":\"https:\\\/\\\/www.sindicaturabarcelona.cat\\\/ca\\\/?s={search_term_string}\"},\"query-input\":{\"@type\":\"PropertyValueSpecification\",\"valueRequired\":true,\"valueName\":\"search_term_string\"}}],\"inLanguage\":\"ca\"},{\"@type\":\"Organization\",\"@id\":\"https:\\\/\\\/www.sindicaturabarcelona.cat\\\/ca\\\/#organization\",\"name\":\"Sindicatura de Greuges de Barcelona\",\"url\":\"https:\\\/\\\/www.sindicaturabarcelona.cat\\\/ca\\\/\",\"logo\":{\"@type\":\"ImageObject\",\"inLanguage\":\"ca\",\"@id\":\"https:\\\/\\\/www.sindicaturabarcelona.cat\\\/ca\\\/#\\\/schema\\\/logo\\\/image\\\/\",\"url\":\"https:\\\/\\\/www.sindicaturabarcelona.cat\\\/wp-content\\\/uploads\\\/2023\\\/02\\\/logo_sindicatura.svg\",\"contentUrl\":\"https:\\\/\\\/www.sindicaturabarcelona.cat\\\/wp-content\\\/uploads\\\/2023\\\/02\\\/logo_sindicatura.svg\",\"caption\":\"Sindicatura de Greuges de Barcelona\"},\"image\":{\"@id\":\"https:\\\/\\\/www.sindicaturabarcelona.cat\\\/ca\\\/#\\\/schema\\\/logo\\\/image\\\/\"},\"sameAs\":[\"https:\\\/\\\/x.com\\\/sindicbarcelona\",\"https:\\\/\\\/www.instagram.com\\\/sindicbarcelona\\\/\",\"https:\\\/\\\/www.tiktok.com\\\/@sindicaturabcn\",\"https:\\\/\\\/t.me\\\/sindicaturabarcelona\"]},{\"@type\":\"Person\",\"@id\":\"https:\\\/\\\/www.sindicaturabarcelona.cat\\\/ca\\\/#\\\/schema\\\/person\\\/0e5acffc350ffdbc97578159322c9452\",\"name\":\"Pablo\",\"image\":{\"@type\":\"ImageObject\",\"inLanguage\":\"ca\",\"@id\":\"https:\\\/\\\/secure.gravatar.com\\\/avatar\\\/c948169b402ef9492afde705c3dfd5e90e1a6a84ef6840a91124f805a25a480f?s=96&d=mm&r=g\",\"url\":\"https:\\\/\\\/secure.gravatar.com\\\/avatar\\\/c948169b402ef9492afde705c3dfd5e90e1a6a84ef6840a91124f805a25a480f?s=96&d=mm&r=g\",\"contentUrl\":\"https:\\\/\\\/secure.gravatar.com\\\/avatar\\\/c948169b402ef9492afde705c3dfd5e90e1a6a84ef6840a91124f805a25a480f?s=96&d=mm&r=g\",\"caption\":\"Pablo\"},\"url\":\"https:\\\/\\\/www.sindicaturabarcelona.cat\\\/ca\\\/author\\\/pablo\\\/\"}]}<\/script>\n<!-- \/ Yoast SEO plugin. -->","yoast_head_json":{"title":"Un projecte europeu, en qu\u00e8 participa la Sindicatura, crea una app per la democr\u00e0cia inclusiva que simplifica textos pol\u00edtics i institucionals - Sindicatura de Greuges de Barcelona","description":"El s\u00edndic ha remarcat que \u201cprojectes com l\u2019iDEM tenen un gran valor social perqu\u00e8 ajuden a trencar barreres i a fer que m\u00e9s persones puguin fer sentir la seva veu\u201d.","robots":{"index":"index","follow":"follow","max-snippet":"max-snippet:-1","max-image-preview":"max-image-preview:large","max-video-preview":"max-video-preview:-1"},"canonical":"https:\/\/www.sindicaturabarcelona.cat\/ca\/un-projecte-europeu-en-que-participa-la-sindicatura-crea-una-app-per-la-democracia-inclusiva-que-simplifica-textos-politics-i-institucionals\/","og_locale":"ca_ES","og_type":"article","og_title":"Un projecte europeu, en qu\u00e8 participa la Sindicatura, crea una app per la democr\u00e0cia inclusiva que simplifica textos pol\u00edtics i institucionals - Sindicatura de Greuges de Barcelona","og_description":"El s\u00edndic ha remarcat que \u201cprojectes com l\u2019iDEM tenen un gran valor social perqu\u00e8 ajuden a trencar barreres i a fer que m\u00e9s persones puguin fer sentir la seva veu\u201d.","og_url":"https:\/\/www.sindicaturabarcelona.cat\/ca\/un-projecte-europeu-en-que-participa-la-sindicatura-crea-una-app-per-la-democracia-inclusiva-que-simplifica-textos-politics-i-institucionals\/","og_site_name":"Sindicatura de Greuges de Barcelona","article_published_time":"2026-06-23T09:22:38+00:00","article_modified_time":"2026-06-23T09:31:37+00:00","og_image":[{"width":2560,"height":1707,"url":"https:\/\/www.sindicaturabarcelona.cat\/wp-content\/uploads\/KM4A6953-scaled.jpg","type":"image\/jpeg"}],"author":"Pablo","twitter_card":"summary_large_image","twitter_creator":"@sindicbarcelona","twitter_site":"@sindicbarcelona","twitter_misc":{"Escrit per":"Pablo","Temps estimat de lectura":"6 minuts"},"schema":{"@context":"https:\/\/schema.org","@graph":[{"@type":"Article","@id":"https:\/\/www.sindicaturabarcelona.cat\/ca\/un-projecte-europeu-en-que-participa-la-sindicatura-crea-una-app-per-la-democracia-inclusiva-que-simplifica-textos-politics-i-institucionals\/#article","isPartOf":{"@id":"https:\/\/www.sindicaturabarcelona.cat\/ca\/un-projecte-europeu-en-que-participa-la-sindicatura-crea-una-app-per-la-democracia-inclusiva-que-simplifica-textos-politics-i-institucionals\/"},"author":{"name":"Pablo","@id":"https:\/\/www.sindicaturabarcelona.cat\/ca\/#\/schema\/person\/0e5acffc350ffdbc97578159322c9452"},"headline":"Un projecte europeu, en qu\u00e8 participa la Sindicatura, crea una app per la democr\u00e0cia inclusiva que simplifica textos pol\u00edtics i institucionals","datePublished":"2026-06-23T09:22:38+00:00","dateModified":"2026-06-23T09:31:37+00:00","mainEntityOfPage":{"@id":"https:\/\/www.sindicaturabarcelona.cat\/ca\/un-projecte-europeu-en-que-participa-la-sindicatura-crea-una-app-per-la-democracia-inclusiva-que-simplifica-textos-politics-i-institucionals\/"},"wordCount":1118,"publisher":{"@id":"https:\/\/www.sindicaturabarcelona.cat\/ca\/#organization"},"image":{"@id":"https:\/\/www.sindicaturabarcelona.cat\/ca\/un-projecte-europeu-en-que-participa-la-sindicatura-crea-una-app-per-la-democracia-inclusiva-que-simplifica-textos-politics-i-institucionals\/#primaryimage"},"thumbnailUrl":"https:\/\/www.sindicaturabarcelona.cat\/wp-content\/uploads\/KM4A6953-scaled.jpg","inLanguage":"ca"},{"@type":"WebPage","@id":"https:\/\/www.sindicaturabarcelona.cat\/ca\/un-projecte-europeu-en-que-participa-la-sindicatura-crea-una-app-per-la-democracia-inclusiva-que-simplifica-textos-politics-i-institucionals\/","url":"https:\/\/www.sindicaturabarcelona.cat\/ca\/un-projecte-europeu-en-que-participa-la-sindicatura-crea-una-app-per-la-democracia-inclusiva-que-simplifica-textos-politics-i-institucionals\/","name":"Un projecte europeu, en qu\u00e8 participa la Sindicatura, crea una app per la democr\u00e0cia inclusiva que simplifica textos pol\u00edtics i institucionals - Sindicatura de Greuges de Barcelona","isPartOf":{"@id":"https:\/\/www.sindicaturabarcelona.cat\/ca\/#website"},"primaryImageOfPage":{"@id":"https:\/\/www.sindicaturabarcelona.cat\/ca\/un-projecte-europeu-en-que-participa-la-sindicatura-crea-una-app-per-la-democracia-inclusiva-que-simplifica-textos-politics-i-institucionals\/#primaryimage"},"image":{"@id":"https:\/\/www.sindicaturabarcelona.cat\/ca\/un-projecte-europeu-en-que-participa-la-sindicatura-crea-una-app-per-la-democracia-inclusiva-que-simplifica-textos-politics-i-institucionals\/#primaryimage"},"thumbnailUrl":"https:\/\/www.sindicaturabarcelona.cat\/wp-content\/uploads\/KM4A6953-scaled.jpg","datePublished":"2026-06-23T09:22:38+00:00","dateModified":"2026-06-23T09:31:37+00:00","description":"El s\u00edndic ha remarcat que \u201cprojectes com l\u2019iDEM tenen un gran valor social perqu\u00e8 ajuden a trencar barreres i a fer que m\u00e9s persones puguin fer sentir la seva veu\u201d.","breadcrumb":{"@id":"https:\/\/www.sindicaturabarcelona.cat\/ca\/un-projecte-europeu-en-que-participa-la-sindicatura-crea-una-app-per-la-democracia-inclusiva-que-simplifica-textos-politics-i-institucionals\/#breadcrumb"},"inLanguage":"ca","potentialAction":[{"@type":"ReadAction","target":["https:\/\/www.sindicaturabarcelona.cat\/ca\/un-projecte-europeu-en-que-participa-la-sindicatura-crea-una-app-per-la-democracia-inclusiva-que-simplifica-textos-politics-i-institucionals\/"]}]},{"@type":"ImageObject","inLanguage":"ca","@id":"https:\/\/www.sindicaturabarcelona.cat\/ca\/un-projecte-europeu-en-que-participa-la-sindicatura-crea-una-app-per-la-democracia-inclusiva-que-simplifica-textos-politics-i-institucionals\/#primaryimage","url":"https:\/\/www.sindicaturabarcelona.cat\/wp-content\/uploads\/KM4A6953-scaled.jpg","contentUrl":"https:\/\/www.sindicaturabarcelona.cat\/wp-content\/uploads\/KM4A6953-scaled.jpg","width":2560,"height":1707},{"@type":"BreadcrumbList","@id":"https:\/\/www.sindicaturabarcelona.cat\/ca\/un-projecte-europeu-en-que-participa-la-sindicatura-crea-una-app-per-la-democracia-inclusiva-que-simplifica-textos-politics-i-institucionals\/#breadcrumb","itemListElement":[{"@type":"ListItem","position":1,"name":"Inici","item":"https:\/\/www.sindicaturabarcelona.cat\/ca\/"},{"@type":"ListItem","position":2,"name":"Un projecte europeu, en qu\u00e8 participa la Sindicatura, crea una app per la democr\u00e0cia inclusiva que simplifica textos pol\u00edtics i institucionals"}]},{"@type":"WebSite","@id":"https:\/\/www.sindicaturabarcelona.cat\/ca\/#website","url":"https:\/\/www.sindicaturabarcelona.cat\/ca\/","name":"Sindicatura de Greuges de Barcelona","description":"La defensoria dels teus drets","publisher":{"@id":"https:\/\/www.sindicaturabarcelona.cat\/ca\/#organization"},"potentialAction":[{"@type":"SearchAction","target":{"@type":"EntryPoint","urlTemplate":"https:\/\/www.sindicaturabarcelona.cat\/ca\/?s={search_term_string}"},"query-input":{"@type":"PropertyValueSpecification","valueRequired":true,"valueName":"search_term_string"}}],"inLanguage":"ca"},{"@type":"Organization","@id":"https:\/\/www.sindicaturabarcelona.cat\/ca\/#organization","name":"Sindicatura de Greuges de Barcelona","url":"https:\/\/www.sindicaturabarcelona.cat\/ca\/","logo":{"@type":"ImageObject","inLanguage":"ca","@id":"https:\/\/www.sindicaturabarcelona.cat\/ca\/#\/schema\/logo\/image\/","url":"https:\/\/www.sindicaturabarcelona.cat\/wp-content\/uploads\/2023\/02\/logo_sindicatura.svg","contentUrl":"https:\/\/www.sindicaturabarcelona.cat\/wp-content\/uploads\/2023\/02\/logo_sindicatura.svg","caption":"Sindicatura de Greuges de Barcelona"},"image":{"@id":"https:\/\/www.sindicaturabarcelona.cat\/ca\/#\/schema\/logo\/image\/"},"sameAs":["https:\/\/x.com\/sindicbarcelona","https:\/\/www.instagram.com\/sindicbarcelona\/","https:\/\/www.tiktok.com\/@sindicaturabcn","https:\/\/t.me\/sindicaturabarcelona"]},{"@type":"Person","@id":"https:\/\/www.sindicaturabarcelona.cat\/ca\/#\/schema\/person\/0e5acffc350ffdbc97578159322c9452","name":"Pablo","image":{"@type":"ImageObject","inLanguage":"ca","@id":"https:\/\/secure.gravatar.com\/avatar\/c948169b402ef9492afde705c3dfd5e90e1a6a84ef6840a91124f805a25a480f?s=96&d=mm&r=g","url":"https:\/\/secure.gravatar.com\/avatar\/c948169b402ef9492afde705c3dfd5e90e1a6a84ef6840a91124f805a25a480f?s=96&d=mm&r=g","contentUrl":"https:\/\/secure.gravatar.com\/avatar\/c948169b402ef9492afde705c3dfd5e90e1a6a84ef6840a91124f805a25a480f?s=96&d=mm&r=g","caption":"Pablo"},"url":"https:\/\/www.sindicaturabarcelona.cat\/ca\/author\/pablo\/"}]}},"_links":{"self":[{"href":"https:\/\/www.sindicaturabarcelona.cat\/ca\/wp-json\/wp\/v2\/posts\/43158","targetHints":{"allow":["GET"]}}],"collection":[{"href":"https:\/\/www.sindicaturabarcelona.cat\/ca\/wp-json\/wp\/v2\/posts"}],"about":[{"href":"https:\/\/www.sindicaturabarcelona.cat\/ca\/wp-json\/wp\/v2\/types\/post"}],"author":[{"embeddable":true,"href":"https:\/\/www.sindicaturabarcelona.cat\/ca\/wp-json\/wp\/v2\/users\/2"}],"replies":[{"embeddable":true,"href":"https:\/\/www.sindicaturabarcelona.cat\/ca\/wp-json\/wp\/v2\/comments?post=43158"}],"version-history":[{"count":4,"href":"https:\/\/www.sindicaturabarcelona.cat\/ca\/wp-json\/wp\/v2\/posts\/43158\/revisions"}],"predecessor-version":[{"id":43207,"href":"https:\/\/www.sindicaturabarcelona.cat\/ca\/wp-json\/wp\/v2\/posts\/43158\/revisions\/43207"}],"wp:featuredmedia":[{"embeddable":true,"href":"https:\/\/www.sindicaturabarcelona.cat\/ca\/wp-json\/wp\/v2\/media\/43159"}],"wp:attachment":[{"href":"https:\/\/www.sindicaturabarcelona.cat\/ca\/wp-json\/wp\/v2\/media?parent=43158"}],"wp:term":[{"taxonomy":"post_tag","embeddable":true,"href":"https:\/\/www.sindicaturabarcelona.cat\/ca\/wp-json\/wp\/v2\/tags?post=43158"},{"taxonomy":"drets","embeddable":true,"href":"https:\/\/www.sindicaturabarcelona.cat\/ca\/wp-json\/wp\/v2\/drets?post=43158"}],"curies":[{"name":"wp","href":"https:\/\/api.w.org\/{rel}","templated":true}]}}