{"id":43132,"date":"2026-06-17T07:30:00","date_gmt":"2026-06-17T05:30:00","guid":{"rendered":"https:\/\/www.sindicaturabarcelona.cat\/?p=43132"},"modified":"2026-06-17T07:40:04","modified_gmt":"2026-06-17T05:40:04","slug":"reconeixement-internacional-a-la-sindicatura-per-la-seva-tasca-en-la-reparacio-de-violencies-sexuals","status":"publish","type":"post","link":"https:\/\/www.sindicaturabarcelona.cat\/ca\/reconeixement-internacional-a-la-sindicatura-per-la-seva-tasca-en-la-reparacio-de-violencies-sexuals\/","title":{"rendered":"Reconeixement internacional a la Sindicatura per la seva tasca en la reparaci\u00f3 de viol\u00e8ncies sexuals"},"content":{"rendered":"\n<p><strong>Barcelona, 17 del juny del 2026<\/strong> \u2013 L\u2019International Ombudsman Institute (IOI), instituci\u00f3 que aplega m\u00e9s de 200 defensories de m\u00e9s d\u2019un centenar de pa\u00efsos, ha incl\u00f2s una iniciativa impulsada per la Sindicatura de Greuges de Barcelona <a href=\"https:\/\/www.theioi.org\/publications\/ioi-best-practice-papers\" target=\"_blank\" rel=\"noreferrer noopener\">en el seu recull d\u2019IOI Best Practice Papers<\/a>, reconeixent-ne la seva contribuci\u00f3 en l\u2019\u00e0mbit de la reparaci\u00f3 de les persones supervivents de viol\u00e8ncies sexuals.<\/p>\n\n\n\n<p>La pr\u00e0ctica reconeguda posa el focus en la <strong><a href=\"https:\/\/www.sindicaturabarcelona.cat\/ca\/comissio-de-reparacio-per-a-victimes-de-violencia-sexual-en-la-infancia-adolescencia-i-joventut-a-les-escoles-de-barcelona\/\" target=\"_blank\" rel=\"noreferrer noopener\">Comissi\u00f3 de Reparaci\u00f3 impulsada per la Sindicatura de Greuges de Barcelona<\/a><\/strong>, un mecanisme d\u2019escolta, acompanyament i reconeixement per a persones supervivents de viol\u00e8ncies sexuals, que culmina amb un <strong><a href=\"https:\/\/www.sindicaturabarcelona.cat\/ca\/lajuntament-de-barcelona-demana-disculpes-a-les-persones-que-van-viure-violencies-sexuals-a-lescola-barcelona-en-un-acte-organitzat-per-la-sindicatura\/\" target=\"_blank\" rel=\"noreferrer noopener\">acte p\u00fablic pioner de disculpa institucional i assumpci\u00f3 de responsabilitats<\/a><\/strong>.<\/p>\n\n\n\n<h2 class=\"wp-block-heading\"><strong>L\u2019origen de la iniciativa: un grup de treball per abordar la viol\u00e8ncia sexual<\/strong><\/h2>\n\n\n\n<p>L\u2019origen d\u2019aquesta iniciativa es troba l\u2019any 2022, quan la Sindicatura va impulsar el <strong>Grup de Treball per abordar la viol\u00e8ncia sexual a dones, inf\u00e0ncia i adolesc\u00e8ncia, <\/strong>amb l\u2019objectiu d\u2019impulsar millores en la resposta dels organismes p\u00fablics locals davant aquestes situacions, aix\u00ed com contribuir als processos de reparaci\u00f3 de les seq\u00fceles que pateixen les persones supervivents.<\/p>\n\n\n\n<p>Aquest grup de treball va permetre articular una resposta institucional que situa al centre les persones supervivents, fomentant mecanismes d\u2019escolta, reconeixement i reparaci\u00f3.<\/p>\n\n\n\n<h2 class=\"wp-block-heading\"><strong>La Comissi\u00f3 de Reparaci\u00f3: escolta i acompanyament<\/strong><\/h2>\n\n\n\n<p>En aquest marc, <strong>l\u2019any 2023 es va promoure la creaci\u00f3 de la Comissi\u00f3 de Reparaci\u00f3 <\/strong>arran del posicionament institucional davant les den\u00fancies de viol\u00e8ncies sexuals i vexacions a l\u2019Escola Barcelona per part d\u2019un educador durant d\u00e8cades.<\/p>\n\n\n\n<p>La comissi\u00f3 ha comptat amb la participaci\u00f3 de professionals expertes, com Olga Casado (metgessa de fam\u00edlia i membre del Mecanisme Catal\u00e0 per la Prevenci\u00f3 de la Tortura), Mireia Forner (psic\u00f2loga cl\u00ednica de l\u2019Equip EMMA de Vall d\u2019Hebron), Carla Vall (advocada penalista i crimin\u00f2loga); i amb l\u2019assessorament de Vicky Bernadet (Fundaci\u00f3 Vicky Bernadet) i Margarida Troguet (presidenta de la Comissi\u00f3 Especial de l\u2019Aula del Teatre de Lleida), entre altres.<\/p>\n\n\n\n<p>Durant mesos, ha desenvolupat una tasca d\u2019<strong>acompanyament i escolta activa a les persones supervivents<\/strong>, especialment en el cas de l\u2019Escola Barcelona. Aquest espai ha perm\u00e8s a les persones afectades expressar les seves demandes de reparaci\u00f3 en un entorn segur i de confian\u00e7a.<\/p>\n\n\n\n<p>En aquesta l\u00ednia, l\u2019any 2025 l\u2019Ajuntament de Barcelona va valorar positivament la <strong>continu\u00eftat de la Comissi\u00f3 de Reparaci\u00f3<\/strong>, que segueix desenvolupant les seves funcions per atendre noves necessitats de reparaci\u00f3 en l\u2019\u00e0mbit municipal.<\/p>\n\n\n\n<h2 class=\"wp-block-heading\"><strong>L\u2019acte de reparaci\u00f3: un esdeveniment pioner<\/strong><\/h2>\n\n\n\n<p>El 20 de novembre de 2024, la Sindicatura de Greuges de Barcelona i l\u2019Ajuntament van organitzar l\u2019<strong>acte de reparaci\u00f3<\/strong> dirigit a les persones que van patir viol\u00e8ncies sexuals a l\u2019Escola Barcelona.<\/p>\n\n\n\n<p><strong>Aquest acte, dut a terme al Sal\u00f3 de Cent, va respondre a una de les principals demandes de les persones supervivents<\/strong>: la disculpa p\u00fablica per part de les institucions implicades. En aquest esdeveniment, l\u2019Alcalde de Barcelona, la secret\u00e0ria de Millora Educativa del Departament d\u2019Educaci\u00f3 de la Generalitat de Catalunya i l\u2019actual direcci\u00f3 de l\u2019Escola Barcelona van recon\u00e8ixer la responsabilitat institucional, van demanar disculpes i van mostrar el seu ferm comprom\u00eds en la lluita contra qualsevol viol\u00e8ncia, per tal d\u2019evitar que tornin a succeir fets com els que va patir part de l\u2019alumnat d\u2019aquest centre educatiu.<\/p>\n\n\n\n<p>L\u2019esdeveniment va esdevenir <strong>pioner a l\u2019Estat espanyol<\/strong>, sent el primer impulsat des d\u2019una administraci\u00f3 p\u00fablica per abordar la viol\u00e8ncia sexual en una escola p\u00fablica. Tal com va expressar una de les supervivents: <strong>\u201cPer a mi, la Comissi\u00f3 de Reparaci\u00f3 ha estat tot all\u00f2 que no vaig trobar a l\u2019escola quan vaig demanar ajuda. A la Sindicatura vaig trobar una instituci\u00f3 que ens escolta i que empatitza amb les v\u00edctimes\u201d.<\/strong><\/p>\n\n\n\n<h2 class=\"wp-block-heading\"><strong>Experi\u00e8ncies internacionals en l\u2019\u00e0mbit de la reparaci\u00f3<\/strong><\/h2>\n\n\n\n<p>La inclusi\u00f3 d\u2019aquesta pr\u00e0ctica per part de l\u2019IOI situa la Sindicatura de Greuges de Barcelona en la mateixa l\u00ednia de treball que altres institucions internacionals referents en la defensa dels drets humans.<\/p>\n\n\n\n<p>Entre aquestes, destaca el <strong>De Federale Ombudsman de B\u00e8lgica<\/strong>, que va recollir testimonis de v\u00edctimes en el marc d\u2019una comissi\u00f3 parlament\u00e0ria d\u2019investigaci\u00f3 sobre viol\u00e8ncia sexual, contribuint al reconeixement institucional i a la formulaci\u00f3 de recomanacions estructurals.<\/p>\n\n\n\n<p>Tamb\u00e9 es posa en relleu l\u2019experi\u00e8ncia del <strong>Commonwealth Ombudsman d\u2019Austr\u00e0lia<\/strong>, que ha gestionat un ampli programa de reparacions per viol\u00e8ncies i vulneracions de drets a les forces armades, combinant compensacions econ\u00f2miques amb processos de reparaci\u00f3 restaurativa, incloses disculpes formals i suport psicol\u00f2gic.<\/p>\n\n\n\n<p style=\"font-size:12px\">*Aquest article ha estat elaborat amb l&#8217;assist\u00e8ncia de l&#8217;eina Copilot de l&#8217;Ajuntament de Barcelona.<\/p>\n","protected":false},"excerpt":{"rendered":"<p>Barcelona, 17 del juny del 2026 \u2013 L\u2019International Ombudsman Institute (IOI), instituci\u00f3 que aplega m\u00e9s de 200 defensories de m\u00e9s d\u2019un centenar de pa\u00efsos, ha incl\u00f2s una iniciativa impulsada per [&hellip;]<\/p>\n","protected":false},"author":2,"featured_media":34293,"comment_status":"closed","ping_status":"closed","sticky":false,"template":"","format":"standard","meta":{"_acf_changed":false,"footnotes":""},"tags":[],"drets":[],"class_list":["post-43132","post","type-post","status-publish","format-standard","has-post-thumbnail","hentry"],"acf":[],"yoast_head":"<!-- This site is optimized with the Yoast SEO plugin v27.5 - https:\/\/yoast.com\/product\/yoast-seo-wordpress\/ -->\n<title>Reconeixement internacional a la Sindicatura per la seva tasca en la reparaci\u00f3 de viol\u00e8ncies sexuals - Sindicatura de Greuges de Barcelona<\/title>\n<meta name=\"description\" content=\"La pr\u00e0ctica reconeguda posa el focus en la Comissi\u00f3 de Reparaci\u00f3 impulsada per la Sindicatura de Greuges de Barcelona, un mecanisme d\u2019escolta, acompanyament i reconeixement per a persones supervivents de viol\u00e8ncies sexuals, que culmina amb un acte p\u00fablic pioner de disculpa institucional i assumpci\u00f3 de responsabilitats.\" \/>\n<meta name=\"robots\" content=\"index, follow, max-snippet:-1, max-image-preview:large, max-video-preview:-1\" \/>\n<link rel=\"canonical\" href=\"https:\/\/www.sindicaturabarcelona.cat\/ca\/reconeixement-internacional-a-la-sindicatura-per-la-seva-tasca-en-la-reparacio-de-violencies-sexuals\/\" \/>\n<meta property=\"og:locale\" content=\"ca_ES\" \/>\n<meta property=\"og:type\" content=\"article\" \/>\n<meta property=\"og:title\" content=\"Reconeixement internacional a la Sindicatura per la seva tasca en la reparaci\u00f3 de viol\u00e8ncies sexuals - Sindicatura de Greuges de Barcelona\" \/>\n<meta property=\"og:description\" content=\"La pr\u00e0ctica reconeguda posa el focus en la Comissi\u00f3 de Reparaci\u00f3 impulsada per la Sindicatura de Greuges de Barcelona, un mecanisme d\u2019escolta, acompanyament i reconeixement per a persones supervivents de viol\u00e8ncies sexuals, que culmina amb un acte p\u00fablic pioner de disculpa institucional i assumpci\u00f3 de responsabilitats.\" \/>\n<meta property=\"og:url\" content=\"https:\/\/www.sindicaturabarcelona.cat\/ca\/reconeixement-internacional-a-la-sindicatura-per-la-seva-tasca-en-la-reparacio-de-violencies-sexuals\/\" \/>\n<meta property=\"og:site_name\" content=\"Sindicatura de Greuges de Barcelona\" \/>\n<meta property=\"article:published_time\" content=\"2026-06-17T05:30:00+00:00\" \/>\n<meta property=\"article:modified_time\" content=\"2026-06-17T05:40:04+00:00\" \/>\n<meta property=\"og:image\" content=\"https:\/\/www.sindicaturabarcelona.cat\/wp-content\/uploads\/IMG_0621.jpeg\" \/>\n\t<meta property=\"og:image:width\" content=\"1280\" \/>\n\t<meta property=\"og:image:height\" content=\"855\" \/>\n\t<meta property=\"og:image:type\" content=\"image\/jpeg\" \/>\n<meta name=\"author\" content=\"Pablo\" \/>\n<meta name=\"twitter:card\" content=\"summary_large_image\" \/>\n<meta name=\"twitter:creator\" content=\"@sindicbarcelona\" \/>\n<meta name=\"twitter:site\" content=\"@sindicbarcelona\" \/>\n<meta name=\"twitter:label1\" content=\"Escrit per\" \/>\n\t<meta name=\"twitter:data1\" content=\"Pablo\" \/>\n\t<meta name=\"twitter:label2\" content=\"Temps estimat de lectura\" \/>\n\t<meta name=\"twitter:data2\" content=\"5 minuts\" \/>\n<script type=\"application\/ld+json\" class=\"yoast-schema-graph\">{\"@context\":\"https:\\\/\\\/schema.org\",\"@graph\":[{\"@type\":\"Article\",\"@id\":\"https:\\\/\\\/www.sindicaturabarcelona.cat\\\/ca\\\/reconeixement-internacional-a-la-sindicatura-per-la-seva-tasca-en-la-reparacio-de-violencies-sexuals\\\/#article\",\"isPartOf\":{\"@id\":\"https:\\\/\\\/www.sindicaturabarcelona.cat\\\/ca\\\/reconeixement-internacional-a-la-sindicatura-per-la-seva-tasca-en-la-reparacio-de-violencies-sexuals\\\/\"},\"author\":{\"name\":\"Pablo\",\"@id\":\"https:\\\/\\\/www.sindicaturabarcelona.cat\\\/ca\\\/#\\\/schema\\\/person\\\/0e5acffc350ffdbc97578159322c9452\"},\"headline\":\"Reconeixement internacional a la Sindicatura per la seva tasca en la reparaci\u00f3 de viol\u00e8ncies sexuals\",\"datePublished\":\"2026-06-17T05:30:00+00:00\",\"dateModified\":\"2026-06-17T05:40:04+00:00\",\"mainEntityOfPage\":{\"@id\":\"https:\\\/\\\/www.sindicaturabarcelona.cat\\\/ca\\\/reconeixement-internacional-a-la-sindicatura-per-la-seva-tasca-en-la-reparacio-de-violencies-sexuals\\\/\"},\"wordCount\":819,\"publisher\":{\"@id\":\"https:\\\/\\\/www.sindicaturabarcelona.cat\\\/ca\\\/#organization\"},\"image\":{\"@id\":\"https:\\\/\\\/www.sindicaturabarcelona.cat\\\/ca\\\/reconeixement-internacional-a-la-sindicatura-per-la-seva-tasca-en-la-reparacio-de-violencies-sexuals\\\/#primaryimage\"},\"thumbnailUrl\":\"https:\\\/\\\/www.sindicaturabarcelona.cat\\\/wp-content\\\/uploads\\\/IMG_0621.jpeg\",\"inLanguage\":\"ca\"},{\"@type\":\"WebPage\",\"@id\":\"https:\\\/\\\/www.sindicaturabarcelona.cat\\\/ca\\\/reconeixement-internacional-a-la-sindicatura-per-la-seva-tasca-en-la-reparacio-de-violencies-sexuals\\\/\",\"url\":\"https:\\\/\\\/www.sindicaturabarcelona.cat\\\/ca\\\/reconeixement-internacional-a-la-sindicatura-per-la-seva-tasca-en-la-reparacio-de-violencies-sexuals\\\/\",\"name\":\"Reconeixement internacional a la Sindicatura per la seva tasca en la reparaci\u00f3 de viol\u00e8ncies sexuals - Sindicatura de Greuges de Barcelona\",\"isPartOf\":{\"@id\":\"https:\\\/\\\/www.sindicaturabarcelona.cat\\\/ca\\\/#website\"},\"primaryImageOfPage\":{\"@id\":\"https:\\\/\\\/www.sindicaturabarcelona.cat\\\/ca\\\/reconeixement-internacional-a-la-sindicatura-per-la-seva-tasca-en-la-reparacio-de-violencies-sexuals\\\/#primaryimage\"},\"image\":{\"@id\":\"https:\\\/\\\/www.sindicaturabarcelona.cat\\\/ca\\\/reconeixement-internacional-a-la-sindicatura-per-la-seva-tasca-en-la-reparacio-de-violencies-sexuals\\\/#primaryimage\"},\"thumbnailUrl\":\"https:\\\/\\\/www.sindicaturabarcelona.cat\\\/wp-content\\\/uploads\\\/IMG_0621.jpeg\",\"datePublished\":\"2026-06-17T05:30:00+00:00\",\"dateModified\":\"2026-06-17T05:40:04+00:00\",\"description\":\"La pr\u00e0ctica reconeguda posa el focus en la Comissi\u00f3 de Reparaci\u00f3 impulsada per la Sindicatura de Greuges de Barcelona, un mecanisme d\u2019escolta, acompanyament i reconeixement per a persones supervivents de viol\u00e8ncies sexuals, que culmina amb un acte p\u00fablic pioner de disculpa institucional i assumpci\u00f3 de responsabilitats.\",\"breadcrumb\":{\"@id\":\"https:\\\/\\\/www.sindicaturabarcelona.cat\\\/ca\\\/reconeixement-internacional-a-la-sindicatura-per-la-seva-tasca-en-la-reparacio-de-violencies-sexuals\\\/#breadcrumb\"},\"inLanguage\":\"ca\",\"potentialAction\":[{\"@type\":\"ReadAction\",\"target\":[\"https:\\\/\\\/www.sindicaturabarcelona.cat\\\/ca\\\/reconeixement-internacional-a-la-sindicatura-per-la-seva-tasca-en-la-reparacio-de-violencies-sexuals\\\/\"]}]},{\"@type\":\"ImageObject\",\"inLanguage\":\"ca\",\"@id\":\"https:\\\/\\\/www.sindicaturabarcelona.cat\\\/ca\\\/reconeixement-internacional-a-la-sindicatura-per-la-seva-tasca-en-la-reparacio-de-violencies-sexuals\\\/#primaryimage\",\"url\":\"https:\\\/\\\/www.sindicaturabarcelona.cat\\\/wp-content\\\/uploads\\\/IMG_0621.jpeg\",\"contentUrl\":\"https:\\\/\\\/www.sindicaturabarcelona.cat\\\/wp-content\\\/uploads\\\/IMG_0621.jpeg\",\"width\":1280,\"height\":855},{\"@type\":\"BreadcrumbList\",\"@id\":\"https:\\\/\\\/www.sindicaturabarcelona.cat\\\/ca\\\/reconeixement-internacional-a-la-sindicatura-per-la-seva-tasca-en-la-reparacio-de-violencies-sexuals\\\/#breadcrumb\",\"itemListElement\":[{\"@type\":\"ListItem\",\"position\":1,\"name\":\"Inici\",\"item\":\"https:\\\/\\\/www.sindicaturabarcelona.cat\\\/ca\\\/\"},{\"@type\":\"ListItem\",\"position\":2,\"name\":\"Reconeixement internacional a la Sindicatura per la seva tasca en la reparaci\u00f3 de viol\u00e8ncies sexuals\"}]},{\"@type\":\"WebSite\",\"@id\":\"https:\\\/\\\/www.sindicaturabarcelona.cat\\\/ca\\\/#website\",\"url\":\"https:\\\/\\\/www.sindicaturabarcelona.cat\\\/ca\\\/\",\"name\":\"Sindicatura de Greuges de Barcelona\",\"description\":\"La defensoria dels teus drets\",\"publisher\":{\"@id\":\"https:\\\/\\\/www.sindicaturabarcelona.cat\\\/ca\\\/#organization\"},\"potentialAction\":[{\"@type\":\"SearchAction\",\"target\":{\"@type\":\"EntryPoint\",\"urlTemplate\":\"https:\\\/\\\/www.sindicaturabarcelona.cat\\\/ca\\\/?s={search_term_string}\"},\"query-input\":{\"@type\":\"PropertyValueSpecification\",\"valueRequired\":true,\"valueName\":\"search_term_string\"}}],\"inLanguage\":\"ca\"},{\"@type\":\"Organization\",\"@id\":\"https:\\\/\\\/www.sindicaturabarcelona.cat\\\/ca\\\/#organization\",\"name\":\"Sindicatura de Greuges de Barcelona\",\"url\":\"https:\\\/\\\/www.sindicaturabarcelona.cat\\\/ca\\\/\",\"logo\":{\"@type\":\"ImageObject\",\"inLanguage\":\"ca\",\"@id\":\"https:\\\/\\\/www.sindicaturabarcelona.cat\\\/ca\\\/#\\\/schema\\\/logo\\\/image\\\/\",\"url\":\"https:\\\/\\\/www.sindicaturabarcelona.cat\\\/wp-content\\\/uploads\\\/2023\\\/02\\\/logo_sindicatura.svg\",\"contentUrl\":\"https:\\\/\\\/www.sindicaturabarcelona.cat\\\/wp-content\\\/uploads\\\/2023\\\/02\\\/logo_sindicatura.svg\",\"caption\":\"Sindicatura de Greuges de Barcelona\"},\"image\":{\"@id\":\"https:\\\/\\\/www.sindicaturabarcelona.cat\\\/ca\\\/#\\\/schema\\\/logo\\\/image\\\/\"},\"sameAs\":[\"https:\\\/\\\/x.com\\\/sindicbarcelona\",\"https:\\\/\\\/www.instagram.com\\\/sindicbarcelona\\\/\",\"https:\\\/\\\/www.tiktok.com\\\/@sindicaturabcn\",\"https:\\\/\\\/t.me\\\/sindicaturabarcelona\"]},{\"@type\":\"Person\",\"@id\":\"https:\\\/\\\/www.sindicaturabarcelona.cat\\\/ca\\\/#\\\/schema\\\/person\\\/0e5acffc350ffdbc97578159322c9452\",\"name\":\"Pablo\",\"image\":{\"@type\":\"ImageObject\",\"inLanguage\":\"ca\",\"@id\":\"https:\\\/\\\/secure.gravatar.com\\\/avatar\\\/c948169b402ef9492afde705c3dfd5e90e1a6a84ef6840a91124f805a25a480f?s=96&d=mm&r=g\",\"url\":\"https:\\\/\\\/secure.gravatar.com\\\/avatar\\\/c948169b402ef9492afde705c3dfd5e90e1a6a84ef6840a91124f805a25a480f?s=96&d=mm&r=g\",\"contentUrl\":\"https:\\\/\\\/secure.gravatar.com\\\/avatar\\\/c948169b402ef9492afde705c3dfd5e90e1a6a84ef6840a91124f805a25a480f?s=96&d=mm&r=g\",\"caption\":\"Pablo\"},\"url\":\"https:\\\/\\\/www.sindicaturabarcelona.cat\\\/ca\\\/author\\\/pablo\\\/\"}]}<\/script>\n<!-- \/ Yoast SEO plugin. -->","yoast_head_json":{"title":"Reconeixement internacional a la Sindicatura per la seva tasca en la reparaci\u00f3 de viol\u00e8ncies sexuals - Sindicatura de Greuges de Barcelona","description":"La pr\u00e0ctica reconeguda posa el focus en la Comissi\u00f3 de Reparaci\u00f3 impulsada per la Sindicatura de Greuges de Barcelona, un mecanisme d\u2019escolta, acompanyament i reconeixement per a persones supervivents de viol\u00e8ncies sexuals, que culmina amb un acte p\u00fablic pioner de disculpa institucional i assumpci\u00f3 de responsabilitats.","robots":{"index":"index","follow":"follow","max-snippet":"max-snippet:-1","max-image-preview":"max-image-preview:large","max-video-preview":"max-video-preview:-1"},"canonical":"https:\/\/www.sindicaturabarcelona.cat\/ca\/reconeixement-internacional-a-la-sindicatura-per-la-seva-tasca-en-la-reparacio-de-violencies-sexuals\/","og_locale":"ca_ES","og_type":"article","og_title":"Reconeixement internacional a la Sindicatura per la seva tasca en la reparaci\u00f3 de viol\u00e8ncies sexuals - Sindicatura de Greuges de Barcelona","og_description":"La pr\u00e0ctica reconeguda posa el focus en la Comissi\u00f3 de Reparaci\u00f3 impulsada per la Sindicatura de Greuges de Barcelona, un mecanisme d\u2019escolta, acompanyament i reconeixement per a persones supervivents de viol\u00e8ncies sexuals, que culmina amb un acte p\u00fablic pioner de disculpa institucional i assumpci\u00f3 de responsabilitats.","og_url":"https:\/\/www.sindicaturabarcelona.cat\/ca\/reconeixement-internacional-a-la-sindicatura-per-la-seva-tasca-en-la-reparacio-de-violencies-sexuals\/","og_site_name":"Sindicatura de Greuges de Barcelona","article_published_time":"2026-06-17T05:30:00+00:00","article_modified_time":"2026-06-17T05:40:04+00:00","og_image":[{"width":1280,"height":855,"url":"https:\/\/www.sindicaturabarcelona.cat\/wp-content\/uploads\/IMG_0621.jpeg","type":"image\/jpeg"}],"author":"Pablo","twitter_card":"summary_large_image","twitter_creator":"@sindicbarcelona","twitter_site":"@sindicbarcelona","twitter_misc":{"Escrit per":"Pablo","Temps estimat de lectura":"5 minuts"},"schema":{"@context":"https:\/\/schema.org","@graph":[{"@type":"Article","@id":"https:\/\/www.sindicaturabarcelona.cat\/ca\/reconeixement-internacional-a-la-sindicatura-per-la-seva-tasca-en-la-reparacio-de-violencies-sexuals\/#article","isPartOf":{"@id":"https:\/\/www.sindicaturabarcelona.cat\/ca\/reconeixement-internacional-a-la-sindicatura-per-la-seva-tasca-en-la-reparacio-de-violencies-sexuals\/"},"author":{"name":"Pablo","@id":"https:\/\/www.sindicaturabarcelona.cat\/ca\/#\/schema\/person\/0e5acffc350ffdbc97578159322c9452"},"headline":"Reconeixement internacional a la Sindicatura per la seva tasca en la reparaci\u00f3 de viol\u00e8ncies sexuals","datePublished":"2026-06-17T05:30:00+00:00","dateModified":"2026-06-17T05:40:04+00:00","mainEntityOfPage":{"@id":"https:\/\/www.sindicaturabarcelona.cat\/ca\/reconeixement-internacional-a-la-sindicatura-per-la-seva-tasca-en-la-reparacio-de-violencies-sexuals\/"},"wordCount":819,"publisher":{"@id":"https:\/\/www.sindicaturabarcelona.cat\/ca\/#organization"},"image":{"@id":"https:\/\/www.sindicaturabarcelona.cat\/ca\/reconeixement-internacional-a-la-sindicatura-per-la-seva-tasca-en-la-reparacio-de-violencies-sexuals\/#primaryimage"},"thumbnailUrl":"https:\/\/www.sindicaturabarcelona.cat\/wp-content\/uploads\/IMG_0621.jpeg","inLanguage":"ca"},{"@type":"WebPage","@id":"https:\/\/www.sindicaturabarcelona.cat\/ca\/reconeixement-internacional-a-la-sindicatura-per-la-seva-tasca-en-la-reparacio-de-violencies-sexuals\/","url":"https:\/\/www.sindicaturabarcelona.cat\/ca\/reconeixement-internacional-a-la-sindicatura-per-la-seva-tasca-en-la-reparacio-de-violencies-sexuals\/","name":"Reconeixement internacional a la Sindicatura per la seva tasca en la reparaci\u00f3 de viol\u00e8ncies sexuals - Sindicatura de Greuges de Barcelona","isPartOf":{"@id":"https:\/\/www.sindicaturabarcelona.cat\/ca\/#website"},"primaryImageOfPage":{"@id":"https:\/\/www.sindicaturabarcelona.cat\/ca\/reconeixement-internacional-a-la-sindicatura-per-la-seva-tasca-en-la-reparacio-de-violencies-sexuals\/#primaryimage"},"image":{"@id":"https:\/\/www.sindicaturabarcelona.cat\/ca\/reconeixement-internacional-a-la-sindicatura-per-la-seva-tasca-en-la-reparacio-de-violencies-sexuals\/#primaryimage"},"thumbnailUrl":"https:\/\/www.sindicaturabarcelona.cat\/wp-content\/uploads\/IMG_0621.jpeg","datePublished":"2026-06-17T05:30:00+00:00","dateModified":"2026-06-17T05:40:04+00:00","description":"La pr\u00e0ctica reconeguda posa el focus en la Comissi\u00f3 de Reparaci\u00f3 impulsada per la Sindicatura de Greuges de Barcelona, un mecanisme d\u2019escolta, acompanyament i reconeixement per a persones supervivents de viol\u00e8ncies sexuals, que culmina amb un acte p\u00fablic pioner de disculpa institucional i assumpci\u00f3 de responsabilitats.","breadcrumb":{"@id":"https:\/\/www.sindicaturabarcelona.cat\/ca\/reconeixement-internacional-a-la-sindicatura-per-la-seva-tasca-en-la-reparacio-de-violencies-sexuals\/#breadcrumb"},"inLanguage":"ca","potentialAction":[{"@type":"ReadAction","target":["https:\/\/www.sindicaturabarcelona.cat\/ca\/reconeixement-internacional-a-la-sindicatura-per-la-seva-tasca-en-la-reparacio-de-violencies-sexuals\/"]}]},{"@type":"ImageObject","inLanguage":"ca","@id":"https:\/\/www.sindicaturabarcelona.cat\/ca\/reconeixement-internacional-a-la-sindicatura-per-la-seva-tasca-en-la-reparacio-de-violencies-sexuals\/#primaryimage","url":"https:\/\/www.sindicaturabarcelona.cat\/wp-content\/uploads\/IMG_0621.jpeg","contentUrl":"https:\/\/www.sindicaturabarcelona.cat\/wp-content\/uploads\/IMG_0621.jpeg","width":1280,"height":855},{"@type":"BreadcrumbList","@id":"https:\/\/www.sindicaturabarcelona.cat\/ca\/reconeixement-internacional-a-la-sindicatura-per-la-seva-tasca-en-la-reparacio-de-violencies-sexuals\/#breadcrumb","itemListElement":[{"@type":"ListItem","position":1,"name":"Inici","item":"https:\/\/www.sindicaturabarcelona.cat\/ca\/"},{"@type":"ListItem","position":2,"name":"Reconeixement internacional a la Sindicatura per la seva tasca en la reparaci\u00f3 de viol\u00e8ncies sexuals"}]},{"@type":"WebSite","@id":"https:\/\/www.sindicaturabarcelona.cat\/ca\/#website","url":"https:\/\/www.sindicaturabarcelona.cat\/ca\/","name":"Sindicatura de Greuges de Barcelona","description":"La defensoria dels teus drets","publisher":{"@id":"https:\/\/www.sindicaturabarcelona.cat\/ca\/#organization"},"potentialAction":[{"@type":"SearchAction","target":{"@type":"EntryPoint","urlTemplate":"https:\/\/www.sindicaturabarcelona.cat\/ca\/?s={search_term_string}"},"query-input":{"@type":"PropertyValueSpecification","valueRequired":true,"valueName":"search_term_string"}}],"inLanguage":"ca"},{"@type":"Organization","@id":"https:\/\/www.sindicaturabarcelona.cat\/ca\/#organization","name":"Sindicatura de Greuges de Barcelona","url":"https:\/\/www.sindicaturabarcelona.cat\/ca\/","logo":{"@type":"ImageObject","inLanguage":"ca","@id":"https:\/\/www.sindicaturabarcelona.cat\/ca\/#\/schema\/logo\/image\/","url":"https:\/\/www.sindicaturabarcelona.cat\/wp-content\/uploads\/2023\/02\/logo_sindicatura.svg","contentUrl":"https:\/\/www.sindicaturabarcelona.cat\/wp-content\/uploads\/2023\/02\/logo_sindicatura.svg","caption":"Sindicatura de Greuges de Barcelona"},"image":{"@id":"https:\/\/www.sindicaturabarcelona.cat\/ca\/#\/schema\/logo\/image\/"},"sameAs":["https:\/\/x.com\/sindicbarcelona","https:\/\/www.instagram.com\/sindicbarcelona\/","https:\/\/www.tiktok.com\/@sindicaturabcn","https:\/\/t.me\/sindicaturabarcelona"]},{"@type":"Person","@id":"https:\/\/www.sindicaturabarcelona.cat\/ca\/#\/schema\/person\/0e5acffc350ffdbc97578159322c9452","name":"Pablo","image":{"@type":"ImageObject","inLanguage":"ca","@id":"https:\/\/secure.gravatar.com\/avatar\/c948169b402ef9492afde705c3dfd5e90e1a6a84ef6840a91124f805a25a480f?s=96&d=mm&r=g","url":"https:\/\/secure.gravatar.com\/avatar\/c948169b402ef9492afde705c3dfd5e90e1a6a84ef6840a91124f805a25a480f?s=96&d=mm&r=g","contentUrl":"https:\/\/secure.gravatar.com\/avatar\/c948169b402ef9492afde705c3dfd5e90e1a6a84ef6840a91124f805a25a480f?s=96&d=mm&r=g","caption":"Pablo"},"url":"https:\/\/www.sindicaturabarcelona.cat\/ca\/author\/pablo\/"}]}},"_links":{"self":[{"href":"https:\/\/www.sindicaturabarcelona.cat\/ca\/wp-json\/wp\/v2\/posts\/43132","targetHints":{"allow":["GET"]}}],"collection":[{"href":"https:\/\/www.sindicaturabarcelona.cat\/ca\/wp-json\/wp\/v2\/posts"}],"about":[{"href":"https:\/\/www.sindicaturabarcelona.cat\/ca\/wp-json\/wp\/v2\/types\/post"}],"author":[{"embeddable":true,"href":"https:\/\/www.sindicaturabarcelona.cat\/ca\/wp-json\/wp\/v2\/users\/2"}],"replies":[{"embeddable":true,"href":"https:\/\/www.sindicaturabarcelona.cat\/ca\/wp-json\/wp\/v2\/comments?post=43132"}],"version-history":[{"count":3,"href":"https:\/\/www.sindicaturabarcelona.cat\/ca\/wp-json\/wp\/v2\/posts\/43132\/revisions"}],"predecessor-version":[{"id":43150,"href":"https:\/\/www.sindicaturabarcelona.cat\/ca\/wp-json\/wp\/v2\/posts\/43132\/revisions\/43150"}],"wp:featuredmedia":[{"embeddable":true,"href":"https:\/\/www.sindicaturabarcelona.cat\/ca\/wp-json\/wp\/v2\/media\/34293"}],"wp:attachment":[{"href":"https:\/\/www.sindicaturabarcelona.cat\/ca\/wp-json\/wp\/v2\/media?parent=43132"}],"wp:term":[{"taxonomy":"post_tag","embeddable":true,"href":"https:\/\/www.sindicaturabarcelona.cat\/ca\/wp-json\/wp\/v2\/tags?post=43132"},{"taxonomy":"drets","embeddable":true,"href":"https:\/\/www.sindicaturabarcelona.cat\/ca\/wp-json\/wp\/v2\/drets?post=43132"}],"curies":[{"name":"wp","href":"https:\/\/api.w.org\/{rel}","templated":true}]}}