{"id":43010,"date":"2026-06-08T15:36:47","date_gmt":"2026-06-08T13:36:47","guid":{"rendered":"https:\/\/www.sindicaturabarcelona.cat\/?p=43010"},"modified":"2026-06-11T16:07:33","modified_gmt":"2026-06-11T14:07:33","slug":"tres-espais-de-debat-entre-les-candidatures-a-la-sindicatura-de-greuges-de-barcelona-en-el-marc-del-proces-participatiu","status":"publish","type":"post","link":"https:\/\/www.sindicaturabarcelona.cat\/ca\/tres-espais-de-debat-entre-les-candidatures-a-la-sindicatura-de-greuges-de-barcelona-en-el-marc-del-proces-participatiu\/","title":{"rendered":"Tres espais de debat entre les candidatures a la Sindicatura de Greuges de Barcelona en el marc del proc\u00e9s participatiu"},"content":{"rendered":"\n<p><strong>Barcelona, 8 de juny de 2026<\/strong> \u2014 En el marc de la fase de recollida de suports a les candidatures a la Sindicatura de Greuges de Barcelona, <a href=\"https:\/\/www.decidim.barcelona\/processes\/elecciosindicaturaBCN\" target=\"_blank\" rel=\"noreferrer noopener\">que es desenvolupa durant el mes de juny a trav\u00e9s de la plataforma Decidim.Barcelona<\/a>, <strong>en els pr\u00f2xims dies tindran lloc tres espais de debat p\u00fablic entre les dues candidatures<\/strong>: <strong>David&nbsp;Bondia<\/strong>, actual s\u00edndic de greuges de Barcelona, i <strong>Gemma Calvet<\/strong>, advocada i consultora.&nbsp;<\/p>\n\n\n\n<p>Aquests debats tenen com a objectiu <strong>acostar les candidatures a la ciutadania i al teixit associatiu, i facilitar el coneixement dels seus respectius programes i propostes<\/strong>. Els espais volen esdevenir una oportunitat per escoltar, contrastar idees i fomentar la participaci\u00f3 informada en aquest proc\u00e9s.<\/p>\n\n\n\n<p>Amb aquesta iniciativa es refor\u00e7a el car\u00e0cter participatiu, obert i transparent del proc\u00e9s, adre\u00e7at a les persones empadronades a Barcelona majors de 16 anys i a les entitats inscrites al Registre d\u2019Entitats Municipals.<\/p>\n\n\n\n<p>La celebraci\u00f3 d\u2019aquests debats complementa <a href=\"https:\/\/www.decidim.barcelona\/processes\/elecciosindicaturaBCN\/f\/7138\/meetings\" target=\"_blank\" rel=\"noreferrer noopener\">els punts d\u2019acompanyament presencial habilitats als deu districtes de la ciutat<\/a>, que continuen donant suport i orientaci\u00f3 durant tota la fase de recollida de suports, oberta fins al 30 de juny.<\/p>\n\n\n\n<h2 class=\"wp-block-heading\"><strong>Debat al Consell de Ciutat: dimarts 9 de juny a les 18 h<\/strong><\/h2>\n\n\n\n<p>El primer espai de debat es desenvolupar\u00e0 en el marc del Consell de Ciutat de l\u2019Ajuntament de Barcelona, el principal \u00f2rgan de participaci\u00f3 ciutadana de la ciutat, que aplega representants del teixit social, econ\u00f2mic i associatiu. Aquest entorn ofereix un espai idoni per al contrast de propostes davant d\u2019una representaci\u00f3 \u00e0mplia i plural de la ciutadania, afavorint un debat rigor\u00f3s i connectat amb les diverses sensibilitats i realitats de Barcelona.<\/p>\n\n\n\n<h2 class=\"wp-block-heading\"><strong>Trobada virtual organitzada pel Grup de Defensa Col\u00b7lectiva davant les Administracions: dimecres 10 de juny a les 17.30 h <\/strong><a href=\"https:\/\/oficina-cab.commonscloud.coop\/apps\/forms\/s\/XN7zNeCkFcNQNyQBkaFHYZkq\" target=\"_blank\" rel=\"noreferrer noopener\"><strong>(requereix inscripci\u00f3)<\/strong><\/a><\/h2>\n\n\n\n<p>El segon espai de trobada consistir\u00e0 en <strong>una sessi\u00f3 virtual amb cadascuna de les candidatures<\/strong>, organitzada pel Grup de Defensa Col\u00b7lectiva davant les Administracions, integrat per diverses entitats del teixit social i associatiu de la ciutat. El format preveu dues converses consecutives, de 45 minuts cadascuna, que permetran aprofundir en els programes i plantejaments. Aquesta sessi\u00f3, <a href=\"https:\/\/oficina-cab.commonscloud.coop\/apps\/forms\/s\/XN7zNeCkFcNQNyQBkaFHYZkq\" target=\"_blank\" rel=\"noreferrer noopener\"><strong>oberta amb inscripci\u00f3 pr\u00e8via<\/strong><\/a>, facilitar\u00e0 un espai de coneixement detallat i reflexiu de les propostes de les candidatures.<\/p>\n\n\n\n<h2 class=\"wp-block-heading\"><strong>Debat a Betev\u00e9: dimecres 17 de juny (horari per definir)<\/strong><\/h2>\n\n\n\n<p>El tercer espai de debat tindr\u00e0 lloc a la televisi\u00f3 p\u00fablica de Barcelona, Betev\u00e9, amb l\u2019objectiu d\u2019ampliar l\u2019abast i la visibilitat del proc\u00e9s participatiu. Aquest debat permetr\u00e0 a la ciutadania con\u00e8ixer de primera m\u00e0 les dues candidatures i contrastar els seus plantejaments en un format accessible i obert. L\u2019emissi\u00f3 contribuir\u00e0 a facilitar el seguiment del proc\u00e9s a trav\u00e9s d\u2019un mitj\u00e0 de gran proximitat i servei p\u00fablic.<\/p>\n\n\n\n<h2 class=\"wp-block-heading\"><strong>Enlla\u00e7os d\u2019inter\u00e8s:<\/strong><\/h2>\n\n\n\n<ul class=\"wp-block-list\">\n<li><a href=\"https:\/\/ajbcn-decidim-barcelona.s3.eu-west-1.amazonaws.com\/j7xtqujqqakf91cuygglenyx2oel\" target=\"_blank\" rel=\"noreferrer noopener\">Programa electoral de la candidatura de David Bondia<\/a><\/li>\n\n\n\n<li><a href=\"https:\/\/ajbcn-decidim-barcelona.s3.eu-west-1.amazonaws.com\/p2ts1qxuzmo4a6lrfun74uvmwfh3\" target=\"_blank\" rel=\"noreferrer noopener\">Programa electoral de la candidatura de Gemma Calvet<\/a><\/li>\n\n\n\n<li><a href=\"https:\/\/www.decidim.barcelona\/processes\/elecciosindicaturaBCN\/f\/7149\/proposals\" target=\"_blank\" rel=\"noreferrer noopener\">Suport ciutad\u00e0 a qualsevol de les dues candidatures<\/a><\/li>\n\n\n\n<li><a href=\"http:\/\/www.decidim.barcelona\/processes\/elecciosindicaturaBCN\/f\/7162\/surveys\/817\" target=\"_blank\" rel=\"noreferrer noopener\">Formulari d&#8217;adhesi\u00f3 per a entitats<\/a><\/li>\n<\/ul>\n\n\n\n<p style=\"font-size:13px\">*Aquest article ha estat elaborat amb l&#8217;assist\u00e8ncia de l&#8217;eina Copilot de l&#8217;Ajuntament de Barcelona.<\/p>\n","protected":false},"excerpt":{"rendered":"<p>Barcelona, 8 de juny de 2026 \u2014 En el marc de la fase de recollida de suports a les candidatures a la Sindicatura de Greuges de Barcelona, que es desenvolupa [&hellip;]<\/p>\n","protected":false},"author":2,"featured_media":43011,"comment_status":"closed","ping_status":"closed","sticky":false,"template":"","format":"standard","meta":{"_acf_changed":false,"footnotes":""},"tags":[],"drets":[],"class_list":["post-43010","post","type-post","status-publish","format-standard","has-post-thumbnail","hentry"],"acf":[],"yoast_head":"<!-- This site is optimized with the Yoast SEO plugin v27.5 - https:\/\/yoast.com\/product\/yoast-seo-wordpress\/ -->\n<title>Tres espais de debat entre les candidatures a la Sindicatura de Greuges de Barcelona en el marc del proc\u00e9s participatiu - Sindicatura de Greuges de Barcelona<\/title>\n<meta name=\"description\" content=\"En els pr\u00f2xims dies tindran lloc tres espais de debat p\u00fablic entre les dues candidatures: David\u00a0Bondia, actual s\u00edndic de greuges de Barcelona, i Gemma Calvet, advocada i consultora.\u00a0\" \/>\n<meta name=\"robots\" content=\"index, follow, max-snippet:-1, max-image-preview:large, max-video-preview:-1\" \/>\n<link rel=\"canonical\" href=\"https:\/\/www.sindicaturabarcelona.cat\/ca\/tres-espais-de-debat-entre-les-candidatures-a-la-sindicatura-de-greuges-de-barcelona-en-el-marc-del-proces-participatiu\/\" \/>\n<meta property=\"og:locale\" content=\"ca_ES\" \/>\n<meta property=\"og:type\" content=\"article\" \/>\n<meta property=\"og:title\" content=\"Tres espais de debat entre les candidatures a la Sindicatura de Greuges de Barcelona en el marc del proc\u00e9s participatiu - Sindicatura de Greuges de Barcelona\" \/>\n<meta property=\"og:description\" content=\"En els pr\u00f2xims dies tindran lloc tres espais de debat p\u00fablic entre les dues candidatures: David\u00a0Bondia, actual s\u00edndic de greuges de Barcelona, i Gemma Calvet, advocada i consultora.\u00a0\" \/>\n<meta property=\"og:url\" content=\"https:\/\/www.sindicaturabarcelona.cat\/ca\/tres-espais-de-debat-entre-les-candidatures-a-la-sindicatura-de-greuges-de-barcelona-en-el-marc-del-proces-participatiu\/\" \/>\n<meta property=\"og:site_name\" content=\"Sindicatura de Greuges de Barcelona\" \/>\n<meta property=\"article:published_time\" content=\"2026-06-08T13:36:47+00:00\" \/>\n<meta property=\"article:modified_time\" content=\"2026-06-11T14:07:33+00:00\" \/>\n<meta property=\"og:image\" content=\"https:\/\/www.sindicaturabarcelona.cat\/wp-content\/uploads\/Debats-Sindicatura.jpg\" \/>\n\t<meta property=\"og:image:width\" content=\"1280\" \/>\n\t<meta property=\"og:image:height\" content=\"853\" \/>\n\t<meta property=\"og:image:type\" content=\"image\/jpeg\" \/>\n<meta name=\"author\" content=\"Pablo\" \/>\n<meta name=\"twitter:card\" content=\"summary_large_image\" \/>\n<meta name=\"twitter:creator\" content=\"@sindicbarcelona\" \/>\n<meta name=\"twitter:site\" content=\"@sindicbarcelona\" \/>\n<meta name=\"twitter:label1\" content=\"Escrit per\" \/>\n\t<meta name=\"twitter:data1\" content=\"Pablo\" \/>\n\t<meta name=\"twitter:label2\" content=\"Temps estimat de lectura\" \/>\n\t<meta name=\"twitter:data2\" content=\"3 minuts\" \/>\n<script type=\"application\/ld+json\" class=\"yoast-schema-graph\">{\"@context\":\"https:\\\/\\\/schema.org\",\"@graph\":[{\"@type\":\"Article\",\"@id\":\"https:\\\/\\\/www.sindicaturabarcelona.cat\\\/ca\\\/tres-espais-de-debat-entre-les-candidatures-a-la-sindicatura-de-greuges-de-barcelona-en-el-marc-del-proces-participatiu\\\/#article\",\"isPartOf\":{\"@id\":\"https:\\\/\\\/www.sindicaturabarcelona.cat\\\/ca\\\/tres-espais-de-debat-entre-les-candidatures-a-la-sindicatura-de-greuges-de-barcelona-en-el-marc-del-proces-participatiu\\\/\"},\"author\":{\"name\":\"Pablo\",\"@id\":\"https:\\\/\\\/www.sindicaturabarcelona.cat\\\/ca\\\/#\\\/schema\\\/person\\\/0e5acffc350ffdbc97578159322c9452\"},\"headline\":\"Tres espais de debat entre les candidatures a la Sindicatura de Greuges de Barcelona en el marc del proc\u00e9s participatiu\",\"datePublished\":\"2026-06-08T13:36:47+00:00\",\"dateModified\":\"2026-06-11T14:07:33+00:00\",\"mainEntityOfPage\":{\"@id\":\"https:\\\/\\\/www.sindicaturabarcelona.cat\\\/ca\\\/tres-espais-de-debat-entre-les-candidatures-a-la-sindicatura-de-greuges-de-barcelona-en-el-marc-del-proces-participatiu\\\/\"},\"wordCount\":533,\"publisher\":{\"@id\":\"https:\\\/\\\/www.sindicaturabarcelona.cat\\\/ca\\\/#organization\"},\"image\":{\"@id\":\"https:\\\/\\\/www.sindicaturabarcelona.cat\\\/ca\\\/tres-espais-de-debat-entre-les-candidatures-a-la-sindicatura-de-greuges-de-barcelona-en-el-marc-del-proces-participatiu\\\/#primaryimage\"},\"thumbnailUrl\":\"https:\\\/\\\/www.sindicaturabarcelona.cat\\\/wp-content\\\/uploads\\\/Debats-Sindicatura.jpg\",\"inLanguage\":\"ca\"},{\"@type\":\"WebPage\",\"@id\":\"https:\\\/\\\/www.sindicaturabarcelona.cat\\\/ca\\\/tres-espais-de-debat-entre-les-candidatures-a-la-sindicatura-de-greuges-de-barcelona-en-el-marc-del-proces-participatiu\\\/\",\"url\":\"https:\\\/\\\/www.sindicaturabarcelona.cat\\\/ca\\\/tres-espais-de-debat-entre-les-candidatures-a-la-sindicatura-de-greuges-de-barcelona-en-el-marc-del-proces-participatiu\\\/\",\"name\":\"Tres espais de debat entre les candidatures a la Sindicatura de Greuges de Barcelona en el marc del proc\u00e9s participatiu - Sindicatura de Greuges de Barcelona\",\"isPartOf\":{\"@id\":\"https:\\\/\\\/www.sindicaturabarcelona.cat\\\/ca\\\/#website\"},\"primaryImageOfPage\":{\"@id\":\"https:\\\/\\\/www.sindicaturabarcelona.cat\\\/ca\\\/tres-espais-de-debat-entre-les-candidatures-a-la-sindicatura-de-greuges-de-barcelona-en-el-marc-del-proces-participatiu\\\/#primaryimage\"},\"image\":{\"@id\":\"https:\\\/\\\/www.sindicaturabarcelona.cat\\\/ca\\\/tres-espais-de-debat-entre-les-candidatures-a-la-sindicatura-de-greuges-de-barcelona-en-el-marc-del-proces-participatiu\\\/#primaryimage\"},\"thumbnailUrl\":\"https:\\\/\\\/www.sindicaturabarcelona.cat\\\/wp-content\\\/uploads\\\/Debats-Sindicatura.jpg\",\"datePublished\":\"2026-06-08T13:36:47+00:00\",\"dateModified\":\"2026-06-11T14:07:33+00:00\",\"description\":\"En els pr\u00f2xims dies tindran lloc tres espais de debat p\u00fablic entre les dues candidatures: David\u00a0Bondia, actual s\u00edndic de greuges de Barcelona, i Gemma Calvet, advocada i consultora.\u00a0\",\"breadcrumb\":{\"@id\":\"https:\\\/\\\/www.sindicaturabarcelona.cat\\\/ca\\\/tres-espais-de-debat-entre-les-candidatures-a-la-sindicatura-de-greuges-de-barcelona-en-el-marc-del-proces-participatiu\\\/#breadcrumb\"},\"inLanguage\":\"ca\",\"potentialAction\":[{\"@type\":\"ReadAction\",\"target\":[\"https:\\\/\\\/www.sindicaturabarcelona.cat\\\/ca\\\/tres-espais-de-debat-entre-les-candidatures-a-la-sindicatura-de-greuges-de-barcelona-en-el-marc-del-proces-participatiu\\\/\"]}]},{\"@type\":\"ImageObject\",\"inLanguage\":\"ca\",\"@id\":\"https:\\\/\\\/www.sindicaturabarcelona.cat\\\/ca\\\/tres-espais-de-debat-entre-les-candidatures-a-la-sindicatura-de-greuges-de-barcelona-en-el-marc-del-proces-participatiu\\\/#primaryimage\",\"url\":\"https:\\\/\\\/www.sindicaturabarcelona.cat\\\/wp-content\\\/uploads\\\/Debats-Sindicatura.jpg\",\"contentUrl\":\"https:\\\/\\\/www.sindicaturabarcelona.cat\\\/wp-content\\\/uploads\\\/Debats-Sindicatura.jpg\",\"width\":1280,\"height\":853},{\"@type\":\"BreadcrumbList\",\"@id\":\"https:\\\/\\\/www.sindicaturabarcelona.cat\\\/ca\\\/tres-espais-de-debat-entre-les-candidatures-a-la-sindicatura-de-greuges-de-barcelona-en-el-marc-del-proces-participatiu\\\/#breadcrumb\",\"itemListElement\":[{\"@type\":\"ListItem\",\"position\":1,\"name\":\"Inici\",\"item\":\"https:\\\/\\\/www.sindicaturabarcelona.cat\\\/ca\\\/\"},{\"@type\":\"ListItem\",\"position\":2,\"name\":\"Tres espais de debat entre les candidatures a la Sindicatura de Greuges de Barcelona en el marc del proc\u00e9s participatiu\"}]},{\"@type\":\"WebSite\",\"@id\":\"https:\\\/\\\/www.sindicaturabarcelona.cat\\\/ca\\\/#website\",\"url\":\"https:\\\/\\\/www.sindicaturabarcelona.cat\\\/ca\\\/\",\"name\":\"Sindicatura de Greuges de Barcelona\",\"description\":\"La defensoria dels teus drets\",\"publisher\":{\"@id\":\"https:\\\/\\\/www.sindicaturabarcelona.cat\\\/ca\\\/#organization\"},\"potentialAction\":[{\"@type\":\"SearchAction\",\"target\":{\"@type\":\"EntryPoint\",\"urlTemplate\":\"https:\\\/\\\/www.sindicaturabarcelona.cat\\\/ca\\\/?s={search_term_string}\"},\"query-input\":{\"@type\":\"PropertyValueSpecification\",\"valueRequired\":true,\"valueName\":\"search_term_string\"}}],\"inLanguage\":\"ca\"},{\"@type\":\"Organization\",\"@id\":\"https:\\\/\\\/www.sindicaturabarcelona.cat\\\/ca\\\/#organization\",\"name\":\"Sindicatura de Greuges de Barcelona\",\"url\":\"https:\\\/\\\/www.sindicaturabarcelona.cat\\\/ca\\\/\",\"logo\":{\"@type\":\"ImageObject\",\"inLanguage\":\"ca\",\"@id\":\"https:\\\/\\\/www.sindicaturabarcelona.cat\\\/ca\\\/#\\\/schema\\\/logo\\\/image\\\/\",\"url\":\"https:\\\/\\\/www.sindicaturabarcelona.cat\\\/wp-content\\\/uploads\\\/2023\\\/02\\\/logo_sindicatura.svg\",\"contentUrl\":\"https:\\\/\\\/www.sindicaturabarcelona.cat\\\/wp-content\\\/uploads\\\/2023\\\/02\\\/logo_sindicatura.svg\",\"caption\":\"Sindicatura de Greuges de Barcelona\"},\"image\":{\"@id\":\"https:\\\/\\\/www.sindicaturabarcelona.cat\\\/ca\\\/#\\\/schema\\\/logo\\\/image\\\/\"},\"sameAs\":[\"https:\\\/\\\/x.com\\\/sindicbarcelona\",\"https:\\\/\\\/www.instagram.com\\\/sindicbarcelona\\\/\",\"https:\\\/\\\/www.tiktok.com\\\/@sindicaturabcn\",\"https:\\\/\\\/t.me\\\/sindicaturabarcelona\"]},{\"@type\":\"Person\",\"@id\":\"https:\\\/\\\/www.sindicaturabarcelona.cat\\\/ca\\\/#\\\/schema\\\/person\\\/0e5acffc350ffdbc97578159322c9452\",\"name\":\"Pablo\",\"image\":{\"@type\":\"ImageObject\",\"inLanguage\":\"ca\",\"@id\":\"https:\\\/\\\/secure.gravatar.com\\\/avatar\\\/c948169b402ef9492afde705c3dfd5e90e1a6a84ef6840a91124f805a25a480f?s=96&d=mm&r=g\",\"url\":\"https:\\\/\\\/secure.gravatar.com\\\/avatar\\\/c948169b402ef9492afde705c3dfd5e90e1a6a84ef6840a91124f805a25a480f?s=96&d=mm&r=g\",\"contentUrl\":\"https:\\\/\\\/secure.gravatar.com\\\/avatar\\\/c948169b402ef9492afde705c3dfd5e90e1a6a84ef6840a91124f805a25a480f?s=96&d=mm&r=g\",\"caption\":\"Pablo\"},\"url\":\"https:\\\/\\\/www.sindicaturabarcelona.cat\\\/ca\\\/author\\\/pablo\\\/\"}]}<\/script>\n<!-- \/ Yoast SEO plugin. -->","yoast_head_json":{"title":"Tres espais de debat entre les candidatures a la Sindicatura de Greuges de Barcelona en el marc del proc\u00e9s participatiu - Sindicatura de Greuges de Barcelona","description":"En els pr\u00f2xims dies tindran lloc tres espais de debat p\u00fablic entre les dues candidatures: David\u00a0Bondia, actual s\u00edndic de greuges de Barcelona, i Gemma Calvet, advocada i consultora.\u00a0","robots":{"index":"index","follow":"follow","max-snippet":"max-snippet:-1","max-image-preview":"max-image-preview:large","max-video-preview":"max-video-preview:-1"},"canonical":"https:\/\/www.sindicaturabarcelona.cat\/ca\/tres-espais-de-debat-entre-les-candidatures-a-la-sindicatura-de-greuges-de-barcelona-en-el-marc-del-proces-participatiu\/","og_locale":"ca_ES","og_type":"article","og_title":"Tres espais de debat entre les candidatures a la Sindicatura de Greuges de Barcelona en el marc del proc\u00e9s participatiu - Sindicatura de Greuges de Barcelona","og_description":"En els pr\u00f2xims dies tindran lloc tres espais de debat p\u00fablic entre les dues candidatures: David\u00a0Bondia, actual s\u00edndic de greuges de Barcelona, i Gemma Calvet, advocada i consultora.\u00a0","og_url":"https:\/\/www.sindicaturabarcelona.cat\/ca\/tres-espais-de-debat-entre-les-candidatures-a-la-sindicatura-de-greuges-de-barcelona-en-el-marc-del-proces-participatiu\/","og_site_name":"Sindicatura de Greuges de Barcelona","article_published_time":"2026-06-08T13:36:47+00:00","article_modified_time":"2026-06-11T14:07:33+00:00","og_image":[{"width":1280,"height":853,"url":"https:\/\/www.sindicaturabarcelona.cat\/wp-content\/uploads\/Debats-Sindicatura.jpg","type":"image\/jpeg"}],"author":"Pablo","twitter_card":"summary_large_image","twitter_creator":"@sindicbarcelona","twitter_site":"@sindicbarcelona","twitter_misc":{"Escrit per":"Pablo","Temps estimat de lectura":"3 minuts"},"schema":{"@context":"https:\/\/schema.org","@graph":[{"@type":"Article","@id":"https:\/\/www.sindicaturabarcelona.cat\/ca\/tres-espais-de-debat-entre-les-candidatures-a-la-sindicatura-de-greuges-de-barcelona-en-el-marc-del-proces-participatiu\/#article","isPartOf":{"@id":"https:\/\/www.sindicaturabarcelona.cat\/ca\/tres-espais-de-debat-entre-les-candidatures-a-la-sindicatura-de-greuges-de-barcelona-en-el-marc-del-proces-participatiu\/"},"author":{"name":"Pablo","@id":"https:\/\/www.sindicaturabarcelona.cat\/ca\/#\/schema\/person\/0e5acffc350ffdbc97578159322c9452"},"headline":"Tres espais de debat entre les candidatures a la Sindicatura de Greuges de Barcelona en el marc del proc\u00e9s participatiu","datePublished":"2026-06-08T13:36:47+00:00","dateModified":"2026-06-11T14:07:33+00:00","mainEntityOfPage":{"@id":"https:\/\/www.sindicaturabarcelona.cat\/ca\/tres-espais-de-debat-entre-les-candidatures-a-la-sindicatura-de-greuges-de-barcelona-en-el-marc-del-proces-participatiu\/"},"wordCount":533,"publisher":{"@id":"https:\/\/www.sindicaturabarcelona.cat\/ca\/#organization"},"image":{"@id":"https:\/\/www.sindicaturabarcelona.cat\/ca\/tres-espais-de-debat-entre-les-candidatures-a-la-sindicatura-de-greuges-de-barcelona-en-el-marc-del-proces-participatiu\/#primaryimage"},"thumbnailUrl":"https:\/\/www.sindicaturabarcelona.cat\/wp-content\/uploads\/Debats-Sindicatura.jpg","inLanguage":"ca"},{"@type":"WebPage","@id":"https:\/\/www.sindicaturabarcelona.cat\/ca\/tres-espais-de-debat-entre-les-candidatures-a-la-sindicatura-de-greuges-de-barcelona-en-el-marc-del-proces-participatiu\/","url":"https:\/\/www.sindicaturabarcelona.cat\/ca\/tres-espais-de-debat-entre-les-candidatures-a-la-sindicatura-de-greuges-de-barcelona-en-el-marc-del-proces-participatiu\/","name":"Tres espais de debat entre les candidatures a la Sindicatura de Greuges de Barcelona en el marc del proc\u00e9s participatiu - Sindicatura de Greuges de Barcelona","isPartOf":{"@id":"https:\/\/www.sindicaturabarcelona.cat\/ca\/#website"},"primaryImageOfPage":{"@id":"https:\/\/www.sindicaturabarcelona.cat\/ca\/tres-espais-de-debat-entre-les-candidatures-a-la-sindicatura-de-greuges-de-barcelona-en-el-marc-del-proces-participatiu\/#primaryimage"},"image":{"@id":"https:\/\/www.sindicaturabarcelona.cat\/ca\/tres-espais-de-debat-entre-les-candidatures-a-la-sindicatura-de-greuges-de-barcelona-en-el-marc-del-proces-participatiu\/#primaryimage"},"thumbnailUrl":"https:\/\/www.sindicaturabarcelona.cat\/wp-content\/uploads\/Debats-Sindicatura.jpg","datePublished":"2026-06-08T13:36:47+00:00","dateModified":"2026-06-11T14:07:33+00:00","description":"En els pr\u00f2xims dies tindran lloc tres espais de debat p\u00fablic entre les dues candidatures: David\u00a0Bondia, actual s\u00edndic de greuges de Barcelona, i Gemma Calvet, advocada i consultora.\u00a0","breadcrumb":{"@id":"https:\/\/www.sindicaturabarcelona.cat\/ca\/tres-espais-de-debat-entre-les-candidatures-a-la-sindicatura-de-greuges-de-barcelona-en-el-marc-del-proces-participatiu\/#breadcrumb"},"inLanguage":"ca","potentialAction":[{"@type":"ReadAction","target":["https:\/\/www.sindicaturabarcelona.cat\/ca\/tres-espais-de-debat-entre-les-candidatures-a-la-sindicatura-de-greuges-de-barcelona-en-el-marc-del-proces-participatiu\/"]}]},{"@type":"ImageObject","inLanguage":"ca","@id":"https:\/\/www.sindicaturabarcelona.cat\/ca\/tres-espais-de-debat-entre-les-candidatures-a-la-sindicatura-de-greuges-de-barcelona-en-el-marc-del-proces-participatiu\/#primaryimage","url":"https:\/\/www.sindicaturabarcelona.cat\/wp-content\/uploads\/Debats-Sindicatura.jpg","contentUrl":"https:\/\/www.sindicaturabarcelona.cat\/wp-content\/uploads\/Debats-Sindicatura.jpg","width":1280,"height":853},{"@type":"BreadcrumbList","@id":"https:\/\/www.sindicaturabarcelona.cat\/ca\/tres-espais-de-debat-entre-les-candidatures-a-la-sindicatura-de-greuges-de-barcelona-en-el-marc-del-proces-participatiu\/#breadcrumb","itemListElement":[{"@type":"ListItem","position":1,"name":"Inici","item":"https:\/\/www.sindicaturabarcelona.cat\/ca\/"},{"@type":"ListItem","position":2,"name":"Tres espais de debat entre les candidatures a la Sindicatura de Greuges de Barcelona en el marc del proc\u00e9s participatiu"}]},{"@type":"WebSite","@id":"https:\/\/www.sindicaturabarcelona.cat\/ca\/#website","url":"https:\/\/www.sindicaturabarcelona.cat\/ca\/","name":"Sindicatura de Greuges de Barcelona","description":"La defensoria dels teus drets","publisher":{"@id":"https:\/\/www.sindicaturabarcelona.cat\/ca\/#organization"},"potentialAction":[{"@type":"SearchAction","target":{"@type":"EntryPoint","urlTemplate":"https:\/\/www.sindicaturabarcelona.cat\/ca\/?s={search_term_string}"},"query-input":{"@type":"PropertyValueSpecification","valueRequired":true,"valueName":"search_term_string"}}],"inLanguage":"ca"},{"@type":"Organization","@id":"https:\/\/www.sindicaturabarcelona.cat\/ca\/#organization","name":"Sindicatura de Greuges de Barcelona","url":"https:\/\/www.sindicaturabarcelona.cat\/ca\/","logo":{"@type":"ImageObject","inLanguage":"ca","@id":"https:\/\/www.sindicaturabarcelona.cat\/ca\/#\/schema\/logo\/image\/","url":"https:\/\/www.sindicaturabarcelona.cat\/wp-content\/uploads\/2023\/02\/logo_sindicatura.svg","contentUrl":"https:\/\/www.sindicaturabarcelona.cat\/wp-content\/uploads\/2023\/02\/logo_sindicatura.svg","caption":"Sindicatura de Greuges de Barcelona"},"image":{"@id":"https:\/\/www.sindicaturabarcelona.cat\/ca\/#\/schema\/logo\/image\/"},"sameAs":["https:\/\/x.com\/sindicbarcelona","https:\/\/www.instagram.com\/sindicbarcelona\/","https:\/\/www.tiktok.com\/@sindicaturabcn","https:\/\/t.me\/sindicaturabarcelona"]},{"@type":"Person","@id":"https:\/\/www.sindicaturabarcelona.cat\/ca\/#\/schema\/person\/0e5acffc350ffdbc97578159322c9452","name":"Pablo","image":{"@type":"ImageObject","inLanguage":"ca","@id":"https:\/\/secure.gravatar.com\/avatar\/c948169b402ef9492afde705c3dfd5e90e1a6a84ef6840a91124f805a25a480f?s=96&d=mm&r=g","url":"https:\/\/secure.gravatar.com\/avatar\/c948169b402ef9492afde705c3dfd5e90e1a6a84ef6840a91124f805a25a480f?s=96&d=mm&r=g","contentUrl":"https:\/\/secure.gravatar.com\/avatar\/c948169b402ef9492afde705c3dfd5e90e1a6a84ef6840a91124f805a25a480f?s=96&d=mm&r=g","caption":"Pablo"},"url":"https:\/\/www.sindicaturabarcelona.cat\/ca\/author\/pablo\/"}]}},"_links":{"self":[{"href":"https:\/\/www.sindicaturabarcelona.cat\/ca\/wp-json\/wp\/v2\/posts\/43010","targetHints":{"allow":["GET"]}}],"collection":[{"href":"https:\/\/www.sindicaturabarcelona.cat\/ca\/wp-json\/wp\/v2\/posts"}],"about":[{"href":"https:\/\/www.sindicaturabarcelona.cat\/ca\/wp-json\/wp\/v2\/types\/post"}],"author":[{"embeddable":true,"href":"https:\/\/www.sindicaturabarcelona.cat\/ca\/wp-json\/wp\/v2\/users\/2"}],"replies":[{"embeddable":true,"href":"https:\/\/www.sindicaturabarcelona.cat\/ca\/wp-json\/wp\/v2\/comments?post=43010"}],"version-history":[{"count":4,"href":"https:\/\/www.sindicaturabarcelona.cat\/ca\/wp-json\/wp\/v2\/posts\/43010\/revisions"}],"predecessor-version":[{"id":43053,"href":"https:\/\/www.sindicaturabarcelona.cat\/ca\/wp-json\/wp\/v2\/posts\/43010\/revisions\/43053"}],"wp:featuredmedia":[{"embeddable":true,"href":"https:\/\/www.sindicaturabarcelona.cat\/ca\/wp-json\/wp\/v2\/media\/43011"}],"wp:attachment":[{"href":"https:\/\/www.sindicaturabarcelona.cat\/ca\/wp-json\/wp\/v2\/media?parent=43010"}],"wp:term":[{"taxonomy":"post_tag","embeddable":true,"href":"https:\/\/www.sindicaturabarcelona.cat\/ca\/wp-json\/wp\/v2\/tags?post=43010"},{"taxonomy":"drets","embeddable":true,"href":"https:\/\/www.sindicaturabarcelona.cat\/ca\/wp-json\/wp\/v2\/drets?post=43010"}],"curies":[{"name":"wp","href":"https:\/\/api.w.org\/{rel}","templated":true}]}}