{"id":42929,"date":"2026-06-03T07:30:00","date_gmt":"2026-06-03T05:30:00","guid":{"rendered":"https:\/\/www.sindicaturabarcelona.cat\/?p=42929"},"modified":"2026-06-11T16:10:12","modified_gmt":"2026-06-11T14:10:12","slug":"la-sindicatura-de-barcelona-reforca-la-seva-projeccio-internacional-amb-trobades-a-zuric-i-roma","status":"publish","type":"post","link":"https:\/\/www.sindicaturabarcelona.cat\/ca\/la-sindicatura-de-barcelona-reforca-la-seva-projeccio-internacional-amb-trobades-a-zuric-i-roma\/","title":{"rendered":"La Sindicatura de Barcelona refor\u00e7a la seva projecci\u00f3 internacional amb trobades a Zuric i Roma"},"content":{"rendered":"\n<h2 class=\"wp-block-heading\"><strong>La participaci\u00f3 en la Junta d\u2019AGOL a Zuric i en la confer\u00e8ncia internacional de Roma refor\u00e7a la cooperaci\u00f3 entre institucions de defensa dels drets i l\u2019intercanvi de bones pr\u00e0ctiques a escala global.<\/strong><\/h2>\n\n\n\n<p><strong>Barcelona, 3 de juny de 2026 &#8211; <\/strong>La Sindicatura de Greuges de Barcelona ha refor\u00e7at la seva dimensi\u00f3 internacional amb la participaci\u00f3 en dues trobades clau del moviment global de defensories locals i institucions d\u2019ombudsman, celebrades recentment a Zuric i Roma.<\/p>\n\n\n\n<p>D\u2019una banda, el cap de gabinet de la Sindicatura, Oriol Puig, va participar el 26 de maig en una reuni\u00f3 de la <strong>Junta Directiva de <a href=\"https:\/\/agol.es\/en\/home-2\/\" target=\"_blank\" rel=\"noreferrer noopener\">l\u2019Alian\u00e7a Global de l\u2019Ombudsperson Local (AGOL)<\/a> a Zuric,<\/strong> que va coincidir amb la incorporaci\u00f3 del nou membre su\u00eds: el defensor del poble de la ciutat, Pierre Heusser. La trobada va servir per donar a con\u00e8ixer l\u2019activitat de l\u2019associaci\u00f3 a altres ombudspersons su\u00efssos i per enfortir els espais d\u2019intercanvi professional i de cooperaci\u00f3 entre institucions.<\/p>\n\n\n\n<p>A continuaci\u00f3, els dies 28 i 29 de maig, Oriol Puig i l\u2019adjunt al s\u00edndic, Xavier Bernad\u00ed, van participar a la <strong>Confer\u00e8ncia Internacional de l\u2019Ombudsman celebrada al Parlament itali\u00e0, a Roma<\/strong>. Aquesta trobada, que va reunir representants institucionals de m\u00e9s de trenta pa\u00efsos d\u2019Europa, Am\u00e8rica, \u00c0frica i \u00c0sia, tenia com a objectiu refor\u00e7ar la cooperaci\u00f3 internacional i consolidar xarxes de treball compartides entre institucions de defensa dels drets.<\/p>\n\n\n\n<p><strong>Un dels principals resultats de la confer\u00e8ncia ha estat l\u2019aprovaci\u00f3 de la <\/strong><a href=\"https:\/\/www.sindicaturabarcelona.cat\/wp-content\/uploads\/dichiarazione-di-Roma-2026.pdf\" target=\"_blank\" rel=\"noreferrer noopener\"><strong>Declaraci\u00f3 de Roma 2026,<\/strong><\/a><strong> que estableix un marc com\u00fa d\u2019actuaci\u00f3 per al futur de les institucions d\u2019ombudsman<\/strong>. El document posa l\u2019accent en la centralitat de la persona, la protecci\u00f3 efectiva dels drets, la transpar\u00e8ncia, la inclusi\u00f3 social i el refor\u00e7 de la cooperaci\u00f3 internacional, aix\u00ed com en la necessitat d\u2019adaptar aquestes institucions als nous reptes socials i tecnol\u00f2gics.<\/p>\n\n\n\n<p><strong>La participaci\u00f3 en aquests espais internacionals permet a la Sindicatura de Greuges de Barcelona compartir experi\u00e8ncies, con\u00e8ixer bones pr\u00e0ctiques i contribuir a l\u2019enfortiment d\u2019un model global de garantia de drets<\/strong> basat en la proximitat, la independ\u00e8ncia i la confian\u00e7a ciutadana.<\/p>\n\n\n\n<h2 class=\"wp-block-heading\"><strong>La Sindicatura de Barcelona, un referent internacional que presideix l\u2019organitzaci\u00f3 mundial de defensories locals<\/strong><\/h2>\n\n\n\n<p>L\u2019any 2025, el s\u00edndic de Barcelona, David Bondia, va ser elegit president de l\u2019Alian\u00e7a Global de l\u2019Ombudsperson Local (AGOL), una organitzaci\u00f3 mundial de defensories amb fort arrelament a l\u2019Am\u00e8rica Llatina i en expansi\u00f3 a Europa i altres continents. Aquest espai permet coordinar criteris, compartir experi\u00e8ncies i impulsar projectes conjunts entre institucions de garantia de drets.<\/p>\n\n\n\n<p><strong>Aquest nomenament refor\u00e7a el paper internacional de la Sindicatura de Greuges de Barcelona dins l\u2019\u00e0mbit de les garanties locals i reconeix la seva traject\u00f2ria en la defensa dels drets de la ciutadania<\/strong> i la millora dels serveis p\u00fablics.<\/p>\n\n\n\n<p style=\"font-size:13px\">*Aquest article ha estat elaborat amb l&#8217;assist\u00e8ncia de l&#8217;eina Copilot de l&#8217;Ajuntament de Barcelona.<\/p>\n","protected":false},"excerpt":{"rendered":"<p>La participaci\u00f3 en la Junta d\u2019AGOL a Zuric i en la confer\u00e8ncia internacional de Roma refor\u00e7a la cooperaci\u00f3 entre institucions de defensa dels drets i l\u2019intercanvi de bones pr\u00e0ctiques a [&hellip;]<\/p>\n","protected":false},"author":2,"featured_media":42930,"comment_status":"closed","ping_status":"closed","sticky":false,"template":"","format":"standard","meta":{"_acf_changed":false,"footnotes":""},"tags":[],"drets":[],"class_list":["post-42929","post","type-post","status-publish","format-standard","has-post-thumbnail","hentry"],"acf":[],"yoast_head":"<!-- This site is optimized with the Yoast SEO plugin v27.5 - https:\/\/yoast.com\/product\/yoast-seo-wordpress\/ -->\n<title>La Sindicatura de Barcelona refor\u00e7a la seva projecci\u00f3 internacional amb trobades a Zuric i Roma - Sindicatura de Greuges de Barcelona<\/title>\n<meta name=\"description\" content=\"La participaci\u00f3 en la Junta d\u2019AGOL a Zuric i en la confer\u00e8ncia internacional de Roma refor\u00e7a la cooperaci\u00f3 entre institucions de defensa dels drets i l\u2019intercanvi de bones pr\u00e0ctiques a escala global.\" \/>\n<meta name=\"robots\" content=\"index, follow, max-snippet:-1, max-image-preview:large, max-video-preview:-1\" \/>\n<link rel=\"canonical\" href=\"https:\/\/www.sindicaturabarcelona.cat\/ca\/la-sindicatura-de-barcelona-reforca-la-seva-projeccio-internacional-amb-trobades-a-zuric-i-roma\/\" \/>\n<meta property=\"og:locale\" content=\"ca_ES\" \/>\n<meta property=\"og:type\" content=\"article\" \/>\n<meta property=\"og:title\" content=\"La Sindicatura de Barcelona refor\u00e7a la seva projecci\u00f3 internacional amb trobades a Zuric i Roma - Sindicatura de Greuges de Barcelona\" \/>\n<meta property=\"og:description\" content=\"La participaci\u00f3 en la Junta d\u2019AGOL a Zuric i en la confer\u00e8ncia internacional de Roma refor\u00e7a la cooperaci\u00f3 entre institucions de defensa dels drets i l\u2019intercanvi de bones pr\u00e0ctiques a escala global.\" \/>\n<meta property=\"og:url\" content=\"https:\/\/www.sindicaturabarcelona.cat\/ca\/la-sindicatura-de-barcelona-reforca-la-seva-projeccio-internacional-amb-trobades-a-zuric-i-roma\/\" \/>\n<meta property=\"og:site_name\" content=\"Sindicatura de Greuges de Barcelona\" \/>\n<meta property=\"article:published_time\" content=\"2026-06-03T05:30:00+00:00\" \/>\n<meta property=\"article:modified_time\" content=\"2026-06-11T14:10:12+00:00\" \/>\n<meta property=\"og:image\" content=\"https:\/\/www.sindicaturabarcelona.cat\/wp-content\/uploads\/WhatsApp-Image-2026-05-28-at-12.41.07.jpeg\" \/>\n\t<meta property=\"og:image:width\" content=\"1600\" \/>\n\t<meta property=\"og:image:height\" content=\"1066\" \/>\n\t<meta property=\"og:image:type\" content=\"image\/jpeg\" \/>\n<meta name=\"author\" content=\"Pablo\" \/>\n<meta name=\"twitter:card\" content=\"summary_large_image\" \/>\n<meta name=\"twitter:creator\" content=\"@sindicbarcelona\" \/>\n<meta name=\"twitter:site\" content=\"@sindicbarcelona\" \/>\n<meta name=\"twitter:label1\" content=\"Escrit per\" \/>\n\t<meta name=\"twitter:data1\" content=\"Pablo\" \/>\n\t<meta name=\"twitter:label2\" content=\"Temps estimat de lectura\" \/>\n\t<meta name=\"twitter:data2\" content=\"3 minuts\" \/>\n<script type=\"application\/ld+json\" class=\"yoast-schema-graph\">{\"@context\":\"https:\\\/\\\/schema.org\",\"@graph\":[{\"@type\":\"Article\",\"@id\":\"https:\\\/\\\/www.sindicaturabarcelona.cat\\\/ca\\\/la-sindicatura-de-barcelona-reforca-la-seva-projeccio-internacional-amb-trobades-a-zuric-i-roma\\\/#article\",\"isPartOf\":{\"@id\":\"https:\\\/\\\/www.sindicaturabarcelona.cat\\\/ca\\\/la-sindicatura-de-barcelona-reforca-la-seva-projeccio-internacional-amb-trobades-a-zuric-i-roma\\\/\"},\"author\":{\"name\":\"Pablo\",\"@id\":\"https:\\\/\\\/www.sindicaturabarcelona.cat\\\/ca\\\/#\\\/schema\\\/person\\\/0e5acffc350ffdbc97578159322c9452\"},\"headline\":\"La Sindicatura de Barcelona refor\u00e7a la seva projecci\u00f3 internacional amb trobades a Zuric i Roma\",\"datePublished\":\"2026-06-03T05:30:00+00:00\",\"dateModified\":\"2026-06-11T14:10:12+00:00\",\"mainEntityOfPage\":{\"@id\":\"https:\\\/\\\/www.sindicaturabarcelona.cat\\\/ca\\\/la-sindicatura-de-barcelona-reforca-la-seva-projeccio-internacional-amb-trobades-a-zuric-i-roma\\\/\"},\"wordCount\":518,\"publisher\":{\"@id\":\"https:\\\/\\\/www.sindicaturabarcelona.cat\\\/ca\\\/#organization\"},\"image\":{\"@id\":\"https:\\\/\\\/www.sindicaturabarcelona.cat\\\/ca\\\/la-sindicatura-de-barcelona-reforca-la-seva-projeccio-internacional-amb-trobades-a-zuric-i-roma\\\/#primaryimage\"},\"thumbnailUrl\":\"https:\\\/\\\/www.sindicaturabarcelona.cat\\\/wp-content\\\/uploads\\\/WhatsApp-Image-2026-05-28-at-12.41.07.jpeg\",\"inLanguage\":\"ca\"},{\"@type\":\"WebPage\",\"@id\":\"https:\\\/\\\/www.sindicaturabarcelona.cat\\\/ca\\\/la-sindicatura-de-barcelona-reforca-la-seva-projeccio-internacional-amb-trobades-a-zuric-i-roma\\\/\",\"url\":\"https:\\\/\\\/www.sindicaturabarcelona.cat\\\/ca\\\/la-sindicatura-de-barcelona-reforca-la-seva-projeccio-internacional-amb-trobades-a-zuric-i-roma\\\/\",\"name\":\"La Sindicatura de Barcelona refor\u00e7a la seva projecci\u00f3 internacional amb trobades a Zuric i Roma - Sindicatura de Greuges de Barcelona\",\"isPartOf\":{\"@id\":\"https:\\\/\\\/www.sindicaturabarcelona.cat\\\/ca\\\/#website\"},\"primaryImageOfPage\":{\"@id\":\"https:\\\/\\\/www.sindicaturabarcelona.cat\\\/ca\\\/la-sindicatura-de-barcelona-reforca-la-seva-projeccio-internacional-amb-trobades-a-zuric-i-roma\\\/#primaryimage\"},\"image\":{\"@id\":\"https:\\\/\\\/www.sindicaturabarcelona.cat\\\/ca\\\/la-sindicatura-de-barcelona-reforca-la-seva-projeccio-internacional-amb-trobades-a-zuric-i-roma\\\/#primaryimage\"},\"thumbnailUrl\":\"https:\\\/\\\/www.sindicaturabarcelona.cat\\\/wp-content\\\/uploads\\\/WhatsApp-Image-2026-05-28-at-12.41.07.jpeg\",\"datePublished\":\"2026-06-03T05:30:00+00:00\",\"dateModified\":\"2026-06-11T14:10:12+00:00\",\"description\":\"La participaci\u00f3 en la Junta d\u2019AGOL a Zuric i en la confer\u00e8ncia internacional de Roma refor\u00e7a la cooperaci\u00f3 entre institucions de defensa dels drets i l\u2019intercanvi de bones pr\u00e0ctiques a escala global.\",\"breadcrumb\":{\"@id\":\"https:\\\/\\\/www.sindicaturabarcelona.cat\\\/ca\\\/la-sindicatura-de-barcelona-reforca-la-seva-projeccio-internacional-amb-trobades-a-zuric-i-roma\\\/#breadcrumb\"},\"inLanguage\":\"ca\",\"potentialAction\":[{\"@type\":\"ReadAction\",\"target\":[\"https:\\\/\\\/www.sindicaturabarcelona.cat\\\/ca\\\/la-sindicatura-de-barcelona-reforca-la-seva-projeccio-internacional-amb-trobades-a-zuric-i-roma\\\/\"]}]},{\"@type\":\"ImageObject\",\"inLanguage\":\"ca\",\"@id\":\"https:\\\/\\\/www.sindicaturabarcelona.cat\\\/ca\\\/la-sindicatura-de-barcelona-reforca-la-seva-projeccio-internacional-amb-trobades-a-zuric-i-roma\\\/#primaryimage\",\"url\":\"https:\\\/\\\/www.sindicaturabarcelona.cat\\\/wp-content\\\/uploads\\\/WhatsApp-Image-2026-05-28-at-12.41.07.jpeg\",\"contentUrl\":\"https:\\\/\\\/www.sindicaturabarcelona.cat\\\/wp-content\\\/uploads\\\/WhatsApp-Image-2026-05-28-at-12.41.07.jpeg\",\"width\":1600,\"height\":1066},{\"@type\":\"BreadcrumbList\",\"@id\":\"https:\\\/\\\/www.sindicaturabarcelona.cat\\\/ca\\\/la-sindicatura-de-barcelona-reforca-la-seva-projeccio-internacional-amb-trobades-a-zuric-i-roma\\\/#breadcrumb\",\"itemListElement\":[{\"@type\":\"ListItem\",\"position\":1,\"name\":\"Inici\",\"item\":\"https:\\\/\\\/www.sindicaturabarcelona.cat\\\/ca\\\/\"},{\"@type\":\"ListItem\",\"position\":2,\"name\":\"La Sindicatura de Barcelona refor\u00e7a la seva projecci\u00f3 internacional amb trobades a Zuric i Roma\"}]},{\"@type\":\"WebSite\",\"@id\":\"https:\\\/\\\/www.sindicaturabarcelona.cat\\\/ca\\\/#website\",\"url\":\"https:\\\/\\\/www.sindicaturabarcelona.cat\\\/ca\\\/\",\"name\":\"Sindicatura de Greuges de Barcelona\",\"description\":\"La defensoria dels teus drets\",\"publisher\":{\"@id\":\"https:\\\/\\\/www.sindicaturabarcelona.cat\\\/ca\\\/#organization\"},\"potentialAction\":[{\"@type\":\"SearchAction\",\"target\":{\"@type\":\"EntryPoint\",\"urlTemplate\":\"https:\\\/\\\/www.sindicaturabarcelona.cat\\\/ca\\\/?s={search_term_string}\"},\"query-input\":{\"@type\":\"PropertyValueSpecification\",\"valueRequired\":true,\"valueName\":\"search_term_string\"}}],\"inLanguage\":\"ca\"},{\"@type\":\"Organization\",\"@id\":\"https:\\\/\\\/www.sindicaturabarcelona.cat\\\/ca\\\/#organization\",\"name\":\"Sindicatura de Greuges de Barcelona\",\"url\":\"https:\\\/\\\/www.sindicaturabarcelona.cat\\\/ca\\\/\",\"logo\":{\"@type\":\"ImageObject\",\"inLanguage\":\"ca\",\"@id\":\"https:\\\/\\\/www.sindicaturabarcelona.cat\\\/ca\\\/#\\\/schema\\\/logo\\\/image\\\/\",\"url\":\"https:\\\/\\\/www.sindicaturabarcelona.cat\\\/wp-content\\\/uploads\\\/2023\\\/02\\\/logo_sindicatura.svg\",\"contentUrl\":\"https:\\\/\\\/www.sindicaturabarcelona.cat\\\/wp-content\\\/uploads\\\/2023\\\/02\\\/logo_sindicatura.svg\",\"caption\":\"Sindicatura de Greuges de Barcelona\"},\"image\":{\"@id\":\"https:\\\/\\\/www.sindicaturabarcelona.cat\\\/ca\\\/#\\\/schema\\\/logo\\\/image\\\/\"},\"sameAs\":[\"https:\\\/\\\/x.com\\\/sindicbarcelona\",\"https:\\\/\\\/www.instagram.com\\\/sindicbarcelona\\\/\",\"https:\\\/\\\/www.tiktok.com\\\/@sindicaturabcn\",\"https:\\\/\\\/t.me\\\/sindicaturabarcelona\"]},{\"@type\":\"Person\",\"@id\":\"https:\\\/\\\/www.sindicaturabarcelona.cat\\\/ca\\\/#\\\/schema\\\/person\\\/0e5acffc350ffdbc97578159322c9452\",\"name\":\"Pablo\",\"image\":{\"@type\":\"ImageObject\",\"inLanguage\":\"ca\",\"@id\":\"https:\\\/\\\/secure.gravatar.com\\\/avatar\\\/c948169b402ef9492afde705c3dfd5e90e1a6a84ef6840a91124f805a25a480f?s=96&d=mm&r=g\",\"url\":\"https:\\\/\\\/secure.gravatar.com\\\/avatar\\\/c948169b402ef9492afde705c3dfd5e90e1a6a84ef6840a91124f805a25a480f?s=96&d=mm&r=g\",\"contentUrl\":\"https:\\\/\\\/secure.gravatar.com\\\/avatar\\\/c948169b402ef9492afde705c3dfd5e90e1a6a84ef6840a91124f805a25a480f?s=96&d=mm&r=g\",\"caption\":\"Pablo\"},\"url\":\"https:\\\/\\\/www.sindicaturabarcelona.cat\\\/ca\\\/author\\\/pablo\\\/\"}]}<\/script>\n<!-- \/ Yoast SEO plugin. -->","yoast_head_json":{"title":"La Sindicatura de Barcelona refor\u00e7a la seva projecci\u00f3 internacional amb trobades a Zuric i Roma - Sindicatura de Greuges de Barcelona","description":"La participaci\u00f3 en la Junta d\u2019AGOL a Zuric i en la confer\u00e8ncia internacional de Roma refor\u00e7a la cooperaci\u00f3 entre institucions de defensa dels drets i l\u2019intercanvi de bones pr\u00e0ctiques a escala global.","robots":{"index":"index","follow":"follow","max-snippet":"max-snippet:-1","max-image-preview":"max-image-preview:large","max-video-preview":"max-video-preview:-1"},"canonical":"https:\/\/www.sindicaturabarcelona.cat\/ca\/la-sindicatura-de-barcelona-reforca-la-seva-projeccio-internacional-amb-trobades-a-zuric-i-roma\/","og_locale":"ca_ES","og_type":"article","og_title":"La Sindicatura de Barcelona refor\u00e7a la seva projecci\u00f3 internacional amb trobades a Zuric i Roma - Sindicatura de Greuges de Barcelona","og_description":"La participaci\u00f3 en la Junta d\u2019AGOL a Zuric i en la confer\u00e8ncia internacional de Roma refor\u00e7a la cooperaci\u00f3 entre institucions de defensa dels drets i l\u2019intercanvi de bones pr\u00e0ctiques a escala global.","og_url":"https:\/\/www.sindicaturabarcelona.cat\/ca\/la-sindicatura-de-barcelona-reforca-la-seva-projeccio-internacional-amb-trobades-a-zuric-i-roma\/","og_site_name":"Sindicatura de Greuges de Barcelona","article_published_time":"2026-06-03T05:30:00+00:00","article_modified_time":"2026-06-11T14:10:12+00:00","og_image":[{"width":1600,"height":1066,"url":"https:\/\/www.sindicaturabarcelona.cat\/wp-content\/uploads\/WhatsApp-Image-2026-05-28-at-12.41.07.jpeg","type":"image\/jpeg"}],"author":"Pablo","twitter_card":"summary_large_image","twitter_creator":"@sindicbarcelona","twitter_site":"@sindicbarcelona","twitter_misc":{"Escrit per":"Pablo","Temps estimat de lectura":"3 minuts"},"schema":{"@context":"https:\/\/schema.org","@graph":[{"@type":"Article","@id":"https:\/\/www.sindicaturabarcelona.cat\/ca\/la-sindicatura-de-barcelona-reforca-la-seva-projeccio-internacional-amb-trobades-a-zuric-i-roma\/#article","isPartOf":{"@id":"https:\/\/www.sindicaturabarcelona.cat\/ca\/la-sindicatura-de-barcelona-reforca-la-seva-projeccio-internacional-amb-trobades-a-zuric-i-roma\/"},"author":{"name":"Pablo","@id":"https:\/\/www.sindicaturabarcelona.cat\/ca\/#\/schema\/person\/0e5acffc350ffdbc97578159322c9452"},"headline":"La Sindicatura de Barcelona refor\u00e7a la seva projecci\u00f3 internacional amb trobades a Zuric i Roma","datePublished":"2026-06-03T05:30:00+00:00","dateModified":"2026-06-11T14:10:12+00:00","mainEntityOfPage":{"@id":"https:\/\/www.sindicaturabarcelona.cat\/ca\/la-sindicatura-de-barcelona-reforca-la-seva-projeccio-internacional-amb-trobades-a-zuric-i-roma\/"},"wordCount":518,"publisher":{"@id":"https:\/\/www.sindicaturabarcelona.cat\/ca\/#organization"},"image":{"@id":"https:\/\/www.sindicaturabarcelona.cat\/ca\/la-sindicatura-de-barcelona-reforca-la-seva-projeccio-internacional-amb-trobades-a-zuric-i-roma\/#primaryimage"},"thumbnailUrl":"https:\/\/www.sindicaturabarcelona.cat\/wp-content\/uploads\/WhatsApp-Image-2026-05-28-at-12.41.07.jpeg","inLanguage":"ca"},{"@type":"WebPage","@id":"https:\/\/www.sindicaturabarcelona.cat\/ca\/la-sindicatura-de-barcelona-reforca-la-seva-projeccio-internacional-amb-trobades-a-zuric-i-roma\/","url":"https:\/\/www.sindicaturabarcelona.cat\/ca\/la-sindicatura-de-barcelona-reforca-la-seva-projeccio-internacional-amb-trobades-a-zuric-i-roma\/","name":"La Sindicatura de Barcelona refor\u00e7a la seva projecci\u00f3 internacional amb trobades a Zuric i Roma - Sindicatura de Greuges de Barcelona","isPartOf":{"@id":"https:\/\/www.sindicaturabarcelona.cat\/ca\/#website"},"primaryImageOfPage":{"@id":"https:\/\/www.sindicaturabarcelona.cat\/ca\/la-sindicatura-de-barcelona-reforca-la-seva-projeccio-internacional-amb-trobades-a-zuric-i-roma\/#primaryimage"},"image":{"@id":"https:\/\/www.sindicaturabarcelona.cat\/ca\/la-sindicatura-de-barcelona-reforca-la-seva-projeccio-internacional-amb-trobades-a-zuric-i-roma\/#primaryimage"},"thumbnailUrl":"https:\/\/www.sindicaturabarcelona.cat\/wp-content\/uploads\/WhatsApp-Image-2026-05-28-at-12.41.07.jpeg","datePublished":"2026-06-03T05:30:00+00:00","dateModified":"2026-06-11T14:10:12+00:00","description":"La participaci\u00f3 en la Junta d\u2019AGOL a Zuric i en la confer\u00e8ncia internacional de Roma refor\u00e7a la cooperaci\u00f3 entre institucions de defensa dels drets i l\u2019intercanvi de bones pr\u00e0ctiques a escala global.","breadcrumb":{"@id":"https:\/\/www.sindicaturabarcelona.cat\/ca\/la-sindicatura-de-barcelona-reforca-la-seva-projeccio-internacional-amb-trobades-a-zuric-i-roma\/#breadcrumb"},"inLanguage":"ca","potentialAction":[{"@type":"ReadAction","target":["https:\/\/www.sindicaturabarcelona.cat\/ca\/la-sindicatura-de-barcelona-reforca-la-seva-projeccio-internacional-amb-trobades-a-zuric-i-roma\/"]}]},{"@type":"ImageObject","inLanguage":"ca","@id":"https:\/\/www.sindicaturabarcelona.cat\/ca\/la-sindicatura-de-barcelona-reforca-la-seva-projeccio-internacional-amb-trobades-a-zuric-i-roma\/#primaryimage","url":"https:\/\/www.sindicaturabarcelona.cat\/wp-content\/uploads\/WhatsApp-Image-2026-05-28-at-12.41.07.jpeg","contentUrl":"https:\/\/www.sindicaturabarcelona.cat\/wp-content\/uploads\/WhatsApp-Image-2026-05-28-at-12.41.07.jpeg","width":1600,"height":1066},{"@type":"BreadcrumbList","@id":"https:\/\/www.sindicaturabarcelona.cat\/ca\/la-sindicatura-de-barcelona-reforca-la-seva-projeccio-internacional-amb-trobades-a-zuric-i-roma\/#breadcrumb","itemListElement":[{"@type":"ListItem","position":1,"name":"Inici","item":"https:\/\/www.sindicaturabarcelona.cat\/ca\/"},{"@type":"ListItem","position":2,"name":"La Sindicatura de Barcelona refor\u00e7a la seva projecci\u00f3 internacional amb trobades a Zuric i Roma"}]},{"@type":"WebSite","@id":"https:\/\/www.sindicaturabarcelona.cat\/ca\/#website","url":"https:\/\/www.sindicaturabarcelona.cat\/ca\/","name":"Sindicatura de Greuges de Barcelona","description":"La defensoria dels teus drets","publisher":{"@id":"https:\/\/www.sindicaturabarcelona.cat\/ca\/#organization"},"potentialAction":[{"@type":"SearchAction","target":{"@type":"EntryPoint","urlTemplate":"https:\/\/www.sindicaturabarcelona.cat\/ca\/?s={search_term_string}"},"query-input":{"@type":"PropertyValueSpecification","valueRequired":true,"valueName":"search_term_string"}}],"inLanguage":"ca"},{"@type":"Organization","@id":"https:\/\/www.sindicaturabarcelona.cat\/ca\/#organization","name":"Sindicatura de Greuges de Barcelona","url":"https:\/\/www.sindicaturabarcelona.cat\/ca\/","logo":{"@type":"ImageObject","inLanguage":"ca","@id":"https:\/\/www.sindicaturabarcelona.cat\/ca\/#\/schema\/logo\/image\/","url":"https:\/\/www.sindicaturabarcelona.cat\/wp-content\/uploads\/2023\/02\/logo_sindicatura.svg","contentUrl":"https:\/\/www.sindicaturabarcelona.cat\/wp-content\/uploads\/2023\/02\/logo_sindicatura.svg","caption":"Sindicatura de Greuges de Barcelona"},"image":{"@id":"https:\/\/www.sindicaturabarcelona.cat\/ca\/#\/schema\/logo\/image\/"},"sameAs":["https:\/\/x.com\/sindicbarcelona","https:\/\/www.instagram.com\/sindicbarcelona\/","https:\/\/www.tiktok.com\/@sindicaturabcn","https:\/\/t.me\/sindicaturabarcelona"]},{"@type":"Person","@id":"https:\/\/www.sindicaturabarcelona.cat\/ca\/#\/schema\/person\/0e5acffc350ffdbc97578159322c9452","name":"Pablo","image":{"@type":"ImageObject","inLanguage":"ca","@id":"https:\/\/secure.gravatar.com\/avatar\/c948169b402ef9492afde705c3dfd5e90e1a6a84ef6840a91124f805a25a480f?s=96&d=mm&r=g","url":"https:\/\/secure.gravatar.com\/avatar\/c948169b402ef9492afde705c3dfd5e90e1a6a84ef6840a91124f805a25a480f?s=96&d=mm&r=g","contentUrl":"https:\/\/secure.gravatar.com\/avatar\/c948169b402ef9492afde705c3dfd5e90e1a6a84ef6840a91124f805a25a480f?s=96&d=mm&r=g","caption":"Pablo"},"url":"https:\/\/www.sindicaturabarcelona.cat\/ca\/author\/pablo\/"}]}},"_links":{"self":[{"href":"https:\/\/www.sindicaturabarcelona.cat\/ca\/wp-json\/wp\/v2\/posts\/42929","targetHints":{"allow":["GET"]}}],"collection":[{"href":"https:\/\/www.sindicaturabarcelona.cat\/ca\/wp-json\/wp\/v2\/posts"}],"about":[{"href":"https:\/\/www.sindicaturabarcelona.cat\/ca\/wp-json\/wp\/v2\/types\/post"}],"author":[{"embeddable":true,"href":"https:\/\/www.sindicaturabarcelona.cat\/ca\/wp-json\/wp\/v2\/users\/2"}],"replies":[{"embeddable":true,"href":"https:\/\/www.sindicaturabarcelona.cat\/ca\/wp-json\/wp\/v2\/comments?post=42929"}],"version-history":[{"count":4,"href":"https:\/\/www.sindicaturabarcelona.cat\/ca\/wp-json\/wp\/v2\/posts\/42929\/revisions"}],"predecessor-version":[{"id":43057,"href":"https:\/\/www.sindicaturabarcelona.cat\/ca\/wp-json\/wp\/v2\/posts\/42929\/revisions\/43057"}],"wp:featuredmedia":[{"embeddable":true,"href":"https:\/\/www.sindicaturabarcelona.cat\/ca\/wp-json\/wp\/v2\/media\/42930"}],"wp:attachment":[{"href":"https:\/\/www.sindicaturabarcelona.cat\/ca\/wp-json\/wp\/v2\/media?parent=42929"}],"wp:term":[{"taxonomy":"post_tag","embeddable":true,"href":"https:\/\/www.sindicaturabarcelona.cat\/ca\/wp-json\/wp\/v2\/tags?post=42929"},{"taxonomy":"drets","embeddable":true,"href":"https:\/\/www.sindicaturabarcelona.cat\/ca\/wp-json\/wp\/v2\/drets?post=42929"}],"curies":[{"name":"wp","href":"https:\/\/api.w.org\/{rel}","templated":true}]}}