{"id":42905,"date":"2026-06-02T12:35:52","date_gmt":"2026-06-02T10:35:52","guid":{"rendered":"https:\/\/www.sindicaturabarcelona.cat\/?p=42905"},"modified":"2026-06-02T12:35:54","modified_gmt":"2026-06-02T10:35:54","slug":"el-sindic-de-barcelona-participa-en-el-30e-aniversari-del-sindic-de-greuges-de-la-universitat-pompeu-fabra","status":"publish","type":"post","link":"https:\/\/www.sindicaturabarcelona.cat\/ca\/el-sindic-de-barcelona-participa-en-el-30e-aniversari-del-sindic-de-greuges-de-la-universitat-pompeu-fabra\/","title":{"rendered":"El s\u00edndic de Barcelona participa en el 30\u00e8 aniversari del S\u00edndic de Greuges de la Universitat Pompeu Fabra"},"content":{"rendered":"\n<p><strong>Barcelona, 2 de juny del 2026<\/strong> \u2014 La Universitat Pompeu Fabra (UPF) ha commemorat el <a href=\"https:\/\/www.flickr.com\/photos\/universitatpompeufabra\/albums\/72177720333786850\/with\/55286335534\/\" target=\"_blank\" rel=\"noreferrer noopener\">30\u00e8 aniversari del nomenament del seu primer s\u00edndic de greuges amb una trobada que ha reunit s\u00edndics i defensors<\/a>, tant en actiu com del passat, de diversos \u00e0mbits institucionals, acad\u00e8mics i medi\u00e0tics.<\/p>\n\n\n\n<p><strong>En el marc de la taula rodona <em>\u201cS\u00edndics i defensors en di\u00e0leg: escoltar, mediar, defensar\u201d<\/em>, el s\u00edndic de greuges de Barcelona, David Bondia, ha tingut un paper destacat posant el focus en la tasca de proximitat i en les actuacions d\u2019ofici de la Sindicatura<\/strong>, que permeten intervenir sense necessitat de den\u00fancia pr\u00e8via quan es detecten problem\u00e0tiques.<\/p>\n\n\n\n<p><a href=\"https:\/\/www.sindicaturabarcelona.cat\/wp-content\/uploads\/Informe-Anual-2025.pdf\" target=\"_blank\" rel=\"noreferrer noopener\">Bondia ha explicat que, de les 3.264 intervencions realitzades durant l\u2019\u00faltim any<\/a>, moltes s\u2019han centrat en q\u00fcestions com els menjadors socials o el dret a una bona administraci\u00f3. \u201cLa gent vol que l\u2019escoltin\u201d, ha afirmat, tot subratllant la import\u00e0ncia de mantenir una pres\u00e8ncia activa al territori, especialment als barris d\u2019on arriben menys queixes.<\/p>\n\n\n\n<p><strong>El s\u00edndic ha defensat una instituci\u00f3 m\u00e9s accessible i propera, capa\u00e7 d\u2019adaptar-se als nous canals de comunicaci\u00f3, com les xarxes socials, per arribar tamb\u00e9 a la poblaci\u00f3 jove<\/strong>. En aquesta l\u00ednia, ha remarcat la necessitat de ser \u00e0gils en la resposta i de treballar amb una mirada de barri que \u201cengrandeix la visi\u00f3 de ciutat\u201d.<\/p>\n\n\n\n<p><strong>Bondia tamb\u00e9 ha apostat per incorporar una perspectiva metropolitana, recordant que molts dels problemes que afecten Barcelona tamb\u00e9 es reprodueixen en municipis propers<\/strong>. Entre les q\u00fcestions que han registrat un increment en els darrers anys, ha destacat les queixes vinculades al soroll.<\/p>\n\n\n\n<p>La taula rodona ha comptat tamb\u00e9 amb la participaci\u00f3 d\u2019Esther Gim\u00e9nez-Salinas, s\u00edndica de Greuges de Catalunya; Antoni Batista, defensor del lector del diari <em>Ara<\/em>, i Rafael Orden, exdefensor universitari de la Universitat Complutense de Madrid. La sessi\u00f3 ha estat moderada per Caterina Garcia Segura.<\/p>\n\n\n\n<p><strong>L\u2019acte ha estat presidit per la rectora de la UPF, Laia de Nadal<\/strong>, que ha destacat el paper dels s\u00edndics de greuges com a garants dels drets i com a figures clau per afavorir una conviv\u00e8ncia basada en el respecte i la defensa dels drets fonamentals, especialment en un context social complex.<\/p>\n","protected":false},"excerpt":{"rendered":"<p>Barcelona, 2 de juny del 2026 \u2014 La Universitat Pompeu Fabra (UPF) ha commemorat el 30\u00e8 aniversari del nomenament del seu primer s\u00edndic de greuges amb una trobada que ha [&hellip;]<\/p>\n","protected":false},"author":2,"featured_media":42906,"comment_status":"closed","ping_status":"closed","sticky":false,"template":"","format":"standard","meta":{"_acf_changed":false,"footnotes":""},"tags":[],"drets":[],"class_list":["post-42905","post","type-post","status-publish","format-standard","has-post-thumbnail","hentry"],"acf":[],"yoast_head":"<!-- This site is optimized with the Yoast SEO plugin v27.5 - https:\/\/yoast.com\/product\/yoast-seo-wordpress\/ -->\n<title>El s\u00edndic de Barcelona participa en el 30\u00e8 aniversari del S\u00edndic de Greuges de la Universitat Pompeu Fabra - Sindicatura de Greuges de Barcelona<\/title>\n<meta name=\"description\" content=\"En el marc de la taula rodona \u201cS\u00edndics i defensors en di\u00e0leg: escoltar, mediar, defensar\u201d, el s\u00edndic de greuges de Barcelona, David Bondia, ha tingut un paper destacat posant el focus en la tasca de proximitat i en les actuacions d\u2019ofici de la Sindicatura.\" \/>\n<meta name=\"robots\" content=\"index, follow, max-snippet:-1, max-image-preview:large, max-video-preview:-1\" \/>\n<link rel=\"canonical\" href=\"https:\/\/www.sindicaturabarcelona.cat\/ca\/el-sindic-de-barcelona-participa-en-el-30e-aniversari-del-sindic-de-greuges-de-la-universitat-pompeu-fabra\/\" \/>\n<meta property=\"og:locale\" content=\"ca_ES\" \/>\n<meta property=\"og:type\" content=\"article\" \/>\n<meta property=\"og:title\" content=\"El s\u00edndic de Barcelona participa en el 30\u00e8 aniversari del S\u00edndic de Greuges de la Universitat Pompeu Fabra - Sindicatura de Greuges de Barcelona\" \/>\n<meta property=\"og:description\" content=\"En el marc de la taula rodona \u201cS\u00edndics i defensors en di\u00e0leg: escoltar, mediar, defensar\u201d, el s\u00edndic de greuges de Barcelona, David Bondia, ha tingut un paper destacat posant el focus en la tasca de proximitat i en les actuacions d\u2019ofici de la Sindicatura.\" \/>\n<meta property=\"og:url\" content=\"https:\/\/www.sindicaturabarcelona.cat\/ca\/el-sindic-de-barcelona-participa-en-el-30e-aniversari-del-sindic-de-greuges-de-la-universitat-pompeu-fabra\/\" \/>\n<meta property=\"og:site_name\" content=\"Sindicatura de Greuges de Barcelona\" \/>\n<meta property=\"article:published_time\" content=\"2026-06-02T10:35:52+00:00\" \/>\n<meta property=\"article:modified_time\" content=\"2026-06-02T10:35:54+00:00\" \/>\n<meta property=\"og:image\" content=\"https:\/\/www.sindicaturabarcelona.cat\/wp-content\/uploads\/55285182112_1497ff443e_k.jpg\" \/>\n\t<meta property=\"og:image:width\" content=\"2047\" \/>\n\t<meta property=\"og:image:height\" content=\"1365\" \/>\n\t<meta property=\"og:image:type\" content=\"image\/jpeg\" \/>\n<meta name=\"author\" content=\"Pablo\" \/>\n<meta name=\"twitter:card\" content=\"summary_large_image\" \/>\n<meta name=\"twitter:creator\" content=\"@sindicbarcelona\" \/>\n<meta name=\"twitter:site\" content=\"@sindicbarcelona\" \/>\n<meta name=\"twitter:label1\" content=\"Escrit per\" \/>\n\t<meta name=\"twitter:data1\" content=\"Pablo\" \/>\n\t<meta name=\"twitter:label2\" content=\"Temps estimat de lectura\" \/>\n\t<meta name=\"twitter:data2\" content=\"3 minuts\" \/>\n<script type=\"application\/ld+json\" class=\"yoast-schema-graph\">{\"@context\":\"https:\\\/\\\/schema.org\",\"@graph\":[{\"@type\":\"Article\",\"@id\":\"https:\\\/\\\/www.sindicaturabarcelona.cat\\\/ca\\\/el-sindic-de-barcelona-participa-en-el-30e-aniversari-del-sindic-de-greuges-de-la-universitat-pompeu-fabra\\\/#article\",\"isPartOf\":{\"@id\":\"https:\\\/\\\/www.sindicaturabarcelona.cat\\\/ca\\\/el-sindic-de-barcelona-participa-en-el-30e-aniversari-del-sindic-de-greuges-de-la-universitat-pompeu-fabra\\\/\"},\"author\":{\"name\":\"Pablo\",\"@id\":\"https:\\\/\\\/www.sindicaturabarcelona.cat\\\/ca\\\/#\\\/schema\\\/person\\\/0e5acffc350ffdbc97578159322c9452\"},\"headline\":\"El s\u00edndic de Barcelona participa en el 30\u00e8 aniversari del S\u00edndic de Greuges de la Universitat Pompeu Fabra\",\"datePublished\":\"2026-06-02T10:35:52+00:00\",\"dateModified\":\"2026-06-02T10:35:54+00:00\",\"mainEntityOfPage\":{\"@id\":\"https:\\\/\\\/www.sindicaturabarcelona.cat\\\/ca\\\/el-sindic-de-barcelona-participa-en-el-30e-aniversari-del-sindic-de-greuges-de-la-universitat-pompeu-fabra\\\/\"},\"wordCount\":392,\"publisher\":{\"@id\":\"https:\\\/\\\/www.sindicaturabarcelona.cat\\\/ca\\\/#organization\"},\"image\":{\"@id\":\"https:\\\/\\\/www.sindicaturabarcelona.cat\\\/ca\\\/el-sindic-de-barcelona-participa-en-el-30e-aniversari-del-sindic-de-greuges-de-la-universitat-pompeu-fabra\\\/#primaryimage\"},\"thumbnailUrl\":\"https:\\\/\\\/www.sindicaturabarcelona.cat\\\/wp-content\\\/uploads\\\/55285182112_1497ff443e_k.jpg\",\"inLanguage\":\"ca\"},{\"@type\":\"WebPage\",\"@id\":\"https:\\\/\\\/www.sindicaturabarcelona.cat\\\/ca\\\/el-sindic-de-barcelona-participa-en-el-30e-aniversari-del-sindic-de-greuges-de-la-universitat-pompeu-fabra\\\/\",\"url\":\"https:\\\/\\\/www.sindicaturabarcelona.cat\\\/ca\\\/el-sindic-de-barcelona-participa-en-el-30e-aniversari-del-sindic-de-greuges-de-la-universitat-pompeu-fabra\\\/\",\"name\":\"El s\u00edndic de Barcelona participa en el 30\u00e8 aniversari del S\u00edndic de Greuges de la Universitat Pompeu Fabra - Sindicatura de Greuges de Barcelona\",\"isPartOf\":{\"@id\":\"https:\\\/\\\/www.sindicaturabarcelona.cat\\\/ca\\\/#website\"},\"primaryImageOfPage\":{\"@id\":\"https:\\\/\\\/www.sindicaturabarcelona.cat\\\/ca\\\/el-sindic-de-barcelona-participa-en-el-30e-aniversari-del-sindic-de-greuges-de-la-universitat-pompeu-fabra\\\/#primaryimage\"},\"image\":{\"@id\":\"https:\\\/\\\/www.sindicaturabarcelona.cat\\\/ca\\\/el-sindic-de-barcelona-participa-en-el-30e-aniversari-del-sindic-de-greuges-de-la-universitat-pompeu-fabra\\\/#primaryimage\"},\"thumbnailUrl\":\"https:\\\/\\\/www.sindicaturabarcelona.cat\\\/wp-content\\\/uploads\\\/55285182112_1497ff443e_k.jpg\",\"datePublished\":\"2026-06-02T10:35:52+00:00\",\"dateModified\":\"2026-06-02T10:35:54+00:00\",\"description\":\"En el marc de la taula rodona \u201cS\u00edndics i defensors en di\u00e0leg: escoltar, mediar, defensar\u201d, el s\u00edndic de greuges de Barcelona, David Bondia, ha tingut un paper destacat posant el focus en la tasca de proximitat i en les actuacions d\u2019ofici de la Sindicatura.\",\"breadcrumb\":{\"@id\":\"https:\\\/\\\/www.sindicaturabarcelona.cat\\\/ca\\\/el-sindic-de-barcelona-participa-en-el-30e-aniversari-del-sindic-de-greuges-de-la-universitat-pompeu-fabra\\\/#breadcrumb\"},\"inLanguage\":\"ca\",\"potentialAction\":[{\"@type\":\"ReadAction\",\"target\":[\"https:\\\/\\\/www.sindicaturabarcelona.cat\\\/ca\\\/el-sindic-de-barcelona-participa-en-el-30e-aniversari-del-sindic-de-greuges-de-la-universitat-pompeu-fabra\\\/\"]}]},{\"@type\":\"ImageObject\",\"inLanguage\":\"ca\",\"@id\":\"https:\\\/\\\/www.sindicaturabarcelona.cat\\\/ca\\\/el-sindic-de-barcelona-participa-en-el-30e-aniversari-del-sindic-de-greuges-de-la-universitat-pompeu-fabra\\\/#primaryimage\",\"url\":\"https:\\\/\\\/www.sindicaturabarcelona.cat\\\/wp-content\\\/uploads\\\/55285182112_1497ff443e_k.jpg\",\"contentUrl\":\"https:\\\/\\\/www.sindicaturabarcelona.cat\\\/wp-content\\\/uploads\\\/55285182112_1497ff443e_k.jpg\",\"width\":2047,\"height\":1365},{\"@type\":\"BreadcrumbList\",\"@id\":\"https:\\\/\\\/www.sindicaturabarcelona.cat\\\/ca\\\/el-sindic-de-barcelona-participa-en-el-30e-aniversari-del-sindic-de-greuges-de-la-universitat-pompeu-fabra\\\/#breadcrumb\",\"itemListElement\":[{\"@type\":\"ListItem\",\"position\":1,\"name\":\"Inici\",\"item\":\"https:\\\/\\\/www.sindicaturabarcelona.cat\\\/ca\\\/\"},{\"@type\":\"ListItem\",\"position\":2,\"name\":\"El s\u00edndic de Barcelona participa en el 30\u00e8 aniversari del S\u00edndic de Greuges de la Universitat Pompeu Fabra\"}]},{\"@type\":\"WebSite\",\"@id\":\"https:\\\/\\\/www.sindicaturabarcelona.cat\\\/ca\\\/#website\",\"url\":\"https:\\\/\\\/www.sindicaturabarcelona.cat\\\/ca\\\/\",\"name\":\"Sindicatura de Greuges de Barcelona\",\"description\":\"La defensoria dels teus drets\",\"publisher\":{\"@id\":\"https:\\\/\\\/www.sindicaturabarcelona.cat\\\/ca\\\/#organization\"},\"potentialAction\":[{\"@type\":\"SearchAction\",\"target\":{\"@type\":\"EntryPoint\",\"urlTemplate\":\"https:\\\/\\\/www.sindicaturabarcelona.cat\\\/ca\\\/?s={search_term_string}\"},\"query-input\":{\"@type\":\"PropertyValueSpecification\",\"valueRequired\":true,\"valueName\":\"search_term_string\"}}],\"inLanguage\":\"ca\"},{\"@type\":\"Organization\",\"@id\":\"https:\\\/\\\/www.sindicaturabarcelona.cat\\\/ca\\\/#organization\",\"name\":\"Sindicatura de Greuges de Barcelona\",\"url\":\"https:\\\/\\\/www.sindicaturabarcelona.cat\\\/ca\\\/\",\"logo\":{\"@type\":\"ImageObject\",\"inLanguage\":\"ca\",\"@id\":\"https:\\\/\\\/www.sindicaturabarcelona.cat\\\/ca\\\/#\\\/schema\\\/logo\\\/image\\\/\",\"url\":\"https:\\\/\\\/www.sindicaturabarcelona.cat\\\/wp-content\\\/uploads\\\/2023\\\/02\\\/logo_sindicatura.svg\",\"contentUrl\":\"https:\\\/\\\/www.sindicaturabarcelona.cat\\\/wp-content\\\/uploads\\\/2023\\\/02\\\/logo_sindicatura.svg\",\"caption\":\"Sindicatura de Greuges de Barcelona\"},\"image\":{\"@id\":\"https:\\\/\\\/www.sindicaturabarcelona.cat\\\/ca\\\/#\\\/schema\\\/logo\\\/image\\\/\"},\"sameAs\":[\"https:\\\/\\\/x.com\\\/sindicbarcelona\",\"https:\\\/\\\/www.instagram.com\\\/sindicbarcelona\\\/\",\"https:\\\/\\\/www.tiktok.com\\\/@sindicaturabcn\",\"https:\\\/\\\/t.me\\\/sindicaturabarcelona\"]},{\"@type\":\"Person\",\"@id\":\"https:\\\/\\\/www.sindicaturabarcelona.cat\\\/ca\\\/#\\\/schema\\\/person\\\/0e5acffc350ffdbc97578159322c9452\",\"name\":\"Pablo\",\"image\":{\"@type\":\"ImageObject\",\"inLanguage\":\"ca\",\"@id\":\"https:\\\/\\\/secure.gravatar.com\\\/avatar\\\/c948169b402ef9492afde705c3dfd5e90e1a6a84ef6840a91124f805a25a480f?s=96&d=mm&r=g\",\"url\":\"https:\\\/\\\/secure.gravatar.com\\\/avatar\\\/c948169b402ef9492afde705c3dfd5e90e1a6a84ef6840a91124f805a25a480f?s=96&d=mm&r=g\",\"contentUrl\":\"https:\\\/\\\/secure.gravatar.com\\\/avatar\\\/c948169b402ef9492afde705c3dfd5e90e1a6a84ef6840a91124f805a25a480f?s=96&d=mm&r=g\",\"caption\":\"Pablo\"},\"url\":\"https:\\\/\\\/www.sindicaturabarcelona.cat\\\/ca\\\/author\\\/pablo\\\/\"}]}<\/script>\n<!-- \/ Yoast SEO plugin. -->","yoast_head_json":{"title":"El s\u00edndic de Barcelona participa en el 30\u00e8 aniversari del S\u00edndic de Greuges de la Universitat Pompeu Fabra - Sindicatura de Greuges de Barcelona","description":"En el marc de la taula rodona \u201cS\u00edndics i defensors en di\u00e0leg: escoltar, mediar, defensar\u201d, el s\u00edndic de greuges de Barcelona, David Bondia, ha tingut un paper destacat posant el focus en la tasca de proximitat i en les actuacions d\u2019ofici de la Sindicatura.","robots":{"index":"index","follow":"follow","max-snippet":"max-snippet:-1","max-image-preview":"max-image-preview:large","max-video-preview":"max-video-preview:-1"},"canonical":"https:\/\/www.sindicaturabarcelona.cat\/ca\/el-sindic-de-barcelona-participa-en-el-30e-aniversari-del-sindic-de-greuges-de-la-universitat-pompeu-fabra\/","og_locale":"ca_ES","og_type":"article","og_title":"El s\u00edndic de Barcelona participa en el 30\u00e8 aniversari del S\u00edndic de Greuges de la Universitat Pompeu Fabra - Sindicatura de Greuges de Barcelona","og_description":"En el marc de la taula rodona \u201cS\u00edndics i defensors en di\u00e0leg: escoltar, mediar, defensar\u201d, el s\u00edndic de greuges de Barcelona, David Bondia, ha tingut un paper destacat posant el focus en la tasca de proximitat i en les actuacions d\u2019ofici de la Sindicatura.","og_url":"https:\/\/www.sindicaturabarcelona.cat\/ca\/el-sindic-de-barcelona-participa-en-el-30e-aniversari-del-sindic-de-greuges-de-la-universitat-pompeu-fabra\/","og_site_name":"Sindicatura de Greuges de Barcelona","article_published_time":"2026-06-02T10:35:52+00:00","article_modified_time":"2026-06-02T10:35:54+00:00","og_image":[{"width":2047,"height":1365,"url":"https:\/\/www.sindicaturabarcelona.cat\/wp-content\/uploads\/55285182112_1497ff443e_k.jpg","type":"image\/jpeg"}],"author":"Pablo","twitter_card":"summary_large_image","twitter_creator":"@sindicbarcelona","twitter_site":"@sindicbarcelona","twitter_misc":{"Escrit per":"Pablo","Temps estimat de lectura":"3 minuts"},"schema":{"@context":"https:\/\/schema.org","@graph":[{"@type":"Article","@id":"https:\/\/www.sindicaturabarcelona.cat\/ca\/el-sindic-de-barcelona-participa-en-el-30e-aniversari-del-sindic-de-greuges-de-la-universitat-pompeu-fabra\/#article","isPartOf":{"@id":"https:\/\/www.sindicaturabarcelona.cat\/ca\/el-sindic-de-barcelona-participa-en-el-30e-aniversari-del-sindic-de-greuges-de-la-universitat-pompeu-fabra\/"},"author":{"name":"Pablo","@id":"https:\/\/www.sindicaturabarcelona.cat\/ca\/#\/schema\/person\/0e5acffc350ffdbc97578159322c9452"},"headline":"El s\u00edndic de Barcelona participa en el 30\u00e8 aniversari del S\u00edndic de Greuges de la Universitat Pompeu Fabra","datePublished":"2026-06-02T10:35:52+00:00","dateModified":"2026-06-02T10:35:54+00:00","mainEntityOfPage":{"@id":"https:\/\/www.sindicaturabarcelona.cat\/ca\/el-sindic-de-barcelona-participa-en-el-30e-aniversari-del-sindic-de-greuges-de-la-universitat-pompeu-fabra\/"},"wordCount":392,"publisher":{"@id":"https:\/\/www.sindicaturabarcelona.cat\/ca\/#organization"},"image":{"@id":"https:\/\/www.sindicaturabarcelona.cat\/ca\/el-sindic-de-barcelona-participa-en-el-30e-aniversari-del-sindic-de-greuges-de-la-universitat-pompeu-fabra\/#primaryimage"},"thumbnailUrl":"https:\/\/www.sindicaturabarcelona.cat\/wp-content\/uploads\/55285182112_1497ff443e_k.jpg","inLanguage":"ca"},{"@type":"WebPage","@id":"https:\/\/www.sindicaturabarcelona.cat\/ca\/el-sindic-de-barcelona-participa-en-el-30e-aniversari-del-sindic-de-greuges-de-la-universitat-pompeu-fabra\/","url":"https:\/\/www.sindicaturabarcelona.cat\/ca\/el-sindic-de-barcelona-participa-en-el-30e-aniversari-del-sindic-de-greuges-de-la-universitat-pompeu-fabra\/","name":"El s\u00edndic de Barcelona participa en el 30\u00e8 aniversari del S\u00edndic de Greuges de la Universitat Pompeu Fabra - Sindicatura de Greuges de Barcelona","isPartOf":{"@id":"https:\/\/www.sindicaturabarcelona.cat\/ca\/#website"},"primaryImageOfPage":{"@id":"https:\/\/www.sindicaturabarcelona.cat\/ca\/el-sindic-de-barcelona-participa-en-el-30e-aniversari-del-sindic-de-greuges-de-la-universitat-pompeu-fabra\/#primaryimage"},"image":{"@id":"https:\/\/www.sindicaturabarcelona.cat\/ca\/el-sindic-de-barcelona-participa-en-el-30e-aniversari-del-sindic-de-greuges-de-la-universitat-pompeu-fabra\/#primaryimage"},"thumbnailUrl":"https:\/\/www.sindicaturabarcelona.cat\/wp-content\/uploads\/55285182112_1497ff443e_k.jpg","datePublished":"2026-06-02T10:35:52+00:00","dateModified":"2026-06-02T10:35:54+00:00","description":"En el marc de la taula rodona \u201cS\u00edndics i defensors en di\u00e0leg: escoltar, mediar, defensar\u201d, el s\u00edndic de greuges de Barcelona, David Bondia, ha tingut un paper destacat posant el focus en la tasca de proximitat i en les actuacions d\u2019ofici de la Sindicatura.","breadcrumb":{"@id":"https:\/\/www.sindicaturabarcelona.cat\/ca\/el-sindic-de-barcelona-participa-en-el-30e-aniversari-del-sindic-de-greuges-de-la-universitat-pompeu-fabra\/#breadcrumb"},"inLanguage":"ca","potentialAction":[{"@type":"ReadAction","target":["https:\/\/www.sindicaturabarcelona.cat\/ca\/el-sindic-de-barcelona-participa-en-el-30e-aniversari-del-sindic-de-greuges-de-la-universitat-pompeu-fabra\/"]}]},{"@type":"ImageObject","inLanguage":"ca","@id":"https:\/\/www.sindicaturabarcelona.cat\/ca\/el-sindic-de-barcelona-participa-en-el-30e-aniversari-del-sindic-de-greuges-de-la-universitat-pompeu-fabra\/#primaryimage","url":"https:\/\/www.sindicaturabarcelona.cat\/wp-content\/uploads\/55285182112_1497ff443e_k.jpg","contentUrl":"https:\/\/www.sindicaturabarcelona.cat\/wp-content\/uploads\/55285182112_1497ff443e_k.jpg","width":2047,"height":1365},{"@type":"BreadcrumbList","@id":"https:\/\/www.sindicaturabarcelona.cat\/ca\/el-sindic-de-barcelona-participa-en-el-30e-aniversari-del-sindic-de-greuges-de-la-universitat-pompeu-fabra\/#breadcrumb","itemListElement":[{"@type":"ListItem","position":1,"name":"Inici","item":"https:\/\/www.sindicaturabarcelona.cat\/ca\/"},{"@type":"ListItem","position":2,"name":"El s\u00edndic de Barcelona participa en el 30\u00e8 aniversari del S\u00edndic de Greuges de la Universitat Pompeu Fabra"}]},{"@type":"WebSite","@id":"https:\/\/www.sindicaturabarcelona.cat\/ca\/#website","url":"https:\/\/www.sindicaturabarcelona.cat\/ca\/","name":"Sindicatura de Greuges de Barcelona","description":"La defensoria dels teus drets","publisher":{"@id":"https:\/\/www.sindicaturabarcelona.cat\/ca\/#organization"},"potentialAction":[{"@type":"SearchAction","target":{"@type":"EntryPoint","urlTemplate":"https:\/\/www.sindicaturabarcelona.cat\/ca\/?s={search_term_string}"},"query-input":{"@type":"PropertyValueSpecification","valueRequired":true,"valueName":"search_term_string"}}],"inLanguage":"ca"},{"@type":"Organization","@id":"https:\/\/www.sindicaturabarcelona.cat\/ca\/#organization","name":"Sindicatura de Greuges de Barcelona","url":"https:\/\/www.sindicaturabarcelona.cat\/ca\/","logo":{"@type":"ImageObject","inLanguage":"ca","@id":"https:\/\/www.sindicaturabarcelona.cat\/ca\/#\/schema\/logo\/image\/","url":"https:\/\/www.sindicaturabarcelona.cat\/wp-content\/uploads\/2023\/02\/logo_sindicatura.svg","contentUrl":"https:\/\/www.sindicaturabarcelona.cat\/wp-content\/uploads\/2023\/02\/logo_sindicatura.svg","caption":"Sindicatura de Greuges de Barcelona"},"image":{"@id":"https:\/\/www.sindicaturabarcelona.cat\/ca\/#\/schema\/logo\/image\/"},"sameAs":["https:\/\/x.com\/sindicbarcelona","https:\/\/www.instagram.com\/sindicbarcelona\/","https:\/\/www.tiktok.com\/@sindicaturabcn","https:\/\/t.me\/sindicaturabarcelona"]},{"@type":"Person","@id":"https:\/\/www.sindicaturabarcelona.cat\/ca\/#\/schema\/person\/0e5acffc350ffdbc97578159322c9452","name":"Pablo","image":{"@type":"ImageObject","inLanguage":"ca","@id":"https:\/\/secure.gravatar.com\/avatar\/c948169b402ef9492afde705c3dfd5e90e1a6a84ef6840a91124f805a25a480f?s=96&d=mm&r=g","url":"https:\/\/secure.gravatar.com\/avatar\/c948169b402ef9492afde705c3dfd5e90e1a6a84ef6840a91124f805a25a480f?s=96&d=mm&r=g","contentUrl":"https:\/\/secure.gravatar.com\/avatar\/c948169b402ef9492afde705c3dfd5e90e1a6a84ef6840a91124f805a25a480f?s=96&d=mm&r=g","caption":"Pablo"},"url":"https:\/\/www.sindicaturabarcelona.cat\/ca\/author\/pablo\/"}]}},"_links":{"self":[{"href":"https:\/\/www.sindicaturabarcelona.cat\/ca\/wp-json\/wp\/v2\/posts\/42905","targetHints":{"allow":["GET"]}}],"collection":[{"href":"https:\/\/www.sindicaturabarcelona.cat\/ca\/wp-json\/wp\/v2\/posts"}],"about":[{"href":"https:\/\/www.sindicaturabarcelona.cat\/ca\/wp-json\/wp\/v2\/types\/post"}],"author":[{"embeddable":true,"href":"https:\/\/www.sindicaturabarcelona.cat\/ca\/wp-json\/wp\/v2\/users\/2"}],"replies":[{"embeddable":true,"href":"https:\/\/www.sindicaturabarcelona.cat\/ca\/wp-json\/wp\/v2\/comments?post=42905"}],"version-history":[{"count":1,"href":"https:\/\/www.sindicaturabarcelona.cat\/ca\/wp-json\/wp\/v2\/posts\/42905\/revisions"}],"predecessor-version":[{"id":42909,"href":"https:\/\/www.sindicaturabarcelona.cat\/ca\/wp-json\/wp\/v2\/posts\/42905\/revisions\/42909"}],"wp:featuredmedia":[{"embeddable":true,"href":"https:\/\/www.sindicaturabarcelona.cat\/ca\/wp-json\/wp\/v2\/media\/42906"}],"wp:attachment":[{"href":"https:\/\/www.sindicaturabarcelona.cat\/ca\/wp-json\/wp\/v2\/media?parent=42905"}],"wp:term":[{"taxonomy":"post_tag","embeddable":true,"href":"https:\/\/www.sindicaturabarcelona.cat\/ca\/wp-json\/wp\/v2\/tags?post=42905"},{"taxonomy":"drets","embeddable":true,"href":"https:\/\/www.sindicaturabarcelona.cat\/ca\/wp-json\/wp\/v2\/drets?post=42905"}],"curies":[{"name":"wp","href":"https:\/\/api.w.org\/{rel}","templated":true}]}}