{"id":42879,"date":"2026-06-01T12:09:32","date_gmt":"2026-06-01T10:09:32","guid":{"rendered":"https:\/\/www.sindicaturabarcelona.cat\/?p=42879"},"modified":"2026-06-11T16:03:12","modified_gmt":"2026-06-11T14:03:12","slug":"comenca-la-fase-de-suport-a-les-candidatures-a-la-sindicatura-de-greuges-de-barcelona","status":"publish","type":"post","link":"https:\/\/www.sindicaturabarcelona.cat\/ca\/comenca-la-fase-de-suport-a-les-candidatures-a-la-sindicatura-de-greuges-de-barcelona\/","title":{"rendered":"Comen\u00e7a la fase de suport a les candidatures a la Sindicatura de Greuges de Barcelona"},"content":{"rendered":"\n<p><strong>Dilluns 1 de juny de 2026 \u2013<\/strong> A partir d\u2019aquest dilluns 1 de juny la ciutadania i les entitats de Barcelona poden donar el seu suport a una de les <a href=\"https:\/\/www.sindicaturabarcelona.cat\/ca\/dues-candidatures-opten-al-carrec-de-sindic-o-sindica-de-greuges-de-barcelona-per-al-periode-2026-2031\/\" target=\"_blank\" rel=\"noreferrer noopener\">dues candidatures a la Sindicatura de Greuges de Barcelona<\/a>. El proc\u00e9s durar\u00e0 un mes, fins al 30 de juny, i es dur\u00e0 a terme <a href=\"https:\/\/www.decidim.barcelona\/processes\/elecciosindicaturaBCN\/f\/7149\/proposals\" target=\"_blank\" rel=\"noreferrer noopener\">mitjan\u00e7ant la plataforma Decidim.Barcelona.<\/a><\/p>\n\n\n\n<p><strong>Aquest proc\u00e9s participatiu, de car\u00e0cter no vinculant, \u00e9s dirigit a les persones empadronades a Barcelona a partir de 16 anys i a les entitats inscrites en el Registre d\u2019Entitats Municipals<\/strong>.<\/p>\n\n\n\n<p>Amb l\u2019objectiu de facilitar la participaci\u00f3, durant el mes de juny l\u2019Ajuntament&nbsp;tamb\u00e9&nbsp;ha habilitat&nbsp;<a href=\"https:\/\/www.decidim.barcelona\/processes\/elecciosindicaturaBCN\/f\/7138\/meetings\" target=\"_blank\" rel=\"noreferrer noopener\">punts d\u2019acompanyament presencial&nbsp;als deu districtes de la ciutat<\/a> per informar i orientar la ciutadania i les entitats sobre el funcionament de la fase de recollida de suports.&nbsp;<\/p>\n\n\n\n<h2 class=\"wp-block-heading\"><strong>Enlla\u00e7os d\u2019inter\u00e8s<\/strong><\/h2>\n\n\n\n<ul class=\"wp-block-list\">\n<li><a href=\"https:\/\/ajbcn-decidim-barcelona.s3.eu-west-1.amazonaws.com\/j7xtqujqqakf91cuygglenyx2oel\" target=\"_blank\" rel=\"noreferrer noopener\">Programa electoral de la candidatura de David Bondia<\/a><\/li>\n\n\n\n<li><a href=\"https:\/\/ajbcn-decidim-barcelona.s3.eu-west-1.amazonaws.com\/p2ts1qxuzmo4a6lrfun74uvmwfh3\" target=\"_blank\" rel=\"noreferrer noopener\">Programa electoral de la candidatura de Gemma Calvet<\/a><\/li>\n\n\n\n<li><a href=\"https:\/\/www.decidim.barcelona\/processes\/elecciosindicaturaBCN\/f\/7149\/proposals\" target=\"_blank\" rel=\"noreferrer noopener\">Suport ciutad\u00e0 a qualsevol de les dues candidatures<\/a><\/li>\n\n\n\n<li><a href=\"http:\/\/www.decidim.barcelona\/processes\/elecciosindicaturaBCN\/f\/7162\/surveys\/817\" target=\"_blank\" rel=\"noreferrer noopener\">Formulari d&#8217;adhesi\u00f3 per a entitats<\/a><\/li>\n<\/ul>\n\n\n\n<p class=\"has-small-font-size\">*Aquest article ha estat elaborat amb l&#8217;assist\u00e8ncia de l&#8217;eina Copilot de l&#8217;Ajuntament de Barcelona.<\/p>\n","protected":false},"excerpt":{"rendered":"<p>Dilluns 1 de juny de 2026 \u2013 A partir d\u2019aquest dilluns 1 de juny la ciutadania i les entitats de Barcelona poden donar el seu suport a una de les [&hellip;]<\/p>\n","protected":false},"author":2,"featured_media":42743,"comment_status":"closed","ping_status":"closed","sticky":false,"template":"","format":"standard","meta":{"_acf_changed":false,"footnotes":""},"tags":[],"drets":[],"class_list":["post-42879","post","type-post","status-publish","format-standard","has-post-thumbnail","hentry"],"acf":[],"yoast_head":"<!-- This site is optimized with the Yoast SEO plugin v27.5 - https:\/\/yoast.com\/product\/yoast-seo-wordpress\/ -->\n<title>Comen\u00e7a la fase de suport a les candidatures a la Sindicatura de Greuges de Barcelona - Sindicatura de Greuges de Barcelona<\/title>\n<meta name=\"description\" content=\"El proc\u00e9s durar\u00e0 un mes, fins al 30 de juny, i es dur\u00e0 a terme mitjan\u00e7ant la plataforma Decidim.Barcelona.\" \/>\n<meta name=\"robots\" content=\"index, follow, max-snippet:-1, max-image-preview:large, max-video-preview:-1\" \/>\n<link rel=\"canonical\" href=\"https:\/\/www.sindicaturabarcelona.cat\/ca\/comenca-la-fase-de-suport-a-les-candidatures-a-la-sindicatura-de-greuges-de-barcelona\/\" \/>\n<meta property=\"og:locale\" content=\"ca_ES\" \/>\n<meta property=\"og:type\" content=\"article\" \/>\n<meta property=\"og:title\" content=\"Comen\u00e7a la fase de suport a les candidatures a la Sindicatura de Greuges de Barcelona - Sindicatura de Greuges de Barcelona\" \/>\n<meta property=\"og:description\" content=\"El proc\u00e9s durar\u00e0 un mes, fins al 30 de juny, i es dur\u00e0 a terme mitjan\u00e7ant la plataforma Decidim.Barcelona.\" \/>\n<meta property=\"og:url\" content=\"https:\/\/www.sindicaturabarcelona.cat\/ca\/comenca-la-fase-de-suport-a-les-candidatures-a-la-sindicatura-de-greuges-de-barcelona\/\" \/>\n<meta property=\"og:site_name\" content=\"Sindicatura de Greuges de Barcelona\" \/>\n<meta property=\"article:published_time\" content=\"2026-06-01T10:09:32+00:00\" \/>\n<meta property=\"article:modified_time\" content=\"2026-06-11T14:03:12+00:00\" \/>\n<meta property=\"og:image\" content=\"https:\/\/www.sindicaturabarcelona.cat\/wp-content\/uploads\/IMG_5591-711x533-1.jpeg\" \/>\n\t<meta property=\"og:image:width\" content=\"711\" \/>\n\t<meta property=\"og:image:height\" content=\"533\" \/>\n\t<meta property=\"og:image:type\" content=\"image\/jpeg\" \/>\n<meta name=\"author\" content=\"Pablo\" \/>\n<meta name=\"twitter:card\" content=\"summary_large_image\" \/>\n<meta name=\"twitter:creator\" content=\"@sindicbarcelona\" \/>\n<meta name=\"twitter:site\" content=\"@sindicbarcelona\" \/>\n<meta name=\"twitter:label1\" content=\"Escrit per\" \/>\n\t<meta name=\"twitter:data1\" content=\"Pablo\" \/>\n\t<meta name=\"twitter:label2\" content=\"Temps estimat de lectura\" \/>\n\t<meta name=\"twitter:data2\" content=\"2 minuts\" \/>\n<script type=\"application\/ld+json\" class=\"yoast-schema-graph\">{\"@context\":\"https:\\\/\\\/schema.org\",\"@graph\":[{\"@type\":\"Article\",\"@id\":\"https:\\\/\\\/www.sindicaturabarcelona.cat\\\/ca\\\/comenca-la-fase-de-suport-a-les-candidatures-a-la-sindicatura-de-greuges-de-barcelona\\\/#article\",\"isPartOf\":{\"@id\":\"https:\\\/\\\/www.sindicaturabarcelona.cat\\\/ca\\\/comenca-la-fase-de-suport-a-les-candidatures-a-la-sindicatura-de-greuges-de-barcelona\\\/\"},\"author\":{\"name\":\"Pablo\",\"@id\":\"https:\\\/\\\/www.sindicaturabarcelona.cat\\\/ca\\\/#\\\/schema\\\/person\\\/0e5acffc350ffdbc97578159322c9452\"},\"headline\":\"Comen\u00e7a la fase de suport a les candidatures a la Sindicatura de Greuges de Barcelona\",\"datePublished\":\"2026-06-01T10:09:32+00:00\",\"dateModified\":\"2026-06-11T14:03:12+00:00\",\"mainEntityOfPage\":{\"@id\":\"https:\\\/\\\/www.sindicaturabarcelona.cat\\\/ca\\\/comenca-la-fase-de-suport-a-les-candidatures-a-la-sindicatura-de-greuges-de-barcelona\\\/\"},\"wordCount\":209,\"publisher\":{\"@id\":\"https:\\\/\\\/www.sindicaturabarcelona.cat\\\/ca\\\/#organization\"},\"image\":{\"@id\":\"https:\\\/\\\/www.sindicaturabarcelona.cat\\\/ca\\\/comenca-la-fase-de-suport-a-les-candidatures-a-la-sindicatura-de-greuges-de-barcelona\\\/#primaryimage\"},\"thumbnailUrl\":\"https:\\\/\\\/www.sindicaturabarcelona.cat\\\/wp-content\\\/uploads\\\/IMG_5591-711x533-1.jpeg\",\"inLanguage\":\"ca\"},{\"@type\":\"WebPage\",\"@id\":\"https:\\\/\\\/www.sindicaturabarcelona.cat\\\/ca\\\/comenca-la-fase-de-suport-a-les-candidatures-a-la-sindicatura-de-greuges-de-barcelona\\\/\",\"url\":\"https:\\\/\\\/www.sindicaturabarcelona.cat\\\/ca\\\/comenca-la-fase-de-suport-a-les-candidatures-a-la-sindicatura-de-greuges-de-barcelona\\\/\",\"name\":\"Comen\u00e7a la fase de suport a les candidatures a la Sindicatura de Greuges de Barcelona - Sindicatura de Greuges de Barcelona\",\"isPartOf\":{\"@id\":\"https:\\\/\\\/www.sindicaturabarcelona.cat\\\/ca\\\/#website\"},\"primaryImageOfPage\":{\"@id\":\"https:\\\/\\\/www.sindicaturabarcelona.cat\\\/ca\\\/comenca-la-fase-de-suport-a-les-candidatures-a-la-sindicatura-de-greuges-de-barcelona\\\/#primaryimage\"},\"image\":{\"@id\":\"https:\\\/\\\/www.sindicaturabarcelona.cat\\\/ca\\\/comenca-la-fase-de-suport-a-les-candidatures-a-la-sindicatura-de-greuges-de-barcelona\\\/#primaryimage\"},\"thumbnailUrl\":\"https:\\\/\\\/www.sindicaturabarcelona.cat\\\/wp-content\\\/uploads\\\/IMG_5591-711x533-1.jpeg\",\"datePublished\":\"2026-06-01T10:09:32+00:00\",\"dateModified\":\"2026-06-11T14:03:12+00:00\",\"description\":\"El proc\u00e9s durar\u00e0 un mes, fins al 30 de juny, i es dur\u00e0 a terme mitjan\u00e7ant la plataforma Decidim.Barcelona.\",\"breadcrumb\":{\"@id\":\"https:\\\/\\\/www.sindicaturabarcelona.cat\\\/ca\\\/comenca-la-fase-de-suport-a-les-candidatures-a-la-sindicatura-de-greuges-de-barcelona\\\/#breadcrumb\"},\"inLanguage\":\"ca\",\"potentialAction\":[{\"@type\":\"ReadAction\",\"target\":[\"https:\\\/\\\/www.sindicaturabarcelona.cat\\\/ca\\\/comenca-la-fase-de-suport-a-les-candidatures-a-la-sindicatura-de-greuges-de-barcelona\\\/\"]}]},{\"@type\":\"ImageObject\",\"inLanguage\":\"ca\",\"@id\":\"https:\\\/\\\/www.sindicaturabarcelona.cat\\\/ca\\\/comenca-la-fase-de-suport-a-les-candidatures-a-la-sindicatura-de-greuges-de-barcelona\\\/#primaryimage\",\"url\":\"https:\\\/\\\/www.sindicaturabarcelona.cat\\\/wp-content\\\/uploads\\\/IMG_5591-711x533-1.jpeg\",\"contentUrl\":\"https:\\\/\\\/www.sindicaturabarcelona.cat\\\/wp-content\\\/uploads\\\/IMG_5591-711x533-1.jpeg\",\"width\":711,\"height\":533},{\"@type\":\"BreadcrumbList\",\"@id\":\"https:\\\/\\\/www.sindicaturabarcelona.cat\\\/ca\\\/comenca-la-fase-de-suport-a-les-candidatures-a-la-sindicatura-de-greuges-de-barcelona\\\/#breadcrumb\",\"itemListElement\":[{\"@type\":\"ListItem\",\"position\":1,\"name\":\"Inici\",\"item\":\"https:\\\/\\\/www.sindicaturabarcelona.cat\\\/ca\\\/\"},{\"@type\":\"ListItem\",\"position\":2,\"name\":\"Comen\u00e7a la fase de suport a les candidatures a la Sindicatura de Greuges de Barcelona\"}]},{\"@type\":\"WebSite\",\"@id\":\"https:\\\/\\\/www.sindicaturabarcelona.cat\\\/ca\\\/#website\",\"url\":\"https:\\\/\\\/www.sindicaturabarcelona.cat\\\/ca\\\/\",\"name\":\"Sindicatura de Greuges de Barcelona\",\"description\":\"La defensoria dels teus drets\",\"publisher\":{\"@id\":\"https:\\\/\\\/www.sindicaturabarcelona.cat\\\/ca\\\/#organization\"},\"potentialAction\":[{\"@type\":\"SearchAction\",\"target\":{\"@type\":\"EntryPoint\",\"urlTemplate\":\"https:\\\/\\\/www.sindicaturabarcelona.cat\\\/ca\\\/?s={search_term_string}\"},\"query-input\":{\"@type\":\"PropertyValueSpecification\",\"valueRequired\":true,\"valueName\":\"search_term_string\"}}],\"inLanguage\":\"ca\"},{\"@type\":\"Organization\",\"@id\":\"https:\\\/\\\/www.sindicaturabarcelona.cat\\\/ca\\\/#organization\",\"name\":\"Sindicatura de Greuges de Barcelona\",\"url\":\"https:\\\/\\\/www.sindicaturabarcelona.cat\\\/ca\\\/\",\"logo\":{\"@type\":\"ImageObject\",\"inLanguage\":\"ca\",\"@id\":\"https:\\\/\\\/www.sindicaturabarcelona.cat\\\/ca\\\/#\\\/schema\\\/logo\\\/image\\\/\",\"url\":\"https:\\\/\\\/www.sindicaturabarcelona.cat\\\/wp-content\\\/uploads\\\/2023\\\/02\\\/logo_sindicatura.svg\",\"contentUrl\":\"https:\\\/\\\/www.sindicaturabarcelona.cat\\\/wp-content\\\/uploads\\\/2023\\\/02\\\/logo_sindicatura.svg\",\"caption\":\"Sindicatura de Greuges de Barcelona\"},\"image\":{\"@id\":\"https:\\\/\\\/www.sindicaturabarcelona.cat\\\/ca\\\/#\\\/schema\\\/logo\\\/image\\\/\"},\"sameAs\":[\"https:\\\/\\\/x.com\\\/sindicbarcelona\",\"https:\\\/\\\/www.instagram.com\\\/sindicbarcelona\\\/\",\"https:\\\/\\\/www.tiktok.com\\\/@sindicaturabcn\",\"https:\\\/\\\/t.me\\\/sindicaturabarcelona\"]},{\"@type\":\"Person\",\"@id\":\"https:\\\/\\\/www.sindicaturabarcelona.cat\\\/ca\\\/#\\\/schema\\\/person\\\/0e5acffc350ffdbc97578159322c9452\",\"name\":\"Pablo\",\"image\":{\"@type\":\"ImageObject\",\"inLanguage\":\"ca\",\"@id\":\"https:\\\/\\\/secure.gravatar.com\\\/avatar\\\/c948169b402ef9492afde705c3dfd5e90e1a6a84ef6840a91124f805a25a480f?s=96&d=mm&r=g\",\"url\":\"https:\\\/\\\/secure.gravatar.com\\\/avatar\\\/c948169b402ef9492afde705c3dfd5e90e1a6a84ef6840a91124f805a25a480f?s=96&d=mm&r=g\",\"contentUrl\":\"https:\\\/\\\/secure.gravatar.com\\\/avatar\\\/c948169b402ef9492afde705c3dfd5e90e1a6a84ef6840a91124f805a25a480f?s=96&d=mm&r=g\",\"caption\":\"Pablo\"},\"url\":\"https:\\\/\\\/www.sindicaturabarcelona.cat\\\/ca\\\/author\\\/pablo\\\/\"}]}<\/script>\n<!-- \/ Yoast SEO plugin. -->","yoast_head_json":{"title":"Comen\u00e7a la fase de suport a les candidatures a la Sindicatura de Greuges de Barcelona - Sindicatura de Greuges de Barcelona","description":"El proc\u00e9s durar\u00e0 un mes, fins al 30 de juny, i es dur\u00e0 a terme mitjan\u00e7ant la plataforma Decidim.Barcelona.","robots":{"index":"index","follow":"follow","max-snippet":"max-snippet:-1","max-image-preview":"max-image-preview:large","max-video-preview":"max-video-preview:-1"},"canonical":"https:\/\/www.sindicaturabarcelona.cat\/ca\/comenca-la-fase-de-suport-a-les-candidatures-a-la-sindicatura-de-greuges-de-barcelona\/","og_locale":"ca_ES","og_type":"article","og_title":"Comen\u00e7a la fase de suport a les candidatures a la Sindicatura de Greuges de Barcelona - Sindicatura de Greuges de Barcelona","og_description":"El proc\u00e9s durar\u00e0 un mes, fins al 30 de juny, i es dur\u00e0 a terme mitjan\u00e7ant la plataforma Decidim.Barcelona.","og_url":"https:\/\/www.sindicaturabarcelona.cat\/ca\/comenca-la-fase-de-suport-a-les-candidatures-a-la-sindicatura-de-greuges-de-barcelona\/","og_site_name":"Sindicatura de Greuges de Barcelona","article_published_time":"2026-06-01T10:09:32+00:00","article_modified_time":"2026-06-11T14:03:12+00:00","og_image":[{"width":711,"height":533,"url":"https:\/\/www.sindicaturabarcelona.cat\/wp-content\/uploads\/IMG_5591-711x533-1.jpeg","type":"image\/jpeg"}],"author":"Pablo","twitter_card":"summary_large_image","twitter_creator":"@sindicbarcelona","twitter_site":"@sindicbarcelona","twitter_misc":{"Escrit per":"Pablo","Temps estimat de lectura":"2 minuts"},"schema":{"@context":"https:\/\/schema.org","@graph":[{"@type":"Article","@id":"https:\/\/www.sindicaturabarcelona.cat\/ca\/comenca-la-fase-de-suport-a-les-candidatures-a-la-sindicatura-de-greuges-de-barcelona\/#article","isPartOf":{"@id":"https:\/\/www.sindicaturabarcelona.cat\/ca\/comenca-la-fase-de-suport-a-les-candidatures-a-la-sindicatura-de-greuges-de-barcelona\/"},"author":{"name":"Pablo","@id":"https:\/\/www.sindicaturabarcelona.cat\/ca\/#\/schema\/person\/0e5acffc350ffdbc97578159322c9452"},"headline":"Comen\u00e7a la fase de suport a les candidatures a la Sindicatura de Greuges de Barcelona","datePublished":"2026-06-01T10:09:32+00:00","dateModified":"2026-06-11T14:03:12+00:00","mainEntityOfPage":{"@id":"https:\/\/www.sindicaturabarcelona.cat\/ca\/comenca-la-fase-de-suport-a-les-candidatures-a-la-sindicatura-de-greuges-de-barcelona\/"},"wordCount":209,"publisher":{"@id":"https:\/\/www.sindicaturabarcelona.cat\/ca\/#organization"},"image":{"@id":"https:\/\/www.sindicaturabarcelona.cat\/ca\/comenca-la-fase-de-suport-a-les-candidatures-a-la-sindicatura-de-greuges-de-barcelona\/#primaryimage"},"thumbnailUrl":"https:\/\/www.sindicaturabarcelona.cat\/wp-content\/uploads\/IMG_5591-711x533-1.jpeg","inLanguage":"ca"},{"@type":"WebPage","@id":"https:\/\/www.sindicaturabarcelona.cat\/ca\/comenca-la-fase-de-suport-a-les-candidatures-a-la-sindicatura-de-greuges-de-barcelona\/","url":"https:\/\/www.sindicaturabarcelona.cat\/ca\/comenca-la-fase-de-suport-a-les-candidatures-a-la-sindicatura-de-greuges-de-barcelona\/","name":"Comen\u00e7a la fase de suport a les candidatures a la Sindicatura de Greuges de Barcelona - Sindicatura de Greuges de Barcelona","isPartOf":{"@id":"https:\/\/www.sindicaturabarcelona.cat\/ca\/#website"},"primaryImageOfPage":{"@id":"https:\/\/www.sindicaturabarcelona.cat\/ca\/comenca-la-fase-de-suport-a-les-candidatures-a-la-sindicatura-de-greuges-de-barcelona\/#primaryimage"},"image":{"@id":"https:\/\/www.sindicaturabarcelona.cat\/ca\/comenca-la-fase-de-suport-a-les-candidatures-a-la-sindicatura-de-greuges-de-barcelona\/#primaryimage"},"thumbnailUrl":"https:\/\/www.sindicaturabarcelona.cat\/wp-content\/uploads\/IMG_5591-711x533-1.jpeg","datePublished":"2026-06-01T10:09:32+00:00","dateModified":"2026-06-11T14:03:12+00:00","description":"El proc\u00e9s durar\u00e0 un mes, fins al 30 de juny, i es dur\u00e0 a terme mitjan\u00e7ant la plataforma Decidim.Barcelona.","breadcrumb":{"@id":"https:\/\/www.sindicaturabarcelona.cat\/ca\/comenca-la-fase-de-suport-a-les-candidatures-a-la-sindicatura-de-greuges-de-barcelona\/#breadcrumb"},"inLanguage":"ca","potentialAction":[{"@type":"ReadAction","target":["https:\/\/www.sindicaturabarcelona.cat\/ca\/comenca-la-fase-de-suport-a-les-candidatures-a-la-sindicatura-de-greuges-de-barcelona\/"]}]},{"@type":"ImageObject","inLanguage":"ca","@id":"https:\/\/www.sindicaturabarcelona.cat\/ca\/comenca-la-fase-de-suport-a-les-candidatures-a-la-sindicatura-de-greuges-de-barcelona\/#primaryimage","url":"https:\/\/www.sindicaturabarcelona.cat\/wp-content\/uploads\/IMG_5591-711x533-1.jpeg","contentUrl":"https:\/\/www.sindicaturabarcelona.cat\/wp-content\/uploads\/IMG_5591-711x533-1.jpeg","width":711,"height":533},{"@type":"BreadcrumbList","@id":"https:\/\/www.sindicaturabarcelona.cat\/ca\/comenca-la-fase-de-suport-a-les-candidatures-a-la-sindicatura-de-greuges-de-barcelona\/#breadcrumb","itemListElement":[{"@type":"ListItem","position":1,"name":"Inici","item":"https:\/\/www.sindicaturabarcelona.cat\/ca\/"},{"@type":"ListItem","position":2,"name":"Comen\u00e7a la fase de suport a les candidatures a la Sindicatura de Greuges de Barcelona"}]},{"@type":"WebSite","@id":"https:\/\/www.sindicaturabarcelona.cat\/ca\/#website","url":"https:\/\/www.sindicaturabarcelona.cat\/ca\/","name":"Sindicatura de Greuges de Barcelona","description":"La defensoria dels teus drets","publisher":{"@id":"https:\/\/www.sindicaturabarcelona.cat\/ca\/#organization"},"potentialAction":[{"@type":"SearchAction","target":{"@type":"EntryPoint","urlTemplate":"https:\/\/www.sindicaturabarcelona.cat\/ca\/?s={search_term_string}"},"query-input":{"@type":"PropertyValueSpecification","valueRequired":true,"valueName":"search_term_string"}}],"inLanguage":"ca"},{"@type":"Organization","@id":"https:\/\/www.sindicaturabarcelona.cat\/ca\/#organization","name":"Sindicatura de Greuges de Barcelona","url":"https:\/\/www.sindicaturabarcelona.cat\/ca\/","logo":{"@type":"ImageObject","inLanguage":"ca","@id":"https:\/\/www.sindicaturabarcelona.cat\/ca\/#\/schema\/logo\/image\/","url":"https:\/\/www.sindicaturabarcelona.cat\/wp-content\/uploads\/2023\/02\/logo_sindicatura.svg","contentUrl":"https:\/\/www.sindicaturabarcelona.cat\/wp-content\/uploads\/2023\/02\/logo_sindicatura.svg","caption":"Sindicatura de Greuges de Barcelona"},"image":{"@id":"https:\/\/www.sindicaturabarcelona.cat\/ca\/#\/schema\/logo\/image\/"},"sameAs":["https:\/\/x.com\/sindicbarcelona","https:\/\/www.instagram.com\/sindicbarcelona\/","https:\/\/www.tiktok.com\/@sindicaturabcn","https:\/\/t.me\/sindicaturabarcelona"]},{"@type":"Person","@id":"https:\/\/www.sindicaturabarcelona.cat\/ca\/#\/schema\/person\/0e5acffc350ffdbc97578159322c9452","name":"Pablo","image":{"@type":"ImageObject","inLanguage":"ca","@id":"https:\/\/secure.gravatar.com\/avatar\/c948169b402ef9492afde705c3dfd5e90e1a6a84ef6840a91124f805a25a480f?s=96&d=mm&r=g","url":"https:\/\/secure.gravatar.com\/avatar\/c948169b402ef9492afde705c3dfd5e90e1a6a84ef6840a91124f805a25a480f?s=96&d=mm&r=g","contentUrl":"https:\/\/secure.gravatar.com\/avatar\/c948169b402ef9492afde705c3dfd5e90e1a6a84ef6840a91124f805a25a480f?s=96&d=mm&r=g","caption":"Pablo"},"url":"https:\/\/www.sindicaturabarcelona.cat\/ca\/author\/pablo\/"}]}},"_links":{"self":[{"href":"https:\/\/www.sindicaturabarcelona.cat\/ca\/wp-json\/wp\/v2\/posts\/42879","targetHints":{"allow":["GET"]}}],"collection":[{"href":"https:\/\/www.sindicaturabarcelona.cat\/ca\/wp-json\/wp\/v2\/posts"}],"about":[{"href":"https:\/\/www.sindicaturabarcelona.cat\/ca\/wp-json\/wp\/v2\/types\/post"}],"author":[{"embeddable":true,"href":"https:\/\/www.sindicaturabarcelona.cat\/ca\/wp-json\/wp\/v2\/users\/2"}],"replies":[{"embeddable":true,"href":"https:\/\/www.sindicaturabarcelona.cat\/ca\/wp-json\/wp\/v2\/comments?post=42879"}],"version-history":[{"count":2,"href":"https:\/\/www.sindicaturabarcelona.cat\/ca\/wp-json\/wp\/v2\/posts\/42879\/revisions"}],"predecessor-version":[{"id":43046,"href":"https:\/\/www.sindicaturabarcelona.cat\/ca\/wp-json\/wp\/v2\/posts\/42879\/revisions\/43046"}],"wp:featuredmedia":[{"embeddable":true,"href":"https:\/\/www.sindicaturabarcelona.cat\/ca\/wp-json\/wp\/v2\/media\/42743"}],"wp:attachment":[{"href":"https:\/\/www.sindicaturabarcelona.cat\/ca\/wp-json\/wp\/v2\/media?parent=42879"}],"wp:term":[{"taxonomy":"post_tag","embeddable":true,"href":"https:\/\/www.sindicaturabarcelona.cat\/ca\/wp-json\/wp\/v2\/tags?post=42879"},{"taxonomy":"drets","embeddable":true,"href":"https:\/\/www.sindicaturabarcelona.cat\/ca\/wp-json\/wp\/v2\/drets?post=42879"}],"curies":[{"name":"wp","href":"https:\/\/api.w.org\/{rel}","templated":true}]}}