{"id":42869,"date":"2026-05-29T07:30:00","date_gmt":"2026-05-29T05:30:00","guid":{"rendered":"https:\/\/www.sindicaturabarcelona.cat\/?p=42869"},"modified":"2026-06-11T16:12:20","modified_gmt":"2026-06-11T14:12:20","slug":"la-sindicatura-recomana-revisar-els-criteris-dacces-a-les-escoles-municipals-de-musica-per-garantir-mes-equitat","status":"publish","type":"post","link":"https:\/\/www.sindicaturabarcelona.cat\/ca\/la-sindicatura-recomana-revisar-els-criteris-dacces-a-les-escoles-municipals-de-musica-per-garantir-mes-equitat\/","title":{"rendered":"La Sindicatura recomana revisar els criteris d\u2019acc\u00e9s a les escoles municipals de m\u00fasica per garantir m\u00e9s equitat"},"content":{"rendered":"\n<h2 class=\"wp-block-heading\"><strong>La defensoria conclou que el sistema actual \u00e9s legal per\u00f2 pot generar desigualtats, i proposa incorporar una major diversitat de criteris per fer-lo m\u00e9s just.<\/strong><\/h2>\n\n\n\n<p><strong>Barcelona, 29 de maig de 2026<\/strong> \u2013 La Sindicatura de Greuges de Barcelona demana revisar el sistema de baremaci\u00f3 de les escoles municipals de m\u00fasica per fer-lo m\u00e9s equitatiu. <a href=\"https:\/\/www.sindicaturabarcelona.cat\/wp-content\/uploads\/202605_Dret-educacio-i-lleure-i-Dret-igualtat-i-diversitat_sistema-de-baremacio-de-les-escoles-municipals-de-musica_26Q274-1.pdf\" target=\"_blank\" rel=\"noreferrer noopener\">En una resoluci\u00f3 recent<\/a>, conclou que el model actual compleix la normativa, per\u00f2 pot limitar les oportunitats d\u2019acc\u00e9s per a una part de les fam\u00edlies.<\/p>\n\n\n\n<p>L\u2019an\u00e0lisi assenyala que <strong>el sistema dona molt pes a determinats col\u00b7lectius i no t\u00e9 en compte altres realitats familiars que s\u00ed que es consideren en altres etapes educatives<\/strong>. Aquesta combinaci\u00f3, sumada a l\u2019oferta redu\u00efda d\u2019escoles municipals de m\u00fasica, pot acabar condicionant qui pot accedir a aquestes escoles.<\/p>\n\n\n\n<h2 class=\"wp-block-heading\"><strong>Un sistema que concentra molta prioritat en alguns perfils<\/strong><\/h2>\n\n\n\n<p>L\u2019actual model de baremaci\u00f3 estableix que, en els programes adre\u00e7ats a infants de 4 a 7 anys, <strong>es reserva fins al 50% de les places per a germans i germanes d\u2019alumnat ja matriculat i per a fills i filles de progenitors o tutors legals que treballen al centre.<\/strong> Quan <strong>la demanda supera les places disponibles, l\u2019assignaci\u00f3 es resol mitjan\u00e7ant un sorteig que diferencia dues llistes<\/strong>: <strong>una primera per a aquests col\u00b7lectius i una altra per a la resta de sol\u00b7licituds.<\/strong><\/p>\n\n\n\n<p><strong>Aquesta configuraci\u00f3<\/strong> situa aquests sup\u00f2sits en una posici\u00f3 clarament preferent i <strong>no t\u00e9 equival\u00e8ncia en altres sistemes educatius sostinguts amb fons p\u00fablics, on els criteris es distribueixen de manera m\u00e9s equilibrada<\/strong>.<\/p>\n\n\n\n<p>Aquest sistema d\u2019acc\u00e9s comporta <strong>que els fills i filles de progenitors o tutors legals que treballen al centre tingui pr\u00e0cticament garantida l\u2019obtenci\u00f3 d\u2019una pla\u00e7a, alhora que redueix significativament les possibilitats d\u2019acc\u00e9s de la resta de fam\u00edlies<\/strong>. Aquesta situaci\u00f3 es veu agreujada pel car\u00e0cter limitat de l\u2019oferta de les escoles municipals de m\u00fasica, que \u00e9s de nom\u00e9s cinc centres a la ciutat de Barcelona.<\/p>\n\n\n\n<h2 class=\"wp-block-heading\"><strong>Criteris d\u2019acc\u00e9s en altres \u00e0mbits educatius<\/strong><\/h2>\n\n\n\n<p>En el conjunt del sistema educatiu p\u00fablic, l\u2019admissi\u00f3 es basa en una combinaci\u00f3 de criteris familiars, territorials, econ\u00f2mics i personals. Els principals s\u00f3n la pres\u00e8ncia de germans al centre o progenitors que hi treballen, la proximitat del domicili o del lloc de feina, el nivell de renda familiar i les situacions de discapacitat.<\/p>\n\n\n\n<p><strong>A les escoles bressol<\/strong>, aquests criteris es concreten en un sistema de punts: tenen m\u00e9s pes els germans escolaritzats, seguits de la proximitat, la situaci\u00f3 econ\u00f2mica o la discapacitat, mentre que <strong>altres circumst\u00e0ncies familiars i personals<\/strong> (fam\u00edlia nombrosa o monoparental, part m\u00faltiple, acreditaci\u00f3 de condici\u00f3 de viol\u00e8ncia de g\u00e8nere o viol\u00e8ncia terrorista, entre altres) <strong>tamb\u00e9 s\u2019hi incorporen amb una ponderaci\u00f3 espec\u00edfica<\/strong>.<\/p>\n\n\n\n<p><strong>En els ensenyaments d\u2019infantil, prim\u00e0ria, secund\u00e0ria i batxillerat<\/strong>, el model diferencia entre criteris prioritaris (germans escolaritzats, proximitat, situaci\u00f3 econ\u00f2mica i, en el cas del batxillerat, acad\u00e8mics) i <strong>criteris complementaris<\/strong> (fam\u00edlia nombrosa o monoparental, part m\u00faltiple, acreditaci\u00f3 de condici\u00f3 de viol\u00e8ncia de g\u00e8nere o viol\u00e8ncia terrorista, entre altres), <strong>que s\u2019apliquen en cas d\u2019empat<\/strong>.<\/p>\n\n\n\n<p><strong>En conjunt, es tracta d\u2019un sistema que distribueix el pes entre diversos factors per afavorir una assignaci\u00f3 de places m\u00e9s equilibrada.<\/strong><\/p>\n\n\n\n<p>L\u2019an\u00e0lisi comparada posa en relleu que, <strong>tot i que la normativa general no estableix la monoparentalitat, la fam\u00edlia nombrosa o altres condicions com a criteris prioritaris, aquests s\u00ed que s\u00f3n reconeguts en \u00e0mbits educatius com les escoles bressol o els ensenyaments obligatoris<\/strong>, ja sigui com a criteri de puntuaci\u00f3 o de desempat.<\/p>\n\n\n\n<h2 class=\"wp-block-heading\"><strong>Cal revisar el model i avan\u00e7ar cap a una major igualtat d\u2019oportunitats<\/strong><\/h2>\n\n\n\n<p>En aquest context, <strong>la Sindicatura recomana a l\u2019Ajuntament revisar tant la reserva de places per a col\u00b7lectius espec\u00edfics com els criteris de prefer\u00e8ncia en l\u2019assignaci\u00f3. <\/strong>En particular, planteja la <strong>conveni\u00e8ncia d\u2019incorporar la monoparentalitat \u2014i altres circumst\u00e0ncies equivalents\u2014 dins del sistema de baremaci\u00f3<\/strong>.<strong><\/strong><\/p>\n\n\n\n<p>Aquesta mesura, segons la defensoria, <strong>permetria comptar amb una major diversitat de criteris<\/strong>, contribuiria a fer el <strong>sistema m\u00e9s just i proporcionat<\/strong>, afavoriria <strong>l\u2019alineaci\u00f3 amb els criteris aplicats en altres ensenyaments<\/strong>, i refor\u00e7aria els principis d\u2019equitat i <strong>igualtat d\u2019oportunitats en l\u2019acc\u00e9s als serveis educatius municipals<\/strong>.<\/p>\n\n\n\n<p style=\"font-size:13px\">*Aquest article ha estat elaborat amb l&#8217;assist\u00e8ncia de l&#8217;eina Copilot de l&#8217;Ajuntament de Barcelona.<\/p>\n","protected":false},"excerpt":{"rendered":"<p>La defensoria conclou que el sistema actual \u00e9s legal per\u00f2 pot generar desigualtats, i proposa incorporar una major diversitat de criteris per fer-lo m\u00e9s just. Barcelona, 29 de maig de [&hellip;]<\/p>\n","protected":false},"author":2,"featured_media":42870,"comment_status":"closed","ping_status":"closed","sticky":false,"template":"","format":"standard","meta":{"_acf_changed":false,"footnotes":""},"tags":[],"drets":[1428,1430,1442,1458],"class_list":["post-42869","post","type-post","status-publish","format-standard","has-post-thumbnail","hentry","drets-ciutat-equitativa","drets-dret-a-educacio-i-lleure","drets-ciutat-diversa","drets-dret-a-la-igualtat-i-a-la-diversitat"],"acf":[],"yoast_head":"<!-- This site is optimized with the Yoast SEO plugin v27.5 - https:\/\/yoast.com\/product\/yoast-seo-wordpress\/ -->\n<title>La Sindicatura recomana revisar els criteris d\u2019acc\u00e9s a les escoles municipals de m\u00fasica per garantir m\u00e9s equitat - Sindicatura de Greuges de Barcelona<\/title>\n<meta name=\"description\" content=\"La defensoria conclou que el sistema actual \u00e9s legal per\u00f2 pot generar desigualtats, i proposa incorporar una major diversitat de criteris per fer-lo m\u00e9s just.\" \/>\n<meta name=\"robots\" content=\"index, follow, max-snippet:-1, max-image-preview:large, max-video-preview:-1\" \/>\n<link rel=\"canonical\" href=\"https:\/\/www.sindicaturabarcelona.cat\/ca\/la-sindicatura-recomana-revisar-els-criteris-dacces-a-les-escoles-municipals-de-musica-per-garantir-mes-equitat\/\" \/>\n<meta property=\"og:locale\" content=\"ca_ES\" \/>\n<meta property=\"og:type\" content=\"article\" \/>\n<meta property=\"og:title\" content=\"La Sindicatura recomana revisar els criteris d\u2019acc\u00e9s a les escoles municipals de m\u00fasica per garantir m\u00e9s equitat - Sindicatura de Greuges de Barcelona\" \/>\n<meta property=\"og:description\" content=\"La defensoria conclou que el sistema actual \u00e9s legal per\u00f2 pot generar desigualtats, i proposa incorporar una major diversitat de criteris per fer-lo m\u00e9s just.\" \/>\n<meta property=\"og:url\" content=\"https:\/\/www.sindicaturabarcelona.cat\/ca\/la-sindicatura-recomana-revisar-els-criteris-dacces-a-les-escoles-municipals-de-musica-per-garantir-mes-equitat\/\" \/>\n<meta property=\"og:site_name\" content=\"Sindicatura de Greuges de Barcelona\" \/>\n<meta property=\"article:published_time\" content=\"2026-05-29T05:30:00+00:00\" \/>\n<meta property=\"article:modified_time\" content=\"2026-06-11T14:12:20+00:00\" \/>\n<meta property=\"og:image\" content=\"https:\/\/www.sindicaturabarcelona.cat\/wp-content\/uploads\/28555_231102_EMMCanPonsic-14.jpg\" \/>\n\t<meta property=\"og:image:width\" content=\"1534\" \/>\n\t<meta property=\"og:image:height\" content=\"1024\" \/>\n\t<meta property=\"og:image:type\" content=\"image\/jpeg\" \/>\n<meta name=\"author\" content=\"Pablo\" \/>\n<meta name=\"twitter:card\" content=\"summary_large_image\" \/>\n<meta name=\"twitter:creator\" content=\"@sindicbarcelona\" \/>\n<meta name=\"twitter:site\" content=\"@sindicbarcelona\" \/>\n<meta name=\"twitter:label1\" content=\"Escrit per\" \/>\n\t<meta name=\"twitter:data1\" content=\"Pablo\" \/>\n\t<meta name=\"twitter:label2\" content=\"Temps estimat de lectura\" \/>\n\t<meta name=\"twitter:data2\" content=\"4 minuts\" \/>\n<script type=\"application\/ld+json\" class=\"yoast-schema-graph\">{\"@context\":\"https:\\\/\\\/schema.org\",\"@graph\":[{\"@type\":\"Article\",\"@id\":\"https:\\\/\\\/www.sindicaturabarcelona.cat\\\/ca\\\/la-sindicatura-recomana-revisar-els-criteris-dacces-a-les-escoles-municipals-de-musica-per-garantir-mes-equitat\\\/#article\",\"isPartOf\":{\"@id\":\"https:\\\/\\\/www.sindicaturabarcelona.cat\\\/ca\\\/la-sindicatura-recomana-revisar-els-criteris-dacces-a-les-escoles-municipals-de-musica-per-garantir-mes-equitat\\\/\"},\"author\":{\"name\":\"Pablo\",\"@id\":\"https:\\\/\\\/www.sindicaturabarcelona.cat\\\/ca\\\/#\\\/schema\\\/person\\\/0e5acffc350ffdbc97578159322c9452\"},\"headline\":\"La Sindicatura recomana revisar els criteris d\u2019acc\u00e9s a les escoles municipals de m\u00fasica per garantir m\u00e9s equitat\",\"datePublished\":\"2026-05-29T05:30:00+00:00\",\"dateModified\":\"2026-06-11T14:12:20+00:00\",\"mainEntityOfPage\":{\"@id\":\"https:\\\/\\\/www.sindicaturabarcelona.cat\\\/ca\\\/la-sindicatura-recomana-revisar-els-criteris-dacces-a-les-escoles-municipals-de-musica-per-garantir-mes-equitat\\\/\"},\"wordCount\":775,\"publisher\":{\"@id\":\"https:\\\/\\\/www.sindicaturabarcelona.cat\\\/ca\\\/#organization\"},\"image\":{\"@id\":\"https:\\\/\\\/www.sindicaturabarcelona.cat\\\/ca\\\/la-sindicatura-recomana-revisar-els-criteris-dacces-a-les-escoles-municipals-de-musica-per-garantir-mes-equitat\\\/#primaryimage\"},\"thumbnailUrl\":\"https:\\\/\\\/www.sindicaturabarcelona.cat\\\/wp-content\\\/uploads\\\/28555_231102_EMMCanPonsic-14.jpg\",\"inLanguage\":\"ca\"},{\"@type\":\"WebPage\",\"@id\":\"https:\\\/\\\/www.sindicaturabarcelona.cat\\\/ca\\\/la-sindicatura-recomana-revisar-els-criteris-dacces-a-les-escoles-municipals-de-musica-per-garantir-mes-equitat\\\/\",\"url\":\"https:\\\/\\\/www.sindicaturabarcelona.cat\\\/ca\\\/la-sindicatura-recomana-revisar-els-criteris-dacces-a-les-escoles-municipals-de-musica-per-garantir-mes-equitat\\\/\",\"name\":\"La Sindicatura recomana revisar els criteris d\u2019acc\u00e9s a les escoles municipals de m\u00fasica per garantir m\u00e9s equitat - Sindicatura de Greuges de Barcelona\",\"isPartOf\":{\"@id\":\"https:\\\/\\\/www.sindicaturabarcelona.cat\\\/ca\\\/#website\"},\"primaryImageOfPage\":{\"@id\":\"https:\\\/\\\/www.sindicaturabarcelona.cat\\\/ca\\\/la-sindicatura-recomana-revisar-els-criteris-dacces-a-les-escoles-municipals-de-musica-per-garantir-mes-equitat\\\/#primaryimage\"},\"image\":{\"@id\":\"https:\\\/\\\/www.sindicaturabarcelona.cat\\\/ca\\\/la-sindicatura-recomana-revisar-els-criteris-dacces-a-les-escoles-municipals-de-musica-per-garantir-mes-equitat\\\/#primaryimage\"},\"thumbnailUrl\":\"https:\\\/\\\/www.sindicaturabarcelona.cat\\\/wp-content\\\/uploads\\\/28555_231102_EMMCanPonsic-14.jpg\",\"datePublished\":\"2026-05-29T05:30:00+00:00\",\"dateModified\":\"2026-06-11T14:12:20+00:00\",\"description\":\"La defensoria conclou que el sistema actual \u00e9s legal per\u00f2 pot generar desigualtats, i proposa incorporar una major diversitat de criteris per fer-lo m\u00e9s just.\",\"breadcrumb\":{\"@id\":\"https:\\\/\\\/www.sindicaturabarcelona.cat\\\/ca\\\/la-sindicatura-recomana-revisar-els-criteris-dacces-a-les-escoles-municipals-de-musica-per-garantir-mes-equitat\\\/#breadcrumb\"},\"inLanguage\":\"ca\",\"potentialAction\":[{\"@type\":\"ReadAction\",\"target\":[\"https:\\\/\\\/www.sindicaturabarcelona.cat\\\/ca\\\/la-sindicatura-recomana-revisar-els-criteris-dacces-a-les-escoles-municipals-de-musica-per-garantir-mes-equitat\\\/\"]}]},{\"@type\":\"ImageObject\",\"inLanguage\":\"ca\",\"@id\":\"https:\\\/\\\/www.sindicaturabarcelona.cat\\\/ca\\\/la-sindicatura-recomana-revisar-els-criteris-dacces-a-les-escoles-municipals-de-musica-per-garantir-mes-equitat\\\/#primaryimage\",\"url\":\"https:\\\/\\\/www.sindicaturabarcelona.cat\\\/wp-content\\\/uploads\\\/28555_231102_EMMCanPonsic-14.jpg\",\"contentUrl\":\"https:\\\/\\\/www.sindicaturabarcelona.cat\\\/wp-content\\\/uploads\\\/28555_231102_EMMCanPonsic-14.jpg\",\"width\":1534,\"height\":1024},{\"@type\":\"BreadcrumbList\",\"@id\":\"https:\\\/\\\/www.sindicaturabarcelona.cat\\\/ca\\\/la-sindicatura-recomana-revisar-els-criteris-dacces-a-les-escoles-municipals-de-musica-per-garantir-mes-equitat\\\/#breadcrumb\",\"itemListElement\":[{\"@type\":\"ListItem\",\"position\":1,\"name\":\"Inici\",\"item\":\"https:\\\/\\\/www.sindicaturabarcelona.cat\\\/ca\\\/\"},{\"@type\":\"ListItem\",\"position\":2,\"name\":\"La Sindicatura recomana revisar els criteris d\u2019acc\u00e9s a les escoles municipals de m\u00fasica per garantir m\u00e9s equitat\"}]},{\"@type\":\"WebSite\",\"@id\":\"https:\\\/\\\/www.sindicaturabarcelona.cat\\\/ca\\\/#website\",\"url\":\"https:\\\/\\\/www.sindicaturabarcelona.cat\\\/ca\\\/\",\"name\":\"Sindicatura de Greuges de Barcelona\",\"description\":\"La defensoria dels teus drets\",\"publisher\":{\"@id\":\"https:\\\/\\\/www.sindicaturabarcelona.cat\\\/ca\\\/#organization\"},\"potentialAction\":[{\"@type\":\"SearchAction\",\"target\":{\"@type\":\"EntryPoint\",\"urlTemplate\":\"https:\\\/\\\/www.sindicaturabarcelona.cat\\\/ca\\\/?s={search_term_string}\"},\"query-input\":{\"@type\":\"PropertyValueSpecification\",\"valueRequired\":true,\"valueName\":\"search_term_string\"}}],\"inLanguage\":\"ca\"},{\"@type\":\"Organization\",\"@id\":\"https:\\\/\\\/www.sindicaturabarcelona.cat\\\/ca\\\/#organization\",\"name\":\"Sindicatura de Greuges de Barcelona\",\"url\":\"https:\\\/\\\/www.sindicaturabarcelona.cat\\\/ca\\\/\",\"logo\":{\"@type\":\"ImageObject\",\"inLanguage\":\"ca\",\"@id\":\"https:\\\/\\\/www.sindicaturabarcelona.cat\\\/ca\\\/#\\\/schema\\\/logo\\\/image\\\/\",\"url\":\"https:\\\/\\\/www.sindicaturabarcelona.cat\\\/wp-content\\\/uploads\\\/2023\\\/02\\\/logo_sindicatura.svg\",\"contentUrl\":\"https:\\\/\\\/www.sindicaturabarcelona.cat\\\/wp-content\\\/uploads\\\/2023\\\/02\\\/logo_sindicatura.svg\",\"caption\":\"Sindicatura de Greuges de Barcelona\"},\"image\":{\"@id\":\"https:\\\/\\\/www.sindicaturabarcelona.cat\\\/ca\\\/#\\\/schema\\\/logo\\\/image\\\/\"},\"sameAs\":[\"https:\\\/\\\/x.com\\\/sindicbarcelona\",\"https:\\\/\\\/www.instagram.com\\\/sindicbarcelona\\\/\",\"https:\\\/\\\/www.tiktok.com\\\/@sindicaturabcn\",\"https:\\\/\\\/t.me\\\/sindicaturabarcelona\"]},{\"@type\":\"Person\",\"@id\":\"https:\\\/\\\/www.sindicaturabarcelona.cat\\\/ca\\\/#\\\/schema\\\/person\\\/0e5acffc350ffdbc97578159322c9452\",\"name\":\"Pablo\",\"image\":{\"@type\":\"ImageObject\",\"inLanguage\":\"ca\",\"@id\":\"https:\\\/\\\/secure.gravatar.com\\\/avatar\\\/c948169b402ef9492afde705c3dfd5e90e1a6a84ef6840a91124f805a25a480f?s=96&d=mm&r=g\",\"url\":\"https:\\\/\\\/secure.gravatar.com\\\/avatar\\\/c948169b402ef9492afde705c3dfd5e90e1a6a84ef6840a91124f805a25a480f?s=96&d=mm&r=g\",\"contentUrl\":\"https:\\\/\\\/secure.gravatar.com\\\/avatar\\\/c948169b402ef9492afde705c3dfd5e90e1a6a84ef6840a91124f805a25a480f?s=96&d=mm&r=g\",\"caption\":\"Pablo\"},\"url\":\"https:\\\/\\\/www.sindicaturabarcelona.cat\\\/ca\\\/author\\\/pablo\\\/\"}]}<\/script>\n<!-- \/ Yoast SEO plugin. -->","yoast_head_json":{"title":"La Sindicatura recomana revisar els criteris d\u2019acc\u00e9s a les escoles municipals de m\u00fasica per garantir m\u00e9s equitat - Sindicatura de Greuges de Barcelona","description":"La defensoria conclou que el sistema actual \u00e9s legal per\u00f2 pot generar desigualtats, i proposa incorporar una major diversitat de criteris per fer-lo m\u00e9s just.","robots":{"index":"index","follow":"follow","max-snippet":"max-snippet:-1","max-image-preview":"max-image-preview:large","max-video-preview":"max-video-preview:-1"},"canonical":"https:\/\/www.sindicaturabarcelona.cat\/ca\/la-sindicatura-recomana-revisar-els-criteris-dacces-a-les-escoles-municipals-de-musica-per-garantir-mes-equitat\/","og_locale":"ca_ES","og_type":"article","og_title":"La Sindicatura recomana revisar els criteris d\u2019acc\u00e9s a les escoles municipals de m\u00fasica per garantir m\u00e9s equitat - Sindicatura de Greuges de Barcelona","og_description":"La defensoria conclou que el sistema actual \u00e9s legal per\u00f2 pot generar desigualtats, i proposa incorporar una major diversitat de criteris per fer-lo m\u00e9s just.","og_url":"https:\/\/www.sindicaturabarcelona.cat\/ca\/la-sindicatura-recomana-revisar-els-criteris-dacces-a-les-escoles-municipals-de-musica-per-garantir-mes-equitat\/","og_site_name":"Sindicatura de Greuges de Barcelona","article_published_time":"2026-05-29T05:30:00+00:00","article_modified_time":"2026-06-11T14:12:20+00:00","og_image":[{"width":1534,"height":1024,"url":"https:\/\/www.sindicaturabarcelona.cat\/wp-content\/uploads\/28555_231102_EMMCanPonsic-14.jpg","type":"image\/jpeg"}],"author":"Pablo","twitter_card":"summary_large_image","twitter_creator":"@sindicbarcelona","twitter_site":"@sindicbarcelona","twitter_misc":{"Escrit per":"Pablo","Temps estimat de lectura":"4 minuts"},"schema":{"@context":"https:\/\/schema.org","@graph":[{"@type":"Article","@id":"https:\/\/www.sindicaturabarcelona.cat\/ca\/la-sindicatura-recomana-revisar-els-criteris-dacces-a-les-escoles-municipals-de-musica-per-garantir-mes-equitat\/#article","isPartOf":{"@id":"https:\/\/www.sindicaturabarcelona.cat\/ca\/la-sindicatura-recomana-revisar-els-criteris-dacces-a-les-escoles-municipals-de-musica-per-garantir-mes-equitat\/"},"author":{"name":"Pablo","@id":"https:\/\/www.sindicaturabarcelona.cat\/ca\/#\/schema\/person\/0e5acffc350ffdbc97578159322c9452"},"headline":"La Sindicatura recomana revisar els criteris d\u2019acc\u00e9s a les escoles municipals de m\u00fasica per garantir m\u00e9s equitat","datePublished":"2026-05-29T05:30:00+00:00","dateModified":"2026-06-11T14:12:20+00:00","mainEntityOfPage":{"@id":"https:\/\/www.sindicaturabarcelona.cat\/ca\/la-sindicatura-recomana-revisar-els-criteris-dacces-a-les-escoles-municipals-de-musica-per-garantir-mes-equitat\/"},"wordCount":775,"publisher":{"@id":"https:\/\/www.sindicaturabarcelona.cat\/ca\/#organization"},"image":{"@id":"https:\/\/www.sindicaturabarcelona.cat\/ca\/la-sindicatura-recomana-revisar-els-criteris-dacces-a-les-escoles-municipals-de-musica-per-garantir-mes-equitat\/#primaryimage"},"thumbnailUrl":"https:\/\/www.sindicaturabarcelona.cat\/wp-content\/uploads\/28555_231102_EMMCanPonsic-14.jpg","inLanguage":"ca"},{"@type":"WebPage","@id":"https:\/\/www.sindicaturabarcelona.cat\/ca\/la-sindicatura-recomana-revisar-els-criteris-dacces-a-les-escoles-municipals-de-musica-per-garantir-mes-equitat\/","url":"https:\/\/www.sindicaturabarcelona.cat\/ca\/la-sindicatura-recomana-revisar-els-criteris-dacces-a-les-escoles-municipals-de-musica-per-garantir-mes-equitat\/","name":"La Sindicatura recomana revisar els criteris d\u2019acc\u00e9s a les escoles municipals de m\u00fasica per garantir m\u00e9s equitat - Sindicatura de Greuges de Barcelona","isPartOf":{"@id":"https:\/\/www.sindicaturabarcelona.cat\/ca\/#website"},"primaryImageOfPage":{"@id":"https:\/\/www.sindicaturabarcelona.cat\/ca\/la-sindicatura-recomana-revisar-els-criteris-dacces-a-les-escoles-municipals-de-musica-per-garantir-mes-equitat\/#primaryimage"},"image":{"@id":"https:\/\/www.sindicaturabarcelona.cat\/ca\/la-sindicatura-recomana-revisar-els-criteris-dacces-a-les-escoles-municipals-de-musica-per-garantir-mes-equitat\/#primaryimage"},"thumbnailUrl":"https:\/\/www.sindicaturabarcelona.cat\/wp-content\/uploads\/28555_231102_EMMCanPonsic-14.jpg","datePublished":"2026-05-29T05:30:00+00:00","dateModified":"2026-06-11T14:12:20+00:00","description":"La defensoria conclou que el sistema actual \u00e9s legal per\u00f2 pot generar desigualtats, i proposa incorporar una major diversitat de criteris per fer-lo m\u00e9s just.","breadcrumb":{"@id":"https:\/\/www.sindicaturabarcelona.cat\/ca\/la-sindicatura-recomana-revisar-els-criteris-dacces-a-les-escoles-municipals-de-musica-per-garantir-mes-equitat\/#breadcrumb"},"inLanguage":"ca","potentialAction":[{"@type":"ReadAction","target":["https:\/\/www.sindicaturabarcelona.cat\/ca\/la-sindicatura-recomana-revisar-els-criteris-dacces-a-les-escoles-municipals-de-musica-per-garantir-mes-equitat\/"]}]},{"@type":"ImageObject","inLanguage":"ca","@id":"https:\/\/www.sindicaturabarcelona.cat\/ca\/la-sindicatura-recomana-revisar-els-criteris-dacces-a-les-escoles-municipals-de-musica-per-garantir-mes-equitat\/#primaryimage","url":"https:\/\/www.sindicaturabarcelona.cat\/wp-content\/uploads\/28555_231102_EMMCanPonsic-14.jpg","contentUrl":"https:\/\/www.sindicaturabarcelona.cat\/wp-content\/uploads\/28555_231102_EMMCanPonsic-14.jpg","width":1534,"height":1024},{"@type":"BreadcrumbList","@id":"https:\/\/www.sindicaturabarcelona.cat\/ca\/la-sindicatura-recomana-revisar-els-criteris-dacces-a-les-escoles-municipals-de-musica-per-garantir-mes-equitat\/#breadcrumb","itemListElement":[{"@type":"ListItem","position":1,"name":"Inici","item":"https:\/\/www.sindicaturabarcelona.cat\/ca\/"},{"@type":"ListItem","position":2,"name":"La Sindicatura recomana revisar els criteris d\u2019acc\u00e9s a les escoles municipals de m\u00fasica per garantir m\u00e9s equitat"}]},{"@type":"WebSite","@id":"https:\/\/www.sindicaturabarcelona.cat\/ca\/#website","url":"https:\/\/www.sindicaturabarcelona.cat\/ca\/","name":"Sindicatura de Greuges de Barcelona","description":"La defensoria dels teus drets","publisher":{"@id":"https:\/\/www.sindicaturabarcelona.cat\/ca\/#organization"},"potentialAction":[{"@type":"SearchAction","target":{"@type":"EntryPoint","urlTemplate":"https:\/\/www.sindicaturabarcelona.cat\/ca\/?s={search_term_string}"},"query-input":{"@type":"PropertyValueSpecification","valueRequired":true,"valueName":"search_term_string"}}],"inLanguage":"ca"},{"@type":"Organization","@id":"https:\/\/www.sindicaturabarcelona.cat\/ca\/#organization","name":"Sindicatura de Greuges de Barcelona","url":"https:\/\/www.sindicaturabarcelona.cat\/ca\/","logo":{"@type":"ImageObject","inLanguage":"ca","@id":"https:\/\/www.sindicaturabarcelona.cat\/ca\/#\/schema\/logo\/image\/","url":"https:\/\/www.sindicaturabarcelona.cat\/wp-content\/uploads\/2023\/02\/logo_sindicatura.svg","contentUrl":"https:\/\/www.sindicaturabarcelona.cat\/wp-content\/uploads\/2023\/02\/logo_sindicatura.svg","caption":"Sindicatura de Greuges de Barcelona"},"image":{"@id":"https:\/\/www.sindicaturabarcelona.cat\/ca\/#\/schema\/logo\/image\/"},"sameAs":["https:\/\/x.com\/sindicbarcelona","https:\/\/www.instagram.com\/sindicbarcelona\/","https:\/\/www.tiktok.com\/@sindicaturabcn","https:\/\/t.me\/sindicaturabarcelona"]},{"@type":"Person","@id":"https:\/\/www.sindicaturabarcelona.cat\/ca\/#\/schema\/person\/0e5acffc350ffdbc97578159322c9452","name":"Pablo","image":{"@type":"ImageObject","inLanguage":"ca","@id":"https:\/\/secure.gravatar.com\/avatar\/c948169b402ef9492afde705c3dfd5e90e1a6a84ef6840a91124f805a25a480f?s=96&d=mm&r=g","url":"https:\/\/secure.gravatar.com\/avatar\/c948169b402ef9492afde705c3dfd5e90e1a6a84ef6840a91124f805a25a480f?s=96&d=mm&r=g","contentUrl":"https:\/\/secure.gravatar.com\/avatar\/c948169b402ef9492afde705c3dfd5e90e1a6a84ef6840a91124f805a25a480f?s=96&d=mm&r=g","caption":"Pablo"},"url":"https:\/\/www.sindicaturabarcelona.cat\/ca\/author\/pablo\/"}]}},"_links":{"self":[{"href":"https:\/\/www.sindicaturabarcelona.cat\/ca\/wp-json\/wp\/v2\/posts\/42869","targetHints":{"allow":["GET"]}}],"collection":[{"href":"https:\/\/www.sindicaturabarcelona.cat\/ca\/wp-json\/wp\/v2\/posts"}],"about":[{"href":"https:\/\/www.sindicaturabarcelona.cat\/ca\/wp-json\/wp\/v2\/types\/post"}],"author":[{"embeddable":true,"href":"https:\/\/www.sindicaturabarcelona.cat\/ca\/wp-json\/wp\/v2\/users\/2"}],"replies":[{"embeddable":true,"href":"https:\/\/www.sindicaturabarcelona.cat\/ca\/wp-json\/wp\/v2\/comments?post=42869"}],"version-history":[{"count":3,"href":"https:\/\/www.sindicaturabarcelona.cat\/ca\/wp-json\/wp\/v2\/posts\/42869\/revisions"}],"predecessor-version":[{"id":43059,"href":"https:\/\/www.sindicaturabarcelona.cat\/ca\/wp-json\/wp\/v2\/posts\/42869\/revisions\/43059"}],"wp:featuredmedia":[{"embeddable":true,"href":"https:\/\/www.sindicaturabarcelona.cat\/ca\/wp-json\/wp\/v2\/media\/42870"}],"wp:attachment":[{"href":"https:\/\/www.sindicaturabarcelona.cat\/ca\/wp-json\/wp\/v2\/media?parent=42869"}],"wp:term":[{"taxonomy":"post_tag","embeddable":true,"href":"https:\/\/www.sindicaturabarcelona.cat\/ca\/wp-json\/wp\/v2\/tags?post=42869"},{"taxonomy":"drets","embeddable":true,"href":"https:\/\/www.sindicaturabarcelona.cat\/ca\/wp-json\/wp\/v2\/drets?post=42869"}],"curies":[{"name":"wp","href":"https:\/\/api.w.org\/{rel}","templated":true}]}}