{"id":42773,"date":"2026-05-21T11:28:12","date_gmt":"2026-05-21T09:28:12","guid":{"rendered":"https:\/\/www.sindicaturabarcelona.cat\/?p=42773"},"modified":"2026-05-21T11:28:13","modified_gmt":"2026-05-21T09:28:13","slug":"dues-candidatures-opten-al-carrec-de-sindic-o-sindica-de-greuges-de-barcelona-per-al-periode-2026-2031","status":"publish","type":"post","link":"https:\/\/www.sindicaturabarcelona.cat\/ca\/dues-candidatures-opten-al-carrec-de-sindic-o-sindica-de-greuges-de-barcelona-per-al-periode-2026-2031\/","title":{"rendered":"Dues\u00a0candidatures\u00a0opten al c\u00e0rrec de s\u00edndic o s\u00edndica de greuges de Barcelona\u00a0per al per\u00edode\u00a02026-2031\u00a0"},"content":{"rendered":"\n<h2 class=\"wp-block-heading\"><strong>Les entitats de la ciutat han elevat dues propostes: David\u00a0Bondia, actual s\u00edndic de Barcelona, i Gemma Calvet,\u00a0advocada i consultora.<\/strong>\u00a0<\/h2>\n\n\n\n<h2 class=\"wp-block-heading\"><strong>El proc\u00e9s d\u2019elecci\u00f3 continuar\u00e0 el mes de juny amb la fase de recollida de suports de ciutadania i entitats\u00a0mitjan\u00e7ant la plataforma\u00a0Decidim.Barcelona\u00a0i diversos punts presencials.<\/strong>\u00a0<\/h2>\n\n\n\n<p>Entre el 16 de mar\u00e7 i el 18&nbsp;de maig, les entitats inscrites en el Registre d\u2019Entitats Municipals de l\u2019Ajuntament de Barcelona<strong>&nbsp;<\/strong>han presentat&nbsp;dues&nbsp;candidatures&nbsp;per&nbsp;ocupar el&nbsp;c\u00e0rrec de s\u00edndic o s\u00edndica de greuges de Barcelona&nbsp;pel per\u00edode 2026-20231:&nbsp;<strong>David&nbsp;Bondia<\/strong>, actual s\u00edndic de greuges de Barcelona, i la de&nbsp;<strong>Gemma Calvet<\/strong>, advocada i consultora.&nbsp;<\/p>\n\n\n\n<p><strong>Entre l\u20191 i el 30 de juny tindr\u00e0 lloc la fase de suports, en qu\u00e8 la ciutadania a t\u00edtol individual i tamb\u00e9 les entitats podran donar suport<\/strong>\u00a0a alguna de les candidatures mitjan\u00e7ant la plataforma de\u00a0participaci\u00f3\u00a0<a href=\"https:\/\/www.decidim.barcelona\/\">Decidim.Barcelona<\/a>.\u00a0<strong>Aquest proc\u00e9s participatiu, de car\u00e0cter no vinculant, \u00e9s dirigit a les persones empadronades a Barcelona a partir de 16 anys i a les entitats inscrites en el Registre d&#8217;Entitats Municipals<\/strong>.\u00a0\u00a0<\/p>\n\n\n\n<p>Amb l\u2019objectiu de facilitar la participaci\u00f3, durant el mes de juny l\u2019Ajuntament&nbsp;tamb\u00e9&nbsp;habilitar\u00e0&nbsp;<strong>punts d\u2019acompanyament presencial<\/strong>&nbsp;als deu districtes de la ciutat per informar i orientar la ciutadania i les entitats sobre el funcionament de la fase de recollida de suports.&nbsp;<\/p>\n\n\n\n<p>Un cop culminat aquest proc\u00e9s participatiu\u00a0del mes de juny, i despr\u00e9s d\u2019haver escoltat els grups municipals,\u00a0<strong>l\u2019Alcaldia elevar\u00e0 al Plenari del Consell Municipal la proposta de nomenament del\u00a0s\u00edndic o de la\u00a0s\u00edndica de greuges de Barcelona per al per\u00edode 2026-2031<\/strong>, d\u2019acord amb el que estableix l\u2019article 143.4 de la Carta Municipal de Barcelona.\u00a0<\/p>\n\n\n\n<h2 class=\"wp-block-heading\"><strong>Les dues candidatures<\/strong><\/h2>\n\n\n\n<p><strong>David Bondia<\/strong><\/p>\n\n\n\n<p>Es tracta de l\u2019actual s\u00edndic de greuges de Barcelona i, per tant, opta a la seva reelecci\u00f3, de moment amb el <strong>suport de 50 entitats<\/strong> de la ciutat. Tamb\u00e9 \u00e9s president de l\u2019Alian\u00e7a Global del Ombudsperson Local (AGOL), la xarxa mundial de defensories locals. Bondia tamb\u00e9 va ser president de l\u2019Institut de Drets Humans de Catalunya (IDHC) i de l\u2019equip de treball del Mecanisme Catal\u00e0 per a la Prevenci\u00f3 de la Tortura (MCPT), membre del comit\u00e8 executiu de la Xarxa EuroMed Rights, vicepresident de l\u2019Estructura de Drets Humans de Catalunya i vocal del Consell Catal\u00e0 de Foment de la Pau. Igualment, ha participat com a expert en diverses missions internacionals amb la Uni\u00f3 Europea, l\u2019Ag\u00e8ncia Espanyola de Cooperaci\u00f3 Internacional per al Desenvolupament (AECID), el Consell d\u2019Europa i el Programa de les Nacions Unides per al Desenvolupament (PNUD).<\/p>\n\n\n\n<p>Bondia \u00e9s professor titular de dret internacional p\u00fablic i relacions internacionals a la Universitat de Barcelona (UB). Tamb\u00e9 ha participat en la redacci\u00f3 i adopci\u00f3 de la Carta Europea de Salvaguarda de Drets Humans a la Ciutat i del Pla de Drets Humans de Catalunya. Ha assessorat sindicatures locals a diversos municipis i al F\u00f2rum de S\u00edndics i S\u00edndiques, Defensors i Defensores Locals. Durant els darrers cinc anys, com a s\u00edndic de greuges de Barcelona, ha focalitzat la seva activitat en els drets i deures a la ciutat i en els drets humans de proximitat.<\/p>\n\n\n\n<p><strong>Gemma Calvet<\/strong><\/p>\n\n\n\n<p>Jurista amb m\u00e9s de trenta anys d\u2019experi\u00e8ncia en la defensa dels drets fonamentals, pol\u00edtiques socials, implicaci\u00f3 activa amb el tercer sector i gesti\u00f3 directiva p\u00fablica i consultoria en bon govern i \u00e8tica. Calvet, que fins ara ha rebut el <strong>suport de<\/strong> <strong>tres entitats<\/strong> de la ciutat, ha format part de diversos organismes de participaci\u00f3 de l\u2019Ajuntament de Barcelona i ha col\u00b7laborat amb la Comissi\u00f3 Europea, l\u2019Organitzaci\u00f3 de Nacions Unides (ONU) i l\u2019Organitzaci\u00f3 de Cooperaci\u00f3 i\u00a0 Desenvolupament Econ\u00f2mics (OCDE). Tamb\u00e9 ha estat directora de l\u2019Ag\u00e8ncia de Transpar\u00e8ncia a l\u2019\u00c0rea Metropolitana de Barcelona (AMB), diputada i presidenta de la Comissi\u00f3 de Just\u00edcia i Drets Humans al Parlament de Catalunya, membre del Comit\u00e8 d\u2019\u00c8tica de la Policia de Catalunya al departament d\u2019Interior de la Generalitat de Catalunya, redactora en l\u2019elaboraci\u00f3 de la Carta de Drets i Deures de la Ciutadania de Barcelona aprovada l\u2019any 2010 per part de l\u2019Ajuntament i promotora i coordinadora del Programa Lorenzetti de bon govern vinculat a l\u2019ONU.<\/p>\n\n\n\n<p>Calvet tamb\u00e9 ha exercit com a docent de postgrau i m\u00e0ster a la Universitat Aut\u00f2noma de Barcelona (UAB), la Universitat de Barcelona (UB) o Esade. Actualment, exerceix com a advocada i consultora des d\u2019un despatx propi especialitzat en bona governan\u00e7a, drets humans, integritat i \u00e8tica p\u00fablica, aix\u00ed com suport a administracions i organitzacions.<\/p>\n\n\n\n<p><a href=\"https:\/\/prod.premsa.dtibcn.cat\/premsa\/wp-content\/uploads\/2026\/05\/Candidatures-entitats-fase-1-1.pdf\" target=\"_blank\" rel=\"noreferrer noopener\"><strong>Al seg\u00fcent enlla\u00e7 es pot consultar el llistat d\u2019entitats que han donat suporta fins ara a cadascuna de les dues candidatures.<\/strong><\/a><\/p>\n","protected":false},"excerpt":{"rendered":"<p>Les entitats de la ciutat han elevat dues propostes: David\u00a0Bondia, actual s\u00edndic de Barcelona, i Gemma Calvet,\u00a0advocada i consultora<\/p>\n","protected":false},"author":7,"featured_media":42774,"comment_status":"closed","ping_status":"closed","sticky":false,"template":"","format":"standard","meta":{"_acf_changed":false,"footnotes":""},"tags":[1234,1721,1722],"drets":[],"class_list":["post-42773","post","type-post","status-publish","format-standard","has-post-thumbnail","hentry","tag-david-bondia","tag-eleccions-sindicatura","tag-gemma-calvet"],"acf":[],"yoast_head":"<!-- This site is optimized with the Yoast SEO plugin v27.5 - https:\/\/yoast.com\/product\/yoast-seo-wordpress\/ -->\n<title>Dues\u00a0candidatures\u00a0opten al c\u00e0rrec de s\u00edndic o s\u00edndica de greuges de Barcelona\u00a0per al per\u00edode\u00a02026-2031\u00a0 - Sindicatura de Greuges de Barcelona<\/title>\n<meta name=\"description\" content=\"Les entitats de la ciutat han elevat dues propostes: David\u00a0Bondia, actual s\u00edndic de Barcelona, i Gemma Calvet,\u00a0advocada i consultora\" \/>\n<meta name=\"robots\" content=\"index, follow, max-snippet:-1, max-image-preview:large, max-video-preview:-1\" \/>\n<link rel=\"canonical\" href=\"https:\/\/www.sindicaturabarcelona.cat\/ca\/dues-candidatures-opten-al-carrec-de-sindic-o-sindica-de-greuges-de-barcelona-per-al-periode-2026-2031\/\" \/>\n<meta property=\"og:locale\" content=\"ca_ES\" \/>\n<meta property=\"og:type\" content=\"article\" \/>\n<meta property=\"og:title\" content=\"Dues\u00a0candidatures\u00a0opten al c\u00e0rrec de s\u00edndic o s\u00edndica de greuges de Barcelona\u00a0per al per\u00edode\u00a02026-2031\u00a0 - Sindicatura de Greuges de Barcelona\" \/>\n<meta property=\"og:description\" content=\"Les entitats de la ciutat han elevat dues propostes: David\u00a0Bondia, actual s\u00edndic de Barcelona, i Gemma Calvet,\u00a0advocada i consultora\" \/>\n<meta property=\"og:url\" content=\"https:\/\/www.sindicaturabarcelona.cat\/ca\/dues-candidatures-opten-al-carrec-de-sindic-o-sindica-de-greuges-de-barcelona-per-al-periode-2026-2031\/\" \/>\n<meta property=\"og:site_name\" content=\"Sindicatura de Greuges de Barcelona\" \/>\n<meta property=\"article:published_time\" content=\"2026-05-21T09:28:12+00:00\" \/>\n<meta property=\"article:modified_time\" content=\"2026-05-21T09:28:13+00:00\" \/>\n<meta property=\"og:image\" content=\"https:\/\/www.sindicaturabarcelona.cat\/wp-content\/uploads\/barcelona-scaled.jpg\" \/>\n\t<meta property=\"og:image:width\" content=\"2560\" \/>\n\t<meta property=\"og:image:height\" content=\"1707\" \/>\n\t<meta property=\"og:image:type\" content=\"image\/jpeg\" \/>\n<meta name=\"author\" content=\"Carme Rocamora\" \/>\n<meta name=\"twitter:card\" content=\"summary_large_image\" \/>\n<meta name=\"twitter:creator\" content=\"@sindicbarcelona\" \/>\n<meta name=\"twitter:site\" content=\"@sindicbarcelona\" \/>\n<meta name=\"twitter:label1\" content=\"Escrit per\" \/>\n\t<meta name=\"twitter:data1\" content=\"Carme Rocamora\" \/>\n\t<meta name=\"twitter:label2\" content=\"Temps estimat de lectura\" \/>\n\t<meta name=\"twitter:data2\" content=\"5 minuts\" \/>\n<script type=\"application\/ld+json\" class=\"yoast-schema-graph\">{\"@context\":\"https:\\\/\\\/schema.org\",\"@graph\":[{\"@type\":\"Article\",\"@id\":\"https:\\\/\\\/www.sindicaturabarcelona.cat\\\/ca\\\/dues-candidatures-opten-al-carrec-de-sindic-o-sindica-de-greuges-de-barcelona-per-al-periode-2026-2031\\\/#article\",\"isPartOf\":{\"@id\":\"https:\\\/\\\/www.sindicaturabarcelona.cat\\\/ca\\\/dues-candidatures-opten-al-carrec-de-sindic-o-sindica-de-greuges-de-barcelona-per-al-periode-2026-2031\\\/\"},\"author\":{\"name\":\"Carme Rocamora\",\"@id\":\"https:\\\/\\\/www.sindicaturabarcelona.cat\\\/ca\\\/#\\\/schema\\\/person\\\/0690b05fdcbf9e43b34103e845240789\"},\"headline\":\"Dues\u00a0candidatures\u00a0opten al c\u00e0rrec de s\u00edndic o s\u00edndica de greuges de Barcelona\u00a0per al per\u00edode\u00a02026-2031\u00a0\",\"datePublished\":\"2026-05-21T09:28:12+00:00\",\"dateModified\":\"2026-05-21T09:28:13+00:00\",\"mainEntityOfPage\":{\"@id\":\"https:\\\/\\\/www.sindicaturabarcelona.cat\\\/ca\\\/dues-candidatures-opten-al-carrec-de-sindic-o-sindica-de-greuges-de-barcelona-per-al-periode-2026-2031\\\/\"},\"wordCount\":846,\"publisher\":{\"@id\":\"https:\\\/\\\/www.sindicaturabarcelona.cat\\\/ca\\\/#organization\"},\"image\":{\"@id\":\"https:\\\/\\\/www.sindicaturabarcelona.cat\\\/ca\\\/dues-candidatures-opten-al-carrec-de-sindic-o-sindica-de-greuges-de-barcelona-per-al-periode-2026-2031\\\/#primaryimage\"},\"thumbnailUrl\":\"https:\\\/\\\/www.sindicaturabarcelona.cat\\\/wp-content\\\/uploads\\\/barcelona-scaled.jpg\",\"keywords\":[\"david bondia\",\"Eleccions Sindicatura\",\"Gemma Calvet\"],\"inLanguage\":\"ca\"},{\"@type\":\"WebPage\",\"@id\":\"https:\\\/\\\/www.sindicaturabarcelona.cat\\\/ca\\\/dues-candidatures-opten-al-carrec-de-sindic-o-sindica-de-greuges-de-barcelona-per-al-periode-2026-2031\\\/\",\"url\":\"https:\\\/\\\/www.sindicaturabarcelona.cat\\\/ca\\\/dues-candidatures-opten-al-carrec-de-sindic-o-sindica-de-greuges-de-barcelona-per-al-periode-2026-2031\\\/\",\"name\":\"Dues\u00a0candidatures\u00a0opten al c\u00e0rrec de s\u00edndic o s\u00edndica de greuges de Barcelona\u00a0per al per\u00edode\u00a02026-2031\u00a0 - Sindicatura de Greuges de Barcelona\",\"isPartOf\":{\"@id\":\"https:\\\/\\\/www.sindicaturabarcelona.cat\\\/ca\\\/#website\"},\"primaryImageOfPage\":{\"@id\":\"https:\\\/\\\/www.sindicaturabarcelona.cat\\\/ca\\\/dues-candidatures-opten-al-carrec-de-sindic-o-sindica-de-greuges-de-barcelona-per-al-periode-2026-2031\\\/#primaryimage\"},\"image\":{\"@id\":\"https:\\\/\\\/www.sindicaturabarcelona.cat\\\/ca\\\/dues-candidatures-opten-al-carrec-de-sindic-o-sindica-de-greuges-de-barcelona-per-al-periode-2026-2031\\\/#primaryimage\"},\"thumbnailUrl\":\"https:\\\/\\\/www.sindicaturabarcelona.cat\\\/wp-content\\\/uploads\\\/barcelona-scaled.jpg\",\"datePublished\":\"2026-05-21T09:28:12+00:00\",\"dateModified\":\"2026-05-21T09:28:13+00:00\",\"description\":\"Les entitats de la ciutat han elevat dues propostes: David\u00a0Bondia, actual s\u00edndic de Barcelona, i Gemma Calvet,\u00a0advocada i consultora\",\"breadcrumb\":{\"@id\":\"https:\\\/\\\/www.sindicaturabarcelona.cat\\\/ca\\\/dues-candidatures-opten-al-carrec-de-sindic-o-sindica-de-greuges-de-barcelona-per-al-periode-2026-2031\\\/#breadcrumb\"},\"inLanguage\":\"ca\",\"potentialAction\":[{\"@type\":\"ReadAction\",\"target\":[\"https:\\\/\\\/www.sindicaturabarcelona.cat\\\/ca\\\/dues-candidatures-opten-al-carrec-de-sindic-o-sindica-de-greuges-de-barcelona-per-al-periode-2026-2031\\\/\"]}]},{\"@type\":\"ImageObject\",\"inLanguage\":\"ca\",\"@id\":\"https:\\\/\\\/www.sindicaturabarcelona.cat\\\/ca\\\/dues-candidatures-opten-al-carrec-de-sindic-o-sindica-de-greuges-de-barcelona-per-al-periode-2026-2031\\\/#primaryimage\",\"url\":\"https:\\\/\\\/www.sindicaturabarcelona.cat\\\/wp-content\\\/uploads\\\/barcelona-scaled.jpg\",\"contentUrl\":\"https:\\\/\\\/www.sindicaturabarcelona.cat\\\/wp-content\\\/uploads\\\/barcelona-scaled.jpg\",\"width\":2560,\"height\":1707},{\"@type\":\"BreadcrumbList\",\"@id\":\"https:\\\/\\\/www.sindicaturabarcelona.cat\\\/ca\\\/dues-candidatures-opten-al-carrec-de-sindic-o-sindica-de-greuges-de-barcelona-per-al-periode-2026-2031\\\/#breadcrumb\",\"itemListElement\":[{\"@type\":\"ListItem\",\"position\":1,\"name\":\"Inici\",\"item\":\"https:\\\/\\\/www.sindicaturabarcelona.cat\\\/ca\\\/\"},{\"@type\":\"ListItem\",\"position\":2,\"name\":\"Dues\u00a0candidatures\u00a0opten al c\u00e0rrec de s\u00edndic o s\u00edndica de greuges de Barcelona\u00a0per al per\u00edode\u00a02026-2031\u00a0\"}]},{\"@type\":\"WebSite\",\"@id\":\"https:\\\/\\\/www.sindicaturabarcelona.cat\\\/ca\\\/#website\",\"url\":\"https:\\\/\\\/www.sindicaturabarcelona.cat\\\/ca\\\/\",\"name\":\"Sindicatura de Greuges de Barcelona\",\"description\":\"La defensoria dels teus drets\",\"publisher\":{\"@id\":\"https:\\\/\\\/www.sindicaturabarcelona.cat\\\/ca\\\/#organization\"},\"potentialAction\":[{\"@type\":\"SearchAction\",\"target\":{\"@type\":\"EntryPoint\",\"urlTemplate\":\"https:\\\/\\\/www.sindicaturabarcelona.cat\\\/ca\\\/?s={search_term_string}\"},\"query-input\":{\"@type\":\"PropertyValueSpecification\",\"valueRequired\":true,\"valueName\":\"search_term_string\"}}],\"inLanguage\":\"ca\"},{\"@type\":\"Organization\",\"@id\":\"https:\\\/\\\/www.sindicaturabarcelona.cat\\\/ca\\\/#organization\",\"name\":\"Sindicatura de Greuges de Barcelona\",\"url\":\"https:\\\/\\\/www.sindicaturabarcelona.cat\\\/ca\\\/\",\"logo\":{\"@type\":\"ImageObject\",\"inLanguage\":\"ca\",\"@id\":\"https:\\\/\\\/www.sindicaturabarcelona.cat\\\/ca\\\/#\\\/schema\\\/logo\\\/image\\\/\",\"url\":\"https:\\\/\\\/www.sindicaturabarcelona.cat\\\/wp-content\\\/uploads\\\/2023\\\/02\\\/logo_sindicatura.svg\",\"contentUrl\":\"https:\\\/\\\/www.sindicaturabarcelona.cat\\\/wp-content\\\/uploads\\\/2023\\\/02\\\/logo_sindicatura.svg\",\"caption\":\"Sindicatura de Greuges de Barcelona\"},\"image\":{\"@id\":\"https:\\\/\\\/www.sindicaturabarcelona.cat\\\/ca\\\/#\\\/schema\\\/logo\\\/image\\\/\"},\"sameAs\":[\"https:\\\/\\\/x.com\\\/sindicbarcelona\",\"https:\\\/\\\/www.instagram.com\\\/sindicbarcelona\\\/\",\"https:\\\/\\\/www.tiktok.com\\\/@sindicaturabcn\",\"https:\\\/\\\/t.me\\\/sindicaturabarcelona\"]},{\"@type\":\"Person\",\"@id\":\"https:\\\/\\\/www.sindicaturabarcelona.cat\\\/ca\\\/#\\\/schema\\\/person\\\/0690b05fdcbf9e43b34103e845240789\",\"name\":\"Carme Rocamora\",\"image\":{\"@type\":\"ImageObject\",\"inLanguage\":\"ca\",\"@id\":\"https:\\\/\\\/secure.gravatar.com\\\/avatar\\\/7d5e980ef632f555fa40f97d06e5c8ec4ec568974a95778749d6a6279aa1faef?s=96&d=mm&r=g\",\"url\":\"https:\\\/\\\/secure.gravatar.com\\\/avatar\\\/7d5e980ef632f555fa40f97d06e5c8ec4ec568974a95778749d6a6279aa1faef?s=96&d=mm&r=g\",\"contentUrl\":\"https:\\\/\\\/secure.gravatar.com\\\/avatar\\\/7d5e980ef632f555fa40f97d06e5c8ec4ec568974a95778749d6a6279aa1faef?s=96&d=mm&r=g\",\"caption\":\"Carme Rocamora\"},\"url\":\"https:\\\/\\\/www.sindicaturabarcelona.cat\\\/ca\\\/author\\\/crocamora\\\/\"}]}<\/script>\n<!-- \/ Yoast SEO plugin. -->","yoast_head_json":{"title":"Dues\u00a0candidatures\u00a0opten al c\u00e0rrec de s\u00edndic o s\u00edndica de greuges de Barcelona\u00a0per al per\u00edode\u00a02026-2031\u00a0 - Sindicatura de Greuges de Barcelona","description":"Les entitats de la ciutat han elevat dues propostes: David\u00a0Bondia, actual s\u00edndic de Barcelona, i Gemma Calvet,\u00a0advocada i consultora","robots":{"index":"index","follow":"follow","max-snippet":"max-snippet:-1","max-image-preview":"max-image-preview:large","max-video-preview":"max-video-preview:-1"},"canonical":"https:\/\/www.sindicaturabarcelona.cat\/ca\/dues-candidatures-opten-al-carrec-de-sindic-o-sindica-de-greuges-de-barcelona-per-al-periode-2026-2031\/","og_locale":"ca_ES","og_type":"article","og_title":"Dues\u00a0candidatures\u00a0opten al c\u00e0rrec de s\u00edndic o s\u00edndica de greuges de Barcelona\u00a0per al per\u00edode\u00a02026-2031\u00a0 - Sindicatura de Greuges de Barcelona","og_description":"Les entitats de la ciutat han elevat dues propostes: David\u00a0Bondia, actual s\u00edndic de Barcelona, i Gemma Calvet,\u00a0advocada i consultora","og_url":"https:\/\/www.sindicaturabarcelona.cat\/ca\/dues-candidatures-opten-al-carrec-de-sindic-o-sindica-de-greuges-de-barcelona-per-al-periode-2026-2031\/","og_site_name":"Sindicatura de Greuges de Barcelona","article_published_time":"2026-05-21T09:28:12+00:00","article_modified_time":"2026-05-21T09:28:13+00:00","og_image":[{"width":2560,"height":1707,"url":"https:\/\/www.sindicaturabarcelona.cat\/wp-content\/uploads\/barcelona-scaled.jpg","type":"image\/jpeg"}],"author":"Carme Rocamora","twitter_card":"summary_large_image","twitter_creator":"@sindicbarcelona","twitter_site":"@sindicbarcelona","twitter_misc":{"Escrit per":"Carme Rocamora","Temps estimat de lectura":"5 minuts"},"schema":{"@context":"https:\/\/schema.org","@graph":[{"@type":"Article","@id":"https:\/\/www.sindicaturabarcelona.cat\/ca\/dues-candidatures-opten-al-carrec-de-sindic-o-sindica-de-greuges-de-barcelona-per-al-periode-2026-2031\/#article","isPartOf":{"@id":"https:\/\/www.sindicaturabarcelona.cat\/ca\/dues-candidatures-opten-al-carrec-de-sindic-o-sindica-de-greuges-de-barcelona-per-al-periode-2026-2031\/"},"author":{"name":"Carme Rocamora","@id":"https:\/\/www.sindicaturabarcelona.cat\/ca\/#\/schema\/person\/0690b05fdcbf9e43b34103e845240789"},"headline":"Dues\u00a0candidatures\u00a0opten al c\u00e0rrec de s\u00edndic o s\u00edndica de greuges de Barcelona\u00a0per al per\u00edode\u00a02026-2031\u00a0","datePublished":"2026-05-21T09:28:12+00:00","dateModified":"2026-05-21T09:28:13+00:00","mainEntityOfPage":{"@id":"https:\/\/www.sindicaturabarcelona.cat\/ca\/dues-candidatures-opten-al-carrec-de-sindic-o-sindica-de-greuges-de-barcelona-per-al-periode-2026-2031\/"},"wordCount":846,"publisher":{"@id":"https:\/\/www.sindicaturabarcelona.cat\/ca\/#organization"},"image":{"@id":"https:\/\/www.sindicaturabarcelona.cat\/ca\/dues-candidatures-opten-al-carrec-de-sindic-o-sindica-de-greuges-de-barcelona-per-al-periode-2026-2031\/#primaryimage"},"thumbnailUrl":"https:\/\/www.sindicaturabarcelona.cat\/wp-content\/uploads\/barcelona-scaled.jpg","keywords":["david bondia","Eleccions Sindicatura","Gemma Calvet"],"inLanguage":"ca"},{"@type":"WebPage","@id":"https:\/\/www.sindicaturabarcelona.cat\/ca\/dues-candidatures-opten-al-carrec-de-sindic-o-sindica-de-greuges-de-barcelona-per-al-periode-2026-2031\/","url":"https:\/\/www.sindicaturabarcelona.cat\/ca\/dues-candidatures-opten-al-carrec-de-sindic-o-sindica-de-greuges-de-barcelona-per-al-periode-2026-2031\/","name":"Dues\u00a0candidatures\u00a0opten al c\u00e0rrec de s\u00edndic o s\u00edndica de greuges de Barcelona\u00a0per al per\u00edode\u00a02026-2031\u00a0 - Sindicatura de Greuges de Barcelona","isPartOf":{"@id":"https:\/\/www.sindicaturabarcelona.cat\/ca\/#website"},"primaryImageOfPage":{"@id":"https:\/\/www.sindicaturabarcelona.cat\/ca\/dues-candidatures-opten-al-carrec-de-sindic-o-sindica-de-greuges-de-barcelona-per-al-periode-2026-2031\/#primaryimage"},"image":{"@id":"https:\/\/www.sindicaturabarcelona.cat\/ca\/dues-candidatures-opten-al-carrec-de-sindic-o-sindica-de-greuges-de-barcelona-per-al-periode-2026-2031\/#primaryimage"},"thumbnailUrl":"https:\/\/www.sindicaturabarcelona.cat\/wp-content\/uploads\/barcelona-scaled.jpg","datePublished":"2026-05-21T09:28:12+00:00","dateModified":"2026-05-21T09:28:13+00:00","description":"Les entitats de la ciutat han elevat dues propostes: David\u00a0Bondia, actual s\u00edndic de Barcelona, i Gemma Calvet,\u00a0advocada i consultora","breadcrumb":{"@id":"https:\/\/www.sindicaturabarcelona.cat\/ca\/dues-candidatures-opten-al-carrec-de-sindic-o-sindica-de-greuges-de-barcelona-per-al-periode-2026-2031\/#breadcrumb"},"inLanguage":"ca","potentialAction":[{"@type":"ReadAction","target":["https:\/\/www.sindicaturabarcelona.cat\/ca\/dues-candidatures-opten-al-carrec-de-sindic-o-sindica-de-greuges-de-barcelona-per-al-periode-2026-2031\/"]}]},{"@type":"ImageObject","inLanguage":"ca","@id":"https:\/\/www.sindicaturabarcelona.cat\/ca\/dues-candidatures-opten-al-carrec-de-sindic-o-sindica-de-greuges-de-barcelona-per-al-periode-2026-2031\/#primaryimage","url":"https:\/\/www.sindicaturabarcelona.cat\/wp-content\/uploads\/barcelona-scaled.jpg","contentUrl":"https:\/\/www.sindicaturabarcelona.cat\/wp-content\/uploads\/barcelona-scaled.jpg","width":2560,"height":1707},{"@type":"BreadcrumbList","@id":"https:\/\/www.sindicaturabarcelona.cat\/ca\/dues-candidatures-opten-al-carrec-de-sindic-o-sindica-de-greuges-de-barcelona-per-al-periode-2026-2031\/#breadcrumb","itemListElement":[{"@type":"ListItem","position":1,"name":"Inici","item":"https:\/\/www.sindicaturabarcelona.cat\/ca\/"},{"@type":"ListItem","position":2,"name":"Dues\u00a0candidatures\u00a0opten al c\u00e0rrec de s\u00edndic o s\u00edndica de greuges de Barcelona\u00a0per al per\u00edode\u00a02026-2031\u00a0"}]},{"@type":"WebSite","@id":"https:\/\/www.sindicaturabarcelona.cat\/ca\/#website","url":"https:\/\/www.sindicaturabarcelona.cat\/ca\/","name":"Sindicatura de Greuges de Barcelona","description":"La defensoria dels teus drets","publisher":{"@id":"https:\/\/www.sindicaturabarcelona.cat\/ca\/#organization"},"potentialAction":[{"@type":"SearchAction","target":{"@type":"EntryPoint","urlTemplate":"https:\/\/www.sindicaturabarcelona.cat\/ca\/?s={search_term_string}"},"query-input":{"@type":"PropertyValueSpecification","valueRequired":true,"valueName":"search_term_string"}}],"inLanguage":"ca"},{"@type":"Organization","@id":"https:\/\/www.sindicaturabarcelona.cat\/ca\/#organization","name":"Sindicatura de Greuges de Barcelona","url":"https:\/\/www.sindicaturabarcelona.cat\/ca\/","logo":{"@type":"ImageObject","inLanguage":"ca","@id":"https:\/\/www.sindicaturabarcelona.cat\/ca\/#\/schema\/logo\/image\/","url":"https:\/\/www.sindicaturabarcelona.cat\/wp-content\/uploads\/2023\/02\/logo_sindicatura.svg","contentUrl":"https:\/\/www.sindicaturabarcelona.cat\/wp-content\/uploads\/2023\/02\/logo_sindicatura.svg","caption":"Sindicatura de Greuges de Barcelona"},"image":{"@id":"https:\/\/www.sindicaturabarcelona.cat\/ca\/#\/schema\/logo\/image\/"},"sameAs":["https:\/\/x.com\/sindicbarcelona","https:\/\/www.instagram.com\/sindicbarcelona\/","https:\/\/www.tiktok.com\/@sindicaturabcn","https:\/\/t.me\/sindicaturabarcelona"]},{"@type":"Person","@id":"https:\/\/www.sindicaturabarcelona.cat\/ca\/#\/schema\/person\/0690b05fdcbf9e43b34103e845240789","name":"Carme Rocamora","image":{"@type":"ImageObject","inLanguage":"ca","@id":"https:\/\/secure.gravatar.com\/avatar\/7d5e980ef632f555fa40f97d06e5c8ec4ec568974a95778749d6a6279aa1faef?s=96&d=mm&r=g","url":"https:\/\/secure.gravatar.com\/avatar\/7d5e980ef632f555fa40f97d06e5c8ec4ec568974a95778749d6a6279aa1faef?s=96&d=mm&r=g","contentUrl":"https:\/\/secure.gravatar.com\/avatar\/7d5e980ef632f555fa40f97d06e5c8ec4ec568974a95778749d6a6279aa1faef?s=96&d=mm&r=g","caption":"Carme Rocamora"},"url":"https:\/\/www.sindicaturabarcelona.cat\/ca\/author\/crocamora\/"}]}},"_links":{"self":[{"href":"https:\/\/www.sindicaturabarcelona.cat\/ca\/wp-json\/wp\/v2\/posts\/42773","targetHints":{"allow":["GET"]}}],"collection":[{"href":"https:\/\/www.sindicaturabarcelona.cat\/ca\/wp-json\/wp\/v2\/posts"}],"about":[{"href":"https:\/\/www.sindicaturabarcelona.cat\/ca\/wp-json\/wp\/v2\/types\/post"}],"author":[{"embeddable":true,"href":"https:\/\/www.sindicaturabarcelona.cat\/ca\/wp-json\/wp\/v2\/users\/7"}],"replies":[{"embeddable":true,"href":"https:\/\/www.sindicaturabarcelona.cat\/ca\/wp-json\/wp\/v2\/comments?post=42773"}],"version-history":[{"count":1,"href":"https:\/\/www.sindicaturabarcelona.cat\/ca\/wp-json\/wp\/v2\/posts\/42773\/revisions"}],"predecessor-version":[{"id":42777,"href":"https:\/\/www.sindicaturabarcelona.cat\/ca\/wp-json\/wp\/v2\/posts\/42773\/revisions\/42777"}],"wp:featuredmedia":[{"embeddable":true,"href":"https:\/\/www.sindicaturabarcelona.cat\/ca\/wp-json\/wp\/v2\/media\/42774"}],"wp:attachment":[{"href":"https:\/\/www.sindicaturabarcelona.cat\/ca\/wp-json\/wp\/v2\/media?parent=42773"}],"wp:term":[{"taxonomy":"post_tag","embeddable":true,"href":"https:\/\/www.sindicaturabarcelona.cat\/ca\/wp-json\/wp\/v2\/tags?post=42773"},{"taxonomy":"drets","embeddable":true,"href":"https:\/\/www.sindicaturabarcelona.cat\/ca\/wp-json\/wp\/v2\/drets?post=42773"}],"curies":[{"name":"wp","href":"https:\/\/api.w.org\/{rel}","templated":true}]}}