{"id":42762,"date":"2026-05-19T12:17:31","date_gmt":"2026-05-19T10:17:31","guid":{"rendered":"https:\/\/www.sindicaturabarcelona.cat\/?p=42762"},"modified":"2026-05-19T12:17:33","modified_gmt":"2026-05-19T10:17:33","slug":"el-sindic-de-greuges-de-barcelona-david-bondia-participa-en-un-congres-sobre-dialeg-i-drets-humans-davant-les-crisis-humanitaries","status":"publish","type":"post","link":"https:\/\/www.sindicaturabarcelona.cat\/ca\/el-sindic-de-greuges-de-barcelona-david-bondia-participa-en-un-congres-sobre-dialeg-i-drets-humans-davant-les-crisis-humanitaries\/","title":{"rendered":"El s\u00edndic de greuges de Barcelona, David Bondia, participa en un congr\u00e9s sobre di\u00e0leg i drets humans davant les crisis humanit\u00e0ries"},"content":{"rendered":"\n<h2 class=\"wp-block-heading\"><br><strong>El VI Congr\u00e9s ADR\/MASC se celebrar\u00e0 els dies 20 i 21 de maig a la seu del Col\u00b7legi de l\u2019Advocacia de Barcelona.<\/strong><\/h2>\n\n\n\n<p>El s\u00edndic de greuges de Barcelona, <strong>David Bondia<\/strong>, participar\u00e0 com a ponent en un congr\u00e9s que se celebrar\u00e0 els dies 20 i 21 de maig a la seu de l\u2019Il\u00b7lustre Col\u00b7legi de l\u2019Advocacia de Barcelona (<strong>ICAB)<\/strong>. Concretament, es tracta del <strong>VI Congr\u00e9s ADR\/MASC ICAB 2026: \u201cDi\u00e0leg en situacions de crisis humanit\u00e0ries\u201d<\/strong>.<\/p>\n\n\n\n<p>La participaci\u00f3 del s\u00edndic tindr\u00e0 lloc el dijous 21 de maig en la taula rodona <strong>\u201cActivisme i di\u00e0leg\u201d<\/strong>, juntament amb representants de Mans Unides, Metges Sense Fronteres, Creu Roja Catalunya i Open Arms.&nbsp;<\/p>\n\n\n\n<p>El congr\u00e9s, organitzat pel Centre ADR-ICAB amb la col\u00b7laboraci\u00f3 de diverses institucions i entitats, planteja un <strong>espai de reflexi\u00f3 i debat compartit<\/strong> sobre les actuals situacions de crisis humanit\u00e0ries i els escenaris que es poden abordar des de la comunicaci\u00f3 i l\u2019acord.&nbsp;<\/p>\n\n\n\n<p>El programa inclou sessions sobre <strong>mediaci\u00f3<\/strong> en el context de crisis b\u00e8l\u00b7liques i humanit\u00e0ries internacionals; activisme i di\u00e0leg; el paper dels mitjans de comunicaci\u00f3 en la <strong>pacificaci\u00f3 dels conflictes;<\/strong> el paper dels <strong>cossos de seguretat o ajut a les persones;<\/strong> i sobre acollida i gesti\u00f3 dels conflictes en la comunitat. Entre les personalitats participants hi figuren la s\u00edndica de greuges de Catalunya, Esther Gim\u00e9nez-Salinas; la tinenta d\u2019alcaldia de Barcelona Maria Eug\u00e8nia Gay; periodistes especialitzats en informaci\u00f3 internacional i representants d\u2019entitats socials i humanit\u00e0ries.&nbsp;<\/p>\n\n\n\n<p>El congr\u00e9s se celebrar\u00e0 en format presencial a la seu de l\u2019ICAB i s\u2019adre\u00e7a a <strong>professionals que intervenen en la gesti\u00f3 de conflictes, serveis i entitats amb finalitats dirigides a les persones<\/strong>, especialment en situacions que requereixen prevenci\u00f3, di\u00e0leg i intervenci\u00f3.&nbsp;<\/p>\n\n\n\n<p>Les persones interessades poden inscriure-s\u2019hi a trav\u00e9s del <a href=\"https:\/\/www.icab.es\/ca\/formacio\/cursos\/VI-Congres-ADR-MASC-ICAB-2026-Dialeg-en-situacions-de-crisis-humanitaries\/\">web de l\u2019ICAB<\/a>.<\/p>\n","protected":false},"excerpt":{"rendered":"<p>El VI Congr\u00e9s ADR\/MASC se celebrar\u00e0 els dies 20 i 21 de maig a la seu del Col\u00b7legi de l\u2019Advocacia de Barcelona. El s\u00edndic de greuges de Barcelona, David Bondia, [&hellip;]<\/p>\n","protected":false},"author":7,"featured_media":36876,"comment_status":"closed","ping_status":"closed","sticky":false,"template":"","format":"standard","meta":{"_acf_changed":false,"footnotes":""},"tags":[1234,1720,1479],"drets":[1449],"class_list":["post-42762","post","type-post","status-publish","format-standard","has-post-thumbnail","hentry","tag-david-bondia","tag-icab","tag-sindicatura-de-greuges-de-barcelona","drets-dret-a-una-convivencia-pacifica"],"acf":[],"yoast_head":"<!-- This site is optimized with the Yoast SEO plugin v27.5 - https:\/\/yoast.com\/product\/yoast-seo-wordpress\/ -->\n<title>El s\u00edndic de greuges de Barcelona, David Bondia, participa en un congr\u00e9s sobre di\u00e0leg i drets humans davant les crisis humanit\u00e0ries - Sindicatura de Greuges de Barcelona<\/title>\n<meta name=\"description\" content=\"El VI Congr\u00e9s ADR\/MASC se celebrar\u00e0 els dies 20 i 21 de maig a la seu del Col\u00b7legi de l\u2019Advocacia de Barcelona.\" \/>\n<meta name=\"robots\" content=\"index, follow, max-snippet:-1, max-image-preview:large, max-video-preview:-1\" \/>\n<link rel=\"canonical\" href=\"https:\/\/www.sindicaturabarcelona.cat\/ca\/el-sindic-de-greuges-de-barcelona-david-bondia-participa-en-un-congres-sobre-dialeg-i-drets-humans-davant-les-crisis-humanitaries\/\" \/>\n<meta property=\"og:locale\" content=\"ca_ES\" \/>\n<meta property=\"og:type\" content=\"article\" \/>\n<meta property=\"og:title\" content=\"El s\u00edndic de greuges de Barcelona, David Bondia, participa en un congr\u00e9s sobre di\u00e0leg i drets humans davant les crisis humanit\u00e0ries - Sindicatura de Greuges de Barcelona\" \/>\n<meta property=\"og:description\" content=\"El VI Congr\u00e9s ADR\/MASC se celebrar\u00e0 els dies 20 i 21 de maig a la seu del Col\u00b7legi de l\u2019Advocacia de Barcelona.\" \/>\n<meta property=\"og:url\" content=\"https:\/\/www.sindicaturabarcelona.cat\/ca\/el-sindic-de-greuges-de-barcelona-david-bondia-participa-en-un-congres-sobre-dialeg-i-drets-humans-davant-les-crisis-humanitaries\/\" \/>\n<meta property=\"og:site_name\" content=\"Sindicatura de Greuges de Barcelona\" \/>\n<meta property=\"article:published_time\" content=\"2026-05-19T10:17:31+00:00\" \/>\n<meta property=\"article:modified_time\" content=\"2026-05-19T10:17:33+00:00\" \/>\n<meta property=\"og:image\" content=\"https:\/\/www.sindicaturabarcelona.cat\/wp-content\/uploads\/SINDIC-DE-GREUGES-Informe-anual-2024-10-4-25-jordicosta1425-41V2-scaled.jpg\" \/>\n\t<meta property=\"og:image:width\" content=\"2560\" \/>\n\t<meta property=\"og:image:height\" content=\"1707\" \/>\n\t<meta property=\"og:image:type\" content=\"image\/jpeg\" \/>\n<meta name=\"author\" content=\"Carme Rocamora\" \/>\n<meta name=\"twitter:card\" content=\"summary_large_image\" \/>\n<meta name=\"twitter:creator\" content=\"@sindicbarcelona\" \/>\n<meta name=\"twitter:site\" content=\"@sindicbarcelona\" \/>\n<meta name=\"twitter:label1\" content=\"Escrit per\" \/>\n\t<meta name=\"twitter:data1\" content=\"Carme Rocamora\" \/>\n\t<meta name=\"twitter:label2\" content=\"Temps estimat de lectura\" \/>\n\t<meta name=\"twitter:data2\" content=\"2 minuts\" \/>\n<script type=\"application\/ld+json\" class=\"yoast-schema-graph\">{\"@context\":\"https:\\\/\\\/schema.org\",\"@graph\":[{\"@type\":\"Article\",\"@id\":\"https:\\\/\\\/www.sindicaturabarcelona.cat\\\/ca\\\/el-sindic-de-greuges-de-barcelona-david-bondia-participa-en-un-congres-sobre-dialeg-i-drets-humans-davant-les-crisis-humanitaries\\\/#article\",\"isPartOf\":{\"@id\":\"https:\\\/\\\/www.sindicaturabarcelona.cat\\\/ca\\\/el-sindic-de-greuges-de-barcelona-david-bondia-participa-en-un-congres-sobre-dialeg-i-drets-humans-davant-les-crisis-humanitaries\\\/\"},\"author\":{\"name\":\"Carme Rocamora\",\"@id\":\"https:\\\/\\\/www.sindicaturabarcelona.cat\\\/ca\\\/#\\\/schema\\\/person\\\/0690b05fdcbf9e43b34103e845240789\"},\"headline\":\"El s\u00edndic de greuges de Barcelona, David Bondia, participa en un congr\u00e9s sobre di\u00e0leg i drets humans davant les crisis humanit\u00e0ries\",\"datePublished\":\"2026-05-19T10:17:31+00:00\",\"dateModified\":\"2026-05-19T10:17:33+00:00\",\"mainEntityOfPage\":{\"@id\":\"https:\\\/\\\/www.sindicaturabarcelona.cat\\\/ca\\\/el-sindic-de-greuges-de-barcelona-david-bondia-participa-en-un-congres-sobre-dialeg-i-drets-humans-davant-les-crisis-humanitaries\\\/\"},\"wordCount\":344,\"publisher\":{\"@id\":\"https:\\\/\\\/www.sindicaturabarcelona.cat\\\/ca\\\/#organization\"},\"image\":{\"@id\":\"https:\\\/\\\/www.sindicaturabarcelona.cat\\\/ca\\\/el-sindic-de-greuges-de-barcelona-david-bondia-participa-en-un-congres-sobre-dialeg-i-drets-humans-davant-les-crisis-humanitaries\\\/#primaryimage\"},\"thumbnailUrl\":\"https:\\\/\\\/www.sindicaturabarcelona.cat\\\/wp-content\\\/uploads\\\/SINDIC-DE-GREUGES-Informe-anual-2024-10-4-25-jordicosta1425-41V2-scaled.jpg\",\"keywords\":[\"david bondia\",\"ICAB\",\"Sindicatura de Greuges de Barcelona\"],\"inLanguage\":\"ca\"},{\"@type\":\"WebPage\",\"@id\":\"https:\\\/\\\/www.sindicaturabarcelona.cat\\\/ca\\\/el-sindic-de-greuges-de-barcelona-david-bondia-participa-en-un-congres-sobre-dialeg-i-drets-humans-davant-les-crisis-humanitaries\\\/\",\"url\":\"https:\\\/\\\/www.sindicaturabarcelona.cat\\\/ca\\\/el-sindic-de-greuges-de-barcelona-david-bondia-participa-en-un-congres-sobre-dialeg-i-drets-humans-davant-les-crisis-humanitaries\\\/\",\"name\":\"El s\u00edndic de greuges de Barcelona, David Bondia, participa en un congr\u00e9s sobre di\u00e0leg i drets humans davant les crisis humanit\u00e0ries - Sindicatura de Greuges de Barcelona\",\"isPartOf\":{\"@id\":\"https:\\\/\\\/www.sindicaturabarcelona.cat\\\/ca\\\/#website\"},\"primaryImageOfPage\":{\"@id\":\"https:\\\/\\\/www.sindicaturabarcelona.cat\\\/ca\\\/el-sindic-de-greuges-de-barcelona-david-bondia-participa-en-un-congres-sobre-dialeg-i-drets-humans-davant-les-crisis-humanitaries\\\/#primaryimage\"},\"image\":{\"@id\":\"https:\\\/\\\/www.sindicaturabarcelona.cat\\\/ca\\\/el-sindic-de-greuges-de-barcelona-david-bondia-participa-en-un-congres-sobre-dialeg-i-drets-humans-davant-les-crisis-humanitaries\\\/#primaryimage\"},\"thumbnailUrl\":\"https:\\\/\\\/www.sindicaturabarcelona.cat\\\/wp-content\\\/uploads\\\/SINDIC-DE-GREUGES-Informe-anual-2024-10-4-25-jordicosta1425-41V2-scaled.jpg\",\"datePublished\":\"2026-05-19T10:17:31+00:00\",\"dateModified\":\"2026-05-19T10:17:33+00:00\",\"description\":\"El VI Congr\u00e9s ADR\\\/MASC se celebrar\u00e0 els dies 20 i 21 de maig a la seu del Col\u00b7legi de l\u2019Advocacia de Barcelona.\",\"breadcrumb\":{\"@id\":\"https:\\\/\\\/www.sindicaturabarcelona.cat\\\/ca\\\/el-sindic-de-greuges-de-barcelona-david-bondia-participa-en-un-congres-sobre-dialeg-i-drets-humans-davant-les-crisis-humanitaries\\\/#breadcrumb\"},\"inLanguage\":\"ca\",\"potentialAction\":[{\"@type\":\"ReadAction\",\"target\":[\"https:\\\/\\\/www.sindicaturabarcelona.cat\\\/ca\\\/el-sindic-de-greuges-de-barcelona-david-bondia-participa-en-un-congres-sobre-dialeg-i-drets-humans-davant-les-crisis-humanitaries\\\/\"]}]},{\"@type\":\"ImageObject\",\"inLanguage\":\"ca\",\"@id\":\"https:\\\/\\\/www.sindicaturabarcelona.cat\\\/ca\\\/el-sindic-de-greuges-de-barcelona-david-bondia-participa-en-un-congres-sobre-dialeg-i-drets-humans-davant-les-crisis-humanitaries\\\/#primaryimage\",\"url\":\"https:\\\/\\\/www.sindicaturabarcelona.cat\\\/wp-content\\\/uploads\\\/SINDIC-DE-GREUGES-Informe-anual-2024-10-4-25-jordicosta1425-41V2-scaled.jpg\",\"contentUrl\":\"https:\\\/\\\/www.sindicaturabarcelona.cat\\\/wp-content\\\/uploads\\\/SINDIC-DE-GREUGES-Informe-anual-2024-10-4-25-jordicosta1425-41V2-scaled.jpg\",\"width\":2560,\"height\":1707},{\"@type\":\"BreadcrumbList\",\"@id\":\"https:\\\/\\\/www.sindicaturabarcelona.cat\\\/ca\\\/el-sindic-de-greuges-de-barcelona-david-bondia-participa-en-un-congres-sobre-dialeg-i-drets-humans-davant-les-crisis-humanitaries\\\/#breadcrumb\",\"itemListElement\":[{\"@type\":\"ListItem\",\"position\":1,\"name\":\"Inici\",\"item\":\"https:\\\/\\\/www.sindicaturabarcelona.cat\\\/ca\\\/\"},{\"@type\":\"ListItem\",\"position\":2,\"name\":\"El s\u00edndic de greuges de Barcelona, David Bondia, participa en un congr\u00e9s sobre di\u00e0leg i drets humans davant les crisis humanit\u00e0ries\"}]},{\"@type\":\"WebSite\",\"@id\":\"https:\\\/\\\/www.sindicaturabarcelona.cat\\\/ca\\\/#website\",\"url\":\"https:\\\/\\\/www.sindicaturabarcelona.cat\\\/ca\\\/\",\"name\":\"Sindicatura de Greuges de Barcelona\",\"description\":\"La defensoria dels teus drets\",\"publisher\":{\"@id\":\"https:\\\/\\\/www.sindicaturabarcelona.cat\\\/ca\\\/#organization\"},\"potentialAction\":[{\"@type\":\"SearchAction\",\"target\":{\"@type\":\"EntryPoint\",\"urlTemplate\":\"https:\\\/\\\/www.sindicaturabarcelona.cat\\\/ca\\\/?s={search_term_string}\"},\"query-input\":{\"@type\":\"PropertyValueSpecification\",\"valueRequired\":true,\"valueName\":\"search_term_string\"}}],\"inLanguage\":\"ca\"},{\"@type\":\"Organization\",\"@id\":\"https:\\\/\\\/www.sindicaturabarcelona.cat\\\/ca\\\/#organization\",\"name\":\"Sindicatura de Greuges de Barcelona\",\"url\":\"https:\\\/\\\/www.sindicaturabarcelona.cat\\\/ca\\\/\",\"logo\":{\"@type\":\"ImageObject\",\"inLanguage\":\"ca\",\"@id\":\"https:\\\/\\\/www.sindicaturabarcelona.cat\\\/ca\\\/#\\\/schema\\\/logo\\\/image\\\/\",\"url\":\"https:\\\/\\\/www.sindicaturabarcelona.cat\\\/wp-content\\\/uploads\\\/2023\\\/02\\\/logo_sindicatura.svg\",\"contentUrl\":\"https:\\\/\\\/www.sindicaturabarcelona.cat\\\/wp-content\\\/uploads\\\/2023\\\/02\\\/logo_sindicatura.svg\",\"caption\":\"Sindicatura de Greuges de Barcelona\"},\"image\":{\"@id\":\"https:\\\/\\\/www.sindicaturabarcelona.cat\\\/ca\\\/#\\\/schema\\\/logo\\\/image\\\/\"},\"sameAs\":[\"https:\\\/\\\/x.com\\\/sindicbarcelona\",\"https:\\\/\\\/www.instagram.com\\\/sindicbarcelona\\\/\",\"https:\\\/\\\/www.tiktok.com\\\/@sindicaturabcn\",\"https:\\\/\\\/t.me\\\/sindicaturabarcelona\"]},{\"@type\":\"Person\",\"@id\":\"https:\\\/\\\/www.sindicaturabarcelona.cat\\\/ca\\\/#\\\/schema\\\/person\\\/0690b05fdcbf9e43b34103e845240789\",\"name\":\"Carme Rocamora\",\"image\":{\"@type\":\"ImageObject\",\"inLanguage\":\"ca\",\"@id\":\"https:\\\/\\\/secure.gravatar.com\\\/avatar\\\/7d5e980ef632f555fa40f97d06e5c8ec4ec568974a95778749d6a6279aa1faef?s=96&d=mm&r=g\",\"url\":\"https:\\\/\\\/secure.gravatar.com\\\/avatar\\\/7d5e980ef632f555fa40f97d06e5c8ec4ec568974a95778749d6a6279aa1faef?s=96&d=mm&r=g\",\"contentUrl\":\"https:\\\/\\\/secure.gravatar.com\\\/avatar\\\/7d5e980ef632f555fa40f97d06e5c8ec4ec568974a95778749d6a6279aa1faef?s=96&d=mm&r=g\",\"caption\":\"Carme Rocamora\"},\"url\":\"https:\\\/\\\/www.sindicaturabarcelona.cat\\\/ca\\\/author\\\/crocamora\\\/\"}]}<\/script>\n<!-- \/ Yoast SEO plugin. -->","yoast_head_json":{"title":"El s\u00edndic de greuges de Barcelona, David Bondia, participa en un congr\u00e9s sobre di\u00e0leg i drets humans davant les crisis humanit\u00e0ries - Sindicatura de Greuges de Barcelona","description":"El VI Congr\u00e9s ADR\/MASC se celebrar\u00e0 els dies 20 i 21 de maig a la seu del Col\u00b7legi de l\u2019Advocacia de Barcelona.","robots":{"index":"index","follow":"follow","max-snippet":"max-snippet:-1","max-image-preview":"max-image-preview:large","max-video-preview":"max-video-preview:-1"},"canonical":"https:\/\/www.sindicaturabarcelona.cat\/ca\/el-sindic-de-greuges-de-barcelona-david-bondia-participa-en-un-congres-sobre-dialeg-i-drets-humans-davant-les-crisis-humanitaries\/","og_locale":"ca_ES","og_type":"article","og_title":"El s\u00edndic de greuges de Barcelona, David Bondia, participa en un congr\u00e9s sobre di\u00e0leg i drets humans davant les crisis humanit\u00e0ries - Sindicatura de Greuges de Barcelona","og_description":"El VI Congr\u00e9s ADR\/MASC se celebrar\u00e0 els dies 20 i 21 de maig a la seu del Col\u00b7legi de l\u2019Advocacia de Barcelona.","og_url":"https:\/\/www.sindicaturabarcelona.cat\/ca\/el-sindic-de-greuges-de-barcelona-david-bondia-participa-en-un-congres-sobre-dialeg-i-drets-humans-davant-les-crisis-humanitaries\/","og_site_name":"Sindicatura de Greuges de Barcelona","article_published_time":"2026-05-19T10:17:31+00:00","article_modified_time":"2026-05-19T10:17:33+00:00","og_image":[{"width":2560,"height":1707,"url":"https:\/\/www.sindicaturabarcelona.cat\/wp-content\/uploads\/SINDIC-DE-GREUGES-Informe-anual-2024-10-4-25-jordicosta1425-41V2-scaled.jpg","type":"image\/jpeg"}],"author":"Carme Rocamora","twitter_card":"summary_large_image","twitter_creator":"@sindicbarcelona","twitter_site":"@sindicbarcelona","twitter_misc":{"Escrit per":"Carme Rocamora","Temps estimat de lectura":"2 minuts"},"schema":{"@context":"https:\/\/schema.org","@graph":[{"@type":"Article","@id":"https:\/\/www.sindicaturabarcelona.cat\/ca\/el-sindic-de-greuges-de-barcelona-david-bondia-participa-en-un-congres-sobre-dialeg-i-drets-humans-davant-les-crisis-humanitaries\/#article","isPartOf":{"@id":"https:\/\/www.sindicaturabarcelona.cat\/ca\/el-sindic-de-greuges-de-barcelona-david-bondia-participa-en-un-congres-sobre-dialeg-i-drets-humans-davant-les-crisis-humanitaries\/"},"author":{"name":"Carme Rocamora","@id":"https:\/\/www.sindicaturabarcelona.cat\/ca\/#\/schema\/person\/0690b05fdcbf9e43b34103e845240789"},"headline":"El s\u00edndic de greuges de Barcelona, David Bondia, participa en un congr\u00e9s sobre di\u00e0leg i drets humans davant les crisis humanit\u00e0ries","datePublished":"2026-05-19T10:17:31+00:00","dateModified":"2026-05-19T10:17:33+00:00","mainEntityOfPage":{"@id":"https:\/\/www.sindicaturabarcelona.cat\/ca\/el-sindic-de-greuges-de-barcelona-david-bondia-participa-en-un-congres-sobre-dialeg-i-drets-humans-davant-les-crisis-humanitaries\/"},"wordCount":344,"publisher":{"@id":"https:\/\/www.sindicaturabarcelona.cat\/ca\/#organization"},"image":{"@id":"https:\/\/www.sindicaturabarcelona.cat\/ca\/el-sindic-de-greuges-de-barcelona-david-bondia-participa-en-un-congres-sobre-dialeg-i-drets-humans-davant-les-crisis-humanitaries\/#primaryimage"},"thumbnailUrl":"https:\/\/www.sindicaturabarcelona.cat\/wp-content\/uploads\/SINDIC-DE-GREUGES-Informe-anual-2024-10-4-25-jordicosta1425-41V2-scaled.jpg","keywords":["david bondia","ICAB","Sindicatura de Greuges de Barcelona"],"inLanguage":"ca"},{"@type":"WebPage","@id":"https:\/\/www.sindicaturabarcelona.cat\/ca\/el-sindic-de-greuges-de-barcelona-david-bondia-participa-en-un-congres-sobre-dialeg-i-drets-humans-davant-les-crisis-humanitaries\/","url":"https:\/\/www.sindicaturabarcelona.cat\/ca\/el-sindic-de-greuges-de-barcelona-david-bondia-participa-en-un-congres-sobre-dialeg-i-drets-humans-davant-les-crisis-humanitaries\/","name":"El s\u00edndic de greuges de Barcelona, David Bondia, participa en un congr\u00e9s sobre di\u00e0leg i drets humans davant les crisis humanit\u00e0ries - Sindicatura de Greuges de Barcelona","isPartOf":{"@id":"https:\/\/www.sindicaturabarcelona.cat\/ca\/#website"},"primaryImageOfPage":{"@id":"https:\/\/www.sindicaturabarcelona.cat\/ca\/el-sindic-de-greuges-de-barcelona-david-bondia-participa-en-un-congres-sobre-dialeg-i-drets-humans-davant-les-crisis-humanitaries\/#primaryimage"},"image":{"@id":"https:\/\/www.sindicaturabarcelona.cat\/ca\/el-sindic-de-greuges-de-barcelona-david-bondia-participa-en-un-congres-sobre-dialeg-i-drets-humans-davant-les-crisis-humanitaries\/#primaryimage"},"thumbnailUrl":"https:\/\/www.sindicaturabarcelona.cat\/wp-content\/uploads\/SINDIC-DE-GREUGES-Informe-anual-2024-10-4-25-jordicosta1425-41V2-scaled.jpg","datePublished":"2026-05-19T10:17:31+00:00","dateModified":"2026-05-19T10:17:33+00:00","description":"El VI Congr\u00e9s ADR\/MASC se celebrar\u00e0 els dies 20 i 21 de maig a la seu del Col\u00b7legi de l\u2019Advocacia de Barcelona.","breadcrumb":{"@id":"https:\/\/www.sindicaturabarcelona.cat\/ca\/el-sindic-de-greuges-de-barcelona-david-bondia-participa-en-un-congres-sobre-dialeg-i-drets-humans-davant-les-crisis-humanitaries\/#breadcrumb"},"inLanguage":"ca","potentialAction":[{"@type":"ReadAction","target":["https:\/\/www.sindicaturabarcelona.cat\/ca\/el-sindic-de-greuges-de-barcelona-david-bondia-participa-en-un-congres-sobre-dialeg-i-drets-humans-davant-les-crisis-humanitaries\/"]}]},{"@type":"ImageObject","inLanguage":"ca","@id":"https:\/\/www.sindicaturabarcelona.cat\/ca\/el-sindic-de-greuges-de-barcelona-david-bondia-participa-en-un-congres-sobre-dialeg-i-drets-humans-davant-les-crisis-humanitaries\/#primaryimage","url":"https:\/\/www.sindicaturabarcelona.cat\/wp-content\/uploads\/SINDIC-DE-GREUGES-Informe-anual-2024-10-4-25-jordicosta1425-41V2-scaled.jpg","contentUrl":"https:\/\/www.sindicaturabarcelona.cat\/wp-content\/uploads\/SINDIC-DE-GREUGES-Informe-anual-2024-10-4-25-jordicosta1425-41V2-scaled.jpg","width":2560,"height":1707},{"@type":"BreadcrumbList","@id":"https:\/\/www.sindicaturabarcelona.cat\/ca\/el-sindic-de-greuges-de-barcelona-david-bondia-participa-en-un-congres-sobre-dialeg-i-drets-humans-davant-les-crisis-humanitaries\/#breadcrumb","itemListElement":[{"@type":"ListItem","position":1,"name":"Inici","item":"https:\/\/www.sindicaturabarcelona.cat\/ca\/"},{"@type":"ListItem","position":2,"name":"El s\u00edndic de greuges de Barcelona, David Bondia, participa en un congr\u00e9s sobre di\u00e0leg i drets humans davant les crisis humanit\u00e0ries"}]},{"@type":"WebSite","@id":"https:\/\/www.sindicaturabarcelona.cat\/ca\/#website","url":"https:\/\/www.sindicaturabarcelona.cat\/ca\/","name":"Sindicatura de Greuges de Barcelona","description":"La defensoria dels teus drets","publisher":{"@id":"https:\/\/www.sindicaturabarcelona.cat\/ca\/#organization"},"potentialAction":[{"@type":"SearchAction","target":{"@type":"EntryPoint","urlTemplate":"https:\/\/www.sindicaturabarcelona.cat\/ca\/?s={search_term_string}"},"query-input":{"@type":"PropertyValueSpecification","valueRequired":true,"valueName":"search_term_string"}}],"inLanguage":"ca"},{"@type":"Organization","@id":"https:\/\/www.sindicaturabarcelona.cat\/ca\/#organization","name":"Sindicatura de Greuges de Barcelona","url":"https:\/\/www.sindicaturabarcelona.cat\/ca\/","logo":{"@type":"ImageObject","inLanguage":"ca","@id":"https:\/\/www.sindicaturabarcelona.cat\/ca\/#\/schema\/logo\/image\/","url":"https:\/\/www.sindicaturabarcelona.cat\/wp-content\/uploads\/2023\/02\/logo_sindicatura.svg","contentUrl":"https:\/\/www.sindicaturabarcelona.cat\/wp-content\/uploads\/2023\/02\/logo_sindicatura.svg","caption":"Sindicatura de Greuges de Barcelona"},"image":{"@id":"https:\/\/www.sindicaturabarcelona.cat\/ca\/#\/schema\/logo\/image\/"},"sameAs":["https:\/\/x.com\/sindicbarcelona","https:\/\/www.instagram.com\/sindicbarcelona\/","https:\/\/www.tiktok.com\/@sindicaturabcn","https:\/\/t.me\/sindicaturabarcelona"]},{"@type":"Person","@id":"https:\/\/www.sindicaturabarcelona.cat\/ca\/#\/schema\/person\/0690b05fdcbf9e43b34103e845240789","name":"Carme Rocamora","image":{"@type":"ImageObject","inLanguage":"ca","@id":"https:\/\/secure.gravatar.com\/avatar\/7d5e980ef632f555fa40f97d06e5c8ec4ec568974a95778749d6a6279aa1faef?s=96&d=mm&r=g","url":"https:\/\/secure.gravatar.com\/avatar\/7d5e980ef632f555fa40f97d06e5c8ec4ec568974a95778749d6a6279aa1faef?s=96&d=mm&r=g","contentUrl":"https:\/\/secure.gravatar.com\/avatar\/7d5e980ef632f555fa40f97d06e5c8ec4ec568974a95778749d6a6279aa1faef?s=96&d=mm&r=g","caption":"Carme Rocamora"},"url":"https:\/\/www.sindicaturabarcelona.cat\/ca\/author\/crocamora\/"}]}},"_links":{"self":[{"href":"https:\/\/www.sindicaturabarcelona.cat\/ca\/wp-json\/wp\/v2\/posts\/42762","targetHints":{"allow":["GET"]}}],"collection":[{"href":"https:\/\/www.sindicaturabarcelona.cat\/ca\/wp-json\/wp\/v2\/posts"}],"about":[{"href":"https:\/\/www.sindicaturabarcelona.cat\/ca\/wp-json\/wp\/v2\/types\/post"}],"author":[{"embeddable":true,"href":"https:\/\/www.sindicaturabarcelona.cat\/ca\/wp-json\/wp\/v2\/users\/7"}],"replies":[{"embeddable":true,"href":"https:\/\/www.sindicaturabarcelona.cat\/ca\/wp-json\/wp\/v2\/comments?post=42762"}],"version-history":[{"count":1,"href":"https:\/\/www.sindicaturabarcelona.cat\/ca\/wp-json\/wp\/v2\/posts\/42762\/revisions"}],"predecessor-version":[{"id":42763,"href":"https:\/\/www.sindicaturabarcelona.cat\/ca\/wp-json\/wp\/v2\/posts\/42762\/revisions\/42763"}],"wp:featuredmedia":[{"embeddable":true,"href":"https:\/\/www.sindicaturabarcelona.cat\/ca\/wp-json\/wp\/v2\/media\/36876"}],"wp:attachment":[{"href":"https:\/\/www.sindicaturabarcelona.cat\/ca\/wp-json\/wp\/v2\/media?parent=42762"}],"wp:term":[{"taxonomy":"post_tag","embeddable":true,"href":"https:\/\/www.sindicaturabarcelona.cat\/ca\/wp-json\/wp\/v2\/tags?post=42762"},{"taxonomy":"drets","embeddable":true,"href":"https:\/\/www.sindicaturabarcelona.cat\/ca\/wp-json\/wp\/v2\/drets?post=42762"}],"curies":[{"name":"wp","href":"https:\/\/api.w.org\/{rel}","templated":true}]}}