{"id":42753,"date":"2026-05-20T08:00:00","date_gmt":"2026-05-20T06:00:00","guid":{"rendered":"https:\/\/www.sindicaturabarcelona.cat\/?p=42753"},"modified":"2026-06-11T16:28:51","modified_gmt":"2026-06-11T14:28:51","slug":"la-sindicatura-de-greuges-de-barcelona-reclama-un-punt-de-tramitacio-estatal-a-la-fira-per-agilitzar-la-regularitzacio-de-persones-migrades","status":"publish","type":"post","link":"https:\/\/www.sindicaturabarcelona.cat\/ca\/la-sindicatura-de-greuges-de-barcelona-reclama-un-punt-de-tramitacio-estatal-a-la-fira-per-agilitzar-la-regularitzacio-de-persones-migrades\/","title":{"rendered":"La Sindicatura de Greuges de Barcelona\u00a0reclama un punt\u00a0de tramitaci\u00f3\u00a0estatal a la Fira per agilitzar la regularitzaci\u00f3 de persones migrades\u00a0"},"content":{"rendered":"\n<h2 class=\"wp-block-heading\"><strong>La defensoria destaca que una millor coordinaci\u00f3 entre administracions i una pres\u00e8ncia directa de l\u2019administraci\u00f3 de l&#8217;Estat en aquest espai s\u00f3n clau per millorar el funcionament d\u2019aquest proc\u00e9s.<\/strong>&nbsp;<\/h2>\n\n\n\n<p>La Sindicatura de Greuges de Barcelona reclama al Ministeri d\u2019Inclusi\u00f3, Seguretat Social i Migracions que habiliti un <strong>punt presencial de tramitaci\u00f3<\/strong> a la Fira de Barcelona (Nau 2) per <strong>agilitzar el proc\u00e9s de regularitzaci\u00f3 extraordin\u00e0ria<\/strong> de persones migrades, aprofitant el dispositiu municipal ja existent.<\/p>\n\n\n\n<p>La defensoria considera que <strong>Barcelona ja disposa de l\u2019espai, els recursos i l\u2019organitzaci\u00f3 necess\u00e0ria per refor\u00e7ar aquest proc\u00e9s i que la pres\u00e8ncia directa de l\u2019administraci\u00f3 de l\u2019Estat permetria donar una resposta m\u00e9s \u00e0gil i efica\u00e7<\/strong> davant l\u2019elevada demanda.<\/p>\n\n\n\n<p>Aquesta petici\u00f3 arriba despr\u00e9s d\u2019analitzar les primeres dades facilitades per l\u2019Ajuntament sobre l\u2019activitat desenvolupada durant les<strong> primeres setmanes del dispositiu<\/strong> municipal, especialment pel que fa a l\u2019assist\u00e8ncia a persones i a la tramitaci\u00f3 de justificants de padr\u00f3 i certificats de vulnerabilitat.<\/p>\n\n\n\n<p>Paral\u00b7lelament, la Sindicatura constata que ni el Ministeri d\u2019Inclusi\u00f3, Seguretat Social i Migracions ni la Delegaci\u00f3 del Govern han informat p\u00fablicament dels punts habilitats per l\u2019administraci\u00f3 estatal a la ciutat ni del funcionament concret dels serveis disponibles, una <strong>manca d\u2019informaci\u00f3 que dificulta orientar <\/strong>adequadament la ciutadania.<\/p>\n\n\n\n<p>Tanmateix, <strong>l\u2019Ajuntament ja ha posat en marxa a la Fira un espai <\/strong>de gran capacitat on s\u2019ofereix suport integral a la tramitaci\u00f3 i<strong> que podria incorporar f\u00e0cilment un dispositiu estatal presencial<\/strong>.&nbsp;<\/p>\n\n\n\n<p>La Sindicatura destaca que una <strong>millor coordinaci\u00f3 entre administracions<\/strong> i una <strong>pres\u00e8ncia directa de l\u2019administraci\u00f3 de l\u2019Estat<\/strong> en aquest espai s\u00f3n clau per garantir un proc\u00e9s m\u00e9s \u00e0gil, accessible i efica\u00e7 per a les persones afectades.<\/p>\n\n\n\n<h2 class=\"wp-block-heading\"><strong>El pavell\u00f3 2 de Fira&nbsp;<\/strong><\/h2>\n\n\n\n<p>El pavell\u00f3 2 de Fira est\u00e0 habilitat com a punt de suport des del 6 de maig, i \u00e9s l\u2019\u00fanic punt de distribuci\u00f3 de tiquets en paper que funciona de manera ininterrompuda de les 8 a les 22:00 hores a Barcelona. D\u2019aquesta manera, s\u2019agilitza l\u2019obtenci\u00f3 de n\u00famero per ser at\u00e8s presencialment en un dels quatre punts de suport integral que tramiten la documentaci\u00f3 que pot expedir l\u2019Ajuntament.<\/p>\n\n\n\n<p>Els tiquets donats a Fira indiquen el dia, la franja hor\u00e0ria i el lloc d\u2019atenci\u00f3 en un dels 4 punts habilitats per fer els tr\u00e0mits a la ciutat: el SAIER, al carrer Tarragona, les OAC de Sant Miquel i la Monumental, i el centre de Miquel Bleach, 24.<\/p>\n\n\n\n<p style=\"font-size:13px\">*Aquest article ha estat elaborat amb l&#8217;assist\u00e8ncia de l&#8217;eina Copilot de l&#8217;Ajuntament de Barcelona.<\/p>\n","protected":false},"excerpt":{"rendered":"<p>La defensoria destaca que una millor coordinaci\u00f3 entre administracions i una pres\u00e8ncia directa de l\u2019administraci\u00f3 de l&#8217;Estat en aquest espai s\u00f3n clau per millorar el funcionament d\u2019aquest proc\u00e9s.&nbsp; La Sindicatura [&hellip;]<\/p>\n","protected":false},"author":7,"featured_media":42754,"comment_status":"closed","ping_status":"closed","sticky":false,"template":"","format":"standard","meta":{"_acf_changed":false,"footnotes":""},"tags":[1234,1479],"drets":[1436,1458,1451,1647],"class_list":["post-42753","post","type-post","status-publish","format-standard","has-post-thumbnail","hentry","tag-david-bondia","tag-sindicatura-de-greuges-de-barcelona","drets-drets-dacolldia","drets-dret-a-la-igualtat-i-a-la-diversitat","drets-dret-a-lempadronament","drets-dret-a-la-informacio"],"acf":[],"yoast_head":"<!-- This site is optimized with the Yoast SEO plugin v27.5 - https:\/\/yoast.com\/product\/yoast-seo-wordpress\/ -->\n<title>La Sindicatura de Greuges de Barcelona\u00a0reclama un punt\u00a0de tramitaci\u00f3\u00a0estatal a la Fira per agilitzar la regularitzaci\u00f3 de persones migrades\u00a0 - Sindicatura de Greuges de Barcelona<\/title>\n<meta name=\"description\" content=\"La defensoria destaca que una millor coordinaci\u00f3 entre administracions i una pres\u00e8ncia directa de l\u2019Estat en aquest espai s\u00f3n clau per millorar el funcionament d\u2019aquest proc\u00e9s.\u00a0\" \/>\n<meta name=\"robots\" content=\"index, follow, max-snippet:-1, max-image-preview:large, max-video-preview:-1\" \/>\n<link rel=\"canonical\" href=\"https:\/\/www.sindicaturabarcelona.cat\/ca\/la-sindicatura-de-greuges-de-barcelona-reclama-un-punt-de-tramitacio-estatal-a-la-fira-per-agilitzar-la-regularitzacio-de-persones-migrades\/\" \/>\n<meta property=\"og:locale\" content=\"ca_ES\" \/>\n<meta property=\"og:type\" content=\"article\" \/>\n<meta property=\"og:title\" content=\"La Sindicatura de Greuges de Barcelona\u00a0reclama un punt\u00a0de tramitaci\u00f3\u00a0estatal a la Fira per agilitzar la regularitzaci\u00f3 de persones migrades\u00a0 - Sindicatura de Greuges de Barcelona\" \/>\n<meta property=\"og:description\" content=\"La defensoria destaca que una millor coordinaci\u00f3 entre administracions i una pres\u00e8ncia directa de l\u2019Estat en aquest espai s\u00f3n clau per millorar el funcionament d\u2019aquest proc\u00e9s.\u00a0\" \/>\n<meta property=\"og:url\" content=\"https:\/\/www.sindicaturabarcelona.cat\/ca\/la-sindicatura-de-greuges-de-barcelona-reclama-un-punt-de-tramitacio-estatal-a-la-fira-per-agilitzar-la-regularitzacio-de-persones-migrades\/\" \/>\n<meta property=\"og:site_name\" content=\"Sindicatura de Greuges de Barcelona\" \/>\n<meta property=\"article:published_time\" content=\"2026-05-20T06:00:00+00:00\" \/>\n<meta property=\"article:modified_time\" content=\"2026-06-11T14:28:51+00:00\" \/>\n<meta property=\"og:image\" content=\"https:\/\/www.sindicaturabarcelona.cat\/wp-content\/uploads\/visita-fira.jpeg\" \/>\n\t<meta property=\"og:image:width\" content=\"1600\" \/>\n\t<meta property=\"og:image:height\" content=\"1315\" \/>\n\t<meta property=\"og:image:type\" content=\"image\/jpeg\" \/>\n<meta name=\"author\" content=\"Carme Rocamora\" \/>\n<meta name=\"twitter:card\" content=\"summary_large_image\" \/>\n<meta name=\"twitter:creator\" content=\"@sindicbarcelona\" \/>\n<meta name=\"twitter:site\" content=\"@sindicbarcelona\" \/>\n<meta name=\"twitter:label1\" content=\"Escrit per\" \/>\n\t<meta name=\"twitter:data1\" content=\"Carme Rocamora\" \/>\n\t<meta name=\"twitter:label2\" content=\"Temps estimat de lectura\" \/>\n\t<meta name=\"twitter:data2\" content=\"3 minuts\" \/>\n<script type=\"application\/ld+json\" class=\"yoast-schema-graph\">{\"@context\":\"https:\\\/\\\/schema.org\",\"@graph\":[{\"@type\":\"Article\",\"@id\":\"https:\\\/\\\/www.sindicaturabarcelona.cat\\\/ca\\\/la-sindicatura-de-greuges-de-barcelona-reclama-un-punt-de-tramitacio-estatal-a-la-fira-per-agilitzar-la-regularitzacio-de-persones-migrades\\\/#article\",\"isPartOf\":{\"@id\":\"https:\\\/\\\/www.sindicaturabarcelona.cat\\\/ca\\\/la-sindicatura-de-greuges-de-barcelona-reclama-un-punt-de-tramitacio-estatal-a-la-fira-per-agilitzar-la-regularitzacio-de-persones-migrades\\\/\"},\"author\":{\"name\":\"Carme Rocamora\",\"@id\":\"https:\\\/\\\/www.sindicaturabarcelona.cat\\\/ca\\\/#\\\/schema\\\/person\\\/0690b05fdcbf9e43b34103e845240789\"},\"headline\":\"La Sindicatura de Greuges de Barcelona\u00a0reclama un punt\u00a0de tramitaci\u00f3\u00a0estatal a la Fira per agilitzar la regularitzaci\u00f3 de persones migrades\u00a0\",\"datePublished\":\"2026-05-20T06:00:00+00:00\",\"dateModified\":\"2026-06-11T14:28:51+00:00\",\"mainEntityOfPage\":{\"@id\":\"https:\\\/\\\/www.sindicaturabarcelona.cat\\\/ca\\\/la-sindicatura-de-greuges-de-barcelona-reclama-un-punt-de-tramitacio-estatal-a-la-fira-per-agilitzar-la-regularitzacio-de-persones-migrades\\\/\"},\"wordCount\":468,\"publisher\":{\"@id\":\"https:\\\/\\\/www.sindicaturabarcelona.cat\\\/ca\\\/#organization\"},\"image\":{\"@id\":\"https:\\\/\\\/www.sindicaturabarcelona.cat\\\/ca\\\/la-sindicatura-de-greuges-de-barcelona-reclama-un-punt-de-tramitacio-estatal-a-la-fira-per-agilitzar-la-regularitzacio-de-persones-migrades\\\/#primaryimage\"},\"thumbnailUrl\":\"https:\\\/\\\/www.sindicaturabarcelona.cat\\\/wp-content\\\/uploads\\\/visita-fira.jpeg\",\"keywords\":[\"david bondia\",\"Sindicatura de Greuges de Barcelona\"],\"inLanguage\":\"ca\"},{\"@type\":\"WebPage\",\"@id\":\"https:\\\/\\\/www.sindicaturabarcelona.cat\\\/ca\\\/la-sindicatura-de-greuges-de-barcelona-reclama-un-punt-de-tramitacio-estatal-a-la-fira-per-agilitzar-la-regularitzacio-de-persones-migrades\\\/\",\"url\":\"https:\\\/\\\/www.sindicaturabarcelona.cat\\\/ca\\\/la-sindicatura-de-greuges-de-barcelona-reclama-un-punt-de-tramitacio-estatal-a-la-fira-per-agilitzar-la-regularitzacio-de-persones-migrades\\\/\",\"name\":\"La Sindicatura de Greuges de Barcelona\u00a0reclama un punt\u00a0de tramitaci\u00f3\u00a0estatal a la Fira per agilitzar la regularitzaci\u00f3 de persones migrades\u00a0 - Sindicatura de Greuges de Barcelona\",\"isPartOf\":{\"@id\":\"https:\\\/\\\/www.sindicaturabarcelona.cat\\\/ca\\\/#website\"},\"primaryImageOfPage\":{\"@id\":\"https:\\\/\\\/www.sindicaturabarcelona.cat\\\/ca\\\/la-sindicatura-de-greuges-de-barcelona-reclama-un-punt-de-tramitacio-estatal-a-la-fira-per-agilitzar-la-regularitzacio-de-persones-migrades\\\/#primaryimage\"},\"image\":{\"@id\":\"https:\\\/\\\/www.sindicaturabarcelona.cat\\\/ca\\\/la-sindicatura-de-greuges-de-barcelona-reclama-un-punt-de-tramitacio-estatal-a-la-fira-per-agilitzar-la-regularitzacio-de-persones-migrades\\\/#primaryimage\"},\"thumbnailUrl\":\"https:\\\/\\\/www.sindicaturabarcelona.cat\\\/wp-content\\\/uploads\\\/visita-fira.jpeg\",\"datePublished\":\"2026-05-20T06:00:00+00:00\",\"dateModified\":\"2026-06-11T14:28:51+00:00\",\"description\":\"La defensoria destaca que una millor coordinaci\u00f3 entre administracions i una pres\u00e8ncia directa de l\u2019Estat en aquest espai s\u00f3n clau per millorar el funcionament d\u2019aquest proc\u00e9s.\u00a0\",\"breadcrumb\":{\"@id\":\"https:\\\/\\\/www.sindicaturabarcelona.cat\\\/ca\\\/la-sindicatura-de-greuges-de-barcelona-reclama-un-punt-de-tramitacio-estatal-a-la-fira-per-agilitzar-la-regularitzacio-de-persones-migrades\\\/#breadcrumb\"},\"inLanguage\":\"ca\",\"potentialAction\":[{\"@type\":\"ReadAction\",\"target\":[\"https:\\\/\\\/www.sindicaturabarcelona.cat\\\/ca\\\/la-sindicatura-de-greuges-de-barcelona-reclama-un-punt-de-tramitacio-estatal-a-la-fira-per-agilitzar-la-regularitzacio-de-persones-migrades\\\/\"]}]},{\"@type\":\"ImageObject\",\"inLanguage\":\"ca\",\"@id\":\"https:\\\/\\\/www.sindicaturabarcelona.cat\\\/ca\\\/la-sindicatura-de-greuges-de-barcelona-reclama-un-punt-de-tramitacio-estatal-a-la-fira-per-agilitzar-la-regularitzacio-de-persones-migrades\\\/#primaryimage\",\"url\":\"https:\\\/\\\/www.sindicaturabarcelona.cat\\\/wp-content\\\/uploads\\\/visita-fira.jpeg\",\"contentUrl\":\"https:\\\/\\\/www.sindicaturabarcelona.cat\\\/wp-content\\\/uploads\\\/visita-fira.jpeg\",\"width\":1600,\"height\":1315},{\"@type\":\"BreadcrumbList\",\"@id\":\"https:\\\/\\\/www.sindicaturabarcelona.cat\\\/ca\\\/la-sindicatura-de-greuges-de-barcelona-reclama-un-punt-de-tramitacio-estatal-a-la-fira-per-agilitzar-la-regularitzacio-de-persones-migrades\\\/#breadcrumb\",\"itemListElement\":[{\"@type\":\"ListItem\",\"position\":1,\"name\":\"Inici\",\"item\":\"https:\\\/\\\/www.sindicaturabarcelona.cat\\\/ca\\\/\"},{\"@type\":\"ListItem\",\"position\":2,\"name\":\"La Sindicatura de Greuges de Barcelona\u00a0reclama un punt\u00a0de tramitaci\u00f3\u00a0estatal a la Fira per agilitzar la regularitzaci\u00f3 de persones migrades\u00a0\"}]},{\"@type\":\"WebSite\",\"@id\":\"https:\\\/\\\/www.sindicaturabarcelona.cat\\\/ca\\\/#website\",\"url\":\"https:\\\/\\\/www.sindicaturabarcelona.cat\\\/ca\\\/\",\"name\":\"Sindicatura de Greuges de Barcelona\",\"description\":\"La defensoria dels teus drets\",\"publisher\":{\"@id\":\"https:\\\/\\\/www.sindicaturabarcelona.cat\\\/ca\\\/#organization\"},\"potentialAction\":[{\"@type\":\"SearchAction\",\"target\":{\"@type\":\"EntryPoint\",\"urlTemplate\":\"https:\\\/\\\/www.sindicaturabarcelona.cat\\\/ca\\\/?s={search_term_string}\"},\"query-input\":{\"@type\":\"PropertyValueSpecification\",\"valueRequired\":true,\"valueName\":\"search_term_string\"}}],\"inLanguage\":\"ca\"},{\"@type\":\"Organization\",\"@id\":\"https:\\\/\\\/www.sindicaturabarcelona.cat\\\/ca\\\/#organization\",\"name\":\"Sindicatura de Greuges de Barcelona\",\"url\":\"https:\\\/\\\/www.sindicaturabarcelona.cat\\\/ca\\\/\",\"logo\":{\"@type\":\"ImageObject\",\"inLanguage\":\"ca\",\"@id\":\"https:\\\/\\\/www.sindicaturabarcelona.cat\\\/ca\\\/#\\\/schema\\\/logo\\\/image\\\/\",\"url\":\"https:\\\/\\\/www.sindicaturabarcelona.cat\\\/wp-content\\\/uploads\\\/2023\\\/02\\\/logo_sindicatura.svg\",\"contentUrl\":\"https:\\\/\\\/www.sindicaturabarcelona.cat\\\/wp-content\\\/uploads\\\/2023\\\/02\\\/logo_sindicatura.svg\",\"caption\":\"Sindicatura de Greuges de Barcelona\"},\"image\":{\"@id\":\"https:\\\/\\\/www.sindicaturabarcelona.cat\\\/ca\\\/#\\\/schema\\\/logo\\\/image\\\/\"},\"sameAs\":[\"https:\\\/\\\/x.com\\\/sindicbarcelona\",\"https:\\\/\\\/www.instagram.com\\\/sindicbarcelona\\\/\",\"https:\\\/\\\/www.tiktok.com\\\/@sindicaturabcn\",\"https:\\\/\\\/t.me\\\/sindicaturabarcelona\"]},{\"@type\":\"Person\",\"@id\":\"https:\\\/\\\/www.sindicaturabarcelona.cat\\\/ca\\\/#\\\/schema\\\/person\\\/0690b05fdcbf9e43b34103e845240789\",\"name\":\"Carme Rocamora\",\"image\":{\"@type\":\"ImageObject\",\"inLanguage\":\"ca\",\"@id\":\"https:\\\/\\\/secure.gravatar.com\\\/avatar\\\/7d5e980ef632f555fa40f97d06e5c8ec4ec568974a95778749d6a6279aa1faef?s=96&d=mm&r=g\",\"url\":\"https:\\\/\\\/secure.gravatar.com\\\/avatar\\\/7d5e980ef632f555fa40f97d06e5c8ec4ec568974a95778749d6a6279aa1faef?s=96&d=mm&r=g\",\"contentUrl\":\"https:\\\/\\\/secure.gravatar.com\\\/avatar\\\/7d5e980ef632f555fa40f97d06e5c8ec4ec568974a95778749d6a6279aa1faef?s=96&d=mm&r=g\",\"caption\":\"Carme Rocamora\"},\"url\":\"https:\\\/\\\/www.sindicaturabarcelona.cat\\\/ca\\\/author\\\/crocamora\\\/\"}]}<\/script>\n<!-- \/ Yoast SEO plugin. -->","yoast_head_json":{"title":"La Sindicatura de Greuges de Barcelona\u00a0reclama un punt\u00a0de tramitaci\u00f3\u00a0estatal a la Fira per agilitzar la regularitzaci\u00f3 de persones migrades\u00a0 - Sindicatura de Greuges de Barcelona","description":"La defensoria destaca que una millor coordinaci\u00f3 entre administracions i una pres\u00e8ncia directa de l\u2019Estat en aquest espai s\u00f3n clau per millorar el funcionament d\u2019aquest proc\u00e9s.\u00a0","robots":{"index":"index","follow":"follow","max-snippet":"max-snippet:-1","max-image-preview":"max-image-preview:large","max-video-preview":"max-video-preview:-1"},"canonical":"https:\/\/www.sindicaturabarcelona.cat\/ca\/la-sindicatura-de-greuges-de-barcelona-reclama-un-punt-de-tramitacio-estatal-a-la-fira-per-agilitzar-la-regularitzacio-de-persones-migrades\/","og_locale":"ca_ES","og_type":"article","og_title":"La Sindicatura de Greuges de Barcelona\u00a0reclama un punt\u00a0de tramitaci\u00f3\u00a0estatal a la Fira per agilitzar la regularitzaci\u00f3 de persones migrades\u00a0 - Sindicatura de Greuges de Barcelona","og_description":"La defensoria destaca que una millor coordinaci\u00f3 entre administracions i una pres\u00e8ncia directa de l\u2019Estat en aquest espai s\u00f3n clau per millorar el funcionament d\u2019aquest proc\u00e9s.\u00a0","og_url":"https:\/\/www.sindicaturabarcelona.cat\/ca\/la-sindicatura-de-greuges-de-barcelona-reclama-un-punt-de-tramitacio-estatal-a-la-fira-per-agilitzar-la-regularitzacio-de-persones-migrades\/","og_site_name":"Sindicatura de Greuges de Barcelona","article_published_time":"2026-05-20T06:00:00+00:00","article_modified_time":"2026-06-11T14:28:51+00:00","og_image":[{"width":1600,"height":1315,"url":"https:\/\/www.sindicaturabarcelona.cat\/wp-content\/uploads\/visita-fira.jpeg","type":"image\/jpeg"}],"author":"Carme Rocamora","twitter_card":"summary_large_image","twitter_creator":"@sindicbarcelona","twitter_site":"@sindicbarcelona","twitter_misc":{"Escrit per":"Carme Rocamora","Temps estimat de lectura":"3 minuts"},"schema":{"@context":"https:\/\/schema.org","@graph":[{"@type":"Article","@id":"https:\/\/www.sindicaturabarcelona.cat\/ca\/la-sindicatura-de-greuges-de-barcelona-reclama-un-punt-de-tramitacio-estatal-a-la-fira-per-agilitzar-la-regularitzacio-de-persones-migrades\/#article","isPartOf":{"@id":"https:\/\/www.sindicaturabarcelona.cat\/ca\/la-sindicatura-de-greuges-de-barcelona-reclama-un-punt-de-tramitacio-estatal-a-la-fira-per-agilitzar-la-regularitzacio-de-persones-migrades\/"},"author":{"name":"Carme Rocamora","@id":"https:\/\/www.sindicaturabarcelona.cat\/ca\/#\/schema\/person\/0690b05fdcbf9e43b34103e845240789"},"headline":"La Sindicatura de Greuges de Barcelona\u00a0reclama un punt\u00a0de tramitaci\u00f3\u00a0estatal a la Fira per agilitzar la regularitzaci\u00f3 de persones migrades\u00a0","datePublished":"2026-05-20T06:00:00+00:00","dateModified":"2026-06-11T14:28:51+00:00","mainEntityOfPage":{"@id":"https:\/\/www.sindicaturabarcelona.cat\/ca\/la-sindicatura-de-greuges-de-barcelona-reclama-un-punt-de-tramitacio-estatal-a-la-fira-per-agilitzar-la-regularitzacio-de-persones-migrades\/"},"wordCount":468,"publisher":{"@id":"https:\/\/www.sindicaturabarcelona.cat\/ca\/#organization"},"image":{"@id":"https:\/\/www.sindicaturabarcelona.cat\/ca\/la-sindicatura-de-greuges-de-barcelona-reclama-un-punt-de-tramitacio-estatal-a-la-fira-per-agilitzar-la-regularitzacio-de-persones-migrades\/#primaryimage"},"thumbnailUrl":"https:\/\/www.sindicaturabarcelona.cat\/wp-content\/uploads\/visita-fira.jpeg","keywords":["david bondia","Sindicatura de Greuges de Barcelona"],"inLanguage":"ca"},{"@type":"WebPage","@id":"https:\/\/www.sindicaturabarcelona.cat\/ca\/la-sindicatura-de-greuges-de-barcelona-reclama-un-punt-de-tramitacio-estatal-a-la-fira-per-agilitzar-la-regularitzacio-de-persones-migrades\/","url":"https:\/\/www.sindicaturabarcelona.cat\/ca\/la-sindicatura-de-greuges-de-barcelona-reclama-un-punt-de-tramitacio-estatal-a-la-fira-per-agilitzar-la-regularitzacio-de-persones-migrades\/","name":"La Sindicatura de Greuges de Barcelona\u00a0reclama un punt\u00a0de tramitaci\u00f3\u00a0estatal a la Fira per agilitzar la regularitzaci\u00f3 de persones migrades\u00a0 - Sindicatura de Greuges de Barcelona","isPartOf":{"@id":"https:\/\/www.sindicaturabarcelona.cat\/ca\/#website"},"primaryImageOfPage":{"@id":"https:\/\/www.sindicaturabarcelona.cat\/ca\/la-sindicatura-de-greuges-de-barcelona-reclama-un-punt-de-tramitacio-estatal-a-la-fira-per-agilitzar-la-regularitzacio-de-persones-migrades\/#primaryimage"},"image":{"@id":"https:\/\/www.sindicaturabarcelona.cat\/ca\/la-sindicatura-de-greuges-de-barcelona-reclama-un-punt-de-tramitacio-estatal-a-la-fira-per-agilitzar-la-regularitzacio-de-persones-migrades\/#primaryimage"},"thumbnailUrl":"https:\/\/www.sindicaturabarcelona.cat\/wp-content\/uploads\/visita-fira.jpeg","datePublished":"2026-05-20T06:00:00+00:00","dateModified":"2026-06-11T14:28:51+00:00","description":"La defensoria destaca que una millor coordinaci\u00f3 entre administracions i una pres\u00e8ncia directa de l\u2019Estat en aquest espai s\u00f3n clau per millorar el funcionament d\u2019aquest proc\u00e9s.\u00a0","breadcrumb":{"@id":"https:\/\/www.sindicaturabarcelona.cat\/ca\/la-sindicatura-de-greuges-de-barcelona-reclama-un-punt-de-tramitacio-estatal-a-la-fira-per-agilitzar-la-regularitzacio-de-persones-migrades\/#breadcrumb"},"inLanguage":"ca","potentialAction":[{"@type":"ReadAction","target":["https:\/\/www.sindicaturabarcelona.cat\/ca\/la-sindicatura-de-greuges-de-barcelona-reclama-un-punt-de-tramitacio-estatal-a-la-fira-per-agilitzar-la-regularitzacio-de-persones-migrades\/"]}]},{"@type":"ImageObject","inLanguage":"ca","@id":"https:\/\/www.sindicaturabarcelona.cat\/ca\/la-sindicatura-de-greuges-de-barcelona-reclama-un-punt-de-tramitacio-estatal-a-la-fira-per-agilitzar-la-regularitzacio-de-persones-migrades\/#primaryimage","url":"https:\/\/www.sindicaturabarcelona.cat\/wp-content\/uploads\/visita-fira.jpeg","contentUrl":"https:\/\/www.sindicaturabarcelona.cat\/wp-content\/uploads\/visita-fira.jpeg","width":1600,"height":1315},{"@type":"BreadcrumbList","@id":"https:\/\/www.sindicaturabarcelona.cat\/ca\/la-sindicatura-de-greuges-de-barcelona-reclama-un-punt-de-tramitacio-estatal-a-la-fira-per-agilitzar-la-regularitzacio-de-persones-migrades\/#breadcrumb","itemListElement":[{"@type":"ListItem","position":1,"name":"Inici","item":"https:\/\/www.sindicaturabarcelona.cat\/ca\/"},{"@type":"ListItem","position":2,"name":"La Sindicatura de Greuges de Barcelona\u00a0reclama un punt\u00a0de tramitaci\u00f3\u00a0estatal a la Fira per agilitzar la regularitzaci\u00f3 de persones migrades\u00a0"}]},{"@type":"WebSite","@id":"https:\/\/www.sindicaturabarcelona.cat\/ca\/#website","url":"https:\/\/www.sindicaturabarcelona.cat\/ca\/","name":"Sindicatura de Greuges de Barcelona","description":"La defensoria dels teus drets","publisher":{"@id":"https:\/\/www.sindicaturabarcelona.cat\/ca\/#organization"},"potentialAction":[{"@type":"SearchAction","target":{"@type":"EntryPoint","urlTemplate":"https:\/\/www.sindicaturabarcelona.cat\/ca\/?s={search_term_string}"},"query-input":{"@type":"PropertyValueSpecification","valueRequired":true,"valueName":"search_term_string"}}],"inLanguage":"ca"},{"@type":"Organization","@id":"https:\/\/www.sindicaturabarcelona.cat\/ca\/#organization","name":"Sindicatura de Greuges de Barcelona","url":"https:\/\/www.sindicaturabarcelona.cat\/ca\/","logo":{"@type":"ImageObject","inLanguage":"ca","@id":"https:\/\/www.sindicaturabarcelona.cat\/ca\/#\/schema\/logo\/image\/","url":"https:\/\/www.sindicaturabarcelona.cat\/wp-content\/uploads\/2023\/02\/logo_sindicatura.svg","contentUrl":"https:\/\/www.sindicaturabarcelona.cat\/wp-content\/uploads\/2023\/02\/logo_sindicatura.svg","caption":"Sindicatura de Greuges de Barcelona"},"image":{"@id":"https:\/\/www.sindicaturabarcelona.cat\/ca\/#\/schema\/logo\/image\/"},"sameAs":["https:\/\/x.com\/sindicbarcelona","https:\/\/www.instagram.com\/sindicbarcelona\/","https:\/\/www.tiktok.com\/@sindicaturabcn","https:\/\/t.me\/sindicaturabarcelona"]},{"@type":"Person","@id":"https:\/\/www.sindicaturabarcelona.cat\/ca\/#\/schema\/person\/0690b05fdcbf9e43b34103e845240789","name":"Carme Rocamora","image":{"@type":"ImageObject","inLanguage":"ca","@id":"https:\/\/secure.gravatar.com\/avatar\/7d5e980ef632f555fa40f97d06e5c8ec4ec568974a95778749d6a6279aa1faef?s=96&d=mm&r=g","url":"https:\/\/secure.gravatar.com\/avatar\/7d5e980ef632f555fa40f97d06e5c8ec4ec568974a95778749d6a6279aa1faef?s=96&d=mm&r=g","contentUrl":"https:\/\/secure.gravatar.com\/avatar\/7d5e980ef632f555fa40f97d06e5c8ec4ec568974a95778749d6a6279aa1faef?s=96&d=mm&r=g","caption":"Carme Rocamora"},"url":"https:\/\/www.sindicaturabarcelona.cat\/ca\/author\/crocamora\/"}]}},"_links":{"self":[{"href":"https:\/\/www.sindicaturabarcelona.cat\/ca\/wp-json\/wp\/v2\/posts\/42753","targetHints":{"allow":["GET"]}}],"collection":[{"href":"https:\/\/www.sindicaturabarcelona.cat\/ca\/wp-json\/wp\/v2\/posts"}],"about":[{"href":"https:\/\/www.sindicaturabarcelona.cat\/ca\/wp-json\/wp\/v2\/types\/post"}],"author":[{"embeddable":true,"href":"https:\/\/www.sindicaturabarcelona.cat\/ca\/wp-json\/wp\/v2\/users\/7"}],"replies":[{"embeddable":true,"href":"https:\/\/www.sindicaturabarcelona.cat\/ca\/wp-json\/wp\/v2\/comments?post=42753"}],"version-history":[{"count":5,"href":"https:\/\/www.sindicaturabarcelona.cat\/ca\/wp-json\/wp\/v2\/posts\/42753\/revisions"}],"predecessor-version":[{"id":43061,"href":"https:\/\/www.sindicaturabarcelona.cat\/ca\/wp-json\/wp\/v2\/posts\/42753\/revisions\/43061"}],"wp:featuredmedia":[{"embeddable":true,"href":"https:\/\/www.sindicaturabarcelona.cat\/ca\/wp-json\/wp\/v2\/media\/42754"}],"wp:attachment":[{"href":"https:\/\/www.sindicaturabarcelona.cat\/ca\/wp-json\/wp\/v2\/media?parent=42753"}],"wp:term":[{"taxonomy":"post_tag","embeddable":true,"href":"https:\/\/www.sindicaturabarcelona.cat\/ca\/wp-json\/wp\/v2\/tags?post=42753"},{"taxonomy":"drets","embeddable":true,"href":"https:\/\/www.sindicaturabarcelona.cat\/ca\/wp-json\/wp\/v2\/drets?post=42753"}],"curies":[{"name":"wp","href":"https:\/\/api.w.org\/{rel}","templated":true}]}}