{"id":42738,"date":"2026-05-14T12:58:33","date_gmt":"2026-05-14T10:58:33","guid":{"rendered":"https:\/\/www.sindicaturabarcelona.cat\/?p=42738"},"modified":"2026-06-11T16:33:46","modified_gmt":"2026-06-11T14:33:46","slug":"comunicat-de-la-sindicatura-de-greuges-de-barcelona-sobre-la-vaga-municipal-i-la-necessitat-dimpulsar-el-dialeg-efectiu","status":"publish","type":"post","link":"https:\/\/www.sindicaturabarcelona.cat\/ca\/comunicat-de-la-sindicatura-de-greuges-de-barcelona-sobre-la-vaga-municipal-i-la-necessitat-dimpulsar-el-dialeg-efectiu\/","title":{"rendered":"Comunicat de la Sindicatura de Greuges de Barcelona sobre la vaga municipal i la necessitat d\u2019impulsar el di\u00e0leg efectiu"},"content":{"rendered":"\n<p>La Sindicatura de Greuges de Barcelona, en el marc de les seves funcions de defensa dels drets de la ciutadania i de supervisi\u00f3 de l\u2019actuaci\u00f3 municipal, vol <strong>expressar la seva preocupaci\u00f3 davant la situaci\u00f3 de desacord laboral que afecta diversos serveis de l\u2019Ajuntament de Barcelona<\/strong> i que es mant\u00e9 des de fa mesos. <strong>En aquest context, la Sindicatura ha iniciat una actuaci\u00f3 d\u2019ofici per analitzar les afectacions d\u2019aquesta situaci\u00f3 tant en la ciutadania com en la prestaci\u00f3 dels serveis municipals<\/strong>.<\/p>\n\n\n\n<p>Des de fa m\u00e9s de tres mesos, diferents col\u00b7lectius de treballadores i treballadors municipals han impulsat mobilitzacions i una <strong>vaga indefinida que afecta diversos serveis d\u2019atenci\u00f3 directa a la ciutadania, incloent els serveis socials, les oficines d\u2019atenci\u00f3 a la ciutadania, els serveis d\u2019atenci\u00f3 a les dones i a les viol\u00e8ncies masclistes, les escoles bressol i, m\u00e9s recentment, les biblioteques<\/strong>. La situaci\u00f3 s\u2019emmarca tant en la discrep\u00e0ncia amb el nou acord de condicions laborals com en l\u2019exist\u00e8ncia de mancances estructurals pr\u00e8vies \u2014relatives a dotaci\u00f3 de personal i recursos\u2014 que, segons els col\u00b7lectius afectats, s\u2019haurien vist agreujades recentment.<\/p>\n\n\n\n<p>Aquesta situaci\u00f3 ha comportat una afectaci\u00f3 sostinguda en serveis essencials \u2014i sovint tensionats\u2014, especialment en aquells que atenen la ciutadania i, en particular, els col\u00b7lectius m\u00e9s vulnerables.<strong>La Sindicatura tamb\u00e9 t\u00e9 coneixement de les dificultats expressades pels representants dels treballadors en relaci\u00f3 amb els canals de di\u00e0leg i negociaci\u00f3 existents<\/strong>.<\/p>\n\n\n\n<p>La Sindicatura de Greuges recorda que la qualitat dels serveis municipals est\u00e0 estretament vinculada a les condicions en qu\u00e8 aquests es presten, aix\u00ed com al benestar i a l\u2019estabilitat professional de les persones treballadores. En aquest sentit, <strong>considera imprescindible garantir tant el dret de la ciutadania a rebre uns serveis p\u00fablics adequats i continus com el dret dels treballadors i treballadores a unes condicions laborals dignes, aix\u00ed com a una negociaci\u00f3 efectiva i transparent<\/strong>.<\/p>\n\n\n\n<p>Per aquest motiu<strong>, la Sindicatura fa una crida al Govern municipal i als col\u00b7lectius implicats a refor\u00e7ar de manera urgent els espais de di\u00e0leg i negociaci\u00f3. En particular, insta el Govern municipal a impulsar canals efectius de comunicaci\u00f3, amb convocat\u00f2ries reals i operatives, i a establir una interlocuci\u00f3 directa amb els comit\u00e8s de vaga, amb la voluntat de cercar solucions compartides que permetin avan\u00e7ar cap a una resoluci\u00f3 de la situaci\u00f3<\/strong>.<\/p>\n\n\n\n<p>Aix\u00ed mateix, la Sindicatura considera necessari que qualsevol proc\u00e9s de negociaci\u00f3 tingui en compte la singularitat dels serveis d\u2019atenci\u00f3 directa, aix\u00ed com les necessitats espec\u00edfiques dels diferents col\u00b7lectius professionals implicats, amb l\u2019objectiu de garantir tant l\u2019equitat interna com la sostenibilitat del model de serveis p\u00fablics municipals. <strong>Igualment, recorda la import\u00e0ncia que els mecanismes institucionals i de deliberaci\u00f3 p\u00fablica, com ara el Ple municipal, es desenvolupin amb les garanties adequades i amb el temps de debat necessari per abordar amb profunditat situacions d\u2019aquesta magnitud.<\/strong><\/p>\n\n\n\n<p>Finalment, <strong>la Sindicatura posa en relleu la import\u00e0ncia d\u2019assolir acords estables que contribueixin a recuperar la normalitat en la prestaci\u00f3 dels serveis, a preservar la qualitat de l\u2019atenci\u00f3 ciutadana i a refor\u00e7ar la confian\u00e7a de la ciutadania en les institucions p\u00fabliques<\/strong>.<\/p>\n\n\n\n<p style=\"font-size:13px\">*Aquest article ha estat elaborat amb l&#8217;assist\u00e8ncia de l&#8217;eina Copilot de l&#8217;Ajuntament de Barcelona.<\/p>\n","protected":false},"excerpt":{"rendered":"<p>La Sindicatura de Greuges de Barcelona, en el marc de les seves funcions de defensa dels drets de la ciutadania i de supervisi\u00f3 de l\u2019actuaci\u00f3 municipal, vol expressar la seva [&hellip;]<\/p>\n","protected":false},"author":2,"featured_media":41940,"comment_status":"closed","ping_status":"closed","sticky":false,"template":"","format":"standard","meta":{"_acf_changed":false,"footnotes":""},"tags":[],"drets":[],"class_list":["post-42738","post","type-post","status-publish","format-standard","has-post-thumbnail","hentry"],"acf":[],"yoast_head":"<!-- This site is optimized with the Yoast SEO plugin v27.5 - https:\/\/yoast.com\/product\/yoast-seo-wordpress\/ -->\n<title>Comunicat de la Sindicatura de Greuges de Barcelona sobre la vaga municipal i la necessitat d\u2019impulsar el di\u00e0leg efectiu - Sindicatura de Greuges de Barcelona<\/title>\n<meta name=\"description\" content=\"La Sindicatura insta el Govern municipal a impulsar canals efectius de comunicaci\u00f3, amb convocat\u00f2ries reals i operatives, i a establir una interlocuci\u00f3 directa amb els comit\u00e8s de vaga, amb la voluntat de cercar solucions compartides que permetin avan\u00e7ar cap a una resoluci\u00f3 de la situaci\u00f3.\" \/>\n<meta name=\"robots\" content=\"index, follow, max-snippet:-1, max-image-preview:large, max-video-preview:-1\" \/>\n<link rel=\"canonical\" href=\"https:\/\/www.sindicaturabarcelona.cat\/ca\/comunicat-de-la-sindicatura-de-greuges-de-barcelona-sobre-la-vaga-municipal-i-la-necessitat-dimpulsar-el-dialeg-efectiu\/\" \/>\n<meta property=\"og:locale\" content=\"ca_ES\" \/>\n<meta property=\"og:type\" content=\"article\" \/>\n<meta property=\"og:title\" content=\"Comunicat de la Sindicatura de Greuges de Barcelona sobre la vaga municipal i la necessitat d\u2019impulsar el di\u00e0leg efectiu - Sindicatura de Greuges de Barcelona\" \/>\n<meta property=\"og:description\" content=\"La Sindicatura insta el Govern municipal a impulsar canals efectius de comunicaci\u00f3, amb convocat\u00f2ries reals i operatives, i a establir una interlocuci\u00f3 directa amb els comit\u00e8s de vaga, amb la voluntat de cercar solucions compartides que permetin avan\u00e7ar cap a una resoluci\u00f3 de la situaci\u00f3.\" \/>\n<meta property=\"og:url\" content=\"https:\/\/www.sindicaturabarcelona.cat\/ca\/comunicat-de-la-sindicatura-de-greuges-de-barcelona-sobre-la-vaga-municipal-i-la-necessitat-dimpulsar-el-dialeg-efectiu\/\" \/>\n<meta property=\"og:site_name\" content=\"Sindicatura de Greuges de Barcelona\" \/>\n<meta property=\"article:published_time\" content=\"2026-05-14T10:58:33+00:00\" \/>\n<meta property=\"article:modified_time\" content=\"2026-06-11T14:33:46+00:00\" \/>\n<meta property=\"og:image\" content=\"https:\/\/www.sindicaturabarcelona.cat\/wp-content\/uploads\/IMG_5591.jpeg\" \/>\n\t<meta property=\"og:image:width\" content=\"2000\" \/>\n\t<meta property=\"og:image:height\" content=\"1500\" \/>\n\t<meta property=\"og:image:type\" content=\"image\/jpeg\" \/>\n<meta name=\"author\" content=\"Pablo\" \/>\n<meta name=\"twitter:card\" content=\"summary_large_image\" \/>\n<meta name=\"twitter:creator\" content=\"@sindicbarcelona\" \/>\n<meta name=\"twitter:site\" content=\"@sindicbarcelona\" \/>\n<meta name=\"twitter:label1\" content=\"Escrit per\" \/>\n\t<meta name=\"twitter:data1\" content=\"Pablo\" \/>\n\t<meta name=\"twitter:label2\" content=\"Temps estimat de lectura\" \/>\n\t<meta name=\"twitter:data2\" content=\"3 minuts\" \/>\n<script type=\"application\/ld+json\" class=\"yoast-schema-graph\">{\"@context\":\"https:\\\/\\\/schema.org\",\"@graph\":[{\"@type\":\"Article\",\"@id\":\"https:\\\/\\\/www.sindicaturabarcelona.cat\\\/ca\\\/comunicat-de-la-sindicatura-de-greuges-de-barcelona-sobre-la-vaga-municipal-i-la-necessitat-dimpulsar-el-dialeg-efectiu\\\/#article\",\"isPartOf\":{\"@id\":\"https:\\\/\\\/www.sindicaturabarcelona.cat\\\/ca\\\/comunicat-de-la-sindicatura-de-greuges-de-barcelona-sobre-la-vaga-municipal-i-la-necessitat-dimpulsar-el-dialeg-efectiu\\\/\"},\"author\":{\"name\":\"Pablo\",\"@id\":\"https:\\\/\\\/www.sindicaturabarcelona.cat\\\/ca\\\/#\\\/schema\\\/person\\\/0e5acffc350ffdbc97578159322c9452\"},\"headline\":\"Comunicat de la Sindicatura de Greuges de Barcelona sobre la vaga municipal i la necessitat d\u2019impulsar el di\u00e0leg efectiu\",\"datePublished\":\"2026-05-14T10:58:33+00:00\",\"dateModified\":\"2026-06-11T14:33:46+00:00\",\"mainEntityOfPage\":{\"@id\":\"https:\\\/\\\/www.sindicaturabarcelona.cat\\\/ca\\\/comunicat-de-la-sindicatura-de-greuges-de-barcelona-sobre-la-vaga-municipal-i-la-necessitat-dimpulsar-el-dialeg-efectiu\\\/\"},\"wordCount\":579,\"publisher\":{\"@id\":\"https:\\\/\\\/www.sindicaturabarcelona.cat\\\/ca\\\/#organization\"},\"image\":{\"@id\":\"https:\\\/\\\/www.sindicaturabarcelona.cat\\\/ca\\\/comunicat-de-la-sindicatura-de-greuges-de-barcelona-sobre-la-vaga-municipal-i-la-necessitat-dimpulsar-el-dialeg-efectiu\\\/#primaryimage\"},\"thumbnailUrl\":\"https:\\\/\\\/www.sindicaturabarcelona.cat\\\/wp-content\\\/uploads\\\/IMG_5591.jpeg\",\"inLanguage\":\"ca\"},{\"@type\":\"WebPage\",\"@id\":\"https:\\\/\\\/www.sindicaturabarcelona.cat\\\/ca\\\/comunicat-de-la-sindicatura-de-greuges-de-barcelona-sobre-la-vaga-municipal-i-la-necessitat-dimpulsar-el-dialeg-efectiu\\\/\",\"url\":\"https:\\\/\\\/www.sindicaturabarcelona.cat\\\/ca\\\/comunicat-de-la-sindicatura-de-greuges-de-barcelona-sobre-la-vaga-municipal-i-la-necessitat-dimpulsar-el-dialeg-efectiu\\\/\",\"name\":\"Comunicat de la Sindicatura de Greuges de Barcelona sobre la vaga municipal i la necessitat d\u2019impulsar el di\u00e0leg efectiu - Sindicatura de Greuges de Barcelona\",\"isPartOf\":{\"@id\":\"https:\\\/\\\/www.sindicaturabarcelona.cat\\\/ca\\\/#website\"},\"primaryImageOfPage\":{\"@id\":\"https:\\\/\\\/www.sindicaturabarcelona.cat\\\/ca\\\/comunicat-de-la-sindicatura-de-greuges-de-barcelona-sobre-la-vaga-municipal-i-la-necessitat-dimpulsar-el-dialeg-efectiu\\\/#primaryimage\"},\"image\":{\"@id\":\"https:\\\/\\\/www.sindicaturabarcelona.cat\\\/ca\\\/comunicat-de-la-sindicatura-de-greuges-de-barcelona-sobre-la-vaga-municipal-i-la-necessitat-dimpulsar-el-dialeg-efectiu\\\/#primaryimage\"},\"thumbnailUrl\":\"https:\\\/\\\/www.sindicaturabarcelona.cat\\\/wp-content\\\/uploads\\\/IMG_5591.jpeg\",\"datePublished\":\"2026-05-14T10:58:33+00:00\",\"dateModified\":\"2026-06-11T14:33:46+00:00\",\"description\":\"La Sindicatura insta el Govern municipal a impulsar canals efectius de comunicaci\u00f3, amb convocat\u00f2ries reals i operatives, i a establir una interlocuci\u00f3 directa amb els comit\u00e8s de vaga, amb la voluntat de cercar solucions compartides que permetin avan\u00e7ar cap a una resoluci\u00f3 de la situaci\u00f3.\",\"breadcrumb\":{\"@id\":\"https:\\\/\\\/www.sindicaturabarcelona.cat\\\/ca\\\/comunicat-de-la-sindicatura-de-greuges-de-barcelona-sobre-la-vaga-municipal-i-la-necessitat-dimpulsar-el-dialeg-efectiu\\\/#breadcrumb\"},\"inLanguage\":\"ca\",\"potentialAction\":[{\"@type\":\"ReadAction\",\"target\":[\"https:\\\/\\\/www.sindicaturabarcelona.cat\\\/ca\\\/comunicat-de-la-sindicatura-de-greuges-de-barcelona-sobre-la-vaga-municipal-i-la-necessitat-dimpulsar-el-dialeg-efectiu\\\/\"]}]},{\"@type\":\"ImageObject\",\"inLanguage\":\"ca\",\"@id\":\"https:\\\/\\\/www.sindicaturabarcelona.cat\\\/ca\\\/comunicat-de-la-sindicatura-de-greuges-de-barcelona-sobre-la-vaga-municipal-i-la-necessitat-dimpulsar-el-dialeg-efectiu\\\/#primaryimage\",\"url\":\"https:\\\/\\\/www.sindicaturabarcelona.cat\\\/wp-content\\\/uploads\\\/IMG_5591.jpeg\",\"contentUrl\":\"https:\\\/\\\/www.sindicaturabarcelona.cat\\\/wp-content\\\/uploads\\\/IMG_5591.jpeg\",\"width\":2000,\"height\":1500,\"caption\":\"Oficina de la Sindicatura de Greuges de Barcelona\"},{\"@type\":\"BreadcrumbList\",\"@id\":\"https:\\\/\\\/www.sindicaturabarcelona.cat\\\/ca\\\/comunicat-de-la-sindicatura-de-greuges-de-barcelona-sobre-la-vaga-municipal-i-la-necessitat-dimpulsar-el-dialeg-efectiu\\\/#breadcrumb\",\"itemListElement\":[{\"@type\":\"ListItem\",\"position\":1,\"name\":\"Inici\",\"item\":\"https:\\\/\\\/www.sindicaturabarcelona.cat\\\/ca\\\/\"},{\"@type\":\"ListItem\",\"position\":2,\"name\":\"Comunicat de la Sindicatura de Greuges de Barcelona sobre la vaga municipal i la necessitat d\u2019impulsar el di\u00e0leg efectiu\"}]},{\"@type\":\"WebSite\",\"@id\":\"https:\\\/\\\/www.sindicaturabarcelona.cat\\\/ca\\\/#website\",\"url\":\"https:\\\/\\\/www.sindicaturabarcelona.cat\\\/ca\\\/\",\"name\":\"Sindicatura de Greuges de Barcelona\",\"description\":\"La defensoria dels teus drets\",\"publisher\":{\"@id\":\"https:\\\/\\\/www.sindicaturabarcelona.cat\\\/ca\\\/#organization\"},\"potentialAction\":[{\"@type\":\"SearchAction\",\"target\":{\"@type\":\"EntryPoint\",\"urlTemplate\":\"https:\\\/\\\/www.sindicaturabarcelona.cat\\\/ca\\\/?s={search_term_string}\"},\"query-input\":{\"@type\":\"PropertyValueSpecification\",\"valueRequired\":true,\"valueName\":\"search_term_string\"}}],\"inLanguage\":\"ca\"},{\"@type\":\"Organization\",\"@id\":\"https:\\\/\\\/www.sindicaturabarcelona.cat\\\/ca\\\/#organization\",\"name\":\"Sindicatura de Greuges de Barcelona\",\"url\":\"https:\\\/\\\/www.sindicaturabarcelona.cat\\\/ca\\\/\",\"logo\":{\"@type\":\"ImageObject\",\"inLanguage\":\"ca\",\"@id\":\"https:\\\/\\\/www.sindicaturabarcelona.cat\\\/ca\\\/#\\\/schema\\\/logo\\\/image\\\/\",\"url\":\"https:\\\/\\\/www.sindicaturabarcelona.cat\\\/wp-content\\\/uploads\\\/2023\\\/02\\\/logo_sindicatura.svg\",\"contentUrl\":\"https:\\\/\\\/www.sindicaturabarcelona.cat\\\/wp-content\\\/uploads\\\/2023\\\/02\\\/logo_sindicatura.svg\",\"caption\":\"Sindicatura de Greuges de Barcelona\"},\"image\":{\"@id\":\"https:\\\/\\\/www.sindicaturabarcelona.cat\\\/ca\\\/#\\\/schema\\\/logo\\\/image\\\/\"},\"sameAs\":[\"https:\\\/\\\/x.com\\\/sindicbarcelona\",\"https:\\\/\\\/www.instagram.com\\\/sindicbarcelona\\\/\",\"https:\\\/\\\/www.tiktok.com\\\/@sindicaturabcn\",\"https:\\\/\\\/t.me\\\/sindicaturabarcelona\"]},{\"@type\":\"Person\",\"@id\":\"https:\\\/\\\/www.sindicaturabarcelona.cat\\\/ca\\\/#\\\/schema\\\/person\\\/0e5acffc350ffdbc97578159322c9452\",\"name\":\"Pablo\",\"image\":{\"@type\":\"ImageObject\",\"inLanguage\":\"ca\",\"@id\":\"https:\\\/\\\/secure.gravatar.com\\\/avatar\\\/c948169b402ef9492afde705c3dfd5e90e1a6a84ef6840a91124f805a25a480f?s=96&d=mm&r=g\",\"url\":\"https:\\\/\\\/secure.gravatar.com\\\/avatar\\\/c948169b402ef9492afde705c3dfd5e90e1a6a84ef6840a91124f805a25a480f?s=96&d=mm&r=g\",\"contentUrl\":\"https:\\\/\\\/secure.gravatar.com\\\/avatar\\\/c948169b402ef9492afde705c3dfd5e90e1a6a84ef6840a91124f805a25a480f?s=96&d=mm&r=g\",\"caption\":\"Pablo\"},\"url\":\"https:\\\/\\\/www.sindicaturabarcelona.cat\\\/ca\\\/author\\\/pablo\\\/\"}]}<\/script>\n<!-- \/ Yoast SEO plugin. -->","yoast_head_json":{"title":"Comunicat de la Sindicatura de Greuges de Barcelona sobre la vaga municipal i la necessitat d\u2019impulsar el di\u00e0leg efectiu - Sindicatura de Greuges de Barcelona","description":"La Sindicatura insta el Govern municipal a impulsar canals efectius de comunicaci\u00f3, amb convocat\u00f2ries reals i operatives, i a establir una interlocuci\u00f3 directa amb els comit\u00e8s de vaga, amb la voluntat de cercar solucions compartides que permetin avan\u00e7ar cap a una resoluci\u00f3 de la situaci\u00f3.","robots":{"index":"index","follow":"follow","max-snippet":"max-snippet:-1","max-image-preview":"max-image-preview:large","max-video-preview":"max-video-preview:-1"},"canonical":"https:\/\/www.sindicaturabarcelona.cat\/ca\/comunicat-de-la-sindicatura-de-greuges-de-barcelona-sobre-la-vaga-municipal-i-la-necessitat-dimpulsar-el-dialeg-efectiu\/","og_locale":"ca_ES","og_type":"article","og_title":"Comunicat de la Sindicatura de Greuges de Barcelona sobre la vaga municipal i la necessitat d\u2019impulsar el di\u00e0leg efectiu - Sindicatura de Greuges de Barcelona","og_description":"La Sindicatura insta el Govern municipal a impulsar canals efectius de comunicaci\u00f3, amb convocat\u00f2ries reals i operatives, i a establir una interlocuci\u00f3 directa amb els comit\u00e8s de vaga, amb la voluntat de cercar solucions compartides que permetin avan\u00e7ar cap a una resoluci\u00f3 de la situaci\u00f3.","og_url":"https:\/\/www.sindicaturabarcelona.cat\/ca\/comunicat-de-la-sindicatura-de-greuges-de-barcelona-sobre-la-vaga-municipal-i-la-necessitat-dimpulsar-el-dialeg-efectiu\/","og_site_name":"Sindicatura de Greuges de Barcelona","article_published_time":"2026-05-14T10:58:33+00:00","article_modified_time":"2026-06-11T14:33:46+00:00","og_image":[{"width":2000,"height":1500,"url":"https:\/\/www.sindicaturabarcelona.cat\/wp-content\/uploads\/IMG_5591.jpeg","type":"image\/jpeg"}],"author":"Pablo","twitter_card":"summary_large_image","twitter_creator":"@sindicbarcelona","twitter_site":"@sindicbarcelona","twitter_misc":{"Escrit per":"Pablo","Temps estimat de lectura":"3 minuts"},"schema":{"@context":"https:\/\/schema.org","@graph":[{"@type":"Article","@id":"https:\/\/www.sindicaturabarcelona.cat\/ca\/comunicat-de-la-sindicatura-de-greuges-de-barcelona-sobre-la-vaga-municipal-i-la-necessitat-dimpulsar-el-dialeg-efectiu\/#article","isPartOf":{"@id":"https:\/\/www.sindicaturabarcelona.cat\/ca\/comunicat-de-la-sindicatura-de-greuges-de-barcelona-sobre-la-vaga-municipal-i-la-necessitat-dimpulsar-el-dialeg-efectiu\/"},"author":{"name":"Pablo","@id":"https:\/\/www.sindicaturabarcelona.cat\/ca\/#\/schema\/person\/0e5acffc350ffdbc97578159322c9452"},"headline":"Comunicat de la Sindicatura de Greuges de Barcelona sobre la vaga municipal i la necessitat d\u2019impulsar el di\u00e0leg efectiu","datePublished":"2026-05-14T10:58:33+00:00","dateModified":"2026-06-11T14:33:46+00:00","mainEntityOfPage":{"@id":"https:\/\/www.sindicaturabarcelona.cat\/ca\/comunicat-de-la-sindicatura-de-greuges-de-barcelona-sobre-la-vaga-municipal-i-la-necessitat-dimpulsar-el-dialeg-efectiu\/"},"wordCount":579,"publisher":{"@id":"https:\/\/www.sindicaturabarcelona.cat\/ca\/#organization"},"image":{"@id":"https:\/\/www.sindicaturabarcelona.cat\/ca\/comunicat-de-la-sindicatura-de-greuges-de-barcelona-sobre-la-vaga-municipal-i-la-necessitat-dimpulsar-el-dialeg-efectiu\/#primaryimage"},"thumbnailUrl":"https:\/\/www.sindicaturabarcelona.cat\/wp-content\/uploads\/IMG_5591.jpeg","inLanguage":"ca"},{"@type":"WebPage","@id":"https:\/\/www.sindicaturabarcelona.cat\/ca\/comunicat-de-la-sindicatura-de-greuges-de-barcelona-sobre-la-vaga-municipal-i-la-necessitat-dimpulsar-el-dialeg-efectiu\/","url":"https:\/\/www.sindicaturabarcelona.cat\/ca\/comunicat-de-la-sindicatura-de-greuges-de-barcelona-sobre-la-vaga-municipal-i-la-necessitat-dimpulsar-el-dialeg-efectiu\/","name":"Comunicat de la Sindicatura de Greuges de Barcelona sobre la vaga municipal i la necessitat d\u2019impulsar el di\u00e0leg efectiu - Sindicatura de Greuges de Barcelona","isPartOf":{"@id":"https:\/\/www.sindicaturabarcelona.cat\/ca\/#website"},"primaryImageOfPage":{"@id":"https:\/\/www.sindicaturabarcelona.cat\/ca\/comunicat-de-la-sindicatura-de-greuges-de-barcelona-sobre-la-vaga-municipal-i-la-necessitat-dimpulsar-el-dialeg-efectiu\/#primaryimage"},"image":{"@id":"https:\/\/www.sindicaturabarcelona.cat\/ca\/comunicat-de-la-sindicatura-de-greuges-de-barcelona-sobre-la-vaga-municipal-i-la-necessitat-dimpulsar-el-dialeg-efectiu\/#primaryimage"},"thumbnailUrl":"https:\/\/www.sindicaturabarcelona.cat\/wp-content\/uploads\/IMG_5591.jpeg","datePublished":"2026-05-14T10:58:33+00:00","dateModified":"2026-06-11T14:33:46+00:00","description":"La Sindicatura insta el Govern municipal a impulsar canals efectius de comunicaci\u00f3, amb convocat\u00f2ries reals i operatives, i a establir una interlocuci\u00f3 directa amb els comit\u00e8s de vaga, amb la voluntat de cercar solucions compartides que permetin avan\u00e7ar cap a una resoluci\u00f3 de la situaci\u00f3.","breadcrumb":{"@id":"https:\/\/www.sindicaturabarcelona.cat\/ca\/comunicat-de-la-sindicatura-de-greuges-de-barcelona-sobre-la-vaga-municipal-i-la-necessitat-dimpulsar-el-dialeg-efectiu\/#breadcrumb"},"inLanguage":"ca","potentialAction":[{"@type":"ReadAction","target":["https:\/\/www.sindicaturabarcelona.cat\/ca\/comunicat-de-la-sindicatura-de-greuges-de-barcelona-sobre-la-vaga-municipal-i-la-necessitat-dimpulsar-el-dialeg-efectiu\/"]}]},{"@type":"ImageObject","inLanguage":"ca","@id":"https:\/\/www.sindicaturabarcelona.cat\/ca\/comunicat-de-la-sindicatura-de-greuges-de-barcelona-sobre-la-vaga-municipal-i-la-necessitat-dimpulsar-el-dialeg-efectiu\/#primaryimage","url":"https:\/\/www.sindicaturabarcelona.cat\/wp-content\/uploads\/IMG_5591.jpeg","contentUrl":"https:\/\/www.sindicaturabarcelona.cat\/wp-content\/uploads\/IMG_5591.jpeg","width":2000,"height":1500,"caption":"Oficina de la Sindicatura de Greuges de Barcelona"},{"@type":"BreadcrumbList","@id":"https:\/\/www.sindicaturabarcelona.cat\/ca\/comunicat-de-la-sindicatura-de-greuges-de-barcelona-sobre-la-vaga-municipal-i-la-necessitat-dimpulsar-el-dialeg-efectiu\/#breadcrumb","itemListElement":[{"@type":"ListItem","position":1,"name":"Inici","item":"https:\/\/www.sindicaturabarcelona.cat\/ca\/"},{"@type":"ListItem","position":2,"name":"Comunicat de la Sindicatura de Greuges de Barcelona sobre la vaga municipal i la necessitat d\u2019impulsar el di\u00e0leg efectiu"}]},{"@type":"WebSite","@id":"https:\/\/www.sindicaturabarcelona.cat\/ca\/#website","url":"https:\/\/www.sindicaturabarcelona.cat\/ca\/","name":"Sindicatura de Greuges de Barcelona","description":"La defensoria dels teus drets","publisher":{"@id":"https:\/\/www.sindicaturabarcelona.cat\/ca\/#organization"},"potentialAction":[{"@type":"SearchAction","target":{"@type":"EntryPoint","urlTemplate":"https:\/\/www.sindicaturabarcelona.cat\/ca\/?s={search_term_string}"},"query-input":{"@type":"PropertyValueSpecification","valueRequired":true,"valueName":"search_term_string"}}],"inLanguage":"ca"},{"@type":"Organization","@id":"https:\/\/www.sindicaturabarcelona.cat\/ca\/#organization","name":"Sindicatura de Greuges de Barcelona","url":"https:\/\/www.sindicaturabarcelona.cat\/ca\/","logo":{"@type":"ImageObject","inLanguage":"ca","@id":"https:\/\/www.sindicaturabarcelona.cat\/ca\/#\/schema\/logo\/image\/","url":"https:\/\/www.sindicaturabarcelona.cat\/wp-content\/uploads\/2023\/02\/logo_sindicatura.svg","contentUrl":"https:\/\/www.sindicaturabarcelona.cat\/wp-content\/uploads\/2023\/02\/logo_sindicatura.svg","caption":"Sindicatura de Greuges de Barcelona"},"image":{"@id":"https:\/\/www.sindicaturabarcelona.cat\/ca\/#\/schema\/logo\/image\/"},"sameAs":["https:\/\/x.com\/sindicbarcelona","https:\/\/www.instagram.com\/sindicbarcelona\/","https:\/\/www.tiktok.com\/@sindicaturabcn","https:\/\/t.me\/sindicaturabarcelona"]},{"@type":"Person","@id":"https:\/\/www.sindicaturabarcelona.cat\/ca\/#\/schema\/person\/0e5acffc350ffdbc97578159322c9452","name":"Pablo","image":{"@type":"ImageObject","inLanguage":"ca","@id":"https:\/\/secure.gravatar.com\/avatar\/c948169b402ef9492afde705c3dfd5e90e1a6a84ef6840a91124f805a25a480f?s=96&d=mm&r=g","url":"https:\/\/secure.gravatar.com\/avatar\/c948169b402ef9492afde705c3dfd5e90e1a6a84ef6840a91124f805a25a480f?s=96&d=mm&r=g","contentUrl":"https:\/\/secure.gravatar.com\/avatar\/c948169b402ef9492afde705c3dfd5e90e1a6a84ef6840a91124f805a25a480f?s=96&d=mm&r=g","caption":"Pablo"},"url":"https:\/\/www.sindicaturabarcelona.cat\/ca\/author\/pablo\/"}]}},"_links":{"self":[{"href":"https:\/\/www.sindicaturabarcelona.cat\/ca\/wp-json\/wp\/v2\/posts\/42738","targetHints":{"allow":["GET"]}}],"collection":[{"href":"https:\/\/www.sindicaturabarcelona.cat\/ca\/wp-json\/wp\/v2\/posts"}],"about":[{"href":"https:\/\/www.sindicaturabarcelona.cat\/ca\/wp-json\/wp\/v2\/types\/post"}],"author":[{"embeddable":true,"href":"https:\/\/www.sindicaturabarcelona.cat\/ca\/wp-json\/wp\/v2\/users\/2"}],"replies":[{"embeddable":true,"href":"https:\/\/www.sindicaturabarcelona.cat\/ca\/wp-json\/wp\/v2\/comments?post=42738"}],"version-history":[{"count":3,"href":"https:\/\/www.sindicaturabarcelona.cat\/ca\/wp-json\/wp\/v2\/posts\/42738\/revisions"}],"predecessor-version":[{"id":43058,"href":"https:\/\/www.sindicaturabarcelona.cat\/ca\/wp-json\/wp\/v2\/posts\/42738\/revisions\/43058"}],"wp:featuredmedia":[{"embeddable":true,"href":"https:\/\/www.sindicaturabarcelona.cat\/ca\/wp-json\/wp\/v2\/media\/41940"}],"wp:attachment":[{"href":"https:\/\/www.sindicaturabarcelona.cat\/ca\/wp-json\/wp\/v2\/media?parent=42738"}],"wp:term":[{"taxonomy":"post_tag","embeddable":true,"href":"https:\/\/www.sindicaturabarcelona.cat\/ca\/wp-json\/wp\/v2\/tags?post=42738"},{"taxonomy":"drets","embeddable":true,"href":"https:\/\/www.sindicaturabarcelona.cat\/ca\/wp-json\/wp\/v2\/drets?post=42738"}],"curies":[{"name":"wp","href":"https:\/\/api.w.org\/{rel}","templated":true}]}}