{"id":42728,"date":"2026-05-14T07:00:00","date_gmt":"2026-05-14T05:00:00","guid":{"rendered":"https:\/\/www.sindicaturabarcelona.cat\/?p=42728"},"modified":"2026-05-13T18:02:54","modified_gmt":"2026-05-13T16:02:54","slug":"la-sindicatura-recomana-revocar-una-sancio-a-una-persona-amb-mobilitat-reduida-a-qui-li-va-caure-per-error-la-targeta-destacionament","status":"publish","type":"post","link":"https:\/\/www.sindicaturabarcelona.cat\/ca\/la-sindicatura-recomana-revocar-una-sancio-a-una-persona-amb-mobilitat-reduida-a-qui-li-va-caure-per-error-la-targeta-destacionament\/","title":{"rendered":"La Sindicatura recomana revocar una sanci\u00f3 a una persona amb mobilitat redu\u00efda a qui li va caure per error la targeta d\u2019estacionament"},"content":{"rendered":"\n<h2 class=\"wp-block-heading\"><strong>La instituci\u00f3 ent\u00e9n que, un cop acreditat que la persona tenia la targeta vigent i actuava de bona fe, l\u2019Ajuntament hauria de retirar la multa atenent els principis de proporcionalitat i bona administraci\u00f3.<\/strong><\/h2>\n\n\n\n<h2 class=\"wp-block-heading\"><strong>La defensoria considera que l\u2019actuaci\u00f3 de l\u2019Institut Municipal d\u2019Hisenda ha estat ajustada a la legalitat, per\u00f2 poc respectuosa amb principis com la bona fe i la confian\u00e7a rec\u00edproca entre administraci\u00f3 i ciutadania.<\/strong><\/h2>\n\n\n\n<p>La Sindicatura de Greuges de Barcelona recomana a <strong>l\u2019Institut Municipal d\u2019Hisenda <\/strong>que revisi el cas i revoqui una sanci\u00f3 a un ciutad\u00e0 de 71 anys amb discapacitat que va estacionar en una pla\u00e7a reservada per a persones amb <strong>mobilitat redu\u00efda <\/strong>i a qui li va caure accidentalment, al terra de vehicle, la targeta que acredita el dret a utilitzar aquest tipus de places.<\/p>\n\n\n\n<p>Aix\u00ed ho ha <a href=\"https:\/\/www.sindicaturabarcelona.cat\/wp-content\/uploads\/202604_Dret-accessibilitat-i-inclusivitat_disconformitat-amb-una-sancio-destacionament-per-lus-duna-placa-reservada-a-persones-amb-mobilitat-reduida_26Q47.pdf\">resolt<\/a> la defensoria despr\u00e9s d\u2019haver rebut una queixa de l\u2019afectat, usuari de cadira de rodes i titular de la targeta d\u2019estacionament. El dia dels fets, va aparcar en una pla\u00e7a reservada i va deixar la targeta al parabrisa, per\u00f2 segons exposa, hauria <strong>caigut <\/strong>mentre treia la cadira de rodes del maleter, una maniobra dificultosa que pot moure el vehicle.<\/p>\n\n\n\n<p>Quan va tornar, el cotxe havia estat retirat per la grua i va haver d\u2019abonar 173 euros. Posteriorment, tot i presentar al\u00b7legacions i aportar documentaci\u00f3 \u2014inclosa la targeta vigent\u2014, <strong>l\u2019Ajuntament va mantenir una sanci\u00f3 de 200 euros<\/strong>. \u00c9s a dir, un total de 373 euros entre la retirada del vehicle i la sanci\u00f3, un import for\u00e7a elevat per a una persona jubilada, tot i que l\u2019afectat ent\u00e9n que el vehicle fos retirat i no reclama en cap cas l\u2019import abonat per la grua.<\/p>\n\n\n\n<p>La Sindicatura, un cop tramitada la queixa i analitzat el cas, constata que la normativa vigent assenyala que per gaudir dels drets associats a la targeta d\u2019estacionament, aquesta ha de ser visible. De les imatges del dia i els informes municipals, se\u2019n despr\u00e8n que la targeta no era visible i, en aquest sentit, la Sindicatura considera procedent la retirada del vehicle i la incoaci\u00f3 de l\u2019expedient sancionador, per\u00f2 <strong>no comparteix que posteriorment es mantingu\u00e9s la sanci\u00f3 malgrat la documentaci\u00f3 aportada pel ciutad\u00e0.<\/strong><\/p>\n\n\n\n<h2 class=\"wp-block-heading\"><strong>Dret a una bona administraci\u00f3<\/strong><\/h2>\n\n\n\n<p>La instituci\u00f3 recorda que el <strong>dret a una bona administraci\u00f3<\/strong> ha de presidir totes les actuacions de les administracions p\u00fabliques, i exigeix que els assumptes de la ciutadania es tractin de manera \u201cimparcial, equitativa i atenent les circumst\u00e0ncies personals de cada cas\u201d.<\/p>\n\n\n\n<p>En opini\u00f3 de la Sindicatura, <strong>convertir un error involuntari en un obstacle no rectificable<\/strong> malgrat els esfor\u00e7os de l\u2019interessat \u2014que va aportar documentaci\u00f3, va pagar la taxa de la grua i va demostrar la vig\u00e8ncia de la targeta\u2014 <strong>pot ser contrari al dret a la bona administraci\u00f3<\/strong>, especialment quan afecta una persona gran que fa \u00fas leg\u00edtim d\u2019un dret reconegut per facilitar-li els despla\u00e7aments.<\/p>\n\n\n\n<p>Si b\u00e9 no hi ha dubte que l\u2019actuaci\u00f3 municipal est\u00e0 emparada amb la normativa aplicable, la defensoria defensa que tamb\u00e9 hi havia <strong>marge per arribar a un altre resultat<\/strong> si s\u2019haguessin valorat les circumst\u00e0ncies personals de l\u2019interessat, la seva situaci\u00f3 com a persona gran amb mobilitat redu\u00efda, l\u2019exist\u00e8ncia i vig\u00e8ncia de la targeta d\u2019aparcament, i la voluntat clara de fer-ne un \u00fas leg\u00edtim.<\/p>\n\n\n\n<p>Per aix\u00f2 la instituci\u00f3 insisteix a recomanar la revocaci\u00f3 de la sanci\u00f3 d\u2019estacionament amb la finalitat de garantir una <strong>administraci\u00f3 \u201cm\u00e9s justa, humana i coherent\u201d<\/strong> amb els principis que inspiren les pol\u00edtiques p\u00fabliques de la ciutat.<\/p>\n\n\n\n<p>Per tot plegat, conclou que l\u2019actuaci\u00f3 de l\u2019Institut Municipal d\u2019Hisenda i de Barcelona de Serveis Municipals ha estat ajustada a la legalitat, per\u00f2 <strong>poc respectuosa amb principis com la proporcionalitat, la bona fe i la confian\u00e7a rec\u00edproca<\/strong> entre administraci\u00f3 i ciutadania, i recomana a l\u2019Institut Municipal d\u2019Hisenda que revisi el cas, que, si escau, doni audi\u00e8ncia a la persona afectada per completar la documentaci\u00f3 i que revoqui la sanci\u00f3.<\/p>\n","protected":false},"excerpt":{"rendered":"<p>La instituci\u00f3 ent\u00e9n que, un cop acreditat que la persona tenia la targeta vigent i actuava de bona fe, l\u2019Ajuntament hauria de retirar la multa atenent els principis de proporcionalitat i bona administraci\u00f3<\/p>\n","protected":false},"author":7,"featured_media":42730,"comment_status":"closed","ping_status":"closed","sticky":false,"template":"","format":"standard","meta":{"_acf_changed":false,"footnotes":""},"tags":[1234,1479],"drets":[1460,1458,1456,1447],"class_list":["post-42728","post","type-post","status-publish","format-standard","has-post-thumbnail","hentry","tag-david-bondia","tag-sindicatura-de-greuges-de-barcelona","drets-drets-de-la-gent-gran","drets-dret-a-la-igualtat-i-a-la-diversitat","drets-dret-a-una-bona-administracio","drets-dret-a-la-mobilitat"],"acf":[],"yoast_head":"<!-- This site is optimized with the Yoast SEO plugin v27.5 - https:\/\/yoast.com\/product\/yoast-seo-wordpress\/ -->\n<title>La Sindicatura recomana revocar una sanci\u00f3 a una persona amb mobilitat redu\u00efda a qui li va caure per error la targeta d\u2019estacionament - Sindicatura de Greuges de Barcelona<\/title>\n<meta name=\"description\" content=\"La instituci\u00f3 ent\u00e9n que, un cop acreditat que la persona tenia la targeta vigent i actuava de bona fe, l\u2019Ajuntament hauria de retirar la multa atenent els principis de proporcionalitat i bona administraci\u00f3\" \/>\n<meta name=\"robots\" content=\"index, follow, max-snippet:-1, max-image-preview:large, max-video-preview:-1\" \/>\n<link rel=\"canonical\" href=\"https:\/\/www.sindicaturabarcelona.cat\/ca\/la-sindicatura-recomana-revocar-una-sancio-a-una-persona-amb-mobilitat-reduida-a-qui-li-va-caure-per-error-la-targeta-destacionament\/\" \/>\n<meta property=\"og:locale\" content=\"ca_ES\" \/>\n<meta property=\"og:type\" content=\"article\" \/>\n<meta property=\"og:title\" content=\"La Sindicatura recomana revocar una sanci\u00f3 a una persona amb mobilitat redu\u00efda a qui li va caure per error la targeta d\u2019estacionament - Sindicatura de Greuges de Barcelona\" \/>\n<meta property=\"og:description\" content=\"La instituci\u00f3 ent\u00e9n que, un cop acreditat que la persona tenia la targeta vigent i actuava de bona fe, l\u2019Ajuntament hauria de retirar la multa atenent els principis de proporcionalitat i bona administraci\u00f3\" \/>\n<meta property=\"og:url\" content=\"https:\/\/www.sindicaturabarcelona.cat\/ca\/la-sindicatura-recomana-revocar-una-sancio-a-una-persona-amb-mobilitat-reduida-a-qui-li-va-caure-per-error-la-targeta-destacionament\/\" \/>\n<meta property=\"og:site_name\" content=\"Sindicatura de Greuges de Barcelona\" \/>\n<meta property=\"article:published_time\" content=\"2026-05-14T05:00:00+00:00\" \/>\n<meta property=\"og:image\" content=\"https:\/\/www.sindicaturabarcelona.cat\/wp-content\/uploads\/cadira-rodes-e1778682369138.jpg\" \/>\n\t<meta property=\"og:image:width\" content=\"1014\" \/>\n\t<meta property=\"og:image:height\" content=\"670\" \/>\n\t<meta property=\"og:image:type\" content=\"image\/jpeg\" \/>\n<meta name=\"author\" content=\"Carme Rocamora\" \/>\n<meta name=\"twitter:card\" content=\"summary_large_image\" \/>\n<meta name=\"twitter:creator\" content=\"@sindicbarcelona\" \/>\n<meta name=\"twitter:site\" content=\"@sindicbarcelona\" \/>\n<meta name=\"twitter:label1\" content=\"Escrit per\" \/>\n\t<meta name=\"twitter:data1\" content=\"Carme Rocamora\" \/>\n\t<meta name=\"twitter:label2\" content=\"Temps estimat de lectura\" \/>\n\t<meta name=\"twitter:data2\" content=\"4 minuts\" \/>\n<script type=\"application\/ld+json\" class=\"yoast-schema-graph\">{\"@context\":\"https:\\\/\\\/schema.org\",\"@graph\":[{\"@type\":\"Article\",\"@id\":\"https:\\\/\\\/www.sindicaturabarcelona.cat\\\/ca\\\/la-sindicatura-recomana-revocar-una-sancio-a-una-persona-amb-mobilitat-reduida-a-qui-li-va-caure-per-error-la-targeta-destacionament\\\/#article\",\"isPartOf\":{\"@id\":\"https:\\\/\\\/www.sindicaturabarcelona.cat\\\/ca\\\/la-sindicatura-recomana-revocar-una-sancio-a-una-persona-amb-mobilitat-reduida-a-qui-li-va-caure-per-error-la-targeta-destacionament\\\/\"},\"author\":{\"name\":\"Carme Rocamora\",\"@id\":\"https:\\\/\\\/www.sindicaturabarcelona.cat\\\/ca\\\/#\\\/schema\\\/person\\\/0690b05fdcbf9e43b34103e845240789\"},\"headline\":\"La Sindicatura recomana revocar una sanci\u00f3 a una persona amb mobilitat redu\u00efda a qui li va caure per error la targeta d\u2019estacionament\",\"datePublished\":\"2026-05-14T05:00:00+00:00\",\"mainEntityOfPage\":{\"@id\":\"https:\\\/\\\/www.sindicaturabarcelona.cat\\\/ca\\\/la-sindicatura-recomana-revocar-una-sancio-a-una-persona-amb-mobilitat-reduida-a-qui-li-va-caure-per-error-la-targeta-destacionament\\\/\"},\"wordCount\":712,\"publisher\":{\"@id\":\"https:\\\/\\\/www.sindicaturabarcelona.cat\\\/ca\\\/#organization\"},\"image\":{\"@id\":\"https:\\\/\\\/www.sindicaturabarcelona.cat\\\/ca\\\/la-sindicatura-recomana-revocar-una-sancio-a-una-persona-amb-mobilitat-reduida-a-qui-li-va-caure-per-error-la-targeta-destacionament\\\/#primaryimage\"},\"thumbnailUrl\":\"https:\\\/\\\/www.sindicaturabarcelona.cat\\\/wp-content\\\/uploads\\\/cadira-rodes-e1778682369138.jpg\",\"keywords\":[\"david bondia\",\"Sindicatura de Greuges de Barcelona\"],\"inLanguage\":\"ca\"},{\"@type\":\"WebPage\",\"@id\":\"https:\\\/\\\/www.sindicaturabarcelona.cat\\\/ca\\\/la-sindicatura-recomana-revocar-una-sancio-a-una-persona-amb-mobilitat-reduida-a-qui-li-va-caure-per-error-la-targeta-destacionament\\\/\",\"url\":\"https:\\\/\\\/www.sindicaturabarcelona.cat\\\/ca\\\/la-sindicatura-recomana-revocar-una-sancio-a-una-persona-amb-mobilitat-reduida-a-qui-li-va-caure-per-error-la-targeta-destacionament\\\/\",\"name\":\"La Sindicatura recomana revocar una sanci\u00f3 a una persona amb mobilitat redu\u00efda a qui li va caure per error la targeta d\u2019estacionament - Sindicatura de Greuges de Barcelona\",\"isPartOf\":{\"@id\":\"https:\\\/\\\/www.sindicaturabarcelona.cat\\\/ca\\\/#website\"},\"primaryImageOfPage\":{\"@id\":\"https:\\\/\\\/www.sindicaturabarcelona.cat\\\/ca\\\/la-sindicatura-recomana-revocar-una-sancio-a-una-persona-amb-mobilitat-reduida-a-qui-li-va-caure-per-error-la-targeta-destacionament\\\/#primaryimage\"},\"image\":{\"@id\":\"https:\\\/\\\/www.sindicaturabarcelona.cat\\\/ca\\\/la-sindicatura-recomana-revocar-una-sancio-a-una-persona-amb-mobilitat-reduida-a-qui-li-va-caure-per-error-la-targeta-destacionament\\\/#primaryimage\"},\"thumbnailUrl\":\"https:\\\/\\\/www.sindicaturabarcelona.cat\\\/wp-content\\\/uploads\\\/cadira-rodes-e1778682369138.jpg\",\"datePublished\":\"2026-05-14T05:00:00+00:00\",\"description\":\"La instituci\u00f3 ent\u00e9n que, un cop acreditat que la persona tenia la targeta vigent i actuava de bona fe, l\u2019Ajuntament hauria de retirar la multa atenent els principis de proporcionalitat i bona administraci\u00f3\",\"breadcrumb\":{\"@id\":\"https:\\\/\\\/www.sindicaturabarcelona.cat\\\/ca\\\/la-sindicatura-recomana-revocar-una-sancio-a-una-persona-amb-mobilitat-reduida-a-qui-li-va-caure-per-error-la-targeta-destacionament\\\/#breadcrumb\"},\"inLanguage\":\"ca\",\"potentialAction\":[{\"@type\":\"ReadAction\",\"target\":[\"https:\\\/\\\/www.sindicaturabarcelona.cat\\\/ca\\\/la-sindicatura-recomana-revocar-una-sancio-a-una-persona-amb-mobilitat-reduida-a-qui-li-va-caure-per-error-la-targeta-destacionament\\\/\"]}]},{\"@type\":\"ImageObject\",\"inLanguage\":\"ca\",\"@id\":\"https:\\\/\\\/www.sindicaturabarcelona.cat\\\/ca\\\/la-sindicatura-recomana-revocar-una-sancio-a-una-persona-amb-mobilitat-reduida-a-qui-li-va-caure-per-error-la-targeta-destacionament\\\/#primaryimage\",\"url\":\"https:\\\/\\\/www.sindicaturabarcelona.cat\\\/wp-content\\\/uploads\\\/cadira-rodes-e1778682369138.jpg\",\"contentUrl\":\"https:\\\/\\\/www.sindicaturabarcelona.cat\\\/wp-content\\\/uploads\\\/cadira-rodes-e1778682369138.jpg\",\"width\":1014,\"height\":670},{\"@type\":\"BreadcrumbList\",\"@id\":\"https:\\\/\\\/www.sindicaturabarcelona.cat\\\/ca\\\/la-sindicatura-recomana-revocar-una-sancio-a-una-persona-amb-mobilitat-reduida-a-qui-li-va-caure-per-error-la-targeta-destacionament\\\/#breadcrumb\",\"itemListElement\":[{\"@type\":\"ListItem\",\"position\":1,\"name\":\"Inici\",\"item\":\"https:\\\/\\\/www.sindicaturabarcelona.cat\\\/ca\\\/\"},{\"@type\":\"ListItem\",\"position\":2,\"name\":\"La Sindicatura recomana revocar una sanci\u00f3 a una persona amb mobilitat redu\u00efda a qui li va caure per error la targeta d\u2019estacionament\"}]},{\"@type\":\"WebSite\",\"@id\":\"https:\\\/\\\/www.sindicaturabarcelona.cat\\\/ca\\\/#website\",\"url\":\"https:\\\/\\\/www.sindicaturabarcelona.cat\\\/ca\\\/\",\"name\":\"Sindicatura de Greuges de Barcelona\",\"description\":\"La defensoria dels teus drets\",\"publisher\":{\"@id\":\"https:\\\/\\\/www.sindicaturabarcelona.cat\\\/ca\\\/#organization\"},\"potentialAction\":[{\"@type\":\"SearchAction\",\"target\":{\"@type\":\"EntryPoint\",\"urlTemplate\":\"https:\\\/\\\/www.sindicaturabarcelona.cat\\\/ca\\\/?s={search_term_string}\"},\"query-input\":{\"@type\":\"PropertyValueSpecification\",\"valueRequired\":true,\"valueName\":\"search_term_string\"}}],\"inLanguage\":\"ca\"},{\"@type\":\"Organization\",\"@id\":\"https:\\\/\\\/www.sindicaturabarcelona.cat\\\/ca\\\/#organization\",\"name\":\"Sindicatura de Greuges de Barcelona\",\"url\":\"https:\\\/\\\/www.sindicaturabarcelona.cat\\\/ca\\\/\",\"logo\":{\"@type\":\"ImageObject\",\"inLanguage\":\"ca\",\"@id\":\"https:\\\/\\\/www.sindicaturabarcelona.cat\\\/ca\\\/#\\\/schema\\\/logo\\\/image\\\/\",\"url\":\"https:\\\/\\\/www.sindicaturabarcelona.cat\\\/wp-content\\\/uploads\\\/2023\\\/02\\\/logo_sindicatura.svg\",\"contentUrl\":\"https:\\\/\\\/www.sindicaturabarcelona.cat\\\/wp-content\\\/uploads\\\/2023\\\/02\\\/logo_sindicatura.svg\",\"caption\":\"Sindicatura de Greuges de Barcelona\"},\"image\":{\"@id\":\"https:\\\/\\\/www.sindicaturabarcelona.cat\\\/ca\\\/#\\\/schema\\\/logo\\\/image\\\/\"},\"sameAs\":[\"https:\\\/\\\/x.com\\\/sindicbarcelona\",\"https:\\\/\\\/www.instagram.com\\\/sindicbarcelona\\\/\",\"https:\\\/\\\/www.tiktok.com\\\/@sindicaturabcn\",\"https:\\\/\\\/t.me\\\/sindicaturabarcelona\"]},{\"@type\":\"Person\",\"@id\":\"https:\\\/\\\/www.sindicaturabarcelona.cat\\\/ca\\\/#\\\/schema\\\/person\\\/0690b05fdcbf9e43b34103e845240789\",\"name\":\"Carme Rocamora\",\"image\":{\"@type\":\"ImageObject\",\"inLanguage\":\"ca\",\"@id\":\"https:\\\/\\\/secure.gravatar.com\\\/avatar\\\/7d5e980ef632f555fa40f97d06e5c8ec4ec568974a95778749d6a6279aa1faef?s=96&d=mm&r=g\",\"url\":\"https:\\\/\\\/secure.gravatar.com\\\/avatar\\\/7d5e980ef632f555fa40f97d06e5c8ec4ec568974a95778749d6a6279aa1faef?s=96&d=mm&r=g\",\"contentUrl\":\"https:\\\/\\\/secure.gravatar.com\\\/avatar\\\/7d5e980ef632f555fa40f97d06e5c8ec4ec568974a95778749d6a6279aa1faef?s=96&d=mm&r=g\",\"caption\":\"Carme Rocamora\"},\"url\":\"https:\\\/\\\/www.sindicaturabarcelona.cat\\\/ca\\\/author\\\/crocamora\\\/\"}]}<\/script>\n<!-- \/ Yoast SEO plugin. -->","yoast_head_json":{"title":"La Sindicatura recomana revocar una sanci\u00f3 a una persona amb mobilitat redu\u00efda a qui li va caure per error la targeta d\u2019estacionament - Sindicatura de Greuges de Barcelona","description":"La instituci\u00f3 ent\u00e9n que, un cop acreditat que la persona tenia la targeta vigent i actuava de bona fe, l\u2019Ajuntament hauria de retirar la multa atenent els principis de proporcionalitat i bona administraci\u00f3","robots":{"index":"index","follow":"follow","max-snippet":"max-snippet:-1","max-image-preview":"max-image-preview:large","max-video-preview":"max-video-preview:-1"},"canonical":"https:\/\/www.sindicaturabarcelona.cat\/ca\/la-sindicatura-recomana-revocar-una-sancio-a-una-persona-amb-mobilitat-reduida-a-qui-li-va-caure-per-error-la-targeta-destacionament\/","og_locale":"ca_ES","og_type":"article","og_title":"La Sindicatura recomana revocar una sanci\u00f3 a una persona amb mobilitat redu\u00efda a qui li va caure per error la targeta d\u2019estacionament - Sindicatura de Greuges de Barcelona","og_description":"La instituci\u00f3 ent\u00e9n que, un cop acreditat que la persona tenia la targeta vigent i actuava de bona fe, l\u2019Ajuntament hauria de retirar la multa atenent els principis de proporcionalitat i bona administraci\u00f3","og_url":"https:\/\/www.sindicaturabarcelona.cat\/ca\/la-sindicatura-recomana-revocar-una-sancio-a-una-persona-amb-mobilitat-reduida-a-qui-li-va-caure-per-error-la-targeta-destacionament\/","og_site_name":"Sindicatura de Greuges de Barcelona","article_published_time":"2026-05-14T05:00:00+00:00","og_image":[{"width":1014,"height":670,"url":"https:\/\/www.sindicaturabarcelona.cat\/wp-content\/uploads\/cadira-rodes-e1778682369138.jpg","type":"image\/jpeg"}],"author":"Carme Rocamora","twitter_card":"summary_large_image","twitter_creator":"@sindicbarcelona","twitter_site":"@sindicbarcelona","twitter_misc":{"Escrit per":"Carme Rocamora","Temps estimat de lectura":"4 minuts"},"schema":{"@context":"https:\/\/schema.org","@graph":[{"@type":"Article","@id":"https:\/\/www.sindicaturabarcelona.cat\/ca\/la-sindicatura-recomana-revocar-una-sancio-a-una-persona-amb-mobilitat-reduida-a-qui-li-va-caure-per-error-la-targeta-destacionament\/#article","isPartOf":{"@id":"https:\/\/www.sindicaturabarcelona.cat\/ca\/la-sindicatura-recomana-revocar-una-sancio-a-una-persona-amb-mobilitat-reduida-a-qui-li-va-caure-per-error-la-targeta-destacionament\/"},"author":{"name":"Carme Rocamora","@id":"https:\/\/www.sindicaturabarcelona.cat\/ca\/#\/schema\/person\/0690b05fdcbf9e43b34103e845240789"},"headline":"La Sindicatura recomana revocar una sanci\u00f3 a una persona amb mobilitat redu\u00efda a qui li va caure per error la targeta d\u2019estacionament","datePublished":"2026-05-14T05:00:00+00:00","mainEntityOfPage":{"@id":"https:\/\/www.sindicaturabarcelona.cat\/ca\/la-sindicatura-recomana-revocar-una-sancio-a-una-persona-amb-mobilitat-reduida-a-qui-li-va-caure-per-error-la-targeta-destacionament\/"},"wordCount":712,"publisher":{"@id":"https:\/\/www.sindicaturabarcelona.cat\/ca\/#organization"},"image":{"@id":"https:\/\/www.sindicaturabarcelona.cat\/ca\/la-sindicatura-recomana-revocar-una-sancio-a-una-persona-amb-mobilitat-reduida-a-qui-li-va-caure-per-error-la-targeta-destacionament\/#primaryimage"},"thumbnailUrl":"https:\/\/www.sindicaturabarcelona.cat\/wp-content\/uploads\/cadira-rodes-e1778682369138.jpg","keywords":["david bondia","Sindicatura de Greuges de Barcelona"],"inLanguage":"ca"},{"@type":"WebPage","@id":"https:\/\/www.sindicaturabarcelona.cat\/ca\/la-sindicatura-recomana-revocar-una-sancio-a-una-persona-amb-mobilitat-reduida-a-qui-li-va-caure-per-error-la-targeta-destacionament\/","url":"https:\/\/www.sindicaturabarcelona.cat\/ca\/la-sindicatura-recomana-revocar-una-sancio-a-una-persona-amb-mobilitat-reduida-a-qui-li-va-caure-per-error-la-targeta-destacionament\/","name":"La Sindicatura recomana revocar una sanci\u00f3 a una persona amb mobilitat redu\u00efda a qui li va caure per error la targeta d\u2019estacionament - Sindicatura de Greuges de Barcelona","isPartOf":{"@id":"https:\/\/www.sindicaturabarcelona.cat\/ca\/#website"},"primaryImageOfPage":{"@id":"https:\/\/www.sindicaturabarcelona.cat\/ca\/la-sindicatura-recomana-revocar-una-sancio-a-una-persona-amb-mobilitat-reduida-a-qui-li-va-caure-per-error-la-targeta-destacionament\/#primaryimage"},"image":{"@id":"https:\/\/www.sindicaturabarcelona.cat\/ca\/la-sindicatura-recomana-revocar-una-sancio-a-una-persona-amb-mobilitat-reduida-a-qui-li-va-caure-per-error-la-targeta-destacionament\/#primaryimage"},"thumbnailUrl":"https:\/\/www.sindicaturabarcelona.cat\/wp-content\/uploads\/cadira-rodes-e1778682369138.jpg","datePublished":"2026-05-14T05:00:00+00:00","description":"La instituci\u00f3 ent\u00e9n que, un cop acreditat que la persona tenia la targeta vigent i actuava de bona fe, l\u2019Ajuntament hauria de retirar la multa atenent els principis de proporcionalitat i bona administraci\u00f3","breadcrumb":{"@id":"https:\/\/www.sindicaturabarcelona.cat\/ca\/la-sindicatura-recomana-revocar-una-sancio-a-una-persona-amb-mobilitat-reduida-a-qui-li-va-caure-per-error-la-targeta-destacionament\/#breadcrumb"},"inLanguage":"ca","potentialAction":[{"@type":"ReadAction","target":["https:\/\/www.sindicaturabarcelona.cat\/ca\/la-sindicatura-recomana-revocar-una-sancio-a-una-persona-amb-mobilitat-reduida-a-qui-li-va-caure-per-error-la-targeta-destacionament\/"]}]},{"@type":"ImageObject","inLanguage":"ca","@id":"https:\/\/www.sindicaturabarcelona.cat\/ca\/la-sindicatura-recomana-revocar-una-sancio-a-una-persona-amb-mobilitat-reduida-a-qui-li-va-caure-per-error-la-targeta-destacionament\/#primaryimage","url":"https:\/\/www.sindicaturabarcelona.cat\/wp-content\/uploads\/cadira-rodes-e1778682369138.jpg","contentUrl":"https:\/\/www.sindicaturabarcelona.cat\/wp-content\/uploads\/cadira-rodes-e1778682369138.jpg","width":1014,"height":670},{"@type":"BreadcrumbList","@id":"https:\/\/www.sindicaturabarcelona.cat\/ca\/la-sindicatura-recomana-revocar-una-sancio-a-una-persona-amb-mobilitat-reduida-a-qui-li-va-caure-per-error-la-targeta-destacionament\/#breadcrumb","itemListElement":[{"@type":"ListItem","position":1,"name":"Inici","item":"https:\/\/www.sindicaturabarcelona.cat\/ca\/"},{"@type":"ListItem","position":2,"name":"La Sindicatura recomana revocar una sanci\u00f3 a una persona amb mobilitat redu\u00efda a qui li va caure per error la targeta d\u2019estacionament"}]},{"@type":"WebSite","@id":"https:\/\/www.sindicaturabarcelona.cat\/ca\/#website","url":"https:\/\/www.sindicaturabarcelona.cat\/ca\/","name":"Sindicatura de Greuges de Barcelona","description":"La defensoria dels teus drets","publisher":{"@id":"https:\/\/www.sindicaturabarcelona.cat\/ca\/#organization"},"potentialAction":[{"@type":"SearchAction","target":{"@type":"EntryPoint","urlTemplate":"https:\/\/www.sindicaturabarcelona.cat\/ca\/?s={search_term_string}"},"query-input":{"@type":"PropertyValueSpecification","valueRequired":true,"valueName":"search_term_string"}}],"inLanguage":"ca"},{"@type":"Organization","@id":"https:\/\/www.sindicaturabarcelona.cat\/ca\/#organization","name":"Sindicatura de Greuges de Barcelona","url":"https:\/\/www.sindicaturabarcelona.cat\/ca\/","logo":{"@type":"ImageObject","inLanguage":"ca","@id":"https:\/\/www.sindicaturabarcelona.cat\/ca\/#\/schema\/logo\/image\/","url":"https:\/\/www.sindicaturabarcelona.cat\/wp-content\/uploads\/2023\/02\/logo_sindicatura.svg","contentUrl":"https:\/\/www.sindicaturabarcelona.cat\/wp-content\/uploads\/2023\/02\/logo_sindicatura.svg","caption":"Sindicatura de Greuges de Barcelona"},"image":{"@id":"https:\/\/www.sindicaturabarcelona.cat\/ca\/#\/schema\/logo\/image\/"},"sameAs":["https:\/\/x.com\/sindicbarcelona","https:\/\/www.instagram.com\/sindicbarcelona\/","https:\/\/www.tiktok.com\/@sindicaturabcn","https:\/\/t.me\/sindicaturabarcelona"]},{"@type":"Person","@id":"https:\/\/www.sindicaturabarcelona.cat\/ca\/#\/schema\/person\/0690b05fdcbf9e43b34103e845240789","name":"Carme Rocamora","image":{"@type":"ImageObject","inLanguage":"ca","@id":"https:\/\/secure.gravatar.com\/avatar\/7d5e980ef632f555fa40f97d06e5c8ec4ec568974a95778749d6a6279aa1faef?s=96&d=mm&r=g","url":"https:\/\/secure.gravatar.com\/avatar\/7d5e980ef632f555fa40f97d06e5c8ec4ec568974a95778749d6a6279aa1faef?s=96&d=mm&r=g","contentUrl":"https:\/\/secure.gravatar.com\/avatar\/7d5e980ef632f555fa40f97d06e5c8ec4ec568974a95778749d6a6279aa1faef?s=96&d=mm&r=g","caption":"Carme Rocamora"},"url":"https:\/\/www.sindicaturabarcelona.cat\/ca\/author\/crocamora\/"}]}},"_links":{"self":[{"href":"https:\/\/www.sindicaturabarcelona.cat\/ca\/wp-json\/wp\/v2\/posts\/42728","targetHints":{"allow":["GET"]}}],"collection":[{"href":"https:\/\/www.sindicaturabarcelona.cat\/ca\/wp-json\/wp\/v2\/posts"}],"about":[{"href":"https:\/\/www.sindicaturabarcelona.cat\/ca\/wp-json\/wp\/v2\/types\/post"}],"author":[{"embeddable":true,"href":"https:\/\/www.sindicaturabarcelona.cat\/ca\/wp-json\/wp\/v2\/users\/7"}],"replies":[{"embeddable":true,"href":"https:\/\/www.sindicaturabarcelona.cat\/ca\/wp-json\/wp\/v2\/comments?post=42728"}],"version-history":[{"count":2,"href":"https:\/\/www.sindicaturabarcelona.cat\/ca\/wp-json\/wp\/v2\/posts\/42728\/revisions"}],"predecessor-version":[{"id":42736,"href":"https:\/\/www.sindicaturabarcelona.cat\/ca\/wp-json\/wp\/v2\/posts\/42728\/revisions\/42736"}],"wp:featuredmedia":[{"embeddable":true,"href":"https:\/\/www.sindicaturabarcelona.cat\/ca\/wp-json\/wp\/v2\/media\/42730"}],"wp:attachment":[{"href":"https:\/\/www.sindicaturabarcelona.cat\/ca\/wp-json\/wp\/v2\/media?parent=42728"}],"wp:term":[{"taxonomy":"post_tag","embeddable":true,"href":"https:\/\/www.sindicaturabarcelona.cat\/ca\/wp-json\/wp\/v2\/tags?post=42728"},{"taxonomy":"drets","embeddable":true,"href":"https:\/\/www.sindicaturabarcelona.cat\/ca\/wp-json\/wp\/v2\/drets?post=42728"}],"curies":[{"name":"wp","href":"https:\/\/api.w.org\/{rel}","templated":true}]}}