{"id":42609,"date":"2026-04-30T08:00:00","date_gmt":"2026-04-30T06:00:00","guid":{"rendered":"https:\/\/www.sindicaturabarcelona.cat\/?p=42609"},"modified":"2026-06-11T16:31:16","modified_gmt":"2026-06-11T14:31:16","slug":"la-sindicatura-de-greuges-adverteix-que-el-dret-al-transport-escolar-adaptat-no-esta-prou-garantit-a-barcelona","status":"publish","type":"post","link":"https:\/\/www.sindicaturabarcelona.cat\/ca\/la-sindicatura-de-greuges-adverteix-que-el-dret-al-transport-escolar-adaptat-no-esta-prou-garantit-a-barcelona\/","title":{"rendered":"La Sindicatura de Greuges adverteix que el dret al transport escolar adaptat no est\u00e0 prou garantit a Barcelona"},"content":{"rendered":"\n<h2 class=\"wp-block-heading\"><strong>Quatre resolucions evidencien denegacions reiterades del servei a infants amb discapacitat, malgrat complir els requisits.<\/strong><\/h2>\n\n\n\n<h2 class=\"wp-block-heading\"><strong>La instituci\u00f3 reclama canvis per assegurar una resposta efectiva i equitativa a les necessitats de mobilitat escolar.<\/strong><\/h2>\n\n\n\n<p><strong>Barcelona, 30 d\u2019abril de 2026<\/strong> &#8211; La Sindicatura de Greuges de Barcelona ha concl\u00f2s, <a href=\"https:\/\/www.sindicaturabarcelona.cat\/ca\/informes-i-resolucions\/resolucions\/?t=1430\" target=\"_blank\" rel=\"noreferrer noopener\">arran de l\u2019an\u00e0lisi de quatre queixes ciutadanes<\/a>, que el dret al transport escolar adaptat per a infants amb discapacitat no est\u00e0 prou garantit a la ciutat. Les resolucions evidencien que, en diversos casos, l\u2019Administraci\u00f3 ha denegat aquest servei tot i que els menors afectats complien els requisits previstos, fet que pot dificultar o limitar l\u2019acc\u00e9s efectiu a l\u2019educaci\u00f3 en condicions d\u2019igualtat.<\/p>\n\n\n\n<h2 class=\"wp-block-heading\"><strong>Quatre casos amb elements comuns<\/strong><\/h2>\n\n\n\n<p><strong>Els expedients analitzats corresponen a infants d\u2019entre 8 i 12 anys amb graus de discapacitat iguals o superiors al 65% (alguns amb barem de mobilitat i situacions de depend\u00e8ncia reconeguda)<\/strong>, que no poden utilitzar el transport p\u00fablic ordinari. Tres dels casos afecten fam\u00edlies residents a Barcelona amb fills escolaritzats en centres d\u2019educaci\u00f3 especial allunyats del domicili, mentre que el quart correspon a un infant de fora del municipi que ha d\u2019assistir a un centre de la ciutat per manca d\u2019oferta en el seu entorn.<\/p>\n\n\n\n<p>En tots els casos, les fam\u00edlies van sol\u00b7licitar el servei de transport escolar adaptat i la resposta va ser negativa. <strong>Les denegacions es fonamenten principalment en la manca de rutes disponibles o en interpretacions restrictives de la normativa, com ara la inexist\u00e8ncia de l\u2019obligaci\u00f3 de cobrir despla\u00e7aments dins del mateix municipi<\/strong>.<\/p>\n\n\n\n<h2 class=\"wp-block-heading\"><strong>Un marc normatiu amb mecanismes infrautilitzats<\/strong><\/h2>\n\n\n\n<p>La normativa vigent preveu tres modalitats d\u2019acc\u00e9s al transport escolar: transport discrecional amb rutes espec\u00edfiques, \u00fas de transport p\u00fablic regular i, subsidi\u00e0riament, ajuts individuals de despla\u00e7ament. Aquest darrer mecanisme ha de garantir el servei quan no sigui possible establir una ruta.<\/p>\n\n\n\n<p><strong>Tanmateix, la Sindicatura constata que aquest sistema no s\u2019est\u00e0 desplegant plenament. <\/strong>En particular, no existeix un procediment clar i accessible per tramitar ajuts individuals, fet que limita les opcions reals de les fam\u00edlies i deixa sense resposta situacions en qu\u00e8 la creaci\u00f3 de rutes no \u00e9s viable.<\/p>\n\n\n\n<h2 class=\"wp-block-heading\"><strong>El dret al transport escolar adaptat, insuficientment garantit<\/strong><\/h2>\n\n\n\n<p><strong>Les resolucions coincideixen a assenyalar que les denegacions no es basen en criteris prou ajustats a dret i poden comportar situacions de desigualtat. <\/strong>La manca de rutes o les dificultats log\u00edstiques per crear-ne de noves no poden justificar, per si soles, la negativa a prestar el servei, especialment quan els infants acrediten dificultats de mobilitat o condicions que impedeixen l\u2019\u00fas del transport ordinari.<\/p>\n\n\n\n<p><strong>A m\u00e9s, la Sindicatura subratlla que els infants afectats compleixen els requisits establerts per la normativa<\/strong>, ja sigui perqu\u00e8 han estat escolaritzats en centres proposats per l\u2019Administraci\u00f3 en punts distants del domicili o perqu\u00e8, en abs\u00e8ncia de centres al municipi de resid\u00e8ncia, han de despla\u00e7ar-se obligat\u00f2riament a altres localitats.<\/p>\n\n\n\n<h2 class=\"wp-block-heading\"><strong>Defici\u00e8ncies en el procediment i la comunicaci\u00f3<\/strong><\/h2>\n\n\n\n<p><strong>Les resolucions tamb\u00e9 posen de manifest mancances en la tramitaci\u00f3 administrativa.<\/strong> <strong>En tots els casos, les fam\u00edlies no han rebut cap resoluci\u00f3 o comunicaci\u00f3 de l\u2019administraci\u00f3, sin\u00f3 que van assabentar-se de la denegaci\u00f3 del servei pels respectius centres educatius<\/strong>. Aquesta pr\u00e0ctica no s\u2019ajusta als principis de bona administraci\u00f3 ni a les obligacions legals de resoluci\u00f3 expressa i notificaci\u00f3 a les persones interessades, fet que dificulta l\u2019exercici i la defensa dels drets de les persones sol\u00b7licitants.<\/p>\n\n\n\n<h2 class=\"wp-block-heading\"><strong>Les recomanacions de la Sindicatura<\/strong><\/h2>\n\n\n\n<p><strong>Davant d\u2019aquesta situaci\u00f3, la Sindicatura insta el Consorci d\u2019Educaci\u00f3 de Barcelona a adoptar les mesures necess\u00e0ries per garantir, de manera efectiva, el dret al transport escolar adaptat, assegurant totes les modalitats previstes per la normativa, inclosos els ajuts individuals quan no sigui possible establir rutes.<\/strong> Aix\u00ed mateix, considera imprescindible revisar el procediment de tramitaci\u00f3 de les sol\u00b7licituds per tal de garantir resolucions expresses, motivades i notificades correctament a les fam\u00edlies.<\/p>\n\n\n\n<p>La Sindicatura conclou que el transport escolar adaptat \u00e9s una pe\u00e7a clau per garantir el dret fonamental a l\u2019educaci\u00f3 dels infants amb discapacitat. Per aquest motiu, adverteix que les disfuncions detectades poden generar vulneraci\u00f3 de drets i situacions de desavantatge i <strong>insta les administracions a situar les necessitats dels infants al centre de les decisions per assegurar una resposta equitativa a tota la ciutat<\/strong>. En definitiva, tots els infants amb discapacitat, f\u00edsica, sensorial o d\u2019un altre tipus, que acreditin dificultats de mobilitat, han de tenir plenament garantit el dret a un transport escolar adaptat i gratu\u00eft.<\/p>\n\n\n\n<p style=\"font-size:13px\">*Aquest article ha estat elaborat amb l&#8217;assist\u00e8ncia de l&#8217;eina Copilot de l&#8217;Ajuntament de Barcelona.<\/p>\n","protected":false},"excerpt":{"rendered":"<p>Quatre resolucions evidencien denegacions reiterades del servei a infants amb discapacitat, malgrat complir els requisits. La instituci\u00f3 reclama canvis per assegurar una resposta efectiva i equitativa a les necessitats de [&hellip;]<\/p>\n","protected":false},"author":2,"featured_media":42628,"comment_status":"closed","ping_status":"closed","sticky":false,"template":"","format":"standard","meta":{"_acf_changed":false,"footnotes":""},"tags":[],"drets":[1428,1430,1442,1462,1438,1447],"class_list":["post-42609","post","type-post","status-publish","format-standard","has-post-thumbnail","hentry","drets-ciutat-equitativa","drets-dret-a-educacio-i-lleure","drets-ciutat-diversa","drets-drets-de-la-infancia-i-ladolescencia","drets-ciutat-habitable-i-sostenible","drets-dret-a-la-mobilitat"],"acf":[],"yoast_head":"<!-- This site is optimized with the Yoast SEO plugin v27.5 - https:\/\/yoast.com\/product\/yoast-seo-wordpress\/ -->\n<title>La Sindicatura de Greuges adverteix que el dret al transport escolar adaptat no est\u00e0 prou garantit a Barcelona - Sindicatura de Greuges de Barcelona<\/title>\n<meta name=\"description\" content=\"Quatre resolucions evidencien denegacions reiterades del servei a infants amb discapacitat, malgrat complir els requisits.\" \/>\n<meta name=\"robots\" content=\"index, follow, max-snippet:-1, max-image-preview:large, max-video-preview:-1\" \/>\n<link rel=\"canonical\" href=\"https:\/\/www.sindicaturabarcelona.cat\/ca\/la-sindicatura-de-greuges-adverteix-que-el-dret-al-transport-escolar-adaptat-no-esta-prou-garantit-a-barcelona\/\" \/>\n<meta property=\"og:locale\" content=\"ca_ES\" \/>\n<meta property=\"og:type\" content=\"article\" \/>\n<meta property=\"og:title\" content=\"La Sindicatura de Greuges adverteix que el dret al transport escolar adaptat no est\u00e0 prou garantit a Barcelona - Sindicatura de Greuges de Barcelona\" \/>\n<meta property=\"og:description\" content=\"Quatre resolucions evidencien denegacions reiterades del servei a infants amb discapacitat, malgrat complir els requisits.\" \/>\n<meta property=\"og:url\" content=\"https:\/\/www.sindicaturabarcelona.cat\/ca\/la-sindicatura-de-greuges-adverteix-que-el-dret-al-transport-escolar-adaptat-no-esta-prou-garantit-a-barcelona\/\" \/>\n<meta property=\"og:site_name\" content=\"Sindicatura de Greuges de Barcelona\" \/>\n<meta property=\"article:published_time\" content=\"2026-04-30T06:00:00+00:00\" \/>\n<meta property=\"article:modified_time\" content=\"2026-06-11T14:31:16+00:00\" \/>\n<meta property=\"og:image\" content=\"https:\/\/www.sindicaturabarcelona.cat\/wp-content\/uploads\/Transport-escolar-adaptat.jpg\" \/>\n\t<meta property=\"og:image:width\" content=\"1533\" \/>\n\t<meta property=\"og:image:height\" content=\"1024\" \/>\n\t<meta property=\"og:image:type\" content=\"image\/jpeg\" \/>\n<meta name=\"author\" content=\"Pablo\" \/>\n<meta name=\"twitter:card\" content=\"summary_large_image\" \/>\n<meta name=\"twitter:creator\" content=\"@sindicbarcelona\" \/>\n<meta name=\"twitter:site\" content=\"@sindicbarcelona\" \/>\n<meta name=\"twitter:label1\" content=\"Escrit per\" \/>\n\t<meta name=\"twitter:data1\" content=\"Pablo\" \/>\n\t<meta name=\"twitter:label2\" content=\"Temps estimat de lectura\" \/>\n\t<meta name=\"twitter:data2\" content=\"5 minuts\" \/>\n<script type=\"application\/ld+json\" class=\"yoast-schema-graph\">{\"@context\":\"https:\\\/\\\/schema.org\",\"@graph\":[{\"@type\":\"Article\",\"@id\":\"https:\\\/\\\/www.sindicaturabarcelona.cat\\\/ca\\\/la-sindicatura-de-greuges-adverteix-que-el-dret-al-transport-escolar-adaptat-no-esta-prou-garantit-a-barcelona\\\/#article\",\"isPartOf\":{\"@id\":\"https:\\\/\\\/www.sindicaturabarcelona.cat\\\/ca\\\/la-sindicatura-de-greuges-adverteix-que-el-dret-al-transport-escolar-adaptat-no-esta-prou-garantit-a-barcelona\\\/\"},\"author\":{\"name\":\"Pablo\",\"@id\":\"https:\\\/\\\/www.sindicaturabarcelona.cat\\\/ca\\\/#\\\/schema\\\/person\\\/0e5acffc350ffdbc97578159322c9452\"},\"headline\":\"La Sindicatura de Greuges adverteix que el dret al transport escolar adaptat no est\u00e0 prou garantit a Barcelona\",\"datePublished\":\"2026-04-30T06:00:00+00:00\",\"dateModified\":\"2026-06-11T14:31:16+00:00\",\"mainEntityOfPage\":{\"@id\":\"https:\\\/\\\/www.sindicaturabarcelona.cat\\\/ca\\\/la-sindicatura-de-greuges-adverteix-que-el-dret-al-transport-escolar-adaptat-no-esta-prou-garantit-a-barcelona\\\/\"},\"wordCount\":799,\"publisher\":{\"@id\":\"https:\\\/\\\/www.sindicaturabarcelona.cat\\\/ca\\\/#organization\"},\"image\":{\"@id\":\"https:\\\/\\\/www.sindicaturabarcelona.cat\\\/ca\\\/la-sindicatura-de-greuges-adverteix-que-el-dret-al-transport-escolar-adaptat-no-esta-prou-garantit-a-barcelona\\\/#primaryimage\"},\"thumbnailUrl\":\"https:\\\/\\\/www.sindicaturabarcelona.cat\\\/wp-content\\\/uploads\\\/Transport-escolar-adaptat.jpg\",\"inLanguage\":\"ca\"},{\"@type\":\"WebPage\",\"@id\":\"https:\\\/\\\/www.sindicaturabarcelona.cat\\\/ca\\\/la-sindicatura-de-greuges-adverteix-que-el-dret-al-transport-escolar-adaptat-no-esta-prou-garantit-a-barcelona\\\/\",\"url\":\"https:\\\/\\\/www.sindicaturabarcelona.cat\\\/ca\\\/la-sindicatura-de-greuges-adverteix-que-el-dret-al-transport-escolar-adaptat-no-esta-prou-garantit-a-barcelona\\\/\",\"name\":\"La Sindicatura de Greuges adverteix que el dret al transport escolar adaptat no est\u00e0 prou garantit a Barcelona - Sindicatura de Greuges de Barcelona\",\"isPartOf\":{\"@id\":\"https:\\\/\\\/www.sindicaturabarcelona.cat\\\/ca\\\/#website\"},\"primaryImageOfPage\":{\"@id\":\"https:\\\/\\\/www.sindicaturabarcelona.cat\\\/ca\\\/la-sindicatura-de-greuges-adverteix-que-el-dret-al-transport-escolar-adaptat-no-esta-prou-garantit-a-barcelona\\\/#primaryimage\"},\"image\":{\"@id\":\"https:\\\/\\\/www.sindicaturabarcelona.cat\\\/ca\\\/la-sindicatura-de-greuges-adverteix-que-el-dret-al-transport-escolar-adaptat-no-esta-prou-garantit-a-barcelona\\\/#primaryimage\"},\"thumbnailUrl\":\"https:\\\/\\\/www.sindicaturabarcelona.cat\\\/wp-content\\\/uploads\\\/Transport-escolar-adaptat.jpg\",\"datePublished\":\"2026-04-30T06:00:00+00:00\",\"dateModified\":\"2026-06-11T14:31:16+00:00\",\"description\":\"Quatre resolucions evidencien denegacions reiterades del servei a infants amb discapacitat, malgrat complir els requisits.\",\"breadcrumb\":{\"@id\":\"https:\\\/\\\/www.sindicaturabarcelona.cat\\\/ca\\\/la-sindicatura-de-greuges-adverteix-que-el-dret-al-transport-escolar-adaptat-no-esta-prou-garantit-a-barcelona\\\/#breadcrumb\"},\"inLanguage\":\"ca\",\"potentialAction\":[{\"@type\":\"ReadAction\",\"target\":[\"https:\\\/\\\/www.sindicaturabarcelona.cat\\\/ca\\\/la-sindicatura-de-greuges-adverteix-que-el-dret-al-transport-escolar-adaptat-no-esta-prou-garantit-a-barcelona\\\/\"]}]},{\"@type\":\"ImageObject\",\"inLanguage\":\"ca\",\"@id\":\"https:\\\/\\\/www.sindicaturabarcelona.cat\\\/ca\\\/la-sindicatura-de-greuges-adverteix-que-el-dret-al-transport-escolar-adaptat-no-esta-prou-garantit-a-barcelona\\\/#primaryimage\",\"url\":\"https:\\\/\\\/www.sindicaturabarcelona.cat\\\/wp-content\\\/uploads\\\/Transport-escolar-adaptat.jpg\",\"contentUrl\":\"https:\\\/\\\/www.sindicaturabarcelona.cat\\\/wp-content\\\/uploads\\\/Transport-escolar-adaptat.jpg\",\"width\":1533,\"height\":1024},{\"@type\":\"BreadcrumbList\",\"@id\":\"https:\\\/\\\/www.sindicaturabarcelona.cat\\\/ca\\\/la-sindicatura-de-greuges-adverteix-que-el-dret-al-transport-escolar-adaptat-no-esta-prou-garantit-a-barcelona\\\/#breadcrumb\",\"itemListElement\":[{\"@type\":\"ListItem\",\"position\":1,\"name\":\"Inici\",\"item\":\"https:\\\/\\\/www.sindicaturabarcelona.cat\\\/ca\\\/\"},{\"@type\":\"ListItem\",\"position\":2,\"name\":\"La Sindicatura de Greuges adverteix que el dret al transport escolar adaptat no est\u00e0 prou garantit a Barcelona\"}]},{\"@type\":\"WebSite\",\"@id\":\"https:\\\/\\\/www.sindicaturabarcelona.cat\\\/ca\\\/#website\",\"url\":\"https:\\\/\\\/www.sindicaturabarcelona.cat\\\/ca\\\/\",\"name\":\"Sindicatura de Greuges de Barcelona\",\"description\":\"La defensoria dels teus drets\",\"publisher\":{\"@id\":\"https:\\\/\\\/www.sindicaturabarcelona.cat\\\/ca\\\/#organization\"},\"potentialAction\":[{\"@type\":\"SearchAction\",\"target\":{\"@type\":\"EntryPoint\",\"urlTemplate\":\"https:\\\/\\\/www.sindicaturabarcelona.cat\\\/ca\\\/?s={search_term_string}\"},\"query-input\":{\"@type\":\"PropertyValueSpecification\",\"valueRequired\":true,\"valueName\":\"search_term_string\"}}],\"inLanguage\":\"ca\"},{\"@type\":\"Organization\",\"@id\":\"https:\\\/\\\/www.sindicaturabarcelona.cat\\\/ca\\\/#organization\",\"name\":\"Sindicatura de Greuges de Barcelona\",\"url\":\"https:\\\/\\\/www.sindicaturabarcelona.cat\\\/ca\\\/\",\"logo\":{\"@type\":\"ImageObject\",\"inLanguage\":\"ca\",\"@id\":\"https:\\\/\\\/www.sindicaturabarcelona.cat\\\/ca\\\/#\\\/schema\\\/logo\\\/image\\\/\",\"url\":\"https:\\\/\\\/www.sindicaturabarcelona.cat\\\/wp-content\\\/uploads\\\/2023\\\/02\\\/logo_sindicatura.svg\",\"contentUrl\":\"https:\\\/\\\/www.sindicaturabarcelona.cat\\\/wp-content\\\/uploads\\\/2023\\\/02\\\/logo_sindicatura.svg\",\"caption\":\"Sindicatura de Greuges de Barcelona\"},\"image\":{\"@id\":\"https:\\\/\\\/www.sindicaturabarcelona.cat\\\/ca\\\/#\\\/schema\\\/logo\\\/image\\\/\"},\"sameAs\":[\"https:\\\/\\\/x.com\\\/sindicbarcelona\",\"https:\\\/\\\/www.instagram.com\\\/sindicbarcelona\\\/\",\"https:\\\/\\\/www.tiktok.com\\\/@sindicaturabcn\",\"https:\\\/\\\/t.me\\\/sindicaturabarcelona\"]},{\"@type\":\"Person\",\"@id\":\"https:\\\/\\\/www.sindicaturabarcelona.cat\\\/ca\\\/#\\\/schema\\\/person\\\/0e5acffc350ffdbc97578159322c9452\",\"name\":\"Pablo\",\"image\":{\"@type\":\"ImageObject\",\"inLanguage\":\"ca\",\"@id\":\"https:\\\/\\\/secure.gravatar.com\\\/avatar\\\/c948169b402ef9492afde705c3dfd5e90e1a6a84ef6840a91124f805a25a480f?s=96&d=mm&r=g\",\"url\":\"https:\\\/\\\/secure.gravatar.com\\\/avatar\\\/c948169b402ef9492afde705c3dfd5e90e1a6a84ef6840a91124f805a25a480f?s=96&d=mm&r=g\",\"contentUrl\":\"https:\\\/\\\/secure.gravatar.com\\\/avatar\\\/c948169b402ef9492afde705c3dfd5e90e1a6a84ef6840a91124f805a25a480f?s=96&d=mm&r=g\",\"caption\":\"Pablo\"},\"url\":\"https:\\\/\\\/www.sindicaturabarcelona.cat\\\/ca\\\/author\\\/pablo\\\/\"}]}<\/script>\n<!-- \/ Yoast SEO plugin. -->","yoast_head_json":{"title":"La Sindicatura de Greuges adverteix que el dret al transport escolar adaptat no est\u00e0 prou garantit a Barcelona - Sindicatura de Greuges de Barcelona","description":"Quatre resolucions evidencien denegacions reiterades del servei a infants amb discapacitat, malgrat complir els requisits.","robots":{"index":"index","follow":"follow","max-snippet":"max-snippet:-1","max-image-preview":"max-image-preview:large","max-video-preview":"max-video-preview:-1"},"canonical":"https:\/\/www.sindicaturabarcelona.cat\/ca\/la-sindicatura-de-greuges-adverteix-que-el-dret-al-transport-escolar-adaptat-no-esta-prou-garantit-a-barcelona\/","og_locale":"ca_ES","og_type":"article","og_title":"La Sindicatura de Greuges adverteix que el dret al transport escolar adaptat no est\u00e0 prou garantit a Barcelona - Sindicatura de Greuges de Barcelona","og_description":"Quatre resolucions evidencien denegacions reiterades del servei a infants amb discapacitat, malgrat complir els requisits.","og_url":"https:\/\/www.sindicaturabarcelona.cat\/ca\/la-sindicatura-de-greuges-adverteix-que-el-dret-al-transport-escolar-adaptat-no-esta-prou-garantit-a-barcelona\/","og_site_name":"Sindicatura de Greuges de Barcelona","article_published_time":"2026-04-30T06:00:00+00:00","article_modified_time":"2026-06-11T14:31:16+00:00","og_image":[{"width":1533,"height":1024,"url":"https:\/\/www.sindicaturabarcelona.cat\/wp-content\/uploads\/Transport-escolar-adaptat.jpg","type":"image\/jpeg"}],"author":"Pablo","twitter_card":"summary_large_image","twitter_creator":"@sindicbarcelona","twitter_site":"@sindicbarcelona","twitter_misc":{"Escrit per":"Pablo","Temps estimat de lectura":"5 minuts"},"schema":{"@context":"https:\/\/schema.org","@graph":[{"@type":"Article","@id":"https:\/\/www.sindicaturabarcelona.cat\/ca\/la-sindicatura-de-greuges-adverteix-que-el-dret-al-transport-escolar-adaptat-no-esta-prou-garantit-a-barcelona\/#article","isPartOf":{"@id":"https:\/\/www.sindicaturabarcelona.cat\/ca\/la-sindicatura-de-greuges-adverteix-que-el-dret-al-transport-escolar-adaptat-no-esta-prou-garantit-a-barcelona\/"},"author":{"name":"Pablo","@id":"https:\/\/www.sindicaturabarcelona.cat\/ca\/#\/schema\/person\/0e5acffc350ffdbc97578159322c9452"},"headline":"La Sindicatura de Greuges adverteix que el dret al transport escolar adaptat no est\u00e0 prou garantit a Barcelona","datePublished":"2026-04-30T06:00:00+00:00","dateModified":"2026-06-11T14:31:16+00:00","mainEntityOfPage":{"@id":"https:\/\/www.sindicaturabarcelona.cat\/ca\/la-sindicatura-de-greuges-adverteix-que-el-dret-al-transport-escolar-adaptat-no-esta-prou-garantit-a-barcelona\/"},"wordCount":799,"publisher":{"@id":"https:\/\/www.sindicaturabarcelona.cat\/ca\/#organization"},"image":{"@id":"https:\/\/www.sindicaturabarcelona.cat\/ca\/la-sindicatura-de-greuges-adverteix-que-el-dret-al-transport-escolar-adaptat-no-esta-prou-garantit-a-barcelona\/#primaryimage"},"thumbnailUrl":"https:\/\/www.sindicaturabarcelona.cat\/wp-content\/uploads\/Transport-escolar-adaptat.jpg","inLanguage":"ca"},{"@type":"WebPage","@id":"https:\/\/www.sindicaturabarcelona.cat\/ca\/la-sindicatura-de-greuges-adverteix-que-el-dret-al-transport-escolar-adaptat-no-esta-prou-garantit-a-barcelona\/","url":"https:\/\/www.sindicaturabarcelona.cat\/ca\/la-sindicatura-de-greuges-adverteix-que-el-dret-al-transport-escolar-adaptat-no-esta-prou-garantit-a-barcelona\/","name":"La Sindicatura de Greuges adverteix que el dret al transport escolar adaptat no est\u00e0 prou garantit a Barcelona - Sindicatura de Greuges de Barcelona","isPartOf":{"@id":"https:\/\/www.sindicaturabarcelona.cat\/ca\/#website"},"primaryImageOfPage":{"@id":"https:\/\/www.sindicaturabarcelona.cat\/ca\/la-sindicatura-de-greuges-adverteix-que-el-dret-al-transport-escolar-adaptat-no-esta-prou-garantit-a-barcelona\/#primaryimage"},"image":{"@id":"https:\/\/www.sindicaturabarcelona.cat\/ca\/la-sindicatura-de-greuges-adverteix-que-el-dret-al-transport-escolar-adaptat-no-esta-prou-garantit-a-barcelona\/#primaryimage"},"thumbnailUrl":"https:\/\/www.sindicaturabarcelona.cat\/wp-content\/uploads\/Transport-escolar-adaptat.jpg","datePublished":"2026-04-30T06:00:00+00:00","dateModified":"2026-06-11T14:31:16+00:00","description":"Quatre resolucions evidencien denegacions reiterades del servei a infants amb discapacitat, malgrat complir els requisits.","breadcrumb":{"@id":"https:\/\/www.sindicaturabarcelona.cat\/ca\/la-sindicatura-de-greuges-adverteix-que-el-dret-al-transport-escolar-adaptat-no-esta-prou-garantit-a-barcelona\/#breadcrumb"},"inLanguage":"ca","potentialAction":[{"@type":"ReadAction","target":["https:\/\/www.sindicaturabarcelona.cat\/ca\/la-sindicatura-de-greuges-adverteix-que-el-dret-al-transport-escolar-adaptat-no-esta-prou-garantit-a-barcelona\/"]}]},{"@type":"ImageObject","inLanguage":"ca","@id":"https:\/\/www.sindicaturabarcelona.cat\/ca\/la-sindicatura-de-greuges-adverteix-que-el-dret-al-transport-escolar-adaptat-no-esta-prou-garantit-a-barcelona\/#primaryimage","url":"https:\/\/www.sindicaturabarcelona.cat\/wp-content\/uploads\/Transport-escolar-adaptat.jpg","contentUrl":"https:\/\/www.sindicaturabarcelona.cat\/wp-content\/uploads\/Transport-escolar-adaptat.jpg","width":1533,"height":1024},{"@type":"BreadcrumbList","@id":"https:\/\/www.sindicaturabarcelona.cat\/ca\/la-sindicatura-de-greuges-adverteix-que-el-dret-al-transport-escolar-adaptat-no-esta-prou-garantit-a-barcelona\/#breadcrumb","itemListElement":[{"@type":"ListItem","position":1,"name":"Inici","item":"https:\/\/www.sindicaturabarcelona.cat\/ca\/"},{"@type":"ListItem","position":2,"name":"La Sindicatura de Greuges adverteix que el dret al transport escolar adaptat no est\u00e0 prou garantit a Barcelona"}]},{"@type":"WebSite","@id":"https:\/\/www.sindicaturabarcelona.cat\/ca\/#website","url":"https:\/\/www.sindicaturabarcelona.cat\/ca\/","name":"Sindicatura de Greuges de Barcelona","description":"La defensoria dels teus drets","publisher":{"@id":"https:\/\/www.sindicaturabarcelona.cat\/ca\/#organization"},"potentialAction":[{"@type":"SearchAction","target":{"@type":"EntryPoint","urlTemplate":"https:\/\/www.sindicaturabarcelona.cat\/ca\/?s={search_term_string}"},"query-input":{"@type":"PropertyValueSpecification","valueRequired":true,"valueName":"search_term_string"}}],"inLanguage":"ca"},{"@type":"Organization","@id":"https:\/\/www.sindicaturabarcelona.cat\/ca\/#organization","name":"Sindicatura de Greuges de Barcelona","url":"https:\/\/www.sindicaturabarcelona.cat\/ca\/","logo":{"@type":"ImageObject","inLanguage":"ca","@id":"https:\/\/www.sindicaturabarcelona.cat\/ca\/#\/schema\/logo\/image\/","url":"https:\/\/www.sindicaturabarcelona.cat\/wp-content\/uploads\/2023\/02\/logo_sindicatura.svg","contentUrl":"https:\/\/www.sindicaturabarcelona.cat\/wp-content\/uploads\/2023\/02\/logo_sindicatura.svg","caption":"Sindicatura de Greuges de Barcelona"},"image":{"@id":"https:\/\/www.sindicaturabarcelona.cat\/ca\/#\/schema\/logo\/image\/"},"sameAs":["https:\/\/x.com\/sindicbarcelona","https:\/\/www.instagram.com\/sindicbarcelona\/","https:\/\/www.tiktok.com\/@sindicaturabcn","https:\/\/t.me\/sindicaturabarcelona"]},{"@type":"Person","@id":"https:\/\/www.sindicaturabarcelona.cat\/ca\/#\/schema\/person\/0e5acffc350ffdbc97578159322c9452","name":"Pablo","image":{"@type":"ImageObject","inLanguage":"ca","@id":"https:\/\/secure.gravatar.com\/avatar\/c948169b402ef9492afde705c3dfd5e90e1a6a84ef6840a91124f805a25a480f?s=96&d=mm&r=g","url":"https:\/\/secure.gravatar.com\/avatar\/c948169b402ef9492afde705c3dfd5e90e1a6a84ef6840a91124f805a25a480f?s=96&d=mm&r=g","contentUrl":"https:\/\/secure.gravatar.com\/avatar\/c948169b402ef9492afde705c3dfd5e90e1a6a84ef6840a91124f805a25a480f?s=96&d=mm&r=g","caption":"Pablo"},"url":"https:\/\/www.sindicaturabarcelona.cat\/ca\/author\/pablo\/"}]}},"_links":{"self":[{"href":"https:\/\/www.sindicaturabarcelona.cat\/ca\/wp-json\/wp\/v2\/posts\/42609","targetHints":{"allow":["GET"]}}],"collection":[{"href":"https:\/\/www.sindicaturabarcelona.cat\/ca\/wp-json\/wp\/v2\/posts"}],"about":[{"href":"https:\/\/www.sindicaturabarcelona.cat\/ca\/wp-json\/wp\/v2\/types\/post"}],"author":[{"embeddable":true,"href":"https:\/\/www.sindicaturabarcelona.cat\/ca\/wp-json\/wp\/v2\/users\/2"}],"replies":[{"embeddable":true,"href":"https:\/\/www.sindicaturabarcelona.cat\/ca\/wp-json\/wp\/v2\/comments?post=42609"}],"version-history":[{"count":5,"href":"https:\/\/www.sindicaturabarcelona.cat\/ca\/wp-json\/wp\/v2\/posts\/42609\/revisions"}],"predecessor-version":[{"id":43063,"href":"https:\/\/www.sindicaturabarcelona.cat\/ca\/wp-json\/wp\/v2\/posts\/42609\/revisions\/43063"}],"wp:featuredmedia":[{"embeddable":true,"href":"https:\/\/www.sindicaturabarcelona.cat\/ca\/wp-json\/wp\/v2\/media\/42628"}],"wp:attachment":[{"href":"https:\/\/www.sindicaturabarcelona.cat\/ca\/wp-json\/wp\/v2\/media?parent=42609"}],"wp:term":[{"taxonomy":"post_tag","embeddable":true,"href":"https:\/\/www.sindicaturabarcelona.cat\/ca\/wp-json\/wp\/v2\/tags?post=42609"},{"taxonomy":"drets","embeddable":true,"href":"https:\/\/www.sindicaturabarcelona.cat\/ca\/wp-json\/wp\/v2\/drets?post=42609"}],"curies":[{"name":"wp","href":"https:\/\/api.w.org\/{rel}","templated":true}]}}