{"id":42458,"date":"2026-04-24T07:40:36","date_gmt":"2026-04-24T05:40:36","guid":{"rendered":"https:\/\/www.sindicaturabarcelona.cat\/?p=42458"},"modified":"2026-06-11T16:31:58","modified_gmt":"2026-06-11T14:31:58","slug":"la-sindicatura-de-greuges-de-barcelona-alerta-de-mancances-informatives-durant-el-tancament-prolongat-de-la-biblioteca-xavier-benguerel","status":"publish","type":"post","link":"https:\/\/www.sindicaturabarcelona.cat\/ca\/la-sindicatura-de-greuges-de-barcelona-alerta-de-mancances-informatives-durant-el-tancament-prolongat-de-la-biblioteca-xavier-benguerel\/","title":{"rendered":"La Sindicatura de Greuges de Barcelona alerta de mancances informatives durant el tancament prolongat de la Biblioteca Xavier Benguerel"},"content":{"rendered":"\n<h2 class=\"wp-block-heading\"><strong>La defensoria incideix en la falta de transpar\u00e8ncia informativa durant el tancament i destaca l\u2019impacte social d\u2019un servei p\u00fablic essencial.<\/strong><\/h2>\n\n\n\n<h2 class=\"wp-block-heading\"><strong>La reobertura de l\u2019equipament, que va tancar l\u2019octubre de 2024, es preveu per a finals de maig o principis de juny d\u2019enguany.<\/strong><\/h2>\n\n\n\n<p><strong>Barcelona, 22 d\u2019abril de 2026<\/strong> &#8211; La Sindicatura de Greuges de Barcelona ha concl\u00f2s que <a href=\"https:\/\/www.sindicaturabarcelona.cat\/wp-content\/uploads\/202603_Dret-cultura_prolongacio-del-tancament-per-obres-duna-Biblioteca-Municipal-Xavier-Berenguel_26Q95.pdf\" target=\"_blank\" rel=\"noreferrer noopener\">la gesti\u00f3 municipal del tancament per obres de la Biblioteca Xavier Benguerel, al districte de Sant Mart\u00ed, no ha estat prou efica\u00e7 pel que fa a la informaci\u00f3 i l\u2019atenci\u00f3 a la ciutadania.<\/a><\/p>\n\n\n\n<p>Malgrat que el retard en l\u2019execuci\u00f3 de les obres pot respondre a circumst\u00e0ncies t\u00e8cniques sobrevingudes, <strong>la Sindicatura ha fet \u00e8mfasi en la import\u00e0ncia de garantir una comunicaci\u00f3 clara, accessible i continuada quan es tracta de serveis p\u00fablics essencials<\/strong>, com s\u00f3n les biblioteques municipals.<\/p>\n\n\n\n<h2 class=\"wp-block-heading\"><strong>Un projecte de reforma amb incid\u00e8ncies sobrevingudes<\/strong><\/h2>\n\n\n\n<p>L\u2019equipament municipal va tancar l\u2019octubre de 2024 per dur a terme una reforma integral destinada a renovar les instal\u00b7lacions, millorar l\u2019accessibilitat i reorganitzar els espais. <strong>Tot i que la finalitzaci\u00f3 de les obres estava prevista per a l\u2019agost de 2025, la necessitat d\u2019incorporar actuacions inicialment no contemplades va comportar una ampliaci\u00f3 dels terminis d\u2019execuci\u00f3 d\u2019aquestes obres<\/strong>. Actualment, els treballs es troben en la fase final i <strong>la reobertura de la biblioteca est\u00e0 prevista per a finals de maig o principis de juny de 2026<\/strong>.<\/p>\n\n\n\n<h2 class=\"wp-block-heading\"><strong>Les mancances informatives <em>in situ<\/em> i en l\u00ednia<\/strong><\/h2>\n\n\n\n<p>Tot i les causes sobrevingudes, la Sindicatura posa l\u2019accent en la manca d\u2019informaci\u00f3 clara i accessible durant la fase final del proc\u00e9s. <strong>Des de la retirada de la tanca d\u2019obra i dels elements informatius, no s\u2019ha facilitat cap actualitzaci\u00f3 visible <em>in situ<\/em> sobre l\u2019estat dels treballs ni sobre la data prevista de reobertura<\/strong>. Aquesta abs\u00e8ncia de senyalitzaci\u00f3 ha generat confusi\u00f3 entre el ve\u00efnat, que pot pensar que les obres han finalitzat definitivament sense entendre les raons del tancament prolongat de la biblioteca.<\/p>\n\n\n\n<p><strong>A m\u00e9s, <a href=\"https:\/\/ajuntament.barcelona.cat\/biblioteques\/ca\/bibxavierbenguerel\/noticies\/tancament-de-la-biblioteca-xavier-benguerel-per-obres-de-millora-1442014\" target=\"_blank\" rel=\"noreferrer noopener\">la informaci\u00f3 al lloc web de l\u2019Ajuntament \u00fanicament es limita a indicar la data prevista d\u2019obertura<\/a>, sense detallar<\/strong> les actuacions pendents ni els motius concrets del decalatge entre la finalitzaci\u00f3 de l\u2019obra i la reobertura de l\u2019equipament municipal, fet que pot contribuir a percepcions err\u00f2nies sobre la gesti\u00f3 municipal del projecte.<\/p>\n\n\n\n<h2 class=\"wp-block-heading\"><strong>L\u2019impacte del tancament prolongat en el ve\u00efnat del barri<\/strong><\/h2>\n\n\n\n<p>L\u2019impacte del tancament prolongat de la biblioteca tamb\u00e9 ha estat rellevant en la vida quotidiana del barri. <strong>Les alternatives disponibles es troben a una dist\u00e0ncia considerable, entre 18 i 29 minuts a peu, <\/strong>situaci\u00f3 que en limita l\u2019accessibilitat real, especialment per a col\u00b7lectius vulnerables.<\/p>\n\n\n\n<p><strong>El tancament prolongat de la biblioteca dificulta l\u2019estudi d\u2019infants i joves que no disposen d\u2019un espai adequat a casa o de recursos digitals suficients<\/strong>. Alhora, l<strong>es fam\u00edlies amb infants perden un espai segur, gratu\u00eft i educatiu, que fomenta l\u2019h\u00e0bit lector i la participaci\u00f3 en activitats culturals. D\u2019altra banda, la gent gran no disposa d\u2019un espai de socialitzaci\u00f3 i rutina<\/strong>, circumst\u00e0ncia que pot augmentar la sensaci\u00f3 de solitud i desconnexi\u00f3 social.<\/p>\n\n\n\n<h2 class=\"wp-block-heading\"><strong>La recomanaci\u00f3 de la Sindicatura<\/strong><\/h2>\n\n\n\n<p>Finalment, la Sindicatura de Greuges de Barcelona conclou que l\u2019actuaci\u00f3 de la Regidoria de Cultura i Ind\u00fastries Creatives no ha estat prou efica\u00e7 en termes de servei p\u00fablic, informaci\u00f3 i atenci\u00f3 al ve\u00efnat, i <strong>formula una recomanaci\u00f3 clara<\/strong>: refor\u00e7ar els mecanismes d\u2019informaci\u00f3 i comunicaci\u00f3 en situacions de tancament prolongat d\u2019equipaments municipals, amb l\u2019objectiu de millorar la transpar\u00e8ncia i reduir l\u2019impacte sobre la ciutadania.<\/p>\n\n\n\n<p style=\"font-size:13px\">*Aquest article ha estat elaborat amb l&#8217;assist\u00e8ncia de l&#8217;eina Copilot de l&#8217;Ajuntament de Barcelona.<\/p>\n","protected":false},"excerpt":{"rendered":"<p>La defensoria incideix en la falta de transpar\u00e8ncia informativa durant el tancament i destaca l\u2019impacte social d\u2019un servei p\u00fablic essencial. La reobertura de l\u2019equipament, que va tancar l\u2019octubre de 2024, [&hellip;]<\/p>\n","protected":false},"author":2,"featured_media":42459,"comment_status":"closed","ping_status":"closed","sticky":false,"template":"","format":"standard","meta":{"_acf_changed":false,"footnotes":""},"tags":[],"drets":[1428,1432],"class_list":["post-42458","post","type-post","status-publish","format-standard","has-post-thumbnail","hentry","drets-ciutat-equitativa","drets-drets-culturals"],"acf":[],"yoast_head":"<!-- This site is optimized with the Yoast SEO plugin v27.5 - https:\/\/yoast.com\/product\/yoast-seo-wordpress\/ -->\n<title>La Sindicatura de Greuges de Barcelona alerta de mancances informatives durant el tancament prolongat de la Biblioteca Xavier Benguerel - Sindicatura de Greuges de Barcelona<\/title>\n<meta name=\"description\" content=\"La reobertura de l\u2019equipament, que va tancar l\u2019octubre de 2024, es preveu per a finals de maig o principis de juny d\u2019enguany.\" \/>\n<meta name=\"robots\" content=\"index, follow, max-snippet:-1, max-image-preview:large, max-video-preview:-1\" \/>\n<link rel=\"canonical\" href=\"https:\/\/www.sindicaturabarcelona.cat\/ca\/la-sindicatura-de-greuges-de-barcelona-alerta-de-mancances-informatives-durant-el-tancament-prolongat-de-la-biblioteca-xavier-benguerel\/\" \/>\n<meta property=\"og:locale\" content=\"ca_ES\" \/>\n<meta property=\"og:type\" content=\"article\" \/>\n<meta property=\"og:title\" content=\"La Sindicatura de Greuges de Barcelona alerta de mancances informatives durant el tancament prolongat de la Biblioteca Xavier Benguerel - Sindicatura de Greuges de Barcelona\" \/>\n<meta property=\"og:description\" content=\"La reobertura de l\u2019equipament, que va tancar l\u2019octubre de 2024, es preveu per a finals de maig o principis de juny d\u2019enguany.\" \/>\n<meta property=\"og:url\" content=\"https:\/\/www.sindicaturabarcelona.cat\/ca\/la-sindicatura-de-greuges-de-barcelona-alerta-de-mancances-informatives-durant-el-tancament-prolongat-de-la-biblioteca-xavier-benguerel\/\" \/>\n<meta property=\"og:site_name\" content=\"Sindicatura de Greuges de Barcelona\" \/>\n<meta property=\"article:published_time\" content=\"2026-04-24T05:40:36+00:00\" \/>\n<meta property=\"article:modified_time\" content=\"2026-06-11T14:31:58+00:00\" \/>\n<meta property=\"og:image\" content=\"https:\/\/www.sindicaturabarcelona.cat\/wp-content\/uploads\/Biblioteca.jpg\" \/>\n\t<meta property=\"og:image:width\" content=\"1533\" \/>\n\t<meta property=\"og:image:height\" content=\"1024\" \/>\n\t<meta property=\"og:image:type\" content=\"image\/jpeg\" \/>\n<meta name=\"author\" content=\"Pablo\" \/>\n<meta name=\"twitter:card\" content=\"summary_large_image\" \/>\n<meta name=\"twitter:creator\" content=\"@sindicbarcelona\" \/>\n<meta name=\"twitter:site\" content=\"@sindicbarcelona\" \/>\n<meta name=\"twitter:label1\" content=\"Escrit per\" \/>\n\t<meta name=\"twitter:data1\" content=\"Pablo\" \/>\n\t<meta name=\"twitter:label2\" content=\"Temps estimat de lectura\" \/>\n\t<meta name=\"twitter:data2\" content=\"4 minuts\" \/>\n<script type=\"application\/ld+json\" class=\"yoast-schema-graph\">{\"@context\":\"https:\\\/\\\/schema.org\",\"@graph\":[{\"@type\":\"Article\",\"@id\":\"https:\\\/\\\/www.sindicaturabarcelona.cat\\\/ca\\\/la-sindicatura-de-greuges-de-barcelona-alerta-de-mancances-informatives-durant-el-tancament-prolongat-de-la-biblioteca-xavier-benguerel\\\/#article\",\"isPartOf\":{\"@id\":\"https:\\\/\\\/www.sindicaturabarcelona.cat\\\/ca\\\/la-sindicatura-de-greuges-de-barcelona-alerta-de-mancances-informatives-durant-el-tancament-prolongat-de-la-biblioteca-xavier-benguerel\\\/\"},\"author\":{\"name\":\"Pablo\",\"@id\":\"https:\\\/\\\/www.sindicaturabarcelona.cat\\\/ca\\\/#\\\/schema\\\/person\\\/0e5acffc350ffdbc97578159322c9452\"},\"headline\":\"La Sindicatura de Greuges de Barcelona alerta de mancances informatives durant el tancament prolongat de la Biblioteca Xavier Benguerel\",\"datePublished\":\"2026-04-24T05:40:36+00:00\",\"dateModified\":\"2026-06-11T14:31:58+00:00\",\"mainEntityOfPage\":{\"@id\":\"https:\\\/\\\/www.sindicaturabarcelona.cat\\\/ca\\\/la-sindicatura-de-greuges-de-barcelona-alerta-de-mancances-informatives-durant-el-tancament-prolongat-de-la-biblioteca-xavier-benguerel\\\/\"},\"wordCount\":653,\"publisher\":{\"@id\":\"https:\\\/\\\/www.sindicaturabarcelona.cat\\\/ca\\\/#organization\"},\"image\":{\"@id\":\"https:\\\/\\\/www.sindicaturabarcelona.cat\\\/ca\\\/la-sindicatura-de-greuges-de-barcelona-alerta-de-mancances-informatives-durant-el-tancament-prolongat-de-la-biblioteca-xavier-benguerel\\\/#primaryimage\"},\"thumbnailUrl\":\"https:\\\/\\\/www.sindicaturabarcelona.cat\\\/wp-content\\\/uploads\\\/Biblioteca.jpg\",\"inLanguage\":\"ca\"},{\"@type\":\"WebPage\",\"@id\":\"https:\\\/\\\/www.sindicaturabarcelona.cat\\\/ca\\\/la-sindicatura-de-greuges-de-barcelona-alerta-de-mancances-informatives-durant-el-tancament-prolongat-de-la-biblioteca-xavier-benguerel\\\/\",\"url\":\"https:\\\/\\\/www.sindicaturabarcelona.cat\\\/ca\\\/la-sindicatura-de-greuges-de-barcelona-alerta-de-mancances-informatives-durant-el-tancament-prolongat-de-la-biblioteca-xavier-benguerel\\\/\",\"name\":\"La Sindicatura de Greuges de Barcelona alerta de mancances informatives durant el tancament prolongat de la Biblioteca Xavier Benguerel - Sindicatura de Greuges de Barcelona\",\"isPartOf\":{\"@id\":\"https:\\\/\\\/www.sindicaturabarcelona.cat\\\/ca\\\/#website\"},\"primaryImageOfPage\":{\"@id\":\"https:\\\/\\\/www.sindicaturabarcelona.cat\\\/ca\\\/la-sindicatura-de-greuges-de-barcelona-alerta-de-mancances-informatives-durant-el-tancament-prolongat-de-la-biblioteca-xavier-benguerel\\\/#primaryimage\"},\"image\":{\"@id\":\"https:\\\/\\\/www.sindicaturabarcelona.cat\\\/ca\\\/la-sindicatura-de-greuges-de-barcelona-alerta-de-mancances-informatives-durant-el-tancament-prolongat-de-la-biblioteca-xavier-benguerel\\\/#primaryimage\"},\"thumbnailUrl\":\"https:\\\/\\\/www.sindicaturabarcelona.cat\\\/wp-content\\\/uploads\\\/Biblioteca.jpg\",\"datePublished\":\"2026-04-24T05:40:36+00:00\",\"dateModified\":\"2026-06-11T14:31:58+00:00\",\"description\":\"La reobertura de l\u2019equipament, que va tancar l\u2019octubre de 2024, es preveu per a finals de maig o principis de juny d\u2019enguany.\",\"breadcrumb\":{\"@id\":\"https:\\\/\\\/www.sindicaturabarcelona.cat\\\/ca\\\/la-sindicatura-de-greuges-de-barcelona-alerta-de-mancances-informatives-durant-el-tancament-prolongat-de-la-biblioteca-xavier-benguerel\\\/#breadcrumb\"},\"inLanguage\":\"ca\",\"potentialAction\":[{\"@type\":\"ReadAction\",\"target\":[\"https:\\\/\\\/www.sindicaturabarcelona.cat\\\/ca\\\/la-sindicatura-de-greuges-de-barcelona-alerta-de-mancances-informatives-durant-el-tancament-prolongat-de-la-biblioteca-xavier-benguerel\\\/\"]}]},{\"@type\":\"ImageObject\",\"inLanguage\":\"ca\",\"@id\":\"https:\\\/\\\/www.sindicaturabarcelona.cat\\\/ca\\\/la-sindicatura-de-greuges-de-barcelona-alerta-de-mancances-informatives-durant-el-tancament-prolongat-de-la-biblioteca-xavier-benguerel\\\/#primaryimage\",\"url\":\"https:\\\/\\\/www.sindicaturabarcelona.cat\\\/wp-content\\\/uploads\\\/Biblioteca.jpg\",\"contentUrl\":\"https:\\\/\\\/www.sindicaturabarcelona.cat\\\/wp-content\\\/uploads\\\/Biblioteca.jpg\",\"width\":1533,\"height\":1024},{\"@type\":\"BreadcrumbList\",\"@id\":\"https:\\\/\\\/www.sindicaturabarcelona.cat\\\/ca\\\/la-sindicatura-de-greuges-de-barcelona-alerta-de-mancances-informatives-durant-el-tancament-prolongat-de-la-biblioteca-xavier-benguerel\\\/#breadcrumb\",\"itemListElement\":[{\"@type\":\"ListItem\",\"position\":1,\"name\":\"Inici\",\"item\":\"https:\\\/\\\/www.sindicaturabarcelona.cat\\\/ca\\\/\"},{\"@type\":\"ListItem\",\"position\":2,\"name\":\"La Sindicatura de Greuges de Barcelona alerta de mancances informatives durant el tancament prolongat de la Biblioteca Xavier Benguerel\"}]},{\"@type\":\"WebSite\",\"@id\":\"https:\\\/\\\/www.sindicaturabarcelona.cat\\\/ca\\\/#website\",\"url\":\"https:\\\/\\\/www.sindicaturabarcelona.cat\\\/ca\\\/\",\"name\":\"Sindicatura de Greuges de Barcelona\",\"description\":\"La defensoria dels teus drets\",\"publisher\":{\"@id\":\"https:\\\/\\\/www.sindicaturabarcelona.cat\\\/ca\\\/#organization\"},\"potentialAction\":[{\"@type\":\"SearchAction\",\"target\":{\"@type\":\"EntryPoint\",\"urlTemplate\":\"https:\\\/\\\/www.sindicaturabarcelona.cat\\\/ca\\\/?s={search_term_string}\"},\"query-input\":{\"@type\":\"PropertyValueSpecification\",\"valueRequired\":true,\"valueName\":\"search_term_string\"}}],\"inLanguage\":\"ca\"},{\"@type\":\"Organization\",\"@id\":\"https:\\\/\\\/www.sindicaturabarcelona.cat\\\/ca\\\/#organization\",\"name\":\"Sindicatura de Greuges de Barcelona\",\"url\":\"https:\\\/\\\/www.sindicaturabarcelona.cat\\\/ca\\\/\",\"logo\":{\"@type\":\"ImageObject\",\"inLanguage\":\"ca\",\"@id\":\"https:\\\/\\\/www.sindicaturabarcelona.cat\\\/ca\\\/#\\\/schema\\\/logo\\\/image\\\/\",\"url\":\"https:\\\/\\\/www.sindicaturabarcelona.cat\\\/wp-content\\\/uploads\\\/2023\\\/02\\\/logo_sindicatura.svg\",\"contentUrl\":\"https:\\\/\\\/www.sindicaturabarcelona.cat\\\/wp-content\\\/uploads\\\/2023\\\/02\\\/logo_sindicatura.svg\",\"caption\":\"Sindicatura de Greuges de Barcelona\"},\"image\":{\"@id\":\"https:\\\/\\\/www.sindicaturabarcelona.cat\\\/ca\\\/#\\\/schema\\\/logo\\\/image\\\/\"},\"sameAs\":[\"https:\\\/\\\/x.com\\\/sindicbarcelona\",\"https:\\\/\\\/www.instagram.com\\\/sindicbarcelona\\\/\",\"https:\\\/\\\/www.tiktok.com\\\/@sindicaturabcn\",\"https:\\\/\\\/t.me\\\/sindicaturabarcelona\"]},{\"@type\":\"Person\",\"@id\":\"https:\\\/\\\/www.sindicaturabarcelona.cat\\\/ca\\\/#\\\/schema\\\/person\\\/0e5acffc350ffdbc97578159322c9452\",\"name\":\"Pablo\",\"image\":{\"@type\":\"ImageObject\",\"inLanguage\":\"ca\",\"@id\":\"https:\\\/\\\/secure.gravatar.com\\\/avatar\\\/c948169b402ef9492afde705c3dfd5e90e1a6a84ef6840a91124f805a25a480f?s=96&d=mm&r=g\",\"url\":\"https:\\\/\\\/secure.gravatar.com\\\/avatar\\\/c948169b402ef9492afde705c3dfd5e90e1a6a84ef6840a91124f805a25a480f?s=96&d=mm&r=g\",\"contentUrl\":\"https:\\\/\\\/secure.gravatar.com\\\/avatar\\\/c948169b402ef9492afde705c3dfd5e90e1a6a84ef6840a91124f805a25a480f?s=96&d=mm&r=g\",\"caption\":\"Pablo\"},\"url\":\"https:\\\/\\\/www.sindicaturabarcelona.cat\\\/ca\\\/author\\\/pablo\\\/\"}]}<\/script>\n<!-- \/ Yoast SEO plugin. -->","yoast_head_json":{"title":"La Sindicatura de Greuges de Barcelona alerta de mancances informatives durant el tancament prolongat de la Biblioteca Xavier Benguerel - Sindicatura de Greuges de Barcelona","description":"La reobertura de l\u2019equipament, que va tancar l\u2019octubre de 2024, es preveu per a finals de maig o principis de juny d\u2019enguany.","robots":{"index":"index","follow":"follow","max-snippet":"max-snippet:-1","max-image-preview":"max-image-preview:large","max-video-preview":"max-video-preview:-1"},"canonical":"https:\/\/www.sindicaturabarcelona.cat\/ca\/la-sindicatura-de-greuges-de-barcelona-alerta-de-mancances-informatives-durant-el-tancament-prolongat-de-la-biblioteca-xavier-benguerel\/","og_locale":"ca_ES","og_type":"article","og_title":"La Sindicatura de Greuges de Barcelona alerta de mancances informatives durant el tancament prolongat de la Biblioteca Xavier Benguerel - Sindicatura de Greuges de Barcelona","og_description":"La reobertura de l\u2019equipament, que va tancar l\u2019octubre de 2024, es preveu per a finals de maig o principis de juny d\u2019enguany.","og_url":"https:\/\/www.sindicaturabarcelona.cat\/ca\/la-sindicatura-de-greuges-de-barcelona-alerta-de-mancances-informatives-durant-el-tancament-prolongat-de-la-biblioteca-xavier-benguerel\/","og_site_name":"Sindicatura de Greuges de Barcelona","article_published_time":"2026-04-24T05:40:36+00:00","article_modified_time":"2026-06-11T14:31:58+00:00","og_image":[{"width":1533,"height":1024,"url":"https:\/\/www.sindicaturabarcelona.cat\/wp-content\/uploads\/Biblioteca.jpg","type":"image\/jpeg"}],"author":"Pablo","twitter_card":"summary_large_image","twitter_creator":"@sindicbarcelona","twitter_site":"@sindicbarcelona","twitter_misc":{"Escrit per":"Pablo","Temps estimat de lectura":"4 minuts"},"schema":{"@context":"https:\/\/schema.org","@graph":[{"@type":"Article","@id":"https:\/\/www.sindicaturabarcelona.cat\/ca\/la-sindicatura-de-greuges-de-barcelona-alerta-de-mancances-informatives-durant-el-tancament-prolongat-de-la-biblioteca-xavier-benguerel\/#article","isPartOf":{"@id":"https:\/\/www.sindicaturabarcelona.cat\/ca\/la-sindicatura-de-greuges-de-barcelona-alerta-de-mancances-informatives-durant-el-tancament-prolongat-de-la-biblioteca-xavier-benguerel\/"},"author":{"name":"Pablo","@id":"https:\/\/www.sindicaturabarcelona.cat\/ca\/#\/schema\/person\/0e5acffc350ffdbc97578159322c9452"},"headline":"La Sindicatura de Greuges de Barcelona alerta de mancances informatives durant el tancament prolongat de la Biblioteca Xavier Benguerel","datePublished":"2026-04-24T05:40:36+00:00","dateModified":"2026-06-11T14:31:58+00:00","mainEntityOfPage":{"@id":"https:\/\/www.sindicaturabarcelona.cat\/ca\/la-sindicatura-de-greuges-de-barcelona-alerta-de-mancances-informatives-durant-el-tancament-prolongat-de-la-biblioteca-xavier-benguerel\/"},"wordCount":653,"publisher":{"@id":"https:\/\/www.sindicaturabarcelona.cat\/ca\/#organization"},"image":{"@id":"https:\/\/www.sindicaturabarcelona.cat\/ca\/la-sindicatura-de-greuges-de-barcelona-alerta-de-mancances-informatives-durant-el-tancament-prolongat-de-la-biblioteca-xavier-benguerel\/#primaryimage"},"thumbnailUrl":"https:\/\/www.sindicaturabarcelona.cat\/wp-content\/uploads\/Biblioteca.jpg","inLanguage":"ca"},{"@type":"WebPage","@id":"https:\/\/www.sindicaturabarcelona.cat\/ca\/la-sindicatura-de-greuges-de-barcelona-alerta-de-mancances-informatives-durant-el-tancament-prolongat-de-la-biblioteca-xavier-benguerel\/","url":"https:\/\/www.sindicaturabarcelona.cat\/ca\/la-sindicatura-de-greuges-de-barcelona-alerta-de-mancances-informatives-durant-el-tancament-prolongat-de-la-biblioteca-xavier-benguerel\/","name":"La Sindicatura de Greuges de Barcelona alerta de mancances informatives durant el tancament prolongat de la Biblioteca Xavier Benguerel - Sindicatura de Greuges de Barcelona","isPartOf":{"@id":"https:\/\/www.sindicaturabarcelona.cat\/ca\/#website"},"primaryImageOfPage":{"@id":"https:\/\/www.sindicaturabarcelona.cat\/ca\/la-sindicatura-de-greuges-de-barcelona-alerta-de-mancances-informatives-durant-el-tancament-prolongat-de-la-biblioteca-xavier-benguerel\/#primaryimage"},"image":{"@id":"https:\/\/www.sindicaturabarcelona.cat\/ca\/la-sindicatura-de-greuges-de-barcelona-alerta-de-mancances-informatives-durant-el-tancament-prolongat-de-la-biblioteca-xavier-benguerel\/#primaryimage"},"thumbnailUrl":"https:\/\/www.sindicaturabarcelona.cat\/wp-content\/uploads\/Biblioteca.jpg","datePublished":"2026-04-24T05:40:36+00:00","dateModified":"2026-06-11T14:31:58+00:00","description":"La reobertura de l\u2019equipament, que va tancar l\u2019octubre de 2024, es preveu per a finals de maig o principis de juny d\u2019enguany.","breadcrumb":{"@id":"https:\/\/www.sindicaturabarcelona.cat\/ca\/la-sindicatura-de-greuges-de-barcelona-alerta-de-mancances-informatives-durant-el-tancament-prolongat-de-la-biblioteca-xavier-benguerel\/#breadcrumb"},"inLanguage":"ca","potentialAction":[{"@type":"ReadAction","target":["https:\/\/www.sindicaturabarcelona.cat\/ca\/la-sindicatura-de-greuges-de-barcelona-alerta-de-mancances-informatives-durant-el-tancament-prolongat-de-la-biblioteca-xavier-benguerel\/"]}]},{"@type":"ImageObject","inLanguage":"ca","@id":"https:\/\/www.sindicaturabarcelona.cat\/ca\/la-sindicatura-de-greuges-de-barcelona-alerta-de-mancances-informatives-durant-el-tancament-prolongat-de-la-biblioteca-xavier-benguerel\/#primaryimage","url":"https:\/\/www.sindicaturabarcelona.cat\/wp-content\/uploads\/Biblioteca.jpg","contentUrl":"https:\/\/www.sindicaturabarcelona.cat\/wp-content\/uploads\/Biblioteca.jpg","width":1533,"height":1024},{"@type":"BreadcrumbList","@id":"https:\/\/www.sindicaturabarcelona.cat\/ca\/la-sindicatura-de-greuges-de-barcelona-alerta-de-mancances-informatives-durant-el-tancament-prolongat-de-la-biblioteca-xavier-benguerel\/#breadcrumb","itemListElement":[{"@type":"ListItem","position":1,"name":"Inici","item":"https:\/\/www.sindicaturabarcelona.cat\/ca\/"},{"@type":"ListItem","position":2,"name":"La Sindicatura de Greuges de Barcelona alerta de mancances informatives durant el tancament prolongat de la Biblioteca Xavier Benguerel"}]},{"@type":"WebSite","@id":"https:\/\/www.sindicaturabarcelona.cat\/ca\/#website","url":"https:\/\/www.sindicaturabarcelona.cat\/ca\/","name":"Sindicatura de Greuges de Barcelona","description":"La defensoria dels teus drets","publisher":{"@id":"https:\/\/www.sindicaturabarcelona.cat\/ca\/#organization"},"potentialAction":[{"@type":"SearchAction","target":{"@type":"EntryPoint","urlTemplate":"https:\/\/www.sindicaturabarcelona.cat\/ca\/?s={search_term_string}"},"query-input":{"@type":"PropertyValueSpecification","valueRequired":true,"valueName":"search_term_string"}}],"inLanguage":"ca"},{"@type":"Organization","@id":"https:\/\/www.sindicaturabarcelona.cat\/ca\/#organization","name":"Sindicatura de Greuges de Barcelona","url":"https:\/\/www.sindicaturabarcelona.cat\/ca\/","logo":{"@type":"ImageObject","inLanguage":"ca","@id":"https:\/\/www.sindicaturabarcelona.cat\/ca\/#\/schema\/logo\/image\/","url":"https:\/\/www.sindicaturabarcelona.cat\/wp-content\/uploads\/2023\/02\/logo_sindicatura.svg","contentUrl":"https:\/\/www.sindicaturabarcelona.cat\/wp-content\/uploads\/2023\/02\/logo_sindicatura.svg","caption":"Sindicatura de Greuges de Barcelona"},"image":{"@id":"https:\/\/www.sindicaturabarcelona.cat\/ca\/#\/schema\/logo\/image\/"},"sameAs":["https:\/\/x.com\/sindicbarcelona","https:\/\/www.instagram.com\/sindicbarcelona\/","https:\/\/www.tiktok.com\/@sindicaturabcn","https:\/\/t.me\/sindicaturabarcelona"]},{"@type":"Person","@id":"https:\/\/www.sindicaturabarcelona.cat\/ca\/#\/schema\/person\/0e5acffc350ffdbc97578159322c9452","name":"Pablo","image":{"@type":"ImageObject","inLanguage":"ca","@id":"https:\/\/secure.gravatar.com\/avatar\/c948169b402ef9492afde705c3dfd5e90e1a6a84ef6840a91124f805a25a480f?s=96&d=mm&r=g","url":"https:\/\/secure.gravatar.com\/avatar\/c948169b402ef9492afde705c3dfd5e90e1a6a84ef6840a91124f805a25a480f?s=96&d=mm&r=g","contentUrl":"https:\/\/secure.gravatar.com\/avatar\/c948169b402ef9492afde705c3dfd5e90e1a6a84ef6840a91124f805a25a480f?s=96&d=mm&r=g","caption":"Pablo"},"url":"https:\/\/www.sindicaturabarcelona.cat\/ca\/author\/pablo\/"}]}},"_links":{"self":[{"href":"https:\/\/www.sindicaturabarcelona.cat\/ca\/wp-json\/wp\/v2\/posts\/42458","targetHints":{"allow":["GET"]}}],"collection":[{"href":"https:\/\/www.sindicaturabarcelona.cat\/ca\/wp-json\/wp\/v2\/posts"}],"about":[{"href":"https:\/\/www.sindicaturabarcelona.cat\/ca\/wp-json\/wp\/v2\/types\/post"}],"author":[{"embeddable":true,"href":"https:\/\/www.sindicaturabarcelona.cat\/ca\/wp-json\/wp\/v2\/users\/2"}],"replies":[{"embeddable":true,"href":"https:\/\/www.sindicaturabarcelona.cat\/ca\/wp-json\/wp\/v2\/comments?post=42458"}],"version-history":[{"count":3,"href":"https:\/\/www.sindicaturabarcelona.cat\/ca\/wp-json\/wp\/v2\/posts\/42458\/revisions"}],"predecessor-version":[{"id":43064,"href":"https:\/\/www.sindicaturabarcelona.cat\/ca\/wp-json\/wp\/v2\/posts\/42458\/revisions\/43064"}],"wp:featuredmedia":[{"embeddable":true,"href":"https:\/\/www.sindicaturabarcelona.cat\/ca\/wp-json\/wp\/v2\/media\/42459"}],"wp:attachment":[{"href":"https:\/\/www.sindicaturabarcelona.cat\/ca\/wp-json\/wp\/v2\/media?parent=42458"}],"wp:term":[{"taxonomy":"post_tag","embeddable":true,"href":"https:\/\/www.sindicaturabarcelona.cat\/ca\/wp-json\/wp\/v2\/tags?post=42458"},{"taxonomy":"drets","embeddable":true,"href":"https:\/\/www.sindicaturabarcelona.cat\/ca\/wp-json\/wp\/v2\/drets?post=42458"}],"curies":[{"name":"wp","href":"https:\/\/api.w.org\/{rel}","templated":true}]}}