{"id":42394,"date":"2026-04-16T08:00:00","date_gmt":"2026-04-16T06:00:00","guid":{"rendered":"https:\/\/www.sindicaturabarcelona.cat\/?p=42394"},"modified":"2026-04-15T16:05:42","modified_gmt":"2026-04-15T14:05:42","slug":"jardins-rubio-lluch-sindicatura-greuges-barcelona","status":"publish","type":"post","link":"https:\/\/www.sindicaturabarcelona.cat\/ca\/jardins-rubio-lluch-sindicatura-greuges-barcelona\/","title":{"rendered":"La Sindicatura\u00a0insta l\u2019Ajuntament a refor\u00e7ar la neteja i\u00a0el\u00a0manteniment dels jardins Rubi\u00f3 i Lluch\u00a0"},"content":{"rendered":"\n<h2 class=\"wp-block-heading\"><strong>La defensoria recomana al Districte de Ciutat Vella\u00a0impulsar\u00a0un programa espec\u00edfic\u00a0de conservaci\u00f3\u00a0del recinte patrimonial i enfortir la intervenci\u00f3 social per atendre les persones en situaci\u00f3 de\u00a0sensellarisme\u00a0que freq\u00fcenten la zona.<\/strong>\u00a0<\/h2>\n\n\n\n<h2 class=\"wp-block-heading\"><strong>El conjunt on s\u2019ubiquen els jardins, que acull la Biblioteca de Catalunya i l\u2019Institut d\u2019Estudis Catalans, est\u00e0 declarat b\u00e9 cultural d\u2019inter\u00e8s nacional, fet que imposa un deure estricte i prioritari de conservaci\u00f3.<\/strong>\u00a0<\/h2>\n\n\n\n<p>La Sindicatura de Greuges de Barcelona insta l\u2019Ajuntament de Barcelona, i en concret&nbsp;el&nbsp;Districte de Ciutat Vella, a refor\u00e7ar la neteja i&nbsp;el&nbsp;manteniment dels&nbsp;<strong>jardins Rubi\u00f3 i Lluch<\/strong>, que formen part del conjunt patrimonial situat a l\u2019antic Hospital de la Santa Creu, i que en l\u2019actualitat pateixen un estat de&nbsp;<strong>deixadesa, brut\u00edcia i degradaci\u00f3&nbsp;<\/strong>evident.&nbsp;<\/p>\n\n\n\n<p>Aix\u00ed ho ha&nbsp;<a href=\"https:\/\/www.sindicaturabarcelona.cat\/wp-content\/uploads\/202603_Dret-espai-public_lestat-de-deixadesa-bruticia-i-degradacio-dels-jardins-de-Rubio-i-Lluch_25Q1229.pdf\" target=\"_blank\" rel=\"noreferrer noopener\">resolt<\/a>&nbsp;la defensoria despr\u00e9s d\u2019haver rebut&nbsp;una queixa sobre l\u2019abandonament d\u2019aquests jardins, d\u2019haver iniciat una investigaci\u00f3 i d\u2019haver visitat&nbsp;l\u2019empla\u00e7ament,&nbsp;constatant&nbsp;que&nbsp;<strong>l\u2019estat de conservaci\u00f3<\/strong>&nbsp;de l\u2019espai presenta&nbsp;<strong>defici\u00e8ncies significatives<\/strong>.&nbsp;<\/p>\n\n\n\n<p>Si b\u00e9 la Sindicatura&nbsp;considera que l\u2019actuaci\u00f3 del Districte de Ciutat Vella s\u2019est\u00e0 orientant en la direcci\u00f3 adequada en les seves intervencions per gestionar un espai amb una elevada complexitat social, considera que cal anar m\u00e9s enll\u00e0.&nbsp;Per aix\u00f2,&nbsp;proposa a l\u2019administraci\u00f3 que es&nbsp;<strong>reforcin les actuacions de salubritat i manteniment<\/strong>&nbsp;ordinari dels jardins, intensificant-hi les tasques de neteja, desinfecci\u00f3 i cura general de l\u2019espai per assegurar-hi unes condicions \u00f2ptimes d\u2019\u00fas i conviv\u00e8ncia.&nbsp;<\/p>\n\n\n\n<p>Aix\u00ed mateix, proposa l\u2019impuls d\u2019un&nbsp;<strong>programa espec\u00edfic de conservaci\u00f3 preventiva<\/strong>&nbsp;del recinte patrimonial per garantir la preservaci\u00f3 adequada dels seus elements arquitect\u00f2nics, amb la finalitat d\u2019evitar l\u2019aparici\u00f3 de patologies&nbsp;m\u00e9s&nbsp;greus.&nbsp;<\/p>\n\n\n\n<p>Per \u00faltim, insta el Districte a&nbsp;<strong>enfortir la intervenci\u00f3 social<\/strong>&nbsp;mitjan\u00e7ant una acci\u00f3 coordinada dels serveis socials municipals, amb l\u2019objectiu de garantir una atenci\u00f3 adequada a les persones en situaci\u00f3 de&nbsp;sensellarisme&nbsp;i de minimitzar l\u2019impacte que aquests&nbsp;fets&nbsp;poden tenir sobre la gesti\u00f3 i la conservaci\u00f3 del conjunt patrimonial.&nbsp;<\/p>\n\n\n\n<h2 class=\"wp-block-heading\"><strong>Una catalogaci\u00f3 que imposa la conservaci\u00f3<\/strong>&nbsp;<\/h2>\n\n\n\n<p>Aquests jardins, avui dia envoltats d\u2019institucions culturals com la Biblioteca de Catalunya o l\u2019Institut d\u2019Estudis Catalans, formen part d\u2019un&nbsp;<strong>conjunt declarat b\u00e9 cultural d\u2019inter\u00e8s nacional (BCIN)<\/strong>, condici\u00f3 que imposa un deure estricte i prioritari de conservaci\u00f3 per part dels propietaris o b\u00e9 dels titulars de drets d\u2019\u00fas, en aquest cas l\u2019Ajuntament de Barcelona.&nbsp;<\/p>\n\n\n\n<p>En general,\u00a0la\u00a0Sindicatura constata que la gesti\u00f3 municipal est\u00e0\u00a0ben\u00a0orientada\u00a0per\u00a0garantir la salubritat i la higiene de l\u2019espai, amb una planificaci\u00f3 que combina\u00a0recursos diaris i setmanals, aix\u00ed com diferents tipus d\u2019intervenci\u00f3, per assegurar una\u00a0cobertura equilibrada del manteniment. <\/p>\n\n\n\n<p>Tanmateix,\u00a0<strong>aquesta planificaci\u00f3 no assoleix plenament els resultats\u00a0esperats<\/strong>, motiu pel qual\u00a0la\u00a0defensoria\u00a0formula\u00a0diverses recomanacions\u00a0al Districte\u00a0en el sentit de refor\u00e7ar la neteja i el manteniment dels jardins,\u00a0garantir la conservaci\u00f3 del patrimoni\u00a0i assegurar unes condicions \u00f2ptimes d\u2019\u00fas i conviv\u00e8ncia en aquest espai.\u00a0<\/p>\n","protected":false},"excerpt":{"rendered":"<p>La defensoria recomana al Districte de Ciutat Vella\u00a0impulsar\u00a0un programa espec\u00edfic\u00a0de conservaci\u00f3\u00a0del recinte patrimonial i enfortir la intervenci\u00f3 social per atendre les persones en situaci\u00f3 de\u00a0sensellarisme<\/p>\n","protected":false},"author":7,"featured_media":42395,"comment_status":"closed","ping_status":"closed","sticky":false,"template":"","format":"standard","meta":{"_acf_changed":false,"footnotes":""},"tags":[],"drets":[1456,1438,1449,1446],"class_list":["post-42394","post","type-post","status-publish","format-standard","has-post-thumbnail","hentry","drets-dret-a-una-bona-administracio","drets-ciutat-habitable-i-sostenible","drets-dret-a-una-convivencia-pacifica","drets-dret-a-lespai-public"],"acf":[],"yoast_head":"<!-- This site is optimized with the Yoast SEO plugin v27.5 - https:\/\/yoast.com\/product\/yoast-seo-wordpress\/ -->\n<title>La Sindicatura\u00a0insta l\u2019Ajuntament a refor\u00e7ar la neteja i\u00a0el\u00a0manteniment dels jardins Rubi\u00f3 i Lluch\u00a0 - Sindicatura de Greuges de Barcelona<\/title>\n<meta name=\"description\" content=\"La defensoria recomana al Districte de Ciutat Vella\u00a0impulsar\u00a0un programa espec\u00edfic\u00a0de conservaci\u00f3\u00a0del recinte patrimonial\" \/>\n<meta name=\"robots\" content=\"index, follow, max-snippet:-1, max-image-preview:large, max-video-preview:-1\" \/>\n<link rel=\"canonical\" href=\"https:\/\/www.sindicaturabarcelona.cat\/ca\/jardins-rubio-lluch-sindicatura-greuges-barcelona\/\" \/>\n<meta property=\"og:locale\" content=\"ca_ES\" \/>\n<meta property=\"og:type\" content=\"article\" \/>\n<meta property=\"og:title\" content=\"La Sindicatura\u00a0insta l\u2019Ajuntament a refor\u00e7ar la neteja i\u00a0el\u00a0manteniment dels jardins Rubi\u00f3 i Lluch\u00a0 - Sindicatura de Greuges de Barcelona\" \/>\n<meta property=\"og:description\" content=\"La defensoria recomana al Districte de Ciutat Vella\u00a0impulsar\u00a0un programa espec\u00edfic\u00a0de conservaci\u00f3\u00a0del recinte patrimonial\" \/>\n<meta property=\"og:url\" content=\"https:\/\/www.sindicaturabarcelona.cat\/ca\/jardins-rubio-lluch-sindicatura-greuges-barcelona\/\" \/>\n<meta property=\"og:site_name\" content=\"Sindicatura de Greuges de Barcelona\" \/>\n<meta property=\"article:published_time\" content=\"2026-04-16T06:00:00+00:00\" \/>\n<meta property=\"og:image\" content=\"https:\/\/www.sindicaturabarcelona.cat\/wp-content\/uploads\/Font_dels_Jardins_de_Rubio_i_Lluch_45883176505.jpg\" \/>\n\t<meta property=\"og:image:width\" content=\"1920\" \/>\n\t<meta property=\"og:image:height\" content=\"1440\" \/>\n\t<meta property=\"og:image:type\" content=\"image\/jpeg\" \/>\n<meta name=\"author\" content=\"Carme Rocamora\" \/>\n<meta name=\"twitter:card\" content=\"summary_large_image\" \/>\n<meta name=\"twitter:creator\" content=\"@sindicbarcelona\" \/>\n<meta name=\"twitter:site\" content=\"@sindicbarcelona\" \/>\n<meta name=\"twitter:label1\" content=\"Escrit per\" \/>\n\t<meta name=\"twitter:data1\" content=\"Carme Rocamora\" \/>\n\t<meta name=\"twitter:label2\" content=\"Temps estimat de lectura\" \/>\n\t<meta name=\"twitter:data2\" content=\"3 minuts\" \/>\n<script type=\"application\/ld+json\" class=\"yoast-schema-graph\">{\"@context\":\"https:\\\/\\\/schema.org\",\"@graph\":[{\"@type\":\"Article\",\"@id\":\"https:\\\/\\\/www.sindicaturabarcelona.cat\\\/ca\\\/jardins-rubio-lluch-sindicatura-greuges-barcelona\\\/#article\",\"isPartOf\":{\"@id\":\"https:\\\/\\\/www.sindicaturabarcelona.cat\\\/ca\\\/jardins-rubio-lluch-sindicatura-greuges-barcelona\\\/\"},\"author\":{\"name\":\"Carme Rocamora\",\"@id\":\"https:\\\/\\\/www.sindicaturabarcelona.cat\\\/ca\\\/#\\\/schema\\\/person\\\/0690b05fdcbf9e43b34103e845240789\"},\"headline\":\"La Sindicatura\u00a0insta l\u2019Ajuntament a refor\u00e7ar la neteja i\u00a0el\u00a0manteniment dels jardins Rubi\u00f3 i Lluch\u00a0\",\"datePublished\":\"2026-04-16T06:00:00+00:00\",\"mainEntityOfPage\":{\"@id\":\"https:\\\/\\\/www.sindicaturabarcelona.cat\\\/ca\\\/jardins-rubio-lluch-sindicatura-greuges-barcelona\\\/\"},\"wordCount\":568,\"publisher\":{\"@id\":\"https:\\\/\\\/www.sindicaturabarcelona.cat\\\/ca\\\/#organization\"},\"image\":{\"@id\":\"https:\\\/\\\/www.sindicaturabarcelona.cat\\\/ca\\\/jardins-rubio-lluch-sindicatura-greuges-barcelona\\\/#primaryimage\"},\"thumbnailUrl\":\"https:\\\/\\\/www.sindicaturabarcelona.cat\\\/wp-content\\\/uploads\\\/Font_dels_Jardins_de_Rubio_i_Lluch_45883176505.jpg\",\"inLanguage\":\"ca\"},{\"@type\":\"WebPage\",\"@id\":\"https:\\\/\\\/www.sindicaturabarcelona.cat\\\/ca\\\/jardins-rubio-lluch-sindicatura-greuges-barcelona\\\/\",\"url\":\"https:\\\/\\\/www.sindicaturabarcelona.cat\\\/ca\\\/jardins-rubio-lluch-sindicatura-greuges-barcelona\\\/\",\"name\":\"La Sindicatura\u00a0insta l\u2019Ajuntament a refor\u00e7ar la neteja i\u00a0el\u00a0manteniment dels jardins Rubi\u00f3 i Lluch\u00a0 - Sindicatura de Greuges de Barcelona\",\"isPartOf\":{\"@id\":\"https:\\\/\\\/www.sindicaturabarcelona.cat\\\/ca\\\/#website\"},\"primaryImageOfPage\":{\"@id\":\"https:\\\/\\\/www.sindicaturabarcelona.cat\\\/ca\\\/jardins-rubio-lluch-sindicatura-greuges-barcelona\\\/#primaryimage\"},\"image\":{\"@id\":\"https:\\\/\\\/www.sindicaturabarcelona.cat\\\/ca\\\/jardins-rubio-lluch-sindicatura-greuges-barcelona\\\/#primaryimage\"},\"thumbnailUrl\":\"https:\\\/\\\/www.sindicaturabarcelona.cat\\\/wp-content\\\/uploads\\\/Font_dels_Jardins_de_Rubio_i_Lluch_45883176505.jpg\",\"datePublished\":\"2026-04-16T06:00:00+00:00\",\"description\":\"La defensoria recomana al Districte de Ciutat Vella\u00a0impulsar\u00a0un programa espec\u00edfic\u00a0de conservaci\u00f3\u00a0del recinte patrimonial\",\"breadcrumb\":{\"@id\":\"https:\\\/\\\/www.sindicaturabarcelona.cat\\\/ca\\\/jardins-rubio-lluch-sindicatura-greuges-barcelona\\\/#breadcrumb\"},\"inLanguage\":\"ca\",\"potentialAction\":[{\"@type\":\"ReadAction\",\"target\":[\"https:\\\/\\\/www.sindicaturabarcelona.cat\\\/ca\\\/jardins-rubio-lluch-sindicatura-greuges-barcelona\\\/\"]}]},{\"@type\":\"ImageObject\",\"inLanguage\":\"ca\",\"@id\":\"https:\\\/\\\/www.sindicaturabarcelona.cat\\\/ca\\\/jardins-rubio-lluch-sindicatura-greuges-barcelona\\\/#primaryimage\",\"url\":\"https:\\\/\\\/www.sindicaturabarcelona.cat\\\/wp-content\\\/uploads\\\/Font_dels_Jardins_de_Rubio_i_Lluch_45883176505.jpg\",\"contentUrl\":\"https:\\\/\\\/www.sindicaturabarcelona.cat\\\/wp-content\\\/uploads\\\/Font_dels_Jardins_de_Rubio_i_Lluch_45883176505.jpg\",\"width\":1920,\"height\":1440},{\"@type\":\"BreadcrumbList\",\"@id\":\"https:\\\/\\\/www.sindicaturabarcelona.cat\\\/ca\\\/jardins-rubio-lluch-sindicatura-greuges-barcelona\\\/#breadcrumb\",\"itemListElement\":[{\"@type\":\"ListItem\",\"position\":1,\"name\":\"Inici\",\"item\":\"https:\\\/\\\/www.sindicaturabarcelona.cat\\\/ca\\\/\"},{\"@type\":\"ListItem\",\"position\":2,\"name\":\"La Sindicatura\u00a0insta l\u2019Ajuntament a refor\u00e7ar la neteja i\u00a0el\u00a0manteniment dels jardins Rubi\u00f3 i Lluch\u00a0\"}]},{\"@type\":\"WebSite\",\"@id\":\"https:\\\/\\\/www.sindicaturabarcelona.cat\\\/ca\\\/#website\",\"url\":\"https:\\\/\\\/www.sindicaturabarcelona.cat\\\/ca\\\/\",\"name\":\"Sindicatura de Greuges de Barcelona\",\"description\":\"La defensoria dels teus drets\",\"publisher\":{\"@id\":\"https:\\\/\\\/www.sindicaturabarcelona.cat\\\/ca\\\/#organization\"},\"potentialAction\":[{\"@type\":\"SearchAction\",\"target\":{\"@type\":\"EntryPoint\",\"urlTemplate\":\"https:\\\/\\\/www.sindicaturabarcelona.cat\\\/ca\\\/?s={search_term_string}\"},\"query-input\":{\"@type\":\"PropertyValueSpecification\",\"valueRequired\":true,\"valueName\":\"search_term_string\"}}],\"inLanguage\":\"ca\"},{\"@type\":\"Organization\",\"@id\":\"https:\\\/\\\/www.sindicaturabarcelona.cat\\\/ca\\\/#organization\",\"name\":\"Sindicatura de Greuges de Barcelona\",\"url\":\"https:\\\/\\\/www.sindicaturabarcelona.cat\\\/ca\\\/\",\"logo\":{\"@type\":\"ImageObject\",\"inLanguage\":\"ca\",\"@id\":\"https:\\\/\\\/www.sindicaturabarcelona.cat\\\/ca\\\/#\\\/schema\\\/logo\\\/image\\\/\",\"url\":\"https:\\\/\\\/www.sindicaturabarcelona.cat\\\/wp-content\\\/uploads\\\/2023\\\/02\\\/logo_sindicatura.svg\",\"contentUrl\":\"https:\\\/\\\/www.sindicaturabarcelona.cat\\\/wp-content\\\/uploads\\\/2023\\\/02\\\/logo_sindicatura.svg\",\"caption\":\"Sindicatura de Greuges de Barcelona\"},\"image\":{\"@id\":\"https:\\\/\\\/www.sindicaturabarcelona.cat\\\/ca\\\/#\\\/schema\\\/logo\\\/image\\\/\"},\"sameAs\":[\"https:\\\/\\\/x.com\\\/sindicbarcelona\",\"https:\\\/\\\/www.instagram.com\\\/sindicbarcelona\\\/\",\"https:\\\/\\\/www.tiktok.com\\\/@sindicaturabcn\",\"https:\\\/\\\/t.me\\\/sindicaturabarcelona\"]},{\"@type\":\"Person\",\"@id\":\"https:\\\/\\\/www.sindicaturabarcelona.cat\\\/ca\\\/#\\\/schema\\\/person\\\/0690b05fdcbf9e43b34103e845240789\",\"name\":\"Carme Rocamora\",\"image\":{\"@type\":\"ImageObject\",\"inLanguage\":\"ca\",\"@id\":\"https:\\\/\\\/secure.gravatar.com\\\/avatar\\\/7d5e980ef632f555fa40f97d06e5c8ec4ec568974a95778749d6a6279aa1faef?s=96&d=mm&r=g\",\"url\":\"https:\\\/\\\/secure.gravatar.com\\\/avatar\\\/7d5e980ef632f555fa40f97d06e5c8ec4ec568974a95778749d6a6279aa1faef?s=96&d=mm&r=g\",\"contentUrl\":\"https:\\\/\\\/secure.gravatar.com\\\/avatar\\\/7d5e980ef632f555fa40f97d06e5c8ec4ec568974a95778749d6a6279aa1faef?s=96&d=mm&r=g\",\"caption\":\"Carme Rocamora\"},\"url\":\"https:\\\/\\\/www.sindicaturabarcelona.cat\\\/ca\\\/author\\\/crocamora\\\/\"}]}<\/script>\n<!-- \/ Yoast SEO plugin. -->","yoast_head_json":{"title":"La Sindicatura\u00a0insta l\u2019Ajuntament a refor\u00e7ar la neteja i\u00a0el\u00a0manteniment dels jardins Rubi\u00f3 i Lluch\u00a0 - Sindicatura de Greuges de Barcelona","description":"La defensoria recomana al Districte de Ciutat Vella\u00a0impulsar\u00a0un programa espec\u00edfic\u00a0de conservaci\u00f3\u00a0del recinte patrimonial","robots":{"index":"index","follow":"follow","max-snippet":"max-snippet:-1","max-image-preview":"max-image-preview:large","max-video-preview":"max-video-preview:-1"},"canonical":"https:\/\/www.sindicaturabarcelona.cat\/ca\/jardins-rubio-lluch-sindicatura-greuges-barcelona\/","og_locale":"ca_ES","og_type":"article","og_title":"La Sindicatura\u00a0insta l\u2019Ajuntament a refor\u00e7ar la neteja i\u00a0el\u00a0manteniment dels jardins Rubi\u00f3 i Lluch\u00a0 - Sindicatura de Greuges de Barcelona","og_description":"La defensoria recomana al Districte de Ciutat Vella\u00a0impulsar\u00a0un programa espec\u00edfic\u00a0de conservaci\u00f3\u00a0del recinte patrimonial","og_url":"https:\/\/www.sindicaturabarcelona.cat\/ca\/jardins-rubio-lluch-sindicatura-greuges-barcelona\/","og_site_name":"Sindicatura de Greuges de Barcelona","article_published_time":"2026-04-16T06:00:00+00:00","og_image":[{"width":1920,"height":1440,"url":"https:\/\/www.sindicaturabarcelona.cat\/wp-content\/uploads\/Font_dels_Jardins_de_Rubio_i_Lluch_45883176505.jpg","type":"image\/jpeg"}],"author":"Carme Rocamora","twitter_card":"summary_large_image","twitter_creator":"@sindicbarcelona","twitter_site":"@sindicbarcelona","twitter_misc":{"Escrit per":"Carme Rocamora","Temps estimat de lectura":"3 minuts"},"schema":{"@context":"https:\/\/schema.org","@graph":[{"@type":"Article","@id":"https:\/\/www.sindicaturabarcelona.cat\/ca\/jardins-rubio-lluch-sindicatura-greuges-barcelona\/#article","isPartOf":{"@id":"https:\/\/www.sindicaturabarcelona.cat\/ca\/jardins-rubio-lluch-sindicatura-greuges-barcelona\/"},"author":{"name":"Carme Rocamora","@id":"https:\/\/www.sindicaturabarcelona.cat\/ca\/#\/schema\/person\/0690b05fdcbf9e43b34103e845240789"},"headline":"La Sindicatura\u00a0insta l\u2019Ajuntament a refor\u00e7ar la neteja i\u00a0el\u00a0manteniment dels jardins Rubi\u00f3 i Lluch\u00a0","datePublished":"2026-04-16T06:00:00+00:00","mainEntityOfPage":{"@id":"https:\/\/www.sindicaturabarcelona.cat\/ca\/jardins-rubio-lluch-sindicatura-greuges-barcelona\/"},"wordCount":568,"publisher":{"@id":"https:\/\/www.sindicaturabarcelona.cat\/ca\/#organization"},"image":{"@id":"https:\/\/www.sindicaturabarcelona.cat\/ca\/jardins-rubio-lluch-sindicatura-greuges-barcelona\/#primaryimage"},"thumbnailUrl":"https:\/\/www.sindicaturabarcelona.cat\/wp-content\/uploads\/Font_dels_Jardins_de_Rubio_i_Lluch_45883176505.jpg","inLanguage":"ca"},{"@type":"WebPage","@id":"https:\/\/www.sindicaturabarcelona.cat\/ca\/jardins-rubio-lluch-sindicatura-greuges-barcelona\/","url":"https:\/\/www.sindicaturabarcelona.cat\/ca\/jardins-rubio-lluch-sindicatura-greuges-barcelona\/","name":"La Sindicatura\u00a0insta l\u2019Ajuntament a refor\u00e7ar la neteja i\u00a0el\u00a0manteniment dels jardins Rubi\u00f3 i Lluch\u00a0 - Sindicatura de Greuges de Barcelona","isPartOf":{"@id":"https:\/\/www.sindicaturabarcelona.cat\/ca\/#website"},"primaryImageOfPage":{"@id":"https:\/\/www.sindicaturabarcelona.cat\/ca\/jardins-rubio-lluch-sindicatura-greuges-barcelona\/#primaryimage"},"image":{"@id":"https:\/\/www.sindicaturabarcelona.cat\/ca\/jardins-rubio-lluch-sindicatura-greuges-barcelona\/#primaryimage"},"thumbnailUrl":"https:\/\/www.sindicaturabarcelona.cat\/wp-content\/uploads\/Font_dels_Jardins_de_Rubio_i_Lluch_45883176505.jpg","datePublished":"2026-04-16T06:00:00+00:00","description":"La defensoria recomana al Districte de Ciutat Vella\u00a0impulsar\u00a0un programa espec\u00edfic\u00a0de conservaci\u00f3\u00a0del recinte patrimonial","breadcrumb":{"@id":"https:\/\/www.sindicaturabarcelona.cat\/ca\/jardins-rubio-lluch-sindicatura-greuges-barcelona\/#breadcrumb"},"inLanguage":"ca","potentialAction":[{"@type":"ReadAction","target":["https:\/\/www.sindicaturabarcelona.cat\/ca\/jardins-rubio-lluch-sindicatura-greuges-barcelona\/"]}]},{"@type":"ImageObject","inLanguage":"ca","@id":"https:\/\/www.sindicaturabarcelona.cat\/ca\/jardins-rubio-lluch-sindicatura-greuges-barcelona\/#primaryimage","url":"https:\/\/www.sindicaturabarcelona.cat\/wp-content\/uploads\/Font_dels_Jardins_de_Rubio_i_Lluch_45883176505.jpg","contentUrl":"https:\/\/www.sindicaturabarcelona.cat\/wp-content\/uploads\/Font_dels_Jardins_de_Rubio_i_Lluch_45883176505.jpg","width":1920,"height":1440},{"@type":"BreadcrumbList","@id":"https:\/\/www.sindicaturabarcelona.cat\/ca\/jardins-rubio-lluch-sindicatura-greuges-barcelona\/#breadcrumb","itemListElement":[{"@type":"ListItem","position":1,"name":"Inici","item":"https:\/\/www.sindicaturabarcelona.cat\/ca\/"},{"@type":"ListItem","position":2,"name":"La Sindicatura\u00a0insta l\u2019Ajuntament a refor\u00e7ar la neteja i\u00a0el\u00a0manteniment dels jardins Rubi\u00f3 i Lluch\u00a0"}]},{"@type":"WebSite","@id":"https:\/\/www.sindicaturabarcelona.cat\/ca\/#website","url":"https:\/\/www.sindicaturabarcelona.cat\/ca\/","name":"Sindicatura de Greuges de Barcelona","description":"La defensoria dels teus drets","publisher":{"@id":"https:\/\/www.sindicaturabarcelona.cat\/ca\/#organization"},"potentialAction":[{"@type":"SearchAction","target":{"@type":"EntryPoint","urlTemplate":"https:\/\/www.sindicaturabarcelona.cat\/ca\/?s={search_term_string}"},"query-input":{"@type":"PropertyValueSpecification","valueRequired":true,"valueName":"search_term_string"}}],"inLanguage":"ca"},{"@type":"Organization","@id":"https:\/\/www.sindicaturabarcelona.cat\/ca\/#organization","name":"Sindicatura de Greuges de Barcelona","url":"https:\/\/www.sindicaturabarcelona.cat\/ca\/","logo":{"@type":"ImageObject","inLanguage":"ca","@id":"https:\/\/www.sindicaturabarcelona.cat\/ca\/#\/schema\/logo\/image\/","url":"https:\/\/www.sindicaturabarcelona.cat\/wp-content\/uploads\/2023\/02\/logo_sindicatura.svg","contentUrl":"https:\/\/www.sindicaturabarcelona.cat\/wp-content\/uploads\/2023\/02\/logo_sindicatura.svg","caption":"Sindicatura de Greuges de Barcelona"},"image":{"@id":"https:\/\/www.sindicaturabarcelona.cat\/ca\/#\/schema\/logo\/image\/"},"sameAs":["https:\/\/x.com\/sindicbarcelona","https:\/\/www.instagram.com\/sindicbarcelona\/","https:\/\/www.tiktok.com\/@sindicaturabcn","https:\/\/t.me\/sindicaturabarcelona"]},{"@type":"Person","@id":"https:\/\/www.sindicaturabarcelona.cat\/ca\/#\/schema\/person\/0690b05fdcbf9e43b34103e845240789","name":"Carme Rocamora","image":{"@type":"ImageObject","inLanguage":"ca","@id":"https:\/\/secure.gravatar.com\/avatar\/7d5e980ef632f555fa40f97d06e5c8ec4ec568974a95778749d6a6279aa1faef?s=96&d=mm&r=g","url":"https:\/\/secure.gravatar.com\/avatar\/7d5e980ef632f555fa40f97d06e5c8ec4ec568974a95778749d6a6279aa1faef?s=96&d=mm&r=g","contentUrl":"https:\/\/secure.gravatar.com\/avatar\/7d5e980ef632f555fa40f97d06e5c8ec4ec568974a95778749d6a6279aa1faef?s=96&d=mm&r=g","caption":"Carme Rocamora"},"url":"https:\/\/www.sindicaturabarcelona.cat\/ca\/author\/crocamora\/"}]}},"_links":{"self":[{"href":"https:\/\/www.sindicaturabarcelona.cat\/ca\/wp-json\/wp\/v2\/posts\/42394","targetHints":{"allow":["GET"]}}],"collection":[{"href":"https:\/\/www.sindicaturabarcelona.cat\/ca\/wp-json\/wp\/v2\/posts"}],"about":[{"href":"https:\/\/www.sindicaturabarcelona.cat\/ca\/wp-json\/wp\/v2\/types\/post"}],"author":[{"embeddable":true,"href":"https:\/\/www.sindicaturabarcelona.cat\/ca\/wp-json\/wp\/v2\/users\/7"}],"replies":[{"embeddable":true,"href":"https:\/\/www.sindicaturabarcelona.cat\/ca\/wp-json\/wp\/v2\/comments?post=42394"}],"version-history":[{"count":1,"href":"https:\/\/www.sindicaturabarcelona.cat\/ca\/wp-json\/wp\/v2\/posts\/42394\/revisions"}],"predecessor-version":[{"id":42398,"href":"https:\/\/www.sindicaturabarcelona.cat\/ca\/wp-json\/wp\/v2\/posts\/42394\/revisions\/42398"}],"wp:featuredmedia":[{"embeddable":true,"href":"https:\/\/www.sindicaturabarcelona.cat\/ca\/wp-json\/wp\/v2\/media\/42395"}],"wp:attachment":[{"href":"https:\/\/www.sindicaturabarcelona.cat\/ca\/wp-json\/wp\/v2\/media?parent=42394"}],"wp:term":[{"taxonomy":"post_tag","embeddable":true,"href":"https:\/\/www.sindicaturabarcelona.cat\/ca\/wp-json\/wp\/v2\/tags?post=42394"},{"taxonomy":"drets","embeddable":true,"href":"https:\/\/www.sindicaturabarcelona.cat\/ca\/wp-json\/wp\/v2\/drets?post=42394"}],"curies":[{"name":"wp","href":"https:\/\/api.w.org\/{rel}","templated":true}]}}