{"id":42269,"date":"2026-04-14T07:25:30","date_gmt":"2026-04-14T05:25:30","guid":{"rendered":"https:\/\/www.sindicaturabarcelona.cat\/?p=42269"},"modified":"2026-04-14T15:49:33","modified_gmt":"2026-04-14T13:49:33","slug":"sindicatura-greuges-barcelona-amsterdam-drets-digitals","status":"publish","type":"post","link":"https:\/\/www.sindicaturabarcelona.cat\/ca\/sindicatura-greuges-barcelona-amsterdam-drets-digitals\/","title":{"rendered":"La Sindicatura refor\u00e7a la seva projecci\u00f3 internacional participant en una jornada sobre drets digitals a Amsterdam"},"content":{"rendered":"\n<h2 class=\"wp-block-heading\">La trobada reuneix una setantena d\u2019institucions per avan\u00e7ar en uns principis comuns de dignitat i equitat digitals<br><\/h2>\n\n\n\n<p>La Sindicatura de Greuges de Barcelona ha estat present entre el 10 i el 14 d\u2019abril als Pa\u00efsos Baixos per refor\u00e7ar els vincles amb defensories d\u2019arreu del m\u00f3n i per participar en una trobada internacional centrada en el <strong>paper de les institucions de defensa de la ciutadania en l\u2019era digital<\/strong>.\u00a0<\/p>\n\n\n\n<p>La sessi\u00f3 de treball, celebrada a Amsterdam, ha reunit una setantena d\u2019oficines de sindicatures d\u2019arreu del m\u00f3n, que hi han participat tan presencialment com en l\u00ednia. En la trobada, s\u2019ha posat sobre la taula la necessitat d\u2019afrontar de manera col\u00b7lectiva els reptes que planteja la digitalitzaci\u00f3 en l\u2019\u00e0mbit dels drets de la ciutadania. Concretament, s\u2019ha treballat en la definici\u00f3 d\u2019un marc compartit \u2014anomenat <strong><em><a href=\"https:\/\/www.ombudsmanmetropool.nl\/nl\/actueel\/ombudsman-launches-draft-version-ombudsman-principles-digital-dignity-and-fairness\">Principis de l\u2019Ombdusman per a la dignitat i l\u2019equitat digitals<\/a><\/em><\/strong> <em>(Principis d\u2019Amsterdam)<\/em>\u2014 orientat a garantir que l\u2019\u00fas de les tecnologies respecti els drets fonamentals i eviti situacions de vulnerabilitat o desprotecci\u00f3.<\/p>\n\n\n\n<p>Conjuntament, s\u2019ha coincidit que \u00e9s necessari avan\u00e7ar cap a una mirada m\u00e9s proactiva per part de les defensories, capa\u00e7 no nom\u00e9s de respondre a les queixes derivades de l\u2019\u00fas de sistemes digitals \u2014com ara errors en algoritmes o respostes automatitzades inadequades\u2014 sin\u00f3 tamb\u00e9 d\u2019anticipar riscos i contribuir a una <strong>governan\u00e7a tecnol\u00f2gica m\u00e9s justa <\/strong>i centrada en les persones.<\/p>\n\n\n\n<p>En el marc aquesta visita, el cap de gabinet de la Sindicatura, Oriol Puig, ha mantingut tamb\u00e9 reunions amb l\u2019ombudsperson d\u2019Amsterdam, Munish Ramlal; amb l\u2019ombudsperson de Rotterdam-Rijnmond, Marianne van den Anker; i amb l&#8217;ombudsperson municipal de la Haia, Carina van Eck, aix\u00ed com amb altres representants institucionals dels Pa\u00efsos Baixos.&nbsp;<\/p>\n\n\n\n<p>Des de la Sindicatura, es treballa amb el convenciment que \u00e9s necessari enfortir aquestes <strong>aliances internacionals<\/strong> per compartir coneixement i avan\u00e7ar en la protecci\u00f3 dels drets en un context globalitzat i digitalitzat.<\/p>\n\n\n\n<p>La participaci\u00f3 de la Sindicatura de Greuges de Barcelona en aquests espais refor\u00e7a el seu comprom\u00eds amb la defensa dels drets de la ciutadania tamb\u00e9 en l\u2019entorn digital, aix\u00ed com amb la construcci\u00f3 de <strong>marcs comuns que situ\u00efn la dignitat humana al centre de les pol\u00edtiques p\u00fabliques<\/strong>.<\/p>\n","protected":false},"excerpt":{"rendered":"<p>La trobada reuneix una setantena d\u2019institucions per avan\u00e7ar en uns principis comuns de dignitat i equitat digitals La Sindicatura de Greuges de Barcelona ha estat present entre el 10 i [&hellip;]<\/p>\n","protected":false},"author":7,"featured_media":42270,"comment_status":"closed","ping_status":"closed","sticky":false,"template":"","format":"standard","meta":{"_acf_changed":false,"footnotes":""},"tags":[1714],"drets":[],"class_list":["post-42269","post","type-post","status-publish","format-standard","has-post-thumbnail","hentry","tag-amsterdam"],"acf":[],"yoast_head":"<!-- This site is optimized with the Yoast SEO plugin v27.5 - https:\/\/yoast.com\/product\/yoast-seo-wordpress\/ -->\n<title>La Sindicatura refor\u00e7a la seva projecci\u00f3 internacional participant en una jornada sobre drets digitals a Amsterdam - Sindicatura de Greuges de Barcelona<\/title>\n<meta name=\"description\" content=\"La trobada reuneix una setantena d\u2019institucions per avan\u00e7ar en uns principis comuns de dignitat i equitat digitals\" \/>\n<meta name=\"robots\" content=\"index, follow, max-snippet:-1, max-image-preview:large, max-video-preview:-1\" \/>\n<link rel=\"canonical\" href=\"https:\/\/www.sindicaturabarcelona.cat\/ca\/sindicatura-greuges-barcelona-amsterdam-drets-digitals\/\" \/>\n<meta property=\"og:locale\" content=\"ca_ES\" \/>\n<meta property=\"og:type\" content=\"article\" \/>\n<meta property=\"og:title\" content=\"La Sindicatura refor\u00e7a la seva projecci\u00f3 internacional participant en una jornada sobre drets digitals a Amsterdam - Sindicatura de Greuges de Barcelona\" \/>\n<meta property=\"og:description\" content=\"La trobada reuneix una setantena d\u2019institucions per avan\u00e7ar en uns principis comuns de dignitat i equitat digitals\" \/>\n<meta property=\"og:url\" content=\"https:\/\/www.sindicaturabarcelona.cat\/ca\/sindicatura-greuges-barcelona-amsterdam-drets-digitals\/\" \/>\n<meta property=\"og:site_name\" content=\"Sindicatura de Greuges de Barcelona\" \/>\n<meta property=\"article:published_time\" content=\"2026-04-14T05:25:30+00:00\" \/>\n<meta property=\"article:modified_time\" content=\"2026-04-14T13:49:33+00:00\" \/>\n<meta property=\"og:image\" content=\"https:\/\/www.sindicaturabarcelona.cat\/wp-content\/uploads\/image006.jpg\" \/>\n\t<meta property=\"og:image:width\" content=\"2016\" \/>\n\t<meta property=\"og:image:height\" content=\"1512\" \/>\n\t<meta property=\"og:image:type\" content=\"image\/jpeg\" \/>\n<meta name=\"author\" content=\"Carme Rocamora\" \/>\n<meta name=\"twitter:card\" content=\"summary_large_image\" \/>\n<meta name=\"twitter:creator\" content=\"@sindicbarcelona\" \/>\n<meta name=\"twitter:site\" content=\"@sindicbarcelona\" \/>\n<meta name=\"twitter:label1\" content=\"Escrit per\" \/>\n\t<meta name=\"twitter:data1\" content=\"Carme Rocamora\" \/>\n\t<meta name=\"twitter:label2\" content=\"Temps estimat de lectura\" \/>\n\t<meta name=\"twitter:data2\" content=\"3 minuts\" \/>\n<script type=\"application\/ld+json\" class=\"yoast-schema-graph\">{\"@context\":\"https:\\\/\\\/schema.org\",\"@graph\":[{\"@type\":\"Article\",\"@id\":\"https:\\\/\\\/www.sindicaturabarcelona.cat\\\/ca\\\/sindicatura-greuges-barcelona-amsterdam-drets-digitals\\\/#article\",\"isPartOf\":{\"@id\":\"https:\\\/\\\/www.sindicaturabarcelona.cat\\\/ca\\\/sindicatura-greuges-barcelona-amsterdam-drets-digitals\\\/\"},\"author\":{\"name\":\"Carme Rocamora\",\"@id\":\"https:\\\/\\\/www.sindicaturabarcelona.cat\\\/ca\\\/#\\\/schema\\\/person\\\/0690b05fdcbf9e43b34103e845240789\"},\"headline\":\"La Sindicatura refor\u00e7a la seva projecci\u00f3 internacional participant en una jornada sobre drets digitals a Amsterdam\",\"datePublished\":\"2026-04-14T05:25:30+00:00\",\"dateModified\":\"2026-04-14T13:49:33+00:00\",\"mainEntityOfPage\":{\"@id\":\"https:\\\/\\\/www.sindicaturabarcelona.cat\\\/ca\\\/sindicatura-greuges-barcelona-amsterdam-drets-digitals\\\/\"},\"wordCount\":407,\"publisher\":{\"@id\":\"https:\\\/\\\/www.sindicaturabarcelona.cat\\\/ca\\\/#organization\"},\"image\":{\"@id\":\"https:\\\/\\\/www.sindicaturabarcelona.cat\\\/ca\\\/sindicatura-greuges-barcelona-amsterdam-drets-digitals\\\/#primaryimage\"},\"thumbnailUrl\":\"https:\\\/\\\/www.sindicaturabarcelona.cat\\\/wp-content\\\/uploads\\\/image006.jpg\",\"keywords\":[\"Amsterdam\"],\"inLanguage\":\"ca\"},{\"@type\":\"WebPage\",\"@id\":\"https:\\\/\\\/www.sindicaturabarcelona.cat\\\/ca\\\/sindicatura-greuges-barcelona-amsterdam-drets-digitals\\\/\",\"url\":\"https:\\\/\\\/www.sindicaturabarcelona.cat\\\/ca\\\/sindicatura-greuges-barcelona-amsterdam-drets-digitals\\\/\",\"name\":\"La Sindicatura refor\u00e7a la seva projecci\u00f3 internacional participant en una jornada sobre drets digitals a Amsterdam - Sindicatura de Greuges de Barcelona\",\"isPartOf\":{\"@id\":\"https:\\\/\\\/www.sindicaturabarcelona.cat\\\/ca\\\/#website\"},\"primaryImageOfPage\":{\"@id\":\"https:\\\/\\\/www.sindicaturabarcelona.cat\\\/ca\\\/sindicatura-greuges-barcelona-amsterdam-drets-digitals\\\/#primaryimage\"},\"image\":{\"@id\":\"https:\\\/\\\/www.sindicaturabarcelona.cat\\\/ca\\\/sindicatura-greuges-barcelona-amsterdam-drets-digitals\\\/#primaryimage\"},\"thumbnailUrl\":\"https:\\\/\\\/www.sindicaturabarcelona.cat\\\/wp-content\\\/uploads\\\/image006.jpg\",\"datePublished\":\"2026-04-14T05:25:30+00:00\",\"dateModified\":\"2026-04-14T13:49:33+00:00\",\"description\":\"La trobada reuneix una setantena d\u2019institucions per avan\u00e7ar en uns principis comuns de dignitat i equitat digitals\",\"breadcrumb\":{\"@id\":\"https:\\\/\\\/www.sindicaturabarcelona.cat\\\/ca\\\/sindicatura-greuges-barcelona-amsterdam-drets-digitals\\\/#breadcrumb\"},\"inLanguage\":\"ca\",\"potentialAction\":[{\"@type\":\"ReadAction\",\"target\":[\"https:\\\/\\\/www.sindicaturabarcelona.cat\\\/ca\\\/sindicatura-greuges-barcelona-amsterdam-drets-digitals\\\/\"]}]},{\"@type\":\"ImageObject\",\"inLanguage\":\"ca\",\"@id\":\"https:\\\/\\\/www.sindicaturabarcelona.cat\\\/ca\\\/sindicatura-greuges-barcelona-amsterdam-drets-digitals\\\/#primaryimage\",\"url\":\"https:\\\/\\\/www.sindicaturabarcelona.cat\\\/wp-content\\\/uploads\\\/image006.jpg\",\"contentUrl\":\"https:\\\/\\\/www.sindicaturabarcelona.cat\\\/wp-content\\\/uploads\\\/image006.jpg\",\"width\":2016,\"height\":1512,\"caption\":\"Oriol Puig, cap de gabinet de la Sindicatura, durant la intervenci\u00f3\"},{\"@type\":\"BreadcrumbList\",\"@id\":\"https:\\\/\\\/www.sindicaturabarcelona.cat\\\/ca\\\/sindicatura-greuges-barcelona-amsterdam-drets-digitals\\\/#breadcrumb\",\"itemListElement\":[{\"@type\":\"ListItem\",\"position\":1,\"name\":\"Inici\",\"item\":\"https:\\\/\\\/www.sindicaturabarcelona.cat\\\/ca\\\/\"},{\"@type\":\"ListItem\",\"position\":2,\"name\":\"La Sindicatura refor\u00e7a la seva projecci\u00f3 internacional participant en una jornada sobre drets digitals a Amsterdam\"}]},{\"@type\":\"WebSite\",\"@id\":\"https:\\\/\\\/www.sindicaturabarcelona.cat\\\/ca\\\/#website\",\"url\":\"https:\\\/\\\/www.sindicaturabarcelona.cat\\\/ca\\\/\",\"name\":\"Sindicatura de Greuges de Barcelona\",\"description\":\"La defensoria dels teus drets\",\"publisher\":{\"@id\":\"https:\\\/\\\/www.sindicaturabarcelona.cat\\\/ca\\\/#organization\"},\"potentialAction\":[{\"@type\":\"SearchAction\",\"target\":{\"@type\":\"EntryPoint\",\"urlTemplate\":\"https:\\\/\\\/www.sindicaturabarcelona.cat\\\/ca\\\/?s={search_term_string}\"},\"query-input\":{\"@type\":\"PropertyValueSpecification\",\"valueRequired\":true,\"valueName\":\"search_term_string\"}}],\"inLanguage\":\"ca\"},{\"@type\":\"Organization\",\"@id\":\"https:\\\/\\\/www.sindicaturabarcelona.cat\\\/ca\\\/#organization\",\"name\":\"Sindicatura de Greuges de Barcelona\",\"url\":\"https:\\\/\\\/www.sindicaturabarcelona.cat\\\/ca\\\/\",\"logo\":{\"@type\":\"ImageObject\",\"inLanguage\":\"ca\",\"@id\":\"https:\\\/\\\/www.sindicaturabarcelona.cat\\\/ca\\\/#\\\/schema\\\/logo\\\/image\\\/\",\"url\":\"https:\\\/\\\/www.sindicaturabarcelona.cat\\\/wp-content\\\/uploads\\\/2023\\\/02\\\/logo_sindicatura.svg\",\"contentUrl\":\"https:\\\/\\\/www.sindicaturabarcelona.cat\\\/wp-content\\\/uploads\\\/2023\\\/02\\\/logo_sindicatura.svg\",\"caption\":\"Sindicatura de Greuges de Barcelona\"},\"image\":{\"@id\":\"https:\\\/\\\/www.sindicaturabarcelona.cat\\\/ca\\\/#\\\/schema\\\/logo\\\/image\\\/\"},\"sameAs\":[\"https:\\\/\\\/x.com\\\/sindicbarcelona\",\"https:\\\/\\\/www.instagram.com\\\/sindicbarcelona\\\/\",\"https:\\\/\\\/www.tiktok.com\\\/@sindicaturabcn\",\"https:\\\/\\\/t.me\\\/sindicaturabarcelona\"]},{\"@type\":\"Person\",\"@id\":\"https:\\\/\\\/www.sindicaturabarcelona.cat\\\/ca\\\/#\\\/schema\\\/person\\\/0690b05fdcbf9e43b34103e845240789\",\"name\":\"Carme Rocamora\",\"image\":{\"@type\":\"ImageObject\",\"inLanguage\":\"ca\",\"@id\":\"https:\\\/\\\/secure.gravatar.com\\\/avatar\\\/7d5e980ef632f555fa40f97d06e5c8ec4ec568974a95778749d6a6279aa1faef?s=96&d=mm&r=g\",\"url\":\"https:\\\/\\\/secure.gravatar.com\\\/avatar\\\/7d5e980ef632f555fa40f97d06e5c8ec4ec568974a95778749d6a6279aa1faef?s=96&d=mm&r=g\",\"contentUrl\":\"https:\\\/\\\/secure.gravatar.com\\\/avatar\\\/7d5e980ef632f555fa40f97d06e5c8ec4ec568974a95778749d6a6279aa1faef?s=96&d=mm&r=g\",\"caption\":\"Carme Rocamora\"},\"url\":\"https:\\\/\\\/www.sindicaturabarcelona.cat\\\/ca\\\/author\\\/crocamora\\\/\"}]}<\/script>\n<!-- \/ Yoast SEO plugin. -->","yoast_head_json":{"title":"La Sindicatura refor\u00e7a la seva projecci\u00f3 internacional participant en una jornada sobre drets digitals a Amsterdam - Sindicatura de Greuges de Barcelona","description":"La trobada reuneix una setantena d\u2019institucions per avan\u00e7ar en uns principis comuns de dignitat i equitat digitals","robots":{"index":"index","follow":"follow","max-snippet":"max-snippet:-1","max-image-preview":"max-image-preview:large","max-video-preview":"max-video-preview:-1"},"canonical":"https:\/\/www.sindicaturabarcelona.cat\/ca\/sindicatura-greuges-barcelona-amsterdam-drets-digitals\/","og_locale":"ca_ES","og_type":"article","og_title":"La Sindicatura refor\u00e7a la seva projecci\u00f3 internacional participant en una jornada sobre drets digitals a Amsterdam - Sindicatura de Greuges de Barcelona","og_description":"La trobada reuneix una setantena d\u2019institucions per avan\u00e7ar en uns principis comuns de dignitat i equitat digitals","og_url":"https:\/\/www.sindicaturabarcelona.cat\/ca\/sindicatura-greuges-barcelona-amsterdam-drets-digitals\/","og_site_name":"Sindicatura de Greuges de Barcelona","article_published_time":"2026-04-14T05:25:30+00:00","article_modified_time":"2026-04-14T13:49:33+00:00","og_image":[{"width":2016,"height":1512,"url":"https:\/\/www.sindicaturabarcelona.cat\/wp-content\/uploads\/image006.jpg","type":"image\/jpeg"}],"author":"Carme Rocamora","twitter_card":"summary_large_image","twitter_creator":"@sindicbarcelona","twitter_site":"@sindicbarcelona","twitter_misc":{"Escrit per":"Carme Rocamora","Temps estimat de lectura":"3 minuts"},"schema":{"@context":"https:\/\/schema.org","@graph":[{"@type":"Article","@id":"https:\/\/www.sindicaturabarcelona.cat\/ca\/sindicatura-greuges-barcelona-amsterdam-drets-digitals\/#article","isPartOf":{"@id":"https:\/\/www.sindicaturabarcelona.cat\/ca\/sindicatura-greuges-barcelona-amsterdam-drets-digitals\/"},"author":{"name":"Carme Rocamora","@id":"https:\/\/www.sindicaturabarcelona.cat\/ca\/#\/schema\/person\/0690b05fdcbf9e43b34103e845240789"},"headline":"La Sindicatura refor\u00e7a la seva projecci\u00f3 internacional participant en una jornada sobre drets digitals a Amsterdam","datePublished":"2026-04-14T05:25:30+00:00","dateModified":"2026-04-14T13:49:33+00:00","mainEntityOfPage":{"@id":"https:\/\/www.sindicaturabarcelona.cat\/ca\/sindicatura-greuges-barcelona-amsterdam-drets-digitals\/"},"wordCount":407,"publisher":{"@id":"https:\/\/www.sindicaturabarcelona.cat\/ca\/#organization"},"image":{"@id":"https:\/\/www.sindicaturabarcelona.cat\/ca\/sindicatura-greuges-barcelona-amsterdam-drets-digitals\/#primaryimage"},"thumbnailUrl":"https:\/\/www.sindicaturabarcelona.cat\/wp-content\/uploads\/image006.jpg","keywords":["Amsterdam"],"inLanguage":"ca"},{"@type":"WebPage","@id":"https:\/\/www.sindicaturabarcelona.cat\/ca\/sindicatura-greuges-barcelona-amsterdam-drets-digitals\/","url":"https:\/\/www.sindicaturabarcelona.cat\/ca\/sindicatura-greuges-barcelona-amsterdam-drets-digitals\/","name":"La Sindicatura refor\u00e7a la seva projecci\u00f3 internacional participant en una jornada sobre drets digitals a Amsterdam - Sindicatura de Greuges de Barcelona","isPartOf":{"@id":"https:\/\/www.sindicaturabarcelona.cat\/ca\/#website"},"primaryImageOfPage":{"@id":"https:\/\/www.sindicaturabarcelona.cat\/ca\/sindicatura-greuges-barcelona-amsterdam-drets-digitals\/#primaryimage"},"image":{"@id":"https:\/\/www.sindicaturabarcelona.cat\/ca\/sindicatura-greuges-barcelona-amsterdam-drets-digitals\/#primaryimage"},"thumbnailUrl":"https:\/\/www.sindicaturabarcelona.cat\/wp-content\/uploads\/image006.jpg","datePublished":"2026-04-14T05:25:30+00:00","dateModified":"2026-04-14T13:49:33+00:00","description":"La trobada reuneix una setantena d\u2019institucions per avan\u00e7ar en uns principis comuns de dignitat i equitat digitals","breadcrumb":{"@id":"https:\/\/www.sindicaturabarcelona.cat\/ca\/sindicatura-greuges-barcelona-amsterdam-drets-digitals\/#breadcrumb"},"inLanguage":"ca","potentialAction":[{"@type":"ReadAction","target":["https:\/\/www.sindicaturabarcelona.cat\/ca\/sindicatura-greuges-barcelona-amsterdam-drets-digitals\/"]}]},{"@type":"ImageObject","inLanguage":"ca","@id":"https:\/\/www.sindicaturabarcelona.cat\/ca\/sindicatura-greuges-barcelona-amsterdam-drets-digitals\/#primaryimage","url":"https:\/\/www.sindicaturabarcelona.cat\/wp-content\/uploads\/image006.jpg","contentUrl":"https:\/\/www.sindicaturabarcelona.cat\/wp-content\/uploads\/image006.jpg","width":2016,"height":1512,"caption":"Oriol Puig, cap de gabinet de la Sindicatura, durant la intervenci\u00f3"},{"@type":"BreadcrumbList","@id":"https:\/\/www.sindicaturabarcelona.cat\/ca\/sindicatura-greuges-barcelona-amsterdam-drets-digitals\/#breadcrumb","itemListElement":[{"@type":"ListItem","position":1,"name":"Inici","item":"https:\/\/www.sindicaturabarcelona.cat\/ca\/"},{"@type":"ListItem","position":2,"name":"La Sindicatura refor\u00e7a la seva projecci\u00f3 internacional participant en una jornada sobre drets digitals a Amsterdam"}]},{"@type":"WebSite","@id":"https:\/\/www.sindicaturabarcelona.cat\/ca\/#website","url":"https:\/\/www.sindicaturabarcelona.cat\/ca\/","name":"Sindicatura de Greuges de Barcelona","description":"La defensoria dels teus drets","publisher":{"@id":"https:\/\/www.sindicaturabarcelona.cat\/ca\/#organization"},"potentialAction":[{"@type":"SearchAction","target":{"@type":"EntryPoint","urlTemplate":"https:\/\/www.sindicaturabarcelona.cat\/ca\/?s={search_term_string}"},"query-input":{"@type":"PropertyValueSpecification","valueRequired":true,"valueName":"search_term_string"}}],"inLanguage":"ca"},{"@type":"Organization","@id":"https:\/\/www.sindicaturabarcelona.cat\/ca\/#organization","name":"Sindicatura de Greuges de Barcelona","url":"https:\/\/www.sindicaturabarcelona.cat\/ca\/","logo":{"@type":"ImageObject","inLanguage":"ca","@id":"https:\/\/www.sindicaturabarcelona.cat\/ca\/#\/schema\/logo\/image\/","url":"https:\/\/www.sindicaturabarcelona.cat\/wp-content\/uploads\/2023\/02\/logo_sindicatura.svg","contentUrl":"https:\/\/www.sindicaturabarcelona.cat\/wp-content\/uploads\/2023\/02\/logo_sindicatura.svg","caption":"Sindicatura de Greuges de Barcelona"},"image":{"@id":"https:\/\/www.sindicaturabarcelona.cat\/ca\/#\/schema\/logo\/image\/"},"sameAs":["https:\/\/x.com\/sindicbarcelona","https:\/\/www.instagram.com\/sindicbarcelona\/","https:\/\/www.tiktok.com\/@sindicaturabcn","https:\/\/t.me\/sindicaturabarcelona"]},{"@type":"Person","@id":"https:\/\/www.sindicaturabarcelona.cat\/ca\/#\/schema\/person\/0690b05fdcbf9e43b34103e845240789","name":"Carme Rocamora","image":{"@type":"ImageObject","inLanguage":"ca","@id":"https:\/\/secure.gravatar.com\/avatar\/7d5e980ef632f555fa40f97d06e5c8ec4ec568974a95778749d6a6279aa1faef?s=96&d=mm&r=g","url":"https:\/\/secure.gravatar.com\/avatar\/7d5e980ef632f555fa40f97d06e5c8ec4ec568974a95778749d6a6279aa1faef?s=96&d=mm&r=g","contentUrl":"https:\/\/secure.gravatar.com\/avatar\/7d5e980ef632f555fa40f97d06e5c8ec4ec568974a95778749d6a6279aa1faef?s=96&d=mm&r=g","caption":"Carme Rocamora"},"url":"https:\/\/www.sindicaturabarcelona.cat\/ca\/author\/crocamora\/"}]}},"_links":{"self":[{"href":"https:\/\/www.sindicaturabarcelona.cat\/ca\/wp-json\/wp\/v2\/posts\/42269","targetHints":{"allow":["GET"]}}],"collection":[{"href":"https:\/\/www.sindicaturabarcelona.cat\/ca\/wp-json\/wp\/v2\/posts"}],"about":[{"href":"https:\/\/www.sindicaturabarcelona.cat\/ca\/wp-json\/wp\/v2\/types\/post"}],"author":[{"embeddable":true,"href":"https:\/\/www.sindicaturabarcelona.cat\/ca\/wp-json\/wp\/v2\/users\/7"}],"replies":[{"embeddable":true,"href":"https:\/\/www.sindicaturabarcelona.cat\/ca\/wp-json\/wp\/v2\/comments?post=42269"}],"version-history":[{"count":7,"href":"https:\/\/www.sindicaturabarcelona.cat\/ca\/wp-json\/wp\/v2\/posts\/42269\/revisions"}],"predecessor-version":[{"id":42386,"href":"https:\/\/www.sindicaturabarcelona.cat\/ca\/wp-json\/wp\/v2\/posts\/42269\/revisions\/42386"}],"wp:featuredmedia":[{"embeddable":true,"href":"https:\/\/www.sindicaturabarcelona.cat\/ca\/wp-json\/wp\/v2\/media\/42270"}],"wp:attachment":[{"href":"https:\/\/www.sindicaturabarcelona.cat\/ca\/wp-json\/wp\/v2\/media?parent=42269"}],"wp:term":[{"taxonomy":"post_tag","embeddable":true,"href":"https:\/\/www.sindicaturabarcelona.cat\/ca\/wp-json\/wp\/v2\/tags?post=42269"},{"taxonomy":"drets","embeddable":true,"href":"https:\/\/www.sindicaturabarcelona.cat\/ca\/wp-json\/wp\/v2\/drets?post=42269"}],"curies":[{"name":"wp","href":"https:\/\/api.w.org\/{rel}","templated":true}]}}