{"id":42255,"date":"2026-04-09T12:03:53","date_gmt":"2026-04-09T10:03:53","guid":{"rendered":"https:\/\/www.sindicaturabarcelona.cat\/?p=42255"},"modified":"2026-04-09T12:06:13","modified_gmt":"2026-04-09T10:06:13","slug":"sestrena-lesquerda-lobra-de-teatre-promoguda-per-la-sindicatura-que-dona-veu-al-proces-de-reparacio-dels-infants-supervivents-de-violencies-sexuals","status":"publish","type":"post","link":"https:\/\/www.sindicaturabarcelona.cat\/ca\/sestrena-lesquerda-lobra-de-teatre-promoguda-per-la-sindicatura-que-dona-veu-al-proces-de-reparacio-dels-infants-supervivents-de-violencies-sexuals\/","title":{"rendered":"S\u2019estrena \u201cL\u2019esquerda\u201d, l\u2019obra de teatre promoguda per la Sindicatura que dona veu al proc\u00e9s de reparaci\u00f3 dels infants supervivents de viol\u00e8ncies sexuals"},"content":{"rendered":"\n<h2 class=\"wp-block-heading\"><strong>El 18 d\u2019abril a les 18 hores s\u2019estrena \u201cL\u2019esquerda\u201d al Centre C\u00edvic El Sortidor.<\/strong><\/h2>\n\n\n\n<h2 class=\"wp-block-heading\"><strong>Si vols assistir a la funci\u00f3, pots reservar l\u2019entrada <a href=\"https:\/\/ajuntament.barcelona.cat\/ccivics\/elsortidor\/p\/69276\" target=\"_blank\" rel=\"noreferrer noopener\">aqu\u00ed<\/a>.<\/strong><\/h2>\n\n\n\n<h2 class=\"wp-block-heading\"><strong>Es dur\u00e0 a terme un col\u00b7loqui en qu\u00e8 participaran el s\u00edndic de Barcelona, David Bondia; el dramaturg i autor de l\u2019obra, Jorge Yamam- Serrano, i l\u2019actriu protagonista de \u201cL\u2019esquerda\u201d, Cristina Gamiz.<\/strong><\/h2>\n\n\n\n<p><strong>Barcelona, 9 d\u2019abril de 2026 &#8211;<\/strong> L\u2019obra de teatre \u201cL\u2019esquerda\u201d, promoguda per la Sindicatura de Greuges de Barcelona i <strong>escrita pel dramaturg Jorge-Yamam Serrano<\/strong>, <strong>s\u2019estrena el pr\u00f2xim 18 d\u2019abril a les 18 hores al Centre C\u00edvic El Sortidor<\/strong>. D\u2019aquesta forma, surt a la llum aquest projecte teatral que tracta un dels temes cabdals de la Sindicatura durant els darrers anys: el proc\u00e9s de reparaci\u00f3 del dany dels infants i adolescents supervivents de viol\u00e8ncies sexuals.<\/p>\n\n\n\n<h2 class=\"wp-block-heading\"><strong>\u201cL\u2019esquerda\u201d, una proposta honesta, \u00edntima i valenta<\/strong><\/h2>\n\n\n\n<p>De la m\u00e0 de la <strong>Companyia TeatrodeCerca,<\/strong> arriba una pe\u00e7a que s\u2019endinsa en la hist\u00f2ria d\u2019una persona d\u2019uns cinquanta anys que, de sobte, recupera la mem\u00f2ria d\u2019un ab\u00fas patit a l\u2019escola durant la inf\u00e0ncia. <strong>L\u2019obra, interpretada per Cristina Gamiz, dona veu a totes aquelles persones que, despr\u00e9s de d\u00e8cades de silenci, troben finalment la maduresa, la for\u00e7a i la dist\u00e0ncia necess\u00e0ries per explicar i denunciar all\u00f2 que van viure<\/strong>.<\/p>\n\n\n\n<p>Es tracta d\u2019una proposta honesta, \u00edntima i valenta. Un acte de reparaci\u00f3 col\u00b7lectiva, un ritual compartit que transforma el dolor en paraula i la paraula en llum. Una festa imperfecta, s\u00ed, per\u00f2 profundament humana: la celebraci\u00f3 de la vida amb totes les seves esquerdes, que tamb\u00e9 formen part de la seva bellesa.<\/p>\n\n\n\n<h2 class=\"wp-block-heading\"><strong>Assisteix a la primera funci\u00f3 oberta al p\u00fablic<\/strong><\/h2>\n\n\n\n<p>El 18 d\u2019abril a les 18 hores s\u2019estrena \u201cL\u2019esquerda\u201d al Centre C\u00edvic El Sortidor, amb una durada aproximada de 85 minuts. <strong>Si vols assistir a la primera funci\u00f3 oberta al p\u00fablic, pots reservar l\u2019entrada <a href=\"https:\/\/ajuntament.barcelona.cat\/ccivics\/elsortidor\/p\/69276\">aqu\u00ed<\/a>.<\/strong> Despr\u00e9s de l\u2019obra, <strong>es dur\u00e0 a terme un col\u00b7loqui en qu\u00e8 participaran el s\u00edndic de greuges de Barcelona, David Bondia; el dramaturg i autor de l\u2019obra, Jorge Yamam- Serrano, i l\u2019actriu protagonista de \u201cL\u2019esquerda\u201d, Cristina Gamiz<\/strong>.<\/p>\n\n\n\n<p>Hi ha previstes m\u00e9s representacions de l\u2019obra durant els anys 2026 i 2027, de les quals s\u2019informar\u00e0 pr\u00f2ximament. &nbsp;<\/p>\n\n\n\n<p><strong>La Sindicatura va organitzar un acte pioner de reparaci\u00f3 per a les v\u00edctimes i supervivents d\u2019abusos a l\u2019Escola Barcelona<\/strong><strong><\/strong><\/p>\n\n\n\n<p>En el marc del Grup de Treball per abordar les viol\u00e8ncies sexuals a dones, infants i adolescents, <strong>l\u2019any 2023 la Sindicatura de Greuges de Barcelona va crear la <\/strong><a href=\"https:\/\/www.sindicaturabarcelona.cat\/ca\/comissio-de-reparacio-per-a-victimes-de-violencia-sexual-en-la-infancia-adolescencia-i-joventut-a-les-escoles-de-barcelona\/\"><strong>Comissi\u00f3 de Reparaci\u00f3 per a v\u00edctimes d\u2019abusos en escoles p\u00fabliques<\/strong><\/a><strong>, a partir del <\/strong><a href=\"https:\/\/www.sindicaturabarcelona.cat\/ca\/sindicatura-insta-regidoria-educacio-a-investigacio-en-profunditat-fets-escola-barcelona-i-reparar-dany-victimes\/\"><strong>posicionament de la instituci\u00f3 sobre les den\u00fancies d\u2019abusos sexuals i vexacions a l\u2019Escola Barcelona per part d\u2019un educador al llarg de 20 anys<\/strong><\/a><strong>.<\/strong><\/p>\n\n\n\n<p>La tasca de la Comissi\u00f3 de Reparaci\u00f3 va culminar amb l\u2019organitzaci\u00f3 <a href=\"https:\/\/www.sindicaturabarcelona.cat\/ca\/lajuntament-de-barcelona-demana-disculpes-a-les-persones-que-van-viure-violencies-sexuals-a-lescola-barcelona-en-un-acte-organitzat-per-la-sindicatura\/\">d\u2019un acte pioner de reparaci\u00f3<\/a>, en qu\u00e8 <strong>les administracions amb responsabilitats educatives van recon\u00e8ixer les situacions d\u2019abusos sexuals, vexacions i vulneracions<\/strong> <strong>de drets<\/strong> comeses per part d\u2019un educador de l\u2019Escola Barcelona durant<strong> les d\u00e8cades del 1980, el 1990 i el 2000<\/strong>, i van demanar perd\u00f3 a les v\u00edctimes.<\/p>\n","protected":false},"excerpt":{"rendered":"<p>El 18 d\u2019abril a les 18 hores s\u2019estrena \u201cL\u2019esquerda\u201d al Centre C\u00edvic El Sortidor. Si vols assistir a la funci\u00f3, pots reservar l\u2019entrada aqu\u00ed. Es dur\u00e0 a terme un col\u00b7loqui [&hellip;]<\/p>\n","protected":false},"author":2,"featured_media":42256,"comment_status":"closed","ping_status":"closed","sticky":false,"template":"","format":"standard","meta":{"_acf_changed":false,"footnotes":""},"tags":[],"drets":[1428,1437],"class_list":["post-42255","post","type-post","status-publish","format-standard","has-post-thumbnail","hentry","drets-ciutat-equitativa","drets-dret-a-una-vida-lliure-de-violencies"],"acf":[],"yoast_head":"<!-- This site is optimized with the Yoast SEO plugin v27.5 - https:\/\/yoast.com\/product\/yoast-seo-wordpress\/ -->\n<title>S\u2019estrena \u201cL\u2019esquerda\u201d, l\u2019obra de teatre promoguda per la Sindicatura que dona veu al proc\u00e9s de reparaci\u00f3 dels infants supervivents de viol\u00e8ncies sexuals - Sindicatura de Greuges de Barcelona<\/title>\n<meta name=\"description\" content=\"Surt a la llum aquest projecte teatral que tracta un dels temes cabdals de la Sindicatura durant els darrers anys: el proc\u00e9s de reparaci\u00f3 del dany dels infants i adolescents supervivents de viol\u00e8ncies sexuals. El 18 d\u2019abril a les 18 hores s\u2019estrena \u201cL\u2019esquerda\u201d al Centre C\u00edvic El Sortidor.Si vols assistir a la funci\u00f3, pots reservar l\u2019entrada aqu\u00ed.\" \/>\n<meta name=\"robots\" content=\"index, follow, max-snippet:-1, max-image-preview:large, max-video-preview:-1\" \/>\n<link rel=\"canonical\" href=\"https:\/\/www.sindicaturabarcelona.cat\/ca\/sestrena-lesquerda-lobra-de-teatre-promoguda-per-la-sindicatura-que-dona-veu-al-proces-de-reparacio-dels-infants-supervivents-de-violencies-sexuals\/\" \/>\n<meta property=\"og:locale\" content=\"ca_ES\" \/>\n<meta property=\"og:type\" content=\"article\" \/>\n<meta property=\"og:title\" content=\"S\u2019estrena \u201cL\u2019esquerda\u201d, l\u2019obra de teatre promoguda per la Sindicatura que dona veu al proc\u00e9s de reparaci\u00f3 dels infants supervivents de viol\u00e8ncies sexuals - Sindicatura de Greuges de Barcelona\" \/>\n<meta property=\"og:description\" content=\"Surt a la llum aquest projecte teatral que tracta un dels temes cabdals de la Sindicatura durant els darrers anys: el proc\u00e9s de reparaci\u00f3 del dany dels infants i adolescents supervivents de viol\u00e8ncies sexuals. El 18 d\u2019abril a les 18 hores s\u2019estrena \u201cL\u2019esquerda\u201d al Centre C\u00edvic El Sortidor.Si vols assistir a la funci\u00f3, pots reservar l\u2019entrada aqu\u00ed.\" \/>\n<meta property=\"og:url\" content=\"https:\/\/www.sindicaturabarcelona.cat\/ca\/sestrena-lesquerda-lobra-de-teatre-promoguda-per-la-sindicatura-que-dona-veu-al-proces-de-reparacio-dels-infants-supervivents-de-violencies-sexuals\/\" \/>\n<meta property=\"og:site_name\" content=\"Sindicatura de Greuges de Barcelona\" \/>\n<meta property=\"article:published_time\" content=\"2026-04-09T10:03:53+00:00\" \/>\n<meta property=\"article:modified_time\" content=\"2026-04-09T10:06:13+00:00\" \/>\n<meta property=\"og:image\" content=\"https:\/\/www.sindicaturabarcelona.cat\/wp-content\/uploads\/Cris-altar-red-scaled.jpg\" \/>\n\t<meta property=\"og:image:width\" content=\"2560\" \/>\n\t<meta property=\"og:image:height\" content=\"1450\" \/>\n\t<meta property=\"og:image:type\" content=\"image\/jpeg\" \/>\n<meta name=\"author\" content=\"Pablo\" \/>\n<meta name=\"twitter:card\" content=\"summary_large_image\" \/>\n<meta name=\"twitter:creator\" content=\"@sindicbarcelona\" \/>\n<meta name=\"twitter:site\" content=\"@sindicbarcelona\" \/>\n<meta name=\"twitter:label1\" content=\"Escrit per\" \/>\n\t<meta name=\"twitter:data1\" content=\"Pablo\" \/>\n\t<meta name=\"twitter:label2\" content=\"Temps estimat de lectura\" \/>\n\t<meta name=\"twitter:data2\" content=\"3 minuts\" \/>\n<script type=\"application\/ld+json\" class=\"yoast-schema-graph\">{\"@context\":\"https:\\\/\\\/schema.org\",\"@graph\":[{\"@type\":\"Article\",\"@id\":\"https:\\\/\\\/www.sindicaturabarcelona.cat\\\/ca\\\/sestrena-lesquerda-lobra-de-teatre-promoguda-per-la-sindicatura-que-dona-veu-al-proces-de-reparacio-dels-infants-supervivents-de-violencies-sexuals\\\/#article\",\"isPartOf\":{\"@id\":\"https:\\\/\\\/www.sindicaturabarcelona.cat\\\/ca\\\/sestrena-lesquerda-lobra-de-teatre-promoguda-per-la-sindicatura-que-dona-veu-al-proces-de-reparacio-dels-infants-supervivents-de-violencies-sexuals\\\/\"},\"author\":{\"name\":\"Pablo\",\"@id\":\"https:\\\/\\\/www.sindicaturabarcelona.cat\\\/ca\\\/#\\\/schema\\\/person\\\/0e5acffc350ffdbc97578159322c9452\"},\"headline\":\"S\u2019estrena \u201cL\u2019esquerda\u201d, l\u2019obra de teatre promoguda per la Sindicatura que dona veu al proc\u00e9s de reparaci\u00f3 dels infants supervivents de viol\u00e8ncies sexuals\",\"datePublished\":\"2026-04-09T10:03:53+00:00\",\"dateModified\":\"2026-04-09T10:06:13+00:00\",\"mainEntityOfPage\":{\"@id\":\"https:\\\/\\\/www.sindicaturabarcelona.cat\\\/ca\\\/sestrena-lesquerda-lobra-de-teatre-promoguda-per-la-sindicatura-que-dona-veu-al-proces-de-reparacio-dels-infants-supervivents-de-violencies-sexuals\\\/\"},\"wordCount\":585,\"publisher\":{\"@id\":\"https:\\\/\\\/www.sindicaturabarcelona.cat\\\/ca\\\/#organization\"},\"image\":{\"@id\":\"https:\\\/\\\/www.sindicaturabarcelona.cat\\\/ca\\\/sestrena-lesquerda-lobra-de-teatre-promoguda-per-la-sindicatura-que-dona-veu-al-proces-de-reparacio-dels-infants-supervivents-de-violencies-sexuals\\\/#primaryimage\"},\"thumbnailUrl\":\"https:\\\/\\\/www.sindicaturabarcelona.cat\\\/wp-content\\\/uploads\\\/Cris-altar-red-scaled.jpg\",\"inLanguage\":\"ca\"},{\"@type\":\"WebPage\",\"@id\":\"https:\\\/\\\/www.sindicaturabarcelona.cat\\\/ca\\\/sestrena-lesquerda-lobra-de-teatre-promoguda-per-la-sindicatura-que-dona-veu-al-proces-de-reparacio-dels-infants-supervivents-de-violencies-sexuals\\\/\",\"url\":\"https:\\\/\\\/www.sindicaturabarcelona.cat\\\/ca\\\/sestrena-lesquerda-lobra-de-teatre-promoguda-per-la-sindicatura-que-dona-veu-al-proces-de-reparacio-dels-infants-supervivents-de-violencies-sexuals\\\/\",\"name\":\"S\u2019estrena \u201cL\u2019esquerda\u201d, l\u2019obra de teatre promoguda per la Sindicatura que dona veu al proc\u00e9s de reparaci\u00f3 dels infants supervivents de viol\u00e8ncies sexuals - Sindicatura de Greuges de Barcelona\",\"isPartOf\":{\"@id\":\"https:\\\/\\\/www.sindicaturabarcelona.cat\\\/ca\\\/#website\"},\"primaryImageOfPage\":{\"@id\":\"https:\\\/\\\/www.sindicaturabarcelona.cat\\\/ca\\\/sestrena-lesquerda-lobra-de-teatre-promoguda-per-la-sindicatura-que-dona-veu-al-proces-de-reparacio-dels-infants-supervivents-de-violencies-sexuals\\\/#primaryimage\"},\"image\":{\"@id\":\"https:\\\/\\\/www.sindicaturabarcelona.cat\\\/ca\\\/sestrena-lesquerda-lobra-de-teatre-promoguda-per-la-sindicatura-que-dona-veu-al-proces-de-reparacio-dels-infants-supervivents-de-violencies-sexuals\\\/#primaryimage\"},\"thumbnailUrl\":\"https:\\\/\\\/www.sindicaturabarcelona.cat\\\/wp-content\\\/uploads\\\/Cris-altar-red-scaled.jpg\",\"datePublished\":\"2026-04-09T10:03:53+00:00\",\"dateModified\":\"2026-04-09T10:06:13+00:00\",\"description\":\"Surt a la llum aquest projecte teatral que tracta un dels temes cabdals de la Sindicatura durant els darrers anys: el proc\u00e9s de reparaci\u00f3 del dany dels infants i adolescents supervivents de viol\u00e8ncies sexuals. El 18 d\u2019abril a les 18 hores s\u2019estrena \u201cL\u2019esquerda\u201d al Centre C\u00edvic El Sortidor.Si vols assistir a la funci\u00f3, pots reservar l\u2019entrada aqu\u00ed.\",\"breadcrumb\":{\"@id\":\"https:\\\/\\\/www.sindicaturabarcelona.cat\\\/ca\\\/sestrena-lesquerda-lobra-de-teatre-promoguda-per-la-sindicatura-que-dona-veu-al-proces-de-reparacio-dels-infants-supervivents-de-violencies-sexuals\\\/#breadcrumb\"},\"inLanguage\":\"ca\",\"potentialAction\":[{\"@type\":\"ReadAction\",\"target\":[\"https:\\\/\\\/www.sindicaturabarcelona.cat\\\/ca\\\/sestrena-lesquerda-lobra-de-teatre-promoguda-per-la-sindicatura-que-dona-veu-al-proces-de-reparacio-dels-infants-supervivents-de-violencies-sexuals\\\/\"]}]},{\"@type\":\"ImageObject\",\"inLanguage\":\"ca\",\"@id\":\"https:\\\/\\\/www.sindicaturabarcelona.cat\\\/ca\\\/sestrena-lesquerda-lobra-de-teatre-promoguda-per-la-sindicatura-que-dona-veu-al-proces-de-reparacio-dels-infants-supervivents-de-violencies-sexuals\\\/#primaryimage\",\"url\":\"https:\\\/\\\/www.sindicaturabarcelona.cat\\\/wp-content\\\/uploads\\\/Cris-altar-red-scaled.jpg\",\"contentUrl\":\"https:\\\/\\\/www.sindicaturabarcelona.cat\\\/wp-content\\\/uploads\\\/Cris-altar-red-scaled.jpg\",\"width\":2560,\"height\":1450},{\"@type\":\"BreadcrumbList\",\"@id\":\"https:\\\/\\\/www.sindicaturabarcelona.cat\\\/ca\\\/sestrena-lesquerda-lobra-de-teatre-promoguda-per-la-sindicatura-que-dona-veu-al-proces-de-reparacio-dels-infants-supervivents-de-violencies-sexuals\\\/#breadcrumb\",\"itemListElement\":[{\"@type\":\"ListItem\",\"position\":1,\"name\":\"Inici\",\"item\":\"https:\\\/\\\/www.sindicaturabarcelona.cat\\\/ca\\\/\"},{\"@type\":\"ListItem\",\"position\":2,\"name\":\"S\u2019estrena \u201cL\u2019esquerda\u201d, l\u2019obra de teatre promoguda per la Sindicatura que dona veu al proc\u00e9s de reparaci\u00f3 dels infants supervivents de viol\u00e8ncies sexuals\"}]},{\"@type\":\"WebSite\",\"@id\":\"https:\\\/\\\/www.sindicaturabarcelona.cat\\\/ca\\\/#website\",\"url\":\"https:\\\/\\\/www.sindicaturabarcelona.cat\\\/ca\\\/\",\"name\":\"Sindicatura de Greuges de Barcelona\",\"description\":\"La defensoria dels teus drets\",\"publisher\":{\"@id\":\"https:\\\/\\\/www.sindicaturabarcelona.cat\\\/ca\\\/#organization\"},\"potentialAction\":[{\"@type\":\"SearchAction\",\"target\":{\"@type\":\"EntryPoint\",\"urlTemplate\":\"https:\\\/\\\/www.sindicaturabarcelona.cat\\\/ca\\\/?s={search_term_string}\"},\"query-input\":{\"@type\":\"PropertyValueSpecification\",\"valueRequired\":true,\"valueName\":\"search_term_string\"}}],\"inLanguage\":\"ca\"},{\"@type\":\"Organization\",\"@id\":\"https:\\\/\\\/www.sindicaturabarcelona.cat\\\/ca\\\/#organization\",\"name\":\"Sindicatura de Greuges de Barcelona\",\"url\":\"https:\\\/\\\/www.sindicaturabarcelona.cat\\\/ca\\\/\",\"logo\":{\"@type\":\"ImageObject\",\"inLanguage\":\"ca\",\"@id\":\"https:\\\/\\\/www.sindicaturabarcelona.cat\\\/ca\\\/#\\\/schema\\\/logo\\\/image\\\/\",\"url\":\"https:\\\/\\\/www.sindicaturabarcelona.cat\\\/wp-content\\\/uploads\\\/2023\\\/02\\\/logo_sindicatura.svg\",\"contentUrl\":\"https:\\\/\\\/www.sindicaturabarcelona.cat\\\/wp-content\\\/uploads\\\/2023\\\/02\\\/logo_sindicatura.svg\",\"caption\":\"Sindicatura de Greuges de Barcelona\"},\"image\":{\"@id\":\"https:\\\/\\\/www.sindicaturabarcelona.cat\\\/ca\\\/#\\\/schema\\\/logo\\\/image\\\/\"},\"sameAs\":[\"https:\\\/\\\/x.com\\\/sindicbarcelona\",\"https:\\\/\\\/www.instagram.com\\\/sindicbarcelona\\\/\",\"https:\\\/\\\/www.tiktok.com\\\/@sindicaturabcn\",\"https:\\\/\\\/t.me\\\/sindicaturabarcelona\"]},{\"@type\":\"Person\",\"@id\":\"https:\\\/\\\/www.sindicaturabarcelona.cat\\\/ca\\\/#\\\/schema\\\/person\\\/0e5acffc350ffdbc97578159322c9452\",\"name\":\"Pablo\",\"image\":{\"@type\":\"ImageObject\",\"inLanguage\":\"ca\",\"@id\":\"https:\\\/\\\/secure.gravatar.com\\\/avatar\\\/c948169b402ef9492afde705c3dfd5e90e1a6a84ef6840a91124f805a25a480f?s=96&d=mm&r=g\",\"url\":\"https:\\\/\\\/secure.gravatar.com\\\/avatar\\\/c948169b402ef9492afde705c3dfd5e90e1a6a84ef6840a91124f805a25a480f?s=96&d=mm&r=g\",\"contentUrl\":\"https:\\\/\\\/secure.gravatar.com\\\/avatar\\\/c948169b402ef9492afde705c3dfd5e90e1a6a84ef6840a91124f805a25a480f?s=96&d=mm&r=g\",\"caption\":\"Pablo\"},\"url\":\"https:\\\/\\\/www.sindicaturabarcelona.cat\\\/ca\\\/author\\\/pablo\\\/\"}]}<\/script>\n<!-- \/ Yoast SEO plugin. -->","yoast_head_json":{"title":"S\u2019estrena \u201cL\u2019esquerda\u201d, l\u2019obra de teatre promoguda per la Sindicatura que dona veu al proc\u00e9s de reparaci\u00f3 dels infants supervivents de viol\u00e8ncies sexuals - Sindicatura de Greuges de Barcelona","description":"Surt a la llum aquest projecte teatral que tracta un dels temes cabdals de la Sindicatura durant els darrers anys: el proc\u00e9s de reparaci\u00f3 del dany dels infants i adolescents supervivents de viol\u00e8ncies sexuals. El 18 d\u2019abril a les 18 hores s\u2019estrena \u201cL\u2019esquerda\u201d al Centre C\u00edvic El Sortidor.Si vols assistir a la funci\u00f3, pots reservar l\u2019entrada aqu\u00ed.","robots":{"index":"index","follow":"follow","max-snippet":"max-snippet:-1","max-image-preview":"max-image-preview:large","max-video-preview":"max-video-preview:-1"},"canonical":"https:\/\/www.sindicaturabarcelona.cat\/ca\/sestrena-lesquerda-lobra-de-teatre-promoguda-per-la-sindicatura-que-dona-veu-al-proces-de-reparacio-dels-infants-supervivents-de-violencies-sexuals\/","og_locale":"ca_ES","og_type":"article","og_title":"S\u2019estrena \u201cL\u2019esquerda\u201d, l\u2019obra de teatre promoguda per la Sindicatura que dona veu al proc\u00e9s de reparaci\u00f3 dels infants supervivents de viol\u00e8ncies sexuals - Sindicatura de Greuges de Barcelona","og_description":"Surt a la llum aquest projecte teatral que tracta un dels temes cabdals de la Sindicatura durant els darrers anys: el proc\u00e9s de reparaci\u00f3 del dany dels infants i adolescents supervivents de viol\u00e8ncies sexuals. El 18 d\u2019abril a les 18 hores s\u2019estrena \u201cL\u2019esquerda\u201d al Centre C\u00edvic El Sortidor.Si vols assistir a la funci\u00f3, pots reservar l\u2019entrada aqu\u00ed.","og_url":"https:\/\/www.sindicaturabarcelona.cat\/ca\/sestrena-lesquerda-lobra-de-teatre-promoguda-per-la-sindicatura-que-dona-veu-al-proces-de-reparacio-dels-infants-supervivents-de-violencies-sexuals\/","og_site_name":"Sindicatura de Greuges de Barcelona","article_published_time":"2026-04-09T10:03:53+00:00","article_modified_time":"2026-04-09T10:06:13+00:00","og_image":[{"width":2560,"height":1450,"url":"https:\/\/www.sindicaturabarcelona.cat\/wp-content\/uploads\/Cris-altar-red-scaled.jpg","type":"image\/jpeg"}],"author":"Pablo","twitter_card":"summary_large_image","twitter_creator":"@sindicbarcelona","twitter_site":"@sindicbarcelona","twitter_misc":{"Escrit per":"Pablo","Temps estimat de lectura":"3 minuts"},"schema":{"@context":"https:\/\/schema.org","@graph":[{"@type":"Article","@id":"https:\/\/www.sindicaturabarcelona.cat\/ca\/sestrena-lesquerda-lobra-de-teatre-promoguda-per-la-sindicatura-que-dona-veu-al-proces-de-reparacio-dels-infants-supervivents-de-violencies-sexuals\/#article","isPartOf":{"@id":"https:\/\/www.sindicaturabarcelona.cat\/ca\/sestrena-lesquerda-lobra-de-teatre-promoguda-per-la-sindicatura-que-dona-veu-al-proces-de-reparacio-dels-infants-supervivents-de-violencies-sexuals\/"},"author":{"name":"Pablo","@id":"https:\/\/www.sindicaturabarcelona.cat\/ca\/#\/schema\/person\/0e5acffc350ffdbc97578159322c9452"},"headline":"S\u2019estrena \u201cL\u2019esquerda\u201d, l\u2019obra de teatre promoguda per la Sindicatura que dona veu al proc\u00e9s de reparaci\u00f3 dels infants supervivents de viol\u00e8ncies sexuals","datePublished":"2026-04-09T10:03:53+00:00","dateModified":"2026-04-09T10:06:13+00:00","mainEntityOfPage":{"@id":"https:\/\/www.sindicaturabarcelona.cat\/ca\/sestrena-lesquerda-lobra-de-teatre-promoguda-per-la-sindicatura-que-dona-veu-al-proces-de-reparacio-dels-infants-supervivents-de-violencies-sexuals\/"},"wordCount":585,"publisher":{"@id":"https:\/\/www.sindicaturabarcelona.cat\/ca\/#organization"},"image":{"@id":"https:\/\/www.sindicaturabarcelona.cat\/ca\/sestrena-lesquerda-lobra-de-teatre-promoguda-per-la-sindicatura-que-dona-veu-al-proces-de-reparacio-dels-infants-supervivents-de-violencies-sexuals\/#primaryimage"},"thumbnailUrl":"https:\/\/www.sindicaturabarcelona.cat\/wp-content\/uploads\/Cris-altar-red-scaled.jpg","inLanguage":"ca"},{"@type":"WebPage","@id":"https:\/\/www.sindicaturabarcelona.cat\/ca\/sestrena-lesquerda-lobra-de-teatre-promoguda-per-la-sindicatura-que-dona-veu-al-proces-de-reparacio-dels-infants-supervivents-de-violencies-sexuals\/","url":"https:\/\/www.sindicaturabarcelona.cat\/ca\/sestrena-lesquerda-lobra-de-teatre-promoguda-per-la-sindicatura-que-dona-veu-al-proces-de-reparacio-dels-infants-supervivents-de-violencies-sexuals\/","name":"S\u2019estrena \u201cL\u2019esquerda\u201d, l\u2019obra de teatre promoguda per la Sindicatura que dona veu al proc\u00e9s de reparaci\u00f3 dels infants supervivents de viol\u00e8ncies sexuals - Sindicatura de Greuges de Barcelona","isPartOf":{"@id":"https:\/\/www.sindicaturabarcelona.cat\/ca\/#website"},"primaryImageOfPage":{"@id":"https:\/\/www.sindicaturabarcelona.cat\/ca\/sestrena-lesquerda-lobra-de-teatre-promoguda-per-la-sindicatura-que-dona-veu-al-proces-de-reparacio-dels-infants-supervivents-de-violencies-sexuals\/#primaryimage"},"image":{"@id":"https:\/\/www.sindicaturabarcelona.cat\/ca\/sestrena-lesquerda-lobra-de-teatre-promoguda-per-la-sindicatura-que-dona-veu-al-proces-de-reparacio-dels-infants-supervivents-de-violencies-sexuals\/#primaryimage"},"thumbnailUrl":"https:\/\/www.sindicaturabarcelona.cat\/wp-content\/uploads\/Cris-altar-red-scaled.jpg","datePublished":"2026-04-09T10:03:53+00:00","dateModified":"2026-04-09T10:06:13+00:00","description":"Surt a la llum aquest projecte teatral que tracta un dels temes cabdals de la Sindicatura durant els darrers anys: el proc\u00e9s de reparaci\u00f3 del dany dels infants i adolescents supervivents de viol\u00e8ncies sexuals. El 18 d\u2019abril a les 18 hores s\u2019estrena \u201cL\u2019esquerda\u201d al Centre C\u00edvic El Sortidor.Si vols assistir a la funci\u00f3, pots reservar l\u2019entrada aqu\u00ed.","breadcrumb":{"@id":"https:\/\/www.sindicaturabarcelona.cat\/ca\/sestrena-lesquerda-lobra-de-teatre-promoguda-per-la-sindicatura-que-dona-veu-al-proces-de-reparacio-dels-infants-supervivents-de-violencies-sexuals\/#breadcrumb"},"inLanguage":"ca","potentialAction":[{"@type":"ReadAction","target":["https:\/\/www.sindicaturabarcelona.cat\/ca\/sestrena-lesquerda-lobra-de-teatre-promoguda-per-la-sindicatura-que-dona-veu-al-proces-de-reparacio-dels-infants-supervivents-de-violencies-sexuals\/"]}]},{"@type":"ImageObject","inLanguage":"ca","@id":"https:\/\/www.sindicaturabarcelona.cat\/ca\/sestrena-lesquerda-lobra-de-teatre-promoguda-per-la-sindicatura-que-dona-veu-al-proces-de-reparacio-dels-infants-supervivents-de-violencies-sexuals\/#primaryimage","url":"https:\/\/www.sindicaturabarcelona.cat\/wp-content\/uploads\/Cris-altar-red-scaled.jpg","contentUrl":"https:\/\/www.sindicaturabarcelona.cat\/wp-content\/uploads\/Cris-altar-red-scaled.jpg","width":2560,"height":1450},{"@type":"BreadcrumbList","@id":"https:\/\/www.sindicaturabarcelona.cat\/ca\/sestrena-lesquerda-lobra-de-teatre-promoguda-per-la-sindicatura-que-dona-veu-al-proces-de-reparacio-dels-infants-supervivents-de-violencies-sexuals\/#breadcrumb","itemListElement":[{"@type":"ListItem","position":1,"name":"Inici","item":"https:\/\/www.sindicaturabarcelona.cat\/ca\/"},{"@type":"ListItem","position":2,"name":"S\u2019estrena \u201cL\u2019esquerda\u201d, l\u2019obra de teatre promoguda per la Sindicatura que dona veu al proc\u00e9s de reparaci\u00f3 dels infants supervivents de viol\u00e8ncies sexuals"}]},{"@type":"WebSite","@id":"https:\/\/www.sindicaturabarcelona.cat\/ca\/#website","url":"https:\/\/www.sindicaturabarcelona.cat\/ca\/","name":"Sindicatura de Greuges de Barcelona","description":"La defensoria dels teus drets","publisher":{"@id":"https:\/\/www.sindicaturabarcelona.cat\/ca\/#organization"},"potentialAction":[{"@type":"SearchAction","target":{"@type":"EntryPoint","urlTemplate":"https:\/\/www.sindicaturabarcelona.cat\/ca\/?s={search_term_string}"},"query-input":{"@type":"PropertyValueSpecification","valueRequired":true,"valueName":"search_term_string"}}],"inLanguage":"ca"},{"@type":"Organization","@id":"https:\/\/www.sindicaturabarcelona.cat\/ca\/#organization","name":"Sindicatura de Greuges de Barcelona","url":"https:\/\/www.sindicaturabarcelona.cat\/ca\/","logo":{"@type":"ImageObject","inLanguage":"ca","@id":"https:\/\/www.sindicaturabarcelona.cat\/ca\/#\/schema\/logo\/image\/","url":"https:\/\/www.sindicaturabarcelona.cat\/wp-content\/uploads\/2023\/02\/logo_sindicatura.svg","contentUrl":"https:\/\/www.sindicaturabarcelona.cat\/wp-content\/uploads\/2023\/02\/logo_sindicatura.svg","caption":"Sindicatura de Greuges de Barcelona"},"image":{"@id":"https:\/\/www.sindicaturabarcelona.cat\/ca\/#\/schema\/logo\/image\/"},"sameAs":["https:\/\/x.com\/sindicbarcelona","https:\/\/www.instagram.com\/sindicbarcelona\/","https:\/\/www.tiktok.com\/@sindicaturabcn","https:\/\/t.me\/sindicaturabarcelona"]},{"@type":"Person","@id":"https:\/\/www.sindicaturabarcelona.cat\/ca\/#\/schema\/person\/0e5acffc350ffdbc97578159322c9452","name":"Pablo","image":{"@type":"ImageObject","inLanguage":"ca","@id":"https:\/\/secure.gravatar.com\/avatar\/c948169b402ef9492afde705c3dfd5e90e1a6a84ef6840a91124f805a25a480f?s=96&d=mm&r=g","url":"https:\/\/secure.gravatar.com\/avatar\/c948169b402ef9492afde705c3dfd5e90e1a6a84ef6840a91124f805a25a480f?s=96&d=mm&r=g","contentUrl":"https:\/\/secure.gravatar.com\/avatar\/c948169b402ef9492afde705c3dfd5e90e1a6a84ef6840a91124f805a25a480f?s=96&d=mm&r=g","caption":"Pablo"},"url":"https:\/\/www.sindicaturabarcelona.cat\/ca\/author\/pablo\/"}]}},"_links":{"self":[{"href":"https:\/\/www.sindicaturabarcelona.cat\/ca\/wp-json\/wp\/v2\/posts\/42255","targetHints":{"allow":["GET"]}}],"collection":[{"href":"https:\/\/www.sindicaturabarcelona.cat\/ca\/wp-json\/wp\/v2\/posts"}],"about":[{"href":"https:\/\/www.sindicaturabarcelona.cat\/ca\/wp-json\/wp\/v2\/types\/post"}],"author":[{"embeddable":true,"href":"https:\/\/www.sindicaturabarcelona.cat\/ca\/wp-json\/wp\/v2\/users\/2"}],"replies":[{"embeddable":true,"href":"https:\/\/www.sindicaturabarcelona.cat\/ca\/wp-json\/wp\/v2\/comments?post=42255"}],"version-history":[{"count":2,"href":"https:\/\/www.sindicaturabarcelona.cat\/ca\/wp-json\/wp\/v2\/posts\/42255\/revisions"}],"predecessor-version":[{"id":42260,"href":"https:\/\/www.sindicaturabarcelona.cat\/ca\/wp-json\/wp\/v2\/posts\/42255\/revisions\/42260"}],"wp:featuredmedia":[{"embeddable":true,"href":"https:\/\/www.sindicaturabarcelona.cat\/ca\/wp-json\/wp\/v2\/media\/42256"}],"wp:attachment":[{"href":"https:\/\/www.sindicaturabarcelona.cat\/ca\/wp-json\/wp\/v2\/media?parent=42255"}],"wp:term":[{"taxonomy":"post_tag","embeddable":true,"href":"https:\/\/www.sindicaturabarcelona.cat\/ca\/wp-json\/wp\/v2\/tags?post=42255"},{"taxonomy":"drets","embeddable":true,"href":"https:\/\/www.sindicaturabarcelona.cat\/ca\/wp-json\/wp\/v2\/drets?post=42255"}],"curies":[{"name":"wp","href":"https:\/\/api.w.org\/{rel}","templated":true}]}}