{"id":42238,"date":"2026-04-10T13:16:22","date_gmt":"2026-04-10T11:16:22","guid":{"rendered":"https:\/\/www.sindicaturabarcelona.cat\/?p=42238"},"modified":"2026-04-10T13:16:37","modified_gmt":"2026-04-10T11:16:37","slug":"ajornament-desnonament-sant-agusti-barcelona-sindicatura-greuges","status":"publish","type":"post","link":"https:\/\/www.sindicaturabarcelona.cat\/ca\/ajornament-desnonament-sant-agusti-barcelona-sindicatura-greuges\/","title":{"rendered":"La mediaci\u00f3 de la Sindicatura\u00a0fa que la propietat demani\u00a0l\u2019ajornament del llan\u00e7ament de Sant Agust\u00ed\u00a0"},"content":{"rendered":"\n<h2 class=\"wp-block-heading\"><strong>L\u2019empresa ha sol\u00b7licitat\u00a0a la just\u00edcia\u00a0una morat\u00f2ria de tres mesos amb la voluntat de trobar una soluci\u00f3<\/strong><\/h2>\n\n\n\n<p>A inst\u00e0ncies de la Sindicatura de Greuges de Barcelona,\u00a0la propietat\u00a0del bloc\u00a0Sant Agust\u00ed\u00a014 de Barcelona, ha\u00a0sol\u00b7licitat al Jutjat l\u2019ajornament del llan\u00e7ament d&#8217;un dels ve\u00efns afectats, previst per al 15 d\u2019abril.\u00a0<\/p>\n\n\n\n<p>La petici\u00f3 s&#8217;ha registrat al jutjat\u00a0aquest divendres\u00a0i demana un\u00a0<strong>ajornament de tres mesos<\/strong>,\u00a0amb la finalitat de trobar una soluci\u00f3 extrajudicial al <a href=\"https:\/\/www.sindicaturabarcelona.cat\/ca\/la-sindicatura-accepta-la-mediacio-demanada-pel-sindicat-de-llogateres-sobre-el-bloc-sant-agusti-i-espera-el-pronunciament-del-govern-municipal\/\">conflicte existent<\/a>, sense perjudici dels drets i garanties de cada part.<\/p>\n\n\n\n<p>Aquesta actuaci\u00f3 de la Sindicatura de Greuges de Barcelona s\u2019inscriu en el comprom\u00eds de la instituci\u00f3 de vetllar per l\u2019inter\u00e8s general i els drets i deures de la ciutadania,&nbsp;fomentant una&nbsp;<strong>resoluci\u00f3 dialogada dels reptes i problemes<\/strong>&nbsp;que afecten la conviv\u00e8ncia i la cohesi\u00f3 social.&nbsp;<\/p>\n\n\n\n<p><\/p>\n","protected":false},"excerpt":{"rendered":"<p>L\u2019empresa ha sol\u00b7licitat\u00a0a la just\u00edcia\u00a0una morat\u00f2ria de tres mesos amb la voluntat de trobar una soluci\u00f3 A inst\u00e0ncies de la Sindicatura de Greuges de Barcelona,\u00a0la propietat\u00a0del bloc\u00a0Sant Agust\u00ed\u00a014 de Barcelona, [&hellip;]<\/p>\n","protected":false},"author":7,"featured_media":42239,"comment_status":"closed","ping_status":"closed","sticky":false,"template":"","format":"standard","meta":{"_acf_changed":false,"footnotes":""},"tags":[1711,1234,1710,1479],"drets":[],"class_list":["post-42238","post","type-post","status-publish","format-standard","has-post-thumbnail","hentry","tag-bloc-sant-agusti","tag-david-bondia","tag-mediacio","tag-sindicatura-de-greuges-de-barcelona"],"acf":[],"yoast_head":"<!-- This site is optimized with the Yoast SEO plugin v27.5 - https:\/\/yoast.com\/product\/yoast-seo-wordpress\/ -->\n<title>La mediaci\u00f3 de la Sindicatura\u00a0fa que la propietat demani\u00a0l\u2019ajornament del llan\u00e7ament de Sant Agust\u00ed\u00a0 - Sindicatura de Greuges de Barcelona<\/title>\n<meta name=\"description\" content=\"L\u2019empresa ha sol\u00b7licitat\u00a0a la just\u00edcia\u00a0una morat\u00f2ria de tres mesos amb la voluntat de trobar una soluci\u00f3\" \/>\n<meta name=\"robots\" content=\"index, follow, max-snippet:-1, max-image-preview:large, max-video-preview:-1\" \/>\n<link rel=\"canonical\" href=\"https:\/\/www.sindicaturabarcelona.cat\/ca\/ajornament-desnonament-sant-agusti-barcelona-sindicatura-greuges\/\" \/>\n<meta property=\"og:locale\" content=\"ca_ES\" \/>\n<meta property=\"og:type\" content=\"article\" \/>\n<meta property=\"og:title\" content=\"La mediaci\u00f3 de la Sindicatura\u00a0fa que la propietat demani\u00a0l\u2019ajornament del llan\u00e7ament de Sant Agust\u00ed\u00a0 - Sindicatura de Greuges de Barcelona\" \/>\n<meta property=\"og:description\" content=\"L\u2019empresa ha sol\u00b7licitat\u00a0a la just\u00edcia\u00a0una morat\u00f2ria de tres mesos amb la voluntat de trobar una soluci\u00f3\" \/>\n<meta property=\"og:url\" content=\"https:\/\/www.sindicaturabarcelona.cat\/ca\/ajornament-desnonament-sant-agusti-barcelona-sindicatura-greuges\/\" \/>\n<meta property=\"og:site_name\" content=\"Sindicatura de Greuges de Barcelona\" \/>\n<meta property=\"article:published_time\" content=\"2026-04-10T11:16:22+00:00\" \/>\n<meta property=\"article:modified_time\" content=\"2026-04-10T11:16:37+00:00\" \/>\n<meta property=\"og:image\" content=\"https:\/\/www.sindicaturabarcelona.cat\/wp-content\/uploads\/Sant-Agusti-1200x731.png\" \/>\n\t<meta property=\"og:image:width\" content=\"1200\" \/>\n\t<meta property=\"og:image:height\" content=\"731\" \/>\n\t<meta property=\"og:image:type\" content=\"image\/png\" \/>\n<meta name=\"author\" content=\"Carme Rocamora\" \/>\n<meta name=\"twitter:card\" content=\"summary_large_image\" \/>\n<meta name=\"twitter:creator\" content=\"@sindicbarcelona\" \/>\n<meta name=\"twitter:site\" content=\"@sindicbarcelona\" \/>\n<meta name=\"twitter:label1\" content=\"Escrit per\" \/>\n\t<meta name=\"twitter:data1\" content=\"Carme Rocamora\" \/>\n\t<meta name=\"twitter:label2\" content=\"Temps estimat de lectura\" \/>\n\t<meta name=\"twitter:data2\" content=\"1 minut\" \/>\n<script type=\"application\/ld+json\" class=\"yoast-schema-graph\">{\"@context\":\"https:\\\/\\\/schema.org\",\"@graph\":[{\"@type\":\"Article\",\"@id\":\"https:\\\/\\\/www.sindicaturabarcelona.cat\\\/ca\\\/ajornament-desnonament-sant-agusti-barcelona-sindicatura-greuges\\\/#article\",\"isPartOf\":{\"@id\":\"https:\\\/\\\/www.sindicaturabarcelona.cat\\\/ca\\\/ajornament-desnonament-sant-agusti-barcelona-sindicatura-greuges\\\/\"},\"author\":{\"name\":\"Carme Rocamora\",\"@id\":\"https:\\\/\\\/www.sindicaturabarcelona.cat\\\/ca\\\/#\\\/schema\\\/person\\\/0690b05fdcbf9e43b34103e845240789\"},\"headline\":\"La mediaci\u00f3 de la Sindicatura\u00a0fa que la propietat demani\u00a0l\u2019ajornament del llan\u00e7ament de Sant Agust\u00ed\u00a0\",\"datePublished\":\"2026-04-10T11:16:22+00:00\",\"dateModified\":\"2026-04-10T11:16:37+00:00\",\"mainEntityOfPage\":{\"@id\":\"https:\\\/\\\/www.sindicaturabarcelona.cat\\\/ca\\\/ajornament-desnonament-sant-agusti-barcelona-sindicatura-greuges\\\/\"},\"wordCount\":169,\"publisher\":{\"@id\":\"https:\\\/\\\/www.sindicaturabarcelona.cat\\\/ca\\\/#organization\"},\"image\":{\"@id\":\"https:\\\/\\\/www.sindicaturabarcelona.cat\\\/ca\\\/ajornament-desnonament-sant-agusti-barcelona-sindicatura-greuges\\\/#primaryimage\"},\"thumbnailUrl\":\"https:\\\/\\\/www.sindicaturabarcelona.cat\\\/wp-content\\\/uploads\\\/Sant-Agusti.png\",\"keywords\":[\"Bloc Sant Agust\u00ed\",\"david bondia\",\"Mediaci\u00f3\",\"Sindicatura de Greuges de Barcelona\"],\"inLanguage\":\"ca\"},{\"@type\":\"WebPage\",\"@id\":\"https:\\\/\\\/www.sindicaturabarcelona.cat\\\/ca\\\/ajornament-desnonament-sant-agusti-barcelona-sindicatura-greuges\\\/\",\"url\":\"https:\\\/\\\/www.sindicaturabarcelona.cat\\\/ca\\\/ajornament-desnonament-sant-agusti-barcelona-sindicatura-greuges\\\/\",\"name\":\"La mediaci\u00f3 de la Sindicatura\u00a0fa que la propietat demani\u00a0l\u2019ajornament del llan\u00e7ament de Sant Agust\u00ed\u00a0 - Sindicatura de Greuges de Barcelona\",\"isPartOf\":{\"@id\":\"https:\\\/\\\/www.sindicaturabarcelona.cat\\\/ca\\\/#website\"},\"primaryImageOfPage\":{\"@id\":\"https:\\\/\\\/www.sindicaturabarcelona.cat\\\/ca\\\/ajornament-desnonament-sant-agusti-barcelona-sindicatura-greuges\\\/#primaryimage\"},\"image\":{\"@id\":\"https:\\\/\\\/www.sindicaturabarcelona.cat\\\/ca\\\/ajornament-desnonament-sant-agusti-barcelona-sindicatura-greuges\\\/#primaryimage\"},\"thumbnailUrl\":\"https:\\\/\\\/www.sindicaturabarcelona.cat\\\/wp-content\\\/uploads\\\/Sant-Agusti.png\",\"datePublished\":\"2026-04-10T11:16:22+00:00\",\"dateModified\":\"2026-04-10T11:16:37+00:00\",\"description\":\"L\u2019empresa ha sol\u00b7licitat\u00a0a la just\u00edcia\u00a0una morat\u00f2ria de tres mesos amb la voluntat de trobar una soluci\u00f3\",\"breadcrumb\":{\"@id\":\"https:\\\/\\\/www.sindicaturabarcelona.cat\\\/ca\\\/ajornament-desnonament-sant-agusti-barcelona-sindicatura-greuges\\\/#breadcrumb\"},\"inLanguage\":\"ca\",\"potentialAction\":[{\"@type\":\"ReadAction\",\"target\":[\"https:\\\/\\\/www.sindicaturabarcelona.cat\\\/ca\\\/ajornament-desnonament-sant-agusti-barcelona-sindicatura-greuges\\\/\"]}]},{\"@type\":\"ImageObject\",\"inLanguage\":\"ca\",\"@id\":\"https:\\\/\\\/www.sindicaturabarcelona.cat\\\/ca\\\/ajornament-desnonament-sant-agusti-barcelona-sindicatura-greuges\\\/#primaryimage\",\"url\":\"https:\\\/\\\/www.sindicaturabarcelona.cat\\\/wp-content\\\/uploads\\\/Sant-Agusti.png\",\"contentUrl\":\"https:\\\/\\\/www.sindicaturabarcelona.cat\\\/wp-content\\\/uploads\\\/Sant-Agusti.png\",\"width\":1799,\"height\":1096},{\"@type\":\"BreadcrumbList\",\"@id\":\"https:\\\/\\\/www.sindicaturabarcelona.cat\\\/ca\\\/ajornament-desnonament-sant-agusti-barcelona-sindicatura-greuges\\\/#breadcrumb\",\"itemListElement\":[{\"@type\":\"ListItem\",\"position\":1,\"name\":\"Inici\",\"item\":\"https:\\\/\\\/www.sindicaturabarcelona.cat\\\/ca\\\/\"},{\"@type\":\"ListItem\",\"position\":2,\"name\":\"La mediaci\u00f3 de la Sindicatura\u00a0fa que la propietat demani\u00a0l\u2019ajornament del llan\u00e7ament de Sant Agust\u00ed\u00a0\"}]},{\"@type\":\"WebSite\",\"@id\":\"https:\\\/\\\/www.sindicaturabarcelona.cat\\\/ca\\\/#website\",\"url\":\"https:\\\/\\\/www.sindicaturabarcelona.cat\\\/ca\\\/\",\"name\":\"Sindicatura de Greuges de Barcelona\",\"description\":\"La defensoria dels teus drets\",\"publisher\":{\"@id\":\"https:\\\/\\\/www.sindicaturabarcelona.cat\\\/ca\\\/#organization\"},\"potentialAction\":[{\"@type\":\"SearchAction\",\"target\":{\"@type\":\"EntryPoint\",\"urlTemplate\":\"https:\\\/\\\/www.sindicaturabarcelona.cat\\\/ca\\\/?s={search_term_string}\"},\"query-input\":{\"@type\":\"PropertyValueSpecification\",\"valueRequired\":true,\"valueName\":\"search_term_string\"}}],\"inLanguage\":\"ca\"},{\"@type\":\"Organization\",\"@id\":\"https:\\\/\\\/www.sindicaturabarcelona.cat\\\/ca\\\/#organization\",\"name\":\"Sindicatura de Greuges de Barcelona\",\"url\":\"https:\\\/\\\/www.sindicaturabarcelona.cat\\\/ca\\\/\",\"logo\":{\"@type\":\"ImageObject\",\"inLanguage\":\"ca\",\"@id\":\"https:\\\/\\\/www.sindicaturabarcelona.cat\\\/ca\\\/#\\\/schema\\\/logo\\\/image\\\/\",\"url\":\"https:\\\/\\\/www.sindicaturabarcelona.cat\\\/wp-content\\\/uploads\\\/2023\\\/02\\\/logo_sindicatura.svg\",\"contentUrl\":\"https:\\\/\\\/www.sindicaturabarcelona.cat\\\/wp-content\\\/uploads\\\/2023\\\/02\\\/logo_sindicatura.svg\",\"caption\":\"Sindicatura de Greuges de Barcelona\"},\"image\":{\"@id\":\"https:\\\/\\\/www.sindicaturabarcelona.cat\\\/ca\\\/#\\\/schema\\\/logo\\\/image\\\/\"},\"sameAs\":[\"https:\\\/\\\/x.com\\\/sindicbarcelona\",\"https:\\\/\\\/www.instagram.com\\\/sindicbarcelona\\\/\",\"https:\\\/\\\/www.tiktok.com\\\/@sindicaturabcn\",\"https:\\\/\\\/t.me\\\/sindicaturabarcelona\"]},{\"@type\":\"Person\",\"@id\":\"https:\\\/\\\/www.sindicaturabarcelona.cat\\\/ca\\\/#\\\/schema\\\/person\\\/0690b05fdcbf9e43b34103e845240789\",\"name\":\"Carme Rocamora\",\"image\":{\"@type\":\"ImageObject\",\"inLanguage\":\"ca\",\"@id\":\"https:\\\/\\\/secure.gravatar.com\\\/avatar\\\/7d5e980ef632f555fa40f97d06e5c8ec4ec568974a95778749d6a6279aa1faef?s=96&d=mm&r=g\",\"url\":\"https:\\\/\\\/secure.gravatar.com\\\/avatar\\\/7d5e980ef632f555fa40f97d06e5c8ec4ec568974a95778749d6a6279aa1faef?s=96&d=mm&r=g\",\"contentUrl\":\"https:\\\/\\\/secure.gravatar.com\\\/avatar\\\/7d5e980ef632f555fa40f97d06e5c8ec4ec568974a95778749d6a6279aa1faef?s=96&d=mm&r=g\",\"caption\":\"Carme Rocamora\"},\"url\":\"https:\\\/\\\/www.sindicaturabarcelona.cat\\\/ca\\\/author\\\/crocamora\\\/\"}]}<\/script>\n<!-- \/ Yoast SEO plugin. -->","yoast_head_json":{"title":"La mediaci\u00f3 de la Sindicatura\u00a0fa que la propietat demani\u00a0l\u2019ajornament del llan\u00e7ament de Sant Agust\u00ed\u00a0 - Sindicatura de Greuges de Barcelona","description":"L\u2019empresa ha sol\u00b7licitat\u00a0a la just\u00edcia\u00a0una morat\u00f2ria de tres mesos amb la voluntat de trobar una soluci\u00f3","robots":{"index":"index","follow":"follow","max-snippet":"max-snippet:-1","max-image-preview":"max-image-preview:large","max-video-preview":"max-video-preview:-1"},"canonical":"https:\/\/www.sindicaturabarcelona.cat\/ca\/ajornament-desnonament-sant-agusti-barcelona-sindicatura-greuges\/","og_locale":"ca_ES","og_type":"article","og_title":"La mediaci\u00f3 de la Sindicatura\u00a0fa que la propietat demani\u00a0l\u2019ajornament del llan\u00e7ament de Sant Agust\u00ed\u00a0 - Sindicatura de Greuges de Barcelona","og_description":"L\u2019empresa ha sol\u00b7licitat\u00a0a la just\u00edcia\u00a0una morat\u00f2ria de tres mesos amb la voluntat de trobar una soluci\u00f3","og_url":"https:\/\/www.sindicaturabarcelona.cat\/ca\/ajornament-desnonament-sant-agusti-barcelona-sindicatura-greuges\/","og_site_name":"Sindicatura de Greuges de Barcelona","article_published_time":"2026-04-10T11:16:22+00:00","article_modified_time":"2026-04-10T11:16:37+00:00","og_image":[{"width":1200,"height":731,"url":"https:\/\/www.sindicaturabarcelona.cat\/wp-content\/uploads\/Sant-Agusti-1200x731.png","type":"image\/png"}],"author":"Carme Rocamora","twitter_card":"summary_large_image","twitter_creator":"@sindicbarcelona","twitter_site":"@sindicbarcelona","twitter_misc":{"Escrit per":"Carme Rocamora","Temps estimat de lectura":"1 minut"},"schema":{"@context":"https:\/\/schema.org","@graph":[{"@type":"Article","@id":"https:\/\/www.sindicaturabarcelona.cat\/ca\/ajornament-desnonament-sant-agusti-barcelona-sindicatura-greuges\/#article","isPartOf":{"@id":"https:\/\/www.sindicaturabarcelona.cat\/ca\/ajornament-desnonament-sant-agusti-barcelona-sindicatura-greuges\/"},"author":{"name":"Carme Rocamora","@id":"https:\/\/www.sindicaturabarcelona.cat\/ca\/#\/schema\/person\/0690b05fdcbf9e43b34103e845240789"},"headline":"La mediaci\u00f3 de la Sindicatura\u00a0fa que la propietat demani\u00a0l\u2019ajornament del llan\u00e7ament de Sant Agust\u00ed\u00a0","datePublished":"2026-04-10T11:16:22+00:00","dateModified":"2026-04-10T11:16:37+00:00","mainEntityOfPage":{"@id":"https:\/\/www.sindicaturabarcelona.cat\/ca\/ajornament-desnonament-sant-agusti-barcelona-sindicatura-greuges\/"},"wordCount":169,"publisher":{"@id":"https:\/\/www.sindicaturabarcelona.cat\/ca\/#organization"},"image":{"@id":"https:\/\/www.sindicaturabarcelona.cat\/ca\/ajornament-desnonament-sant-agusti-barcelona-sindicatura-greuges\/#primaryimage"},"thumbnailUrl":"https:\/\/www.sindicaturabarcelona.cat\/wp-content\/uploads\/Sant-Agusti.png","keywords":["Bloc Sant Agust\u00ed","david bondia","Mediaci\u00f3","Sindicatura de Greuges de Barcelona"],"inLanguage":"ca"},{"@type":"WebPage","@id":"https:\/\/www.sindicaturabarcelona.cat\/ca\/ajornament-desnonament-sant-agusti-barcelona-sindicatura-greuges\/","url":"https:\/\/www.sindicaturabarcelona.cat\/ca\/ajornament-desnonament-sant-agusti-barcelona-sindicatura-greuges\/","name":"La mediaci\u00f3 de la Sindicatura\u00a0fa que la propietat demani\u00a0l\u2019ajornament del llan\u00e7ament de Sant Agust\u00ed\u00a0 - Sindicatura de Greuges de Barcelona","isPartOf":{"@id":"https:\/\/www.sindicaturabarcelona.cat\/ca\/#website"},"primaryImageOfPage":{"@id":"https:\/\/www.sindicaturabarcelona.cat\/ca\/ajornament-desnonament-sant-agusti-barcelona-sindicatura-greuges\/#primaryimage"},"image":{"@id":"https:\/\/www.sindicaturabarcelona.cat\/ca\/ajornament-desnonament-sant-agusti-barcelona-sindicatura-greuges\/#primaryimage"},"thumbnailUrl":"https:\/\/www.sindicaturabarcelona.cat\/wp-content\/uploads\/Sant-Agusti.png","datePublished":"2026-04-10T11:16:22+00:00","dateModified":"2026-04-10T11:16:37+00:00","description":"L\u2019empresa ha sol\u00b7licitat\u00a0a la just\u00edcia\u00a0una morat\u00f2ria de tres mesos amb la voluntat de trobar una soluci\u00f3","breadcrumb":{"@id":"https:\/\/www.sindicaturabarcelona.cat\/ca\/ajornament-desnonament-sant-agusti-barcelona-sindicatura-greuges\/#breadcrumb"},"inLanguage":"ca","potentialAction":[{"@type":"ReadAction","target":["https:\/\/www.sindicaturabarcelona.cat\/ca\/ajornament-desnonament-sant-agusti-barcelona-sindicatura-greuges\/"]}]},{"@type":"ImageObject","inLanguage":"ca","@id":"https:\/\/www.sindicaturabarcelona.cat\/ca\/ajornament-desnonament-sant-agusti-barcelona-sindicatura-greuges\/#primaryimage","url":"https:\/\/www.sindicaturabarcelona.cat\/wp-content\/uploads\/Sant-Agusti.png","contentUrl":"https:\/\/www.sindicaturabarcelona.cat\/wp-content\/uploads\/Sant-Agusti.png","width":1799,"height":1096},{"@type":"BreadcrumbList","@id":"https:\/\/www.sindicaturabarcelona.cat\/ca\/ajornament-desnonament-sant-agusti-barcelona-sindicatura-greuges\/#breadcrumb","itemListElement":[{"@type":"ListItem","position":1,"name":"Inici","item":"https:\/\/www.sindicaturabarcelona.cat\/ca\/"},{"@type":"ListItem","position":2,"name":"La mediaci\u00f3 de la Sindicatura\u00a0fa que la propietat demani\u00a0l\u2019ajornament del llan\u00e7ament de Sant Agust\u00ed\u00a0"}]},{"@type":"WebSite","@id":"https:\/\/www.sindicaturabarcelona.cat\/ca\/#website","url":"https:\/\/www.sindicaturabarcelona.cat\/ca\/","name":"Sindicatura de Greuges de Barcelona","description":"La defensoria dels teus drets","publisher":{"@id":"https:\/\/www.sindicaturabarcelona.cat\/ca\/#organization"},"potentialAction":[{"@type":"SearchAction","target":{"@type":"EntryPoint","urlTemplate":"https:\/\/www.sindicaturabarcelona.cat\/ca\/?s={search_term_string}"},"query-input":{"@type":"PropertyValueSpecification","valueRequired":true,"valueName":"search_term_string"}}],"inLanguage":"ca"},{"@type":"Organization","@id":"https:\/\/www.sindicaturabarcelona.cat\/ca\/#organization","name":"Sindicatura de Greuges de Barcelona","url":"https:\/\/www.sindicaturabarcelona.cat\/ca\/","logo":{"@type":"ImageObject","inLanguage":"ca","@id":"https:\/\/www.sindicaturabarcelona.cat\/ca\/#\/schema\/logo\/image\/","url":"https:\/\/www.sindicaturabarcelona.cat\/wp-content\/uploads\/2023\/02\/logo_sindicatura.svg","contentUrl":"https:\/\/www.sindicaturabarcelona.cat\/wp-content\/uploads\/2023\/02\/logo_sindicatura.svg","caption":"Sindicatura de Greuges de Barcelona"},"image":{"@id":"https:\/\/www.sindicaturabarcelona.cat\/ca\/#\/schema\/logo\/image\/"},"sameAs":["https:\/\/x.com\/sindicbarcelona","https:\/\/www.instagram.com\/sindicbarcelona\/","https:\/\/www.tiktok.com\/@sindicaturabcn","https:\/\/t.me\/sindicaturabarcelona"]},{"@type":"Person","@id":"https:\/\/www.sindicaturabarcelona.cat\/ca\/#\/schema\/person\/0690b05fdcbf9e43b34103e845240789","name":"Carme Rocamora","image":{"@type":"ImageObject","inLanguage":"ca","@id":"https:\/\/secure.gravatar.com\/avatar\/7d5e980ef632f555fa40f97d06e5c8ec4ec568974a95778749d6a6279aa1faef?s=96&d=mm&r=g","url":"https:\/\/secure.gravatar.com\/avatar\/7d5e980ef632f555fa40f97d06e5c8ec4ec568974a95778749d6a6279aa1faef?s=96&d=mm&r=g","contentUrl":"https:\/\/secure.gravatar.com\/avatar\/7d5e980ef632f555fa40f97d06e5c8ec4ec568974a95778749d6a6279aa1faef?s=96&d=mm&r=g","caption":"Carme Rocamora"},"url":"https:\/\/www.sindicaturabarcelona.cat\/ca\/author\/crocamora\/"}]}},"_links":{"self":[{"href":"https:\/\/www.sindicaturabarcelona.cat\/ca\/wp-json\/wp\/v2\/posts\/42238","targetHints":{"allow":["GET"]}}],"collection":[{"href":"https:\/\/www.sindicaturabarcelona.cat\/ca\/wp-json\/wp\/v2\/posts"}],"about":[{"href":"https:\/\/www.sindicaturabarcelona.cat\/ca\/wp-json\/wp\/v2\/types\/post"}],"author":[{"embeddable":true,"href":"https:\/\/www.sindicaturabarcelona.cat\/ca\/wp-json\/wp\/v2\/users\/7"}],"replies":[{"embeddable":true,"href":"https:\/\/www.sindicaturabarcelona.cat\/ca\/wp-json\/wp\/v2\/comments?post=42238"}],"version-history":[{"count":3,"href":"https:\/\/www.sindicaturabarcelona.cat\/ca\/wp-json\/wp\/v2\/posts\/42238\/revisions"}],"predecessor-version":[{"id":42262,"href":"https:\/\/www.sindicaturabarcelona.cat\/ca\/wp-json\/wp\/v2\/posts\/42238\/revisions\/42262"}],"wp:featuredmedia":[{"embeddable":true,"href":"https:\/\/www.sindicaturabarcelona.cat\/ca\/wp-json\/wp\/v2\/media\/42239"}],"wp:attachment":[{"href":"https:\/\/www.sindicaturabarcelona.cat\/ca\/wp-json\/wp\/v2\/media?parent=42238"}],"wp:term":[{"taxonomy":"post_tag","embeddable":true,"href":"https:\/\/www.sindicaturabarcelona.cat\/ca\/wp-json\/wp\/v2\/tags?post=42238"},{"taxonomy":"drets","embeddable":true,"href":"https:\/\/www.sindicaturabarcelona.cat\/ca\/wp-json\/wp\/v2\/drets?post=42238"}],"curies":[{"name":"wp","href":"https:\/\/api.w.org\/{rel}","templated":true}]}}